{"id":1700141,"date":"2022-12-13T12:12:46","date_gmt":"2022-12-13T12:12:46","guid":{"rendered":"https:\/\/www.pressenza.com\/?p=1700141"},"modified":"2022-12-13T12:38:25","modified_gmt":"2022-12-13T12:38:25","slug":"popoli-e-comunita-in-movimento-abya-yala-decolonialita-e-buon-vivere","status":"publish","type":"post","link":"https:\/\/www.pressenza.com\/it\/2022\/12\/popoli-e-comunita-in-movimento-abya-yala-decolonialita-e-buon-vivere\/","title":{"rendered":"Popoli e comunit\u00e0 in movimento.  Abya Yala, decolonialit\u00e0 e buon vivere"},"content":{"rendered":"<p class=\"western\" lang=\"es-NI\" align=\"justify\"><span lang=\"it-IT\">Lo scorso novembre, promosso dal <\/span><span style=\"color: #0563c1;\"><u><a href=\"https:\/\/www.facebook.com\/ComitedeDesarrolloCampesino\/\"><span lang=\"it-IT\">Comitato per lo sviluppo contadino<\/span><\/a><\/u><\/span><span lang=\"it-IT\">, Codeca, si \u00e8 realizzato in Guatemala il secondo incontro dell\u2019Abya Yala Sovrana \u201cPopoli e comunit\u00e0 in movimento, sfide della decolonialit\u00e0 per il buon vivere\u201d. L\u2019attivit\u00e0, a cui hanno partecipato popoli e comunit\u00e0 di almeno 16 paesi dell\u2019America Latina, \u00e8 stata preceduta dall\u2019incontro internazionale di giornalisti e comunicatori sociali \u201cVerso una comunicazione interculturale e decoloniale\u201d.<\/span><\/p>\n<p class=\"western\" lang=\"es-NI\" align=\"justify\">\u201c<span lang=\"it-IT\">Durante il primo incontro, che si \u00e8 svolto lo scorso anno sempre in Guatemala cercando di discutere e approfondire tematiche, categorie e orizzonti teorici che ci accomunano come la decolonialit\u00e0, la madre terra, la plurinazionalit\u00e0, la lotta territoriale e l\u2019antimperialismo, si \u00e8 deciso di realizzare un secondo incontro.<\/span><\/p>\n<p class=\"western\" lang=\"es-NI\" align=\"justify\"><span lang=\"it-IT\">Quest\u2019anno, infatti, l\u2019obiettivo \u00e8 stato quello non solo di andare avanti con la riflessione sulla decolonialit\u00e0 e il buon vivere, ma anche di iniziare a condividere informazioni e capacit\u00e0, coordinando azioni a livello del continente\u201d, spiega Ollantay Itzamn\u00e1, antropologo e attivista per i diritti umani.<\/span><\/p>\n<p class=\"western\" align=\"justify\"><strong><span style=\"font-size: large;\">Rompere l\u2019accerchiamento mediatico<\/span><\/strong><\/p>\n<p class=\"western\" lang=\"es-NI\" align=\"justify\"><span lang=\"it-IT\">Come rompere l\u2019accerchiamento del mainstream e dei media egemonici \u00e8 stato il principale obiettivo dell\u2019incontro tra \u201cmedia alternativi\u201d che si \u00e8 svolto nell\u2019ambito del secondo incontro dell\u2019<\/span><span style=\"color: #0563c1;\"><u><a href=\"https:\/\/abyayalasoberana.org\/\"><span lang=\"it-IT\">Abya Yala Sovrana<\/span><\/a><\/u><\/span><span lang=\"it-IT\">.<\/span><\/p>\n<p class=\"western\" lang=\"es-NI\" align=\"justify\">\u201c<span lang=\"it-IT\">\u00c8 stata una giornata importantissima, alla fine della quale si \u00e8 creata una rete di comunicatori non solo per dare copertura all\u2019evento, ma anche per accompagnare le lotte delle popolazioni nei territori.<\/span><\/p>\n<p class=\"western\" lang=\"es-NI\" align=\"justify\"><span lang=\"it-IT\">\u00c8 stata quindi creata una commissione di comunicazione e una specie di consiglio editoriale \u2013 continua Itzamn\u00e1 \u2013 che si incaricher\u00e0 di alimentare gli strumenti informativi di cui gi\u00e0 dispone Abya Yala Sovrana, con tutte le informazioni che arriveranno dai vari media alternativi che integrano questo nuovo spazio\u201d.<\/span><\/p>\n<p class=\"western\" lang=\"es-NI\" align=\"justify\"><span lang=\"it-IT\">Al termine delle tre giornate di lavoro, a cui hanno partecipato pi\u00f9 di duecento persone in rappresentanza di varie decine di organizzazioni di tutto il continente, si \u00e8 data lettura a una <\/span><span style=\"color: #0563c1;\"><u><a href=\"https:\/\/abyayalasoberana.org\/movilizacion\/declaracion-del-ii-encuentro-de-abya-yala-soberana\/\"><span lang=\"it-IT\">dichiarazione finale<\/span><\/a><\/u><\/span><span lang=\"it-IT\"> dell\u2019evento.<\/span><\/p>\n<p class=\"western\" lang=\"es-NI\" align=\"justify\">\u201c<span lang=\"it-IT\">Il colonialismo provoca la spoliazione violenta dei nostri territori e beni comuni e la colonialit\u00e0 \u00e8 una forma di dominazione politica, economica, culturale, spirituale e sociale, oltrech\u00e9 di genere. Entrambe sono ancora vive nei vari paesi del continente dell\u2019Abya Yala\u201d, spiega il comunicato.<\/span><\/p>\n<p class=\"western\" lang=\"es-NI\" align=\"justify\">\u201c<span lang=\"it-IT\">I vari processi di liberazione che abbiamo iniziato come popoli e nazioni sono sistematicamente oggetti di violenza (\u2026) Durante le ultime decadi, le lotte di resistenza dei popoli e delle comunit\u00e0 sono state represse in un contesto di egemonia neoliberista\u201d, continua.<\/span><\/p>\n<p class=\"western\" align=\"justify\"><strong><span style=\"font-size: large;\">Violenza e repressione<\/span><\/strong><\/p>\n<p class=\"western\" lang=\"es-NI\" align=\"justify\"><span lang=\"it-IT\">Proprio nei giorni successivi al secondo incontro, in Guatemala le forze repressive dello Stato hanno attaccato la comunit\u00e0 q\u2019eqch\u00ed \u201cChap\u00edn Bajo\u201d, nella zona di El Estor, per sgomberare pi\u00f9 di 150 famiglie che hanno recuperato terre all\u2019espansione illegale di progetti minerari.<\/span><\/p>\n<p class=\"western\" lang=\"es-NI\" align=\"justify\"><span lang=\"it-IT\">Quasi contemporaneamente \u00e8 stato assassinato Tereso C\u00e1rcamo Flores, difensore comunitario dei diritti umani del villaggio El Volc\u00e1n, La Paz, e membro di Codeca. Sale ad almeno 23 il numero di membri di questa organizzazione che hanno subito attacchi mortali negli ultimi quattro anni.<\/span><\/p>\n<p class=\"western\" lang=\"es-NI\" align=\"justify\"><span lang=\"it-IT\">Intanto, in Per\u00f9 le proteste contro il \u201cgolpe parlamentare\u201d che ha portato all\u2019arresto del presidente Pedro Castillo sono state represse nel sangue e sono gi\u00e0 almeno sette le vittime mortali e venti i feriti.<\/span><\/p>\n<p class=\"western\" lang=\"es-NI\" align=\"justify\"><span lang=\"it-IT\">Le organizzazioni presenti al secondo incontro dell\u2019Abya Yala hanno ratificato la loro volont\u00e0 politica di rafforzare questo spazio di \u201carticolazione anticolonialista e decoloniale, anti patriarcale, anti neoliberista, anticapitalista, in difesa della nostra casa comune che \u00e8 la Madre Terra\u201d.<\/span><\/p>\n<p class=\"western\" lang=\"es-NI\" align=\"justify\"><span lang=\"it-IT\">La plurinazionalit\u00e0 \u00e8 la vera scommessa politica dell\u2019Abya Yala Sovrana, che punta a costruire nuovi Stati plurinazionali, nuove leggi, istituzioni e progetti di vita che \u201cpermettano la convivenza equilibrata tra tutti gli esseri che abitano il pianeta\u201d.<\/span><\/p>\n<p class=\"western\" lang=\"es-NI\" align=\"justify\"><span lang=\"it-IT\">Per farlo \u2013 continua il documento di sintesi dell\u2019incontro \u2013 \u00e8 necessario rafforzare in modo sistematico e costante i processi formativi, organizzativi, di comunicazione interculturale e di articolazione.<\/span><\/p>\n<p class=\"western\" lang=\"es-NI\" align=\"justify\"><span lang=\"it-IT\">Cambiamenti strutturali \u2013 assicurano \u2013 che passano necessariamente dalla costruzione collettiva di strumenti politici per accedere a spazi di decisione attraverso le urne e le piazze. Ci\u00f2 diventa ancor pi\u00f9 necessario per poter realizzare processi costituenti originari, popolari e plurinazionali.<\/span><\/p>\n<p class=\"western\" lang=\"es-NI\" align=\"justify\">\u201c<span lang=\"it-IT\">Ci impegniamo a sviluppare azioni di solidariet\u00e0 con tutti i popoli in lotta in difesa della Madre Terra, la vita, i territori, i diritti collettivi e individuali\u201d, conclude la dichiarazione finale del secondo incontro dell\u2019Abya Yala Sovrana.<\/span><\/p>\n<p class=\"western\" lang=\"es-NI\" align=\"justify\">\u201c<span lang=\"it-IT\">Per me le parole chiavi di questo secondo incontro sono state articolazione, plurinazionalit\u00e0 ed esercizio del potere a partire dai territori. Senza articolazione tra popoli e movimenti dei vari paesi dell\u2019Abya Yala non c\u2019\u00e8 possibilit\u00e0 di difesa dagli attacchi sistematici dei gruppi di potere.<\/span><\/p>\n<p class=\"western\" lang=\"es-NI\" align=\"justify\"><span lang=\"it-IT\">Allo stesso modo \u2013 continua Itzamn\u00e1 \u2013 non vogliamo ripetere la storia in cui i processi storici tendono a uniformare o imporre una sola identit\u00e0 o un solo modo di vedere le cose. Vogliamo che l\u2019Abya Yala sia come un giardino in cui tutti i fiori possano sbocciare, mostrare la propria bellezza e che la diversit\u00e0 sia il vero motore\u201d. <\/span><\/p>\n<p class=\"western\" lang=\"es-NI\" align=\"justify\"><span lang=\"it-IT\">Per il sociologo ed attivista, gli stati-nazione hanno cercato di annullare queste diversit\u00e0, convertendo i popoli in singole nazionalit\u00e0. Si devono quindi costruire orizzonti politici come pluralit\u00e0.<\/span><\/p>\n<p class=\"western\" lang=\"es-NI\" align=\"justify\"><span lang=\"it-IT\">Il tema del potere e della sovranit\u00e0 plurale, infine, \u00e8 quanto mai necessario proprio perch\u00e9 alle \u00e9lites politiche non importa il territorio in cui operano, ma solamente i benefici personali che possono ottenere dal suo sfruttamento.<\/span><\/p>\n<p class=\"western\" lang=\"es-NI\" align=\"justify\">\u201c<span lang=\"it-IT\">Dobbiamo quindi arrivare a esercitare il potere dal basso, coscienti di cosa \u00e8 necessario per i territori, i beni comuni e i loro abitanti\u201d, spiega Itzamn\u00e1.<\/span><\/p>\n<p class=\"western\" lang=\"es-NI\" align=\"justify\">\u201c<span lang=\"it-IT\">La proposta di un\u2019assemblea costituente che sia popolare, originaria e plurinazionale \u00e8 stata fatta propria non solo da Codeca in Guatemala, ma da molte altre organizzazioni di vari paesi dell\u2019Abya Yala.<\/span><\/p>\n<p class=\"western\" lang=\"es-NI\" align=\"justify\"><span lang=\"it-IT\">I popoli oramai si sono resi conto che sono necessari cambiamenti che non siano solo di facciata, ma profondi e strutturali\u201d.<\/span><\/p>\n","protected":false},"excerpt":{"rendered":"<p>Lo scorso novembre, promosso dal Comitato per lo sviluppo contadino, Codeca, si \u00e8 realizzato in Guatemala il secondo incontro dell\u2019Abya Yala Sovrana \u201cPopoli e comunit\u00e0 in movimento, sfide della decolonialit\u00e0 per il buon vivere\u201d. L\u2019attivit\u00e0, a cui hanno partecipato popoli&hellip;<\/p>\n","protected":false},"author":1800,"featured_media":1700144,"comment_status":"closed","ping_status":"closed","sticky":false,"template":"","format":"standard","meta":{"footnotes":""},"categories":[50,11388,61],"tags":[96793,3217],"class_list":["post-1700141","post","type-post","status-publish","format-standard","has-post-thumbnail","hentry","category-centro-america","category-contenuti-originali","category-popoli-aborigeni","tag-abya-yala-it","tag-guatemala-it"],"yoast_head":"<!-- This site is optimized with the Yoast SEO plugin v27.1.1 - https:\/\/yoast.com\/product\/yoast-seo-wordpress\/ -->\n<title>Popoli e comunit\u00e0 in movimento. Abya Yala, decolonialit\u00e0 e buon vivere<\/title>\n<meta name=\"description\" content=\"Lo scorso novembre, promosso dal Comitato per lo sviluppo contadino, Codeca, si \u00e8 realizzato in Guatemala il secondo incontro dell\u2019Abya Yala Sovrana\" \/>\n<meta name=\"robots\" content=\"index, follow, max-snippet:-1, max-image-preview:large, max-video-preview:-1\" \/>\n<link rel=\"canonical\" href=\"https:\/\/www.pressenza.com\/it\/2022\/12\/popoli-e-comunita-in-movimento-abya-yala-decolonialita-e-buon-vivere\/\" \/>\n<meta property=\"og:locale\" content=\"it_IT\" \/>\n<meta property=\"og:type\" content=\"article\" \/>\n<meta property=\"og:title\" content=\"Popoli e comunit\u00e0 in movimento. Abya Yala, decolonialit\u00e0 e buon vivere\" \/>\n<meta property=\"og:description\" content=\"Lo scorso novembre, promosso dal Comitato per lo sviluppo contadino, Codeca, si \u00e8 realizzato in Guatemala il secondo incontro dell\u2019Abya Yala Sovrana\" \/>\n<meta property=\"og:url\" content=\"https:\/\/www.pressenza.com\/it\/2022\/12\/popoli-e-comunita-in-movimento-abya-yala-decolonialita-e-buon-vivere\/\" \/>\n<meta property=\"og:site_name\" content=\"Pressenza\" \/>\n<meta property=\"article:publisher\" content=\"https:\/\/www.facebook.com\/PressenzaItalia\" \/>\n<meta property=\"article:published_time\" content=\"2022-12-13T12:12:46+00:00\" \/>\n<meta property=\"article:modified_time\" content=\"2022-12-13T12:38:25+00:00\" \/>\n<meta property=\"og:image\" content=\"https:\/\/www.pressenza.com\/wp-content\/uploads\/2022\/12\/pueblos-y-comunidader-Abya-Yala.png\" \/>\n\t<meta property=\"og:image:width\" content=\"1045\" \/>\n\t<meta property=\"og:image:height\" content=\"556\" \/>\n\t<meta property=\"og:image:type\" content=\"image\/png\" \/>\n<meta name=\"author\" content=\"Giorgio Trucchi\" \/>\n<meta name=\"twitter:card\" content=\"summary_large_image\" \/>\n<meta name=\"twitter:creator\" content=\"@PressenzaIPA\" \/>\n<meta name=\"twitter:site\" content=\"@PressenzaIPA\" \/>\n<meta name=\"twitter:label1\" content=\"Scritto da\" \/>\n\t<meta name=\"twitter:data1\" content=\"Giorgio Trucchi\" \/>\n\t<meta name=\"twitter:label2\" content=\"Tempo di lettura stimato\" \/>\n\t<meta name=\"twitter:data2\" content=\"5 minuti\" \/>\n<script type=\"application\/ld+json\" class=\"yoast-schema-graph\">{\"@context\":\"https:\/\/schema.org\",\"@graph\":[{\"@type\":\"Article\",\"@id\":\"https:\/\/www.pressenza.com\/it\/2022\/12\/popoli-e-comunita-in-movimento-abya-yala-decolonialita-e-buon-vivere\/#article\",\"isPartOf\":{\"@id\":\"https:\/\/www.pressenza.com\/it\/2022\/12\/popoli-e-comunita-in-movimento-abya-yala-decolonialita-e-buon-vivere\/\"},\"author\":{\"name\":\"Giorgio Trucchi\",\"@id\":\"https:\/\/www.pressenza.com\/it\/#\/schema\/person\/55ec2a8f1b3e718010691e4aba073020\"},\"headline\":\"Popoli e comunit\u00e0 in movimento. Abya Yala, decolonialit\u00e0 e buon vivere\",\"datePublished\":\"2022-12-13T12:12:46+00:00\",\"dateModified\":\"2022-12-13T12:38:25+00:00\",\"mainEntityOfPage\":{\"@id\":\"https:\/\/www.pressenza.com\/it\/2022\/12\/popoli-e-comunita-in-movimento-abya-yala-decolonialita-e-buon-vivere\/\"},\"wordCount\":944,\"publisher\":{\"@id\":\"https:\/\/www.pressenza.com\/it\/#organization\"},\"image\":{\"@id\":\"https:\/\/www.pressenza.com\/it\/2022\/12\/popoli-e-comunita-in-movimento-abya-yala-decolonialita-e-buon-vivere\/#primaryimage\"},\"thumbnailUrl\":\"https:\/\/www.pressenza.com\/wp-content\/uploads\/2022\/12\/pueblos-y-comunidader-Abya-Yala.png\",\"keywords\":[\"Abya Yala\",\"Guatemala\"],\"articleSection\":[\"America Centrale\",\"contenuti originali\",\"Popoli originari\"],\"inLanguage\":\"it-IT\"},{\"@type\":\"WebPage\",\"@id\":\"https:\/\/www.pressenza.com\/it\/2022\/12\/popoli-e-comunita-in-movimento-abya-yala-decolonialita-e-buon-vivere\/\",\"url\":\"https:\/\/www.pressenza.com\/it\/2022\/12\/popoli-e-comunita-in-movimento-abya-yala-decolonialita-e-buon-vivere\/\",\"name\":\"Popoli e comunit\u00e0 in movimento. Abya Yala, decolonialit\u00e0 e buon vivere\",\"isPartOf\":{\"@id\":\"https:\/\/www.pressenza.com\/it\/#website\"},\"primaryImageOfPage\":{\"@id\":\"https:\/\/www.pressenza.com\/it\/2022\/12\/popoli-e-comunita-in-movimento-abya-yala-decolonialita-e-buon-vivere\/#primaryimage\"},\"image\":{\"@id\":\"https:\/\/www.pressenza.com\/it\/2022\/12\/popoli-e-comunita-in-movimento-abya-yala-decolonialita-e-buon-vivere\/#primaryimage\"},\"thumbnailUrl\":\"https:\/\/www.pressenza.com\/wp-content\/uploads\/2022\/12\/pueblos-y-comunidader-Abya-Yala.png\",\"datePublished\":\"2022-12-13T12:12:46+00:00\",\"dateModified\":\"2022-12-13T12:38:25+00:00\",\"description\":\"Lo scorso novembre, promosso dal Comitato per lo sviluppo contadino, Codeca, si \u00e8 realizzato in Guatemala il secondo incontro dell\u2019Abya Yala Sovrana\",\"breadcrumb\":{\"@id\":\"https:\/\/www.pressenza.com\/it\/2022\/12\/popoli-e-comunita-in-movimento-abya-yala-decolonialita-e-buon-vivere\/#breadcrumb\"},\"inLanguage\":\"it-IT\",\"potentialAction\":[{\"@type\":\"ReadAction\",\"target\":[\"https:\/\/www.pressenza.com\/it\/2022\/12\/popoli-e-comunita-in-movimento-abya-yala-decolonialita-e-buon-vivere\/\"]}]},{\"@type\":\"ImageObject\",\"inLanguage\":\"it-IT\",\"@id\":\"https:\/\/www.pressenza.com\/it\/2022\/12\/popoli-e-comunita-in-movimento-abya-yala-decolonialita-e-buon-vivere\/#primaryimage\",\"url\":\"https:\/\/www.pressenza.com\/wp-content\/uploads\/2022\/12\/pueblos-y-comunidader-Abya-Yala.png\",\"contentUrl\":\"https:\/\/www.pressenza.com\/wp-content\/uploads\/2022\/12\/pueblos-y-comunidader-Abya-Yala.png\",\"width\":1045,\"height\":556},{\"@type\":\"BreadcrumbList\",\"@id\":\"https:\/\/www.pressenza.com\/it\/2022\/12\/popoli-e-comunita-in-movimento-abya-yala-decolonialita-e-buon-vivere\/#breadcrumb\",\"itemListElement\":[{\"@type\":\"ListItem\",\"position\":1,\"name\":\"Accueil\",\"item\":\"https:\/\/www.pressenza.com\/it\/\"},{\"@type\":\"ListItem\",\"position\":2,\"name\":\"Popoli e comunit\u00e0 in movimento. Abya Yala, decolonialit\u00e0 e buon vivere\"}]},{\"@type\":\"WebSite\",\"@id\":\"https:\/\/www.pressenza.com\/it\/#website\",\"url\":\"https:\/\/www.pressenza.com\/it\/\",\"name\":\"Pressenza\",\"description\":\"Agenzia di Stampa Internazionale\",\"publisher\":{\"@id\":\"https:\/\/www.pressenza.com\/it\/#organization\"},\"potentialAction\":[{\"@type\":\"SearchAction\",\"target\":{\"@type\":\"EntryPoint\",\"urlTemplate\":\"https:\/\/www.pressenza.com\/it\/?s={search_term_string}\"},\"query-input\":{\"@type\":\"PropertyValueSpecification\",\"valueRequired\":true,\"valueName\":\"search_term_string\"}}],\"inLanguage\":\"it-IT\"},{\"@type\":\"Organization\",\"@id\":\"https:\/\/www.pressenza.com\/it\/#organization\",\"name\":\"Pressenza\",\"url\":\"https:\/\/www.pressenza.com\/it\/\",\"logo\":{\"@type\":\"ImageObject\",\"inLanguage\":\"it-IT\",\"@id\":\"https:\/\/www.pressenza.com\/it\/#\/schema\/logo\/image\/\",\"url\":\"https:\/\/www.pressenza.com\/wp-content\/uploads\/2022\/10\/pressenza_logo_200x200.jpg\",\"contentUrl\":\"https:\/\/www.pressenza.com\/wp-content\/uploads\/2022\/10\/pressenza_logo_200x200.jpg\",\"width\":200,\"height\":200,\"caption\":\"Pressenza\"},\"image\":{\"@id\":\"https:\/\/www.pressenza.com\/it\/#\/schema\/logo\/image\/\"},\"sameAs\":[\"https:\/\/www.facebook.com\/PressenzaItalia\",\"https:\/\/x.com\/PressenzaIPA\"]},{\"@type\":\"Person\",\"@id\":\"https:\/\/www.pressenza.com\/it\/#\/schema\/person\/55ec2a8f1b3e718010691e4aba073020\",\"name\":\"Giorgio Trucchi\",\"url\":\"https:\/\/www.pressenza.com\/it\/author\/giorgio-trucchi\/\"}]}<\/script>\n<!-- \/ Yoast SEO plugin. -->","yoast_head_json":{"title":"Popoli e comunit\u00e0 in movimento. Abya Yala, decolonialit\u00e0 e buon vivere","description":"Lo scorso novembre, promosso dal Comitato per lo sviluppo contadino, Codeca, si \u00e8 realizzato in Guatemala il secondo incontro dell\u2019Abya Yala Sovrana","robots":{"index":"index","follow":"follow","max-snippet":"max-snippet:-1","max-image-preview":"max-image-preview:large","max-video-preview":"max-video-preview:-1"},"canonical":"https:\/\/www.pressenza.com\/it\/2022\/12\/popoli-e-comunita-in-movimento-abya-yala-decolonialita-e-buon-vivere\/","og_locale":"it_IT","og_type":"article","og_title":"Popoli e comunit\u00e0 in movimento. Abya Yala, decolonialit\u00e0 e buon vivere","og_description":"Lo scorso novembre, promosso dal Comitato per lo sviluppo contadino, Codeca, si \u00e8 realizzato in Guatemala il secondo incontro dell\u2019Abya Yala Sovrana","og_url":"https:\/\/www.pressenza.com\/it\/2022\/12\/popoli-e-comunita-in-movimento-abya-yala-decolonialita-e-buon-vivere\/","og_site_name":"Pressenza","article_publisher":"https:\/\/www.facebook.com\/PressenzaItalia","article_published_time":"2022-12-13T12:12:46+00:00","article_modified_time":"2022-12-13T12:38:25+00:00","og_image":[{"width":1045,"height":556,"url":"https:\/\/www.pressenza.com\/wp-content\/uploads\/2022\/12\/pueblos-y-comunidader-Abya-Yala.png","type":"image\/png"}],"author":"Giorgio Trucchi","twitter_card":"summary_large_image","twitter_creator":"@PressenzaIPA","twitter_site":"@PressenzaIPA","twitter_misc":{"Scritto da":"Giorgio Trucchi","Tempo di lettura stimato":"5 minuti"},"schema":{"@context":"https:\/\/schema.org","@graph":[{"@type":"Article","@id":"https:\/\/www.pressenza.com\/it\/2022\/12\/popoli-e-comunita-in-movimento-abya-yala-decolonialita-e-buon-vivere\/#article","isPartOf":{"@id":"https:\/\/www.pressenza.com\/it\/2022\/12\/popoli-e-comunita-in-movimento-abya-yala-decolonialita-e-buon-vivere\/"},"author":{"name":"Giorgio Trucchi","@id":"https:\/\/www.pressenza.com\/it\/#\/schema\/person\/55ec2a8f1b3e718010691e4aba073020"},"headline":"Popoli e comunit\u00e0 in movimento. Abya Yala, decolonialit\u00e0 e buon vivere","datePublished":"2022-12-13T12:12:46+00:00","dateModified":"2022-12-13T12:38:25+00:00","mainEntityOfPage":{"@id":"https:\/\/www.pressenza.com\/it\/2022\/12\/popoli-e-comunita-in-movimento-abya-yala-decolonialita-e-buon-vivere\/"},"wordCount":944,"publisher":{"@id":"https:\/\/www.pressenza.com\/it\/#organization"},"image":{"@id":"https:\/\/www.pressenza.com\/it\/2022\/12\/popoli-e-comunita-in-movimento-abya-yala-decolonialita-e-buon-vivere\/#primaryimage"},"thumbnailUrl":"https:\/\/www.pressenza.com\/wp-content\/uploads\/2022\/12\/pueblos-y-comunidader-Abya-Yala.png","keywords":["Abya Yala","Guatemala"],"articleSection":["America Centrale","contenuti originali","Popoli originari"],"inLanguage":"it-IT"},{"@type":"WebPage","@id":"https:\/\/www.pressenza.com\/it\/2022\/12\/popoli-e-comunita-in-movimento-abya-yala-decolonialita-e-buon-vivere\/","url":"https:\/\/www.pressenza.com\/it\/2022\/12\/popoli-e-comunita-in-movimento-abya-yala-decolonialita-e-buon-vivere\/","name":"Popoli e comunit\u00e0 in movimento. Abya Yala, decolonialit\u00e0 e buon vivere","isPartOf":{"@id":"https:\/\/www.pressenza.com\/it\/#website"},"primaryImageOfPage":{"@id":"https:\/\/www.pressenza.com\/it\/2022\/12\/popoli-e-comunita-in-movimento-abya-yala-decolonialita-e-buon-vivere\/#primaryimage"},"image":{"@id":"https:\/\/www.pressenza.com\/it\/2022\/12\/popoli-e-comunita-in-movimento-abya-yala-decolonialita-e-buon-vivere\/#primaryimage"},"thumbnailUrl":"https:\/\/www.pressenza.com\/wp-content\/uploads\/2022\/12\/pueblos-y-comunidader-Abya-Yala.png","datePublished":"2022-12-13T12:12:46+00:00","dateModified":"2022-12-13T12:38:25+00:00","description":"Lo scorso novembre, promosso dal Comitato per lo sviluppo contadino, Codeca, si \u00e8 realizzato in Guatemala il secondo incontro dell\u2019Abya Yala Sovrana","breadcrumb":{"@id":"https:\/\/www.pressenza.com\/it\/2022\/12\/popoli-e-comunita-in-movimento-abya-yala-decolonialita-e-buon-vivere\/#breadcrumb"},"inLanguage":"it-IT","potentialAction":[{"@type":"ReadAction","target":["https:\/\/www.pressenza.com\/it\/2022\/12\/popoli-e-comunita-in-movimento-abya-yala-decolonialita-e-buon-vivere\/"]}]},{"@type":"ImageObject","inLanguage":"it-IT","@id":"https:\/\/www.pressenza.com\/it\/2022\/12\/popoli-e-comunita-in-movimento-abya-yala-decolonialita-e-buon-vivere\/#primaryimage","url":"https:\/\/www.pressenza.com\/wp-content\/uploads\/2022\/12\/pueblos-y-comunidader-Abya-Yala.png","contentUrl":"https:\/\/www.pressenza.com\/wp-content\/uploads\/2022\/12\/pueblos-y-comunidader-Abya-Yala.png","width":1045,"height":556},{"@type":"BreadcrumbList","@id":"https:\/\/www.pressenza.com\/it\/2022\/12\/popoli-e-comunita-in-movimento-abya-yala-decolonialita-e-buon-vivere\/#breadcrumb","itemListElement":[{"@type":"ListItem","position":1,"name":"Accueil","item":"https:\/\/www.pressenza.com\/it\/"},{"@type":"ListItem","position":2,"name":"Popoli e comunit\u00e0 in movimento. Abya Yala, decolonialit\u00e0 e buon vivere"}]},{"@type":"WebSite","@id":"https:\/\/www.pressenza.com\/it\/#website","url":"https:\/\/www.pressenza.com\/it\/","name":"Pressenza","description":"Agenzia di Stampa Internazionale","publisher":{"@id":"https:\/\/www.pressenza.com\/it\/#organization"},"potentialAction":[{"@type":"SearchAction","target":{"@type":"EntryPoint","urlTemplate":"https:\/\/www.pressenza.com\/it\/?s={search_term_string}"},"query-input":{"@type":"PropertyValueSpecification","valueRequired":true,"valueName":"search_term_string"}}],"inLanguage":"it-IT"},{"@type":"Organization","@id":"https:\/\/www.pressenza.com\/it\/#organization","name":"Pressenza","url":"https:\/\/www.pressenza.com\/it\/","logo":{"@type":"ImageObject","inLanguage":"it-IT","@id":"https:\/\/www.pressenza.com\/it\/#\/schema\/logo\/image\/","url":"https:\/\/www.pressenza.com\/wp-content\/uploads\/2022\/10\/pressenza_logo_200x200.jpg","contentUrl":"https:\/\/www.pressenza.com\/wp-content\/uploads\/2022\/10\/pressenza_logo_200x200.jpg","width":200,"height":200,"caption":"Pressenza"},"image":{"@id":"https:\/\/www.pressenza.com\/it\/#\/schema\/logo\/image\/"},"sameAs":["https:\/\/www.facebook.com\/PressenzaItalia","https:\/\/x.com\/PressenzaIPA"]},{"@type":"Person","@id":"https:\/\/www.pressenza.com\/it\/#\/schema\/person\/55ec2a8f1b3e718010691e4aba073020","name":"Giorgio Trucchi","url":"https:\/\/www.pressenza.com\/it\/author\/giorgio-trucchi\/"}]}},"place":"Managua","original_article_url":"","_links":{"self":[{"href":"https:\/\/www.pressenza.com\/it\/wp-json\/wp\/v2\/posts\/1700141","targetHints":{"allow":["GET"]}}],"collection":[{"href":"https:\/\/www.pressenza.com\/it\/wp-json\/wp\/v2\/posts"}],"about":[{"href":"https:\/\/www.pressenza.com\/it\/wp-json\/wp\/v2\/types\/post"}],"author":[{"embeddable":true,"href":"https:\/\/www.pressenza.com\/it\/wp-json\/wp\/v2\/users\/1800"}],"replies":[{"embeddable":true,"href":"https:\/\/www.pressenza.com\/it\/wp-json\/wp\/v2\/comments?post=1700141"}],"version-history":[{"count":0,"href":"https:\/\/www.pressenza.com\/it\/wp-json\/wp\/v2\/posts\/1700141\/revisions"}],"wp:featuredmedia":[{"embeddable":true,"href":"https:\/\/www.pressenza.com\/it\/wp-json\/wp\/v2\/media\/1700144"}],"wp:attachment":[{"href":"https:\/\/www.pressenza.com\/it\/wp-json\/wp\/v2\/media?parent=1700141"}],"wp:term":[{"taxonomy":"category","embeddable":true,"href":"https:\/\/www.pressenza.com\/it\/wp-json\/wp\/v2\/categories?post=1700141"},{"taxonomy":"post_tag","embeddable":true,"href":"https:\/\/www.pressenza.com\/it\/wp-json\/wp\/v2\/tags?post=1700141"}],"curies":[{"name":"wp","href":"https:\/\/api.w.org\/{rel}","templated":true}]}}