{"id":1697122,"date":"2022-12-01T18:53:29","date_gmt":"2022-12-01T18:53:29","guid":{"rendered":"https:\/\/www.pressenza.com\/?p=1697122"},"modified":"2022-12-02T11:41:24","modified_gmt":"2022-12-02T11:41:24","slug":"voci-di-liberta-lobiezione-di-coscienza-in-italia","status":"publish","type":"post","link":"https:\/\/www.pressenza.com\/it\/2022\/12\/voci-di-liberta-lobiezione-di-coscienza-in-italia\/","title":{"rendered":"Voci di libert\u00e0. L&#8217;obiezione di coscienza in Italia"},"content":{"rendered":"<p style=\"text-align: center; color: red;\"><strong>Il reading \u00e8 rinviato a data da destinarsi (presumibilmente dopo le festivit\u00e0 natalizie) per motivi di salute di uno dei componenti del gruppo di lettura \u201cLeggistorie\u201d, nonch\u00e9 del regista<\/strong><strong>\u00a0<\/strong><\/p>\n<p>Sabato 3 dicembre 2022 alle ore 17,00 presso la sala Gabriella Poli del Centro Studi Sereno Regis, in via Garibaldi 13 a Torino a ingresso libero, si terr\u00e0 il reading<strong><em> Voci di libert\u00e0. L&#8217;obiezione di coscienza in Italia.<\/em><\/strong> Con la partecipazione del gruppo di lettura <strong><em>Leggistorie<\/em><\/strong>, composto da Walter Cassani, Mario Gallo, Marco Labbate e Sabrina Verderone.<\/p>\n<p>Nel 50\u00b0 anniversario della legge Marcora il Centro Studi Sereno Regis si propone di narrare, in un itinerario scandito da letture e immagini, alcuni dei momenti principali delle vicende dell\u2019obiezione di coscienza al servizio militare in Italia e dei testi, pi\u00f9 o meno noti, che li accompagnano. Il perimetro di questo racconto non sar\u00e0 limitato agli anni della repubblica ma torner\u00e0 indietro di alcuni decenni, per ricordare anche i pochissimi obiettori della Prima guerra mondiale e la stagione del fascismo che la segu\u00ec.<\/p>\n<p>\u00abIl 15 dicembre 1972 veniva promulgata la legge 772: \u201cNorme per il riconoscimento dell\u2019obiezione di coscienza\u201d. \u2013 dichiara Enzo Ferrara, presidente del Centro Studi \u2013 Si trattava dell\u2019esito di una lotta nonviolenta, durata venticinque anni, condotta da un gruppo di pacifisti che si erano passati il testimone con lo scopo di dare corpo alla possibilit\u00e0 di immaginare una difesa della patria con mezzi diversi dal servizio militare\u00bb.<\/p>\n<p>\u00abQuesta data e questa legge hanno certamente rappresentato un punto di arrivo nella storia italiana dell\u2019obiezione di coscienza, per la prima volta, infatti, ai ragazzi in servizio di leva veniva concessa l\u2019opzione di svolgere un servizio civile sostitutivo rispetto a quello militare. \u2013 precisa Massimiliano Fortuna, responsabile della biblioteca e dell\u2019archivio del Centro Studi \u2013 La legge, tuttavia, lasci\u00f2 anche un sentimento di insoddisfazione in molti di coloro che si erano battuti per la sua approvazione: questo impianto legislativo in effetti non riconosceva l\u2019obiezione come un diritto vero e proprio (accadr\u00e0 successivamente, nel 1998), bens\u00ec come un beneficio concesso dallo Stato. Era inoltre improntato a un carattere punitivo, visto che comportava un impegno superiore di otto mesi rispetto alla leva militare\u00bb.<\/p>\n<p>In ogni caso questa legge, che porta il nome di Giovanni Marcora, ha segnato uno spartiacque nella storia dell\u2019antimilitarismo nell\u2019Italia repubblicana e si deve considerare una tappa significativa nelle molteplici lotte che hanno portato all\u2019allargamento della sfera dei diritti civili e all\u2019emancipazione dell\u2019Italia dai retaggi culturali e normativi del fascismo.<\/p>\n<p>A partire dalla seconda met\u00e0 degli anni Quaranta questa storia \u00e8 scandita dai processi agli obiettori, alcuni sarebbero divenuti celebri, come quello di Pietro Pinna, primo obiettore a costituire, nel 1949, un vero e proprio caso mediatico, o quello di Giuseppe Gozzini, che nel 1962 sar\u00e0 invece il primo a motivare il suo rifiuto della divisa in ragione della propria appartenenza cattolica, o ancora, all\u2019inizio degli anni Settanta, quello di Roberto Cicciomessere, che tra il 1970 e il 1971 rivest\u00ec la carica di segretario del Partito Radicale.<\/p>\n<p>In questo racconto intessuto di processi e tribunali una parte da protagonisti \u00e8 comprensibilmente riservata agli avvocati, su tutti \u00e8 impossibile non citare Bruno Segre, avvocato per antonomasia degli obiettori di coscienza italiani a partire dalla difesa di Pietro Pinna, ma vanno ricordati, ad esempio, anche quanti, come Bianca Guidetti Serri, Maria Magnani Noya e alcuni altri, in anni successivi accettarono di difendere in modo gratuito obiettori e attivisti.<\/p>\n<p>Quella dell\u2019obiezione \u00e8 inoltre la storia di alcune grandi figure del pensiero, della politica e dell\u2019impegno sociale, appartenenti alle pi\u00f9 diverse matrici culturali, che hanno portato il proprio contributo di riflessione e azione a supporto delle idee e dell\u2019impegno degli obiettori, fra i tanti si possono ricordare: Aldo Capitini, Guido Ceronetti, Norberto Bobbio, Arturo Carlo Jemolo, Giorgio la Pira, Franco Antonicelli, Ernesto Balducci, Lorenzo Milani, Luigi Bettazzi, Marco Pannella.<\/p>\n<p>\u00c8 infine, come facilmente intuibile, una storia di attivisti e di militanti, di manifestazioni di piazza e di cortei, di movimenti e di gruppi di base che sul finire degli anni Sessanta risentono dei fermenti di protesta del periodo e cominciano a mobilitarsi con un crescente livello di partecipazione.<\/p>\n","protected":false},"excerpt":{"rendered":"<p>Il reading \u00e8 rinviato a data da destinarsi (presumibilmente dopo le festivit\u00e0 natalizie) per motivi di salute di uno dei componenti del gruppo di lettura \u201cLeggistorie\u201d, nonch\u00e9 del regista\u00a0 Sabato 3 dicembre 2022 alle ore 17,00 presso la sala Gabriella&hellip;<\/p>\n","protected":false},"author":766,"featured_media":1697133,"comment_status":"closed","ping_status":"closed","sticky":false,"template":"","format":"standard","meta":{"footnotes":""},"categories":[150,47,1262,1263],"tags":[1513],"class_list":["post-1697122","post","type-post","status-publish","format-standard","has-post-thumbnail","hentry","category-comunicati-stampa","category-europa","category-nonviolenza-argomento","category-pace-disarmo","tag-obiezione-di-coscienza"],"yoast_head":"<!-- This site is optimized with the Yoast SEO plugin v27.1.1 - https:\/\/yoast.com\/product\/yoast-seo-wordpress\/ -->\n<title>Voci di libert\u00e0. L&#039;obiezione di coscienza in Italia<\/title>\n<meta name=\"description\" content=\"Il reading \u00e8 rinviato a data da destinarsi (presumibilmente dopo le festivit\u00e0 natalizie) per motivi di salute di uno dei componenti del gruppo di lettura\" \/>\n<meta name=\"robots\" content=\"index, follow, max-snippet:-1, max-image-preview:large, max-video-preview:-1\" \/>\n<link rel=\"canonical\" href=\"https:\/\/www.pressenza.com\/it\/2022\/12\/voci-di-liberta-lobiezione-di-coscienza-in-italia\/\" \/>\n<meta property=\"og:locale\" content=\"it_IT\" \/>\n<meta property=\"og:type\" content=\"article\" \/>\n<meta property=\"og:title\" content=\"Voci di libert\u00e0. L&#039;obiezione di coscienza in Italia\" \/>\n<meta property=\"og:description\" content=\"Il reading \u00e8 rinviato a data da destinarsi (presumibilmente dopo le festivit\u00e0 natalizie) per motivi di salute di uno dei componenti del gruppo di lettura\" \/>\n<meta property=\"og:url\" content=\"https:\/\/www.pressenza.com\/it\/2022\/12\/voci-di-liberta-lobiezione-di-coscienza-in-italia\/\" \/>\n<meta property=\"og:site_name\" content=\"Pressenza\" \/>\n<meta property=\"article:publisher\" content=\"https:\/\/www.facebook.com\/PressenzaItalia\" \/>\n<meta property=\"article:author\" content=\"https:\/\/www.facebook.com\/serenoregis\" \/>\n<meta property=\"article:published_time\" content=\"2022-12-01T18:53:29+00:00\" \/>\n<meta property=\"article:modified_time\" content=\"2022-12-02T11:41:24+00:00\" \/>\n<meta property=\"og:image\" content=\"https:\/\/www.pressenza.com\/wp-content\/uploads\/2022\/12\/SerenoRegisVociDiLiberta.jpg\" \/>\n\t<meta property=\"og:image:width\" content=\"1200\" \/>\n\t<meta property=\"og:image:height\" content=\"675\" \/>\n\t<meta property=\"og:image:type\" content=\"image\/jpeg\" \/>\n<meta name=\"author\" content=\"Centro Sereno Regis\" \/>\n<meta name=\"twitter:card\" content=\"summary_large_image\" \/>\n<meta name=\"twitter:creator\" content=\"@Sereno_Regis\" \/>\n<meta name=\"twitter:site\" content=\"@PressenzaIPA\" \/>\n<meta name=\"twitter:label1\" content=\"Scritto da\" \/>\n\t<meta name=\"twitter:data1\" content=\"Centro Sereno Regis\" \/>\n\t<meta name=\"twitter:label2\" content=\"Tempo di lettura stimato\" \/>\n\t<meta name=\"twitter:data2\" content=\"4 minuti\" \/>\n<script type=\"application\/ld+json\" class=\"yoast-schema-graph\">{\"@context\":\"https:\/\/schema.org\",\"@graph\":[{\"@type\":\"Article\",\"@id\":\"https:\/\/www.pressenza.com\/it\/2022\/12\/voci-di-liberta-lobiezione-di-coscienza-in-italia\/#article\",\"isPartOf\":{\"@id\":\"https:\/\/www.pressenza.com\/it\/2022\/12\/voci-di-liberta-lobiezione-di-coscienza-in-italia\/\"},\"author\":{\"name\":\"Centro Sereno Regis\",\"@id\":\"https:\/\/www.pressenza.com\/it\/#\/schema\/person\/d8d4bb868e9033b87b22f9ac47dfc5d3\"},\"headline\":\"Voci di libert\u00e0. L&#8217;obiezione di coscienza in Italia\",\"datePublished\":\"2022-12-01T18:53:29+00:00\",\"dateModified\":\"2022-12-02T11:41:24+00:00\",\"mainEntityOfPage\":{\"@id\":\"https:\/\/www.pressenza.com\/it\/2022\/12\/voci-di-liberta-lobiezione-di-coscienza-in-italia\/\"},\"wordCount\":684,\"publisher\":{\"@id\":\"https:\/\/www.pressenza.com\/it\/#organization\"},\"image\":{\"@id\":\"https:\/\/www.pressenza.com\/it\/2022\/12\/voci-di-liberta-lobiezione-di-coscienza-in-italia\/#primaryimage\"},\"thumbnailUrl\":\"https:\/\/www.pressenza.com\/wp-content\/uploads\/2022\/12\/SerenoRegisVociDiLiberta.jpg\",\"keywords\":[\"obiezione di coscienza\"],\"articleSection\":[\"Comunicati Stampa\",\"Europa\",\"Nonviolenza\",\"Pace e Disarmo\"],\"inLanguage\":\"it-IT\"},{\"@type\":\"WebPage\",\"@id\":\"https:\/\/www.pressenza.com\/it\/2022\/12\/voci-di-liberta-lobiezione-di-coscienza-in-italia\/\",\"url\":\"https:\/\/www.pressenza.com\/it\/2022\/12\/voci-di-liberta-lobiezione-di-coscienza-in-italia\/\",\"name\":\"Voci di libert\u00e0. L'obiezione di coscienza in Italia\",\"isPartOf\":{\"@id\":\"https:\/\/www.pressenza.com\/it\/#website\"},\"primaryImageOfPage\":{\"@id\":\"https:\/\/www.pressenza.com\/it\/2022\/12\/voci-di-liberta-lobiezione-di-coscienza-in-italia\/#primaryimage\"},\"image\":{\"@id\":\"https:\/\/www.pressenza.com\/it\/2022\/12\/voci-di-liberta-lobiezione-di-coscienza-in-italia\/#primaryimage\"},\"thumbnailUrl\":\"https:\/\/www.pressenza.com\/wp-content\/uploads\/2022\/12\/SerenoRegisVociDiLiberta.jpg\",\"datePublished\":\"2022-12-01T18:53:29+00:00\",\"dateModified\":\"2022-12-02T11:41:24+00:00\",\"description\":\"Il reading \u00e8 rinviato a data da destinarsi (presumibilmente dopo le festivit\u00e0 natalizie) per motivi di salute di uno dei componenti del gruppo di lettura\",\"breadcrumb\":{\"@id\":\"https:\/\/www.pressenza.com\/it\/2022\/12\/voci-di-liberta-lobiezione-di-coscienza-in-italia\/#breadcrumb\"},\"inLanguage\":\"it-IT\",\"potentialAction\":[{\"@type\":\"ReadAction\",\"target\":[\"https:\/\/www.pressenza.com\/it\/2022\/12\/voci-di-liberta-lobiezione-di-coscienza-in-italia\/\"]}]},{\"@type\":\"ImageObject\",\"inLanguage\":\"it-IT\",\"@id\":\"https:\/\/www.pressenza.com\/it\/2022\/12\/voci-di-liberta-lobiezione-di-coscienza-in-italia\/#primaryimage\",\"url\":\"https:\/\/www.pressenza.com\/wp-content\/uploads\/2022\/12\/SerenoRegisVociDiLiberta.jpg\",\"contentUrl\":\"https:\/\/www.pressenza.com\/wp-content\/uploads\/2022\/12\/SerenoRegisVociDiLiberta.jpg\",\"width\":1200,\"height\":675},{\"@type\":\"BreadcrumbList\",\"@id\":\"https:\/\/www.pressenza.com\/it\/2022\/12\/voci-di-liberta-lobiezione-di-coscienza-in-italia\/#breadcrumb\",\"itemListElement\":[{\"@type\":\"ListItem\",\"position\":1,\"name\":\"Accueil\",\"item\":\"https:\/\/www.pressenza.com\/it\/\"},{\"@type\":\"ListItem\",\"position\":2,\"name\":\"Voci di libert\u00e0. L&#8217;obiezione di coscienza in Italia\"}]},{\"@type\":\"WebSite\",\"@id\":\"https:\/\/www.pressenza.com\/it\/#website\",\"url\":\"https:\/\/www.pressenza.com\/it\/\",\"name\":\"Pressenza\",\"description\":\"Agenzia di Stampa Internazionale\",\"publisher\":{\"@id\":\"https:\/\/www.pressenza.com\/it\/#organization\"},\"potentialAction\":[{\"@type\":\"SearchAction\",\"target\":{\"@type\":\"EntryPoint\",\"urlTemplate\":\"https:\/\/www.pressenza.com\/it\/?s={search_term_string}\"},\"query-input\":{\"@type\":\"PropertyValueSpecification\",\"valueRequired\":true,\"valueName\":\"search_term_string\"}}],\"inLanguage\":\"it-IT\"},{\"@type\":\"Organization\",\"@id\":\"https:\/\/www.pressenza.com\/it\/#organization\",\"name\":\"Pressenza\",\"url\":\"https:\/\/www.pressenza.com\/it\/\",\"logo\":{\"@type\":\"ImageObject\",\"inLanguage\":\"it-IT\",\"@id\":\"https:\/\/www.pressenza.com\/it\/#\/schema\/logo\/image\/\",\"url\":\"https:\/\/www.pressenza.com\/wp-content\/uploads\/2022\/10\/pressenza_logo_200x200.jpg\",\"contentUrl\":\"https:\/\/www.pressenza.com\/wp-content\/uploads\/2022\/10\/pressenza_logo_200x200.jpg\",\"width\":200,\"height\":200,\"caption\":\"Pressenza\"},\"image\":{\"@id\":\"https:\/\/www.pressenza.com\/it\/#\/schema\/logo\/image\/\"},\"sameAs\":[\"https:\/\/www.facebook.com\/PressenzaItalia\",\"https:\/\/x.com\/PressenzaIPA\"]},{\"@type\":\"Person\",\"@id\":\"https:\/\/www.pressenza.com\/it\/#\/schema\/person\/d8d4bb868e9033b87b22f9ac47dfc5d3\",\"name\":\"Centro Sereno Regis\",\"description\":\"Il Centro Studi Sereno Regis \u00e8 una ONLUS (Organizzazione Non Lucrativa di Utilit\u00e0 Sociale) che promuove programmi di ricerca, educazione e azione sui temi della partecipazione politica, della difesa popolare nonviolenta, dell\u2019educazione alla pace e all\u2019interculturalit\u00e0, della trasformazione nonviolenta dei conflitti, dei modelli di sviluppo, delle energie rinnovabili e dell\u2019ecologia. Il Centro Studi \u00e8 stato costituito nel 1982 su iniziativa del Movimento Internazionale della Riconciliazione (MIR) e del Movimento Nonviolento (MN), attivi nella nostra regione sin dalla seconda met\u00e0 degli anni \u201960. serenoregis.org\/\",\"sameAs\":[\"https:\/\/www.facebook.com\/serenoregis\",\"https:\/\/x.com\/Sereno_Regis\"],\"url\":\"https:\/\/www.pressenza.com\/it\/author\/centro-sereno-regis\/\"}]}<\/script>\n<!-- \/ Yoast SEO plugin. -->","yoast_head_json":{"title":"Voci di libert\u00e0. L'obiezione di coscienza in Italia","description":"Il reading \u00e8 rinviato a data da destinarsi (presumibilmente dopo le festivit\u00e0 natalizie) per motivi di salute di uno dei componenti del gruppo di lettura","robots":{"index":"index","follow":"follow","max-snippet":"max-snippet:-1","max-image-preview":"max-image-preview:large","max-video-preview":"max-video-preview:-1"},"canonical":"https:\/\/www.pressenza.com\/it\/2022\/12\/voci-di-liberta-lobiezione-di-coscienza-in-italia\/","og_locale":"it_IT","og_type":"article","og_title":"Voci di libert\u00e0. L'obiezione di coscienza in Italia","og_description":"Il reading \u00e8 rinviato a data da destinarsi (presumibilmente dopo le festivit\u00e0 natalizie) per motivi di salute di uno dei componenti del gruppo di lettura","og_url":"https:\/\/www.pressenza.com\/it\/2022\/12\/voci-di-liberta-lobiezione-di-coscienza-in-italia\/","og_site_name":"Pressenza","article_publisher":"https:\/\/www.facebook.com\/PressenzaItalia","article_author":"https:\/\/www.facebook.com\/serenoregis","article_published_time":"2022-12-01T18:53:29+00:00","article_modified_time":"2022-12-02T11:41:24+00:00","og_image":[{"width":1200,"height":675,"url":"https:\/\/www.pressenza.com\/wp-content\/uploads\/2022\/12\/SerenoRegisVociDiLiberta.jpg","type":"image\/jpeg"}],"author":"Centro Sereno Regis","twitter_card":"summary_large_image","twitter_creator":"@Sereno_Regis","twitter_site":"@PressenzaIPA","twitter_misc":{"Scritto da":"Centro Sereno Regis","Tempo di lettura stimato":"4 minuti"},"schema":{"@context":"https:\/\/schema.org","@graph":[{"@type":"Article","@id":"https:\/\/www.pressenza.com\/it\/2022\/12\/voci-di-liberta-lobiezione-di-coscienza-in-italia\/#article","isPartOf":{"@id":"https:\/\/www.pressenza.com\/it\/2022\/12\/voci-di-liberta-lobiezione-di-coscienza-in-italia\/"},"author":{"name":"Centro Sereno Regis","@id":"https:\/\/www.pressenza.com\/it\/#\/schema\/person\/d8d4bb868e9033b87b22f9ac47dfc5d3"},"headline":"Voci di libert\u00e0. L&#8217;obiezione di coscienza in Italia","datePublished":"2022-12-01T18:53:29+00:00","dateModified":"2022-12-02T11:41:24+00:00","mainEntityOfPage":{"@id":"https:\/\/www.pressenza.com\/it\/2022\/12\/voci-di-liberta-lobiezione-di-coscienza-in-italia\/"},"wordCount":684,"publisher":{"@id":"https:\/\/www.pressenza.com\/it\/#organization"},"image":{"@id":"https:\/\/www.pressenza.com\/it\/2022\/12\/voci-di-liberta-lobiezione-di-coscienza-in-italia\/#primaryimage"},"thumbnailUrl":"https:\/\/www.pressenza.com\/wp-content\/uploads\/2022\/12\/SerenoRegisVociDiLiberta.jpg","keywords":["obiezione di coscienza"],"articleSection":["Comunicati Stampa","Europa","Nonviolenza","Pace e Disarmo"],"inLanguage":"it-IT"},{"@type":"WebPage","@id":"https:\/\/www.pressenza.com\/it\/2022\/12\/voci-di-liberta-lobiezione-di-coscienza-in-italia\/","url":"https:\/\/www.pressenza.com\/it\/2022\/12\/voci-di-liberta-lobiezione-di-coscienza-in-italia\/","name":"Voci di libert\u00e0. L'obiezione di coscienza in Italia","isPartOf":{"@id":"https:\/\/www.pressenza.com\/it\/#website"},"primaryImageOfPage":{"@id":"https:\/\/www.pressenza.com\/it\/2022\/12\/voci-di-liberta-lobiezione-di-coscienza-in-italia\/#primaryimage"},"image":{"@id":"https:\/\/www.pressenza.com\/it\/2022\/12\/voci-di-liberta-lobiezione-di-coscienza-in-italia\/#primaryimage"},"thumbnailUrl":"https:\/\/www.pressenza.com\/wp-content\/uploads\/2022\/12\/SerenoRegisVociDiLiberta.jpg","datePublished":"2022-12-01T18:53:29+00:00","dateModified":"2022-12-02T11:41:24+00:00","description":"Il reading \u00e8 rinviato a data da destinarsi (presumibilmente dopo le festivit\u00e0 natalizie) per motivi di salute di uno dei componenti del gruppo di lettura","breadcrumb":{"@id":"https:\/\/www.pressenza.com\/it\/2022\/12\/voci-di-liberta-lobiezione-di-coscienza-in-italia\/#breadcrumb"},"inLanguage":"it-IT","potentialAction":[{"@type":"ReadAction","target":["https:\/\/www.pressenza.com\/it\/2022\/12\/voci-di-liberta-lobiezione-di-coscienza-in-italia\/"]}]},{"@type":"ImageObject","inLanguage":"it-IT","@id":"https:\/\/www.pressenza.com\/it\/2022\/12\/voci-di-liberta-lobiezione-di-coscienza-in-italia\/#primaryimage","url":"https:\/\/www.pressenza.com\/wp-content\/uploads\/2022\/12\/SerenoRegisVociDiLiberta.jpg","contentUrl":"https:\/\/www.pressenza.com\/wp-content\/uploads\/2022\/12\/SerenoRegisVociDiLiberta.jpg","width":1200,"height":675},{"@type":"BreadcrumbList","@id":"https:\/\/www.pressenza.com\/it\/2022\/12\/voci-di-liberta-lobiezione-di-coscienza-in-italia\/#breadcrumb","itemListElement":[{"@type":"ListItem","position":1,"name":"Accueil","item":"https:\/\/www.pressenza.com\/it\/"},{"@type":"ListItem","position":2,"name":"Voci di libert\u00e0. L&#8217;obiezione di coscienza in Italia"}]},{"@type":"WebSite","@id":"https:\/\/www.pressenza.com\/it\/#website","url":"https:\/\/www.pressenza.com\/it\/","name":"Pressenza","description":"Agenzia di Stampa Internazionale","publisher":{"@id":"https:\/\/www.pressenza.com\/it\/#organization"},"potentialAction":[{"@type":"SearchAction","target":{"@type":"EntryPoint","urlTemplate":"https:\/\/www.pressenza.com\/it\/?s={search_term_string}"},"query-input":{"@type":"PropertyValueSpecification","valueRequired":true,"valueName":"search_term_string"}}],"inLanguage":"it-IT"},{"@type":"Organization","@id":"https:\/\/www.pressenza.com\/it\/#organization","name":"Pressenza","url":"https:\/\/www.pressenza.com\/it\/","logo":{"@type":"ImageObject","inLanguage":"it-IT","@id":"https:\/\/www.pressenza.com\/it\/#\/schema\/logo\/image\/","url":"https:\/\/www.pressenza.com\/wp-content\/uploads\/2022\/10\/pressenza_logo_200x200.jpg","contentUrl":"https:\/\/www.pressenza.com\/wp-content\/uploads\/2022\/10\/pressenza_logo_200x200.jpg","width":200,"height":200,"caption":"Pressenza"},"image":{"@id":"https:\/\/www.pressenza.com\/it\/#\/schema\/logo\/image\/"},"sameAs":["https:\/\/www.facebook.com\/PressenzaItalia","https:\/\/x.com\/PressenzaIPA"]},{"@type":"Person","@id":"https:\/\/www.pressenza.com\/it\/#\/schema\/person\/d8d4bb868e9033b87b22f9ac47dfc5d3","name":"Centro Sereno Regis","description":"Il Centro Studi Sereno Regis \u00e8 una ONLUS (Organizzazione Non Lucrativa di Utilit\u00e0 Sociale) che promuove programmi di ricerca, educazione e azione sui temi della partecipazione politica, della difesa popolare nonviolenta, dell\u2019educazione alla pace e all\u2019interculturalit\u00e0, della trasformazione nonviolenta dei conflitti, dei modelli di sviluppo, delle energie rinnovabili e dell\u2019ecologia. Il Centro Studi \u00e8 stato costituito nel 1982 su iniziativa del Movimento Internazionale della Riconciliazione (MIR) e del Movimento Nonviolento (MN), attivi nella nostra regione sin dalla seconda met\u00e0 degli anni \u201960. serenoregis.org\/","sameAs":["https:\/\/www.facebook.com\/serenoregis","https:\/\/x.com\/Sereno_Regis"],"url":"https:\/\/www.pressenza.com\/it\/author\/centro-sereno-regis\/"}]}},"place":"Torino","original_article_url":"https:\/\/serenoregis.org\/evento\/voci-di-liberta-lobiezione-di-coscienza-in-italia\/","_links":{"self":[{"href":"https:\/\/www.pressenza.com\/it\/wp-json\/wp\/v2\/posts\/1697122","targetHints":{"allow":["GET"]}}],"collection":[{"href":"https:\/\/www.pressenza.com\/it\/wp-json\/wp\/v2\/posts"}],"about":[{"href":"https:\/\/www.pressenza.com\/it\/wp-json\/wp\/v2\/types\/post"}],"author":[{"embeddable":true,"href":"https:\/\/www.pressenza.com\/it\/wp-json\/wp\/v2\/users\/766"}],"replies":[{"embeddable":true,"href":"https:\/\/www.pressenza.com\/it\/wp-json\/wp\/v2\/comments?post=1697122"}],"version-history":[{"count":0,"href":"https:\/\/www.pressenza.com\/it\/wp-json\/wp\/v2\/posts\/1697122\/revisions"}],"wp:featuredmedia":[{"embeddable":true,"href":"https:\/\/www.pressenza.com\/it\/wp-json\/wp\/v2\/media\/1697133"}],"wp:attachment":[{"href":"https:\/\/www.pressenza.com\/it\/wp-json\/wp\/v2\/media?parent=1697122"}],"wp:term":[{"taxonomy":"category","embeddable":true,"href":"https:\/\/www.pressenza.com\/it\/wp-json\/wp\/v2\/categories?post=1697122"},{"taxonomy":"post_tag","embeddable":true,"href":"https:\/\/www.pressenza.com\/it\/wp-json\/wp\/v2\/tags?post=1697122"}],"curies":[{"name":"wp","href":"https:\/\/api.w.org\/{rel}","templated":true}]}}