{"id":1694106,"date":"2022-11-15T20:13:29","date_gmt":"2022-11-15T20:13:29","guid":{"rendered":"https:\/\/www.pressenza.com\/?p=1694106"},"modified":"2022-11-15T20:26:39","modified_gmt":"2022-11-15T20:26:39","slug":"africa-una-storia-da-riscoprire-11-timbuktu-citta-dei-saperi","status":"publish","type":"post","link":"https:\/\/www.pressenza.com\/it\/2022\/11\/africa-una-storia-da-riscoprire-11-timbuktu-citta-dei-saperi\/","title":{"rendered":"Africa, una storia da riscoprire. 11 &#8211; Timbukt\u00f9, citt\u00e0 dei Saperi"},"content":{"rendered":"<p><em>Per prima cosa vorrei rendere omaggio al mio maestro Nioussire Kalala Omoutunde, morto il 15 novembre 2022: senza di te non avrei riscoperto Kama (l&#8217;Africa). Ci lasci una eredita immensa.\u00a0 <\/em><\/p>\n<p><strong>Le origini di Timbukt\u00f9<\/strong><\/p>\n<p>Le origini di Timbukt\u00f9 ci parlano della leggenda di Ouagadou e di un\u2019unit\u00e0 risalente all\u2019Egitto dei Faraoni. I Soninke, i Songhai e i Malinke si frequentavano come confraternita o come famiglie legate anche grazie al commercio dell\u2019oro, dell\u2019avorio e dei metalli. Il nome Timbukt\u00f9 ha due definizioni: per i Tuareg significa pozzo e anche donna, ma secondo un\u2019altra fonte fu la citt\u00e0 degli iniziati molto prima dell\u2019arrivo di altri popoli.\u00a0 Secondo l&#8217;iniziato maliano Amadou Hambateba l\u2019origine di Timbukt\u00f9 si trova nell\u2019architettura sudanese.<\/p>\n<p>Dopo il declino dell\u2019Impero di Ouagadou, conosciuto in Europa e in Arabia come l&#8217;Impero\u00a0del Ghana, un altro grande evento giocher\u00e0 un ruolo importante: la vittoria dell\u2019Imperatore Sundiata Keita su Sumanguru Kante, con la creazione dell\u2019Impero del Mali su un territorio pi\u00f9 grande dell\u2019Unione Europea e la redazione della <strong><a href=\"https:\/\/www.pressenza.com\/it\/2018\/06\/africa-una-storia-da-riscoprire-4-la-carta-di-manden-i-diritti-umani-nel-xiii-secolo\/\">Carta di Manden<\/a>, <\/strong>basata su idee avanzatissime per l\u2019epoca e rivoluzionarie ancora oggi.<\/p>\n<p>La citt\u00e0 attirer\u00e0 poi altri popoli, soprattutto grazie al commercio, tra cui i Tuareg e il mondo musulmano. Fonti locali fanno risalire la sua origine al settimo secolo, assai prima dunque del 1100, data in genere attribuita alla sua fondazione a opera dei Tuareg.<\/p>\n<p>Oltre a Timbukt\u00f9 c\u2019erano altre citt\u00e0, come Djenn\u00e9, Sankore, Gao e Djingareyber &#8211; questa ultima costruita dall\u2019Imperatore Kankan Moussa. Nel XIV secolo bambini e bambine studiavano geometria, aritmetica, algebra, storia e scienze. Con la conversione all\u2019Islam degli imperatori successivi a Sundiata Keita venne introdotto anche lo studio del Corano.<\/p>\n<p><img loading=\"lazy\" decoding=\"async\" class=\"aligncenter wp-image-1694109 size-full\" src=\"https:\/\/www.pressenza.com\/wp-content\/uploads\/2022\/11\/Old_Towns_of_Djenne.jpg\" alt=\"\" width=\"1920\" height=\"1440\" srcset=\"https:\/\/www.pressenza.com\/wp-content\/uploads\/2022\/11\/Old_Towns_of_Djenne.jpg 1920w, https:\/\/www.pressenza.com\/wp-content\/uploads\/2022\/11\/Old_Towns_of_Djenne-300x225.jpg 300w, https:\/\/www.pressenza.com\/wp-content\/uploads\/2022\/11\/Old_Towns_of_Djenne-820x615.jpg 820w\" sizes=\"auto, (max-width: 1920px) 100vw, 1920px\" \/><\/p>\n<p><em>Djenn\u00e9. Foto di Francesco Bandarin<\/em><\/p>\n<p><strong>Universit\u00e0 aperte alle donne<\/strong><\/p>\n<p>Esistevano anche centinaia di scuole e universit\u00e0: i regni vicini mandavano i figli a studiare l\u00e0, ma anche le corti spagnole e francesi e l\u2019Arabia. Tanti sapienti, come Mohamed El Amin e Abderaman Sadi, studiarono a\u00a0 Timbukt\u00f9 e l\u2019Europa pot\u00e9 riscoprire i testi di Aristotele. E tutto questo in un clima pacifico. I manoscritti di Timbukt\u00f9 rivelano che le universit\u00e0 erano aperte alle donne e che le materie di studio comprendevano astronomia, medicina, giurisprudenza, matematica e altro ancora. Erano presenti anche mausolei Sufi, rappresentanti di un Islam aperto e pronto ad accettare e a confrontarsi con culture e religioni diverse. Gli scritti in arabo hanno inoltre permesso di leggere una parte di storia scritta dagli africani stessi.<\/p>\n<p><strong>Ahmed Baba, il grande sapiente<\/strong><\/p>\n<p>Nato intorno al 1556, Ahmed Baba fu il pi\u00f9 grande rettore dell\u2019Universit\u00e0 di Timbukt\u00f9, fondata nel XII secolo, uomo di grande intelligenza e sapere, maestro di giurisprudenza, geometria, astronomia e medicina. Raccolse oltre 1.600 manoscritti e ne scrisse pi\u00f9 di 500. Convinto che le differenze etniche fossero meno importanti della conoscenza, si impegn\u00f2 a tenere uniti i diversi gruppi etnici che all&#8217;epoca coesistevano a Timbukt\u00f9.<\/p>\n<p><strong>Un patrimonio mondiale<\/strong><\/p>\n<p>Le universit\u00e0 di Sankore \u2013 creata nel 1325, per poi diventare una moschea &#8211;\u00a0 Djenn\u00e9 \u2013 ancora precedente &#8211; Gao e Timbukt\u00f9 vennero fondate prima di molte universit\u00e0 occidentali e costituiscono un patrimonio mondiale da custodire e onorare. Non va dimenticato che Kama, ossia \u201cterra dei neri\u201d, vero nome del continente africano, ospit\u00f2 molti centri del sapere umano.<\/p>\n","protected":false},"excerpt":{"rendered":"<p>Per prima cosa vorrei rendere omaggio al mio maestro Nioussire Kalala Omoutunde, morto il 15 novembre 2022: senza di te non avrei riscoperto Kama (l&#8217;Africa). Ci lasci una eredita immensa.\u00a0 Le origini di Timbukt\u00f9 Le origini di Timbukt\u00f9 ci parlano&hellip;<\/p>\n","protected":false},"author":1519,"featured_media":1694112,"comment_status":"closed","ping_status":"closed","sticky":false,"template":"","format":"standard","meta":{"footnotes":""},"categories":[45,11388,56],"tags":[568,107586,107585,107587,2808],"class_list":["post-1694106","post","type-post","status-publish","format-standard","has-post-thumbnail","hentry","category-africa-it","category-contenuti-originali","category-cultura","tag-donne","tag-kama","tag-storie-africane","tag-timbuktu-it","tag-universita"],"yoast_head":"<!-- This site is optimized with the Yoast SEO plugin v27.1.1 - https:\/\/yoast.com\/product\/yoast-seo-wordpress\/ -->\n<title>Africa, una storia da riscoprire. 11 - Timbukt\u00f9, citt\u00e0 dei Saperi<\/title>\n<meta name=\"description\" content=\"Per prima cosa vorrei rendere omaggio al mio maestro Nioussire Kalala Omoutunde, morto il 15 novembre 2022: senza di te non avrei riscoperto Kama\" \/>\n<meta name=\"robots\" content=\"index, follow, max-snippet:-1, max-image-preview:large, max-video-preview:-1\" \/>\n<link rel=\"canonical\" href=\"https:\/\/www.pressenza.com\/it\/2022\/11\/africa-una-storia-da-riscoprire-11-timbuktu-citta-dei-saperi\/\" \/>\n<meta property=\"og:locale\" content=\"it_IT\" \/>\n<meta property=\"og:type\" content=\"article\" \/>\n<meta property=\"og:title\" content=\"Africa, una storia da riscoprire. 11 - Timbukt\u00f9, citt\u00e0 dei Saperi\" \/>\n<meta property=\"og:description\" content=\"Per prima cosa vorrei rendere omaggio al mio maestro Nioussire Kalala Omoutunde, morto il 15 novembre 2022: senza di te non avrei riscoperto Kama\" \/>\n<meta property=\"og:url\" content=\"https:\/\/www.pressenza.com\/it\/2022\/11\/africa-una-storia-da-riscoprire-11-timbuktu-citta-dei-saperi\/\" \/>\n<meta property=\"og:site_name\" content=\"Pressenza\" \/>\n<meta property=\"article:publisher\" content=\"https:\/\/www.facebook.com\/PressenzaItalia\" \/>\n<meta property=\"article:published_time\" content=\"2022-11-15T20:13:29+00:00\" \/>\n<meta property=\"article:modified_time\" content=\"2022-11-15T20:26:39+00:00\" \/>\n<meta property=\"og:image\" content=\"https:\/\/www.pressenza.com\/wp-content\/uploads\/2022\/11\/Timbuktu.jpg\" \/>\n\t<meta property=\"og:image:width\" content=\"1920\" \/>\n\t<meta property=\"og:image:height\" content=\"1440\" \/>\n\t<meta property=\"og:image:type\" content=\"image\/jpeg\" \/>\n<meta name=\"author\" content=\"Valentin Mufila\" \/>\n<meta name=\"twitter:card\" content=\"summary_large_image\" \/>\n<meta name=\"twitter:creator\" content=\"@PressenzaIPA\" \/>\n<meta name=\"twitter:site\" content=\"@PressenzaIPA\" \/>\n<meta name=\"twitter:label1\" content=\"Scritto da\" \/>\n\t<meta name=\"twitter:data1\" content=\"Valentin Mufila\" \/>\n\t<meta name=\"twitter:label2\" content=\"Tempo di lettura stimato\" \/>\n\t<meta name=\"twitter:data2\" content=\"3 minuti\" \/>\n<script type=\"application\/ld+json\" class=\"yoast-schema-graph\">{\"@context\":\"https:\/\/schema.org\",\"@graph\":[{\"@type\":\"Article\",\"@id\":\"https:\/\/www.pressenza.com\/it\/2022\/11\/africa-una-storia-da-riscoprire-11-timbuktu-citta-dei-saperi\/#article\",\"isPartOf\":{\"@id\":\"https:\/\/www.pressenza.com\/it\/2022\/11\/africa-una-storia-da-riscoprire-11-timbuktu-citta-dei-saperi\/\"},\"author\":{\"name\":\"Valentin Mufila\",\"@id\":\"https:\/\/www.pressenza.com\/it\/#\/schema\/person\/6717f34d660e55abd622032732fe9482\"},\"headline\":\"Africa, una storia da riscoprire. 11 &#8211; Timbukt\u00f9, citt\u00e0 dei Saperi\",\"datePublished\":\"2022-11-15T20:13:29+00:00\",\"dateModified\":\"2022-11-15T20:26:39+00:00\",\"mainEntityOfPage\":{\"@id\":\"https:\/\/www.pressenza.com\/it\/2022\/11\/africa-una-storia-da-riscoprire-11-timbuktu-citta-dei-saperi\/\"},\"wordCount\":552,\"publisher\":{\"@id\":\"https:\/\/www.pressenza.com\/it\/#organization\"},\"image\":{\"@id\":\"https:\/\/www.pressenza.com\/it\/2022\/11\/africa-una-storia-da-riscoprire-11-timbuktu-citta-dei-saperi\/#primaryimage\"},\"thumbnailUrl\":\"https:\/\/www.pressenza.com\/wp-content\/uploads\/2022\/11\/Timbuktu.jpg\",\"keywords\":[\"donne\",\"Kama\",\"storie africane\",\"Timbuktu\",\"universit\u00e0\"],\"articleSection\":[\"Africa\",\"contenuti originali\",\"Cultura e Media\"],\"inLanguage\":\"it-IT\"},{\"@type\":\"WebPage\",\"@id\":\"https:\/\/www.pressenza.com\/it\/2022\/11\/africa-una-storia-da-riscoprire-11-timbuktu-citta-dei-saperi\/\",\"url\":\"https:\/\/www.pressenza.com\/it\/2022\/11\/africa-una-storia-da-riscoprire-11-timbuktu-citta-dei-saperi\/\",\"name\":\"Africa, una storia da riscoprire. 11 - Timbukt\u00f9, citt\u00e0 dei Saperi\",\"isPartOf\":{\"@id\":\"https:\/\/www.pressenza.com\/it\/#website\"},\"primaryImageOfPage\":{\"@id\":\"https:\/\/www.pressenza.com\/it\/2022\/11\/africa-una-storia-da-riscoprire-11-timbuktu-citta-dei-saperi\/#primaryimage\"},\"image\":{\"@id\":\"https:\/\/www.pressenza.com\/it\/2022\/11\/africa-una-storia-da-riscoprire-11-timbuktu-citta-dei-saperi\/#primaryimage\"},\"thumbnailUrl\":\"https:\/\/www.pressenza.com\/wp-content\/uploads\/2022\/11\/Timbuktu.jpg\",\"datePublished\":\"2022-11-15T20:13:29+00:00\",\"dateModified\":\"2022-11-15T20:26:39+00:00\",\"description\":\"Per prima cosa vorrei rendere omaggio al mio maestro Nioussire Kalala Omoutunde, morto il 15 novembre 2022: senza di te non avrei riscoperto Kama\",\"breadcrumb\":{\"@id\":\"https:\/\/www.pressenza.com\/it\/2022\/11\/africa-una-storia-da-riscoprire-11-timbuktu-citta-dei-saperi\/#breadcrumb\"},\"inLanguage\":\"it-IT\",\"potentialAction\":[{\"@type\":\"ReadAction\",\"target\":[\"https:\/\/www.pressenza.com\/it\/2022\/11\/africa-una-storia-da-riscoprire-11-timbuktu-citta-dei-saperi\/\"]}]},{\"@type\":\"ImageObject\",\"inLanguage\":\"it-IT\",\"@id\":\"https:\/\/www.pressenza.com\/it\/2022\/11\/africa-una-storia-da-riscoprire-11-timbuktu-citta-dei-saperi\/#primaryimage\",\"url\":\"https:\/\/www.pressenza.com\/wp-content\/uploads\/2022\/11\/Timbuktu.jpg\",\"contentUrl\":\"https:\/\/www.pressenza.com\/wp-content\/uploads\/2022\/11\/Timbuktu.jpg\",\"width\":1920,\"height\":1440,\"caption\":\"Timbuktu (Mali)\"},{\"@type\":\"BreadcrumbList\",\"@id\":\"https:\/\/www.pressenza.com\/it\/2022\/11\/africa-una-storia-da-riscoprire-11-timbuktu-citta-dei-saperi\/#breadcrumb\",\"itemListElement\":[{\"@type\":\"ListItem\",\"position\":1,\"name\":\"Accueil\",\"item\":\"https:\/\/www.pressenza.com\/it\/\"},{\"@type\":\"ListItem\",\"position\":2,\"name\":\"Africa, una storia da riscoprire. 11 &#8211; Timbukt\u00f9, citt\u00e0 dei Saperi\"}]},{\"@type\":\"WebSite\",\"@id\":\"https:\/\/www.pressenza.com\/it\/#website\",\"url\":\"https:\/\/www.pressenza.com\/it\/\",\"name\":\"Pressenza\",\"description\":\"Agenzia di Stampa Internazionale\",\"publisher\":{\"@id\":\"https:\/\/www.pressenza.com\/it\/#organization\"},\"potentialAction\":[{\"@type\":\"SearchAction\",\"target\":{\"@type\":\"EntryPoint\",\"urlTemplate\":\"https:\/\/www.pressenza.com\/it\/?s={search_term_string}\"},\"query-input\":{\"@type\":\"PropertyValueSpecification\",\"valueRequired\":true,\"valueName\":\"search_term_string\"}}],\"inLanguage\":\"it-IT\"},{\"@type\":\"Organization\",\"@id\":\"https:\/\/www.pressenza.com\/it\/#organization\",\"name\":\"Pressenza\",\"url\":\"https:\/\/www.pressenza.com\/it\/\",\"logo\":{\"@type\":\"ImageObject\",\"inLanguage\":\"it-IT\",\"@id\":\"https:\/\/www.pressenza.com\/it\/#\/schema\/logo\/image\/\",\"url\":\"https:\/\/www.pressenza.com\/wp-content\/uploads\/2022\/10\/pressenza_logo_200x200.jpg\",\"contentUrl\":\"https:\/\/www.pressenza.com\/wp-content\/uploads\/2022\/10\/pressenza_logo_200x200.jpg\",\"width\":200,\"height\":200,\"caption\":\"Pressenza\"},\"image\":{\"@id\":\"https:\/\/www.pressenza.com\/it\/#\/schema\/logo\/image\/\"},\"sameAs\":[\"https:\/\/www.facebook.com\/PressenzaItalia\",\"https:\/\/x.com\/PressenzaIPA\"]},{\"@type\":\"Person\",\"@id\":\"https:\/\/www.pressenza.com\/it\/#\/schema\/person\/6717f34d660e55abd622032732fe9482\",\"name\":\"Valentin Mufila\",\"description\":\"Originario del Congo, musicista, cantante e direttore artistico. Ha iniziato la sua carriera musicale nel 2004 e nel 2015 \u00e8 uscito il suo primo album,\u201dTelema\\\" (in piedi), dedicato ai bambini sfruttati nelle miniere di coltan e realizzato con la sua band Mapendo Africa Sound. Nel 2014 ha tenuto corsi di balli e fiabe africane nelle scuole italiane. Ha creato insieme a ragazzi rifugiati il musical \\\"Siamo tutti sulla stessa barca\\\". Nel 2018 \u00e8 stato tra i finalisti della prima edizione del Festival Doremifasud di Milano e il 2 giugno si \u00e8 esibito insieme a molti artisti internazionali alla Porta di Brandeburgo a Berlino, durante una marcia per la pace. Nel 2023 \u00e8 stato corista nel World Wide tour di Zucchero e ha realizzato l'album Il Faut Vivre nel progetto SanzaMamu. Appassionato conoscitore della storia africana cancellata dal colonialismo, si dedica a ricostruirla per comprendere meglio il passato e il futuro del suo continente. Facebook: https:\/\/www.facebook.com\/valentin.mufila YouTube: https:\/\/www.youtube.com\/@ValentinMufila_Official81 Email: valmuf@gmail.com\",\"sameAs\":[\"https:\/\/www.youtube.com\/@ValentinMufila_Official81\"],\"url\":\"https:\/\/www.pressenza.com\/it\/author\/valentin-mufila\/\"}]}<\/script>\n<!-- \/ Yoast SEO plugin. -->","yoast_head_json":{"title":"Africa, una storia da riscoprire. 11 - Timbukt\u00f9, citt\u00e0 dei Saperi","description":"Per prima cosa vorrei rendere omaggio al mio maestro Nioussire Kalala Omoutunde, morto il 15 novembre 2022: senza di te non avrei riscoperto Kama","robots":{"index":"index","follow":"follow","max-snippet":"max-snippet:-1","max-image-preview":"max-image-preview:large","max-video-preview":"max-video-preview:-1"},"canonical":"https:\/\/www.pressenza.com\/it\/2022\/11\/africa-una-storia-da-riscoprire-11-timbuktu-citta-dei-saperi\/","og_locale":"it_IT","og_type":"article","og_title":"Africa, una storia da riscoprire. 11 - Timbukt\u00f9, citt\u00e0 dei Saperi","og_description":"Per prima cosa vorrei rendere omaggio al mio maestro Nioussire Kalala Omoutunde, morto il 15 novembre 2022: senza di te non avrei riscoperto Kama","og_url":"https:\/\/www.pressenza.com\/it\/2022\/11\/africa-una-storia-da-riscoprire-11-timbuktu-citta-dei-saperi\/","og_site_name":"Pressenza","article_publisher":"https:\/\/www.facebook.com\/PressenzaItalia","article_published_time":"2022-11-15T20:13:29+00:00","article_modified_time":"2022-11-15T20:26:39+00:00","og_image":[{"width":1920,"height":1440,"url":"https:\/\/www.pressenza.com\/wp-content\/uploads\/2022\/11\/Timbuktu.jpg","type":"image\/jpeg"}],"author":"Valentin Mufila","twitter_card":"summary_large_image","twitter_creator":"@PressenzaIPA","twitter_site":"@PressenzaIPA","twitter_misc":{"Scritto da":"Valentin Mufila","Tempo di lettura stimato":"3 minuti"},"schema":{"@context":"https:\/\/schema.org","@graph":[{"@type":"Article","@id":"https:\/\/www.pressenza.com\/it\/2022\/11\/africa-una-storia-da-riscoprire-11-timbuktu-citta-dei-saperi\/#article","isPartOf":{"@id":"https:\/\/www.pressenza.com\/it\/2022\/11\/africa-una-storia-da-riscoprire-11-timbuktu-citta-dei-saperi\/"},"author":{"name":"Valentin Mufila","@id":"https:\/\/www.pressenza.com\/it\/#\/schema\/person\/6717f34d660e55abd622032732fe9482"},"headline":"Africa, una storia da riscoprire. 11 &#8211; Timbukt\u00f9, citt\u00e0 dei Saperi","datePublished":"2022-11-15T20:13:29+00:00","dateModified":"2022-11-15T20:26:39+00:00","mainEntityOfPage":{"@id":"https:\/\/www.pressenza.com\/it\/2022\/11\/africa-una-storia-da-riscoprire-11-timbuktu-citta-dei-saperi\/"},"wordCount":552,"publisher":{"@id":"https:\/\/www.pressenza.com\/it\/#organization"},"image":{"@id":"https:\/\/www.pressenza.com\/it\/2022\/11\/africa-una-storia-da-riscoprire-11-timbuktu-citta-dei-saperi\/#primaryimage"},"thumbnailUrl":"https:\/\/www.pressenza.com\/wp-content\/uploads\/2022\/11\/Timbuktu.jpg","keywords":["donne","Kama","storie africane","Timbuktu","universit\u00e0"],"articleSection":["Africa","contenuti originali","Cultura e Media"],"inLanguage":"it-IT"},{"@type":"WebPage","@id":"https:\/\/www.pressenza.com\/it\/2022\/11\/africa-una-storia-da-riscoprire-11-timbuktu-citta-dei-saperi\/","url":"https:\/\/www.pressenza.com\/it\/2022\/11\/africa-una-storia-da-riscoprire-11-timbuktu-citta-dei-saperi\/","name":"Africa, una storia da riscoprire. 11 - Timbukt\u00f9, citt\u00e0 dei Saperi","isPartOf":{"@id":"https:\/\/www.pressenza.com\/it\/#website"},"primaryImageOfPage":{"@id":"https:\/\/www.pressenza.com\/it\/2022\/11\/africa-una-storia-da-riscoprire-11-timbuktu-citta-dei-saperi\/#primaryimage"},"image":{"@id":"https:\/\/www.pressenza.com\/it\/2022\/11\/africa-una-storia-da-riscoprire-11-timbuktu-citta-dei-saperi\/#primaryimage"},"thumbnailUrl":"https:\/\/www.pressenza.com\/wp-content\/uploads\/2022\/11\/Timbuktu.jpg","datePublished":"2022-11-15T20:13:29+00:00","dateModified":"2022-11-15T20:26:39+00:00","description":"Per prima cosa vorrei rendere omaggio al mio maestro Nioussire Kalala Omoutunde, morto il 15 novembre 2022: senza di te non avrei riscoperto Kama","breadcrumb":{"@id":"https:\/\/www.pressenza.com\/it\/2022\/11\/africa-una-storia-da-riscoprire-11-timbuktu-citta-dei-saperi\/#breadcrumb"},"inLanguage":"it-IT","potentialAction":[{"@type":"ReadAction","target":["https:\/\/www.pressenza.com\/it\/2022\/11\/africa-una-storia-da-riscoprire-11-timbuktu-citta-dei-saperi\/"]}]},{"@type":"ImageObject","inLanguage":"it-IT","@id":"https:\/\/www.pressenza.com\/it\/2022\/11\/africa-una-storia-da-riscoprire-11-timbuktu-citta-dei-saperi\/#primaryimage","url":"https:\/\/www.pressenza.com\/wp-content\/uploads\/2022\/11\/Timbuktu.jpg","contentUrl":"https:\/\/www.pressenza.com\/wp-content\/uploads\/2022\/11\/Timbuktu.jpg","width":1920,"height":1440,"caption":"Timbuktu (Mali)"},{"@type":"BreadcrumbList","@id":"https:\/\/www.pressenza.com\/it\/2022\/11\/africa-una-storia-da-riscoprire-11-timbuktu-citta-dei-saperi\/#breadcrumb","itemListElement":[{"@type":"ListItem","position":1,"name":"Accueil","item":"https:\/\/www.pressenza.com\/it\/"},{"@type":"ListItem","position":2,"name":"Africa, una storia da riscoprire. 11 &#8211; Timbukt\u00f9, citt\u00e0 dei Saperi"}]},{"@type":"WebSite","@id":"https:\/\/www.pressenza.com\/it\/#website","url":"https:\/\/www.pressenza.com\/it\/","name":"Pressenza","description":"Agenzia di Stampa Internazionale","publisher":{"@id":"https:\/\/www.pressenza.com\/it\/#organization"},"potentialAction":[{"@type":"SearchAction","target":{"@type":"EntryPoint","urlTemplate":"https:\/\/www.pressenza.com\/it\/?s={search_term_string}"},"query-input":{"@type":"PropertyValueSpecification","valueRequired":true,"valueName":"search_term_string"}}],"inLanguage":"it-IT"},{"@type":"Organization","@id":"https:\/\/www.pressenza.com\/it\/#organization","name":"Pressenza","url":"https:\/\/www.pressenza.com\/it\/","logo":{"@type":"ImageObject","inLanguage":"it-IT","@id":"https:\/\/www.pressenza.com\/it\/#\/schema\/logo\/image\/","url":"https:\/\/www.pressenza.com\/wp-content\/uploads\/2022\/10\/pressenza_logo_200x200.jpg","contentUrl":"https:\/\/www.pressenza.com\/wp-content\/uploads\/2022\/10\/pressenza_logo_200x200.jpg","width":200,"height":200,"caption":"Pressenza"},"image":{"@id":"https:\/\/www.pressenza.com\/it\/#\/schema\/logo\/image\/"},"sameAs":["https:\/\/www.facebook.com\/PressenzaItalia","https:\/\/x.com\/PressenzaIPA"]},{"@type":"Person","@id":"https:\/\/www.pressenza.com\/it\/#\/schema\/person\/6717f34d660e55abd622032732fe9482","name":"Valentin Mufila","description":"Originario del Congo, musicista, cantante e direttore artistico. Ha iniziato la sua carriera musicale nel 2004 e nel 2015 \u00e8 uscito il suo primo album,\u201dTelema\" (in piedi), dedicato ai bambini sfruttati nelle miniere di coltan e realizzato con la sua band Mapendo Africa Sound. Nel 2014 ha tenuto corsi di balli e fiabe africane nelle scuole italiane. Ha creato insieme a ragazzi rifugiati il musical \"Siamo tutti sulla stessa barca\". Nel 2018 \u00e8 stato tra i finalisti della prima edizione del Festival Doremifasud di Milano e il 2 giugno si \u00e8 esibito insieme a molti artisti internazionali alla Porta di Brandeburgo a Berlino, durante una marcia per la pace. Nel 2023 \u00e8 stato corista nel World Wide tour di Zucchero e ha realizzato l'album Il Faut Vivre nel progetto SanzaMamu. Appassionato conoscitore della storia africana cancellata dal colonialismo, si dedica a ricostruirla per comprendere meglio il passato e il futuro del suo continente. Facebook: https:\/\/www.facebook.com\/valentin.mufila YouTube: https:\/\/www.youtube.com\/@ValentinMufila_Official81 Email: valmuf@gmail.com","sameAs":["https:\/\/www.youtube.com\/@ValentinMufila_Official81"],"url":"https:\/\/www.pressenza.com\/it\/author\/valentin-mufila\/"}]}},"place":"","original_article_url":"","_links":{"self":[{"href":"https:\/\/www.pressenza.com\/it\/wp-json\/wp\/v2\/posts\/1694106","targetHints":{"allow":["GET"]}}],"collection":[{"href":"https:\/\/www.pressenza.com\/it\/wp-json\/wp\/v2\/posts"}],"about":[{"href":"https:\/\/www.pressenza.com\/it\/wp-json\/wp\/v2\/types\/post"}],"author":[{"embeddable":true,"href":"https:\/\/www.pressenza.com\/it\/wp-json\/wp\/v2\/users\/1519"}],"replies":[{"embeddable":true,"href":"https:\/\/www.pressenza.com\/it\/wp-json\/wp\/v2\/comments?post=1694106"}],"version-history":[{"count":0,"href":"https:\/\/www.pressenza.com\/it\/wp-json\/wp\/v2\/posts\/1694106\/revisions"}],"wp:featuredmedia":[{"embeddable":true,"href":"https:\/\/www.pressenza.com\/it\/wp-json\/wp\/v2\/media\/1694112"}],"wp:attachment":[{"href":"https:\/\/www.pressenza.com\/it\/wp-json\/wp\/v2\/media?parent=1694106"}],"wp:term":[{"taxonomy":"category","embeddable":true,"href":"https:\/\/www.pressenza.com\/it\/wp-json\/wp\/v2\/categories?post=1694106"},{"taxonomy":"post_tag","embeddable":true,"href":"https:\/\/www.pressenza.com\/it\/wp-json\/wp\/v2\/tags?post=1694106"}],"curies":[{"name":"wp","href":"https:\/\/api.w.org\/{rel}","templated":true}]}}