{"id":1693997,"date":"2022-11-15T10:56:00","date_gmt":"2022-11-15T10:56:00","guid":{"rendered":"https:\/\/www.pressenza.com\/?p=1693997"},"modified":"2022-11-15T10:57:23","modified_gmt":"2022-11-15T10:57:23","slug":"mondiali-di-calcio-del-qatar-e-risarcimenti-ai-lavoratori-migranti","status":"publish","type":"post","link":"https:\/\/www.pressenza.com\/it\/2022\/11\/mondiali-di-calcio-del-qatar-e-risarcimenti-ai-lavoratori-migranti\/","title":{"rendered":"Mondiali di calcio del Qatar e risarcimenti ai lavoratori migranti"},"content":{"rendered":"<p>Quando manca meno di una settimana all\u2019inizio dei Mondiali di calcio in Qatar, il tempo perch\u00e9 la Federazione internazionale delle associazioni calcistiche (Fifa) e il suo presidente Gianni Infantino s\u2019impegnino a risarcire i lavoratori migranti per i danni subiti durante la preparazione del torneo sta scadendo.<\/p>\n<p><em>\u201cA meno che non rompa il silenzio sul tema dei risarcimenti, Infantino pare voler rifiutare l\u2019opportunit\u00e0 aurea che i Mondiali lascino un\u2019eredit\u00e0 di rispetto e onore per i lavoratori che li hanno resi possibili. Gli sono state presentate fior di prove sulle conseguenze umane degli ultimi 12 anni e una proposta per aiutare le vittime e le loro famiglie a rifarsi una vita. Il messaggio da Zurigo e Doha non pu\u00f2 solo concentrarsi sul calcio\u201d<\/em>, ha dichiarato\u00a0<strong>Steve Cockburn, <\/strong>direttore del programma Giustizia economica e sociale di Amnesty International.<\/p>\n<p><em>\u201cLa Fifa non pu\u00f2 usare lo spettacolo dei Mondiali per venir meno alle sue responsabilit\u00e0. Ha un chiaro dovere nei confronti dei danni subiti da centinaia di migliaia di lavoratori mentre costruivano gli stadi e le infrastrutture necessari per lo svolgimento del torneo. Un impegno pubblico in favore di un fondo di risarcimento, sebbene non possa annullare il passato, rappresenterebbe un grande passo avanti. Il tempo \u00e8 agli sgoccioli, ma non \u00e8 ancora troppo tardi perch\u00e9 la Fifa faccia la cosa giusta\u201d<\/em>, ha aggiunto\u00a0Cockburn.<\/p>\n<p>Nel maggio 2022 Amnesty International e una coalizione di organizzazioni hanno lanciato una campagna per chiedere al Qatar e alla Fifa di avviare un programma complessivo di rimedi per le centinaia di migliaia di lavoratori vittime di tasse, di assunzione illegali, salari non pagati, ferimenti e decessi. Finora, Infantino non ha replicato in alcun modo alla lettera congiunta inviatagli all\u2019inizio della campagna e ha sempre evitato di affrontare in pubblico il tema dei risarcimenti.<\/p>\n<p>La proposta del programma di rimedi ha ottenuto ampio sostegno da parte di una decina di associazioni calcistiche (tra le quali Inghilterra, Germania, Francia, Paesi Bassi e Usa), degli sponsor dei Mondiali Coca Cola, Adidas, Budweiser e McDonalds e, con un video diventato virale il mese scorso, della nazionale di calcio dell\u2019Australia.<\/p>\n<p>Sebbene alti dirigenti della Fifa abbiano riconosciuto l&#8217;importanza dei risarcimenti, la governance del calcio e il suo presidente non hanno mai fatto alcuna dichiarazione pubblica. Un sondaggio globale commissionato da Amnesty International in 15 Stati ha rivelato che l\u201984% delle persone che probabilmente vedranno i Mondiali \u00e8 a favore della proposta.<\/p>\n<p><strong>Ulteriori informazioni\u00a0<\/strong><\/p>\n<p>Il 4 novembre Gianni Infantino ha scritto alle 32 nazioni finaliste dei Mondiali di Qatar 2022 sollecitandole a \u201cconcentrarsi sul pallone\u201d e a lasciare da parte le questioni relative ai diritti umani. Poco prima, il Ministro del Lavoro del Qatar aveva liquidato la campagna di Amnesty International come \u201cuna trovata pubblicitaria\u201d.<\/p>\n","protected":false},"excerpt":{"rendered":"<p>Quando manca meno di una settimana all\u2019inizio dei Mondiali di calcio in Qatar, il tempo perch\u00e9 la Federazione internazionale delle associazioni calcistiche (Fifa) e il suo presidente Gianni Infantino s\u2019impegnino a risarcire i lavoratori migranti per i danni subiti durante&hellip;<\/p>\n","protected":false},"author":432,"featured_media":1693999,"comment_status":"closed","ping_status":"closed","sticky":false,"template":"","format":"standard","meta":{"footnotes":""},"categories":[150,60,52],"tags":[107569,53781,10405,13640,33512],"class_list":["post-1693997","post","type-post","status-publish","format-standard","has-post-thumbnail","hentry","category-comunicati-stampa","category-diritti-umani","category-medio-oriente","tag-federazione-internazionale-delle-associazioni-calcistiche-fifa","tag-lavoratori-migranti","tag-mondiali-di-calcio","tag-qatar-it-4","tag-risarcimenti"],"yoast_head":"<!-- This site is optimized with the Yoast SEO plugin v27.1.1 - https:\/\/yoast.com\/product\/yoast-seo-wordpress\/ -->\n<title>Mondiali di calcio del Qatar e risarcimenti ai lavoratori migranti<\/title>\n<meta name=\"description\" content=\"Quando manca meno di una settimana all\u2019inizio dei Mondiali di calcio in Qatar, il tempo perch\u00e9 la Federazione internazionale delle associazioni\" \/>\n<meta name=\"robots\" content=\"index, follow, max-snippet:-1, max-image-preview:large, max-video-preview:-1\" \/>\n<link rel=\"canonical\" href=\"https:\/\/www.pressenza.com\/it\/2022\/11\/mondiali-di-calcio-del-qatar-e-risarcimenti-ai-lavoratori-migranti\/\" \/>\n<meta property=\"og:locale\" content=\"it_IT\" \/>\n<meta property=\"og:type\" content=\"article\" \/>\n<meta property=\"og:title\" content=\"Mondiali di calcio del Qatar e risarcimenti ai lavoratori migranti\" \/>\n<meta property=\"og:description\" content=\"Quando manca meno di una settimana all\u2019inizio dei Mondiali di calcio in Qatar, il tempo perch\u00e9 la Federazione internazionale delle associazioni\" \/>\n<meta property=\"og:url\" content=\"https:\/\/www.pressenza.com\/it\/2022\/11\/mondiali-di-calcio-del-qatar-e-risarcimenti-ai-lavoratori-migranti\/\" \/>\n<meta property=\"og:site_name\" content=\"Pressenza\" \/>\n<meta property=\"article:publisher\" content=\"https:\/\/www.facebook.com\/PressenzaItalia\" \/>\n<meta property=\"article:author\" content=\"https:\/\/www.facebook.com\/amnestyglobal\" \/>\n<meta property=\"article:published_time\" content=\"2022-11-15T10:56:00+00:00\" \/>\n<meta property=\"article:modified_time\" content=\"2022-11-15T10:57:23+00:00\" \/>\n<meta property=\"og:image\" content=\"https:\/\/www.pressenza.com\/wp-content\/uploads\/2022\/11\/Mondiali-calcio-Qatar-AI.jpeg\" \/>\n\t<meta property=\"og:image:width\" content=\"990\" \/>\n\t<meta property=\"og:image:height\" content=\"495\" \/>\n\t<meta property=\"og:image:type\" content=\"image\/jpeg\" \/>\n<meta name=\"author\" content=\"Amnesty International\" \/>\n<meta name=\"twitter:card\" content=\"summary_large_image\" \/>\n<meta name=\"twitter:creator\" content=\"@amnesty\" \/>\n<meta name=\"twitter:site\" content=\"@PressenzaIPA\" \/>\n<meta name=\"twitter:label1\" content=\"Scritto da\" \/>\n\t<meta name=\"twitter:data1\" content=\"Amnesty International\" \/>\n\t<meta name=\"twitter:label2\" content=\"Tempo di lettura stimato\" \/>\n\t<meta name=\"twitter:data2\" content=\"2 minuti\" \/>\n<script type=\"application\/ld+json\" class=\"yoast-schema-graph\">{\"@context\":\"https:\/\/schema.org\",\"@graph\":[{\"@type\":\"Article\",\"@id\":\"https:\/\/www.pressenza.com\/it\/2022\/11\/mondiali-di-calcio-del-qatar-e-risarcimenti-ai-lavoratori-migranti\/#article\",\"isPartOf\":{\"@id\":\"https:\/\/www.pressenza.com\/it\/2022\/11\/mondiali-di-calcio-del-qatar-e-risarcimenti-ai-lavoratori-migranti\/\"},\"author\":{\"name\":\"Amnesty International\",\"@id\":\"https:\/\/www.pressenza.com\/it\/#\/schema\/person\/9b981b05c7ecf09292e6acb3223b2d9d\"},\"headline\":\"Mondiali di calcio del Qatar e risarcimenti ai lavoratori migranti\",\"datePublished\":\"2022-11-15T10:56:00+00:00\",\"dateModified\":\"2022-11-15T10:57:23+00:00\",\"mainEntityOfPage\":{\"@id\":\"https:\/\/www.pressenza.com\/it\/2022\/11\/mondiali-di-calcio-del-qatar-e-risarcimenti-ai-lavoratori-migranti\/\"},\"wordCount\":458,\"publisher\":{\"@id\":\"https:\/\/www.pressenza.com\/it\/#organization\"},\"image\":{\"@id\":\"https:\/\/www.pressenza.com\/it\/2022\/11\/mondiali-di-calcio-del-qatar-e-risarcimenti-ai-lavoratori-migranti\/#primaryimage\"},\"thumbnailUrl\":\"https:\/\/www.pressenza.com\/wp-content\/uploads\/2022\/11\/Mondiali-calcio-Qatar-AI.jpeg\",\"keywords\":[\"Federazione internazionale delle associazioni calcistiche (Fifa)\",\"lavoratori migranti\",\"mondiali di calcio\",\"Qatar\",\"risarcimenti\"],\"articleSection\":[\"Comunicati Stampa\",\"Diritti Umani\",\"Medio Oriente\"],\"inLanguage\":\"it-IT\"},{\"@type\":\"WebPage\",\"@id\":\"https:\/\/www.pressenza.com\/it\/2022\/11\/mondiali-di-calcio-del-qatar-e-risarcimenti-ai-lavoratori-migranti\/\",\"url\":\"https:\/\/www.pressenza.com\/it\/2022\/11\/mondiali-di-calcio-del-qatar-e-risarcimenti-ai-lavoratori-migranti\/\",\"name\":\"Mondiali di calcio del Qatar e risarcimenti ai lavoratori migranti\",\"isPartOf\":{\"@id\":\"https:\/\/www.pressenza.com\/it\/#website\"},\"primaryImageOfPage\":{\"@id\":\"https:\/\/www.pressenza.com\/it\/2022\/11\/mondiali-di-calcio-del-qatar-e-risarcimenti-ai-lavoratori-migranti\/#primaryimage\"},\"image\":{\"@id\":\"https:\/\/www.pressenza.com\/it\/2022\/11\/mondiali-di-calcio-del-qatar-e-risarcimenti-ai-lavoratori-migranti\/#primaryimage\"},\"thumbnailUrl\":\"https:\/\/www.pressenza.com\/wp-content\/uploads\/2022\/11\/Mondiali-calcio-Qatar-AI.jpeg\",\"datePublished\":\"2022-11-15T10:56:00+00:00\",\"dateModified\":\"2022-11-15T10:57:23+00:00\",\"description\":\"Quando manca meno di una settimana all\u2019inizio dei Mondiali di calcio in Qatar, il tempo perch\u00e9 la Federazione internazionale delle associazioni\",\"breadcrumb\":{\"@id\":\"https:\/\/www.pressenza.com\/it\/2022\/11\/mondiali-di-calcio-del-qatar-e-risarcimenti-ai-lavoratori-migranti\/#breadcrumb\"},\"inLanguage\":\"it-IT\",\"potentialAction\":[{\"@type\":\"ReadAction\",\"target\":[\"https:\/\/www.pressenza.com\/it\/2022\/11\/mondiali-di-calcio-del-qatar-e-risarcimenti-ai-lavoratori-migranti\/\"]}]},{\"@type\":\"ImageObject\",\"inLanguage\":\"it-IT\",\"@id\":\"https:\/\/www.pressenza.com\/it\/2022\/11\/mondiali-di-calcio-del-qatar-e-risarcimenti-ai-lavoratori-migranti\/#primaryimage\",\"url\":\"https:\/\/www.pressenza.com\/wp-content\/uploads\/2022\/11\/Mondiali-calcio-Qatar-AI.jpeg\",\"contentUrl\":\"https:\/\/www.pressenza.com\/wp-content\/uploads\/2022\/11\/Mondiali-calcio-Qatar-AI.jpeg\",\"width\":990,\"height\":495},{\"@type\":\"BreadcrumbList\",\"@id\":\"https:\/\/www.pressenza.com\/it\/2022\/11\/mondiali-di-calcio-del-qatar-e-risarcimenti-ai-lavoratori-migranti\/#breadcrumb\",\"itemListElement\":[{\"@type\":\"ListItem\",\"position\":1,\"name\":\"Accueil\",\"item\":\"https:\/\/www.pressenza.com\/it\/\"},{\"@type\":\"ListItem\",\"position\":2,\"name\":\"Mondiali di calcio del Qatar e risarcimenti ai lavoratori migranti\"}]},{\"@type\":\"WebSite\",\"@id\":\"https:\/\/www.pressenza.com\/it\/#website\",\"url\":\"https:\/\/www.pressenza.com\/it\/\",\"name\":\"Pressenza\",\"description\":\"Agenzia di Stampa Internazionale\",\"publisher\":{\"@id\":\"https:\/\/www.pressenza.com\/it\/#organization\"},\"potentialAction\":[{\"@type\":\"SearchAction\",\"target\":{\"@type\":\"EntryPoint\",\"urlTemplate\":\"https:\/\/www.pressenza.com\/it\/?s={search_term_string}\"},\"query-input\":{\"@type\":\"PropertyValueSpecification\",\"valueRequired\":true,\"valueName\":\"search_term_string\"}}],\"inLanguage\":\"it-IT\"},{\"@type\":\"Organization\",\"@id\":\"https:\/\/www.pressenza.com\/it\/#organization\",\"name\":\"Pressenza\",\"url\":\"https:\/\/www.pressenza.com\/it\/\",\"logo\":{\"@type\":\"ImageObject\",\"inLanguage\":\"it-IT\",\"@id\":\"https:\/\/www.pressenza.com\/it\/#\/schema\/logo\/image\/\",\"url\":\"https:\/\/www.pressenza.com\/wp-content\/uploads\/2022\/10\/pressenza_logo_200x200.jpg\",\"contentUrl\":\"https:\/\/www.pressenza.com\/wp-content\/uploads\/2022\/10\/pressenza_logo_200x200.jpg\",\"width\":200,\"height\":200,\"caption\":\"Pressenza\"},\"image\":{\"@id\":\"https:\/\/www.pressenza.com\/it\/#\/schema\/logo\/image\/\"},\"sameAs\":[\"https:\/\/www.facebook.com\/PressenzaItalia\",\"https:\/\/x.com\/PressenzaIPA\"]},{\"@type\":\"Person\",\"@id\":\"https:\/\/www.pressenza.com\/it\/#\/schema\/person\/9b981b05c7ecf09292e6acb3223b2d9d\",\"name\":\"Amnesty International\",\"description\":\"Amnesty International is a global movement of more than 3 million supporters, members and activists in over 150 countries and territories who campaign to end grave abuses of human rights. Our vision is for every person to enjoy all the rights enshrined in the Universal Declaration of Human Rights and other international human rights standards. www.amnesty.org\",\"sameAs\":[\"http:\/\/www.amnesty.it\",\"https:\/\/www.facebook.com\/amnestyglobal\",\"https:\/\/x.com\/amnesty\"],\"url\":\"https:\/\/www.pressenza.com\/it\/author\/amnesty-international\/\"}]}<\/script>\n<!-- \/ Yoast SEO plugin. -->","yoast_head_json":{"title":"Mondiali di calcio del Qatar e risarcimenti ai lavoratori migranti","description":"Quando manca meno di una settimana all\u2019inizio dei Mondiali di calcio in Qatar, il tempo perch\u00e9 la Federazione internazionale delle associazioni","robots":{"index":"index","follow":"follow","max-snippet":"max-snippet:-1","max-image-preview":"max-image-preview:large","max-video-preview":"max-video-preview:-1"},"canonical":"https:\/\/www.pressenza.com\/it\/2022\/11\/mondiali-di-calcio-del-qatar-e-risarcimenti-ai-lavoratori-migranti\/","og_locale":"it_IT","og_type":"article","og_title":"Mondiali di calcio del Qatar e risarcimenti ai lavoratori migranti","og_description":"Quando manca meno di una settimana all\u2019inizio dei Mondiali di calcio in Qatar, il tempo perch\u00e9 la Federazione internazionale delle associazioni","og_url":"https:\/\/www.pressenza.com\/it\/2022\/11\/mondiali-di-calcio-del-qatar-e-risarcimenti-ai-lavoratori-migranti\/","og_site_name":"Pressenza","article_publisher":"https:\/\/www.facebook.com\/PressenzaItalia","article_author":"https:\/\/www.facebook.com\/amnestyglobal","article_published_time":"2022-11-15T10:56:00+00:00","article_modified_time":"2022-11-15T10:57:23+00:00","og_image":[{"width":990,"height":495,"url":"https:\/\/www.pressenza.com\/wp-content\/uploads\/2022\/11\/Mondiali-calcio-Qatar-AI.jpeg","type":"image\/jpeg"}],"author":"Amnesty International","twitter_card":"summary_large_image","twitter_creator":"@amnesty","twitter_site":"@PressenzaIPA","twitter_misc":{"Scritto da":"Amnesty International","Tempo di lettura stimato":"2 minuti"},"schema":{"@context":"https:\/\/schema.org","@graph":[{"@type":"Article","@id":"https:\/\/www.pressenza.com\/it\/2022\/11\/mondiali-di-calcio-del-qatar-e-risarcimenti-ai-lavoratori-migranti\/#article","isPartOf":{"@id":"https:\/\/www.pressenza.com\/it\/2022\/11\/mondiali-di-calcio-del-qatar-e-risarcimenti-ai-lavoratori-migranti\/"},"author":{"name":"Amnesty International","@id":"https:\/\/www.pressenza.com\/it\/#\/schema\/person\/9b981b05c7ecf09292e6acb3223b2d9d"},"headline":"Mondiali di calcio del Qatar e risarcimenti ai lavoratori migranti","datePublished":"2022-11-15T10:56:00+00:00","dateModified":"2022-11-15T10:57:23+00:00","mainEntityOfPage":{"@id":"https:\/\/www.pressenza.com\/it\/2022\/11\/mondiali-di-calcio-del-qatar-e-risarcimenti-ai-lavoratori-migranti\/"},"wordCount":458,"publisher":{"@id":"https:\/\/www.pressenza.com\/it\/#organization"},"image":{"@id":"https:\/\/www.pressenza.com\/it\/2022\/11\/mondiali-di-calcio-del-qatar-e-risarcimenti-ai-lavoratori-migranti\/#primaryimage"},"thumbnailUrl":"https:\/\/www.pressenza.com\/wp-content\/uploads\/2022\/11\/Mondiali-calcio-Qatar-AI.jpeg","keywords":["Federazione internazionale delle associazioni calcistiche (Fifa)","lavoratori migranti","mondiali di calcio","Qatar","risarcimenti"],"articleSection":["Comunicati Stampa","Diritti Umani","Medio Oriente"],"inLanguage":"it-IT"},{"@type":"WebPage","@id":"https:\/\/www.pressenza.com\/it\/2022\/11\/mondiali-di-calcio-del-qatar-e-risarcimenti-ai-lavoratori-migranti\/","url":"https:\/\/www.pressenza.com\/it\/2022\/11\/mondiali-di-calcio-del-qatar-e-risarcimenti-ai-lavoratori-migranti\/","name":"Mondiali di calcio del Qatar e risarcimenti ai lavoratori migranti","isPartOf":{"@id":"https:\/\/www.pressenza.com\/it\/#website"},"primaryImageOfPage":{"@id":"https:\/\/www.pressenza.com\/it\/2022\/11\/mondiali-di-calcio-del-qatar-e-risarcimenti-ai-lavoratori-migranti\/#primaryimage"},"image":{"@id":"https:\/\/www.pressenza.com\/it\/2022\/11\/mondiali-di-calcio-del-qatar-e-risarcimenti-ai-lavoratori-migranti\/#primaryimage"},"thumbnailUrl":"https:\/\/www.pressenza.com\/wp-content\/uploads\/2022\/11\/Mondiali-calcio-Qatar-AI.jpeg","datePublished":"2022-11-15T10:56:00+00:00","dateModified":"2022-11-15T10:57:23+00:00","description":"Quando manca meno di una settimana all\u2019inizio dei Mondiali di calcio in Qatar, il tempo perch\u00e9 la Federazione internazionale delle associazioni","breadcrumb":{"@id":"https:\/\/www.pressenza.com\/it\/2022\/11\/mondiali-di-calcio-del-qatar-e-risarcimenti-ai-lavoratori-migranti\/#breadcrumb"},"inLanguage":"it-IT","potentialAction":[{"@type":"ReadAction","target":["https:\/\/www.pressenza.com\/it\/2022\/11\/mondiali-di-calcio-del-qatar-e-risarcimenti-ai-lavoratori-migranti\/"]}]},{"@type":"ImageObject","inLanguage":"it-IT","@id":"https:\/\/www.pressenza.com\/it\/2022\/11\/mondiali-di-calcio-del-qatar-e-risarcimenti-ai-lavoratori-migranti\/#primaryimage","url":"https:\/\/www.pressenza.com\/wp-content\/uploads\/2022\/11\/Mondiali-calcio-Qatar-AI.jpeg","contentUrl":"https:\/\/www.pressenza.com\/wp-content\/uploads\/2022\/11\/Mondiali-calcio-Qatar-AI.jpeg","width":990,"height":495},{"@type":"BreadcrumbList","@id":"https:\/\/www.pressenza.com\/it\/2022\/11\/mondiali-di-calcio-del-qatar-e-risarcimenti-ai-lavoratori-migranti\/#breadcrumb","itemListElement":[{"@type":"ListItem","position":1,"name":"Accueil","item":"https:\/\/www.pressenza.com\/it\/"},{"@type":"ListItem","position":2,"name":"Mondiali di calcio del Qatar e risarcimenti ai lavoratori migranti"}]},{"@type":"WebSite","@id":"https:\/\/www.pressenza.com\/it\/#website","url":"https:\/\/www.pressenza.com\/it\/","name":"Pressenza","description":"Agenzia di Stampa Internazionale","publisher":{"@id":"https:\/\/www.pressenza.com\/it\/#organization"},"potentialAction":[{"@type":"SearchAction","target":{"@type":"EntryPoint","urlTemplate":"https:\/\/www.pressenza.com\/it\/?s={search_term_string}"},"query-input":{"@type":"PropertyValueSpecification","valueRequired":true,"valueName":"search_term_string"}}],"inLanguage":"it-IT"},{"@type":"Organization","@id":"https:\/\/www.pressenza.com\/it\/#organization","name":"Pressenza","url":"https:\/\/www.pressenza.com\/it\/","logo":{"@type":"ImageObject","inLanguage":"it-IT","@id":"https:\/\/www.pressenza.com\/it\/#\/schema\/logo\/image\/","url":"https:\/\/www.pressenza.com\/wp-content\/uploads\/2022\/10\/pressenza_logo_200x200.jpg","contentUrl":"https:\/\/www.pressenza.com\/wp-content\/uploads\/2022\/10\/pressenza_logo_200x200.jpg","width":200,"height":200,"caption":"Pressenza"},"image":{"@id":"https:\/\/www.pressenza.com\/it\/#\/schema\/logo\/image\/"},"sameAs":["https:\/\/www.facebook.com\/PressenzaItalia","https:\/\/x.com\/PressenzaIPA"]},{"@type":"Person","@id":"https:\/\/www.pressenza.com\/it\/#\/schema\/person\/9b981b05c7ecf09292e6acb3223b2d9d","name":"Amnesty International","description":"Amnesty International is a global movement of more than 3 million supporters, members and activists in over 150 countries and territories who campaign to end grave abuses of human rights. Our vision is for every person to enjoy all the rights enshrined in the Universal Declaration of Human Rights and other international human rights standards. www.amnesty.org","sameAs":["http:\/\/www.amnesty.it","https:\/\/www.facebook.com\/amnestyglobal","https:\/\/x.com\/amnesty"],"url":"https:\/\/www.pressenza.com\/it\/author\/amnesty-international\/"}]}},"place":"","original_article_url":"","_links":{"self":[{"href":"https:\/\/www.pressenza.com\/it\/wp-json\/wp\/v2\/posts\/1693997","targetHints":{"allow":["GET"]}}],"collection":[{"href":"https:\/\/www.pressenza.com\/it\/wp-json\/wp\/v2\/posts"}],"about":[{"href":"https:\/\/www.pressenza.com\/it\/wp-json\/wp\/v2\/types\/post"}],"author":[{"embeddable":true,"href":"https:\/\/www.pressenza.com\/it\/wp-json\/wp\/v2\/users\/432"}],"replies":[{"embeddable":true,"href":"https:\/\/www.pressenza.com\/it\/wp-json\/wp\/v2\/comments?post=1693997"}],"version-history":[{"count":0,"href":"https:\/\/www.pressenza.com\/it\/wp-json\/wp\/v2\/posts\/1693997\/revisions"}],"wp:featuredmedia":[{"embeddable":true,"href":"https:\/\/www.pressenza.com\/it\/wp-json\/wp\/v2\/media\/1693999"}],"wp:attachment":[{"href":"https:\/\/www.pressenza.com\/it\/wp-json\/wp\/v2\/media?parent=1693997"}],"wp:term":[{"taxonomy":"category","embeddable":true,"href":"https:\/\/www.pressenza.com\/it\/wp-json\/wp\/v2\/categories?post=1693997"},{"taxonomy":"post_tag","embeddable":true,"href":"https:\/\/www.pressenza.com\/it\/wp-json\/wp\/v2\/tags?post=1693997"}],"curies":[{"name":"wp","href":"https:\/\/api.w.org\/{rel}","templated":true}]}}