{"id":1693722,"date":"2022-11-14T10:03:04","date_gmt":"2022-11-14T10:03:04","guid":{"rendered":"https:\/\/www.pressenza.com\/?p=1693722"},"modified":"2022-11-14T10:03:04","modified_gmt":"2022-11-14T10:03:04","slug":"giornata-poveri-rossini-sul-tema-della-poverta-litalia-esca-dalla-logica-degli-slogan","status":"publish","type":"post","link":"https:\/\/www.pressenza.com\/it\/2022\/11\/giornata-poveri-rossini-sul-tema-della-poverta-litalia-esca-dalla-logica-degli-slogan\/","title":{"rendered":"Giornata Poveri, Rossini: \u201cSul tema della povert\u00e0 l\u2019Italia esca dalla logica degli slogan\u201d"},"content":{"rendered":"<p><em>In occasione della VI Giornata Mondiale dei Poveri che si \u00e8 svolta ieri. vi presentiamo una sintesi dell&#8217;intervista realizzata dalla agenzia stampa www.Interris.it  al prof. Roberto Rossini, docente di Sociologia al Canossa Campus di Brescia e, dal 2016, portavoce di Alleanza contro la Povert\u00e0 in Italia.<\/em><\/p>\n<p>Quanti sono i poveri in Italia?<\/p>\n<p>\u201cSecondo gli ultimi dati ISTAT, su 60 milioni di abitanti, i poveri in Italia sono 5 milioni 600mila persone; di questi, 1 milione e 400mila sono minori.<br \/>\nIn pratica, sono in povert\u00e0 1 milione 900mila famiglie. Il numero di poveri, cosa molto preoccupante, \u00e8 in costante e rapido aumento: nel 2000 erano meno di 2 milioni di persone.<br \/>\nOggi siamo quasi al triplo. E si tratta di poveri assoluti, vale a dire persone non necessariamente senza una casa ma che guadagnano troppo poco (o nulla) per poter avere una vita dignitosa\u201d.<\/p>\n<p>Alleanza contro la Povert\u00e0 in Italia: quali sono i oggetti sociali che ne fanno parte ?<\/p>\n<p>\u201cSiamo 36 organizzazioni. Oltre alle Acli, aderiscono all\u2019Alleanza contro la Povert\u00e0 in Italia: Action Aid, Anci, Azione Cattolica Italiana, Cgil, Cisl, Uil, Cnca, Comunit\u00e0 di Sant\u2019Egidio, Confcooperative, Conferenza delle Regioni e delle Province Autonome, San Vincenzo de Paoli, Forum Nazionale del Terzo Settore, Save the Children, Umanit\u00e0 Nuova \u2013 Movimento dei Focolari, Adiconsum, Arci, Fondazione Banco Farmaceutico, CSVnet \u2013 Coordinamento Nazionale dei Centri di Servizio per il Volontariato, Confederazione Nazionale delle Misericordie d\u2019Italia, CNOAS, Croce Rossa Italiana, Focsiv, Don Orione, U.N.I.T.A.L.S.I. e la Comunit\u00e0 Papa Giovanni XXIII.<br \/>\nNel 2017 siamo stati protagonisti dell\u2019entrata in vigore del reddito di inclusione (REI). Alleanza Contro la Povert\u00e0 \u00e8 una delle poche reti che non si raggruppa su un credo politico, ma su un tema specifico trasversale: la lotta alla povert\u00e0. E, nel 2017, tutti convergemmo sull\u2019importanza di istituire il reddito di inclusione (REI)\u201d.<\/p>\n<p>Cosa \u00e8 il REI?<\/p>\n<p>\u201cUna misura di contrasto alla povert\u00e0 dal carattere universale condizionata alla valutazione della condizione economica. Il REI si componeva di due parti: un beneficio economico, erogato mensilmente attraverso una carta di pagamento elettronica (Carta REI), e un progetto personalizzato di attivazione e di inclusione sociale e lavorativa volto al superamento della condizione di povert\u00e0<\/p>\n<p>Quali sono le 8 proposte di Alleanza contro la Povert\u00e0 in Italia?<\/p>\n<p>\u201cCi siamo concentrati per le nostre proposte sul Reddito di Cittadinanza (RdC), perch\u00e9 \u00e8 attualmente lo strumento in vigore per contrastare la povert\u00e0.<br \/>\nLe prime proposte riguardano l\u2019accesso.<br \/>\nUna recente analisi della Caritas ha dimostrato che solo la met\u00e0 dei poveri ricevono il RdC. Questo significa che ci sono eccessive difficolt\u00e0 ad accedere al sostegno.<br \/>\nNello specifico: procedure burocratiche troppo complicate e requisiti troppo stringenti.<br \/>\nPer esempio, uno straniero in regola per accedere al RdC deve dimostrare di vivere in Italia da almeno 10 anni; oppure, una persona che ha una seconda casa \u00e8 escluso automaticamente anche se l\u2019immobile non riesce a venderlo (e perci\u00f2 rappresenta una spesa e non un guadagno)\u201d. <\/p>\n<p>Quali sono le altre vostre proposte?<\/p>\n<p>\u201cLe altre proposte riguardano l\u2019importo economico del RdC: va bene solo per i singoli, ma non per le famiglie numerose con 3 o pi\u00f9 figli. Le scale di equivalenza sono pensate male.<br \/>\nE poi le politiche attive del lavoro sono ancora piuttosto deboli.<br \/>\nNoi chiediamo che si possa cumulare almeno in parte il RdC con il reddito di lavoro, quando quest\u2019ultimo \u00e8 particolarmente basso e\/o solo stagionale. Al fine di far arrivare il lavoratore ad avere un reddito mensile dignitoso.<br \/>\nInfine, \u00e8 necessario aumentare il sussidio: \u00e8 cresciuta l\u2019inflazione e il costo della vita ma non \u00e8 cambiato l\u2019importo del RdC\u201d.<\/p>\n<p>Crede che il nuovo Governo dovrebbe riformare il Reddito di Cittadinanza e perch\u00e9?<\/p>\n<p>\u201cS\u00ec, andrebbe modificato per venire incontro alle esigenze reali delle persone. Ed essere pi\u00f9 accessibile ad una platea pi\u00f9 ampia di quanto non lo sia ora. Il RdC viene erogato a 1,4 milioni di persone; uno per nucleo familiare. A questi 5 milioni e 600 mila poveri bisogna dare dunque una risposta in pi\u00f9. Che non sia solo il lavoro.<br \/>\nChi pu\u00f2 lavorare, infatti, dovrebbe essere aiutato a trovare un lavoro con uno stipendio dignitoso e che non sia precario. Ma molti poveri non sono in grado di lavorare.<br \/>\nBasta andare in un dormitorio pubblico per rendersi conto che la povert\u00e0 si accompagna spesso a molte altre problematiche: disabilit\u00e0 fisiche o psichiche, dipendenze, semi analfabetismo, etc. Insomma, la povert\u00e0 quasi mai si accompagna da sola\u201d.<\/p>\n","protected":false},"excerpt":{"rendered":"<p>In occasione della VI Giornata Mondiale dei Poveri che si \u00e8 svolta ieri. vi presentiamo una sintesi dell&#8217;intervista realizzata dalla agenzia stampa www.Interris.it al prof. Roberto Rossini, docente di Sociologia al Canossa Campus di Brescia e, dal 2016, portavoce di&hellip;<\/p>\n","protected":false},"author":594,"featured_media":575053,"comment_status":"closed","ping_status":"closed","sticky":false,"template":"","format":"standard","meta":{"footnotes":""},"categories":[11388,60,62,47,157],"tags":[107528,107527],"class_list":["post-1693722","post","type-post","status-publish","format-standard","has-post-thumbnail","hentry","category-contenuti-originali","category-diritti-umani","category-economia","category-europa","category-interviste","tag-alleanza-contro-la-poverta","tag-giornata-poveri"],"yoast_head":"<!-- This site is optimized with the Yoast SEO plugin v27.1.1 - https:\/\/yoast.com\/product\/yoast-seo-wordpress\/ -->\n<title>Giornata Poveri, Rossini: \u201cSul tema della povert\u00e0 l\u2019Italia esca dalla logica degli slogan\u201d<\/title>\n<meta name=\"description\" content=\"In occasione della VI Giornata Mondiale dei Poveri che si \u00e8 svolta ieri. vi presentiamo una sintesi dell&#039;intervista realizzata dalla agenzia stampa\" \/>\n<meta name=\"robots\" content=\"index, follow, max-snippet:-1, max-image-preview:large, max-video-preview:-1\" \/>\n<link rel=\"canonical\" href=\"https:\/\/www.pressenza.com\/it\/2022\/11\/giornata-poveri-rossini-sul-tema-della-poverta-litalia-esca-dalla-logica-degli-slogan\/\" \/>\n<meta property=\"og:locale\" content=\"it_IT\" \/>\n<meta property=\"og:type\" content=\"article\" \/>\n<meta property=\"og:title\" content=\"Giornata Poveri, Rossini: \u201cSul tema della povert\u00e0 l\u2019Italia esca dalla logica degli slogan\u201d\" \/>\n<meta property=\"og:description\" content=\"In occasione della VI Giornata Mondiale dei Poveri che si \u00e8 svolta ieri. vi presentiamo una sintesi dell&#039;intervista realizzata dalla agenzia stampa\" \/>\n<meta property=\"og:url\" content=\"https:\/\/www.pressenza.com\/it\/2022\/11\/giornata-poveri-rossini-sul-tema-della-poverta-litalia-esca-dalla-logica-degli-slogan\/\" \/>\n<meta property=\"og:site_name\" content=\"Pressenza\" \/>\n<meta property=\"article:publisher\" content=\"https:\/\/www.facebook.com\/PressenzaItalia\" \/>\n<meta property=\"article:author\" content=\"https:\/\/www.facebook.com\/PressenzaItalia\" \/>\n<meta property=\"article:published_time\" content=\"2022-11-14T10:03:04+00:00\" \/>\n<meta property=\"og:image\" content=\"https:\/\/www.pressenza.com\/wp-content\/uploads\/2017\/12\/poveri-Como.jpg\" \/>\n\t<meta property=\"og:image:width\" content=\"2048\" \/>\n\t<meta property=\"og:image:height\" content=\"1393\" \/>\n\t<meta property=\"og:image:type\" content=\"image\/jpeg\" \/>\n<meta name=\"author\" content=\"Redazione Italia\" \/>\n<meta name=\"twitter:card\" content=\"summary_large_image\" \/>\n<meta name=\"twitter:creator\" content=\"@pressenza_it\" \/>\n<meta name=\"twitter:site\" content=\"@PressenzaIPA\" \/>\n<meta name=\"twitter:label1\" content=\"Scritto da\" \/>\n\t<meta name=\"twitter:data1\" content=\"Redazione Italia\" \/>\n\t<meta name=\"twitter:label2\" content=\"Tempo di lettura stimato\" \/>\n\t<meta name=\"twitter:data2\" content=\"4 minuti\" \/>\n<script type=\"application\/ld+json\" class=\"yoast-schema-graph\">{\"@context\":\"https:\/\/schema.org\",\"@graph\":[{\"@type\":\"Article\",\"@id\":\"https:\/\/www.pressenza.com\/it\/2022\/11\/giornata-poveri-rossini-sul-tema-della-poverta-litalia-esca-dalla-logica-degli-slogan\/#article\",\"isPartOf\":{\"@id\":\"https:\/\/www.pressenza.com\/it\/2022\/11\/giornata-poveri-rossini-sul-tema-della-poverta-litalia-esca-dalla-logica-degli-slogan\/\"},\"author\":{\"name\":\"Redazione Italia\",\"@id\":\"https:\/\/www.pressenza.com\/it\/#\/schema\/person\/d983e81827ae24f2c7b1a2123d197f8d\"},\"headline\":\"Giornata Poveri, Rossini: \u201cSul tema della povert\u00e0 l\u2019Italia esca dalla logica degli slogan\u201d\",\"datePublished\":\"2022-11-14T10:03:04+00:00\",\"mainEntityOfPage\":{\"@id\":\"https:\/\/www.pressenza.com\/it\/2022\/11\/giornata-poveri-rossini-sul-tema-della-poverta-litalia-esca-dalla-logica-degli-slogan\/\"},\"wordCount\":733,\"publisher\":{\"@id\":\"https:\/\/www.pressenza.com\/it\/#organization\"},\"image\":{\"@id\":\"https:\/\/www.pressenza.com\/it\/2022\/11\/giornata-poveri-rossini-sul-tema-della-poverta-litalia-esca-dalla-logica-degli-slogan\/#primaryimage\"},\"thumbnailUrl\":\"https:\/\/www.pressenza.com\/wp-content\/uploads\/2017\/12\/poveri-Como.jpg\",\"keywords\":[\"alleanza contro la povert\u00e0\",\"giornata poveri\"],\"articleSection\":[\"contenuti originali\",\"Diritti Umani\",\"Economia\",\"Europa\",\"Interviste\"],\"inLanguage\":\"it-IT\"},{\"@type\":\"WebPage\",\"@id\":\"https:\/\/www.pressenza.com\/it\/2022\/11\/giornata-poveri-rossini-sul-tema-della-poverta-litalia-esca-dalla-logica-degli-slogan\/\",\"url\":\"https:\/\/www.pressenza.com\/it\/2022\/11\/giornata-poveri-rossini-sul-tema-della-poverta-litalia-esca-dalla-logica-degli-slogan\/\",\"name\":\"Giornata Poveri, Rossini: \u201cSul tema della povert\u00e0 l\u2019Italia esca dalla logica degli slogan\u201d\",\"isPartOf\":{\"@id\":\"https:\/\/www.pressenza.com\/it\/#website\"},\"primaryImageOfPage\":{\"@id\":\"https:\/\/www.pressenza.com\/it\/2022\/11\/giornata-poveri-rossini-sul-tema-della-poverta-litalia-esca-dalla-logica-degli-slogan\/#primaryimage\"},\"image\":{\"@id\":\"https:\/\/www.pressenza.com\/it\/2022\/11\/giornata-poveri-rossini-sul-tema-della-poverta-litalia-esca-dalla-logica-degli-slogan\/#primaryimage\"},\"thumbnailUrl\":\"https:\/\/www.pressenza.com\/wp-content\/uploads\/2017\/12\/poveri-Como.jpg\",\"datePublished\":\"2022-11-14T10:03:04+00:00\",\"description\":\"In occasione della VI Giornata Mondiale dei Poveri che si \u00e8 svolta ieri. vi presentiamo una sintesi dell'intervista realizzata dalla agenzia stampa\",\"breadcrumb\":{\"@id\":\"https:\/\/www.pressenza.com\/it\/2022\/11\/giornata-poveri-rossini-sul-tema-della-poverta-litalia-esca-dalla-logica-degli-slogan\/#breadcrumb\"},\"inLanguage\":\"it-IT\",\"potentialAction\":[{\"@type\":\"ReadAction\",\"target\":[\"https:\/\/www.pressenza.com\/it\/2022\/11\/giornata-poveri-rossini-sul-tema-della-poverta-litalia-esca-dalla-logica-degli-slogan\/\"]}]},{\"@type\":\"ImageObject\",\"inLanguage\":\"it-IT\",\"@id\":\"https:\/\/www.pressenza.com\/it\/2022\/11\/giornata-poveri-rossini-sul-tema-della-poverta-litalia-esca-dalla-logica-degli-slogan\/#primaryimage\",\"url\":\"https:\/\/www.pressenza.com\/wp-content\/uploads\/2017\/12\/poveri-Como.jpg\",\"contentUrl\":\"https:\/\/www.pressenza.com\/wp-content\/uploads\/2017\/12\/poveri-Como.jpg\",\"width\":2048,\"height\":1393},{\"@type\":\"BreadcrumbList\",\"@id\":\"https:\/\/www.pressenza.com\/it\/2022\/11\/giornata-poveri-rossini-sul-tema-della-poverta-litalia-esca-dalla-logica-degli-slogan\/#breadcrumb\",\"itemListElement\":[{\"@type\":\"ListItem\",\"position\":1,\"name\":\"Accueil\",\"item\":\"https:\/\/www.pressenza.com\/it\/\"},{\"@type\":\"ListItem\",\"position\":2,\"name\":\"Giornata Poveri, Rossini: \u201cSul tema della povert\u00e0 l\u2019Italia esca dalla logica degli slogan\u201d\"}]},{\"@type\":\"WebSite\",\"@id\":\"https:\/\/www.pressenza.com\/it\/#website\",\"url\":\"https:\/\/www.pressenza.com\/it\/\",\"name\":\"Pressenza\",\"description\":\"Agenzia di Stampa Internazionale\",\"publisher\":{\"@id\":\"https:\/\/www.pressenza.com\/it\/#organization\"},\"potentialAction\":[{\"@type\":\"SearchAction\",\"target\":{\"@type\":\"EntryPoint\",\"urlTemplate\":\"https:\/\/www.pressenza.com\/it\/?s={search_term_string}\"},\"query-input\":{\"@type\":\"PropertyValueSpecification\",\"valueRequired\":true,\"valueName\":\"search_term_string\"}}],\"inLanguage\":\"it-IT\"},{\"@type\":\"Organization\",\"@id\":\"https:\/\/www.pressenza.com\/it\/#organization\",\"name\":\"Pressenza\",\"url\":\"https:\/\/www.pressenza.com\/it\/\",\"logo\":{\"@type\":\"ImageObject\",\"inLanguage\":\"it-IT\",\"@id\":\"https:\/\/www.pressenza.com\/it\/#\/schema\/logo\/image\/\",\"url\":\"https:\/\/www.pressenza.com\/wp-content\/uploads\/2022\/10\/pressenza_logo_200x200.jpg\",\"contentUrl\":\"https:\/\/www.pressenza.com\/wp-content\/uploads\/2022\/10\/pressenza_logo_200x200.jpg\",\"width\":200,\"height\":200,\"caption\":\"Pressenza\"},\"image\":{\"@id\":\"https:\/\/www.pressenza.com\/it\/#\/schema\/logo\/image\/\"},\"sameAs\":[\"https:\/\/www.facebook.com\/PressenzaItalia\",\"https:\/\/x.com\/PressenzaIPA\"]},{\"@type\":\"Person\",\"@id\":\"https:\/\/www.pressenza.com\/it\/#\/schema\/person\/d983e81827ae24f2c7b1a2123d197f8d\",\"name\":\"Redazione Italia\",\"description\":\"News from the Pressenza Bureau in Italy\",\"sameAs\":[\"https:\/\/www.pressenza.com\/it\/author\/redazione-italia\/\",\"https:\/\/www.facebook.com\/PressenzaItalia\",\"https:\/\/www.instagram.com\/pressenza_italia\/\",\"https:\/\/x.com\/pressenza_it\",\"https:\/\/www.youtube.com\/channel\/UCSalEIWjE1RSxkwjfftFuqg\"],\"url\":\"https:\/\/www.pressenza.com\/it\/author\/redazione-italia\/\"}]}<\/script>\n<!-- \/ Yoast SEO plugin. -->","yoast_head_json":{"title":"Giornata Poveri, Rossini: \u201cSul tema della povert\u00e0 l\u2019Italia esca dalla logica degli slogan\u201d","description":"In occasione della VI Giornata Mondiale dei Poveri che si \u00e8 svolta ieri. vi presentiamo una sintesi dell'intervista realizzata dalla agenzia stampa","robots":{"index":"index","follow":"follow","max-snippet":"max-snippet:-1","max-image-preview":"max-image-preview:large","max-video-preview":"max-video-preview:-1"},"canonical":"https:\/\/www.pressenza.com\/it\/2022\/11\/giornata-poveri-rossini-sul-tema-della-poverta-litalia-esca-dalla-logica-degli-slogan\/","og_locale":"it_IT","og_type":"article","og_title":"Giornata Poveri, Rossini: \u201cSul tema della povert\u00e0 l\u2019Italia esca dalla logica degli slogan\u201d","og_description":"In occasione della VI Giornata Mondiale dei Poveri che si \u00e8 svolta ieri. vi presentiamo una sintesi dell'intervista realizzata dalla agenzia stampa","og_url":"https:\/\/www.pressenza.com\/it\/2022\/11\/giornata-poveri-rossini-sul-tema-della-poverta-litalia-esca-dalla-logica-degli-slogan\/","og_site_name":"Pressenza","article_publisher":"https:\/\/www.facebook.com\/PressenzaItalia","article_author":"https:\/\/www.facebook.com\/PressenzaItalia","article_published_time":"2022-11-14T10:03:04+00:00","og_image":[{"width":2048,"height":1393,"url":"https:\/\/www.pressenza.com\/wp-content\/uploads\/2017\/12\/poveri-Como.jpg","type":"image\/jpeg"}],"author":"Redazione Italia","twitter_card":"summary_large_image","twitter_creator":"@pressenza_it","twitter_site":"@PressenzaIPA","twitter_misc":{"Scritto da":"Redazione Italia","Tempo di lettura stimato":"4 minuti"},"schema":{"@context":"https:\/\/schema.org","@graph":[{"@type":"Article","@id":"https:\/\/www.pressenza.com\/it\/2022\/11\/giornata-poveri-rossini-sul-tema-della-poverta-litalia-esca-dalla-logica-degli-slogan\/#article","isPartOf":{"@id":"https:\/\/www.pressenza.com\/it\/2022\/11\/giornata-poveri-rossini-sul-tema-della-poverta-litalia-esca-dalla-logica-degli-slogan\/"},"author":{"name":"Redazione Italia","@id":"https:\/\/www.pressenza.com\/it\/#\/schema\/person\/d983e81827ae24f2c7b1a2123d197f8d"},"headline":"Giornata Poveri, Rossini: \u201cSul tema della povert\u00e0 l\u2019Italia esca dalla logica degli slogan\u201d","datePublished":"2022-11-14T10:03:04+00:00","mainEntityOfPage":{"@id":"https:\/\/www.pressenza.com\/it\/2022\/11\/giornata-poveri-rossini-sul-tema-della-poverta-litalia-esca-dalla-logica-degli-slogan\/"},"wordCount":733,"publisher":{"@id":"https:\/\/www.pressenza.com\/it\/#organization"},"image":{"@id":"https:\/\/www.pressenza.com\/it\/2022\/11\/giornata-poveri-rossini-sul-tema-della-poverta-litalia-esca-dalla-logica-degli-slogan\/#primaryimage"},"thumbnailUrl":"https:\/\/www.pressenza.com\/wp-content\/uploads\/2017\/12\/poveri-Como.jpg","keywords":["alleanza contro la povert\u00e0","giornata poveri"],"articleSection":["contenuti originali","Diritti Umani","Economia","Europa","Interviste"],"inLanguage":"it-IT"},{"@type":"WebPage","@id":"https:\/\/www.pressenza.com\/it\/2022\/11\/giornata-poveri-rossini-sul-tema-della-poverta-litalia-esca-dalla-logica-degli-slogan\/","url":"https:\/\/www.pressenza.com\/it\/2022\/11\/giornata-poveri-rossini-sul-tema-della-poverta-litalia-esca-dalla-logica-degli-slogan\/","name":"Giornata Poveri, Rossini: \u201cSul tema della povert\u00e0 l\u2019Italia esca dalla logica degli slogan\u201d","isPartOf":{"@id":"https:\/\/www.pressenza.com\/it\/#website"},"primaryImageOfPage":{"@id":"https:\/\/www.pressenza.com\/it\/2022\/11\/giornata-poveri-rossini-sul-tema-della-poverta-litalia-esca-dalla-logica-degli-slogan\/#primaryimage"},"image":{"@id":"https:\/\/www.pressenza.com\/it\/2022\/11\/giornata-poveri-rossini-sul-tema-della-poverta-litalia-esca-dalla-logica-degli-slogan\/#primaryimage"},"thumbnailUrl":"https:\/\/www.pressenza.com\/wp-content\/uploads\/2017\/12\/poveri-Como.jpg","datePublished":"2022-11-14T10:03:04+00:00","description":"In occasione della VI Giornata Mondiale dei Poveri che si \u00e8 svolta ieri. vi presentiamo una sintesi dell'intervista realizzata dalla agenzia stampa","breadcrumb":{"@id":"https:\/\/www.pressenza.com\/it\/2022\/11\/giornata-poveri-rossini-sul-tema-della-poverta-litalia-esca-dalla-logica-degli-slogan\/#breadcrumb"},"inLanguage":"it-IT","potentialAction":[{"@type":"ReadAction","target":["https:\/\/www.pressenza.com\/it\/2022\/11\/giornata-poveri-rossini-sul-tema-della-poverta-litalia-esca-dalla-logica-degli-slogan\/"]}]},{"@type":"ImageObject","inLanguage":"it-IT","@id":"https:\/\/www.pressenza.com\/it\/2022\/11\/giornata-poveri-rossini-sul-tema-della-poverta-litalia-esca-dalla-logica-degli-slogan\/#primaryimage","url":"https:\/\/www.pressenza.com\/wp-content\/uploads\/2017\/12\/poveri-Como.jpg","contentUrl":"https:\/\/www.pressenza.com\/wp-content\/uploads\/2017\/12\/poveri-Como.jpg","width":2048,"height":1393},{"@type":"BreadcrumbList","@id":"https:\/\/www.pressenza.com\/it\/2022\/11\/giornata-poveri-rossini-sul-tema-della-poverta-litalia-esca-dalla-logica-degli-slogan\/#breadcrumb","itemListElement":[{"@type":"ListItem","position":1,"name":"Accueil","item":"https:\/\/www.pressenza.com\/it\/"},{"@type":"ListItem","position":2,"name":"Giornata Poveri, Rossini: \u201cSul tema della povert\u00e0 l\u2019Italia esca dalla logica degli slogan\u201d"}]},{"@type":"WebSite","@id":"https:\/\/www.pressenza.com\/it\/#website","url":"https:\/\/www.pressenza.com\/it\/","name":"Pressenza","description":"Agenzia di Stampa Internazionale","publisher":{"@id":"https:\/\/www.pressenza.com\/it\/#organization"},"potentialAction":[{"@type":"SearchAction","target":{"@type":"EntryPoint","urlTemplate":"https:\/\/www.pressenza.com\/it\/?s={search_term_string}"},"query-input":{"@type":"PropertyValueSpecification","valueRequired":true,"valueName":"search_term_string"}}],"inLanguage":"it-IT"},{"@type":"Organization","@id":"https:\/\/www.pressenza.com\/it\/#organization","name":"Pressenza","url":"https:\/\/www.pressenza.com\/it\/","logo":{"@type":"ImageObject","inLanguage":"it-IT","@id":"https:\/\/www.pressenza.com\/it\/#\/schema\/logo\/image\/","url":"https:\/\/www.pressenza.com\/wp-content\/uploads\/2022\/10\/pressenza_logo_200x200.jpg","contentUrl":"https:\/\/www.pressenza.com\/wp-content\/uploads\/2022\/10\/pressenza_logo_200x200.jpg","width":200,"height":200,"caption":"Pressenza"},"image":{"@id":"https:\/\/www.pressenza.com\/it\/#\/schema\/logo\/image\/"},"sameAs":["https:\/\/www.facebook.com\/PressenzaItalia","https:\/\/x.com\/PressenzaIPA"]},{"@type":"Person","@id":"https:\/\/www.pressenza.com\/it\/#\/schema\/person\/d983e81827ae24f2c7b1a2123d197f8d","name":"Redazione Italia","description":"News from the Pressenza Bureau in Italy","sameAs":["https:\/\/www.pressenza.com\/it\/author\/redazione-italia\/","https:\/\/www.facebook.com\/PressenzaItalia","https:\/\/www.instagram.com\/pressenza_italia\/","https:\/\/x.com\/pressenza_it","https:\/\/www.youtube.com\/channel\/UCSalEIWjE1RSxkwjfftFuqg"],"url":"https:\/\/www.pressenza.com\/it\/author\/redazione-italia\/"}]}},"place":"","original_article_url":"","_links":{"self":[{"href":"https:\/\/www.pressenza.com\/it\/wp-json\/wp\/v2\/posts\/1693722","targetHints":{"allow":["GET"]}}],"collection":[{"href":"https:\/\/www.pressenza.com\/it\/wp-json\/wp\/v2\/posts"}],"about":[{"href":"https:\/\/www.pressenza.com\/it\/wp-json\/wp\/v2\/types\/post"}],"author":[{"embeddable":true,"href":"https:\/\/www.pressenza.com\/it\/wp-json\/wp\/v2\/users\/594"}],"replies":[{"embeddable":true,"href":"https:\/\/www.pressenza.com\/it\/wp-json\/wp\/v2\/comments?post=1693722"}],"version-history":[{"count":0,"href":"https:\/\/www.pressenza.com\/it\/wp-json\/wp\/v2\/posts\/1693722\/revisions"}],"wp:featuredmedia":[{"embeddable":true,"href":"https:\/\/www.pressenza.com\/it\/wp-json\/wp\/v2\/media\/575053"}],"wp:attachment":[{"href":"https:\/\/www.pressenza.com\/it\/wp-json\/wp\/v2\/media?parent=1693722"}],"wp:term":[{"taxonomy":"category","embeddable":true,"href":"https:\/\/www.pressenza.com\/it\/wp-json\/wp\/v2\/categories?post=1693722"},{"taxonomy":"post_tag","embeddable":true,"href":"https:\/\/www.pressenza.com\/it\/wp-json\/wp\/v2\/tags?post=1693722"}],"curies":[{"name":"wp","href":"https:\/\/api.w.org\/{rel}","templated":true}]}}