{"id":1693154,"date":"2022-11-11T14:43:55","date_gmt":"2022-11-11T14:43:55","guid":{"rendered":"https:\/\/www.pressenza.com\/?p=1693154"},"modified":"2022-11-11T15:08:06","modified_gmt":"2022-11-11T15:08:06","slug":"sinistra-libertaria-appello-a-costituire-i-comitati-per-il-disarmo","status":"publish","type":"post","link":"https:\/\/www.pressenza.com\/it\/2022\/11\/sinistra-libertaria-appello-a-costituire-i-comitati-per-il-disarmo\/","title":{"rendered":"Sinistra Libertaria: appello a costituire i \u201cComitati per il disarmo\u201d"},"content":{"rendered":"<p>\u00ab<em> Trascorso il 5 novembre, sventolate ciascuno le proprie bandierine, sopportata la presenza di presenza di \u201cinfiltrati\u201d \u2013 gli esponenti del Partito Democratico Enrico Letta e Peppe Provenzano -, \u00e8 necessario ora<\/em><strong> un bilancio della manifestazione di Roma<\/strong> \u00bb.<\/p>\n<p>Ad invitare al pragmatismo \u00e8 il movimento \u201c<a href=\"https:\/\/www.sinistralibertaria.it\/\" target=\"_blank\" rel=\"noopener\"><strong>Sinistra Libertaria<\/strong><\/a>\u201d.<\/p>\n<p>\u00ab <em>La \u201cbella veduta\u201d dei 100.000 in corteo per le strade di Roma non deve far dimenticare come la \u201cpiattaforma\u201d dei promotori era in verit\u00e0 piuttosto contenuta<\/em> \u00bb.<\/p>\n<p>In definitiva,<strong> Rete Italiana Pace e Disarmo<\/strong> chiedeva semplicemente:<\/p>\n<p>&#8211; \u00ab <strong>il cessate il fuoco<\/strong><em> necessario per riaprire al dialogo, <\/em><br \/>\n<em>&#8211; e l\u2019invito all\u2019azione del Segretario generale dell\u2019Onu perch\u00e9 si faccia protagonista convocando<\/em> <strong>una conferenza internazionale di pace<\/strong>.<br \/>\n&#8211; <em>La richiesta che l\u2019Italia torni a parlare dell\u2019abolizione delle armi nucleari<\/em> <strong>firmando il trattato TPNW<\/strong> \u00bb [<strong>1<\/strong>].<\/p>\n<p>Sinistra Libertaria, tuttavia, \u00ab<em> esprime il proprio rammarico del fatto che non si \u00e8 parlato negli interventi degli oratori delle altre guerre nel mondo, al momento a \u201cbasso regime\u201d, ma non meno cruente, come quelle ad esempio in corso nel Kurdistan siriano, in Palestina, in Libia, in Yemen o di quella<\/em> <a href=\"https:\/\/www.pressenza.com\/it\/2022\/11\/tigray-firmato-un-precario-cessate-il-fuoco\/\" target=\"_blank\" rel=\"noopener\"><strong>in Tigray per la quale vige una recentissima fragile tregua<\/strong> <\/a>\u00bb.<\/p>\n<p>Ma \u00e8 pi\u00f9<strong> ampia la delusione di Sinistra Libertaria<\/strong>: \u00ab<em> Nessuno ha sostenuto la necessit\u00e0 che si eliminino le cause di discordia che fomentano le guerre; cio\u00e8 le ingiustizie, le eccessive disparit\u00e0 economiche<\/em> \u00bb.<\/p>\n<p>Per il suo portavoce, poi, non si \u00e8 ascoltata \u00ab<em> nessuna esplicita richiesta al governo italiano in carica d\u2019impegno al disarmo, ovvero n\u00e9 di \u201c<\/em><strong>far cessare finalmente la corsa agli armamenti<\/strong>\u201d<em>, n\u00e9, tanto meno, \u201cla loro effettiva riduzione\u201d<\/em> \u00bb.<\/p>\n<p>\u00ab <em>Silenzio \u2013 ancora \u2013 sulla esplicita necessit\u00e0 di<\/em> <strong>rispettare la legge n. 185\/90<\/strong> <em>che, all\u2019articolo 1 punto 6, vieta \u201cl\u2019esportazione ed il transito di materiali di armamento \u2026 verso i Paesi in stato di conflitto armato [vedi Ucraina e Arabia Saudita] \u2026 verso i Paesi i cui governi sono responsabili di gravi violazioni delle convenzioni internazionali in materia di diritti umani\u201d<\/em> \u00bb.<\/p>\n<p>\u00ab <em>N\u00e9, tanto meno<\/em> \u2013 prosegue il comunicato del movimento della \u201csinistra radicale\u201d <em>\u2013, si \u00e8 accennato alla necessit\u00e0 di<\/em>:<\/p>\n<p>&#8211; i<strong>nterrompere definitivamente le missioni militari italiane all\u2019estero<\/strong><em> che non siano sotto egida ONU<\/em>,<br \/>\n&#8211; <em>della opportunit\u00e0 di fa<\/em><em>r<\/em> <strong>cessare la presenza di basi, strumentazioni e armi straniere sul nostro territorio \u201csovrano\u201d<\/strong>,<br \/>\n&#8211; <strong>dell\u2019abolizione della legge n. 331\/2000<\/strong><em> che istituiva il \u201cservizio militare professionale\u201d<\/em>,<br \/>\n&#8211; <strong>smilitarizzare l\u2019arma dei carabinieri<\/strong>,<br \/>\n&#8211; <em>di una sempre pi\u00f9 non rinviabile<\/em> <strong>\u201cstretta\u201d sul rilascio e rinnovo della \u201clicenze di porto d\u2019armi<\/strong> <em>per caccia, sport, difesa personale e guardie giurate\u201d, oggi superiori a 1.200.000 in Italia, armi regolari che tanti morti civili causano nel nostro Paese<\/em> \u00bb [<strong>2<\/strong>].<\/p>\n<p>Per questo motivo, <strong>Sinistra Libertaria<\/strong> lancia \u00ab <em>un appello ai partiti della sinistra, ai movimenti pacifisti e anti-militaristi, affinch\u00e9<\/em><strong> si costituiscano, localmente, dei \u201cComitati per il disarmo\u201d<\/strong> <em>che promuovano una presa di consapevolezza da parte della popolazione e una spinta politica dal basso per la cessazione dell\u2019uso delle armi per dirimere ogni conflitto<\/em> \u00bb.<\/p>\n<p>\u2013<\/p>\n<h1><strong>Fonti e Note:<\/strong><\/h1>\n<p><strong>[1] <a href=\"https:\/\/retepacedisarmo.org\/2022\/oltre-100-000-volti-a-roma-per-europe-for-peace\/\" target=\"_blank\" rel=\"noopener\">Rete Pace Disarmo<\/a>,<\/strong> 5 novembre 2022, \u201c<em>Oltre 100.000 volti a Roma per Europe for Peace<\/em>\u201d.<\/p>\n<p><strong>[2] <a href=\"https:\/\/www.essenziale.it\/notizie\/adil-mauro\/2022\/05\/20\/armi-legali-in-italia\" target=\"_blank\" rel=\"noopener\">L\u2019essenziale<\/a>,<\/strong> 20 maggio 2022, Adil Mauro, \u201c<em>Quante armi legali circolano in Italia\u201d<\/em>.<\/p>\n","protected":false},"excerpt":{"rendered":"<p>\u00ab Trascorso il 5 novembre, sventolate ciascuno le proprie bandierine, sopportata la presenza di presenza di \u201cinfiltrati\u201d \u2013 gli esponenti del Partito Democratico Enrico Letta e Peppe Provenzano -, \u00e8 necessario ora un bilancio della manifestazione di Roma \u00bb. Ad&hellip;<\/p>\n","protected":false},"author":1284,"featured_media":938125,"comment_status":"closed","ping_status":"closed","sticky":false,"template":"","format":"standard","meta":{"footnotes":""},"categories":[150,1262,1263],"tags":[230,231,8514],"class_list":["post-1693154","post","type-post","status-publish","format-standard","has-post-thumbnail","hentry","category-comunicati-stampa","category-nonviolenza-argomento","category-pace-disarmo","tag-armi","tag-disarmo","tag-ucraina"],"yoast_head":"<!-- This site is optimized with the Yoast SEO plugin v27.1.1 - https:\/\/yoast.com\/product\/yoast-seo-wordpress\/ -->\n<title>Sinistra Libertaria: appello a costituire i \u201cComitati per il disarmo\u201d<\/title>\n<meta name=\"description\" content=\"\u00ab Trascorso il 5 novembre, sventolate ciascuno le proprie bandierine, sopportata la presenza di presenza di \u201cinfiltrati\u201d \u2013 gli esponenti del Partito\" \/>\n<meta name=\"robots\" content=\"index, follow, max-snippet:-1, max-image-preview:large, max-video-preview:-1\" \/>\n<link rel=\"canonical\" href=\"https:\/\/www.pressenza.com\/it\/2022\/11\/sinistra-libertaria-appello-a-costituire-i-comitati-per-il-disarmo\/\" \/>\n<meta property=\"og:locale\" content=\"it_IT\" \/>\n<meta property=\"og:type\" content=\"article\" \/>\n<meta property=\"og:title\" content=\"Sinistra Libertaria: appello a costituire i \u201cComitati per il disarmo\u201d\" \/>\n<meta property=\"og:description\" content=\"\u00ab Trascorso il 5 novembre, sventolate ciascuno le proprie bandierine, sopportata la presenza di presenza di \u201cinfiltrati\u201d \u2013 gli esponenti del Partito\" \/>\n<meta property=\"og:url\" content=\"https:\/\/www.pressenza.com\/it\/2022\/11\/sinistra-libertaria-appello-a-costituire-i-comitati-per-il-disarmo\/\" \/>\n<meta property=\"og:site_name\" content=\"Pressenza\" \/>\n<meta property=\"article:publisher\" content=\"https:\/\/www.facebook.com\/PressenzaItalia\" \/>\n<meta property=\"article:published_time\" content=\"2022-11-11T14:43:55+00:00\" \/>\n<meta property=\"article:modified_time\" content=\"2022-11-11T15:08:06+00:00\" \/>\n<meta property=\"og:image\" content=\"https:\/\/www.pressenza.com\/wp-content\/uploads\/2019\/10\/Disarmo.jpg\" \/>\n\t<meta property=\"og:image:width\" content=\"725\" \/>\n\t<meta property=\"og:image:height\" content=\"518\" \/>\n\t<meta property=\"og:image:type\" content=\"image\/jpeg\" \/>\n<meta name=\"author\" content=\"Natale Salvo\" \/>\n<meta name=\"twitter:card\" content=\"summary_large_image\" \/>\n<meta name=\"twitter:creator\" content=\"@PressenzaIPA\" \/>\n<meta name=\"twitter:site\" content=\"@PressenzaIPA\" \/>\n<meta name=\"twitter:label1\" content=\"Scritto da\" \/>\n\t<meta name=\"twitter:data1\" content=\"Natale Salvo\" \/>\n\t<meta name=\"twitter:label2\" content=\"Tempo di lettura stimato\" \/>\n\t<meta name=\"twitter:data2\" content=\"2 minuti\" \/>\n<script type=\"application\/ld+json\" class=\"yoast-schema-graph\">{\"@context\":\"https:\/\/schema.org\",\"@graph\":[{\"@type\":\"Article\",\"@id\":\"https:\/\/www.pressenza.com\/it\/2022\/11\/sinistra-libertaria-appello-a-costituire-i-comitati-per-il-disarmo\/#article\",\"isPartOf\":{\"@id\":\"https:\/\/www.pressenza.com\/it\/2022\/11\/sinistra-libertaria-appello-a-costituire-i-comitati-per-il-disarmo\/\"},\"author\":{\"name\":\"Natale Salvo\",\"@id\":\"https:\/\/www.pressenza.com\/it\/#\/schema\/person\/dfdba7d9ea928e4a93ced607c353757c\"},\"headline\":\"Sinistra Libertaria: appello a costituire i \u201cComitati per il disarmo\u201d\",\"datePublished\":\"2022-11-11T14:43:55+00:00\",\"dateModified\":\"2022-11-11T15:08:06+00:00\",\"mainEntityOfPage\":{\"@id\":\"https:\/\/www.pressenza.com\/it\/2022\/11\/sinistra-libertaria-appello-a-costituire-i-comitati-per-il-disarmo\/\"},\"wordCount\":506,\"publisher\":{\"@id\":\"https:\/\/www.pressenza.com\/it\/#organization\"},\"image\":{\"@id\":\"https:\/\/www.pressenza.com\/it\/2022\/11\/sinistra-libertaria-appello-a-costituire-i-comitati-per-il-disarmo\/#primaryimage\"},\"thumbnailUrl\":\"https:\/\/www.pressenza.com\/wp-content\/uploads\/2019\/10\/Disarmo.jpg\",\"keywords\":[\"armi\",\"disarmo\",\"Ucraina\"],\"articleSection\":[\"Comunicati Stampa\",\"Nonviolenza\",\"Pace e Disarmo\"],\"inLanguage\":\"it-IT\"},{\"@type\":\"WebPage\",\"@id\":\"https:\/\/www.pressenza.com\/it\/2022\/11\/sinistra-libertaria-appello-a-costituire-i-comitati-per-il-disarmo\/\",\"url\":\"https:\/\/www.pressenza.com\/it\/2022\/11\/sinistra-libertaria-appello-a-costituire-i-comitati-per-il-disarmo\/\",\"name\":\"Sinistra Libertaria: appello a costituire i \u201cComitati per il disarmo\u201d\",\"isPartOf\":{\"@id\":\"https:\/\/www.pressenza.com\/it\/#website\"},\"primaryImageOfPage\":{\"@id\":\"https:\/\/www.pressenza.com\/it\/2022\/11\/sinistra-libertaria-appello-a-costituire-i-comitati-per-il-disarmo\/#primaryimage\"},\"image\":{\"@id\":\"https:\/\/www.pressenza.com\/it\/2022\/11\/sinistra-libertaria-appello-a-costituire-i-comitati-per-il-disarmo\/#primaryimage\"},\"thumbnailUrl\":\"https:\/\/www.pressenza.com\/wp-content\/uploads\/2019\/10\/Disarmo.jpg\",\"datePublished\":\"2022-11-11T14:43:55+00:00\",\"dateModified\":\"2022-11-11T15:08:06+00:00\",\"description\":\"\u00ab Trascorso il 5 novembre, sventolate ciascuno le proprie bandierine, sopportata la presenza di presenza di \u201cinfiltrati\u201d \u2013 gli esponenti del Partito\",\"breadcrumb\":{\"@id\":\"https:\/\/www.pressenza.com\/it\/2022\/11\/sinistra-libertaria-appello-a-costituire-i-comitati-per-il-disarmo\/#breadcrumb\"},\"inLanguage\":\"it-IT\",\"potentialAction\":[{\"@type\":\"ReadAction\",\"target\":[\"https:\/\/www.pressenza.com\/it\/2022\/11\/sinistra-libertaria-appello-a-costituire-i-comitati-per-il-disarmo\/\"]}]},{\"@type\":\"ImageObject\",\"inLanguage\":\"it-IT\",\"@id\":\"https:\/\/www.pressenza.com\/it\/2022\/11\/sinistra-libertaria-appello-a-costituire-i-comitati-per-il-disarmo\/#primaryimage\",\"url\":\"https:\/\/www.pressenza.com\/wp-content\/uploads\/2019\/10\/Disarmo.jpg\",\"contentUrl\":\"https:\/\/www.pressenza.com\/wp-content\/uploads\/2019\/10\/Disarmo.jpg\",\"width\":725,\"height\":518,\"caption\":\"Disarmo\"},{\"@type\":\"BreadcrumbList\",\"@id\":\"https:\/\/www.pressenza.com\/it\/2022\/11\/sinistra-libertaria-appello-a-costituire-i-comitati-per-il-disarmo\/#breadcrumb\",\"itemListElement\":[{\"@type\":\"ListItem\",\"position\":1,\"name\":\"Accueil\",\"item\":\"https:\/\/www.pressenza.com\/it\/\"},{\"@type\":\"ListItem\",\"position\":2,\"name\":\"Sinistra Libertaria: appello a costituire i \u201cComitati per il disarmo\u201d\"}]},{\"@type\":\"WebSite\",\"@id\":\"https:\/\/www.pressenza.com\/it\/#website\",\"url\":\"https:\/\/www.pressenza.com\/it\/\",\"name\":\"Pressenza\",\"description\":\"Agenzia di Stampa Internazionale\",\"publisher\":{\"@id\":\"https:\/\/www.pressenza.com\/it\/#organization\"},\"potentialAction\":[{\"@type\":\"SearchAction\",\"target\":{\"@type\":\"EntryPoint\",\"urlTemplate\":\"https:\/\/www.pressenza.com\/it\/?s={search_term_string}\"},\"query-input\":{\"@type\":\"PropertyValueSpecification\",\"valueRequired\":true,\"valueName\":\"search_term_string\"}}],\"inLanguage\":\"it-IT\"},{\"@type\":\"Organization\",\"@id\":\"https:\/\/www.pressenza.com\/it\/#organization\",\"name\":\"Pressenza\",\"url\":\"https:\/\/www.pressenza.com\/it\/\",\"logo\":{\"@type\":\"ImageObject\",\"inLanguage\":\"it-IT\",\"@id\":\"https:\/\/www.pressenza.com\/it\/#\/schema\/logo\/image\/\",\"url\":\"https:\/\/www.pressenza.com\/wp-content\/uploads\/2022\/10\/pressenza_logo_200x200.jpg\",\"contentUrl\":\"https:\/\/www.pressenza.com\/wp-content\/uploads\/2022\/10\/pressenza_logo_200x200.jpg\",\"width\":200,\"height\":200,\"caption\":\"Pressenza\"},\"image\":{\"@id\":\"https:\/\/www.pressenza.com\/it\/#\/schema\/logo\/image\/\"},\"sameAs\":[\"https:\/\/www.facebook.com\/PressenzaItalia\",\"https:\/\/x.com\/PressenzaIPA\"]},{\"@type\":\"Person\",\"@id\":\"https:\/\/www.pressenza.com\/it\/#\/schema\/person\/dfdba7d9ea928e4a93ced607c353757c\",\"name\":\"Natale Salvo\",\"description\":\"Nato e cresciuto nella terra del \u201cGattopardo\u201d, la Sicilia. Ha dedicato la propria esistenza all'impegno sociale. Allenatore di una squadretta di calcio di periferia, presidente del circolo di Legambiente, candidato sindaco per il Partito Umanista. Infine blogger d\u2019inchiesta; ha pagato le sue denunce di cattiva amministrazione con una persecuzione per via giudiziaria. E' autore del libro \\\"La rivoluzione copernicana chiamata Reddito di Base\\\", edito da Multimage, Firenze.\",\"url\":\"https:\/\/www.pressenza.com\/it\/author\/natale-salvo\/\"}]}<\/script>\n<!-- \/ Yoast SEO plugin. -->","yoast_head_json":{"title":"Sinistra Libertaria: appello a costituire i \u201cComitati per il disarmo\u201d","description":"\u00ab Trascorso il 5 novembre, sventolate ciascuno le proprie bandierine, sopportata la presenza di presenza di \u201cinfiltrati\u201d \u2013 gli esponenti del Partito","robots":{"index":"index","follow":"follow","max-snippet":"max-snippet:-1","max-image-preview":"max-image-preview:large","max-video-preview":"max-video-preview:-1"},"canonical":"https:\/\/www.pressenza.com\/it\/2022\/11\/sinistra-libertaria-appello-a-costituire-i-comitati-per-il-disarmo\/","og_locale":"it_IT","og_type":"article","og_title":"Sinistra Libertaria: appello a costituire i \u201cComitati per il disarmo\u201d","og_description":"\u00ab Trascorso il 5 novembre, sventolate ciascuno le proprie bandierine, sopportata la presenza di presenza di \u201cinfiltrati\u201d \u2013 gli esponenti del Partito","og_url":"https:\/\/www.pressenza.com\/it\/2022\/11\/sinistra-libertaria-appello-a-costituire-i-comitati-per-il-disarmo\/","og_site_name":"Pressenza","article_publisher":"https:\/\/www.facebook.com\/PressenzaItalia","article_published_time":"2022-11-11T14:43:55+00:00","article_modified_time":"2022-11-11T15:08:06+00:00","og_image":[{"width":725,"height":518,"url":"https:\/\/www.pressenza.com\/wp-content\/uploads\/2019\/10\/Disarmo.jpg","type":"image\/jpeg"}],"author":"Natale Salvo","twitter_card":"summary_large_image","twitter_creator":"@PressenzaIPA","twitter_site":"@PressenzaIPA","twitter_misc":{"Scritto da":"Natale Salvo","Tempo di lettura stimato":"2 minuti"},"schema":{"@context":"https:\/\/schema.org","@graph":[{"@type":"Article","@id":"https:\/\/www.pressenza.com\/it\/2022\/11\/sinistra-libertaria-appello-a-costituire-i-comitati-per-il-disarmo\/#article","isPartOf":{"@id":"https:\/\/www.pressenza.com\/it\/2022\/11\/sinistra-libertaria-appello-a-costituire-i-comitati-per-il-disarmo\/"},"author":{"name":"Natale Salvo","@id":"https:\/\/www.pressenza.com\/it\/#\/schema\/person\/dfdba7d9ea928e4a93ced607c353757c"},"headline":"Sinistra Libertaria: appello a costituire i \u201cComitati per il disarmo\u201d","datePublished":"2022-11-11T14:43:55+00:00","dateModified":"2022-11-11T15:08:06+00:00","mainEntityOfPage":{"@id":"https:\/\/www.pressenza.com\/it\/2022\/11\/sinistra-libertaria-appello-a-costituire-i-comitati-per-il-disarmo\/"},"wordCount":506,"publisher":{"@id":"https:\/\/www.pressenza.com\/it\/#organization"},"image":{"@id":"https:\/\/www.pressenza.com\/it\/2022\/11\/sinistra-libertaria-appello-a-costituire-i-comitati-per-il-disarmo\/#primaryimage"},"thumbnailUrl":"https:\/\/www.pressenza.com\/wp-content\/uploads\/2019\/10\/Disarmo.jpg","keywords":["armi","disarmo","Ucraina"],"articleSection":["Comunicati Stampa","Nonviolenza","Pace e Disarmo"],"inLanguage":"it-IT"},{"@type":"WebPage","@id":"https:\/\/www.pressenza.com\/it\/2022\/11\/sinistra-libertaria-appello-a-costituire-i-comitati-per-il-disarmo\/","url":"https:\/\/www.pressenza.com\/it\/2022\/11\/sinistra-libertaria-appello-a-costituire-i-comitati-per-il-disarmo\/","name":"Sinistra Libertaria: appello a costituire i \u201cComitati per il disarmo\u201d","isPartOf":{"@id":"https:\/\/www.pressenza.com\/it\/#website"},"primaryImageOfPage":{"@id":"https:\/\/www.pressenza.com\/it\/2022\/11\/sinistra-libertaria-appello-a-costituire-i-comitati-per-il-disarmo\/#primaryimage"},"image":{"@id":"https:\/\/www.pressenza.com\/it\/2022\/11\/sinistra-libertaria-appello-a-costituire-i-comitati-per-il-disarmo\/#primaryimage"},"thumbnailUrl":"https:\/\/www.pressenza.com\/wp-content\/uploads\/2019\/10\/Disarmo.jpg","datePublished":"2022-11-11T14:43:55+00:00","dateModified":"2022-11-11T15:08:06+00:00","description":"\u00ab Trascorso il 5 novembre, sventolate ciascuno le proprie bandierine, sopportata la presenza di presenza di \u201cinfiltrati\u201d \u2013 gli esponenti del Partito","breadcrumb":{"@id":"https:\/\/www.pressenza.com\/it\/2022\/11\/sinistra-libertaria-appello-a-costituire-i-comitati-per-il-disarmo\/#breadcrumb"},"inLanguage":"it-IT","potentialAction":[{"@type":"ReadAction","target":["https:\/\/www.pressenza.com\/it\/2022\/11\/sinistra-libertaria-appello-a-costituire-i-comitati-per-il-disarmo\/"]}]},{"@type":"ImageObject","inLanguage":"it-IT","@id":"https:\/\/www.pressenza.com\/it\/2022\/11\/sinistra-libertaria-appello-a-costituire-i-comitati-per-il-disarmo\/#primaryimage","url":"https:\/\/www.pressenza.com\/wp-content\/uploads\/2019\/10\/Disarmo.jpg","contentUrl":"https:\/\/www.pressenza.com\/wp-content\/uploads\/2019\/10\/Disarmo.jpg","width":725,"height":518,"caption":"Disarmo"},{"@type":"BreadcrumbList","@id":"https:\/\/www.pressenza.com\/it\/2022\/11\/sinistra-libertaria-appello-a-costituire-i-comitati-per-il-disarmo\/#breadcrumb","itemListElement":[{"@type":"ListItem","position":1,"name":"Accueil","item":"https:\/\/www.pressenza.com\/it\/"},{"@type":"ListItem","position":2,"name":"Sinistra Libertaria: appello a costituire i \u201cComitati per il disarmo\u201d"}]},{"@type":"WebSite","@id":"https:\/\/www.pressenza.com\/it\/#website","url":"https:\/\/www.pressenza.com\/it\/","name":"Pressenza","description":"Agenzia di Stampa Internazionale","publisher":{"@id":"https:\/\/www.pressenza.com\/it\/#organization"},"potentialAction":[{"@type":"SearchAction","target":{"@type":"EntryPoint","urlTemplate":"https:\/\/www.pressenza.com\/it\/?s={search_term_string}"},"query-input":{"@type":"PropertyValueSpecification","valueRequired":true,"valueName":"search_term_string"}}],"inLanguage":"it-IT"},{"@type":"Organization","@id":"https:\/\/www.pressenza.com\/it\/#organization","name":"Pressenza","url":"https:\/\/www.pressenza.com\/it\/","logo":{"@type":"ImageObject","inLanguage":"it-IT","@id":"https:\/\/www.pressenza.com\/it\/#\/schema\/logo\/image\/","url":"https:\/\/www.pressenza.com\/wp-content\/uploads\/2022\/10\/pressenza_logo_200x200.jpg","contentUrl":"https:\/\/www.pressenza.com\/wp-content\/uploads\/2022\/10\/pressenza_logo_200x200.jpg","width":200,"height":200,"caption":"Pressenza"},"image":{"@id":"https:\/\/www.pressenza.com\/it\/#\/schema\/logo\/image\/"},"sameAs":["https:\/\/www.facebook.com\/PressenzaItalia","https:\/\/x.com\/PressenzaIPA"]},{"@type":"Person","@id":"https:\/\/www.pressenza.com\/it\/#\/schema\/person\/dfdba7d9ea928e4a93ced607c353757c","name":"Natale Salvo","description":"Nato e cresciuto nella terra del \u201cGattopardo\u201d, la Sicilia. Ha dedicato la propria esistenza all'impegno sociale. Allenatore di una squadretta di calcio di periferia, presidente del circolo di Legambiente, candidato sindaco per il Partito Umanista. Infine blogger d\u2019inchiesta; ha pagato le sue denunce di cattiva amministrazione con una persecuzione per via giudiziaria. E' autore del libro \"La rivoluzione copernicana chiamata Reddito di Base\", edito da Multimage, Firenze.","url":"https:\/\/www.pressenza.com\/it\/author\/natale-salvo\/"}]}},"place":"","original_article_url":"","_links":{"self":[{"href":"https:\/\/www.pressenza.com\/it\/wp-json\/wp\/v2\/posts\/1693154","targetHints":{"allow":["GET"]}}],"collection":[{"href":"https:\/\/www.pressenza.com\/it\/wp-json\/wp\/v2\/posts"}],"about":[{"href":"https:\/\/www.pressenza.com\/it\/wp-json\/wp\/v2\/types\/post"}],"author":[{"embeddable":true,"href":"https:\/\/www.pressenza.com\/it\/wp-json\/wp\/v2\/users\/1284"}],"replies":[{"embeddable":true,"href":"https:\/\/www.pressenza.com\/it\/wp-json\/wp\/v2\/comments?post=1693154"}],"version-history":[{"count":0,"href":"https:\/\/www.pressenza.com\/it\/wp-json\/wp\/v2\/posts\/1693154\/revisions"}],"wp:featuredmedia":[{"embeddable":true,"href":"https:\/\/www.pressenza.com\/it\/wp-json\/wp\/v2\/media\/938125"}],"wp:attachment":[{"href":"https:\/\/www.pressenza.com\/it\/wp-json\/wp\/v2\/media?parent=1693154"}],"wp:term":[{"taxonomy":"category","embeddable":true,"href":"https:\/\/www.pressenza.com\/it\/wp-json\/wp\/v2\/categories?post=1693154"},{"taxonomy":"post_tag","embeddable":true,"href":"https:\/\/www.pressenza.com\/it\/wp-json\/wp\/v2\/tags?post=1693154"}],"curies":[{"name":"wp","href":"https:\/\/api.w.org\/{rel}","templated":true}]}}