{"id":169273,"date":"2015-03-10T21:37:38","date_gmt":"2015-03-10T21:37:38","guid":{"rendered":"http:\/\/www.pressenza.com\/?p=169273"},"modified":"2015-03-10T21:37:38","modified_gmt":"2015-03-10T21:37:38","slug":"nellanniversario-di-fukushima","status":"publish","type":"post","link":"https:\/\/www.pressenza.com\/it\/2015\/03\/nellanniversario-di-fukushima\/","title":{"rendered":"Nell&#8217;anniversario di Fukushima"},"content":{"rendered":"<p>Ricorre l&#8217;11 marzo l&#8217;anniversario del disastro di Fukushima.<\/p>\n<p>Che la memoria di quella catastrofe, e delle altre analoghe,\u00a0ci accompagni e ci persuada ad agire sempre nel rispetto del diritto alla vita di tutti gli esseri umani presenti e venturi, come dell&#8217;intero mondo vivente.<\/p>\n<p>Da quella tragedia, e da innumerevoli altre, ci giunga incessante\u00a0il monito ad esercitare sempre la nostra responsabilit\u00e0, a saper considerare sempre le conseguenze e\u00a0le implicazioni delle nostre azioni come delle nostre omissioni, a saper essere e quindi voler essere persone coscienti che vi \u00e8 una sola umanit\u00e0 in un unico mondo vivente casa comune dell&#8217;umanit\u00e0 intera, e che ogni singola persona &#8211; io, tu, tutti &#8211; reca intero il compito di salvare le vite, di operare per il bene comune; di osservare l&#8217;antico brocardo &#8220;neminem laedere&#8221;: non fare del male a nessuno, ed il forse meno antico\u00a0ma ora\u00a0non meno cruciale &#8220;in dubio, contra projectum&#8221;: se hai il dubbio che un&#8217;azione possa avere conseguenze negative astieniti dal compierla.<\/p>\n<p>Ci illumini e ci guidi la massima aurea: &#8220;agisci nei confronti degli altri cos\u00ec come vorresti che gli altri agissero verso di te&#8221;; prenditi cura delle persone, degli altri esseri viventi, della natura di cui sei tu stesso parte.<\/p>\n<p>Dal ricordo della tragedia di Fukushima, e di tutte le altre tragedie dell&#8217;umanit\u00e0, scaturisca in noi la piena intellezione, il retto intendimento del nostro comune destino, la volont\u00e0 buona, il dovere condiviso e ineludibile di operare sempre e solo per salvare le vite, per rispettare e promuovere la vita, la dignit\u00e0 e i diritti di tutti gli esseri umani, dell&#8217;intero mondo vivente.<\/p>\n<p>E quindi, ancora una volta, proseguiamo nell&#8217;azione nonviolenta per la pace\u00a0e i diritti umani; per il disarmo e la smilitarizzazione; contro la guerra e tutte le uccisioni, contro il razzismo e tutte le persecuzioni, contro il maschilismo e tutte le oppressioni; in difesa ad un tempo dell&#8217;umanit\u00e0 e della natura, della biosfera\u00a0di cui l&#8217;umanit\u00e0 stessa \u00e8 parte, la cui devastazione e distruzione devasta e distrugge la civilt\u00e0 umana, le vite delle generazioni future, la nostra stessa esistenza, il senso e lo sforzo delle generazioni che ci hanno preceduto e che ci hanno consegnato questo legato, questo compito: che l&#8217;umanit\u00e0 non sia estinta, che l&#8217;umanit\u00e0 non sia per sempre infelice.<\/p>\n<p>Chiamiamo nonviolenza questa consapevolezza.<\/p>\n<p>Chiamiamo nonviolenza questo compito.<\/p>\n<p>Chiamiamo nonviolenza l&#8217;impegno comune di tutti gli esseri umani per la liberazione comune.<\/p>\n<p>Chiamiamo nonviolenza l&#8217;impegno comune perch\u00e9 il mondo resti vivente e vivibile.<\/p>\n<p>Chiamiamo nonviolenza la nostra responsabilit\u00e0, che \u00e8 anche la nostra speranza ed il senso del nostro consistere.<\/p>\n<p>Chiamiamo nonviolenza la <em>societas<\/em>, la <em>civilitas<\/em> dell&#8217;umanit\u00e0 giunta alla comprensione di s\u00e9 e del suo essere nel mondo.<\/p>\n","protected":false},"excerpt":{"rendered":"<p>Ricorre l&#8217;11 marzo l&#8217;anniversario del disastro di Fukushima. Che la memoria di quella catastrofe, e delle altre analoghe,\u00a0ci accompagni e ci persuada ad agire sempre nel rispetto del diritto alla vita di tutti gli esseri umani presenti e venturi, come&hellip;<\/p>\n","protected":false},"author":457,"featured_media":92372,"comment_status":"closed","ping_status":"open","sticky":false,"template":"","format":"standard","meta":{"footnotes":""},"categories":[46,38,1262,162],"tags":[6454,13348,6596,3900,3139],"class_list":["post-169273","post","type-post","status-publish","format-standard","has-post-thumbnail","hentry","category-asia-it","category-internazionale","category-nonviolenza-argomento","category-opinioni","tag-centrale-nucleare","tag-disastro-ambientale","tag-disastro-nucleare","tag-fukushima-it","tag-giappone"],"yoast_head":"<!-- This site is optimized with the Yoast SEO plugin v27.1.1 - https:\/\/yoast.com\/product\/yoast-seo-wordpress\/ -->\n<title>Nell&#039;anniversario di Fukushima<\/title>\n<meta name=\"description\" content=\"Ricorre l&#039;11 marzo l&#039;anniversario del disastro di Fukushima. Che la memoria di quella catastrofe, e delle altre analoghe,\u00a0ci accompagni e ci persuada ad\" \/>\n<meta name=\"robots\" content=\"index, follow, max-snippet:-1, max-image-preview:large, max-video-preview:-1\" \/>\n<link rel=\"canonical\" href=\"https:\/\/www.pressenza.com\/it\/2015\/03\/nellanniversario-di-fukushima\/\" \/>\n<meta property=\"og:locale\" content=\"it_IT\" \/>\n<meta property=\"og:type\" content=\"article\" \/>\n<meta property=\"og:title\" content=\"Nell&#039;anniversario di Fukushima\" \/>\n<meta property=\"og:description\" content=\"Ricorre l&#039;11 marzo l&#039;anniversario del disastro di Fukushima. Che la memoria di quella catastrofe, e delle altre analoghe,\u00a0ci accompagni e ci persuada ad\" \/>\n<meta property=\"og:url\" content=\"https:\/\/www.pressenza.com\/it\/2015\/03\/nellanniversario-di-fukushima\/\" \/>\n<meta property=\"og:site_name\" content=\"Pressenza\" \/>\n<meta property=\"article:publisher\" content=\"https:\/\/www.facebook.com\/PressenzaItalia\" \/>\n<meta property=\"article:published_time\" content=\"2015-03-10T21:37:38+00:00\" \/>\n<meta property=\"og:image\" content=\"https:\/\/www.pressenza.com\/wp-content\/uploads\/2014\/03\/Remember_Fukushima-London-3-2014.jpeg\" \/>\n\t<meta property=\"og:image:width\" content=\"640\" \/>\n\t<meta property=\"og:image:height\" content=\"426\" \/>\n\t<meta property=\"og:image:type\" content=\"image\/jpeg\" \/>\n<meta name=\"author\" content=\"Peppe Sini\" \/>\n<meta name=\"twitter:card\" content=\"summary_large_image\" \/>\n<meta name=\"twitter:creator\" content=\"@PressenzaIPA\" \/>\n<meta name=\"twitter:site\" content=\"@PressenzaIPA\" \/>\n<meta name=\"twitter:label1\" content=\"Scritto da\" \/>\n\t<meta name=\"twitter:data1\" content=\"Peppe Sini\" \/>\n\t<meta name=\"twitter:label2\" content=\"Tempo di lettura stimato\" \/>\n\t<meta name=\"twitter:data2\" content=\"2 minuti\" \/>\n<script type=\"application\/ld+json\" class=\"yoast-schema-graph\">{\"@context\":\"https:\/\/schema.org\",\"@graph\":[{\"@type\":\"Article\",\"@id\":\"https:\/\/www.pressenza.com\/it\/2015\/03\/nellanniversario-di-fukushima\/#article\",\"isPartOf\":{\"@id\":\"https:\/\/www.pressenza.com\/it\/2015\/03\/nellanniversario-di-fukushima\/\"},\"author\":{\"name\":\"Peppe Sini\",\"@id\":\"https:\/\/www.pressenza.com\/it\/#\/schema\/person\/3836c97be58c0a429fb8ca24bf5062e8\"},\"headline\":\"Nell&#8217;anniversario di Fukushima\",\"datePublished\":\"2015-03-10T21:37:38+00:00\",\"mainEntityOfPage\":{\"@id\":\"https:\/\/www.pressenza.com\/it\/2015\/03\/nellanniversario-di-fukushima\/\"},\"wordCount\":460,\"publisher\":{\"@id\":\"https:\/\/www.pressenza.com\/it\/#organization\"},\"image\":{\"@id\":\"https:\/\/www.pressenza.com\/it\/2015\/03\/nellanniversario-di-fukushima\/#primaryimage\"},\"thumbnailUrl\":\"https:\/\/www.pressenza.com\/wp-content\/uploads\/2014\/03\/Remember_Fukushima-London-3-2014.jpeg\",\"keywords\":[\"centrale nucleare\",\"disastro ambientale\",\"disastro nucleare\",\"Fukushima\",\"Giappone\"],\"articleSection\":[\"Asia\",\"Internazionale\",\"Nonviolenza\",\"Opinioni\"],\"inLanguage\":\"it-IT\"},{\"@type\":\"WebPage\",\"@id\":\"https:\/\/www.pressenza.com\/it\/2015\/03\/nellanniversario-di-fukushima\/\",\"url\":\"https:\/\/www.pressenza.com\/it\/2015\/03\/nellanniversario-di-fukushima\/\",\"name\":\"Nell'anniversario di Fukushima\",\"isPartOf\":{\"@id\":\"https:\/\/www.pressenza.com\/it\/#website\"},\"primaryImageOfPage\":{\"@id\":\"https:\/\/www.pressenza.com\/it\/2015\/03\/nellanniversario-di-fukushima\/#primaryimage\"},\"image\":{\"@id\":\"https:\/\/www.pressenza.com\/it\/2015\/03\/nellanniversario-di-fukushima\/#primaryimage\"},\"thumbnailUrl\":\"https:\/\/www.pressenza.com\/wp-content\/uploads\/2014\/03\/Remember_Fukushima-London-3-2014.jpeg\",\"datePublished\":\"2015-03-10T21:37:38+00:00\",\"description\":\"Ricorre l'11 marzo l'anniversario del disastro di Fukushima. Che la memoria di quella catastrofe, e delle altre analoghe,\u00a0ci accompagni e ci persuada ad\",\"breadcrumb\":{\"@id\":\"https:\/\/www.pressenza.com\/it\/2015\/03\/nellanniversario-di-fukushima\/#breadcrumb\"},\"inLanguage\":\"it-IT\",\"potentialAction\":[{\"@type\":\"ReadAction\",\"target\":[\"https:\/\/www.pressenza.com\/it\/2015\/03\/nellanniversario-di-fukushima\/\"]}]},{\"@type\":\"ImageObject\",\"inLanguage\":\"it-IT\",\"@id\":\"https:\/\/www.pressenza.com\/it\/2015\/03\/nellanniversario-di-fukushima\/#primaryimage\",\"url\":\"https:\/\/www.pressenza.com\/wp-content\/uploads\/2014\/03\/Remember_Fukushima-London-3-2014.jpeg\",\"contentUrl\":\"https:\/\/www.pressenza.com\/wp-content\/uploads\/2014\/03\/Remember_Fukushima-London-3-2014.jpeg\",\"width\":640,\"height\":426},{\"@type\":\"BreadcrumbList\",\"@id\":\"https:\/\/www.pressenza.com\/it\/2015\/03\/nellanniversario-di-fukushima\/#breadcrumb\",\"itemListElement\":[{\"@type\":\"ListItem\",\"position\":1,\"name\":\"Accueil\",\"item\":\"https:\/\/www.pressenza.com\/it\/\"},{\"@type\":\"ListItem\",\"position\":2,\"name\":\"Nell&#8217;anniversario di Fukushima\"}]},{\"@type\":\"WebSite\",\"@id\":\"https:\/\/www.pressenza.com\/it\/#website\",\"url\":\"https:\/\/www.pressenza.com\/it\/\",\"name\":\"Pressenza\",\"description\":\"Agenzia di Stampa Internazionale\",\"publisher\":{\"@id\":\"https:\/\/www.pressenza.com\/it\/#organization\"},\"potentialAction\":[{\"@type\":\"SearchAction\",\"target\":{\"@type\":\"EntryPoint\",\"urlTemplate\":\"https:\/\/www.pressenza.com\/it\/?s={search_term_string}\"},\"query-input\":{\"@type\":\"PropertyValueSpecification\",\"valueRequired\":true,\"valueName\":\"search_term_string\"}}],\"inLanguage\":\"it-IT\"},{\"@type\":\"Organization\",\"@id\":\"https:\/\/www.pressenza.com\/it\/#organization\",\"name\":\"Pressenza\",\"url\":\"https:\/\/www.pressenza.com\/it\/\",\"logo\":{\"@type\":\"ImageObject\",\"inLanguage\":\"it-IT\",\"@id\":\"https:\/\/www.pressenza.com\/it\/#\/schema\/logo\/image\/\",\"url\":\"https:\/\/www.pressenza.com\/wp-content\/uploads\/2022\/10\/pressenza_logo_200x200.jpg\",\"contentUrl\":\"https:\/\/www.pressenza.com\/wp-content\/uploads\/2022\/10\/pressenza_logo_200x200.jpg\",\"width\":200,\"height\":200,\"caption\":\"Pressenza\"},\"image\":{\"@id\":\"https:\/\/www.pressenza.com\/it\/#\/schema\/logo\/image\/\"},\"sameAs\":[\"https:\/\/www.facebook.com\/PressenzaItalia\",\"https:\/\/x.com\/PressenzaIPA\"]},{\"@type\":\"Person\",\"@id\":\"https:\/\/www.pressenza.com\/it\/#\/schema\/person\/3836c97be58c0a429fb8ca24bf5062e8\",\"name\":\"Peppe Sini\",\"description\":\"Responsabile del Centro di Ricerca per la Pace di Viterbo.\",\"url\":\"https:\/\/www.pressenza.com\/it\/author\/peppe-sini\/\"}]}<\/script>\n<!-- \/ Yoast SEO plugin. -->","yoast_head_json":{"title":"Nell'anniversario di Fukushima","description":"Ricorre l'11 marzo l'anniversario del disastro di Fukushima. Che la memoria di quella catastrofe, e delle altre analoghe,\u00a0ci accompagni e ci persuada ad","robots":{"index":"index","follow":"follow","max-snippet":"max-snippet:-1","max-image-preview":"max-image-preview:large","max-video-preview":"max-video-preview:-1"},"canonical":"https:\/\/www.pressenza.com\/it\/2015\/03\/nellanniversario-di-fukushima\/","og_locale":"it_IT","og_type":"article","og_title":"Nell'anniversario di Fukushima","og_description":"Ricorre l'11 marzo l'anniversario del disastro di Fukushima. Che la memoria di quella catastrofe, e delle altre analoghe,\u00a0ci accompagni e ci persuada ad","og_url":"https:\/\/www.pressenza.com\/it\/2015\/03\/nellanniversario-di-fukushima\/","og_site_name":"Pressenza","article_publisher":"https:\/\/www.facebook.com\/PressenzaItalia","article_published_time":"2015-03-10T21:37:38+00:00","og_image":[{"width":640,"height":426,"url":"https:\/\/www.pressenza.com\/wp-content\/uploads\/2014\/03\/Remember_Fukushima-London-3-2014.jpeg","type":"image\/jpeg"}],"author":"Peppe Sini","twitter_card":"summary_large_image","twitter_creator":"@PressenzaIPA","twitter_site":"@PressenzaIPA","twitter_misc":{"Scritto da":"Peppe Sini","Tempo di lettura stimato":"2 minuti"},"schema":{"@context":"https:\/\/schema.org","@graph":[{"@type":"Article","@id":"https:\/\/www.pressenza.com\/it\/2015\/03\/nellanniversario-di-fukushima\/#article","isPartOf":{"@id":"https:\/\/www.pressenza.com\/it\/2015\/03\/nellanniversario-di-fukushima\/"},"author":{"name":"Peppe Sini","@id":"https:\/\/www.pressenza.com\/it\/#\/schema\/person\/3836c97be58c0a429fb8ca24bf5062e8"},"headline":"Nell&#8217;anniversario di Fukushima","datePublished":"2015-03-10T21:37:38+00:00","mainEntityOfPage":{"@id":"https:\/\/www.pressenza.com\/it\/2015\/03\/nellanniversario-di-fukushima\/"},"wordCount":460,"publisher":{"@id":"https:\/\/www.pressenza.com\/it\/#organization"},"image":{"@id":"https:\/\/www.pressenza.com\/it\/2015\/03\/nellanniversario-di-fukushima\/#primaryimage"},"thumbnailUrl":"https:\/\/www.pressenza.com\/wp-content\/uploads\/2014\/03\/Remember_Fukushima-London-3-2014.jpeg","keywords":["centrale nucleare","disastro ambientale","disastro nucleare","Fukushima","Giappone"],"articleSection":["Asia","Internazionale","Nonviolenza","Opinioni"],"inLanguage":"it-IT"},{"@type":"WebPage","@id":"https:\/\/www.pressenza.com\/it\/2015\/03\/nellanniversario-di-fukushima\/","url":"https:\/\/www.pressenza.com\/it\/2015\/03\/nellanniversario-di-fukushima\/","name":"Nell'anniversario di Fukushima","isPartOf":{"@id":"https:\/\/www.pressenza.com\/it\/#website"},"primaryImageOfPage":{"@id":"https:\/\/www.pressenza.com\/it\/2015\/03\/nellanniversario-di-fukushima\/#primaryimage"},"image":{"@id":"https:\/\/www.pressenza.com\/it\/2015\/03\/nellanniversario-di-fukushima\/#primaryimage"},"thumbnailUrl":"https:\/\/www.pressenza.com\/wp-content\/uploads\/2014\/03\/Remember_Fukushima-London-3-2014.jpeg","datePublished":"2015-03-10T21:37:38+00:00","description":"Ricorre l'11 marzo l'anniversario del disastro di Fukushima. Che la memoria di quella catastrofe, e delle altre analoghe,\u00a0ci accompagni e ci persuada ad","breadcrumb":{"@id":"https:\/\/www.pressenza.com\/it\/2015\/03\/nellanniversario-di-fukushima\/#breadcrumb"},"inLanguage":"it-IT","potentialAction":[{"@type":"ReadAction","target":["https:\/\/www.pressenza.com\/it\/2015\/03\/nellanniversario-di-fukushima\/"]}]},{"@type":"ImageObject","inLanguage":"it-IT","@id":"https:\/\/www.pressenza.com\/it\/2015\/03\/nellanniversario-di-fukushima\/#primaryimage","url":"https:\/\/www.pressenza.com\/wp-content\/uploads\/2014\/03\/Remember_Fukushima-London-3-2014.jpeg","contentUrl":"https:\/\/www.pressenza.com\/wp-content\/uploads\/2014\/03\/Remember_Fukushima-London-3-2014.jpeg","width":640,"height":426},{"@type":"BreadcrumbList","@id":"https:\/\/www.pressenza.com\/it\/2015\/03\/nellanniversario-di-fukushima\/#breadcrumb","itemListElement":[{"@type":"ListItem","position":1,"name":"Accueil","item":"https:\/\/www.pressenza.com\/it\/"},{"@type":"ListItem","position":2,"name":"Nell&#8217;anniversario di Fukushima"}]},{"@type":"WebSite","@id":"https:\/\/www.pressenza.com\/it\/#website","url":"https:\/\/www.pressenza.com\/it\/","name":"Pressenza","description":"Agenzia di Stampa Internazionale","publisher":{"@id":"https:\/\/www.pressenza.com\/it\/#organization"},"potentialAction":[{"@type":"SearchAction","target":{"@type":"EntryPoint","urlTemplate":"https:\/\/www.pressenza.com\/it\/?s={search_term_string}"},"query-input":{"@type":"PropertyValueSpecification","valueRequired":true,"valueName":"search_term_string"}}],"inLanguage":"it-IT"},{"@type":"Organization","@id":"https:\/\/www.pressenza.com\/it\/#organization","name":"Pressenza","url":"https:\/\/www.pressenza.com\/it\/","logo":{"@type":"ImageObject","inLanguage":"it-IT","@id":"https:\/\/www.pressenza.com\/it\/#\/schema\/logo\/image\/","url":"https:\/\/www.pressenza.com\/wp-content\/uploads\/2022\/10\/pressenza_logo_200x200.jpg","contentUrl":"https:\/\/www.pressenza.com\/wp-content\/uploads\/2022\/10\/pressenza_logo_200x200.jpg","width":200,"height":200,"caption":"Pressenza"},"image":{"@id":"https:\/\/www.pressenza.com\/it\/#\/schema\/logo\/image\/"},"sameAs":["https:\/\/www.facebook.com\/PressenzaItalia","https:\/\/x.com\/PressenzaIPA"]},{"@type":"Person","@id":"https:\/\/www.pressenza.com\/it\/#\/schema\/person\/3836c97be58c0a429fb8ca24bf5062e8","name":"Peppe Sini","description":"Responsabile del Centro di Ricerca per la Pace di Viterbo.","url":"https:\/\/www.pressenza.com\/it\/author\/peppe-sini\/"}]}},"place":"","original_article_url":"","_links":{"self":[{"href":"https:\/\/www.pressenza.com\/it\/wp-json\/wp\/v2\/posts\/169273","targetHints":{"allow":["GET"]}}],"collection":[{"href":"https:\/\/www.pressenza.com\/it\/wp-json\/wp\/v2\/posts"}],"about":[{"href":"https:\/\/www.pressenza.com\/it\/wp-json\/wp\/v2\/types\/post"}],"author":[{"embeddable":true,"href":"https:\/\/www.pressenza.com\/it\/wp-json\/wp\/v2\/users\/457"}],"replies":[{"embeddable":true,"href":"https:\/\/www.pressenza.com\/it\/wp-json\/wp\/v2\/comments?post=169273"}],"version-history":[{"count":0,"href":"https:\/\/www.pressenza.com\/it\/wp-json\/wp\/v2\/posts\/169273\/revisions"}],"wp:featuredmedia":[{"embeddable":true,"href":"https:\/\/www.pressenza.com\/it\/wp-json\/wp\/v2\/media\/92372"}],"wp:attachment":[{"href":"https:\/\/www.pressenza.com\/it\/wp-json\/wp\/v2\/media?parent=169273"}],"wp:term":[{"taxonomy":"category","embeddable":true,"href":"https:\/\/www.pressenza.com\/it\/wp-json\/wp\/v2\/categories?post=169273"},{"taxonomy":"post_tag","embeddable":true,"href":"https:\/\/www.pressenza.com\/it\/wp-json\/wp\/v2\/tags?post=169273"}],"curies":[{"name":"wp","href":"https:\/\/api.w.org\/{rel}","templated":true}]}}