{"id":1692426,"date":"2022-11-08T16:25:54","date_gmt":"2022-11-08T16:25:54","guid":{"rendered":"https:\/\/www.pressenza.com\/?p=1692426"},"modified":"2022-11-08T16:35:39","modified_gmt":"2022-11-08T16:35:39","slug":"il-maestro-di-bimbisvegli-in-presidio-davanti-al-ministero-della-pubblica-istruzione-e-del-merito","status":"publish","type":"post","link":"https:\/\/www.pressenza.com\/it\/2022\/11\/il-maestro-di-bimbisvegli-in-presidio-davanti-al-ministero-della-pubblica-istruzione-e-del-merito\/","title":{"rendered":"Il maestro di Bimbisvegli in presidio davanti al Ministero della Pubblica Istruzione e del Merito"},"content":{"rendered":"<p><em>Pi\u00f9 di una volta abbiamo parlato del <a href=\"https:\/\/www.pressenza.com\/it\/2021\/09\/scuola-bimbisvegli-quando-la-burocrazia-ha-momentaneamente-la-meglio\/\">progetto \u201cBimbisvegli<\/a>\u201d, una pratica ideata da un maestro elementare, Giampiero Monaca, insieme ad alcune sue colleghe. Insieme erano riusciti a rianimare una di quelle scuole che si sarebbero altrimenti chiuse per mancanza di bimbi. E invece erano passati da una ventina a una sessantina di iscritti, un successo. Eppure, con ogni probabilit\u00e0, disturbava, provocava, dava fastidio.<\/em><\/p>\n<p><em>Se fossimo in un film andrebbe con ogni probabilit\u00e0 a finire bene, ma qui siamo pi\u00f9 vicini all\u2019\u201dAttimo fuggente\u201d e il maestro \u00e8 stato messo in un angolo. Fine del progetto, fine dell\u2019esperienza.<\/em><\/p>\n<p><em>Le maestre rientrano nei ranghi, lui non ce la fa. Per un anno sta in aspettativa senza retribuzione, ma quest\u2019anno torna a scuola. Secondo la direzione dovrebbe tornare nella vecchia scuola, ai vecchi metodi, abbassare la cresta e stare al suo posto, incasellato per bene.<\/em><\/p>\n<p><em>Giampiero si rifiuta, passa qualche settimana seduto nel corridoio della scuola, non entra nella classe che gli avrebbero assegnato e dove non potrebbe fare quasi pi\u00f9 nulla di quello che faceva. Il clima \u00e8 pesante, la rottura \u00e8 chiara.<\/em><\/p>\n<p><em>Allora decide: porter\u00e0 la sua lettera di dimissioni direttamente al neo-Ministro. E visto che vuole che la cosa si sappia, che questa vergogna sia pubblica, decide di piazzarsi di fronte al Ministero, quello che una volta chiamavamo della Pubblica Istruzione.<\/em><\/p>\n<p><em>Da luned\u00ec 7 novembre Giampiero Monaca \u00e8 l\u00ec seduto dalle 9 e 30 alle 19, con una bella sedia, aspettando di essere ricevuto.<\/em><em>\u00a0<\/em><\/p>\n<p><em>Il palazzo ha ricevuto la lettera, ma tace. Pare che il Ministro non ci sia, ma comunque chi vuole \u201cpelare questa gatta\u201d? \u201cLasciamolo l\u00ec \u2013 avranno detto \u2013 si stancher\u00e0!\u201d<\/em><em>\u00a0<\/em><\/p>\n<p><em>Non sappiamo se il maestro Giampiero si stancher\u00e0, ma in passato ha digiunato per 55 giorni e ha una discreta capacit\u00e0 di resistenza. Forse nei prossimi giorni qualcun altro si accorger\u00e0 di lui. Nel frattempo, se siete in zona, passate a trovarlo. <\/em><\/p>\n<p><em>Coraggio, maestro.<\/em><\/p>\n<p><em>Qui di seguito il testo integrale della sua lettera:<\/em><\/p>\n<p>Spett Ministero dell\u2019Istruzione e del Merito<\/p>\n<p>Egr. Ministro dell\u2019Istruzione e del Merito\u00a0prof Valditara<\/p>\n<p>Egr. Capo Dipartimento per le risorse umane, finanziarie e strumentali dott Jacopo Greco<\/p>\n<p>Egr. Capo Dipartimento per il sistema educativo di istruzione e formazione dott. Versari<\/p>\n<p>Mi chiamo Giampiero Monaca, sono maestro elementare\u00a0e credo fortemente nel valore della scuola pubblica.<\/p>\n<p>Credo nel suo valore sociale, come palestra di maturazione delle competenze sociali e di esercizio dei diritti\/doveri per un serio e franco confronto democratico, credo nella sua funzione formativa ed educativa in un contesto cooperativo, accogliente, empatico, credo nella sua vocazione di ascensore sociale, credo che essa rappresenti, nella sua gratuit\u00e0 e nella sua realt\u00e0 di \u201cmelting pot\u201d culturale una straordinaria occasione per la genesi di una nuova societ\u00e0, pi\u00f9 cosciente e coinvolta nel sociale, affidabile, ricca, democratica, in grado di fronteggiare (meglio delle precedenti) derive autoritaristiche, divisioni culturali, sfruttamento dei deboli, individualismo e sopraffazione.<\/p>\n<p>Quando, anni fa, fui chiamato in ruolo dal Ministero dell\u2019Istruzione, potei osservare che\u00a0 tutto ci\u00f2 in cui credo \u00e8 ben sintetizzato e garantito dalle Indicazioni Nazionali per il Curricolo, vero e proprio documento identitario e impegnativo per chiunque operi nel settore dell\u2019istruzione pubblica. E\u2019 un vero e proprio contratto di servizio a cui insegnanti, famiglie e dirigenti devono costantemente fare riferimento per verificare se e quanto l\u2019offerta formativa rivolta ai bambini (vero fulcro della scuola) sia aderente.<\/p>\n<p>Ho una formazione scoutistica e un passato come\u00a0 lavoratore autonomo nel settore artigiano, non so stare con le mani in mano, sono abituato a rimboccarmi le maniche e a mettere a disposizione della comunit\u00e0 il meglio delle mie competenze, per cui, dopo un iniziale periodo di doveroso tirocinio e di osservazione, ho iniziato a personalizzare il mio approccio didattico, grazie alle competenze pedagogiche, ai principi educativi e alle mie sensibilit\u00e0 personali.<\/p>\n<p>Grazie anche al confronto con alcune colleghe e in particolare a una dirigente, si \u00e8 delineata gradualmente una particolare specificit\u00e0 della proposta educativa che offrivamo alle nostre alunne e alunni.\u00a0 Denominata \u201cBimbisvegli\u201d, sintetizza gi\u00e0 dal nome stesso i due pilastri su cui si basa:\u00a0 Bimbi, in quanto, riconoscendo le specificit\u00e0 dei bisogni educativi delle varie et\u00e0 evolutive dei bambini a noi affidati, utilizza gli strumenti didattici pi\u00f9 funzionali (gioco, empatia, simulazione, sensorialit\u00e0, corporeit\u00e0, accudimento, cooperazione, valorizzazione dell\u2019errore\u2026); svegli perch\u00e9 mira alla coscientizzazione precoce delle bambine e dei bambini al proprio ruolo di giovani cittadine e cittadini del mondo di oggi, mettendo in atto pratiche di cogestione, public debate, interazione interculturale, problem solving, impegno civico.<\/p>\n<p>Dal punto di vista statistico e oggettivo abbiamo potuto eseguire ricerche\u00a0e follow up informali, che\u00a0 hanno portato alla luce\u00a0 dati di successo scolastico pienamente allineato alla norma, ma soprattutto un sensibile aumento dell\u2019inclinazione all\u2019impegno nel sociale, dell\u2019affidabilit\u00e0, della presa in carico di impegni e soprattutto della motivazione allo studio. Basti pensare che\u00a0nella scuola in cui \u00e8 stato introdotto l\u2019approccio Bimbisvegli, le iscrizioni totali sono passate in quattro anni da 21 a 63.<\/p>\n<p>Negli anni quattro tesi di laurea in diversi atenei hanno voluto soffermarsi, descrivere e studiare vari aspetti dell\u2019approccio Bimbisvegli, siamo stati invitati a convegni, a eventi MIUR INDIRE, abbiamo ricevuto riconoscimenti. Come spesso accade, abbiamo anche suscitato un grande\u00a0 movimento di contrariet\u00e0 da parte di chi preferisce\u00a0 una scuola\u00a0 meno intraprendente, pi\u00f9 \u201coperosa e silenziosa\u201d piuttosto che impegnata e accogliente, una scuola di forma pi\u00f9 che di sostanza, una scuola in cui \u201cmerito\u201d indica il premio per chi \u00e8 naturalmente dotato, non nella promozione di ciascuno a sviluppare la migliore versione di s\u00e9, per poter assumere nella societ\u00e0 il\u00a0 proprio ruolo di protagonista, funzionale, affidabile e appagato.<\/p>\n<p>Le critiche e le gelosie provenienti dal basso hanno trovato purtroppo un paio di esecutori\u00a0dall\u2019alto e cos\u00ec da circa tre anni il nostro progetto, anzich\u00e9 decollare, prendendo la via della formalizzazione come sperimentazione MIUR, auspicata dalle famiglie, dalla comunit\u00e0 locale, dalla nostra equipe didattica e da diversi rappresentanti della ricerca e del mondo accademico, \u00e8 stato\u00a0via via stretto, ostacolato, osteggiato grazie a omissioni di atti, pressioni e azioni disciplinari. Queste hanno portato alcune insegnanti a chiedere il trasferimento e\u00a0me a tentare questo estremo atto di tutela di una realt\u00e0\u00a0 didattica pienamente integrata e rispettosa delle indicazioni nazionali, nata dal basso, integrata dalla comunit\u00e0 locale, apprezzata da utenti e media.<\/p>\n<p>Mi trovo oggi a scrivere alle SS.VV. in quanto da luned\u00ec 7 novembre 2022, sar\u00f2 in presidio\u00a0 davanti alla sede del Ministero dell&#8217;Istruzione e del Merito per presentare il problema di Bimbisvegli , progetto di scuola di pace, attiva, cooperative e solidale, apprezzato a livello istituzionale e accademico, perfettamente in linea con le indicazioni ministeriali, ma che oggi soccombe a causa dei veleni e delle gelosie interne, sostenute da dirigenti e colleghi che intendono la scuola come esercizio di potere avara di relazioni e coinvolgimento empatico e disimpegnata verso i problemi sociali e personali.<\/p>\n<p>Ho comunicato all\u2019attuale dirigente della nostra scuola di Serravalle d\u2019Asti, prof Franco Calcagno, reggente in sostituzione della titolare prof. Graziella Ventimiglia, che a partire da oggi avrei trasferito la mia sede di servizio presso viale Trastevere, in attesa di una risoluzione del problema grazie al vostro intervento, ovvero del mio contratto di servizio, firmando le mie dimissioni, qualora non intendiate o non possiate trovare una soluzione che tuteli il bene supremo dei nostri bambini, delle\u00a0 loro famiglie, della comunit\u00e0 locale della frazione Serravalle e della mia dignit\u00e0 professionale.<\/p>\n<p>Dal mio rientro in servizio, ho difatti rifiutato un ordine di trasferimento inflitto dalla dirigente Ventimiglia e confermato dal prof Calcagno, perch\u00e9\u00a0 non ne riconosco la funzionalit\u00e0 e il beneficio per la nostra comunit\u00e0 educante: \u201cQuando la legge diventa ingiusta la disobbedienza \u00e8 un dovere\u201d, l\u2019ho sempre insegnato alle mie bimbe e bimbi. Come potrei non sfruttare questa occasione per testimoniare coerenza verso i valori e gli insegnamenti che per anni ho condiviso con loro? Sul tema della responsabilit\u00e0 civile ci abbiamo persino fatto un film, premiato e portato come esempio di impegno civile e di ottima scuola\u00a0 \u2026 Chiedo a questo punto anche coerenza da parte dell\u2019istituzione che\u00a0con orgoglio e fiducia ho scelto di sostenere e servire, in condivisione con gli ideali delle indicazioni.<\/p>\n<p>Quando sono entrato in servizio ho promesso di dare il mio meglio al mio Paese e l&#8217;ho fatto. A livello accademico e istituzionale siamo stati lodati, ma a livello orizzontale e locale questo ha scatenato &#8220;l&#8217;ira funesta delle cagnette cui abbiamo sottratto l&#8217;osso&#8221; perch\u00e9 impegnandoci a costruire una comunit\u00e0 solida, solidale e cooperativa, educando i bambini al senso critico, sottraendoci ai diktat relativi alle piccinerie (adozione dei libri di testo, compiti obbligatori, mete tradizionali per gite scolastiche, uso di arredi scolastici tradizionali, l&#8217;infinito attendismo, alibi per chi non sa e non vuole fare) abbiamo dimostrato che una scuola diversa, sorridente, cooperativa, impegnata e felice SI PU\u00d2 FARE, partendo dal basso, investendo persino, volontariamente, risorse personali. \u00c8 chi non la fa \u00e8 perch\u00e9 vi rinuncia.<\/p>\n<p>Ecco perch\u00e9 mi rivolgo al vertice politico e amministrativo della scuola pubblica: voglio portare alla luce tutto questo chiedendo tutela per la realt\u00e0\u00a0di Bimbisvegli e per ogni iniziativa assimilabile, o di essere lasciato libero di andarmene, rinunciando alle certezze di un salario garantito, in una scuola che ahim\u00e8 a livello pratico non risulta all\u2019altezza delle teorie, degli ideali e delle promesse promossi dai convegni, dai seminari, dalle pubblicazioni e dalle indicazioni ministeriali e dalla miglior pedagogia internazionale.<\/p>\n<p>Spesso si legge che i sistemi scolastici scandinavi sono eccezionali, ma\u00a0la loro straordinariet\u00e0 sta solo nel fatto che loro mettono in pratica quasi tutto quel che promettono all\u2019utenza.<\/p>\n<p>Sono qui, dunque a chiedere un incontro risolutivo. Vi chiedo una presa in carico del problema proponendovi di trovare una qualsiasi modalit\u00e0 per riportare l\u2019approccio Bimbisvegli nella scuola primaria di Serravalle d\u2019Asti. Da parte mia sono disponibile sin da subito a porre in essere ogni mia energia per coordinarlo, trovando insieme a ricercatori ed esperti (ad esempio i ricercatori INDIRE di\u00a0Piccole Scuole, movimento di cui il plesso di Serravalle fa parte) una redazione del progetto Bimbisvegli in una forma ancora pi\u00f9 analitica che lo renda scalabile e integrabile fra le metodologie riconosciute da codesto Ministero.<\/p>\n<p>In conclusione non posso che attestare il mio rispetto e amore per l\u2019alta funzione sociale, politica e individuale dell\u2019istituto della scuola pubblica. Vi ho dedicato ogni mia energia, tutto il mio meglio. Pi\u00f9 del mio meglio non posso dare, meno del mio meglio non voglio dare.<\/p>\n<p>Attendo fiducioso un incontro chiarificatore e auspico risolutivo.<\/p>\n<p>Cordialmente<\/p>\n<p>Giampiero Monaca<\/p>\n<p>maestro elementare in presidio permanente<\/p>\n<p>Viale Trastevere 76a Roma<\/p>\n<p>Mail : <a href=\"mailto:wolffree@promotus.it\">wolffree@promotus.it<\/a><\/p>\n<p>&nbsp;<\/p>\n<p>&nbsp;<\/p>\n<p>&nbsp;<\/p>\n<p>&nbsp;<\/p>\n","protected":false},"excerpt":{"rendered":"<p>Pi\u00f9 di una volta abbiamo parlato del progetto \u201cBimbisvegli\u201d, una pratica ideata da un maestro elementare, Giampiero Monaca, insieme ad alcune sue colleghe. Insieme erano riusciti a rianimare una di quelle scuole che si sarebbero altrimenti chiuse per mancanza di&hellip;<\/p>\n","protected":false},"author":1537,"featured_media":1519448,"comment_status":"closed","ping_status":"closed","sticky":false,"template":"","format":"standard","meta":{"footnotes":""},"categories":[11388,1258,47],"tags":[],"class_list":["post-1692426","post","type-post","status-publish","format-standard","has-post-thumbnail","hentry","category-contenuti-originali","category-educazione","category-europa"],"yoast_head":"<!-- This site is optimized with the Yoast SEO plugin v27.1.1 - https:\/\/yoast.com\/product\/yoast-seo-wordpress\/ -->\n<title>Il maestro di Bimbisvegli in presidio davanti al Ministero della Pubblica Istruzione e del Merito<\/title>\n<meta name=\"description\" content=\"Pi\u00f9 di una volta abbiamo parlato del progetto \u201cBimbisvegli\u201d, una pratica ideata da un maestro elementare, Giampiero Monaca, insieme ad alcune sue\" \/>\n<meta name=\"robots\" content=\"index, follow, max-snippet:-1, max-image-preview:large, max-video-preview:-1\" \/>\n<link rel=\"canonical\" href=\"https:\/\/www.pressenza.com\/it\/2022\/11\/il-maestro-di-bimbisvegli-in-presidio-davanti-al-ministero-della-pubblica-istruzione-e-del-merito\/\" \/>\n<meta property=\"og:locale\" content=\"it_IT\" \/>\n<meta property=\"og:type\" content=\"article\" \/>\n<meta property=\"og:title\" content=\"Il maestro di Bimbisvegli in presidio davanti al Ministero della Pubblica Istruzione e del Merito\" \/>\n<meta property=\"og:description\" content=\"Pi\u00f9 di una volta abbiamo parlato del progetto \u201cBimbisvegli\u201d, una pratica ideata da un maestro elementare, Giampiero Monaca, insieme ad alcune sue\" \/>\n<meta property=\"og:url\" content=\"https:\/\/www.pressenza.com\/it\/2022\/11\/il-maestro-di-bimbisvegli-in-presidio-davanti-al-ministero-della-pubblica-istruzione-e-del-merito\/\" \/>\n<meta property=\"og:site_name\" content=\"Pressenza\" \/>\n<meta property=\"article:publisher\" content=\"https:\/\/www.facebook.com\/PressenzaItalia\" \/>\n<meta property=\"article:published_time\" content=\"2022-11-08T16:25:54+00:00\" \/>\n<meta property=\"article:modified_time\" content=\"2022-11-08T16:35:39+00:00\" \/>\n<meta property=\"og:image\" content=\"https:\/\/www.pressenza.com\/wp-content\/uploads\/2022\/02\/giampiero-monaca.jpg\" \/>\n\t<meta property=\"og:image:width\" content=\"1019\" \/>\n\t<meta property=\"og:image:height\" content=\"1024\" \/>\n\t<meta property=\"og:image:type\" content=\"image\/jpeg\" \/>\n<meta name=\"author\" content=\"Andrea De Lotto\" \/>\n<meta name=\"twitter:card\" content=\"summary_large_image\" \/>\n<meta name=\"twitter:creator\" content=\"@PressenzaIPA\" \/>\n<meta name=\"twitter:site\" content=\"@PressenzaIPA\" \/>\n<meta name=\"twitter:label1\" content=\"Scritto da\" \/>\n\t<meta name=\"twitter:data1\" content=\"Andrea De Lotto\" \/>\n\t<meta name=\"twitter:label2\" content=\"Tempo di lettura stimato\" \/>\n\t<meta name=\"twitter:data2\" content=\"9 minuti\" \/>\n<script type=\"application\/ld+json\" class=\"yoast-schema-graph\">{\"@context\":\"https:\/\/schema.org\",\"@graph\":[{\"@type\":\"Article\",\"@id\":\"https:\/\/www.pressenza.com\/it\/2022\/11\/il-maestro-di-bimbisvegli-in-presidio-davanti-al-ministero-della-pubblica-istruzione-e-del-merito\/#article\",\"isPartOf\":{\"@id\":\"https:\/\/www.pressenza.com\/it\/2022\/11\/il-maestro-di-bimbisvegli-in-presidio-davanti-al-ministero-della-pubblica-istruzione-e-del-merito\/\"},\"author\":{\"name\":\"Andrea De Lotto\",\"@id\":\"https:\/\/www.pressenza.com\/it\/#\/schema\/person\/6388dc0281afd7eeb72a1763aca696a4\"},\"headline\":\"Il maestro di Bimbisvegli in presidio davanti al Ministero della Pubblica Istruzione e del Merito\",\"datePublished\":\"2022-11-08T16:25:54+00:00\",\"dateModified\":\"2022-11-08T16:35:39+00:00\",\"mainEntityOfPage\":{\"@id\":\"https:\/\/www.pressenza.com\/it\/2022\/11\/il-maestro-di-bimbisvegli-in-presidio-davanti-al-ministero-della-pubblica-istruzione-e-del-merito\/\"},\"wordCount\":1762,\"publisher\":{\"@id\":\"https:\/\/www.pressenza.com\/it\/#organization\"},\"image\":{\"@id\":\"https:\/\/www.pressenza.com\/it\/2022\/11\/il-maestro-di-bimbisvegli-in-presidio-davanti-al-ministero-della-pubblica-istruzione-e-del-merito\/#primaryimage\"},\"thumbnailUrl\":\"https:\/\/www.pressenza.com\/wp-content\/uploads\/2022\/02\/giampiero-monaca.jpg\",\"articleSection\":[\"contenuti originali\",\"Educazione\",\"Europa\"],\"inLanguage\":\"it-IT\"},{\"@type\":\"WebPage\",\"@id\":\"https:\/\/www.pressenza.com\/it\/2022\/11\/il-maestro-di-bimbisvegli-in-presidio-davanti-al-ministero-della-pubblica-istruzione-e-del-merito\/\",\"url\":\"https:\/\/www.pressenza.com\/it\/2022\/11\/il-maestro-di-bimbisvegli-in-presidio-davanti-al-ministero-della-pubblica-istruzione-e-del-merito\/\",\"name\":\"Il maestro di Bimbisvegli in presidio davanti al Ministero della Pubblica Istruzione e del Merito\",\"isPartOf\":{\"@id\":\"https:\/\/www.pressenza.com\/it\/#website\"},\"primaryImageOfPage\":{\"@id\":\"https:\/\/www.pressenza.com\/it\/2022\/11\/il-maestro-di-bimbisvegli-in-presidio-davanti-al-ministero-della-pubblica-istruzione-e-del-merito\/#primaryimage\"},\"image\":{\"@id\":\"https:\/\/www.pressenza.com\/it\/2022\/11\/il-maestro-di-bimbisvegli-in-presidio-davanti-al-ministero-della-pubblica-istruzione-e-del-merito\/#primaryimage\"},\"thumbnailUrl\":\"https:\/\/www.pressenza.com\/wp-content\/uploads\/2022\/02\/giampiero-monaca.jpg\",\"datePublished\":\"2022-11-08T16:25:54+00:00\",\"dateModified\":\"2022-11-08T16:35:39+00:00\",\"description\":\"Pi\u00f9 di una volta abbiamo parlato del progetto \u201cBimbisvegli\u201d, una pratica ideata da un maestro elementare, Giampiero Monaca, insieme ad alcune sue\",\"breadcrumb\":{\"@id\":\"https:\/\/www.pressenza.com\/it\/2022\/11\/il-maestro-di-bimbisvegli-in-presidio-davanti-al-ministero-della-pubblica-istruzione-e-del-merito\/#breadcrumb\"},\"inLanguage\":\"it-IT\",\"potentialAction\":[{\"@type\":\"ReadAction\",\"target\":[\"https:\/\/www.pressenza.com\/it\/2022\/11\/il-maestro-di-bimbisvegli-in-presidio-davanti-al-ministero-della-pubblica-istruzione-e-del-merito\/\"]}]},{\"@type\":\"ImageObject\",\"inLanguage\":\"it-IT\",\"@id\":\"https:\/\/www.pressenza.com\/it\/2022\/11\/il-maestro-di-bimbisvegli-in-presidio-davanti-al-ministero-della-pubblica-istruzione-e-del-merito\/#primaryimage\",\"url\":\"https:\/\/www.pressenza.com\/wp-content\/uploads\/2022\/02\/giampiero-monaca.jpg\",\"contentUrl\":\"https:\/\/www.pressenza.com\/wp-content\/uploads\/2022\/02\/giampiero-monaca.jpg\",\"width\":1019,\"height\":1024},{\"@type\":\"BreadcrumbList\",\"@id\":\"https:\/\/www.pressenza.com\/it\/2022\/11\/il-maestro-di-bimbisvegli-in-presidio-davanti-al-ministero-della-pubblica-istruzione-e-del-merito\/#breadcrumb\",\"itemListElement\":[{\"@type\":\"ListItem\",\"position\":1,\"name\":\"Accueil\",\"item\":\"https:\/\/www.pressenza.com\/it\/\"},{\"@type\":\"ListItem\",\"position\":2,\"name\":\"Il maestro di Bimbisvegli in presidio davanti al Ministero della Pubblica Istruzione e del Merito\"}]},{\"@type\":\"WebSite\",\"@id\":\"https:\/\/www.pressenza.com\/it\/#website\",\"url\":\"https:\/\/www.pressenza.com\/it\/\",\"name\":\"Pressenza\",\"description\":\"Agenzia di Stampa Internazionale\",\"publisher\":{\"@id\":\"https:\/\/www.pressenza.com\/it\/#organization\"},\"potentialAction\":[{\"@type\":\"SearchAction\",\"target\":{\"@type\":\"EntryPoint\",\"urlTemplate\":\"https:\/\/www.pressenza.com\/it\/?s={search_term_string}\"},\"query-input\":{\"@type\":\"PropertyValueSpecification\",\"valueRequired\":true,\"valueName\":\"search_term_string\"}}],\"inLanguage\":\"it-IT\"},{\"@type\":\"Organization\",\"@id\":\"https:\/\/www.pressenza.com\/it\/#organization\",\"name\":\"Pressenza\",\"url\":\"https:\/\/www.pressenza.com\/it\/\",\"logo\":{\"@type\":\"ImageObject\",\"inLanguage\":\"it-IT\",\"@id\":\"https:\/\/www.pressenza.com\/it\/#\/schema\/logo\/image\/\",\"url\":\"https:\/\/www.pressenza.com\/wp-content\/uploads\/2022\/10\/pressenza_logo_200x200.jpg\",\"contentUrl\":\"https:\/\/www.pressenza.com\/wp-content\/uploads\/2022\/10\/pressenza_logo_200x200.jpg\",\"width\":200,\"height\":200,\"caption\":\"Pressenza\"},\"image\":{\"@id\":\"https:\/\/www.pressenza.com\/it\/#\/schema\/logo\/image\/\"},\"sameAs\":[\"https:\/\/www.facebook.com\/PressenzaItalia\",\"https:\/\/x.com\/PressenzaIPA\"]},{\"@type\":\"Person\",\"@id\":\"https:\/\/www.pressenza.com\/it\/#\/schema\/person\/6388dc0281afd7eeb72a1763aca696a4\",\"name\":\"Andrea De Lotto\",\"url\":\"https:\/\/www.pressenza.com\/it\/author\/andrea-de-lotto\/\"}]}<\/script>\n<!-- \/ Yoast SEO plugin. -->","yoast_head_json":{"title":"Il maestro di Bimbisvegli in presidio davanti al Ministero della Pubblica Istruzione e del Merito","description":"Pi\u00f9 di una volta abbiamo parlato del progetto \u201cBimbisvegli\u201d, una pratica ideata da un maestro elementare, Giampiero Monaca, insieme ad alcune sue","robots":{"index":"index","follow":"follow","max-snippet":"max-snippet:-1","max-image-preview":"max-image-preview:large","max-video-preview":"max-video-preview:-1"},"canonical":"https:\/\/www.pressenza.com\/it\/2022\/11\/il-maestro-di-bimbisvegli-in-presidio-davanti-al-ministero-della-pubblica-istruzione-e-del-merito\/","og_locale":"it_IT","og_type":"article","og_title":"Il maestro di Bimbisvegli in presidio davanti al Ministero della Pubblica Istruzione e del Merito","og_description":"Pi\u00f9 di una volta abbiamo parlato del progetto \u201cBimbisvegli\u201d, una pratica ideata da un maestro elementare, Giampiero Monaca, insieme ad alcune sue","og_url":"https:\/\/www.pressenza.com\/it\/2022\/11\/il-maestro-di-bimbisvegli-in-presidio-davanti-al-ministero-della-pubblica-istruzione-e-del-merito\/","og_site_name":"Pressenza","article_publisher":"https:\/\/www.facebook.com\/PressenzaItalia","article_published_time":"2022-11-08T16:25:54+00:00","article_modified_time":"2022-11-08T16:35:39+00:00","og_image":[{"width":1019,"height":1024,"url":"https:\/\/www.pressenza.com\/wp-content\/uploads\/2022\/02\/giampiero-monaca.jpg","type":"image\/jpeg"}],"author":"Andrea De Lotto","twitter_card":"summary_large_image","twitter_creator":"@PressenzaIPA","twitter_site":"@PressenzaIPA","twitter_misc":{"Scritto da":"Andrea De Lotto","Tempo di lettura stimato":"9 minuti"},"schema":{"@context":"https:\/\/schema.org","@graph":[{"@type":"Article","@id":"https:\/\/www.pressenza.com\/it\/2022\/11\/il-maestro-di-bimbisvegli-in-presidio-davanti-al-ministero-della-pubblica-istruzione-e-del-merito\/#article","isPartOf":{"@id":"https:\/\/www.pressenza.com\/it\/2022\/11\/il-maestro-di-bimbisvegli-in-presidio-davanti-al-ministero-della-pubblica-istruzione-e-del-merito\/"},"author":{"name":"Andrea De Lotto","@id":"https:\/\/www.pressenza.com\/it\/#\/schema\/person\/6388dc0281afd7eeb72a1763aca696a4"},"headline":"Il maestro di Bimbisvegli in presidio davanti al Ministero della Pubblica Istruzione e del Merito","datePublished":"2022-11-08T16:25:54+00:00","dateModified":"2022-11-08T16:35:39+00:00","mainEntityOfPage":{"@id":"https:\/\/www.pressenza.com\/it\/2022\/11\/il-maestro-di-bimbisvegli-in-presidio-davanti-al-ministero-della-pubblica-istruzione-e-del-merito\/"},"wordCount":1762,"publisher":{"@id":"https:\/\/www.pressenza.com\/it\/#organization"},"image":{"@id":"https:\/\/www.pressenza.com\/it\/2022\/11\/il-maestro-di-bimbisvegli-in-presidio-davanti-al-ministero-della-pubblica-istruzione-e-del-merito\/#primaryimage"},"thumbnailUrl":"https:\/\/www.pressenza.com\/wp-content\/uploads\/2022\/02\/giampiero-monaca.jpg","articleSection":["contenuti originali","Educazione","Europa"],"inLanguage":"it-IT"},{"@type":"WebPage","@id":"https:\/\/www.pressenza.com\/it\/2022\/11\/il-maestro-di-bimbisvegli-in-presidio-davanti-al-ministero-della-pubblica-istruzione-e-del-merito\/","url":"https:\/\/www.pressenza.com\/it\/2022\/11\/il-maestro-di-bimbisvegli-in-presidio-davanti-al-ministero-della-pubblica-istruzione-e-del-merito\/","name":"Il maestro di Bimbisvegli in presidio davanti al Ministero della Pubblica Istruzione e del Merito","isPartOf":{"@id":"https:\/\/www.pressenza.com\/it\/#website"},"primaryImageOfPage":{"@id":"https:\/\/www.pressenza.com\/it\/2022\/11\/il-maestro-di-bimbisvegli-in-presidio-davanti-al-ministero-della-pubblica-istruzione-e-del-merito\/#primaryimage"},"image":{"@id":"https:\/\/www.pressenza.com\/it\/2022\/11\/il-maestro-di-bimbisvegli-in-presidio-davanti-al-ministero-della-pubblica-istruzione-e-del-merito\/#primaryimage"},"thumbnailUrl":"https:\/\/www.pressenza.com\/wp-content\/uploads\/2022\/02\/giampiero-monaca.jpg","datePublished":"2022-11-08T16:25:54+00:00","dateModified":"2022-11-08T16:35:39+00:00","description":"Pi\u00f9 di una volta abbiamo parlato del progetto \u201cBimbisvegli\u201d, una pratica ideata da un maestro elementare, Giampiero Monaca, insieme ad alcune sue","breadcrumb":{"@id":"https:\/\/www.pressenza.com\/it\/2022\/11\/il-maestro-di-bimbisvegli-in-presidio-davanti-al-ministero-della-pubblica-istruzione-e-del-merito\/#breadcrumb"},"inLanguage":"it-IT","potentialAction":[{"@type":"ReadAction","target":["https:\/\/www.pressenza.com\/it\/2022\/11\/il-maestro-di-bimbisvegli-in-presidio-davanti-al-ministero-della-pubblica-istruzione-e-del-merito\/"]}]},{"@type":"ImageObject","inLanguage":"it-IT","@id":"https:\/\/www.pressenza.com\/it\/2022\/11\/il-maestro-di-bimbisvegli-in-presidio-davanti-al-ministero-della-pubblica-istruzione-e-del-merito\/#primaryimage","url":"https:\/\/www.pressenza.com\/wp-content\/uploads\/2022\/02\/giampiero-monaca.jpg","contentUrl":"https:\/\/www.pressenza.com\/wp-content\/uploads\/2022\/02\/giampiero-monaca.jpg","width":1019,"height":1024},{"@type":"BreadcrumbList","@id":"https:\/\/www.pressenza.com\/it\/2022\/11\/il-maestro-di-bimbisvegli-in-presidio-davanti-al-ministero-della-pubblica-istruzione-e-del-merito\/#breadcrumb","itemListElement":[{"@type":"ListItem","position":1,"name":"Accueil","item":"https:\/\/www.pressenza.com\/it\/"},{"@type":"ListItem","position":2,"name":"Il maestro di Bimbisvegli in presidio davanti al Ministero della Pubblica Istruzione e del Merito"}]},{"@type":"WebSite","@id":"https:\/\/www.pressenza.com\/it\/#website","url":"https:\/\/www.pressenza.com\/it\/","name":"Pressenza","description":"Agenzia di Stampa Internazionale","publisher":{"@id":"https:\/\/www.pressenza.com\/it\/#organization"},"potentialAction":[{"@type":"SearchAction","target":{"@type":"EntryPoint","urlTemplate":"https:\/\/www.pressenza.com\/it\/?s={search_term_string}"},"query-input":{"@type":"PropertyValueSpecification","valueRequired":true,"valueName":"search_term_string"}}],"inLanguage":"it-IT"},{"@type":"Organization","@id":"https:\/\/www.pressenza.com\/it\/#organization","name":"Pressenza","url":"https:\/\/www.pressenza.com\/it\/","logo":{"@type":"ImageObject","inLanguage":"it-IT","@id":"https:\/\/www.pressenza.com\/it\/#\/schema\/logo\/image\/","url":"https:\/\/www.pressenza.com\/wp-content\/uploads\/2022\/10\/pressenza_logo_200x200.jpg","contentUrl":"https:\/\/www.pressenza.com\/wp-content\/uploads\/2022\/10\/pressenza_logo_200x200.jpg","width":200,"height":200,"caption":"Pressenza"},"image":{"@id":"https:\/\/www.pressenza.com\/it\/#\/schema\/logo\/image\/"},"sameAs":["https:\/\/www.facebook.com\/PressenzaItalia","https:\/\/x.com\/PressenzaIPA"]},{"@type":"Person","@id":"https:\/\/www.pressenza.com\/it\/#\/schema\/person\/6388dc0281afd7eeb72a1763aca696a4","name":"Andrea De Lotto","url":"https:\/\/www.pressenza.com\/it\/author\/andrea-de-lotto\/"}]}},"place":"","original_article_url":"","_links":{"self":[{"href":"https:\/\/www.pressenza.com\/it\/wp-json\/wp\/v2\/posts\/1692426","targetHints":{"allow":["GET"]}}],"collection":[{"href":"https:\/\/www.pressenza.com\/it\/wp-json\/wp\/v2\/posts"}],"about":[{"href":"https:\/\/www.pressenza.com\/it\/wp-json\/wp\/v2\/types\/post"}],"author":[{"embeddable":true,"href":"https:\/\/www.pressenza.com\/it\/wp-json\/wp\/v2\/users\/1537"}],"replies":[{"embeddable":true,"href":"https:\/\/www.pressenza.com\/it\/wp-json\/wp\/v2\/comments?post=1692426"}],"version-history":[{"count":0,"href":"https:\/\/www.pressenza.com\/it\/wp-json\/wp\/v2\/posts\/1692426\/revisions"}],"wp:featuredmedia":[{"embeddable":true,"href":"https:\/\/www.pressenza.com\/it\/wp-json\/wp\/v2\/media\/1519448"}],"wp:attachment":[{"href":"https:\/\/www.pressenza.com\/it\/wp-json\/wp\/v2\/media?parent=1692426"}],"wp:term":[{"taxonomy":"category","embeddable":true,"href":"https:\/\/www.pressenza.com\/it\/wp-json\/wp\/v2\/categories?post=1692426"},{"taxonomy":"post_tag","embeddable":true,"href":"https:\/\/www.pressenza.com\/it\/wp-json\/wp\/v2\/tags?post=1692426"}],"curies":[{"name":"wp","href":"https:\/\/api.w.org\/{rel}","templated":true}]}}