{"id":1691114,"date":"2022-11-03T13:05:15","date_gmt":"2022-11-03T13:05:15","guid":{"rendered":"https:\/\/www.pressenza.com\/?p=1691114"},"modified":"2022-11-03T13:05:15","modified_gmt":"2022-11-03T13:05:15","slug":"selezionate-le-colombe-doro-di-questanno","status":"publish","type":"post","link":"https:\/\/www.pressenza.com\/it\/2022\/11\/selezionate-le-colombe-doro-di-questanno\/","title":{"rendered":"Selezionate le Colombe d&#8217;Oro di quest&#8217;anno"},"content":{"rendered":"<p class=\"western\" align=\"justify\">Alla vigilia della manifestazione del 5 novembre, che porter\u00e0 in piazza decine di migliaia di manifestanti per la pace in Ucraina, Archivio Disarmo lancia la 38\u00b0 edizione del Premio Colombe d&#8217;oro per la Pace, rispondendo all\u2019appello di incoraggiamento di Papa Francesco \u201ca continuare a lavorare per la verit\u00e0, la libert\u00e0, il dialogo, la giustizia e la pace\u201d.<\/p>\n<p class=\"western\" align=\"justify\"><a name=\"_GoBack\"><\/a> Destinato a tre giornalisti e a una personalit\u00e0 internazionale, il Premio \u00e8 assegnato ogni anno da una Giuria composta da Fabrizio Battistelli, Dora Iacobelli, Riccardo Iacona, Dacia Maraini, Andrea Riccardi e Tana de Zulueta.<\/p>\n<p class=\"western\" align=\"justify\">Il prossimo 12 novembre verranno premiati a Roma i giornalisti:<\/p>\n<p class=\"western\" align=\"justify\"><b>Nico Piro<\/b>, giornalista Rai autore di reportage dalle aree di crisi e dai teatri di guerra. <i>\u201cOggi pi\u00f9 che mai <\/i>\u2013 dichiara Piro \u2013<i> parlare di pace \u00e8 necessario mentre la guerra \u00e8 stata trasformata in un concetto normale e il pensiero unico bellicista corrode la nostra democrazia. Il premio Colombe d&#8217;Oro riporta la pace necessaria in primo piano, per me non \u00e8 un riconoscimento ma un ulteriore sprone a continuare a dar voce a chi non ha voce, le vittime di tutti i conflitti\u201d<\/i><\/p>\n<p class=\"western\" align=\"justify\"><b>Lucia Sgueglia<\/b>, che dall\u2019invasione russa in Ucraina ha segu\u00ecto per Raitre il conflitto, in particolare nel Donbass, fornendoci una testimonianza coraggiosa ed empatica degli indicibili costi della violenza bellica.<\/p>\n<p class=\"western\" align=\"justify\">\u201c<i>Nell&#8217;anno in cui la guerra in Ucraina \u00e8 arrivata a coinvolgere tutta l&#8217;Europa e rischia di diventare totale \u2013 <\/i>afferma Sgueglia<i> \u2013 ricevere un premio che guarda alla pace e alla nonviolenza \u00e8 un grande onore ma soprattutto una enorme responsabilit\u00e0. Le guerre cambiano il Dna dei popoli, e li feriscono per sempre. Per questo \u00e8 importante conoscerne e raccontarne il prima e il dopo, non rinunciare al dovere della complessit\u00e0. Dedico questo premio al giornalista Andrea Rocchelli e all\u2019attivista per i diritti umani Andrey Mironov, che anche per quel dovere, otto anni fa, sono stati uccisi a Sloviansk<\/i>\u201d.<\/p>\n<p class=\"western\" align=\"justify\"><b>Marco Tarquinio<\/b>, sotto la cui direzione <i>Avvenire<\/i> \u00e8 andato scandagliando sempre pi\u00f9 in profondit\u00e0 i temi della pace e dei conflitti nel mondo globalizzato, accreditandosi come una delle fonti pi\u00f9 autorevoli del giornalismo italiano. <i>\u201cRingrazio con emozione chi ha deciso di assegnare anche a me questo prezioso Premio \u2013 <\/i>dichiara Taquinio \u2013 <i>h<\/i><i>o raccontato e fatto raccontare per anni la forza e bellezza delle Colombe d&#8217;oro per la Pace. Sono onorato di entrare a far parte di questa grande storia proprio nel duro 2022 che stiamo vivendo e scrivendo, un anno di rinnovate arroganze di guerra e di mai remissivo impegno di pace\u201d<\/i>.<\/p>\n<p class=\"western\" align=\"justify\">La Giuria ha inoltre assegnato la Colomba d\u2019oro internazionale a <b>Filippo Grandi<\/b>, Alto Commissario delle Nazioni Unite per i Rifugiati. <i>\u201cSono onorato di ricevere il Premio Colomba d\u2019Oro per la Pace \u2013 <\/i>afferma Grandi.<i> \u00e8 un riconoscimento che voglio condividere con tutte le colleghe e i colleghi dell\u2019UNHCR, ed in particolare con chi opera in condizioni di maggior disagio e di pericolo. Ma soprattutto, voglio dedicarlo alle persone per cui lavoriamo, i rifugiati, gli sfollati, gli apolidi, che con il loro coraggio e la loro forza d\u2019animo ispirano e motivano tutti noi a fare il massimo per alleviare le sofferenze e dare loro nuove opportunit\u00e0\u201d.<\/i><\/p>\n<p class=\"western\" align=\"justify\">\n<p class=\"western\" align=\"justify\">La Colomba d\u2019oro per la pace, opera dello \u201cscultore dei Papi\u201d Pericle Fazzini, viene assegnata ogni anno a personalit\u00e0 del mondo dell&#8217;informazione che si sono distinte nel far conoscere casi virtuosi di gestione nonviolenta dei conflitti e di cooperazione internazionale e che, nella societ\u00e0 civile e nella politica internazionale, si sono fatte portatrici di ideali di solidariet\u00e0, dialogo e protezione dei diritti umani.<\/p>\n<p class=\"western\" align=\"justify\">Il Premio ha come partner le cooperative aderenti a <b>Legacoop.<\/b><\/p>\n","protected":false},"excerpt":{"rendered":"<p>Alla vigilia della manifestazione del 5 novembre, che porter\u00e0 in piazza decine di migliaia di manifestanti per la pace in Ucraina, Archivio Disarmo lancia la 38\u00b0 edizione del Premio Colombe d&#8217;oro per la Pace, rispondendo all\u2019appello di incoraggiamento di Papa&hellip;<\/p>\n","protected":false},"author":594,"featured_media":1448598,"comment_status":"closed","ping_status":"closed","sticky":false,"template":"","format":"standard","meta":{"footnotes":""},"categories":[150,1263],"tags":[32998,81831],"class_list":["post-1691114","post","type-post","status-publish","format-standard","has-post-thumbnail","hentry","category-comunicati-stampa","category-pace-disarmo","tag-archivio-disarmo","tag-colomba-doro-per-la-pace"],"yoast_head":"<!-- This site is optimized with the Yoast SEO plugin v27.1.1 - https:\/\/yoast.com\/product\/yoast-seo-wordpress\/ -->\n<title>Selezionate le Colombe d&#039;Oro di quest&#039;anno<\/title>\n<meta name=\"description\" content=\"Alla vigilia della manifestazione del 5 novembre, che porter\u00e0 in piazza decine di migliaia di manifestanti per la pace in Ucraina, Archivio Disarmo lancia\" \/>\n<meta name=\"robots\" content=\"index, follow, max-snippet:-1, max-image-preview:large, max-video-preview:-1\" \/>\n<link rel=\"canonical\" href=\"https:\/\/www.pressenza.com\/it\/2022\/11\/selezionate-le-colombe-doro-di-questanno\/\" \/>\n<meta property=\"og:locale\" content=\"it_IT\" \/>\n<meta property=\"og:type\" content=\"article\" \/>\n<meta property=\"og:title\" content=\"Selezionate le Colombe d&#039;Oro di quest&#039;anno\" \/>\n<meta property=\"og:description\" content=\"Alla vigilia della manifestazione del 5 novembre, che porter\u00e0 in piazza decine di migliaia di manifestanti per la pace in Ucraina, Archivio Disarmo lancia\" \/>\n<meta property=\"og:url\" content=\"https:\/\/www.pressenza.com\/it\/2022\/11\/selezionate-le-colombe-doro-di-questanno\/\" \/>\n<meta property=\"og:site_name\" content=\"Pressenza\" \/>\n<meta property=\"article:publisher\" content=\"https:\/\/www.facebook.com\/PressenzaItalia\" \/>\n<meta property=\"article:author\" content=\"https:\/\/www.facebook.com\/PressenzaItalia\" \/>\n<meta property=\"article:published_time\" content=\"2022-11-03T13:05:15+00:00\" \/>\n<meta property=\"og:image\" content=\"https:\/\/www.pressenza.com\/wp-content\/uploads\/2021\/10\/foto-colomba-doro.jpg\" \/>\n\t<meta property=\"og:image:width\" content=\"1280\" \/>\n\t<meta property=\"og:image:height\" content=\"1920\" \/>\n\t<meta property=\"og:image:type\" content=\"image\/jpeg\" \/>\n<meta name=\"author\" content=\"Redazione Italia\" \/>\n<meta name=\"twitter:card\" content=\"summary_large_image\" \/>\n<meta name=\"twitter:creator\" content=\"@pressenza_it\" \/>\n<meta name=\"twitter:site\" content=\"@PressenzaIPA\" \/>\n<meta name=\"twitter:label1\" content=\"Scritto da\" \/>\n\t<meta name=\"twitter:data1\" content=\"Redazione Italia\" \/>\n\t<meta name=\"twitter:label2\" content=\"Tempo di lettura stimato\" \/>\n\t<meta name=\"twitter:data2\" content=\"4 minuti\" \/>\n<script type=\"application\/ld+json\" class=\"yoast-schema-graph\">{\"@context\":\"https:\/\/schema.org\",\"@graph\":[{\"@type\":\"Article\",\"@id\":\"https:\/\/www.pressenza.com\/it\/2022\/11\/selezionate-le-colombe-doro-di-questanno\/#article\",\"isPartOf\":{\"@id\":\"https:\/\/www.pressenza.com\/it\/2022\/11\/selezionate-le-colombe-doro-di-questanno\/\"},\"author\":{\"name\":\"Redazione Italia\",\"@id\":\"https:\/\/www.pressenza.com\/it\/#\/schema\/person\/d983e81827ae24f2c7b1a2123d197f8d\"},\"headline\":\"Selezionate le Colombe d&#8217;Oro di quest&#8217;anno\",\"datePublished\":\"2022-11-03T13:05:15+00:00\",\"mainEntityOfPage\":{\"@id\":\"https:\/\/www.pressenza.com\/it\/2022\/11\/selezionate-le-colombe-doro-di-questanno\/\"},\"wordCount\":599,\"publisher\":{\"@id\":\"https:\/\/www.pressenza.com\/it\/#organization\"},\"image\":{\"@id\":\"https:\/\/www.pressenza.com\/it\/2022\/11\/selezionate-le-colombe-doro-di-questanno\/#primaryimage\"},\"thumbnailUrl\":\"https:\/\/www.pressenza.com\/wp-content\/uploads\/2021\/10\/foto-colomba-doro.jpg\",\"keywords\":[\"Archivio Disarmo\",\"Colomba d\u2019oro per la pace\"],\"articleSection\":[\"Comunicati Stampa\",\"Pace e Disarmo\"],\"inLanguage\":\"it-IT\"},{\"@type\":\"WebPage\",\"@id\":\"https:\/\/www.pressenza.com\/it\/2022\/11\/selezionate-le-colombe-doro-di-questanno\/\",\"url\":\"https:\/\/www.pressenza.com\/it\/2022\/11\/selezionate-le-colombe-doro-di-questanno\/\",\"name\":\"Selezionate le Colombe d'Oro di quest'anno\",\"isPartOf\":{\"@id\":\"https:\/\/www.pressenza.com\/it\/#website\"},\"primaryImageOfPage\":{\"@id\":\"https:\/\/www.pressenza.com\/it\/2022\/11\/selezionate-le-colombe-doro-di-questanno\/#primaryimage\"},\"image\":{\"@id\":\"https:\/\/www.pressenza.com\/it\/2022\/11\/selezionate-le-colombe-doro-di-questanno\/#primaryimage\"},\"thumbnailUrl\":\"https:\/\/www.pressenza.com\/wp-content\/uploads\/2021\/10\/foto-colomba-doro.jpg\",\"datePublished\":\"2022-11-03T13:05:15+00:00\",\"description\":\"Alla vigilia della manifestazione del 5 novembre, che porter\u00e0 in piazza decine di migliaia di manifestanti per la pace in Ucraina, Archivio Disarmo lancia\",\"breadcrumb\":{\"@id\":\"https:\/\/www.pressenza.com\/it\/2022\/11\/selezionate-le-colombe-doro-di-questanno\/#breadcrumb\"},\"inLanguage\":\"it-IT\",\"potentialAction\":[{\"@type\":\"ReadAction\",\"target\":[\"https:\/\/www.pressenza.com\/it\/2022\/11\/selezionate-le-colombe-doro-di-questanno\/\"]}]},{\"@type\":\"ImageObject\",\"inLanguage\":\"it-IT\",\"@id\":\"https:\/\/www.pressenza.com\/it\/2022\/11\/selezionate-le-colombe-doro-di-questanno\/#primaryimage\",\"url\":\"https:\/\/www.pressenza.com\/wp-content\/uploads\/2021\/10\/foto-colomba-doro.jpg\",\"contentUrl\":\"https:\/\/www.pressenza.com\/wp-content\/uploads\/2021\/10\/foto-colomba-doro.jpg\",\"width\":1280,\"height\":1920,\"caption\":\"2019-10-21 ROMA COLOMBE D'ORO\"},{\"@type\":\"BreadcrumbList\",\"@id\":\"https:\/\/www.pressenza.com\/it\/2022\/11\/selezionate-le-colombe-doro-di-questanno\/#breadcrumb\",\"itemListElement\":[{\"@type\":\"ListItem\",\"position\":1,\"name\":\"Accueil\",\"item\":\"https:\/\/www.pressenza.com\/it\/\"},{\"@type\":\"ListItem\",\"position\":2,\"name\":\"Selezionate le Colombe d&#8217;Oro di quest&#8217;anno\"}]},{\"@type\":\"WebSite\",\"@id\":\"https:\/\/www.pressenza.com\/it\/#website\",\"url\":\"https:\/\/www.pressenza.com\/it\/\",\"name\":\"Pressenza\",\"description\":\"Agenzia di Stampa Internazionale\",\"publisher\":{\"@id\":\"https:\/\/www.pressenza.com\/it\/#organization\"},\"potentialAction\":[{\"@type\":\"SearchAction\",\"target\":{\"@type\":\"EntryPoint\",\"urlTemplate\":\"https:\/\/www.pressenza.com\/it\/?s={search_term_string}\"},\"query-input\":{\"@type\":\"PropertyValueSpecification\",\"valueRequired\":true,\"valueName\":\"search_term_string\"}}],\"inLanguage\":\"it-IT\"},{\"@type\":\"Organization\",\"@id\":\"https:\/\/www.pressenza.com\/it\/#organization\",\"name\":\"Pressenza\",\"url\":\"https:\/\/www.pressenza.com\/it\/\",\"logo\":{\"@type\":\"ImageObject\",\"inLanguage\":\"it-IT\",\"@id\":\"https:\/\/www.pressenza.com\/it\/#\/schema\/logo\/image\/\",\"url\":\"https:\/\/www.pressenza.com\/wp-content\/uploads\/2022\/10\/pressenza_logo_200x200.jpg\",\"contentUrl\":\"https:\/\/www.pressenza.com\/wp-content\/uploads\/2022\/10\/pressenza_logo_200x200.jpg\",\"width\":200,\"height\":200,\"caption\":\"Pressenza\"},\"image\":{\"@id\":\"https:\/\/www.pressenza.com\/it\/#\/schema\/logo\/image\/\"},\"sameAs\":[\"https:\/\/www.facebook.com\/PressenzaItalia\",\"https:\/\/x.com\/PressenzaIPA\"]},{\"@type\":\"Person\",\"@id\":\"https:\/\/www.pressenza.com\/it\/#\/schema\/person\/d983e81827ae24f2c7b1a2123d197f8d\",\"name\":\"Redazione Italia\",\"description\":\"News from the Pressenza Bureau in Italy\",\"sameAs\":[\"https:\/\/www.pressenza.com\/it\/author\/redazione-italia\/\",\"https:\/\/www.facebook.com\/PressenzaItalia\",\"https:\/\/www.instagram.com\/pressenza_italia\/\",\"https:\/\/x.com\/pressenza_it\",\"https:\/\/www.youtube.com\/channel\/UCSalEIWjE1RSxkwjfftFuqg\"],\"url\":\"https:\/\/www.pressenza.com\/it\/author\/redazione-italia\/\"}]}<\/script>\n<!-- \/ Yoast SEO plugin. -->","yoast_head_json":{"title":"Selezionate le Colombe d'Oro di quest'anno","description":"Alla vigilia della manifestazione del 5 novembre, che porter\u00e0 in piazza decine di migliaia di manifestanti per la pace in Ucraina, Archivio Disarmo lancia","robots":{"index":"index","follow":"follow","max-snippet":"max-snippet:-1","max-image-preview":"max-image-preview:large","max-video-preview":"max-video-preview:-1"},"canonical":"https:\/\/www.pressenza.com\/it\/2022\/11\/selezionate-le-colombe-doro-di-questanno\/","og_locale":"it_IT","og_type":"article","og_title":"Selezionate le Colombe d'Oro di quest'anno","og_description":"Alla vigilia della manifestazione del 5 novembre, che porter\u00e0 in piazza decine di migliaia di manifestanti per la pace in Ucraina, Archivio Disarmo lancia","og_url":"https:\/\/www.pressenza.com\/it\/2022\/11\/selezionate-le-colombe-doro-di-questanno\/","og_site_name":"Pressenza","article_publisher":"https:\/\/www.facebook.com\/PressenzaItalia","article_author":"https:\/\/www.facebook.com\/PressenzaItalia","article_published_time":"2022-11-03T13:05:15+00:00","og_image":[{"width":1280,"height":1920,"url":"https:\/\/www.pressenza.com\/wp-content\/uploads\/2021\/10\/foto-colomba-doro.jpg","type":"image\/jpeg"}],"author":"Redazione Italia","twitter_card":"summary_large_image","twitter_creator":"@pressenza_it","twitter_site":"@PressenzaIPA","twitter_misc":{"Scritto da":"Redazione Italia","Tempo di lettura stimato":"4 minuti"},"schema":{"@context":"https:\/\/schema.org","@graph":[{"@type":"Article","@id":"https:\/\/www.pressenza.com\/it\/2022\/11\/selezionate-le-colombe-doro-di-questanno\/#article","isPartOf":{"@id":"https:\/\/www.pressenza.com\/it\/2022\/11\/selezionate-le-colombe-doro-di-questanno\/"},"author":{"name":"Redazione Italia","@id":"https:\/\/www.pressenza.com\/it\/#\/schema\/person\/d983e81827ae24f2c7b1a2123d197f8d"},"headline":"Selezionate le Colombe d&#8217;Oro di quest&#8217;anno","datePublished":"2022-11-03T13:05:15+00:00","mainEntityOfPage":{"@id":"https:\/\/www.pressenza.com\/it\/2022\/11\/selezionate-le-colombe-doro-di-questanno\/"},"wordCount":599,"publisher":{"@id":"https:\/\/www.pressenza.com\/it\/#organization"},"image":{"@id":"https:\/\/www.pressenza.com\/it\/2022\/11\/selezionate-le-colombe-doro-di-questanno\/#primaryimage"},"thumbnailUrl":"https:\/\/www.pressenza.com\/wp-content\/uploads\/2021\/10\/foto-colomba-doro.jpg","keywords":["Archivio Disarmo","Colomba d\u2019oro per la pace"],"articleSection":["Comunicati Stampa","Pace e Disarmo"],"inLanguage":"it-IT"},{"@type":"WebPage","@id":"https:\/\/www.pressenza.com\/it\/2022\/11\/selezionate-le-colombe-doro-di-questanno\/","url":"https:\/\/www.pressenza.com\/it\/2022\/11\/selezionate-le-colombe-doro-di-questanno\/","name":"Selezionate le Colombe d'Oro di quest'anno","isPartOf":{"@id":"https:\/\/www.pressenza.com\/it\/#website"},"primaryImageOfPage":{"@id":"https:\/\/www.pressenza.com\/it\/2022\/11\/selezionate-le-colombe-doro-di-questanno\/#primaryimage"},"image":{"@id":"https:\/\/www.pressenza.com\/it\/2022\/11\/selezionate-le-colombe-doro-di-questanno\/#primaryimage"},"thumbnailUrl":"https:\/\/www.pressenza.com\/wp-content\/uploads\/2021\/10\/foto-colomba-doro.jpg","datePublished":"2022-11-03T13:05:15+00:00","description":"Alla vigilia della manifestazione del 5 novembre, che porter\u00e0 in piazza decine di migliaia di manifestanti per la pace in Ucraina, Archivio Disarmo lancia","breadcrumb":{"@id":"https:\/\/www.pressenza.com\/it\/2022\/11\/selezionate-le-colombe-doro-di-questanno\/#breadcrumb"},"inLanguage":"it-IT","potentialAction":[{"@type":"ReadAction","target":["https:\/\/www.pressenza.com\/it\/2022\/11\/selezionate-le-colombe-doro-di-questanno\/"]}]},{"@type":"ImageObject","inLanguage":"it-IT","@id":"https:\/\/www.pressenza.com\/it\/2022\/11\/selezionate-le-colombe-doro-di-questanno\/#primaryimage","url":"https:\/\/www.pressenza.com\/wp-content\/uploads\/2021\/10\/foto-colomba-doro.jpg","contentUrl":"https:\/\/www.pressenza.com\/wp-content\/uploads\/2021\/10\/foto-colomba-doro.jpg","width":1280,"height":1920,"caption":"2019-10-21 ROMA COLOMBE D'ORO"},{"@type":"BreadcrumbList","@id":"https:\/\/www.pressenza.com\/it\/2022\/11\/selezionate-le-colombe-doro-di-questanno\/#breadcrumb","itemListElement":[{"@type":"ListItem","position":1,"name":"Accueil","item":"https:\/\/www.pressenza.com\/it\/"},{"@type":"ListItem","position":2,"name":"Selezionate le Colombe d&#8217;Oro di quest&#8217;anno"}]},{"@type":"WebSite","@id":"https:\/\/www.pressenza.com\/it\/#website","url":"https:\/\/www.pressenza.com\/it\/","name":"Pressenza","description":"Agenzia di Stampa Internazionale","publisher":{"@id":"https:\/\/www.pressenza.com\/it\/#organization"},"potentialAction":[{"@type":"SearchAction","target":{"@type":"EntryPoint","urlTemplate":"https:\/\/www.pressenza.com\/it\/?s={search_term_string}"},"query-input":{"@type":"PropertyValueSpecification","valueRequired":true,"valueName":"search_term_string"}}],"inLanguage":"it-IT"},{"@type":"Organization","@id":"https:\/\/www.pressenza.com\/it\/#organization","name":"Pressenza","url":"https:\/\/www.pressenza.com\/it\/","logo":{"@type":"ImageObject","inLanguage":"it-IT","@id":"https:\/\/www.pressenza.com\/it\/#\/schema\/logo\/image\/","url":"https:\/\/www.pressenza.com\/wp-content\/uploads\/2022\/10\/pressenza_logo_200x200.jpg","contentUrl":"https:\/\/www.pressenza.com\/wp-content\/uploads\/2022\/10\/pressenza_logo_200x200.jpg","width":200,"height":200,"caption":"Pressenza"},"image":{"@id":"https:\/\/www.pressenza.com\/it\/#\/schema\/logo\/image\/"},"sameAs":["https:\/\/www.facebook.com\/PressenzaItalia","https:\/\/x.com\/PressenzaIPA"]},{"@type":"Person","@id":"https:\/\/www.pressenza.com\/it\/#\/schema\/person\/d983e81827ae24f2c7b1a2123d197f8d","name":"Redazione Italia","description":"News from the Pressenza Bureau in Italy","sameAs":["https:\/\/www.pressenza.com\/it\/author\/redazione-italia\/","https:\/\/www.facebook.com\/PressenzaItalia","https:\/\/www.instagram.com\/pressenza_italia\/","https:\/\/x.com\/pressenza_it","https:\/\/www.youtube.com\/channel\/UCSalEIWjE1RSxkwjfftFuqg"],"url":"https:\/\/www.pressenza.com\/it\/author\/redazione-italia\/"}]}},"place":"Roma","original_article_url":"","_links":{"self":[{"href":"https:\/\/www.pressenza.com\/it\/wp-json\/wp\/v2\/posts\/1691114","targetHints":{"allow":["GET"]}}],"collection":[{"href":"https:\/\/www.pressenza.com\/it\/wp-json\/wp\/v2\/posts"}],"about":[{"href":"https:\/\/www.pressenza.com\/it\/wp-json\/wp\/v2\/types\/post"}],"author":[{"embeddable":true,"href":"https:\/\/www.pressenza.com\/it\/wp-json\/wp\/v2\/users\/594"}],"replies":[{"embeddable":true,"href":"https:\/\/www.pressenza.com\/it\/wp-json\/wp\/v2\/comments?post=1691114"}],"version-history":[{"count":0,"href":"https:\/\/www.pressenza.com\/it\/wp-json\/wp\/v2\/posts\/1691114\/revisions"}],"wp:featuredmedia":[{"embeddable":true,"href":"https:\/\/www.pressenza.com\/it\/wp-json\/wp\/v2\/media\/1448598"}],"wp:attachment":[{"href":"https:\/\/www.pressenza.com\/it\/wp-json\/wp\/v2\/media?parent=1691114"}],"wp:term":[{"taxonomy":"category","embeddable":true,"href":"https:\/\/www.pressenza.com\/it\/wp-json\/wp\/v2\/categories?post=1691114"},{"taxonomy":"post_tag","embeddable":true,"href":"https:\/\/www.pressenza.com\/it\/wp-json\/wp\/v2\/tags?post=1691114"}],"curies":[{"name":"wp","href":"https:\/\/api.w.org\/{rel}","templated":true}]}}