{"id":1690622,"date":"2022-10-31T18:39:17","date_gmt":"2022-10-31T18:39:17","guid":{"rendered":"https:\/\/www.pressenza.com\/?p=1690622"},"modified":"2022-10-31T18:43:53","modified_gmt":"2022-10-31T18:43:53","slug":"movimento-contro-le-estrazioni-organizza-controvertice-minerario-a-siviglia","status":"publish","type":"post","link":"https:\/\/www.pressenza.com\/it\/2022\/10\/movimento-contro-le-estrazioni-organizza-controvertice-minerario-a-siviglia\/","title":{"rendered":"Movimento contro le estrazioni organizza Controvertice minerario a Siviglia"},"content":{"rendered":"<blockquote><p><strong>Il Controvertice minerario si \u00e8 tenuto a Siviglia, in Spagna, per ricordare i disastri ambientali provocati dalle miniere, in contemporanea con l\u2019incontro tra le societ\u00e0 minerarie \u201cMining and Minerals Hall\u201d nella stessa citt\u00e0.<\/strong><\/p><\/blockquote>\n<p>\u00abLe miniere sono impianti contaminanti e irresponsabili che compromettono la salute di lavoratori e lavoratrici, la qualit\u00e0 di vita delle popolazioni vicine e la sopravvivenza degli ecosistemi\u00bb \u00e8 la condanna dell\u2019organizzazione del controvertice minerario tenutosi a Siviglia pochi giorni fa. L\u2019iniziativa, organizzata da gruppi ecologisti come <em>Amigos de la tierra<\/em> e <em>Ecologistas en acci\u00f3n<\/em>, oltre a gruppi locali e per i diritti sociali, si \u00e8 svolta i giorni 18, 19 e 20 ottobre con l\u2019obiettivo di divulgare <a href=\"https:\/\/www.elsaltodiario.com\/mineria\/sierra-huelva-tiembla-reapertura-proyectos-mineros\">gli impatti delle miniere in tutto il Paese<\/a> e le alternative disponibili.<\/p>\n<p>Le giornate hanno avuto inizio con un atto di rivendicazione alla Miniera di Las Cruces, situata a Gerena (vicino a Siviglia), dove si continuano a smaltire metalli tossici nel <a href=\"https:\/\/www.elsaltodiario.com\/busqueda\/Guadalquivir\">fiume Guadalquivir<\/a> dal 2009, quando \u00e8 stata avviata la fabbrica idrometallurgica della miniera di rame. La societ\u00e0 responsabile di questi smaltimenti, CLC, \u00e8 propriet\u00e0 dalla multinazionale canadese <a href=\"https:\/\/www.first-quantum.com\/Spanish\/nuestras-operaciones\/default.aspx#:~:text=La%20producci%C3%B3n%20comercial%20comenz%C3%B3%20en,con%20oro%2C%20plata%20y%20molibdeno.\">First Quantum Minerals<\/a>, leader mondiale della produzione di rame e responsabile di grandi progetti di estrazione come la Miniera Kansashi ubicata in Zambia o il progetto Guelb Moghrein in Mauritania.<\/p>\n<p>Secondo CLC, una delle sue priorit\u00e0 d\u2019impresa \u00e8 \u00abil controllo dell\u2019impatto ambientale\u00bb; tuttavia, come ricorda <em>Ecologistas en Acci\u00f3n<\/em>, le condutture della miniera hanno sversato pi\u00f9 di 7.920 kg di metalli pesanti bioaccumulabili come l\u2019arsenico e il piombo \u00abche finisce nei piatti attraverso le peschiere del golfo di Cadice e le produzioni ortofrutticole e di riso che vengono irrigate dal fiume\u00bb afferma l\u2019organizzazione ecologista. La societ\u00e0, lungi dall\u2019incorrere nella cessazione dell\u2019attivit\u00e0 o in sanzioni per gli smaltimenti, sta sviluppando un progetto di estrazione sotterranea e di raffinamento di pirometallurgia (PMR) per ampliare il suo quadro d\u2019azione nei prossimi anni.<\/p>\n<div id=\"attachment_1686273\" class=\"wp-caption alignnone\"><img loading=\"lazy\" decoding=\"async\" aria-describedby=\"caption-attachment-1686273\" class=\"wp-image-1686280 size-full\" src=\"https:\/\/www.pressenza.com\/wp-content\/uploads\/2022\/10\/photo_2022-10-19_13-25-49.jpg\" alt=\"\" width=\"820\" height=\"338\" srcset=\"https:\/\/www.pressenza.com\/wp-content\/uploads\/2022\/10\/photo_2022-10-19_13-25-49.jpg 820w, https:\/\/www.pressenza.com\/wp-content\/uploads\/2022\/10\/photo_2022-10-19_13-25-49-300x124.jpg 300w\" sizes=\"auto, (max-width: 820px) 100vw, 820px\" \/><p id=\"caption-attachment-1686273\" class=\"wp-caption-text\">Foto di El Salto diario<\/p><\/div>\n<p>Il presidente del governo regionale andaluso, Juanma Moreno, ha inaugurato il vertice \u201cMining &amp; Minerals Hall\u201d (MMH) con la promessa che questa legislatura \u00abdar\u00e0 l\u2019autorizzazione ai grandi progetti d\u2019estrazione\u00bb. Nel suo intervento ha annunciato l\u2019aumento del 175% dei contributi destinati alla spinta del settore minerario, un totale di 125,7 milioni di euro che saranno inclusi nel bilancio per il 2023. Moreno crede che le attivit\u00e0 estrattive \u00absono un settore cruciale per l\u2019economia, la societ\u00e0, il presente e il futuro di tutti\u00bb. Nello stesso contesto \u00e8 intervenuta la Segretaria di Stato per l\u2019Energia, Sara Aagesen, con un messaggio di sostegno agli investimenti nel settore minerario: \u00abLe miniere non sono solo importanti per estrarre materie, ma anche per accelerare lo sviluppo tecnologico e per crescere con una gestione sostenibile delle materie prime\u00bb.<\/p>\n<p>Alle porte del MMH, il controvertice ha ricordato il 24<sup>o<\/sup> anniversario del disastro della miniera di <a href=\"https:\/\/www.elsaltodiario.com\/mineria\/aznalcollar-frontera-del-extractivismo-minero-en-andalucia-contaminacion-medioambiente\">Aznalc\u00f3llar<\/a>: gli sversamenti di fanghi tossici nel Parco nazionale di Do\u00f1ana e nei dintorni del fiume Guadiamar causati dalla rottura del bacino minerario di Aznalc\u00f3llar nel 1998, e che ancora oggi causano impatti ecologici nella zona. Nonostante la gravit\u00e0 dell\u2019incidente, l\u2019impresa svedese Boliden, responsabile dello sfruttamento, non ha subito nessun provvedimento giudiziario. La riattivazione della miniera di Aznalcollar \u00e8 uno dei progetti minerari che Juanma Moreno spera di avviare nel 2023.<\/p>\n<h3><strong>Attivit\u00e0 estrattive verdi?<\/strong><\/h3>\n<p>\u00ab\u00c8 da tanto che in Spagna si sta vivendo un\u2019espansione delle attivit\u00e0 minerarie. Per esempio, nel 2018 sono state presentate pi\u00f9 di 2.000 richieste per realizzare attivit\u00e0 di estrazione nel Paese. La maggioranza di questi permessi, al contrario di ci\u00f2 che viene pubblicizzato, vengono richiesti da societ\u00e0 internazionali, soprattutto canadesi e australiane, con grandi fondi di investimenti alle spalle\u00bb, commenta Adriana Espinosa, di <em>Amigos de la Tierra<\/em>, nella presentazione del rapporto \u201cIl boom delle miniere nello stato spagnolo: proprietari, impatti e resistenza\u201d. Questo documento analizza come l\u2019espansione delle attivit\u00e0 estrattive in Spagna venga promossa dalle istituzioni europee, nazionali e regionali tramite una serie di miti e dogmi non reali.<\/p>\n<p>\u00abSi dice che bisogna aprire miniere ed estrarre metalli per la transizione energetica, come se tutti i metalli che estrarremo dal suolo servissero a rifornire la transizione energetica. La realt\u00e0 \u00e8 che una grande quantit\u00e0 di questi metalli si usano diversamente: cellulari, orologi, droni, ecc. Inoltre, metalli come ferro e altri favoriscono l\u2019edilizia e l\u2019industria degli armamenti. Ci vendono come ecologiche le miniere che servono l\u2019industria degli armamenti\u00bb, commenta Espinosa.<\/p>\n<p>Erika G\u00f3nzalez, coautrice del documento, segnala anche la scarsa trasparenza dei progetti minerari in Spagna: \u00abC\u2019\u00e8 un ginepraio di imprese e cos\u00ec non si capisce chi sta spingendo i progetti\u00bb, rileva, e l\u2019obiettivo \u00e8 \u00abcreare un immaginario positivo, una narrazione ufficiale che nasconde le conseguenze negative nei territori\u00bb.<\/p>\n<p>Da parte sua, Isabel Garc\u00eda Vila, portavoce dell\u2019Associazione <em>Miniera di Touro<\/em> (nei pressi di La Coru\u00f1a), gruppo che da anni lotta contro il progetto di riapertura dell\u2019impresa Atalaya Mining in zona, indica: \u00abAbbiamo vissuto uno sfruttamento minerario di rame a cielo aperto dalla fine degli anni Settanta, con risultati funesti e che continuano a manifestarsi nelle nostre acque\u00bb. L\u2019attivista crede fermamente che \u00abnon esiste un\u2019attivit\u00e0 estrattiva sostenibile\u00bb.<\/p>\n<blockquote><p><strong>&#8220;Ci stanno vendendo come verdi delle miniere che servono per l\u2019industria bellica&#8221;, dice Adriana Espinosa.<\/strong><\/p><\/blockquote>\n<p>Jo\u00e1m Evans, di <em>Ecologistas en Acci\u00f3n<\/em>, \u00e8 l\u2019autore del rapporto <a href=\"https:\/\/www.ecologistasenaccion.org\/189564\/informe-reciclaje-de-metales-como-alternativa-a-la-mineria\/\">\u201cRiciclo di metalli, l\u2019alternativa alle miniere\u201d<\/a>, in cui cerca di mettere in discussione l\u2019idea difesa dalla lobby delle estrazioni e da alcune istituzioni, per cui \u00abl\u2019unica soluzione sono le miniere\u00bb. Nel documento, Evans analizza i bassi livelli di riciclo in Spagna di metalli come il litio, e insiste affinch\u00e9 la problematica venga affrontata da normative politiche per \u00abstabilire un contenuto minimo di materiali riciclati per prodotto o controllare che i prodotti possano essere riutilizzati e riciclati\u00bb.<\/p>\n<p>Sull\u2019industria del riciclo dei metalli \u00e8 puntato un riflettore da alcune imprese collegate alle attivit\u00e0 estrattive, come <a href=\"https:\/\/www.elsaltodiario.com\/contaminacion\/atlantic-copper-pretende-instalar-nuevas-chimeneas-cerca-huelva\">Atlantic Copper<\/a>, una delle compagnie metallurgiche presenti nel Polo chimico di Huelva, la quale ha iniziato la costruzione di una fabbrica di riciclo di metalli. Questa fabbrica fa parte del suo progetto CirCular che, come ha denunciato il gruppo cittadino <em>Mesa de la R\u00eda<\/em>, \u00ab\u00e8 un progetto pieno di irregolarit\u00e0 e con dati manipolati\u00bb. L\u2019attivista Joan Evans insiste nella responsabilit\u00e0 istituzionale del riciclo: \u00ab\u00c8 vergognoso che non esista in tutta la nazione un\u2019industria statale che possa recuperare i metalli\u00bb.<\/p>\n<p><em>Traduzione dallo spagnolo di Mariasole Cailotto. Revisione di Thomas Schmid.<\/em><\/p>\n","protected":false},"excerpt":{"rendered":"<p>Il Controvertice minerario si \u00e8 tenuto a Siviglia, in Spagna, per ricordare i disastri ambientali provocati dalle miniere, in contemporanea con l\u2019incontro tra le societ\u00e0 minerarie \u201cMining and Minerals Hall\u201d nella stessa citt\u00e0. \u00abLe miniere sono impianti contaminanti e irresponsabili&hellip;<\/p>\n","protected":false},"author":94,"featured_media":1686268,"comment_status":"closed","ping_status":"closed","sticky":false,"template":"","format":"standard","meta":{"footnotes":""},"categories":[59,47,55],"tags":[107023,107022,107025,99396,107024,107026,1602],"class_list":["post-1690622","post","type-post","status-publish","format-standard","has-post-thumbnail","hentry","category-ambiente-ecologia","category-europa","category-politica","tag-attivita-destrazione","tag-controvertice-minerario","tag-estrazione-di-minerali","tag-industrie-minerarie","tag-megaminiere","tag-siviglia","tag-spagna"],"yoast_head":"<!-- This site is optimized with the Yoast SEO plugin v27.1.1 - https:\/\/yoast.com\/product\/yoast-seo-wordpress\/ -->\n<title>Movimento contro le estrazioni organizza Controvertice minerario a Siviglia<\/title>\n<meta name=\"description\" content=\"Il Controvertice minerario si \u00e8 tenuto a Siviglia, in Spagna, per ricordare i disastri ambientali provocati dalle miniere, in contemporanea con l\u2019incontro tra le societ\u00e0 minerarie \u201cMining and Minerals Hall\u201d nella stessa citt\u00e0.\" \/>\n<meta name=\"robots\" content=\"index, follow, max-snippet:-1, max-image-preview:large, max-video-preview:-1\" \/>\n<link rel=\"canonical\" href=\"https:\/\/www.pressenza.com\/it\/2022\/10\/movimento-contro-le-estrazioni-organizza-controvertice-minerario-a-siviglia\/\" \/>\n<meta property=\"og:locale\" content=\"it_IT\" \/>\n<meta property=\"og:type\" content=\"article\" \/>\n<meta property=\"og:title\" content=\"Movimento contro le estrazioni organizza Controvertice minerario a Siviglia\" \/>\n<meta property=\"og:description\" content=\"Il Controvertice minerario si \u00e8 tenuto a Siviglia, in Spagna, per ricordare i disastri ambientali provocati dalle miniere, in contemporanea con l\u2019incontro tra le societ\u00e0 minerarie \u201cMining and Minerals Hall\u201d nella stessa citt\u00e0.\" \/>\n<meta property=\"og:url\" content=\"https:\/\/www.pressenza.com\/it\/2022\/10\/movimento-contro-le-estrazioni-organizza-controvertice-minerario-a-siviglia\/\" \/>\n<meta property=\"og:site_name\" content=\"Pressenza\" \/>\n<meta property=\"article:publisher\" content=\"https:\/\/www.facebook.com\/PressenzaItalia\" \/>\n<meta property=\"article:author\" content=\"https:\/\/www.facebook.com\/pressenza\" \/>\n<meta property=\"article:published_time\" content=\"2022-10-31T18:39:17+00:00\" \/>\n<meta property=\"article:modified_time\" content=\"2022-10-31T18:43:53+00:00\" \/>\n<meta property=\"og:image\" content=\"https:\/\/www.pressenza.com\/wp-content\/uploads\/2022\/10\/AznalcollarCSIC_5_tras-rotura.jpg\" \/>\n\t<meta property=\"og:image:width\" content=\"820\" \/>\n\t<meta property=\"og:image:height\" content=\"516\" \/>\n\t<meta property=\"og:image:type\" content=\"image\/jpeg\" \/>\n<meta name=\"author\" content=\"Redacci\u00f3n Madrid\" \/>\n<meta name=\"twitter:card\" content=\"summary_large_image\" \/>\n<meta name=\"twitter:creator\" content=\"@pressenza\" \/>\n<meta name=\"twitter:site\" content=\"@PressenzaIPA\" \/>\n<meta name=\"twitter:label1\" content=\"Scritto da\" \/>\n\t<meta name=\"twitter:data1\" content=\"Redacci\u00f3n Madrid\" \/>\n\t<meta name=\"twitter:label2\" content=\"Tempo di lettura stimato\" \/>\n\t<meta name=\"twitter:data2\" content=\"5 minuti\" \/>\n<script type=\"application\/ld+json\" class=\"yoast-schema-graph\">{\"@context\":\"https:\/\/schema.org\",\"@graph\":[{\"@type\":\"Article\",\"@id\":\"https:\/\/www.pressenza.com\/it\/2022\/10\/movimento-contro-le-estrazioni-organizza-controvertice-minerario-a-siviglia\/#article\",\"isPartOf\":{\"@id\":\"https:\/\/www.pressenza.com\/it\/2022\/10\/movimento-contro-le-estrazioni-organizza-controvertice-minerario-a-siviglia\/\"},\"author\":{\"name\":\"Redacci\u00f3n Madrid\",\"@id\":\"https:\/\/www.pressenza.com\/it\/#\/schema\/person\/828fc40eeca2ad7be3630e5a46adba94\"},\"headline\":\"Movimento contro le estrazioni organizza Controvertice minerario a Siviglia\",\"datePublished\":\"2022-10-31T18:39:17+00:00\",\"dateModified\":\"2022-10-31T18:43:53+00:00\",\"mainEntityOfPage\":{\"@id\":\"https:\/\/www.pressenza.com\/it\/2022\/10\/movimento-contro-le-estrazioni-organizza-controvertice-minerario-a-siviglia\/\"},\"wordCount\":1068,\"publisher\":{\"@id\":\"https:\/\/www.pressenza.com\/it\/#organization\"},\"image\":{\"@id\":\"https:\/\/www.pressenza.com\/it\/2022\/10\/movimento-contro-le-estrazioni-organizza-controvertice-minerario-a-siviglia\/#primaryimage\"},\"thumbnailUrl\":\"https:\/\/www.pressenza.com\/wp-content\/uploads\/2022\/10\/AznalcollarCSIC_5_tras-rotura.jpg\",\"keywords\":[\"attivit\u00e0 d\u2019estrazione\",\"controvertice minerario\",\"estrazione di minerali\",\"industrie minerarie\",\"megaminiere\",\"Siviglia\",\"Spagna\"],\"articleSection\":[\"Ecologia ed Ambiente\",\"Europa\",\"Politica\"],\"inLanguage\":\"it-IT\"},{\"@type\":\"WebPage\",\"@id\":\"https:\/\/www.pressenza.com\/it\/2022\/10\/movimento-contro-le-estrazioni-organizza-controvertice-minerario-a-siviglia\/\",\"url\":\"https:\/\/www.pressenza.com\/it\/2022\/10\/movimento-contro-le-estrazioni-organizza-controvertice-minerario-a-siviglia\/\",\"name\":\"Movimento contro le estrazioni organizza Controvertice minerario a Siviglia\",\"isPartOf\":{\"@id\":\"https:\/\/www.pressenza.com\/it\/#website\"},\"primaryImageOfPage\":{\"@id\":\"https:\/\/www.pressenza.com\/it\/2022\/10\/movimento-contro-le-estrazioni-organizza-controvertice-minerario-a-siviglia\/#primaryimage\"},\"image\":{\"@id\":\"https:\/\/www.pressenza.com\/it\/2022\/10\/movimento-contro-le-estrazioni-organizza-controvertice-minerario-a-siviglia\/#primaryimage\"},\"thumbnailUrl\":\"https:\/\/www.pressenza.com\/wp-content\/uploads\/2022\/10\/AznalcollarCSIC_5_tras-rotura.jpg\",\"datePublished\":\"2022-10-31T18:39:17+00:00\",\"dateModified\":\"2022-10-31T18:43:53+00:00\",\"description\":\"Il Controvertice minerario si \u00e8 tenuto a Siviglia, in Spagna, per ricordare i disastri ambientali provocati dalle miniere, in contemporanea con l\u2019incontro tra le societ\u00e0 minerarie \u201cMining and Minerals Hall\u201d nella stessa citt\u00e0.\",\"breadcrumb\":{\"@id\":\"https:\/\/www.pressenza.com\/it\/2022\/10\/movimento-contro-le-estrazioni-organizza-controvertice-minerario-a-siviglia\/#breadcrumb\"},\"inLanguage\":\"it-IT\",\"potentialAction\":[{\"@type\":\"ReadAction\",\"target\":[\"https:\/\/www.pressenza.com\/it\/2022\/10\/movimento-contro-le-estrazioni-organizza-controvertice-minerario-a-siviglia\/\"]}]},{\"@type\":\"ImageObject\",\"inLanguage\":\"it-IT\",\"@id\":\"https:\/\/www.pressenza.com\/it\/2022\/10\/movimento-contro-le-estrazioni-organizza-controvertice-minerario-a-siviglia\/#primaryimage\",\"url\":\"https:\/\/www.pressenza.com\/wp-content\/uploads\/2022\/10\/AznalcollarCSIC_5_tras-rotura.jpg\",\"contentUrl\":\"https:\/\/www.pressenza.com\/wp-content\/uploads\/2022\/10\/AznalcollarCSIC_5_tras-rotura.jpg\",\"width\":820,\"height\":516},{\"@type\":\"BreadcrumbList\",\"@id\":\"https:\/\/www.pressenza.com\/it\/2022\/10\/movimento-contro-le-estrazioni-organizza-controvertice-minerario-a-siviglia\/#breadcrumb\",\"itemListElement\":[{\"@type\":\"ListItem\",\"position\":1,\"name\":\"Accueil\",\"item\":\"https:\/\/www.pressenza.com\/it\/\"},{\"@type\":\"ListItem\",\"position\":2,\"name\":\"Movimento contro le estrazioni organizza Controvertice minerario a Siviglia\"}]},{\"@type\":\"WebSite\",\"@id\":\"https:\/\/www.pressenza.com\/it\/#website\",\"url\":\"https:\/\/www.pressenza.com\/it\/\",\"name\":\"Pressenza\",\"description\":\"Agenzia di Stampa Internazionale\",\"publisher\":{\"@id\":\"https:\/\/www.pressenza.com\/it\/#organization\"},\"potentialAction\":[{\"@type\":\"SearchAction\",\"target\":{\"@type\":\"EntryPoint\",\"urlTemplate\":\"https:\/\/www.pressenza.com\/it\/?s={search_term_string}\"},\"query-input\":{\"@type\":\"PropertyValueSpecification\",\"valueRequired\":true,\"valueName\":\"search_term_string\"}}],\"inLanguage\":\"it-IT\"},{\"@type\":\"Organization\",\"@id\":\"https:\/\/www.pressenza.com\/it\/#organization\",\"name\":\"Pressenza\",\"url\":\"https:\/\/www.pressenza.com\/it\/\",\"logo\":{\"@type\":\"ImageObject\",\"inLanguage\":\"it-IT\",\"@id\":\"https:\/\/www.pressenza.com\/it\/#\/schema\/logo\/image\/\",\"url\":\"https:\/\/www.pressenza.com\/wp-content\/uploads\/2022\/10\/pressenza_logo_200x200.jpg\",\"contentUrl\":\"https:\/\/www.pressenza.com\/wp-content\/uploads\/2022\/10\/pressenza_logo_200x200.jpg\",\"width\":200,\"height\":200,\"caption\":\"Pressenza\"},\"image\":{\"@id\":\"https:\/\/www.pressenza.com\/it\/#\/schema\/logo\/image\/\"},\"sameAs\":[\"https:\/\/www.facebook.com\/PressenzaItalia\",\"https:\/\/x.com\/PressenzaIPA\"]},{\"@type\":\"Person\",\"@id\":\"https:\/\/www.pressenza.com\/it\/#\/schema\/person\/828fc40eeca2ad7be3630e5a46adba94\",\"name\":\"Redacci\u00f3n Madrid\",\"description\":\"News from the Pressenza Bureau in Madrid, Spain\",\"sameAs\":[\"https:\/\/www.facebook.com\/pressenza\",\"https:\/\/x.com\/pressenza\"],\"url\":\"https:\/\/www.pressenza.com\/it\/author\/redaccion-madrid\/\"}]}<\/script>\n<!-- \/ Yoast SEO plugin. -->","yoast_head_json":{"title":"Movimento contro le estrazioni organizza Controvertice minerario a Siviglia","description":"Il Controvertice minerario si \u00e8 tenuto a Siviglia, in Spagna, per ricordare i disastri ambientali provocati dalle miniere, in contemporanea con l\u2019incontro tra le societ\u00e0 minerarie \u201cMining and Minerals Hall\u201d nella stessa citt\u00e0.","robots":{"index":"index","follow":"follow","max-snippet":"max-snippet:-1","max-image-preview":"max-image-preview:large","max-video-preview":"max-video-preview:-1"},"canonical":"https:\/\/www.pressenza.com\/it\/2022\/10\/movimento-contro-le-estrazioni-organizza-controvertice-minerario-a-siviglia\/","og_locale":"it_IT","og_type":"article","og_title":"Movimento contro le estrazioni organizza Controvertice minerario a Siviglia","og_description":"Il Controvertice minerario si \u00e8 tenuto a Siviglia, in Spagna, per ricordare i disastri ambientali provocati dalle miniere, in contemporanea con l\u2019incontro tra le societ\u00e0 minerarie \u201cMining and Minerals Hall\u201d nella stessa citt\u00e0.","og_url":"https:\/\/www.pressenza.com\/it\/2022\/10\/movimento-contro-le-estrazioni-organizza-controvertice-minerario-a-siviglia\/","og_site_name":"Pressenza","article_publisher":"https:\/\/www.facebook.com\/PressenzaItalia","article_author":"https:\/\/www.facebook.com\/pressenza","article_published_time":"2022-10-31T18:39:17+00:00","article_modified_time":"2022-10-31T18:43:53+00:00","og_image":[{"width":820,"height":516,"url":"https:\/\/www.pressenza.com\/wp-content\/uploads\/2022\/10\/AznalcollarCSIC_5_tras-rotura.jpg","type":"image\/jpeg"}],"author":"Redacci\u00f3n Madrid","twitter_card":"summary_large_image","twitter_creator":"@pressenza","twitter_site":"@PressenzaIPA","twitter_misc":{"Scritto da":"Redacci\u00f3n Madrid","Tempo di lettura stimato":"5 minuti"},"schema":{"@context":"https:\/\/schema.org","@graph":[{"@type":"Article","@id":"https:\/\/www.pressenza.com\/it\/2022\/10\/movimento-contro-le-estrazioni-organizza-controvertice-minerario-a-siviglia\/#article","isPartOf":{"@id":"https:\/\/www.pressenza.com\/it\/2022\/10\/movimento-contro-le-estrazioni-organizza-controvertice-minerario-a-siviglia\/"},"author":{"name":"Redacci\u00f3n Madrid","@id":"https:\/\/www.pressenza.com\/it\/#\/schema\/person\/828fc40eeca2ad7be3630e5a46adba94"},"headline":"Movimento contro le estrazioni organizza Controvertice minerario a Siviglia","datePublished":"2022-10-31T18:39:17+00:00","dateModified":"2022-10-31T18:43:53+00:00","mainEntityOfPage":{"@id":"https:\/\/www.pressenza.com\/it\/2022\/10\/movimento-contro-le-estrazioni-organizza-controvertice-minerario-a-siviglia\/"},"wordCount":1068,"publisher":{"@id":"https:\/\/www.pressenza.com\/it\/#organization"},"image":{"@id":"https:\/\/www.pressenza.com\/it\/2022\/10\/movimento-contro-le-estrazioni-organizza-controvertice-minerario-a-siviglia\/#primaryimage"},"thumbnailUrl":"https:\/\/www.pressenza.com\/wp-content\/uploads\/2022\/10\/AznalcollarCSIC_5_tras-rotura.jpg","keywords":["attivit\u00e0 d\u2019estrazione","controvertice minerario","estrazione di minerali","industrie minerarie","megaminiere","Siviglia","Spagna"],"articleSection":["Ecologia ed Ambiente","Europa","Politica"],"inLanguage":"it-IT"},{"@type":"WebPage","@id":"https:\/\/www.pressenza.com\/it\/2022\/10\/movimento-contro-le-estrazioni-organizza-controvertice-minerario-a-siviglia\/","url":"https:\/\/www.pressenza.com\/it\/2022\/10\/movimento-contro-le-estrazioni-organizza-controvertice-minerario-a-siviglia\/","name":"Movimento contro le estrazioni organizza Controvertice minerario a Siviglia","isPartOf":{"@id":"https:\/\/www.pressenza.com\/it\/#website"},"primaryImageOfPage":{"@id":"https:\/\/www.pressenza.com\/it\/2022\/10\/movimento-contro-le-estrazioni-organizza-controvertice-minerario-a-siviglia\/#primaryimage"},"image":{"@id":"https:\/\/www.pressenza.com\/it\/2022\/10\/movimento-contro-le-estrazioni-organizza-controvertice-minerario-a-siviglia\/#primaryimage"},"thumbnailUrl":"https:\/\/www.pressenza.com\/wp-content\/uploads\/2022\/10\/AznalcollarCSIC_5_tras-rotura.jpg","datePublished":"2022-10-31T18:39:17+00:00","dateModified":"2022-10-31T18:43:53+00:00","description":"Il Controvertice minerario si \u00e8 tenuto a Siviglia, in Spagna, per ricordare i disastri ambientali provocati dalle miniere, in contemporanea con l\u2019incontro tra le societ\u00e0 minerarie \u201cMining and Minerals Hall\u201d nella stessa citt\u00e0.","breadcrumb":{"@id":"https:\/\/www.pressenza.com\/it\/2022\/10\/movimento-contro-le-estrazioni-organizza-controvertice-minerario-a-siviglia\/#breadcrumb"},"inLanguage":"it-IT","potentialAction":[{"@type":"ReadAction","target":["https:\/\/www.pressenza.com\/it\/2022\/10\/movimento-contro-le-estrazioni-organizza-controvertice-minerario-a-siviglia\/"]}]},{"@type":"ImageObject","inLanguage":"it-IT","@id":"https:\/\/www.pressenza.com\/it\/2022\/10\/movimento-contro-le-estrazioni-organizza-controvertice-minerario-a-siviglia\/#primaryimage","url":"https:\/\/www.pressenza.com\/wp-content\/uploads\/2022\/10\/AznalcollarCSIC_5_tras-rotura.jpg","contentUrl":"https:\/\/www.pressenza.com\/wp-content\/uploads\/2022\/10\/AznalcollarCSIC_5_tras-rotura.jpg","width":820,"height":516},{"@type":"BreadcrumbList","@id":"https:\/\/www.pressenza.com\/it\/2022\/10\/movimento-contro-le-estrazioni-organizza-controvertice-minerario-a-siviglia\/#breadcrumb","itemListElement":[{"@type":"ListItem","position":1,"name":"Accueil","item":"https:\/\/www.pressenza.com\/it\/"},{"@type":"ListItem","position":2,"name":"Movimento contro le estrazioni organizza Controvertice minerario a Siviglia"}]},{"@type":"WebSite","@id":"https:\/\/www.pressenza.com\/it\/#website","url":"https:\/\/www.pressenza.com\/it\/","name":"Pressenza","description":"Agenzia di Stampa Internazionale","publisher":{"@id":"https:\/\/www.pressenza.com\/it\/#organization"},"potentialAction":[{"@type":"SearchAction","target":{"@type":"EntryPoint","urlTemplate":"https:\/\/www.pressenza.com\/it\/?s={search_term_string}"},"query-input":{"@type":"PropertyValueSpecification","valueRequired":true,"valueName":"search_term_string"}}],"inLanguage":"it-IT"},{"@type":"Organization","@id":"https:\/\/www.pressenza.com\/it\/#organization","name":"Pressenza","url":"https:\/\/www.pressenza.com\/it\/","logo":{"@type":"ImageObject","inLanguage":"it-IT","@id":"https:\/\/www.pressenza.com\/it\/#\/schema\/logo\/image\/","url":"https:\/\/www.pressenza.com\/wp-content\/uploads\/2022\/10\/pressenza_logo_200x200.jpg","contentUrl":"https:\/\/www.pressenza.com\/wp-content\/uploads\/2022\/10\/pressenza_logo_200x200.jpg","width":200,"height":200,"caption":"Pressenza"},"image":{"@id":"https:\/\/www.pressenza.com\/it\/#\/schema\/logo\/image\/"},"sameAs":["https:\/\/www.facebook.com\/PressenzaItalia","https:\/\/x.com\/PressenzaIPA"]},{"@type":"Person","@id":"https:\/\/www.pressenza.com\/it\/#\/schema\/person\/828fc40eeca2ad7be3630e5a46adba94","name":"Redacci\u00f3n Madrid","description":"News from the Pressenza Bureau in Madrid, Spain","sameAs":["https:\/\/www.facebook.com\/pressenza","https:\/\/x.com\/pressenza"],"url":"https:\/\/www.pressenza.com\/it\/author\/redaccion-madrid\/"}]}},"place":"El Salto Diario - Spagna","original_article_url":"https:\/\/www.elsaltodiario.com\/mineria\/todas-las-minas-contaminan-ecologistas-activistas-advierten-impacto-mineria","_links":{"self":[{"href":"https:\/\/www.pressenza.com\/it\/wp-json\/wp\/v2\/posts\/1690622","targetHints":{"allow":["GET"]}}],"collection":[{"href":"https:\/\/www.pressenza.com\/it\/wp-json\/wp\/v2\/posts"}],"about":[{"href":"https:\/\/www.pressenza.com\/it\/wp-json\/wp\/v2\/types\/post"}],"author":[{"embeddable":true,"href":"https:\/\/www.pressenza.com\/it\/wp-json\/wp\/v2\/users\/94"}],"replies":[{"embeddable":true,"href":"https:\/\/www.pressenza.com\/it\/wp-json\/wp\/v2\/comments?post=1690622"}],"version-history":[{"count":0,"href":"https:\/\/www.pressenza.com\/it\/wp-json\/wp\/v2\/posts\/1690622\/revisions"}],"wp:featuredmedia":[{"embeddable":true,"href":"https:\/\/www.pressenza.com\/it\/wp-json\/wp\/v2\/media\/1686268"}],"wp:attachment":[{"href":"https:\/\/www.pressenza.com\/it\/wp-json\/wp\/v2\/media?parent=1690622"}],"wp:term":[{"taxonomy":"category","embeddable":true,"href":"https:\/\/www.pressenza.com\/it\/wp-json\/wp\/v2\/categories?post=1690622"},{"taxonomy":"post_tag","embeddable":true,"href":"https:\/\/www.pressenza.com\/it\/wp-json\/wp\/v2\/tags?post=1690622"}],"curies":[{"name":"wp","href":"https:\/\/api.w.org\/{rel}","templated":true}]}}