{"id":1689564,"date":"2022-10-26T09:42:27","date_gmt":"2022-10-26T08:42:27","guid":{"rendered":"https:\/\/www.pressenza.com\/?p=1689564"},"modified":"2022-10-26T11:32:31","modified_gmt":"2022-10-26T10:32:31","slug":"paola-egonu-lascia-la-nazionale-per-colpa-del-razzismo-lassociazione-mutuelle-della-solidarieta-dei-senegalesi-condivide-il-suo-sconforto","status":"publish","type":"post","link":"https:\/\/www.pressenza.com\/it\/2022\/10\/paola-egonu-lascia-la-nazionale-per-colpa-del-razzismo-lassociazione-mutuelle-della-solidarieta-dei-senegalesi-condivide-il-suo-sconforto\/","title":{"rendered":"Paola Egonu lascia la Nazionale per colpa del razzismo: L\u2019Associazione Mutuelle della Solidariet\u00e0 dei Senegalesi condivide il suo sconforto."},"content":{"rendered":"<p align=\"justify\"><span style=\"font-family: Times New Roman, serif;\"><span style=\"font-size: medium;\">Dopo la vittoria per 3-0 contro gli Stati Uniti, che ha consegnato alle azzurre il bronzo al\u00a0Mondiale di volley, la stella della nazional azzurra <strong>Paola Egonu<\/strong> \u00e8 scoppiata a piangere con il suo procuratore Marco Raguzzoni. <\/span><\/span><\/p>\n<p align=\"justify\"><span style=\"font-family: Times New Roman, serif;\"><span style=\"font-size: medium;\">Un tifoso ha fatto un video che ha postato sui social network, diventato subito virale sul web. Nel video la stella della nazionale sfogandosi dice: \u201c<em>Mi hanno chiesto anche se fossi italiana\u2026questa \u00e8 la mia ultima partita in Nazionale, sono stanca. Non puoi capire. Vinciamo grazie a me, ma soprattutto quando si perde \u00e8 sempre colpa mia..<\/em>.\u201d.<a class=\"sdfootnoteanc\" href=\"#sdfootnote1sym\" name=\"sdfootnote1anc\"><sup>1<\/sup><\/a> In seguito, non nel video, dir\u00e0: <em>\u00abMi fa ridere pensare a persone che mi hanno chiesto perch\u00e9 sono italiana, mi chiedo perch\u00e9 con la maglia della Nazionale dovrei rappresentare chi mi scrive queste cose. Io ci metto l\u2019anima e il cuore, non manco mai di rispetto a nessuno. Cos\u00ec fa male<\/em>\u00bb.<a class=\"sdfootnoteanc\" href=\"#sdfootnote2sym\" name=\"sdfootnote2anc\"><sup>2<\/sup><\/a> <\/span><\/span><\/p>\n<p align=\"justify\"><span style=\"font-family: Times New Roman, serif;\"><span style=\"font-size: medium;\">Il riferimento \u00e8 ai tanti attacchi, anche razzisti, ricevuti su internet, sui social, dopo l\u2019errore nel set point del terzo parziale della semifinale persa contro il Brasile. <\/span><\/span><\/p>\n<p align=\"justify\"><span style=\"font-family: Times New Roman, serif;\"><span style=\"font-size: medium;\">La stessa Egonu in un\u2019intervista rilasciata al <\/span><\/span><span style=\"font-family: Times New Roman, serif;\"><span style=\"font-size: medium;\"><i>Corriere<\/i><\/span><\/span><span style=\"font-family: Times New Roman, serif;\"><span style=\"font-size: medium;\"> tre anni fa, dovendo rispondere a una domanda sul perch\u00e9 avesse pubblicato una frase di Mandela sul proprio profilo Instagram (\u00ab<em>nessuno nasce odiando un\u2019altra persona per il colore della sua pelle\u2026<\/em>\u00bb<a class=\"sdfootnoteanc\" href=\"#sdfootnote3sym\" name=\"sdfootnote3anc\"><sup>3<\/sup><\/a>), lei spieg\u00f2: \u00ab<em>Perch\u00e9 \u00e8 la realt\u00e0. Il bimbo non s\u2019accorge del colore che ha finch\u00e9, a scuola, una maestra dice che \u00e8 nero o giallo<\/em>\u00bb.<a class=\"sdfootnoteanc\" href=\"#sdfootnote4sym\" name=\"sdfootnote4anc\"><sup>4<\/sup><\/a> <\/span><\/span><\/p>\n<p align=\"justify\"><span style=\"font-family: Times New Roman, serif;\"><span style=\"font-size: medium;\">Dopo lo sfogo, Egonu intervistata da <\/span><\/span><span style=\"font-family: Times New Roman, serif;\"><span style=\"font-size: medium;\"><i>SKY <\/i><\/span><\/span><span style=\"font-family: Times New Roman, serif;\"><span style=\"font-size: medium;\">ha detto: <\/span><\/span><\/p>\n<blockquote>\n<p align=\"justify\"><span style=\"font-family: Times New Roman, serif;\">&#8220;<em>Sono fiera della squadra, del gruppo e di me stessa. Perch\u00e9 oggi \u00e8 stato veramente difficile scendere in campo. Sempre un onore portare addosso la maglia azzurra, vorrei per\u00f2 tanto avere un&#8217;estate libera per riposare come persona, per la mia testa. Mi fa ridere pensare di aver letto persone che mi hanno chiesto perch\u00e9 sono italiana e mi chiedo perch\u00e9 io rappresento persone del genere. E poi, non voglio togliere meriti alle mie compagne, ma ogni volta a essere presa di mira sono sempre io e si va a vedere come io ho sbagliato e come avrei potuto fare meglio<\/em>&#8220;.<a class=\"sdfootnoteanc\" href=\"#sdfootnote5sym\" name=\"sdfootnote5anc\"><sup>5<\/sup><\/a><\/span><\/p>\n<\/blockquote>\n<p align=\"justify\"><span style=\"font-family: Times New Roman, serif;\"><span style=\"font-size: medium;\">Il suo procuratore Marco Raguzzoni spiega: \u00ab<em>lei dice che \u00e8 stanca di essere pesantemente criticata ogni volta che sbaglia una partita come se avesse ammazzato qualcuno. Ha 24 anni e subire tutte queste critiche quando non rende al meglio in una gara \u00e8 un peso pesante da sopportare. Gli ultimi giorni sono stati molto difficili e lei \u00e8 provata da tutto questo<\/em>\u00bb.<a class=\"sdfootnoteanc\" href=\"#sdfootnote6sym\" name=\"sdfootnote6anc\"><sup>6<\/sup><\/a> Poi aggiunge: &#8220;<em>Paola \u00e8 italiana al 100 per cento, nel 2022 \u00e8 assurdo sentire ancora queste cose. Ma \u00e8 stato lo sfogo di un momento. La pausa dall&#8217;azzurro? \u00c8 normale, nella pallavolo di oggi i tornei si susseguono in maniera incessante, tra una settimana c&#8217;\u00e8 gi\u00e0 il campionato. Ma, assicuro, Paola non lascer\u00e0 l&#8217;azzurro<\/em>&#8220;.<a class=\"sdfootnoteanc\" href=\"#sdfootnote7sym\" name=\"sdfootnote7anc\"><sup>7<\/sup><\/a><\/span><\/span><\/p>\n<p align=\"justify\"><span style=\"font-family: Times New Roman, serif;\"><span style=\"font-size: medium;\">Vicina all\u2019atleta \u00e8<strong> l\u2019Associazione Mutuelle della Solidariet\u00e0 dei Senegalesi in Italia<\/strong><a class=\"sdfootnoteanc\" href=\"#sdfootnote8sym\" name=\"sdfootnote8anc\"><sup>8<\/sup><\/a>, che ha rilasciato un comunicato: <\/span><\/span><\/p>\n<blockquote>\n<p align=\"justify\"><em><span style=\"font-family: Times New Roman, serif;\">L\u2019Associazione Mutuelle della Solidariet\u00e0 dei Senegalesi, in linea con i princ\u00ecpi cardine, della Solidariet\u00e0, dell\u2019Inclusione, dello Sport come fattore di coesione sociale, ampiamente sostenuto nella videoconferenza del 31 maggio su Zoom e Facebook, condivide lo sgomento e lo sconforto della pallavolista Paola Egonu.<\/span><\/em><\/p>\n<p align=\"justify\"><em><span style=\"font-family: Times New Roman, serif;\">L\u2019Associazione sostiene la necessit\u00e0 di sostenere i talenti emergenti dello Sport.<\/span><\/em><\/p>\n<\/blockquote>\n<p align=\"justify\"><span style=\"font-family: Times New Roman, serif;\">L\u2019auspicio che tutti gli attori della societ\u00e0 civile possano interagire e intervenire con politiche adeguate e consone ad una realt\u00e0 globale e multiculturale.<\/span><\/p>\n<p align=\"justify\"><img loading=\"lazy\" decoding=\"async\" class=\"aligncenter size-full wp-image-1689565\" src=\"https:\/\/www.pressenza.com\/wp-content\/uploads\/2022\/10\/logo-senegal_page-0001.jpg\" alt=\"logo senegal_page-0001\" width=\"526\" height=\"502\" srcset=\"https:\/\/www.pressenza.com\/wp-content\/uploads\/2022\/10\/logo-senegal_page-0001.jpg 526w, https:\/\/www.pressenza.com\/wp-content\/uploads\/2022\/10\/logo-senegal_page-0001-300x286.jpg 300w\" sizes=\"auto, (max-width: 526px) 100vw, 526px\" \/><\/p>\n<p align=\"justify\">&#8212;<\/p>\n<p>Fonti e Note:<\/p>\n<div id=\"sdfootnote1\">\n<p class=\"sdfootnote\"><a class=\"sdfootnotesym\" href=\"#sdfootnote1anc\" name=\"sdfootnote1sym\">1<\/a> Cit da <a href=\"https:\/\/www.repubblica.it\/sport\/volley\/2022\/10\/15\/news\/egonu_lascia_nazionale_italiana_sfogo-370190370\/\">https:\/\/www.repubblica.it\/sport\/volley\/2022\/10\/15\/news\/egonu_lascia_nazionale_italiana_sfogo-370190370\/<\/a><\/p>\n<\/div>\n<div id=\"sdfootnote2\">\n<p class=\"sdfootnote\"><a class=\"sdfootnotesym\" href=\"#sdfootnote2anc\" name=\"sdfootnote2sym\">2<\/a> Cit da: <a href=\"https:\/\/www.corriere.it\/sport\/22_ottobre_16\/paola-egonu-nazionale-messaggio-74b855d0-4d3e-11ed-9450-e6f5245270b7.shtml?refresh_ce\">https:\/\/www.corriere.it\/sport\/22_ottobre_16\/paola-egonu-nazionale-messaggio-74b855d0-4d3e-11ed-9450-e6f5245270b7.shtml?refresh_ce<\/a><\/p>\n<\/div>\n<div id=\"sdfootnote3\">\n<p class=\"sdfootnote\"><a class=\"sdfootnotesym\" href=\"#sdfootnote3anc\" name=\"sdfootnote3sym\">3<\/a> Ibidem<\/p>\n<\/div>\n<div id=\"sdfootnote4\">\n<p class=\"sdfootnote\"><a class=\"sdfootnotesym\" href=\"#sdfootnote4anc\" name=\"sdfootnote4sym\">4<\/a> Ibidem<\/p>\n<\/div>\n<div id=\"sdfootnote5\">\n<p class=\"sdfootnote\"><a class=\"sdfootnotesym\" href=\"#sdfootnote5anc\" name=\"sdfootnote5sym\">5<\/a> Cit da: <a href=\"https:\/\/www.repubblica.it\/sport\/volley\/2022\/10\/15\/news\/egonu_lascia_nazionale_italiana_sfogo-370190370\/\">https:\/\/www.repubblica.it\/sport\/volley\/2022\/10\/15\/news\/egonu_lascia_nazionale_italiana_sfogo-370190370\/<\/a><\/p>\n<\/div>\n<div id=\"sdfootnote6\">\n<p class=\"sdfootnote\"><a class=\"sdfootnotesym\" href=\"#sdfootnote6anc\" name=\"sdfootnote6sym\">6<\/a> Cit da:<a href=\"https:\/\/www.corriere.it\/sport\/22_ottobre_16\/paola-egonu-nazionale-messaggio-74b855d0-4d3e-11ed-9450-e6f5245270b7.shtml?refresh_ce\"> https:\/\/www.corriere.it\/sport\/22_ottobre_16\/paola-egonu-nazionale-messaggio-74b855d0-4d3e-11ed-9450-e6f5245270b7.shtml?refresh_ce<\/a><\/p>\n<\/div>\n<div id=\"sdfootnote7\">\n<p class=\"sdfootnote\"><a class=\"sdfootnotesym\" href=\"#sdfootnote7anc\" name=\"sdfootnote7sym\">7<\/a> Cit da: <a href=\"https:\/\/www.repubblica.it\/sport\/volley\/2022\/10\/15\/news\/egonu_lascia_nazionale_italiana_sfogo-370190370\/\">https:\/\/www.repubblica.it\/sport\/volley\/2022\/10\/15\/news\/egonu_lascia_nazionale_italiana_sfogo-370190370\/<\/a><\/p>\n<\/div>\n<div id=\"sdfootnote8\">\n<p class=\"sdfootnote\"><a class=\"sdfootnotesym\" href=\"#sdfootnote8anc\" name=\"sdfootnote8sym\">8<\/a> Il sito dell\u2019Associazione si trova a questo link <a href=\"https:\/\/www.mutuelledeisenegalesi.org\/\">https:\/\/www.mutuelledeisenegalesi.org\/<\/a><\/p>\n<\/div>\n","protected":false},"excerpt":{"rendered":"<p>Dopo la vittoria per 3-0 contro gli Stati Uniti, che ha consegnato alle azzurre il bronzo al\u00a0Mondiale di volley, la stella della nazional azzurra Paola Egonu \u00e8 scoppiata a piangere con il suo procuratore Marco Raguzzoni. Un tifoso ha fatto&hellip;<\/p>\n","protected":false},"author":2140,"featured_media":444376,"comment_status":"closed","ping_status":"closed","sticky":false,"template":"","format":"standard","meta":{"footnotes":""},"categories":[11388,54572],"tags":[106565,54562],"class_list":["post-1689564","post","type-post","status-publish","format-standard","has-post-thumbnail","hentry","category-contenuti-originali","category-migranti","tag-paola-egonu","tag-razzismo-es-it"],"yoast_head":"<!-- This site is optimized with the Yoast SEO plugin v27.1.1 - https:\/\/yoast.com\/product\/yoast-seo-wordpress\/ -->\n<title>Paola Egonu lascia la Nazionale per colpa del razzismo: L\u2019Associazione Mutuelle della Solidariet\u00e0 dei Senegalesi condivide il suo sconforto.<\/title>\n<meta name=\"description\" content=\"Dopo la vittoria per 3-0 contro gli Stati Uniti, che ha consegnato alle azzurre il bronzo al\u00a0Mondiale di volley, la stella della nazional azzurra Paola\" \/>\n<meta name=\"robots\" content=\"index, follow, max-snippet:-1, max-image-preview:large, max-video-preview:-1\" \/>\n<link rel=\"canonical\" href=\"https:\/\/www.pressenza.com\/it\/2022\/10\/paola-egonu-lascia-la-nazionale-per-colpa-del-razzismo-lassociazione-mutuelle-della-solidarieta-dei-senegalesi-condivide-il-suo-sconforto\/\" \/>\n<meta property=\"og:locale\" content=\"it_IT\" \/>\n<meta property=\"og:type\" content=\"article\" \/>\n<meta property=\"og:title\" content=\"Paola Egonu lascia la Nazionale per colpa del razzismo: L\u2019Associazione Mutuelle della Solidariet\u00e0 dei Senegalesi condivide il suo sconforto.\" \/>\n<meta property=\"og:description\" content=\"Dopo la vittoria per 3-0 contro gli Stati Uniti, che ha consegnato alle azzurre il bronzo al\u00a0Mondiale di volley, la stella della nazional azzurra Paola\" \/>\n<meta property=\"og:url\" content=\"https:\/\/www.pressenza.com\/it\/2022\/10\/paola-egonu-lascia-la-nazionale-per-colpa-del-razzismo-lassociazione-mutuelle-della-solidarieta-dei-senegalesi-condivide-il-suo-sconforto\/\" \/>\n<meta property=\"og:site_name\" content=\"Pressenza\" \/>\n<meta property=\"article:publisher\" content=\"https:\/\/www.facebook.com\/PressenzaItalia\" \/>\n<meta property=\"article:published_time\" content=\"2022-10-26T08:42:27+00:00\" \/>\n<meta property=\"article:modified_time\" content=\"2022-10-26T10:32:31+00:00\" \/>\n<meta property=\"og:image\" content=\"https:\/\/www.pressenza.com\/wp-content\/uploads\/2017\/03\/calcio-e-razzismo.jpg\" \/>\n\t<meta property=\"og:image:width\" content=\"960\" \/>\n\t<meta property=\"og:image:height\" content=\"640\" \/>\n\t<meta property=\"og:image:type\" content=\"image\/jpeg\" \/>\n<meta name=\"author\" content=\"Andrea Vitello\" \/>\n<meta name=\"twitter:card\" content=\"summary_large_image\" \/>\n<meta name=\"twitter:creator\" content=\"@PressenzaIPA\" \/>\n<meta name=\"twitter:site\" content=\"@PressenzaIPA\" \/>\n<meta name=\"twitter:label1\" content=\"Scritto da\" \/>\n\t<meta name=\"twitter:data1\" content=\"Andrea Vitello\" \/>\n\t<meta name=\"twitter:label2\" content=\"Tempo di lettura stimato\" \/>\n\t<meta name=\"twitter:data2\" content=\"4 minuti\" \/>\n<script type=\"application\/ld+json\" class=\"yoast-schema-graph\">{\"@context\":\"https:\/\/schema.org\",\"@graph\":[{\"@type\":\"Article\",\"@id\":\"https:\/\/www.pressenza.com\/it\/2022\/10\/paola-egonu-lascia-la-nazionale-per-colpa-del-razzismo-lassociazione-mutuelle-della-solidarieta-dei-senegalesi-condivide-il-suo-sconforto\/#article\",\"isPartOf\":{\"@id\":\"https:\/\/www.pressenza.com\/it\/2022\/10\/paola-egonu-lascia-la-nazionale-per-colpa-del-razzismo-lassociazione-mutuelle-della-solidarieta-dei-senegalesi-condivide-il-suo-sconforto\/\"},\"author\":{\"name\":\"Andrea Vitello\",\"@id\":\"https:\/\/www.pressenza.com\/it\/#\/schema\/person\/22a8facb6e336e2104facb0b5ee3cf7a\"},\"headline\":\"Paola Egonu lascia la Nazionale per colpa del razzismo: L\u2019Associazione Mutuelle della Solidariet\u00e0 dei Senegalesi condivide il suo sconforto.\",\"datePublished\":\"2022-10-26T08:42:27+00:00\",\"dateModified\":\"2022-10-26T10:32:31+00:00\",\"mainEntityOfPage\":{\"@id\":\"https:\/\/www.pressenza.com\/it\/2022\/10\/paola-egonu-lascia-la-nazionale-per-colpa-del-razzismo-lassociazione-mutuelle-della-solidarieta-dei-senegalesi-condivide-il-suo-sconforto\/\"},\"wordCount\":674,\"publisher\":{\"@id\":\"https:\/\/www.pressenza.com\/it\/#organization\"},\"image\":{\"@id\":\"https:\/\/www.pressenza.com\/it\/2022\/10\/paola-egonu-lascia-la-nazionale-per-colpa-del-razzismo-lassociazione-mutuelle-della-solidarieta-dei-senegalesi-condivide-il-suo-sconforto\/#primaryimage\"},\"thumbnailUrl\":\"https:\/\/www.pressenza.com\/wp-content\/uploads\/2017\/03\/calcio-e-razzismo.jpg\",\"keywords\":[\"paola egonu\",\"razzismo\"],\"articleSection\":[\"contenuti originali\",\"Migranti\"],\"inLanguage\":\"it-IT\"},{\"@type\":\"WebPage\",\"@id\":\"https:\/\/www.pressenza.com\/it\/2022\/10\/paola-egonu-lascia-la-nazionale-per-colpa-del-razzismo-lassociazione-mutuelle-della-solidarieta-dei-senegalesi-condivide-il-suo-sconforto\/\",\"url\":\"https:\/\/www.pressenza.com\/it\/2022\/10\/paola-egonu-lascia-la-nazionale-per-colpa-del-razzismo-lassociazione-mutuelle-della-solidarieta-dei-senegalesi-condivide-il-suo-sconforto\/\",\"name\":\"Paola Egonu lascia la Nazionale per colpa del razzismo: L\u2019Associazione Mutuelle della Solidariet\u00e0 dei Senegalesi condivide il suo sconforto.\",\"isPartOf\":{\"@id\":\"https:\/\/www.pressenza.com\/it\/#website\"},\"primaryImageOfPage\":{\"@id\":\"https:\/\/www.pressenza.com\/it\/2022\/10\/paola-egonu-lascia-la-nazionale-per-colpa-del-razzismo-lassociazione-mutuelle-della-solidarieta-dei-senegalesi-condivide-il-suo-sconforto\/#primaryimage\"},\"image\":{\"@id\":\"https:\/\/www.pressenza.com\/it\/2022\/10\/paola-egonu-lascia-la-nazionale-per-colpa-del-razzismo-lassociazione-mutuelle-della-solidarieta-dei-senegalesi-condivide-il-suo-sconforto\/#primaryimage\"},\"thumbnailUrl\":\"https:\/\/www.pressenza.com\/wp-content\/uploads\/2017\/03\/calcio-e-razzismo.jpg\",\"datePublished\":\"2022-10-26T08:42:27+00:00\",\"dateModified\":\"2022-10-26T10:32:31+00:00\",\"description\":\"Dopo la vittoria per 3-0 contro gli Stati Uniti, che ha consegnato alle azzurre il bronzo al\u00a0Mondiale di volley, la stella della nazional azzurra Paola\",\"breadcrumb\":{\"@id\":\"https:\/\/www.pressenza.com\/it\/2022\/10\/paola-egonu-lascia-la-nazionale-per-colpa-del-razzismo-lassociazione-mutuelle-della-solidarieta-dei-senegalesi-condivide-il-suo-sconforto\/#breadcrumb\"},\"inLanguage\":\"it-IT\",\"potentialAction\":[{\"@type\":\"ReadAction\",\"target\":[\"https:\/\/www.pressenza.com\/it\/2022\/10\/paola-egonu-lascia-la-nazionale-per-colpa-del-razzismo-lassociazione-mutuelle-della-solidarieta-dei-senegalesi-condivide-il-suo-sconforto\/\"]}]},{\"@type\":\"ImageObject\",\"inLanguage\":\"it-IT\",\"@id\":\"https:\/\/www.pressenza.com\/it\/2022\/10\/paola-egonu-lascia-la-nazionale-per-colpa-del-razzismo-lassociazione-mutuelle-della-solidarieta-dei-senegalesi-condivide-il-suo-sconforto\/#primaryimage\",\"url\":\"https:\/\/www.pressenza.com\/wp-content\/uploads\/2017\/03\/calcio-e-razzismo.jpg\",\"contentUrl\":\"https:\/\/www.pressenza.com\/wp-content\/uploads\/2017\/03\/calcio-e-razzismo.jpg\",\"width\":960,\"height\":640,\"caption\":\"calcio e razzismo\"},{\"@type\":\"BreadcrumbList\",\"@id\":\"https:\/\/www.pressenza.com\/it\/2022\/10\/paola-egonu-lascia-la-nazionale-per-colpa-del-razzismo-lassociazione-mutuelle-della-solidarieta-dei-senegalesi-condivide-il-suo-sconforto\/#breadcrumb\",\"itemListElement\":[{\"@type\":\"ListItem\",\"position\":1,\"name\":\"Accueil\",\"item\":\"https:\/\/www.pressenza.com\/it\/\"},{\"@type\":\"ListItem\",\"position\":2,\"name\":\"Paola Egonu lascia la Nazionale per colpa del razzismo: L\u2019Associazione Mutuelle della Solidariet\u00e0 dei Senegalesi condivide il suo sconforto.\"}]},{\"@type\":\"WebSite\",\"@id\":\"https:\/\/www.pressenza.com\/it\/#website\",\"url\":\"https:\/\/www.pressenza.com\/it\/\",\"name\":\"Pressenza\",\"description\":\"Agenzia di Stampa Internazionale\",\"publisher\":{\"@id\":\"https:\/\/www.pressenza.com\/it\/#organization\"},\"potentialAction\":[{\"@type\":\"SearchAction\",\"target\":{\"@type\":\"EntryPoint\",\"urlTemplate\":\"https:\/\/www.pressenza.com\/it\/?s={search_term_string}\"},\"query-input\":{\"@type\":\"PropertyValueSpecification\",\"valueRequired\":true,\"valueName\":\"search_term_string\"}}],\"inLanguage\":\"it-IT\"},{\"@type\":\"Organization\",\"@id\":\"https:\/\/www.pressenza.com\/it\/#organization\",\"name\":\"Pressenza\",\"url\":\"https:\/\/www.pressenza.com\/it\/\",\"logo\":{\"@type\":\"ImageObject\",\"inLanguage\":\"it-IT\",\"@id\":\"https:\/\/www.pressenza.com\/it\/#\/schema\/logo\/image\/\",\"url\":\"https:\/\/www.pressenza.com\/wp-content\/uploads\/2022\/10\/pressenza_logo_200x200.jpg\",\"contentUrl\":\"https:\/\/www.pressenza.com\/wp-content\/uploads\/2022\/10\/pressenza_logo_200x200.jpg\",\"width\":200,\"height\":200,\"caption\":\"Pressenza\"},\"image\":{\"@id\":\"https:\/\/www.pressenza.com\/it\/#\/schema\/logo\/image\/\"},\"sameAs\":[\"https:\/\/www.facebook.com\/PressenzaItalia\",\"https:\/\/x.com\/PressenzaIPA\"]},{\"@type\":\"Person\",\"@id\":\"https:\/\/www.pressenza.com\/it\/#\/schema\/person\/22a8facb6e336e2104facb0b5ee3cf7a\",\"name\":\"Andrea Vitello\",\"description\":\"Andrea Vitello \u00e8 nato nel 1992 a Empoli in provincia di Firenze, dove vive. Si \u00e8 laureato in filosofia e in scienze storiche all\u2019Universit\u00e0 di Firenze. Ambientalista e pacifista da sempre. Segue e si interessa di politica da molto tempo con particolare attenzione ai diritti umani. E\u2019 stato capo ufficio stampa del Filosofestival, il festival della filosofia di Firenze. Ha contribuito a l\u2019Enciclopedia dei Giusti di Gariwo la foresta dei Giusti, fondazione con la quale collabora. A febbraio 2022 \u00e8 uscito il suo libro \u201cIl nazista che salv\u00f2 gli ebrei. Storie di coraggio e solidariet\u00e0 in Danimarca\u201d (Le lettere, Firenze). Il libro ha la prefazione di Moni Ovadia e la postfazione di Gabriele Nissim, Presidente di Gariwo. Scrive su Ecologica.online e Pressenza.\",\"url\":\"https:\/\/www.pressenza.com\/it\/author\/andrea-vitello\/\"}]}<\/script>\n<!-- \/ Yoast SEO plugin. -->","yoast_head_json":{"title":"Paola Egonu lascia la Nazionale per colpa del razzismo: L\u2019Associazione Mutuelle della Solidariet\u00e0 dei Senegalesi condivide il suo sconforto.","description":"Dopo la vittoria per 3-0 contro gli Stati Uniti, che ha consegnato alle azzurre il bronzo al\u00a0Mondiale di volley, la stella della nazional azzurra Paola","robots":{"index":"index","follow":"follow","max-snippet":"max-snippet:-1","max-image-preview":"max-image-preview:large","max-video-preview":"max-video-preview:-1"},"canonical":"https:\/\/www.pressenza.com\/it\/2022\/10\/paola-egonu-lascia-la-nazionale-per-colpa-del-razzismo-lassociazione-mutuelle-della-solidarieta-dei-senegalesi-condivide-il-suo-sconforto\/","og_locale":"it_IT","og_type":"article","og_title":"Paola Egonu lascia la Nazionale per colpa del razzismo: L\u2019Associazione Mutuelle della Solidariet\u00e0 dei Senegalesi condivide il suo sconforto.","og_description":"Dopo la vittoria per 3-0 contro gli Stati Uniti, che ha consegnato alle azzurre il bronzo al\u00a0Mondiale di volley, la stella della nazional azzurra Paola","og_url":"https:\/\/www.pressenza.com\/it\/2022\/10\/paola-egonu-lascia-la-nazionale-per-colpa-del-razzismo-lassociazione-mutuelle-della-solidarieta-dei-senegalesi-condivide-il-suo-sconforto\/","og_site_name":"Pressenza","article_publisher":"https:\/\/www.facebook.com\/PressenzaItalia","article_published_time":"2022-10-26T08:42:27+00:00","article_modified_time":"2022-10-26T10:32:31+00:00","og_image":[{"width":960,"height":640,"url":"https:\/\/www.pressenza.com\/wp-content\/uploads\/2017\/03\/calcio-e-razzismo.jpg","type":"image\/jpeg"}],"author":"Andrea Vitello","twitter_card":"summary_large_image","twitter_creator":"@PressenzaIPA","twitter_site":"@PressenzaIPA","twitter_misc":{"Scritto da":"Andrea Vitello","Tempo di lettura stimato":"4 minuti"},"schema":{"@context":"https:\/\/schema.org","@graph":[{"@type":"Article","@id":"https:\/\/www.pressenza.com\/it\/2022\/10\/paola-egonu-lascia-la-nazionale-per-colpa-del-razzismo-lassociazione-mutuelle-della-solidarieta-dei-senegalesi-condivide-il-suo-sconforto\/#article","isPartOf":{"@id":"https:\/\/www.pressenza.com\/it\/2022\/10\/paola-egonu-lascia-la-nazionale-per-colpa-del-razzismo-lassociazione-mutuelle-della-solidarieta-dei-senegalesi-condivide-il-suo-sconforto\/"},"author":{"name":"Andrea Vitello","@id":"https:\/\/www.pressenza.com\/it\/#\/schema\/person\/22a8facb6e336e2104facb0b5ee3cf7a"},"headline":"Paola Egonu lascia la Nazionale per colpa del razzismo: L\u2019Associazione Mutuelle della Solidariet\u00e0 dei Senegalesi condivide il suo sconforto.","datePublished":"2022-10-26T08:42:27+00:00","dateModified":"2022-10-26T10:32:31+00:00","mainEntityOfPage":{"@id":"https:\/\/www.pressenza.com\/it\/2022\/10\/paola-egonu-lascia-la-nazionale-per-colpa-del-razzismo-lassociazione-mutuelle-della-solidarieta-dei-senegalesi-condivide-il-suo-sconforto\/"},"wordCount":674,"publisher":{"@id":"https:\/\/www.pressenza.com\/it\/#organization"},"image":{"@id":"https:\/\/www.pressenza.com\/it\/2022\/10\/paola-egonu-lascia-la-nazionale-per-colpa-del-razzismo-lassociazione-mutuelle-della-solidarieta-dei-senegalesi-condivide-il-suo-sconforto\/#primaryimage"},"thumbnailUrl":"https:\/\/www.pressenza.com\/wp-content\/uploads\/2017\/03\/calcio-e-razzismo.jpg","keywords":["paola egonu","razzismo"],"articleSection":["contenuti originali","Migranti"],"inLanguage":"it-IT"},{"@type":"WebPage","@id":"https:\/\/www.pressenza.com\/it\/2022\/10\/paola-egonu-lascia-la-nazionale-per-colpa-del-razzismo-lassociazione-mutuelle-della-solidarieta-dei-senegalesi-condivide-il-suo-sconforto\/","url":"https:\/\/www.pressenza.com\/it\/2022\/10\/paola-egonu-lascia-la-nazionale-per-colpa-del-razzismo-lassociazione-mutuelle-della-solidarieta-dei-senegalesi-condivide-il-suo-sconforto\/","name":"Paola Egonu lascia la Nazionale per colpa del razzismo: L\u2019Associazione Mutuelle della Solidariet\u00e0 dei Senegalesi condivide il suo sconforto.","isPartOf":{"@id":"https:\/\/www.pressenza.com\/it\/#website"},"primaryImageOfPage":{"@id":"https:\/\/www.pressenza.com\/it\/2022\/10\/paola-egonu-lascia-la-nazionale-per-colpa-del-razzismo-lassociazione-mutuelle-della-solidarieta-dei-senegalesi-condivide-il-suo-sconforto\/#primaryimage"},"image":{"@id":"https:\/\/www.pressenza.com\/it\/2022\/10\/paola-egonu-lascia-la-nazionale-per-colpa-del-razzismo-lassociazione-mutuelle-della-solidarieta-dei-senegalesi-condivide-il-suo-sconforto\/#primaryimage"},"thumbnailUrl":"https:\/\/www.pressenza.com\/wp-content\/uploads\/2017\/03\/calcio-e-razzismo.jpg","datePublished":"2022-10-26T08:42:27+00:00","dateModified":"2022-10-26T10:32:31+00:00","description":"Dopo la vittoria per 3-0 contro gli Stati Uniti, che ha consegnato alle azzurre il bronzo al\u00a0Mondiale di volley, la stella della nazional azzurra Paola","breadcrumb":{"@id":"https:\/\/www.pressenza.com\/it\/2022\/10\/paola-egonu-lascia-la-nazionale-per-colpa-del-razzismo-lassociazione-mutuelle-della-solidarieta-dei-senegalesi-condivide-il-suo-sconforto\/#breadcrumb"},"inLanguage":"it-IT","potentialAction":[{"@type":"ReadAction","target":["https:\/\/www.pressenza.com\/it\/2022\/10\/paola-egonu-lascia-la-nazionale-per-colpa-del-razzismo-lassociazione-mutuelle-della-solidarieta-dei-senegalesi-condivide-il-suo-sconforto\/"]}]},{"@type":"ImageObject","inLanguage":"it-IT","@id":"https:\/\/www.pressenza.com\/it\/2022\/10\/paola-egonu-lascia-la-nazionale-per-colpa-del-razzismo-lassociazione-mutuelle-della-solidarieta-dei-senegalesi-condivide-il-suo-sconforto\/#primaryimage","url":"https:\/\/www.pressenza.com\/wp-content\/uploads\/2017\/03\/calcio-e-razzismo.jpg","contentUrl":"https:\/\/www.pressenza.com\/wp-content\/uploads\/2017\/03\/calcio-e-razzismo.jpg","width":960,"height":640,"caption":"calcio e razzismo"},{"@type":"BreadcrumbList","@id":"https:\/\/www.pressenza.com\/it\/2022\/10\/paola-egonu-lascia-la-nazionale-per-colpa-del-razzismo-lassociazione-mutuelle-della-solidarieta-dei-senegalesi-condivide-il-suo-sconforto\/#breadcrumb","itemListElement":[{"@type":"ListItem","position":1,"name":"Accueil","item":"https:\/\/www.pressenza.com\/it\/"},{"@type":"ListItem","position":2,"name":"Paola Egonu lascia la Nazionale per colpa del razzismo: L\u2019Associazione Mutuelle della Solidariet\u00e0 dei Senegalesi condivide il suo sconforto."}]},{"@type":"WebSite","@id":"https:\/\/www.pressenza.com\/it\/#website","url":"https:\/\/www.pressenza.com\/it\/","name":"Pressenza","description":"Agenzia di Stampa Internazionale","publisher":{"@id":"https:\/\/www.pressenza.com\/it\/#organization"},"potentialAction":[{"@type":"SearchAction","target":{"@type":"EntryPoint","urlTemplate":"https:\/\/www.pressenza.com\/it\/?s={search_term_string}"},"query-input":{"@type":"PropertyValueSpecification","valueRequired":true,"valueName":"search_term_string"}}],"inLanguage":"it-IT"},{"@type":"Organization","@id":"https:\/\/www.pressenza.com\/it\/#organization","name":"Pressenza","url":"https:\/\/www.pressenza.com\/it\/","logo":{"@type":"ImageObject","inLanguage":"it-IT","@id":"https:\/\/www.pressenza.com\/it\/#\/schema\/logo\/image\/","url":"https:\/\/www.pressenza.com\/wp-content\/uploads\/2022\/10\/pressenza_logo_200x200.jpg","contentUrl":"https:\/\/www.pressenza.com\/wp-content\/uploads\/2022\/10\/pressenza_logo_200x200.jpg","width":200,"height":200,"caption":"Pressenza"},"image":{"@id":"https:\/\/www.pressenza.com\/it\/#\/schema\/logo\/image\/"},"sameAs":["https:\/\/www.facebook.com\/PressenzaItalia","https:\/\/x.com\/PressenzaIPA"]},{"@type":"Person","@id":"https:\/\/www.pressenza.com\/it\/#\/schema\/person\/22a8facb6e336e2104facb0b5ee3cf7a","name":"Andrea Vitello","description":"Andrea Vitello \u00e8 nato nel 1992 a Empoli in provincia di Firenze, dove vive. Si \u00e8 laureato in filosofia e in scienze storiche all\u2019Universit\u00e0 di Firenze. Ambientalista e pacifista da sempre. Segue e si interessa di politica da molto tempo con particolare attenzione ai diritti umani. E\u2019 stato capo ufficio stampa del Filosofestival, il festival della filosofia di Firenze. Ha contribuito a l\u2019Enciclopedia dei Giusti di Gariwo la foresta dei Giusti, fondazione con la quale collabora. A febbraio 2022 \u00e8 uscito il suo libro \u201cIl nazista che salv\u00f2 gli ebrei. Storie di coraggio e solidariet\u00e0 in Danimarca\u201d (Le lettere, Firenze). Il libro ha la prefazione di Moni Ovadia e la postfazione di Gabriele Nissim, Presidente di Gariwo. Scrive su Ecologica.online e Pressenza.","url":"https:\/\/www.pressenza.com\/it\/author\/andrea-vitello\/"}]}},"place":"","original_article_url":"","_links":{"self":[{"href":"https:\/\/www.pressenza.com\/it\/wp-json\/wp\/v2\/posts\/1689564","targetHints":{"allow":["GET"]}}],"collection":[{"href":"https:\/\/www.pressenza.com\/it\/wp-json\/wp\/v2\/posts"}],"about":[{"href":"https:\/\/www.pressenza.com\/it\/wp-json\/wp\/v2\/types\/post"}],"author":[{"embeddable":true,"href":"https:\/\/www.pressenza.com\/it\/wp-json\/wp\/v2\/users\/2140"}],"replies":[{"embeddable":true,"href":"https:\/\/www.pressenza.com\/it\/wp-json\/wp\/v2\/comments?post=1689564"}],"version-history":[{"count":0,"href":"https:\/\/www.pressenza.com\/it\/wp-json\/wp\/v2\/posts\/1689564\/revisions"}],"wp:featuredmedia":[{"embeddable":true,"href":"https:\/\/www.pressenza.com\/it\/wp-json\/wp\/v2\/media\/444376"}],"wp:attachment":[{"href":"https:\/\/www.pressenza.com\/it\/wp-json\/wp\/v2\/media?parent=1689564"}],"wp:term":[{"taxonomy":"category","embeddable":true,"href":"https:\/\/www.pressenza.com\/it\/wp-json\/wp\/v2\/categories?post=1689564"},{"taxonomy":"post_tag","embeddable":true,"href":"https:\/\/www.pressenza.com\/it\/wp-json\/wp\/v2\/tags?post=1689564"}],"curies":[{"name":"wp","href":"https:\/\/api.w.org\/{rel}","templated":true}]}}