{"id":1688722,"date":"2022-10-24T10:00:40","date_gmt":"2022-10-24T09:00:40","guid":{"rendered":"https:\/\/www.pressenza.com\/?p=1688722"},"modified":"2022-10-24T10:05:55","modified_gmt":"2022-10-24T09:05:55","slug":"dopo-la-pioggia-fisica-ed-esistenziale","status":"publish","type":"post","link":"https:\/\/www.pressenza.com\/it\/2022\/10\/dopo-la-pioggia-fisica-ed-esistenziale\/","title":{"rendered":"Dopo la pioggia fisica ed esistenziale"},"content":{"rendered":"<p>&#8220;Dopo la pioggia&#8221; \u00e8 un romanzo di Chiara Mezzalama pubblicato dalle edizioni e\/o nel 2021 che sta nella scia di quei romanzi che parlano dell&#8217;attualit\u00e0 e dei problemi del mondo inserendoli nelle storie delle persone.<\/p>\n<p>Con grande sapienza letteraria, per altro il romanzo \u00e8 stato candidato al Premio Strega, l&#8217;autrice parte da una coppia che si sta di fatto separando per inserire quella coppia e tutti i personaggi\u00a0 collegati in una catastrofe ecologica che colpisce Roma e i suoi dintorni.<\/p>\n<p>La narrazione e il titolo ammiccano discretamente a quel grande film su altre catastrofi umane che \u00e8 &#8220;Prima della Pioggia&#8221; di <a title=\"Mil\u010do Man\u010devski\" href=\"https:\/\/it.wikipedia.org\/wiki\/Mil%C4%8Do_Man%C4%8Devski\">Mil\u010do Man\u010devski<\/a> e ricalca il senso di aspettativa della catastrofe che rieccheggia l\u00ec. Una catastrofe inevitabile che incombe senza essere nominata.<\/p>\n<p>Ma l&#8217;operazione a mio avviso pi\u00f9 interessante \u00e8 la disseminazione qua e l\u00e0 nella trama di alcuni elementi di informazione e dibattito, come la famosa teoria della rana bollita di Chomsky, o alcune tesi ecologiste: un modo di fare letteratura e divulgazione, di mettere temi senza imporli.<\/p>\n<p>Questo Chiara Mezzalama lo pu\u00f2 fare sulla base di una trama avvincente, una tecnica narrativa di prima qualit\u00e0 che ti lascia col fiato sospeso fino all&#8217;ultimo; magari con la speranza di un happy end&#8230;<\/p>\n<p>Un modo intelligente di fare cultura e di porre temi che, gi\u00e0 evidenti alla pubblicazione del libro, diventano ogni giorno pi\u00f9 temi di attualit\u00e0 e di urgenza come il cambiamento climatico ma anche la destrutturazione delle relazioni umane e la necessit\u00e0 di costruirne di nuove.<\/p>\n<hr \/>\n<p>Chiara Mezzalama<br \/>\n<em>Dopo la pioggia<\/em><br \/>\nE\/O, 2021<\/p>\n","protected":false},"excerpt":{"rendered":"<p>&#8220;Dopo la pioggia&#8221; \u00e8 un romanzo di Chiara Mezzalama pubblicato dalle edizioni e\/o nel 2021 che sta nella scia di quei romanzi che parlano dell&#8217;attualit\u00e0 e dei problemi del mondo inserendoli nelle storie delle persone. Con grande sapienza letteraria, per&hellip;<\/p>\n","protected":false},"author":10,"featured_media":1688724,"comment_status":"closed","ping_status":"closed","sticky":false,"template":"","format":"standard","meta":{"footnotes":""},"categories":[56,47],"tags":[9775,8376,1311,1552],"class_list":["post-1688722","post","type-post","status-publish","format-standard","has-post-thumbnail","hentry","category-cultura","category-europa","tag-cambiamento-climatico","tag-destrutturazione","tag-libro","tag-recensione"],"yoast_head":"<!-- This site is optimized with the Yoast SEO plugin v27.1.1 - https:\/\/yoast.com\/product\/yoast-seo-wordpress\/ -->\n<title>Dopo la pioggia fisica ed esistenziale<\/title>\n<meta name=\"description\" content=\"&quot;Dopo la pioggia&quot; \u00e8 un romanzo di Chiara Mezzalama pubblicato dalle edizioni e\/o nel 2021 che sta nella scia di quei romanzi che parlano dell&#039;attualit\u00e0 e\" \/>\n<meta name=\"robots\" content=\"index, follow, max-snippet:-1, max-image-preview:large, max-video-preview:-1\" \/>\n<link rel=\"canonical\" href=\"https:\/\/www.pressenza.com\/it\/2022\/10\/dopo-la-pioggia-fisica-ed-esistenziale\/\" \/>\n<meta property=\"og:locale\" content=\"it_IT\" \/>\n<meta property=\"og:type\" content=\"article\" \/>\n<meta property=\"og:title\" content=\"Dopo la pioggia fisica ed esistenziale\" \/>\n<meta property=\"og:description\" content=\"&quot;Dopo la pioggia&quot; \u00e8 un romanzo di Chiara Mezzalama pubblicato dalle edizioni e\/o nel 2021 che sta nella scia di quei romanzi che parlano dell&#039;attualit\u00e0 e\" \/>\n<meta property=\"og:url\" content=\"https:\/\/www.pressenza.com\/it\/2022\/10\/dopo-la-pioggia-fisica-ed-esistenziale\/\" \/>\n<meta property=\"og:site_name\" content=\"Pressenza\" \/>\n<meta property=\"article:publisher\" content=\"https:\/\/www.facebook.com\/PressenzaItalia\" \/>\n<meta property=\"article:published_time\" content=\"2022-10-24T09:00:40+00:00\" \/>\n<meta property=\"article:modified_time\" content=\"2022-10-24T09:05:55+00:00\" \/>\n<meta property=\"og:image\" content=\"https:\/\/www.pressenza.com\/wp-content\/uploads\/2022\/10\/dopo-la-pioggia.jpg\" \/>\n\t<meta property=\"og:image:width\" content=\"424\" \/>\n\t<meta property=\"og:image:height\" content=\"673\" \/>\n\t<meta property=\"og:image:type\" content=\"image\/jpeg\" \/>\n<meta name=\"author\" content=\"Olivier Turquet\" \/>\n<meta name=\"twitter:card\" content=\"summary_large_image\" \/>\n<meta name=\"twitter:creator\" content=\"@PressenzaIPA\" \/>\n<meta name=\"twitter:site\" content=\"@PressenzaIPA\" \/>\n<meta name=\"twitter:label1\" content=\"Scritto da\" \/>\n\t<meta name=\"twitter:data1\" content=\"Olivier Turquet\" \/>\n\t<meta name=\"twitter:label2\" content=\"Tempo di lettura stimato\" \/>\n\t<meta name=\"twitter:data2\" content=\"2 minuti\" \/>\n<script type=\"application\/ld+json\" class=\"yoast-schema-graph\">{\"@context\":\"https:\/\/schema.org\",\"@graph\":[{\"@type\":\"Article\",\"@id\":\"https:\/\/www.pressenza.com\/it\/2022\/10\/dopo-la-pioggia-fisica-ed-esistenziale\/#article\",\"isPartOf\":{\"@id\":\"https:\/\/www.pressenza.com\/it\/2022\/10\/dopo-la-pioggia-fisica-ed-esistenziale\/\"},\"author\":{\"name\":\"Olivier Turquet\",\"@id\":\"https:\/\/www.pressenza.com\/it\/#\/schema\/person\/636f8feb51f63f34e7378d5fcdd1de53\"},\"headline\":\"Dopo la pioggia fisica ed esistenziale\",\"datePublished\":\"2022-10-24T09:00:40+00:00\",\"dateModified\":\"2022-10-24T09:05:55+00:00\",\"mainEntityOfPage\":{\"@id\":\"https:\/\/www.pressenza.com\/it\/2022\/10\/dopo-la-pioggia-fisica-ed-esistenziale\/\"},\"wordCount\":263,\"publisher\":{\"@id\":\"https:\/\/www.pressenza.com\/it\/#organization\"},\"image\":{\"@id\":\"https:\/\/www.pressenza.com\/it\/2022\/10\/dopo-la-pioggia-fisica-ed-esistenziale\/#primaryimage\"},\"thumbnailUrl\":\"https:\/\/www.pressenza.com\/wp-content\/uploads\/2022\/10\/dopo-la-pioggia.jpg\",\"keywords\":[\"cambiamento climatico\",\"destrutturazione\",\"libro\",\"recensione\"],\"articleSection\":[\"Cultura e Media\",\"Europa\"],\"inLanguage\":\"it-IT\"},{\"@type\":\"WebPage\",\"@id\":\"https:\/\/www.pressenza.com\/it\/2022\/10\/dopo-la-pioggia-fisica-ed-esistenziale\/\",\"url\":\"https:\/\/www.pressenza.com\/it\/2022\/10\/dopo-la-pioggia-fisica-ed-esistenziale\/\",\"name\":\"Dopo la pioggia fisica ed esistenziale\",\"isPartOf\":{\"@id\":\"https:\/\/www.pressenza.com\/it\/#website\"},\"primaryImageOfPage\":{\"@id\":\"https:\/\/www.pressenza.com\/it\/2022\/10\/dopo-la-pioggia-fisica-ed-esistenziale\/#primaryimage\"},\"image\":{\"@id\":\"https:\/\/www.pressenza.com\/it\/2022\/10\/dopo-la-pioggia-fisica-ed-esistenziale\/#primaryimage\"},\"thumbnailUrl\":\"https:\/\/www.pressenza.com\/wp-content\/uploads\/2022\/10\/dopo-la-pioggia.jpg\",\"datePublished\":\"2022-10-24T09:00:40+00:00\",\"dateModified\":\"2022-10-24T09:05:55+00:00\",\"description\":\"\\\"Dopo la pioggia\\\" \u00e8 un romanzo di Chiara Mezzalama pubblicato dalle edizioni e\/o nel 2021 che sta nella scia di quei romanzi che parlano dell'attualit\u00e0 e\",\"breadcrumb\":{\"@id\":\"https:\/\/www.pressenza.com\/it\/2022\/10\/dopo-la-pioggia-fisica-ed-esistenziale\/#breadcrumb\"},\"inLanguage\":\"it-IT\",\"potentialAction\":[{\"@type\":\"ReadAction\",\"target\":[\"https:\/\/www.pressenza.com\/it\/2022\/10\/dopo-la-pioggia-fisica-ed-esistenziale\/\"]}]},{\"@type\":\"ImageObject\",\"inLanguage\":\"it-IT\",\"@id\":\"https:\/\/www.pressenza.com\/it\/2022\/10\/dopo-la-pioggia-fisica-ed-esistenziale\/#primaryimage\",\"url\":\"https:\/\/www.pressenza.com\/wp-content\/uploads\/2022\/10\/dopo-la-pioggia.jpg\",\"contentUrl\":\"https:\/\/www.pressenza.com\/wp-content\/uploads\/2022\/10\/dopo-la-pioggia.jpg\",\"width\":424,\"height\":673},{\"@type\":\"BreadcrumbList\",\"@id\":\"https:\/\/www.pressenza.com\/it\/2022\/10\/dopo-la-pioggia-fisica-ed-esistenziale\/#breadcrumb\",\"itemListElement\":[{\"@type\":\"ListItem\",\"position\":1,\"name\":\"Accueil\",\"item\":\"https:\/\/www.pressenza.com\/it\/\"},{\"@type\":\"ListItem\",\"position\":2,\"name\":\"Dopo la pioggia fisica ed esistenziale\"}]},{\"@type\":\"WebSite\",\"@id\":\"https:\/\/www.pressenza.com\/it\/#website\",\"url\":\"https:\/\/www.pressenza.com\/it\/\",\"name\":\"Pressenza\",\"description\":\"Agenzia di Stampa Internazionale\",\"publisher\":{\"@id\":\"https:\/\/www.pressenza.com\/it\/#organization\"},\"potentialAction\":[{\"@type\":\"SearchAction\",\"target\":{\"@type\":\"EntryPoint\",\"urlTemplate\":\"https:\/\/www.pressenza.com\/it\/?s={search_term_string}\"},\"query-input\":{\"@type\":\"PropertyValueSpecification\",\"valueRequired\":true,\"valueName\":\"search_term_string\"}}],\"inLanguage\":\"it-IT\"},{\"@type\":\"Organization\",\"@id\":\"https:\/\/www.pressenza.com\/it\/#organization\",\"name\":\"Pressenza\",\"url\":\"https:\/\/www.pressenza.com\/it\/\",\"logo\":{\"@type\":\"ImageObject\",\"inLanguage\":\"it-IT\",\"@id\":\"https:\/\/www.pressenza.com\/it\/#\/schema\/logo\/image\/\",\"url\":\"https:\/\/www.pressenza.com\/wp-content\/uploads\/2022\/10\/pressenza_logo_200x200.jpg\",\"contentUrl\":\"https:\/\/www.pressenza.com\/wp-content\/uploads\/2022\/10\/pressenza_logo_200x200.jpg\",\"width\":200,\"height\":200,\"caption\":\"Pressenza\"},\"image\":{\"@id\":\"https:\/\/www.pressenza.com\/it\/#\/schema\/logo\/image\/\"},\"sameAs\":[\"https:\/\/www.facebook.com\/PressenzaItalia\",\"https:\/\/x.com\/PressenzaIPA\"]},{\"@type\":\"Person\",\"@id\":\"https:\/\/www.pressenza.com\/it\/#\/schema\/person\/636f8feb51f63f34e7378d5fcdd1de53\",\"name\":\"Olivier Turquet\",\"description\":\"Takes care of writing to tell the reality for about 40 years. He has worked with paper publications, radio and electronic He founded the electronic news agency humanist Good News. He was press secretary to various events such as: the International Humanist, Florence Play, the World March for Peace and Nonviolence. Currently coordinates the Italian team of Pressenza. olivierturquet.wordpress.com\",\"sameAs\":[\"http:\/\/olivierturquet.wordpress.com\"],\"url\":\"https:\/\/www.pressenza.com\/it\/author\/olivier-turquet\/\"}]}<\/script>\n<!-- \/ Yoast SEO plugin. -->","yoast_head_json":{"title":"Dopo la pioggia fisica ed esistenziale","description":"\"Dopo la pioggia\" \u00e8 un romanzo di Chiara Mezzalama pubblicato dalle edizioni e\/o nel 2021 che sta nella scia di quei romanzi che parlano dell'attualit\u00e0 e","robots":{"index":"index","follow":"follow","max-snippet":"max-snippet:-1","max-image-preview":"max-image-preview:large","max-video-preview":"max-video-preview:-1"},"canonical":"https:\/\/www.pressenza.com\/it\/2022\/10\/dopo-la-pioggia-fisica-ed-esistenziale\/","og_locale":"it_IT","og_type":"article","og_title":"Dopo la pioggia fisica ed esistenziale","og_description":"\"Dopo la pioggia\" \u00e8 un romanzo di Chiara Mezzalama pubblicato dalle edizioni e\/o nel 2021 che sta nella scia di quei romanzi che parlano dell'attualit\u00e0 e","og_url":"https:\/\/www.pressenza.com\/it\/2022\/10\/dopo-la-pioggia-fisica-ed-esistenziale\/","og_site_name":"Pressenza","article_publisher":"https:\/\/www.facebook.com\/PressenzaItalia","article_published_time":"2022-10-24T09:00:40+00:00","article_modified_time":"2022-10-24T09:05:55+00:00","og_image":[{"width":424,"height":673,"url":"https:\/\/www.pressenza.com\/wp-content\/uploads\/2022\/10\/dopo-la-pioggia.jpg","type":"image\/jpeg"}],"author":"Olivier Turquet","twitter_card":"summary_large_image","twitter_creator":"@PressenzaIPA","twitter_site":"@PressenzaIPA","twitter_misc":{"Scritto da":"Olivier Turquet","Tempo di lettura stimato":"2 minuti"},"schema":{"@context":"https:\/\/schema.org","@graph":[{"@type":"Article","@id":"https:\/\/www.pressenza.com\/it\/2022\/10\/dopo-la-pioggia-fisica-ed-esistenziale\/#article","isPartOf":{"@id":"https:\/\/www.pressenza.com\/it\/2022\/10\/dopo-la-pioggia-fisica-ed-esistenziale\/"},"author":{"name":"Olivier Turquet","@id":"https:\/\/www.pressenza.com\/it\/#\/schema\/person\/636f8feb51f63f34e7378d5fcdd1de53"},"headline":"Dopo la pioggia fisica ed esistenziale","datePublished":"2022-10-24T09:00:40+00:00","dateModified":"2022-10-24T09:05:55+00:00","mainEntityOfPage":{"@id":"https:\/\/www.pressenza.com\/it\/2022\/10\/dopo-la-pioggia-fisica-ed-esistenziale\/"},"wordCount":263,"publisher":{"@id":"https:\/\/www.pressenza.com\/it\/#organization"},"image":{"@id":"https:\/\/www.pressenza.com\/it\/2022\/10\/dopo-la-pioggia-fisica-ed-esistenziale\/#primaryimage"},"thumbnailUrl":"https:\/\/www.pressenza.com\/wp-content\/uploads\/2022\/10\/dopo-la-pioggia.jpg","keywords":["cambiamento climatico","destrutturazione","libro","recensione"],"articleSection":["Cultura e Media","Europa"],"inLanguage":"it-IT"},{"@type":"WebPage","@id":"https:\/\/www.pressenza.com\/it\/2022\/10\/dopo-la-pioggia-fisica-ed-esistenziale\/","url":"https:\/\/www.pressenza.com\/it\/2022\/10\/dopo-la-pioggia-fisica-ed-esistenziale\/","name":"Dopo la pioggia fisica ed esistenziale","isPartOf":{"@id":"https:\/\/www.pressenza.com\/it\/#website"},"primaryImageOfPage":{"@id":"https:\/\/www.pressenza.com\/it\/2022\/10\/dopo-la-pioggia-fisica-ed-esistenziale\/#primaryimage"},"image":{"@id":"https:\/\/www.pressenza.com\/it\/2022\/10\/dopo-la-pioggia-fisica-ed-esistenziale\/#primaryimage"},"thumbnailUrl":"https:\/\/www.pressenza.com\/wp-content\/uploads\/2022\/10\/dopo-la-pioggia.jpg","datePublished":"2022-10-24T09:00:40+00:00","dateModified":"2022-10-24T09:05:55+00:00","description":"\"Dopo la pioggia\" \u00e8 un romanzo di Chiara Mezzalama pubblicato dalle edizioni e\/o nel 2021 che sta nella scia di quei romanzi che parlano dell'attualit\u00e0 e","breadcrumb":{"@id":"https:\/\/www.pressenza.com\/it\/2022\/10\/dopo-la-pioggia-fisica-ed-esistenziale\/#breadcrumb"},"inLanguage":"it-IT","potentialAction":[{"@type":"ReadAction","target":["https:\/\/www.pressenza.com\/it\/2022\/10\/dopo-la-pioggia-fisica-ed-esistenziale\/"]}]},{"@type":"ImageObject","inLanguage":"it-IT","@id":"https:\/\/www.pressenza.com\/it\/2022\/10\/dopo-la-pioggia-fisica-ed-esistenziale\/#primaryimage","url":"https:\/\/www.pressenza.com\/wp-content\/uploads\/2022\/10\/dopo-la-pioggia.jpg","contentUrl":"https:\/\/www.pressenza.com\/wp-content\/uploads\/2022\/10\/dopo-la-pioggia.jpg","width":424,"height":673},{"@type":"BreadcrumbList","@id":"https:\/\/www.pressenza.com\/it\/2022\/10\/dopo-la-pioggia-fisica-ed-esistenziale\/#breadcrumb","itemListElement":[{"@type":"ListItem","position":1,"name":"Accueil","item":"https:\/\/www.pressenza.com\/it\/"},{"@type":"ListItem","position":2,"name":"Dopo la pioggia fisica ed esistenziale"}]},{"@type":"WebSite","@id":"https:\/\/www.pressenza.com\/it\/#website","url":"https:\/\/www.pressenza.com\/it\/","name":"Pressenza","description":"Agenzia di Stampa Internazionale","publisher":{"@id":"https:\/\/www.pressenza.com\/it\/#organization"},"potentialAction":[{"@type":"SearchAction","target":{"@type":"EntryPoint","urlTemplate":"https:\/\/www.pressenza.com\/it\/?s={search_term_string}"},"query-input":{"@type":"PropertyValueSpecification","valueRequired":true,"valueName":"search_term_string"}}],"inLanguage":"it-IT"},{"@type":"Organization","@id":"https:\/\/www.pressenza.com\/it\/#organization","name":"Pressenza","url":"https:\/\/www.pressenza.com\/it\/","logo":{"@type":"ImageObject","inLanguage":"it-IT","@id":"https:\/\/www.pressenza.com\/it\/#\/schema\/logo\/image\/","url":"https:\/\/www.pressenza.com\/wp-content\/uploads\/2022\/10\/pressenza_logo_200x200.jpg","contentUrl":"https:\/\/www.pressenza.com\/wp-content\/uploads\/2022\/10\/pressenza_logo_200x200.jpg","width":200,"height":200,"caption":"Pressenza"},"image":{"@id":"https:\/\/www.pressenza.com\/it\/#\/schema\/logo\/image\/"},"sameAs":["https:\/\/www.facebook.com\/PressenzaItalia","https:\/\/x.com\/PressenzaIPA"]},{"@type":"Person","@id":"https:\/\/www.pressenza.com\/it\/#\/schema\/person\/636f8feb51f63f34e7378d5fcdd1de53","name":"Olivier Turquet","description":"Takes care of writing to tell the reality for about 40 years. He has worked with paper publications, radio and electronic He founded the electronic news agency humanist Good News. He was press secretary to various events such as: the International Humanist, Florence Play, the World March for Peace and Nonviolence. Currently coordinates the Italian team of Pressenza. olivierturquet.wordpress.com","sameAs":["http:\/\/olivierturquet.wordpress.com"],"url":"https:\/\/www.pressenza.com\/it\/author\/olivier-turquet\/"}]}},"place":"","original_article_url":"","_links":{"self":[{"href":"https:\/\/www.pressenza.com\/it\/wp-json\/wp\/v2\/posts\/1688722","targetHints":{"allow":["GET"]}}],"collection":[{"href":"https:\/\/www.pressenza.com\/it\/wp-json\/wp\/v2\/posts"}],"about":[{"href":"https:\/\/www.pressenza.com\/it\/wp-json\/wp\/v2\/types\/post"}],"author":[{"embeddable":true,"href":"https:\/\/www.pressenza.com\/it\/wp-json\/wp\/v2\/users\/10"}],"replies":[{"embeddable":true,"href":"https:\/\/www.pressenza.com\/it\/wp-json\/wp\/v2\/comments?post=1688722"}],"version-history":[{"count":0,"href":"https:\/\/www.pressenza.com\/it\/wp-json\/wp\/v2\/posts\/1688722\/revisions"}],"wp:featuredmedia":[{"embeddable":true,"href":"https:\/\/www.pressenza.com\/it\/wp-json\/wp\/v2\/media\/1688724"}],"wp:attachment":[{"href":"https:\/\/www.pressenza.com\/it\/wp-json\/wp\/v2\/media?parent=1688722"}],"wp:term":[{"taxonomy":"category","embeddable":true,"href":"https:\/\/www.pressenza.com\/it\/wp-json\/wp\/v2\/categories?post=1688722"},{"taxonomy":"post_tag","embeddable":true,"href":"https:\/\/www.pressenza.com\/it\/wp-json\/wp\/v2\/tags?post=1688722"}],"curies":[{"name":"wp","href":"https:\/\/api.w.org\/{rel}","templated":true}]}}