{"id":1688529,"date":"2022-10-23T21:16:03","date_gmt":"2022-10-23T20:16:03","guid":{"rendered":"https:\/\/www.pressenza.com\/?p=1688529"},"modified":"2022-10-23T21:19:40","modified_gmt":"2022-10-23T20:19:40","slug":"le-migrazioni-nel-sahel-e-in-mali","status":"publish","type":"post","link":"https:\/\/www.pressenza.com\/it\/2022\/10\/le-migrazioni-nel-sahel-e-in-mali\/","title":{"rendered":"Le migrazioni nel Sahel e in Mali"},"content":{"rendered":"<p><em>Sabato 15 ottobre a Milano in Via Mosso 3 Abarek\u00e0 Nandree ha festeggiato\u00a0i suoi primi 20 anni di attivit\u00e0, con la partecipazione di circa duecento persone. Sono pervenute molte note di ringraziamento da parte delle autorit\u00e0 e dei rappresentanti della diaspora maliana.<\/em><\/p>\n<p><em> <img loading=\"lazy\" decoding=\"async\" class=\"aligncenter wp-image-1688540 size-full\" src=\"https:\/\/www.pressenza.com\/wp-content\/uploads\/2022\/10\/festa-Abareka-pubblico.jpg\" alt=\"\" width=\"1600\" height=\"1200\" srcset=\"https:\/\/www.pressenza.com\/wp-content\/uploads\/2022\/10\/festa-Abareka-pubblico.jpg 1600w, https:\/\/www.pressenza.com\/wp-content\/uploads\/2022\/10\/festa-Abareka-pubblico-300x225.jpg 300w, https:\/\/www.pressenza.com\/wp-content\/uploads\/2022\/10\/festa-Abareka-pubblico-820x615.jpg 820w\" sizes=\"auto, (max-width: 1600px) 100vw, 1600px\" \/><\/em><\/p>\n<p><em>Riportiamo qui di seguito l&#8217;intervento di Gaoussou Bathily, presidente di Mondo Senza Guerre in Mali, <\/em><em>sulla situazione migratoria nel Sahel e in Mali <\/em><em>durante la tavola rotonda &#8220;La rotta mediterranea dall&#8217;Africa subsahariana all&#8217;Italia. Esperienze a confronto: chi parte, chi salva, chi accoglie e chi aiuta&#8221;<\/em> <em>Erano presenti anche lo scrittore maliano Soumali\u00e0 Diawara, Luca Marelli di Sea Watch e Micol De Pietri di Abarek\u00e0. Riccardo Gatti ha inviato un messaggio dalla nave Geo Barents di Medici senza Frontiere.<\/em><\/p>\n<p><img loading=\"lazy\" decoding=\"async\" class=\"aligncenter wp-image-1688550 size-full\" src=\"https:\/\/www.pressenza.com\/wp-content\/uploads\/2022\/10\/festa-Abareka-Goussou-e-amiche.jpg\" alt=\"\" width=\"1496\" height=\"1496\" srcset=\"https:\/\/www.pressenza.com\/wp-content\/uploads\/2022\/10\/festa-Abareka-Goussou-e-amiche.jpg 1496w, https:\/\/www.pressenza.com\/wp-content\/uploads\/2022\/10\/festa-Abareka-Goussou-e-amiche-300x300.jpg 300w, https:\/\/www.pressenza.com\/wp-content\/uploads\/2022\/10\/festa-Abareka-Goussou-e-amiche-820x820.jpg 820w, https:\/\/www.pressenza.com\/wp-content\/uploads\/2022\/10\/festa-Abareka-Goussou-e-amiche-150x150.jpg 150w\" sizes=\"auto, (max-width: 1496px) 100vw, 1496px\" \/><\/p>\n<p>Sono Gaoussou Bathily, presidente dell&#8217;Associazione Mondo senza Guerre e senza violenza Mali e vicepresidente di Abareka Mali. Sono entrato a far parte del Movimento Umanista nel 1999-2000 e attualmente coordino diverse attivit\u00e0 e progetti nel mio quartiere, che sono stati nel tempo finanziati da Abarek\u00e0.<\/p>\n<p><strong>Introduzione<\/strong><\/p>\n<p>L&#8217;immigrazione africana \u00e8 diventata un fenomeno sempre pi\u00f9 preoccupante sia nei punti di partenza che in quelli di arrivo. Il Sahel \u00e8 un\u2019area di partenza e di attraversamento che fornisce il pi\u00f9 grande contingente di emigranti, che attraverso il Maghreb, in condizioni difficili e drammatiche, a rischio della propria vita raggiungono le sponde del Mar Mediterraneo per dirigersi in Europa.<\/p>\n<p>Il Sahel \u00e8 un&#8217;area di transito che separa il deserto del Sahara a nord e la zona sudanese a sud, una regione africana che comprende, in senso lato, 10 \u00a0Paesi: Burkina Faso, Camerun, Gambia, Guinea, Mali, Mauritania, Niger, Nigeria, Senegal e Ciad.<\/p>\n<p>In effetti, l&#8217;emigrazione africana verso e attraverso il Maghreb, passando per il Sahel, \u00e8 stata un fenomeno di grande portata fin dai primi anni Novanta, raggiungendo il suo apice negli anni Duemila. Il numero di migranti degli ultimi anni \u00e8 indicativo della sua importanza: circa centomila persone transitano ogni anno verso il Maghreb, mentre si stima che siano circa un milione e mezzo in Libia, 300.000 in Mauritania, quasi altrettanti in Algeria e decine di migliaia in Tunisia e Marocco. La maggior parte di queste persone \u00e8 la prova dell\u2019incrollabile ambizione di raggiungere il loro obiettivo: l&#8217;Europa!<\/p>\n<p>In Mali, il fenomeno migratorio si caratterizza per la sua complessit\u00e0, sia in termini di storia che di dimensioni. In effetti, \u00e8 vecchio di secoli ed \u00e8 ben lungi dall&#8217;essere compreso nelle sue radici pi\u00f9 profonde. La migrazione nel mio Paese \u00e8 sempre stata praticata dall&#8217;uomo per sopravvivere con due tipologie,\u00a0 interna e internazionale, che coesistono e che riguardano soprattutto gli uomini giovani.<\/p>\n<p>Per quanto riguarda la migrazione internazionale, gli studi dimostrano che la maggior parte di quelli che partono si trova nella fascia di et\u00e0 compresa tra i 20 e i 39 anni, che rappresenta il 94,5% di questo gruppo e quasi la met\u00e0 si trova nella fascia di et\u00e0 compresa tra i 25 e i 29 anni.<\/p>\n<p><strong>Fattori di migrazione<\/strong><\/p>\n<ol>\n<li><strong>Fattori economici<\/strong><\/li>\n<\/ol>\n<p>Nel 2017 la popolazione del Mali era stimata in diciassette milioni. Secondo uno studio dell&#8217;Istituto Nazionale di Statistica (INSTAT) sulla povert\u00e0 multidimensionale, la stragrande maggioranza (90,6%) vive nelle zone rurali, le pi\u00f9 povere, (46,7%). Il 28,9% delle persone vive in altre citt\u00e0 e solo il 10,6% nel distretto di Bamako.<\/p>\n<ol start=\"2\">\n<li><strong>Fattori politici<\/strong><\/li>\n<\/ol>\n<p>&#8211; Deficit di democrazia (malgoverno) e inclusione socio-economica.<\/p>\n<p>&#8211; Mancanza di volont\u00e0 politica di stabilire lo Stato di diritto,<\/p>\n<p>&#8211; Insufficienza e\/o mancanza di istituzioni specializzate per combattere le disuguaglianze, la povert\u00e0 e tutte le forme di intolleranza.<\/p>\n<p>&#8211; Adattamento delle politiche di governance ai valori della nostra societ\u00e0<\/p>\n<ol start=\"3\">\n<li><strong>Fattori ambientali<\/strong><\/li>\n<\/ol>\n<p>Siccit\u00e0 cronica, (la grave siccit\u00e0 del 2011 ha causato una grave crisi alimentare in tutto il Sahel e ha portato a un forte calo della produzione agricola in Mali).<\/p>\n<p>Va ricordato, ad esempio, che gli anni 1973 e 1984 sono stati caratterizzati da una grave siccit\u00e0 che ha provocato massicce ondate di emigrazione dal Mali, spingendo complessivamente il 40% della popolazione (soprattutto uomini) delle regioni pi\u00f9 colpite a migrare. Di questi migranti, il 70% ha lasciato il Paese, il che ha indubbiamente avuto un impatto sul settore agricolo, che ha risentito di questa emorragia di manodopera. Allo stesso tempo, il sostegno finanziario dei migranti pu\u00f2 aver contribuito a mitigare gli effetti negativi delle siccit\u00e0.<\/p>\n<ol start=\"4\">\n<li><strong>Fattori di conflitto<\/strong><\/li>\n<\/ol>\n<p>La crisi multidimensionale del 2012, che ha avuto un impatto reale sul normale funzionamento dello Stato in termini di fornitura di servizi sociali di base alla popolazione, ha provocato un vasto movimento di migrazione all&#8217;estero.<\/p>\n<p>I conflitti nei Paesi che ospitavano un gran numero di immigrati maliani li hanno spinti a tornare a casa. Oltre ai rimpatri precedenti, la guerra in Libia ha causato il rimpatrio di 145 persone tra il 24 e il 27 maggio 2002. Queste persone, per lo pi\u00f9 giovani, vorrebbero ancora tentate di tornare all&#8217;estero a causa della mancanza di una garanzia di opportunit\u00e0 di sviluppo nel Paese.<\/p>\n<p><strong>L&#8217;immigrazione maliana in Europa<\/strong><\/p>\n<p>Secondo i dati del Consiglio superiore dei maliani all&#8217;estero, il numero di emigranti maliani nel 2020 \u00e8 il seguente: Francia: 120.000, Italia: 3.500, Spagna: 530, Portogallo: 150, Germania: 7.000, Belgio: 1.520, Canada: 2.530, Russia: 250.<\/p>\n<p><strong>Focus sulla migrazione femminile<\/strong><\/p>\n<p>Per molto tempo migrare era ritenuta un&#8217;attivit\u00e0 riservata agli uomini, ma oggi le donne sono sempre pi\u00f9 interessate a recarsi all&#8217;estero. Il 27,5% se ne va tra i 25 e i 29 anni. Il 52% di loro ha terminato \u00a0la scuola primaria, il 22,5% la scuola secondaria o superiore, il 22,4% \u00e8 \u00a0analfabeta, il 2,1% alfabetizzata e il 6% ha \u00a0studiato nelle scuole coraniche.<\/p>\n<p>La maggior parte delle donne (91,2%) \u00e8 emigrata per motivi sociali: per raggiungere il marito (64,4% dei casi), per continuare gli studi altrove (13,8%), per visitare un parente (6,3%), ecc.<\/p>\n<p><strong>Impatto sullo sviluppo<\/strong><\/p>\n<p>La migrazione \u00e8 uno dei pilastri pi\u00f9 importanti dell&#8217;economia del Paese: i migranti maliani inviano ogni anno miliardi di franchi, per investimenti o per assistenza familiare.<\/p>\n<p>Nella regione di Kayes, oltre il 50% delle infrastrutture sociali di base \u00e8 costruito da migranti all&#8217;estero.<\/p>\n<p>Negli ultimi dieci anni, le associazioni di migranti in Francia hanno finanziato pi\u00f9 di 220 progetti comunitari in diverse decine di villaggi.<\/p>\n<p>Nel 2016, la percentuale di famiglie che ricevevano rimesse aveva almeno un membro che viveva al di fuori della localit\u00e0\u00a0 ed era pari al 52,9% della popolazione maliana, di cui il 48,0% nelle aree urbane e il 54,3% nelle aree rurali, con il 51,3% di uomini e il 70,5% di donne.<\/p>\n<p>Dal 2017 al 2020, gli immigrati maliani hanno trasferito tra i 486,7 e i 280 miliardi di franchi CFA ( circa 2.000.000 di euro)<\/p>\n<p><strong>Le conseguenze dell&#8217;emigrazione<\/strong><\/p>\n<p>&#8211; Il settore agricolo soffre della mancanza di manodopera.<\/p>\n<p>&#8211; Povert\u00e0, disoccupazione e malnutrizione diventano l&#8217;esperienza quotidiana della popolazione.<\/p>\n<p>&#8211; Traffico di esseri umani e commerciale, matrimoni forzati, lavoro minorile, schiavit\u00f9 indigena e altre manifestazioni.<\/p>\n<p>Infine, va notato che molti giovani perdono la vita nel tentativo di raggiungere l&#8217;Europa nel deserto o nel Mediterraneo e un gran numero di loro finisce per rassegnarsi al fatto compiuto rimanendo illegalmente nei Paesi di transito (Algeria, Marocco o Libia).<\/p>\n<p><strong>Conclusione<\/strong><\/p>\n<p>Dal nostro punto di vista, la migrazione ha ormai una proporzione tale per cui i respingimenti e la repressione, cos\u00ec come il loro corollario di tragedie, non possono pi\u00f9 arrestare i flussi migratori che hanno ormai raggiunto un livello permanente.<\/p>\n<p>I governi africani devono ripensare la governance dei loro Paesi adattando le politiche alla realt\u00e0 e ai valori della societ\u00e0.<\/p>\n<p>Questa politica deve essere supportata da una reale appropriazione da parte degli Stati delle risorse minerarie a loro disposizione. (ancora delle mani dei paesi colonizzatori)<\/p>\n<p>I governi occidentali devono cambiare il loro paradigma in termini di cooperazione e di aiuti allo sviluppo per l&#8217;Africa: gli aiuti devono rispondere ai reali bisogni e alle preoccupazioni dei Paesi beneficiari, per liberarli definitivamente dall&#8217;assistenza permanente.<\/p>\n<p>&nbsp;<\/p>\n<p>&nbsp;<\/p>\n<p>&nbsp;<\/p>\n<p>&nbsp;<\/p>\n<p>&nbsp;<\/p>\n<p>&nbsp;<\/p>\n","protected":false},"excerpt":{"rendered":"<p>Sabato 15 ottobre a Milano in Via Mosso 3 Abarek\u00e0 Nandree ha festeggiato\u00a0i suoi primi 20 anni di attivit\u00e0, con la partecipazione di circa duecento persone. Sono pervenute molte note di ringraziamento da parte delle autorit\u00e0 e dei rappresentanti della&hellip;<\/p>\n","protected":false},"author":1722,"featured_media":1688530,"comment_status":"closed","ping_status":"closed","sticky":false,"template":"","format":"standard","meta":{"footnotes":""},"categories":[45,11388,47,54572],"tags":[45268,16570,106752,23845,1782,1549],"class_list":["post-1688529","post","type-post","status-publish","format-standard","has-post-thumbnail","hentry","category-africa-it","category-contenuti-originali","category-europa","category-migranti","tag-abareka","tag-flussi-migratori","tag-gaoussou-bathily","tag-governi","tag-mali-it","tag-poverta"],"yoast_head":"<!-- This site is optimized with the Yoast SEO plugin v27.1.1 - https:\/\/yoast.com\/product\/yoast-seo-wordpress\/ -->\n<title>Le migrazioni nel Sahel e in Mali<\/title>\n<meta name=\"description\" content=\"Sabato 15 ottobre a Milano in Via Mosso 3 Abarek\u00e0 Nandree ha festeggiato\u00a0i suoi primi 20 anni di attivit\u00e0, con la partecipazione di circa duecento\" \/>\n<meta name=\"robots\" content=\"index, follow, max-snippet:-1, max-image-preview:large, max-video-preview:-1\" \/>\n<link rel=\"canonical\" href=\"https:\/\/www.pressenza.com\/it\/2022\/10\/le-migrazioni-nel-sahel-e-in-mali\/\" \/>\n<meta property=\"og:locale\" content=\"it_IT\" \/>\n<meta property=\"og:type\" content=\"article\" \/>\n<meta property=\"og:title\" content=\"Le migrazioni nel Sahel e in Mali\" \/>\n<meta property=\"og:description\" content=\"Sabato 15 ottobre a Milano in Via Mosso 3 Abarek\u00e0 Nandree ha festeggiato\u00a0i suoi primi 20 anni di attivit\u00e0, con la partecipazione di circa duecento\" \/>\n<meta property=\"og:url\" content=\"https:\/\/www.pressenza.com\/it\/2022\/10\/le-migrazioni-nel-sahel-e-in-mali\/\" \/>\n<meta property=\"og:site_name\" content=\"Pressenza\" \/>\n<meta property=\"article:publisher\" content=\"https:\/\/www.facebook.com\/PressenzaItalia\" \/>\n<meta property=\"article:published_time\" content=\"2022-10-23T20:16:03+00:00\" \/>\n<meta property=\"article:modified_time\" content=\"2022-10-23T20:19:40+00:00\" \/>\n<meta property=\"og:image\" content=\"https:\/\/www.pressenza.com\/wp-content\/uploads\/2022\/10\/festa-Abareka-oratori.jpg\" \/>\n\t<meta property=\"og:image:width\" content=\"1600\" \/>\n\t<meta property=\"og:image:height\" content=\"1200\" \/>\n\t<meta property=\"og:image:type\" content=\"image\/jpeg\" \/>\n<meta name=\"author\" content=\"Redazione Milano\" \/>\n<meta name=\"twitter:card\" content=\"summary_large_image\" \/>\n<meta name=\"twitter:creator\" content=\"@PressenzaIPA\" \/>\n<meta name=\"twitter:site\" content=\"@PressenzaIPA\" \/>\n<meta name=\"twitter:label1\" content=\"Scritto da\" \/>\n\t<meta name=\"twitter:data1\" content=\"Redazione Milano\" \/>\n\t<meta name=\"twitter:label2\" content=\"Tempo di lettura stimato\" \/>\n\t<meta name=\"twitter:data2\" content=\"8 minuti\" \/>\n<script type=\"application\/ld+json\" class=\"yoast-schema-graph\">{\"@context\":\"https:\/\/schema.org\",\"@graph\":[{\"@type\":\"Article\",\"@id\":\"https:\/\/www.pressenza.com\/it\/2022\/10\/le-migrazioni-nel-sahel-e-in-mali\/#article\",\"isPartOf\":{\"@id\":\"https:\/\/www.pressenza.com\/it\/2022\/10\/le-migrazioni-nel-sahel-e-in-mali\/\"},\"author\":{\"name\":\"Redazione Milano\",\"@id\":\"https:\/\/www.pressenza.com\/it\/#\/schema\/person\/746fc8cdd6c8e3d918fb5714b3583e41\"},\"headline\":\"Le migrazioni nel Sahel e in Mali\",\"datePublished\":\"2022-10-23T20:16:03+00:00\",\"dateModified\":\"2022-10-23T20:19:40+00:00\",\"mainEntityOfPage\":{\"@id\":\"https:\/\/www.pressenza.com\/it\/2022\/10\/le-migrazioni-nel-sahel-e-in-mali\/\"},\"wordCount\":1260,\"publisher\":{\"@id\":\"https:\/\/www.pressenza.com\/it\/#organization\"},\"image\":{\"@id\":\"https:\/\/www.pressenza.com\/it\/2022\/10\/le-migrazioni-nel-sahel-e-in-mali\/#primaryimage\"},\"thumbnailUrl\":\"https:\/\/www.pressenza.com\/wp-content\/uploads\/2022\/10\/festa-Abareka-oratori.jpg\",\"keywords\":[\"Abarek\u00e0\",\"flussi migratori\",\"Gaoussou Bathily\",\"governi\",\"Mali\",\"povert\u00e0\"],\"articleSection\":[\"Africa\",\"contenuti originali\",\"Europa\",\"Migranti\"],\"inLanguage\":\"it-IT\"},{\"@type\":\"WebPage\",\"@id\":\"https:\/\/www.pressenza.com\/it\/2022\/10\/le-migrazioni-nel-sahel-e-in-mali\/\",\"url\":\"https:\/\/www.pressenza.com\/it\/2022\/10\/le-migrazioni-nel-sahel-e-in-mali\/\",\"name\":\"Le migrazioni nel Sahel e in Mali\",\"isPartOf\":{\"@id\":\"https:\/\/www.pressenza.com\/it\/#website\"},\"primaryImageOfPage\":{\"@id\":\"https:\/\/www.pressenza.com\/it\/2022\/10\/le-migrazioni-nel-sahel-e-in-mali\/#primaryimage\"},\"image\":{\"@id\":\"https:\/\/www.pressenza.com\/it\/2022\/10\/le-migrazioni-nel-sahel-e-in-mali\/#primaryimage\"},\"thumbnailUrl\":\"https:\/\/www.pressenza.com\/wp-content\/uploads\/2022\/10\/festa-Abareka-oratori.jpg\",\"datePublished\":\"2022-10-23T20:16:03+00:00\",\"dateModified\":\"2022-10-23T20:19:40+00:00\",\"description\":\"Sabato 15 ottobre a Milano in Via Mosso 3 Abarek\u00e0 Nandree ha festeggiato\u00a0i suoi primi 20 anni di attivit\u00e0, con la partecipazione di circa duecento\",\"breadcrumb\":{\"@id\":\"https:\/\/www.pressenza.com\/it\/2022\/10\/le-migrazioni-nel-sahel-e-in-mali\/#breadcrumb\"},\"inLanguage\":\"it-IT\",\"potentialAction\":[{\"@type\":\"ReadAction\",\"target\":[\"https:\/\/www.pressenza.com\/it\/2022\/10\/le-migrazioni-nel-sahel-e-in-mali\/\"]}]},{\"@type\":\"ImageObject\",\"inLanguage\":\"it-IT\",\"@id\":\"https:\/\/www.pressenza.com\/it\/2022\/10\/le-migrazioni-nel-sahel-e-in-mali\/#primaryimage\",\"url\":\"https:\/\/www.pressenza.com\/wp-content\/uploads\/2022\/10\/festa-Abareka-oratori.jpg\",\"contentUrl\":\"https:\/\/www.pressenza.com\/wp-content\/uploads\/2022\/10\/festa-Abareka-oratori.jpg\",\"width\":1600,\"height\":1200},{\"@type\":\"BreadcrumbList\",\"@id\":\"https:\/\/www.pressenza.com\/it\/2022\/10\/le-migrazioni-nel-sahel-e-in-mali\/#breadcrumb\",\"itemListElement\":[{\"@type\":\"ListItem\",\"position\":1,\"name\":\"Accueil\",\"item\":\"https:\/\/www.pressenza.com\/it\/\"},{\"@type\":\"ListItem\",\"position\":2,\"name\":\"Le migrazioni nel Sahel e in Mali\"}]},{\"@type\":\"WebSite\",\"@id\":\"https:\/\/www.pressenza.com\/it\/#website\",\"url\":\"https:\/\/www.pressenza.com\/it\/\",\"name\":\"Pressenza\",\"description\":\"Agenzia di Stampa Internazionale\",\"publisher\":{\"@id\":\"https:\/\/www.pressenza.com\/it\/#organization\"},\"potentialAction\":[{\"@type\":\"SearchAction\",\"target\":{\"@type\":\"EntryPoint\",\"urlTemplate\":\"https:\/\/www.pressenza.com\/it\/?s={search_term_string}\"},\"query-input\":{\"@type\":\"PropertyValueSpecification\",\"valueRequired\":true,\"valueName\":\"search_term_string\"}}],\"inLanguage\":\"it-IT\"},{\"@type\":\"Organization\",\"@id\":\"https:\/\/www.pressenza.com\/it\/#organization\",\"name\":\"Pressenza\",\"url\":\"https:\/\/www.pressenza.com\/it\/\",\"logo\":{\"@type\":\"ImageObject\",\"inLanguage\":\"it-IT\",\"@id\":\"https:\/\/www.pressenza.com\/it\/#\/schema\/logo\/image\/\",\"url\":\"https:\/\/www.pressenza.com\/wp-content\/uploads\/2022\/10\/pressenza_logo_200x200.jpg\",\"contentUrl\":\"https:\/\/www.pressenza.com\/wp-content\/uploads\/2022\/10\/pressenza_logo_200x200.jpg\",\"width\":200,\"height\":200,\"caption\":\"Pressenza\"},\"image\":{\"@id\":\"https:\/\/www.pressenza.com\/it\/#\/schema\/logo\/image\/\"},\"sameAs\":[\"https:\/\/www.facebook.com\/PressenzaItalia\",\"https:\/\/x.com\/PressenzaIPA\"]},{\"@type\":\"Person\",\"@id\":\"https:\/\/www.pressenza.com\/it\/#\/schema\/person\/746fc8cdd6c8e3d918fb5714b3583e41\",\"name\":\"Redazione Milano\",\"description\":\"News from the Pressenza Bureau in Milan, Italy\",\"url\":\"https:\/\/www.pressenza.com\/it\/author\/redazione-milano\/\"}]}<\/script>\n<!-- \/ Yoast SEO plugin. -->","yoast_head_json":{"title":"Le migrazioni nel Sahel e in Mali","description":"Sabato 15 ottobre a Milano in Via Mosso 3 Abarek\u00e0 Nandree ha festeggiato\u00a0i suoi primi 20 anni di attivit\u00e0, con la partecipazione di circa duecento","robots":{"index":"index","follow":"follow","max-snippet":"max-snippet:-1","max-image-preview":"max-image-preview:large","max-video-preview":"max-video-preview:-1"},"canonical":"https:\/\/www.pressenza.com\/it\/2022\/10\/le-migrazioni-nel-sahel-e-in-mali\/","og_locale":"it_IT","og_type":"article","og_title":"Le migrazioni nel Sahel e in Mali","og_description":"Sabato 15 ottobre a Milano in Via Mosso 3 Abarek\u00e0 Nandree ha festeggiato\u00a0i suoi primi 20 anni di attivit\u00e0, con la partecipazione di circa duecento","og_url":"https:\/\/www.pressenza.com\/it\/2022\/10\/le-migrazioni-nel-sahel-e-in-mali\/","og_site_name":"Pressenza","article_publisher":"https:\/\/www.facebook.com\/PressenzaItalia","article_published_time":"2022-10-23T20:16:03+00:00","article_modified_time":"2022-10-23T20:19:40+00:00","og_image":[{"width":1600,"height":1200,"url":"https:\/\/www.pressenza.com\/wp-content\/uploads\/2022\/10\/festa-Abareka-oratori.jpg","type":"image\/jpeg"}],"author":"Redazione Milano","twitter_card":"summary_large_image","twitter_creator":"@PressenzaIPA","twitter_site":"@PressenzaIPA","twitter_misc":{"Scritto da":"Redazione Milano","Tempo di lettura stimato":"8 minuti"},"schema":{"@context":"https:\/\/schema.org","@graph":[{"@type":"Article","@id":"https:\/\/www.pressenza.com\/it\/2022\/10\/le-migrazioni-nel-sahel-e-in-mali\/#article","isPartOf":{"@id":"https:\/\/www.pressenza.com\/it\/2022\/10\/le-migrazioni-nel-sahel-e-in-mali\/"},"author":{"name":"Redazione Milano","@id":"https:\/\/www.pressenza.com\/it\/#\/schema\/person\/746fc8cdd6c8e3d918fb5714b3583e41"},"headline":"Le migrazioni nel Sahel e in Mali","datePublished":"2022-10-23T20:16:03+00:00","dateModified":"2022-10-23T20:19:40+00:00","mainEntityOfPage":{"@id":"https:\/\/www.pressenza.com\/it\/2022\/10\/le-migrazioni-nel-sahel-e-in-mali\/"},"wordCount":1260,"publisher":{"@id":"https:\/\/www.pressenza.com\/it\/#organization"},"image":{"@id":"https:\/\/www.pressenza.com\/it\/2022\/10\/le-migrazioni-nel-sahel-e-in-mali\/#primaryimage"},"thumbnailUrl":"https:\/\/www.pressenza.com\/wp-content\/uploads\/2022\/10\/festa-Abareka-oratori.jpg","keywords":["Abarek\u00e0","flussi migratori","Gaoussou Bathily","governi","Mali","povert\u00e0"],"articleSection":["Africa","contenuti originali","Europa","Migranti"],"inLanguage":"it-IT"},{"@type":"WebPage","@id":"https:\/\/www.pressenza.com\/it\/2022\/10\/le-migrazioni-nel-sahel-e-in-mali\/","url":"https:\/\/www.pressenza.com\/it\/2022\/10\/le-migrazioni-nel-sahel-e-in-mali\/","name":"Le migrazioni nel Sahel e in Mali","isPartOf":{"@id":"https:\/\/www.pressenza.com\/it\/#website"},"primaryImageOfPage":{"@id":"https:\/\/www.pressenza.com\/it\/2022\/10\/le-migrazioni-nel-sahel-e-in-mali\/#primaryimage"},"image":{"@id":"https:\/\/www.pressenza.com\/it\/2022\/10\/le-migrazioni-nel-sahel-e-in-mali\/#primaryimage"},"thumbnailUrl":"https:\/\/www.pressenza.com\/wp-content\/uploads\/2022\/10\/festa-Abareka-oratori.jpg","datePublished":"2022-10-23T20:16:03+00:00","dateModified":"2022-10-23T20:19:40+00:00","description":"Sabato 15 ottobre a Milano in Via Mosso 3 Abarek\u00e0 Nandree ha festeggiato\u00a0i suoi primi 20 anni di attivit\u00e0, con la partecipazione di circa duecento","breadcrumb":{"@id":"https:\/\/www.pressenza.com\/it\/2022\/10\/le-migrazioni-nel-sahel-e-in-mali\/#breadcrumb"},"inLanguage":"it-IT","potentialAction":[{"@type":"ReadAction","target":["https:\/\/www.pressenza.com\/it\/2022\/10\/le-migrazioni-nel-sahel-e-in-mali\/"]}]},{"@type":"ImageObject","inLanguage":"it-IT","@id":"https:\/\/www.pressenza.com\/it\/2022\/10\/le-migrazioni-nel-sahel-e-in-mali\/#primaryimage","url":"https:\/\/www.pressenza.com\/wp-content\/uploads\/2022\/10\/festa-Abareka-oratori.jpg","contentUrl":"https:\/\/www.pressenza.com\/wp-content\/uploads\/2022\/10\/festa-Abareka-oratori.jpg","width":1600,"height":1200},{"@type":"BreadcrumbList","@id":"https:\/\/www.pressenza.com\/it\/2022\/10\/le-migrazioni-nel-sahel-e-in-mali\/#breadcrumb","itemListElement":[{"@type":"ListItem","position":1,"name":"Accueil","item":"https:\/\/www.pressenza.com\/it\/"},{"@type":"ListItem","position":2,"name":"Le migrazioni nel Sahel e in Mali"}]},{"@type":"WebSite","@id":"https:\/\/www.pressenza.com\/it\/#website","url":"https:\/\/www.pressenza.com\/it\/","name":"Pressenza","description":"Agenzia di Stampa Internazionale","publisher":{"@id":"https:\/\/www.pressenza.com\/it\/#organization"},"potentialAction":[{"@type":"SearchAction","target":{"@type":"EntryPoint","urlTemplate":"https:\/\/www.pressenza.com\/it\/?s={search_term_string}"},"query-input":{"@type":"PropertyValueSpecification","valueRequired":true,"valueName":"search_term_string"}}],"inLanguage":"it-IT"},{"@type":"Organization","@id":"https:\/\/www.pressenza.com\/it\/#organization","name":"Pressenza","url":"https:\/\/www.pressenza.com\/it\/","logo":{"@type":"ImageObject","inLanguage":"it-IT","@id":"https:\/\/www.pressenza.com\/it\/#\/schema\/logo\/image\/","url":"https:\/\/www.pressenza.com\/wp-content\/uploads\/2022\/10\/pressenza_logo_200x200.jpg","contentUrl":"https:\/\/www.pressenza.com\/wp-content\/uploads\/2022\/10\/pressenza_logo_200x200.jpg","width":200,"height":200,"caption":"Pressenza"},"image":{"@id":"https:\/\/www.pressenza.com\/it\/#\/schema\/logo\/image\/"},"sameAs":["https:\/\/www.facebook.com\/PressenzaItalia","https:\/\/x.com\/PressenzaIPA"]},{"@type":"Person","@id":"https:\/\/www.pressenza.com\/it\/#\/schema\/person\/746fc8cdd6c8e3d918fb5714b3583e41","name":"Redazione Milano","description":"News from the Pressenza Bureau in Milan, Italy","url":"https:\/\/www.pressenza.com\/it\/author\/redazione-milano\/"}]}},"place":"","original_article_url":"","_links":{"self":[{"href":"https:\/\/www.pressenza.com\/it\/wp-json\/wp\/v2\/posts\/1688529","targetHints":{"allow":["GET"]}}],"collection":[{"href":"https:\/\/www.pressenza.com\/it\/wp-json\/wp\/v2\/posts"}],"about":[{"href":"https:\/\/www.pressenza.com\/it\/wp-json\/wp\/v2\/types\/post"}],"author":[{"embeddable":true,"href":"https:\/\/www.pressenza.com\/it\/wp-json\/wp\/v2\/users\/1722"}],"replies":[{"embeddable":true,"href":"https:\/\/www.pressenza.com\/it\/wp-json\/wp\/v2\/comments?post=1688529"}],"version-history":[{"count":0,"href":"https:\/\/www.pressenza.com\/it\/wp-json\/wp\/v2\/posts\/1688529\/revisions"}],"wp:featuredmedia":[{"embeddable":true,"href":"https:\/\/www.pressenza.com\/it\/wp-json\/wp\/v2\/media\/1688530"}],"wp:attachment":[{"href":"https:\/\/www.pressenza.com\/it\/wp-json\/wp\/v2\/media?parent=1688529"}],"wp:term":[{"taxonomy":"category","embeddable":true,"href":"https:\/\/www.pressenza.com\/it\/wp-json\/wp\/v2\/categories?post=1688529"},{"taxonomy":"post_tag","embeddable":true,"href":"https:\/\/www.pressenza.com\/it\/wp-json\/wp\/v2\/tags?post=1688529"}],"curies":[{"name":"wp","href":"https:\/\/api.w.org\/{rel}","templated":true}]}}