{"id":1686621,"date":"2022-10-21T14:50:41","date_gmt":"2022-10-21T13:50:41","guid":{"rendered":"https:\/\/www.pressenza.com\/?p=1686621"},"modified":"2022-10-21T14:51:41","modified_gmt":"2022-10-21T13:51:41","slug":"brescia-il-piu-alto-livello-di-inquinamento-dellaria-in-europa-e-il-piu-alto-numero-di-decessi-per-smog","status":"publish","type":"post","link":"https:\/\/www.pressenza.com\/it\/2022\/10\/brescia-il-piu-alto-livello-di-inquinamento-dellaria-in-europa-e-il-piu-alto-numero-di-decessi-per-smog\/","title":{"rendered":"Brescia, il pi\u00f9 alto livello di inquinamento dell&#8217;aria in Europa e il pi\u00f9 alto numero di decessi per smog"},"content":{"rendered":"<p>Nonostante sia ampiamente risaputo che la citt\u00e0 di Brescia \u00e8 tra le aree con il pi\u00f9 alto livello di inquinamento dell&#8217;aria in Europa e con il pi\u00f9 alto numero di decessi conseguenti allo smog, continuano a salire i valori delle PM2,5 e delle PM10, quest&#8217;anno addirittura dal mese di ottobre.\u00a0Viene inoltre superato di non poco il limite dei 35 giorni di esuberi di PM10 che consentivano di non dover incorrere nelle sanzioni economiche previste dall&#8217;Unione Europea.<\/p>\n<p>Ancora una volta siamo tornati a essere\u00a0fuorilegge senza che venissero adottate misure di contenimento tali che l&#8217;ambiente urbano e la salute della popolazione venissero salvaguardati. Le responsabilit\u00e0 della Giunta Comunale fanno cos\u00ec il paio con quelle\u00a0della Regione, nel momento in cui altre citt\u00e0 lombarde seguono la situazione di Brescia, condividendone la pericolosit\u00e0. A questo punto, solo la consapevole mobilitazione delle cittadine e dei cittadini di Brescia e dei Comuni attigui pu\u00f2 fermare chi in modo sistematico ci mette nella condizione di fragilit\u00e0.<\/p>\n<p>Di conseguenza si acuiscono i casi di aggravamento della salute, riconducibili all&#8217;inquinamento atmosferico: malattie polmonari, cardiache, allergie e asma, neoplasie e tumori della pelle; non da ultima la possibilit\u00e0 di contrarre pi\u00f9 facilmente i coronavirus.\u00a0Proprio su quest&#8217;ultimo punto \u00e8 utile ricordare che l\u2019Organizzazione Mondiale della Sanit\u00e0 ha ulteriormente modificato nel 2021 i livelli obiettivo di concentrazione rispetto al 2006:<\/p>\n<ul>\n<li>PM 10: il valore annuale passa da 20 a 15 \u00b5g\/m\u00b3, quello sulle 24 ore da 50 a 45 \u00b5g\/m\u00b3<\/li>\n<li>PM 2,5: il valore annuale passa da 10 a 5 \u00b5g\/m\u00b3, quello sulle 24 ore da 25 a 15 \u00b5g\/m\u00b3<\/li>\n<li>Biossido di azoto: il valore annuale passa da 40 a 10 \u00b5g\/m\u00b3 e viene introdotto un valore sulle 24 ore pari a 25 \u00b5g\/m\u00b3<\/li>\n<li>Ozono: si introduce un valore per il picco stagionale pari a 60 \u00b5g\/m\u00b3<\/li>\n<li>Biossido di zolfo: il valore sulle 24 ore passa da 20 a 40 \u00b5g\/m\u00b3<\/li>\n<li>Monossido di carbonio: si introduce un valore sulle 24 ore pari a 4 \u00b5g\/m\u00b3<\/li>\n<\/ul>\n<p>Per ciascun inquinante, sono stati anche aggiornati gli obiettivi intermedi, ovvero i livelli di inquinanti atmosferici superiori ai valori guida, che i governi di aree altamente inquinate possono utilizzare per sviluppare politiche di riduzione dell&#8217;inquinamento realizzabili in tempi realistici. Gli obiettivi intermedi dovrebbero essere considerati come steps verso il raggiungimento finale dei valori guida. Rimangono naturalmente validi i valori guida o valori di riferimento precedenti che non sono stati modificati nella versione 2021.<\/p>\n<p>In conseguenza di tutto ci\u00f2 il <strong>Tavolo Provinciale Basta Veleni<\/strong> chiede che le istituzioni, le realt\u00e0 sociali e le popolazioni locali facciano la propria parte senza pi\u00f9 indugi.<\/p>\n<p>Il Gruppo di lavoro sulla qualit\u00e0 dell&#8217;aria di Basta Veleni:<\/p>\n<p>Maurizio Bresciani, Cesare Giovanardi, Pietro Zanotti, Stefania Baiguera,<\/p>\n<p>Francesco Catalano, Cesare Laconi, Carmine Piccolo, Luciano Rodella.<\/p>\n<p>&nbsp;<\/p>\n","protected":false},"excerpt":{"rendered":"<p>Nonostante sia ampiamente risaputo che la citt\u00e0 di Brescia \u00e8 tra le aree con il pi\u00f9 alto livello di inquinamento dell&#8217;aria in Europa e con il pi\u00f9 alto numero di decessi conseguenti allo smog, continuano a salire i valori delle&hellip;<\/p>\n","protected":false},"author":1969,"featured_media":1686622,"comment_status":"closed","ping_status":"closed","sticky":false,"template":"","format":"standard","meta":{"footnotes":""},"categories":[150,59,47,1259],"tags":[6022,178,6637,106697],"class_list":["post-1686621","post","type-post","status-publish","format-standard","has-post-thumbnail","hentry","category-comunicati-stampa","category-ambiente-ecologia","category-europa","category-salute-argomento","tag-brescia","tag-inquinamento","tag-malattie","tag-tavolo-provinciale-basta-veleni"],"yoast_head":"<!-- This site is optimized with the Yoast SEO plugin v27.1.1 - https:\/\/yoast.com\/product\/yoast-seo-wordpress\/ -->\n<title>Brescia, il pi\u00f9 alto livello di inquinamento dell&#039;aria in Europa e il pi\u00f9 alto numero di decessi per smog<\/title>\n<meta name=\"description\" content=\"Nonostante sia ampiamente risaputo che la citt\u00e0 di Brescia \u00e8 tra le aree con il pi\u00f9 alto livello di inquinamento dell&#039;aria in Europa e con il pi\u00f9 alto\" \/>\n<meta name=\"robots\" content=\"index, follow, max-snippet:-1, max-image-preview:large, max-video-preview:-1\" \/>\n<link rel=\"canonical\" href=\"https:\/\/www.pressenza.com\/it\/2022\/10\/brescia-il-piu-alto-livello-di-inquinamento-dellaria-in-europa-e-il-piu-alto-numero-di-decessi-per-smog\/\" \/>\n<meta property=\"og:locale\" content=\"it_IT\" \/>\n<meta property=\"og:type\" content=\"article\" \/>\n<meta property=\"og:title\" content=\"Brescia, il pi\u00f9 alto livello di inquinamento dell&#039;aria in Europa e il pi\u00f9 alto numero di decessi per smog\" \/>\n<meta property=\"og:description\" content=\"Nonostante sia ampiamente risaputo che la citt\u00e0 di Brescia \u00e8 tra le aree con il pi\u00f9 alto livello di inquinamento dell&#039;aria in Europa e con il pi\u00f9 alto\" \/>\n<meta property=\"og:url\" content=\"https:\/\/www.pressenza.com\/it\/2022\/10\/brescia-il-piu-alto-livello-di-inquinamento-dellaria-in-europa-e-il-piu-alto-numero-di-decessi-per-smog\/\" \/>\n<meta property=\"og:site_name\" content=\"Pressenza\" \/>\n<meta property=\"article:publisher\" content=\"https:\/\/www.facebook.com\/PressenzaItalia\" \/>\n<meta property=\"article:published_time\" content=\"2022-10-21T13:50:41+00:00\" \/>\n<meta property=\"article:modified_time\" content=\"2022-10-21T13:51:41+00:00\" \/>\n<meta property=\"og:image\" content=\"https:\/\/www.pressenza.com\/wp-content\/uploads\/2022\/10\/marcia-Basta-veleni.jpg\" \/>\n\t<meta property=\"og:image:width\" content=\"1920\" \/>\n\t<meta property=\"og:image:height\" content=\"1285\" \/>\n\t<meta property=\"og:image:type\" content=\"image\/jpeg\" \/>\n<meta name=\"author\" content=\"Redazione Sebino Franciacorta\" \/>\n<meta name=\"twitter:card\" content=\"summary_large_image\" \/>\n<meta name=\"twitter:creator\" content=\"@PressenzaIPA\" \/>\n<meta name=\"twitter:site\" content=\"@PressenzaIPA\" \/>\n<meta name=\"twitter:label1\" content=\"Scritto da\" \/>\n\t<meta name=\"twitter:data1\" content=\"Redazione Sebino Franciacorta\" \/>\n\t<meta name=\"twitter:label2\" content=\"Tempo di lettura stimato\" \/>\n\t<meta name=\"twitter:data2\" content=\"2 minuti\" \/>\n<script type=\"application\/ld+json\" class=\"yoast-schema-graph\">{\"@context\":\"https:\/\/schema.org\",\"@graph\":[{\"@type\":\"Article\",\"@id\":\"https:\/\/www.pressenza.com\/it\/2022\/10\/brescia-il-piu-alto-livello-di-inquinamento-dellaria-in-europa-e-il-piu-alto-numero-di-decessi-per-smog\/#article\",\"isPartOf\":{\"@id\":\"https:\/\/www.pressenza.com\/it\/2022\/10\/brescia-il-piu-alto-livello-di-inquinamento-dellaria-in-europa-e-il-piu-alto-numero-di-decessi-per-smog\/\"},\"author\":{\"name\":\"Redazione Sebino Franciacorta\",\"@id\":\"https:\/\/www.pressenza.com\/it\/#\/schema\/person\/9ec653259bb79d6ea2255fd80043dc9c\"},\"headline\":\"Brescia, il pi\u00f9 alto livello di inquinamento dell&#8217;aria in Europa e il pi\u00f9 alto numero di decessi per smog\",\"datePublished\":\"2022-10-21T13:50:41+00:00\",\"dateModified\":\"2022-10-21T13:51:41+00:00\",\"mainEntityOfPage\":{\"@id\":\"https:\/\/www.pressenza.com\/it\/2022\/10\/brescia-il-piu-alto-livello-di-inquinamento-dellaria-in-europa-e-il-piu-alto-numero-di-decessi-per-smog\/\"},\"wordCount\":464,\"publisher\":{\"@id\":\"https:\/\/www.pressenza.com\/it\/#organization\"},\"image\":{\"@id\":\"https:\/\/www.pressenza.com\/it\/2022\/10\/brescia-il-piu-alto-livello-di-inquinamento-dellaria-in-europa-e-il-piu-alto-numero-di-decessi-per-smog\/#primaryimage\"},\"thumbnailUrl\":\"https:\/\/www.pressenza.com\/wp-content\/uploads\/2022\/10\/marcia-Basta-veleni.jpg\",\"keywords\":[\"Brescia\",\"inquinamento\",\"malattie\",\"Tavolo Provinciale Basta Veleni\"],\"articleSection\":[\"Comunicati Stampa\",\"Ecologia ed Ambiente\",\"Europa\",\"Salute\"],\"inLanguage\":\"it-IT\"},{\"@type\":\"WebPage\",\"@id\":\"https:\/\/www.pressenza.com\/it\/2022\/10\/brescia-il-piu-alto-livello-di-inquinamento-dellaria-in-europa-e-il-piu-alto-numero-di-decessi-per-smog\/\",\"url\":\"https:\/\/www.pressenza.com\/it\/2022\/10\/brescia-il-piu-alto-livello-di-inquinamento-dellaria-in-europa-e-il-piu-alto-numero-di-decessi-per-smog\/\",\"name\":\"Brescia, il pi\u00f9 alto livello di inquinamento dell'aria in Europa e il pi\u00f9 alto numero di decessi per smog\",\"isPartOf\":{\"@id\":\"https:\/\/www.pressenza.com\/it\/#website\"},\"primaryImageOfPage\":{\"@id\":\"https:\/\/www.pressenza.com\/it\/2022\/10\/brescia-il-piu-alto-livello-di-inquinamento-dellaria-in-europa-e-il-piu-alto-numero-di-decessi-per-smog\/#primaryimage\"},\"image\":{\"@id\":\"https:\/\/www.pressenza.com\/it\/2022\/10\/brescia-il-piu-alto-livello-di-inquinamento-dellaria-in-europa-e-il-piu-alto-numero-di-decessi-per-smog\/#primaryimage\"},\"thumbnailUrl\":\"https:\/\/www.pressenza.com\/wp-content\/uploads\/2022\/10\/marcia-Basta-veleni.jpg\",\"datePublished\":\"2022-10-21T13:50:41+00:00\",\"dateModified\":\"2022-10-21T13:51:41+00:00\",\"description\":\"Nonostante sia ampiamente risaputo che la citt\u00e0 di Brescia \u00e8 tra le aree con il pi\u00f9 alto livello di inquinamento dell'aria in Europa e con il pi\u00f9 alto\",\"breadcrumb\":{\"@id\":\"https:\/\/www.pressenza.com\/it\/2022\/10\/brescia-il-piu-alto-livello-di-inquinamento-dellaria-in-europa-e-il-piu-alto-numero-di-decessi-per-smog\/#breadcrumb\"},\"inLanguage\":\"it-IT\",\"potentialAction\":[{\"@type\":\"ReadAction\",\"target\":[\"https:\/\/www.pressenza.com\/it\/2022\/10\/brescia-il-piu-alto-livello-di-inquinamento-dellaria-in-europa-e-il-piu-alto-numero-di-decessi-per-smog\/\"]}]},{\"@type\":\"ImageObject\",\"inLanguage\":\"it-IT\",\"@id\":\"https:\/\/www.pressenza.com\/it\/2022\/10\/brescia-il-piu-alto-livello-di-inquinamento-dellaria-in-europa-e-il-piu-alto-numero-di-decessi-per-smog\/#primaryimage\",\"url\":\"https:\/\/www.pressenza.com\/wp-content\/uploads\/2022\/10\/marcia-Basta-veleni.jpg\",\"contentUrl\":\"https:\/\/www.pressenza.com\/wp-content\/uploads\/2022\/10\/marcia-Basta-veleni.jpg\",\"width\":1920,\"height\":1285},{\"@type\":\"BreadcrumbList\",\"@id\":\"https:\/\/www.pressenza.com\/it\/2022\/10\/brescia-il-piu-alto-livello-di-inquinamento-dellaria-in-europa-e-il-piu-alto-numero-di-decessi-per-smog\/#breadcrumb\",\"itemListElement\":[{\"@type\":\"ListItem\",\"position\":1,\"name\":\"Accueil\",\"item\":\"https:\/\/www.pressenza.com\/it\/\"},{\"@type\":\"ListItem\",\"position\":2,\"name\":\"Brescia, il pi\u00f9 alto livello di inquinamento dell&#8217;aria in Europa e il pi\u00f9 alto numero di decessi per smog\"}]},{\"@type\":\"WebSite\",\"@id\":\"https:\/\/www.pressenza.com\/it\/#website\",\"url\":\"https:\/\/www.pressenza.com\/it\/\",\"name\":\"Pressenza\",\"description\":\"Agenzia di Stampa Internazionale\",\"publisher\":{\"@id\":\"https:\/\/www.pressenza.com\/it\/#organization\"},\"potentialAction\":[{\"@type\":\"SearchAction\",\"target\":{\"@type\":\"EntryPoint\",\"urlTemplate\":\"https:\/\/www.pressenza.com\/it\/?s={search_term_string}\"},\"query-input\":{\"@type\":\"PropertyValueSpecification\",\"valueRequired\":true,\"valueName\":\"search_term_string\"}}],\"inLanguage\":\"it-IT\"},{\"@type\":\"Organization\",\"@id\":\"https:\/\/www.pressenza.com\/it\/#organization\",\"name\":\"Pressenza\",\"url\":\"https:\/\/www.pressenza.com\/it\/\",\"logo\":{\"@type\":\"ImageObject\",\"inLanguage\":\"it-IT\",\"@id\":\"https:\/\/www.pressenza.com\/it\/#\/schema\/logo\/image\/\",\"url\":\"https:\/\/www.pressenza.com\/wp-content\/uploads\/2022\/10\/pressenza_logo_200x200.jpg\",\"contentUrl\":\"https:\/\/www.pressenza.com\/wp-content\/uploads\/2022\/10\/pressenza_logo_200x200.jpg\",\"width\":200,\"height\":200,\"caption\":\"Pressenza\"},\"image\":{\"@id\":\"https:\/\/www.pressenza.com\/it\/#\/schema\/logo\/image\/\"},\"sameAs\":[\"https:\/\/www.facebook.com\/PressenzaItalia\",\"https:\/\/x.com\/PressenzaIPA\"]},{\"@type\":\"Person\",\"@id\":\"https:\/\/www.pressenza.com\/it\/#\/schema\/person\/9ec653259bb79d6ea2255fd80043dc9c\",\"name\":\"Redazione Sebino Franciacorta\",\"url\":\"https:\/\/www.pressenza.com\/it\/author\/redazione-sebino-franciacorta\/\"}]}<\/script>\n<!-- \/ Yoast SEO plugin. -->","yoast_head_json":{"title":"Brescia, il pi\u00f9 alto livello di inquinamento dell'aria in Europa e il pi\u00f9 alto numero di decessi per smog","description":"Nonostante sia ampiamente risaputo che la citt\u00e0 di Brescia \u00e8 tra le aree con il pi\u00f9 alto livello di inquinamento dell'aria in Europa e con il pi\u00f9 alto","robots":{"index":"index","follow":"follow","max-snippet":"max-snippet:-1","max-image-preview":"max-image-preview:large","max-video-preview":"max-video-preview:-1"},"canonical":"https:\/\/www.pressenza.com\/it\/2022\/10\/brescia-il-piu-alto-livello-di-inquinamento-dellaria-in-europa-e-il-piu-alto-numero-di-decessi-per-smog\/","og_locale":"it_IT","og_type":"article","og_title":"Brescia, il pi\u00f9 alto livello di inquinamento dell'aria in Europa e il pi\u00f9 alto numero di decessi per smog","og_description":"Nonostante sia ampiamente risaputo che la citt\u00e0 di Brescia \u00e8 tra le aree con il pi\u00f9 alto livello di inquinamento dell'aria in Europa e con il pi\u00f9 alto","og_url":"https:\/\/www.pressenza.com\/it\/2022\/10\/brescia-il-piu-alto-livello-di-inquinamento-dellaria-in-europa-e-il-piu-alto-numero-di-decessi-per-smog\/","og_site_name":"Pressenza","article_publisher":"https:\/\/www.facebook.com\/PressenzaItalia","article_published_time":"2022-10-21T13:50:41+00:00","article_modified_time":"2022-10-21T13:51:41+00:00","og_image":[{"width":1920,"height":1285,"url":"https:\/\/www.pressenza.com\/wp-content\/uploads\/2022\/10\/marcia-Basta-veleni.jpg","type":"image\/jpeg"}],"author":"Redazione Sebino Franciacorta","twitter_card":"summary_large_image","twitter_creator":"@PressenzaIPA","twitter_site":"@PressenzaIPA","twitter_misc":{"Scritto da":"Redazione Sebino Franciacorta","Tempo di lettura stimato":"2 minuti"},"schema":{"@context":"https:\/\/schema.org","@graph":[{"@type":"Article","@id":"https:\/\/www.pressenza.com\/it\/2022\/10\/brescia-il-piu-alto-livello-di-inquinamento-dellaria-in-europa-e-il-piu-alto-numero-di-decessi-per-smog\/#article","isPartOf":{"@id":"https:\/\/www.pressenza.com\/it\/2022\/10\/brescia-il-piu-alto-livello-di-inquinamento-dellaria-in-europa-e-il-piu-alto-numero-di-decessi-per-smog\/"},"author":{"name":"Redazione Sebino Franciacorta","@id":"https:\/\/www.pressenza.com\/it\/#\/schema\/person\/9ec653259bb79d6ea2255fd80043dc9c"},"headline":"Brescia, il pi\u00f9 alto livello di inquinamento dell&#8217;aria in Europa e il pi\u00f9 alto numero di decessi per smog","datePublished":"2022-10-21T13:50:41+00:00","dateModified":"2022-10-21T13:51:41+00:00","mainEntityOfPage":{"@id":"https:\/\/www.pressenza.com\/it\/2022\/10\/brescia-il-piu-alto-livello-di-inquinamento-dellaria-in-europa-e-il-piu-alto-numero-di-decessi-per-smog\/"},"wordCount":464,"publisher":{"@id":"https:\/\/www.pressenza.com\/it\/#organization"},"image":{"@id":"https:\/\/www.pressenza.com\/it\/2022\/10\/brescia-il-piu-alto-livello-di-inquinamento-dellaria-in-europa-e-il-piu-alto-numero-di-decessi-per-smog\/#primaryimage"},"thumbnailUrl":"https:\/\/www.pressenza.com\/wp-content\/uploads\/2022\/10\/marcia-Basta-veleni.jpg","keywords":["Brescia","inquinamento","malattie","Tavolo Provinciale Basta Veleni"],"articleSection":["Comunicati Stampa","Ecologia ed Ambiente","Europa","Salute"],"inLanguage":"it-IT"},{"@type":"WebPage","@id":"https:\/\/www.pressenza.com\/it\/2022\/10\/brescia-il-piu-alto-livello-di-inquinamento-dellaria-in-europa-e-il-piu-alto-numero-di-decessi-per-smog\/","url":"https:\/\/www.pressenza.com\/it\/2022\/10\/brescia-il-piu-alto-livello-di-inquinamento-dellaria-in-europa-e-il-piu-alto-numero-di-decessi-per-smog\/","name":"Brescia, il pi\u00f9 alto livello di inquinamento dell'aria in Europa e il pi\u00f9 alto numero di decessi per smog","isPartOf":{"@id":"https:\/\/www.pressenza.com\/it\/#website"},"primaryImageOfPage":{"@id":"https:\/\/www.pressenza.com\/it\/2022\/10\/brescia-il-piu-alto-livello-di-inquinamento-dellaria-in-europa-e-il-piu-alto-numero-di-decessi-per-smog\/#primaryimage"},"image":{"@id":"https:\/\/www.pressenza.com\/it\/2022\/10\/brescia-il-piu-alto-livello-di-inquinamento-dellaria-in-europa-e-il-piu-alto-numero-di-decessi-per-smog\/#primaryimage"},"thumbnailUrl":"https:\/\/www.pressenza.com\/wp-content\/uploads\/2022\/10\/marcia-Basta-veleni.jpg","datePublished":"2022-10-21T13:50:41+00:00","dateModified":"2022-10-21T13:51:41+00:00","description":"Nonostante sia ampiamente risaputo che la citt\u00e0 di Brescia \u00e8 tra le aree con il pi\u00f9 alto livello di inquinamento dell'aria in Europa e con il pi\u00f9 alto","breadcrumb":{"@id":"https:\/\/www.pressenza.com\/it\/2022\/10\/brescia-il-piu-alto-livello-di-inquinamento-dellaria-in-europa-e-il-piu-alto-numero-di-decessi-per-smog\/#breadcrumb"},"inLanguage":"it-IT","potentialAction":[{"@type":"ReadAction","target":["https:\/\/www.pressenza.com\/it\/2022\/10\/brescia-il-piu-alto-livello-di-inquinamento-dellaria-in-europa-e-il-piu-alto-numero-di-decessi-per-smog\/"]}]},{"@type":"ImageObject","inLanguage":"it-IT","@id":"https:\/\/www.pressenza.com\/it\/2022\/10\/brescia-il-piu-alto-livello-di-inquinamento-dellaria-in-europa-e-il-piu-alto-numero-di-decessi-per-smog\/#primaryimage","url":"https:\/\/www.pressenza.com\/wp-content\/uploads\/2022\/10\/marcia-Basta-veleni.jpg","contentUrl":"https:\/\/www.pressenza.com\/wp-content\/uploads\/2022\/10\/marcia-Basta-veleni.jpg","width":1920,"height":1285},{"@type":"BreadcrumbList","@id":"https:\/\/www.pressenza.com\/it\/2022\/10\/brescia-il-piu-alto-livello-di-inquinamento-dellaria-in-europa-e-il-piu-alto-numero-di-decessi-per-smog\/#breadcrumb","itemListElement":[{"@type":"ListItem","position":1,"name":"Accueil","item":"https:\/\/www.pressenza.com\/it\/"},{"@type":"ListItem","position":2,"name":"Brescia, il pi\u00f9 alto livello di inquinamento dell&#8217;aria in Europa e il pi\u00f9 alto numero di decessi per smog"}]},{"@type":"WebSite","@id":"https:\/\/www.pressenza.com\/it\/#website","url":"https:\/\/www.pressenza.com\/it\/","name":"Pressenza","description":"Agenzia di Stampa Internazionale","publisher":{"@id":"https:\/\/www.pressenza.com\/it\/#organization"},"potentialAction":[{"@type":"SearchAction","target":{"@type":"EntryPoint","urlTemplate":"https:\/\/www.pressenza.com\/it\/?s={search_term_string}"},"query-input":{"@type":"PropertyValueSpecification","valueRequired":true,"valueName":"search_term_string"}}],"inLanguage":"it-IT"},{"@type":"Organization","@id":"https:\/\/www.pressenza.com\/it\/#organization","name":"Pressenza","url":"https:\/\/www.pressenza.com\/it\/","logo":{"@type":"ImageObject","inLanguage":"it-IT","@id":"https:\/\/www.pressenza.com\/it\/#\/schema\/logo\/image\/","url":"https:\/\/www.pressenza.com\/wp-content\/uploads\/2022\/10\/pressenza_logo_200x200.jpg","contentUrl":"https:\/\/www.pressenza.com\/wp-content\/uploads\/2022\/10\/pressenza_logo_200x200.jpg","width":200,"height":200,"caption":"Pressenza"},"image":{"@id":"https:\/\/www.pressenza.com\/it\/#\/schema\/logo\/image\/"},"sameAs":["https:\/\/www.facebook.com\/PressenzaItalia","https:\/\/x.com\/PressenzaIPA"]},{"@type":"Person","@id":"https:\/\/www.pressenza.com\/it\/#\/schema\/person\/9ec653259bb79d6ea2255fd80043dc9c","name":"Redazione Sebino Franciacorta","url":"https:\/\/www.pressenza.com\/it\/author\/redazione-sebino-franciacorta\/"}]}},"place":"","original_article_url":"","_links":{"self":[{"href":"https:\/\/www.pressenza.com\/it\/wp-json\/wp\/v2\/posts\/1686621","targetHints":{"allow":["GET"]}}],"collection":[{"href":"https:\/\/www.pressenza.com\/it\/wp-json\/wp\/v2\/posts"}],"about":[{"href":"https:\/\/www.pressenza.com\/it\/wp-json\/wp\/v2\/types\/post"}],"author":[{"embeddable":true,"href":"https:\/\/www.pressenza.com\/it\/wp-json\/wp\/v2\/users\/1969"}],"replies":[{"embeddable":true,"href":"https:\/\/www.pressenza.com\/it\/wp-json\/wp\/v2\/comments?post=1686621"}],"version-history":[{"count":0,"href":"https:\/\/www.pressenza.com\/it\/wp-json\/wp\/v2\/posts\/1686621\/revisions"}],"wp:featuredmedia":[{"embeddable":true,"href":"https:\/\/www.pressenza.com\/it\/wp-json\/wp\/v2\/media\/1686622"}],"wp:attachment":[{"href":"https:\/\/www.pressenza.com\/it\/wp-json\/wp\/v2\/media?parent=1686621"}],"wp:term":[{"taxonomy":"category","embeddable":true,"href":"https:\/\/www.pressenza.com\/it\/wp-json\/wp\/v2\/categories?post=1686621"},{"taxonomy":"post_tag","embeddable":true,"href":"https:\/\/www.pressenza.com\/it\/wp-json\/wp\/v2\/tags?post=1686621"}],"curies":[{"name":"wp","href":"https:\/\/api.w.org\/{rel}","templated":true}]}}