{"id":1684117,"date":"2022-10-17T16:04:34","date_gmt":"2022-10-17T15:04:34","guid":{"rendered":"https:\/\/www.pressenza.com\/?p=1684117"},"modified":"2022-10-17T16:04:34","modified_gmt":"2022-10-17T15:04:34","slug":"30-scienziati-sotto-inchiesta-per-interruzione-del-vertice-della-sanita-mondiale-a-berlino","status":"publish","type":"post","link":"https:\/\/www.pressenza.com\/it\/2022\/10\/30-scienziati-sotto-inchiesta-per-interruzione-del-vertice-della-sanita-mondiale-a-berlino\/","title":{"rendered":"30 scienziati sotto inchiesta per interruzione del Vertice della Sanit\u00e0 Mondiale a Berlino"},"content":{"rendered":"<p>L\u2019azione si deve al Movimento Scientist Rebellion, una coalizione di scienziati e accademici internazionali che si richiamano alla necessit\u00e0 della disobbedienza civile<\/p>\n<p>Berlino, 16 ottobre 2022. Gli scienziati di Scientist Rebellion hanno suscitato scalpore con la loro protesta all&#8217;apertura del Vertice della Sanit\u00e0 Mondiale a Berlino domenica sera.<br \/>\nIntorno alle 18:30, 40 scienziate e scienziati provenienti da tutta Europa, compresi 5 scienziati italiani, hanno bloccato l&#8217;ingresso dell&#8217;edificio della conferenza, 7 dei quali si sono incollati con la supercolla.<br \/>\nAltri 20 accademici vestiti con camici da laboratorio hanno incollato grandi pubblicazioni scientifiche sulla crisi climatica all&#8217;ingresso e sostenevano striscioni che dicevano &#8220;CRISI CLIMATICA = CRISI SANITARIA&#8221;, &#8220;1.5\u00b0C = finzione politica&#8221; e &#8220;Unite against climate failure&#8221;. Erano accompagnati da 10 attivisti del gruppo &#8220;Letzte Generation&#8221; (Ultima Generazione), che si sono a loro volta incollati a terra davanti all&#8217;ingresso.<\/p>\n<p>Il cancelliere tedesco Scholz ha aperto la cerimonia della conferenza. Il suo discorso \u00e8 stato interrotto pi\u00f9 volte da un allarme antincendio nell&#8217;edificio innescato dagli scienziati. <\/p>\n<p>30 scienziati sono sotto inchiesta per violazione di propriet\u00e0 privata e resistenza a pubblico ufficiale.<br \/>\nGli scienziati sono rimasti in stato di detenzione per due ore e sono stati poi rilasciati.<br \/>\nCon le loro proteste pacifiche ma dirompenti, gli scienziati di Scientist Rebellion vogliono chiarire alla societ\u00e0 la dura realt\u00e0, fisica ed ecologica, in opposizione alla finzione politica.<br \/>\nC&#8217;\u00e8 una reale possibilit\u00e0 di una catastrofe globale. <\/p>\n<p>Con azioni di disobbedienza civile, Scientist Rebellion chiede un&#8217;azione immediata per limitare gli impatti crescenti della crisi climatica \u2013 a livello nazionale e internazionale.<br \/>\n&#8220;Non esiste un modo plausibile per rimanere al di sotto di 1,5 gradi e allo stesso tempo rispettare l&#8217;accordo di Parigi, all&#8217;interno del nostro attuale sistema economico. I politici devono essere onesti e smettere di ingannare l&#8217;opinione pubblica. \u00c8 infatti altamente probabile che supereremo 1,5 gradi di riscaldamento globale entro i prossimi dieci anni. Ci\u00f2 porter\u00e0 ad immense sofferenze, specialmente nel Sud del mondo, ma anche qui in Europa.<\/p>\n<p> \u00c8 giunto il momento di cambiare radicalmente rotta&#8221;, afferma il dottor Matthias Schmelzer dell&#8217;Istituto di Sociologia dell&#8217;Universit\u00e0 di Jena, in Germania.<br \/>\n&#8220;La crisi climatica \u00e8 la pi\u00f9 grande minaccia per la salute umana nel 21\u00b0 secolo, secondo l&#8217;Organizzazione Mondiale della Sanit\u00e0. Gli eventi meteorologici estremi come ondate di calore, forti piogge e inondazioni, nonch\u00e9 l&#8217;aumento dell&#8217;inquinamento atmosferico, hanno il potenziale di causare gravi danni alla salute. Il governo tedesco deve applicare urgentemente misure di sicurezza. Chi \u00e8 al potere deve agire ora&#8221;, afferma la professoressa associata Susanne Koch, MD della Charit\u00e9, University Clinic Berlin, Germania.<\/p>\n<p>La Germania \u00e8 un paese potente nell&#8217;UE e uno dei paesi pi\u00f9 ricchi del mondo.<br \/>\nL&#8217;economia tedesca ha tratto un beneficio sproporzionato dall&#8217;uso di combustibili fossili e dallo sfruttamento delle risorse naturali. <\/p>\n<p>Nonostante la sua grande ricchezza e il suo potere innovativo, la Germania non riesce a raggiungere i suoi obiettivi climatici e di biodiversit\u00e0, hanno detto gli scienziati.<br \/>\n&#8220;Pi\u00f9 di 70 anni fa, la Germania si \u00e8 completamente ricostruita e reinventata e in seguito \u00e8 diventata un modello internazionale nel campo delle energie rinnovabili. <\/p>\n<p>Si vede ancora come un campione nella lotta alla crisi clima, anche se la realt\u00e0 \u00e8 ora molto diversa. Perch\u00e9 la Germania continua a ritardare il necessario cambiamento trasformativo? <\/p>\n<p>Ci appelliamo al suo spirito positivo del passato che potrebbe ancora una volta portare a enormi cambiamenti. Ci\u00f2 \u00e8 urgentemente necessario per limitare il degrado climatico ed ecologico &#8220;, aggiunge il dott. Odin Marc, scienziato della Terra dell&#8217;Universit\u00e0 di Tolosa, Francia.<\/p>\n<p>Scientist Rebellion \u00e8 una coalizione di scienziati e accademici internazionali fondata nel 2021 per lanciare un appello alla disobbedienza civile di fronte al fallimento politico sul clima e sulla crisi ecologica. Il movimento sta crescendo, mobilitando scienziati provenienti da tutta Europa, e fa parte di una coalizione di gruppi di resistenza civile non violenta che uniscono le forze nell&#8217;ottobre 2022 con la campagna #UniteAgainstClimateFailure, per limitare i danni il pi\u00f9 rapidamente possibile. <\/p>\n<p>I partner della coalizione includono: Letzte Generation, Debt for Climate, End Fossil Occupy, e Jetzt oder Nie &#8211; Eltern gegen die Fossilindustrie (Ora o mai pi\u00f9 &#8211; Genitori contro l&#8217;industria dei fossili).<\/p>\n","protected":false},"excerpt":{"rendered":"<p>L\u2019azione si deve al Movimento Scientist Rebellion, una coalizione di scienziati e accademici internazionali che si richiamano alla necessit\u00e0 della disobbedienza civile Berlino, 16 ottobre 2022. Gli scienziati di Scientist Rebellion hanno suscitato scalpore con la loro protesta all&#8217;apertura del&hellip;<\/p>\n","protected":false},"author":594,"featured_media":1684120,"comment_status":"closed","ping_status":"closed","sticky":false,"template":"","format":"standard","meta":{"footnotes":""},"categories":[150,59,47,1259,496],"tags":[6933,7908,3518,100854],"class_list":["post-1684117","post","type-post","status-publish","format-standard","has-post-thumbnail","hentry","category-comunicati-stampa","category-ambiente-ecologia","category-europa","category-salute-argomento","category-scienza-tecnologia","tag-cambiamenti-climatici","tag-clima","tag-germania","tag-scientist-rebellion"],"yoast_head":"<!-- This site is optimized with the Yoast SEO plugin v27.1.1 - https:\/\/yoast.com\/product\/yoast-seo-wordpress\/ -->\n<title>30 scienziati sotto inchiesta per interruzione del Vertice della Sanit\u00e0 Mondiale a Berlino<\/title>\n<meta name=\"description\" content=\"L\u2019azione si deve al Movimento Scientist Rebellion, una coalizione di scienziati e accademici internazionali che si richiamano alla necessit\u00e0 della\" \/>\n<meta name=\"robots\" content=\"index, follow, max-snippet:-1, max-image-preview:large, max-video-preview:-1\" \/>\n<link rel=\"canonical\" href=\"https:\/\/www.pressenza.com\/it\/2022\/10\/30-scienziati-sotto-inchiesta-per-interruzione-del-vertice-della-sanita-mondiale-a-berlino\/\" \/>\n<meta property=\"og:locale\" content=\"it_IT\" \/>\n<meta property=\"og:type\" content=\"article\" \/>\n<meta property=\"og:title\" content=\"30 scienziati sotto inchiesta per interruzione del Vertice della Sanit\u00e0 Mondiale a Berlino\" \/>\n<meta property=\"og:description\" content=\"L\u2019azione si deve al Movimento Scientist Rebellion, una coalizione di scienziati e accademici internazionali che si richiamano alla necessit\u00e0 della\" \/>\n<meta property=\"og:url\" content=\"https:\/\/www.pressenza.com\/it\/2022\/10\/30-scienziati-sotto-inchiesta-per-interruzione-del-vertice-della-sanita-mondiale-a-berlino\/\" \/>\n<meta property=\"og:site_name\" content=\"Pressenza\" \/>\n<meta property=\"article:publisher\" content=\"https:\/\/www.facebook.com\/PressenzaItalia\" \/>\n<meta property=\"article:author\" content=\"https:\/\/www.facebook.com\/PressenzaItalia\" \/>\n<meta property=\"article:published_time\" content=\"2022-10-17T15:04:34+00:00\" \/>\n<meta property=\"og:image\" content=\"https:\/\/www.pressenza.com\/wp-content\/uploads\/2022\/10\/20221016P-08-SR-Berlin-Lauterbach-2.jpg\" \/>\n\t<meta property=\"og:image:width\" content=\"1876\" \/>\n\t<meta property=\"og:image:height\" content=\"1920\" \/>\n\t<meta property=\"og:image:type\" content=\"image\/jpeg\" \/>\n<meta name=\"author\" content=\"Redazione Italia\" \/>\n<meta name=\"twitter:card\" content=\"summary_large_image\" \/>\n<meta name=\"twitter:creator\" content=\"@pressenza_it\" \/>\n<meta name=\"twitter:site\" content=\"@PressenzaIPA\" \/>\n<meta name=\"twitter:label1\" content=\"Scritto da\" \/>\n\t<meta name=\"twitter:data1\" content=\"Redazione Italia\" \/>\n\t<meta name=\"twitter:label2\" content=\"Tempo di lettura stimato\" \/>\n\t<meta name=\"twitter:data2\" content=\"3 minuti\" \/>\n<script type=\"application\/ld+json\" class=\"yoast-schema-graph\">{\"@context\":\"https:\/\/schema.org\",\"@graph\":[{\"@type\":\"Article\",\"@id\":\"https:\/\/www.pressenza.com\/it\/2022\/10\/30-scienziati-sotto-inchiesta-per-interruzione-del-vertice-della-sanita-mondiale-a-berlino\/#article\",\"isPartOf\":{\"@id\":\"https:\/\/www.pressenza.com\/it\/2022\/10\/30-scienziati-sotto-inchiesta-per-interruzione-del-vertice-della-sanita-mondiale-a-berlino\/\"},\"author\":{\"name\":\"Redazione Italia\",\"@id\":\"https:\/\/www.pressenza.com\/it\/#\/schema\/person\/d983e81827ae24f2c7b1a2123d197f8d\"},\"headline\":\"30 scienziati sotto inchiesta per interruzione del Vertice della Sanit\u00e0 Mondiale a Berlino\",\"datePublished\":\"2022-10-17T15:04:34+00:00\",\"mainEntityOfPage\":{\"@id\":\"https:\/\/www.pressenza.com\/it\/2022\/10\/30-scienziati-sotto-inchiesta-per-interruzione-del-vertice-della-sanita-mondiale-a-berlino\/\"},\"wordCount\":679,\"publisher\":{\"@id\":\"https:\/\/www.pressenza.com\/it\/#organization\"},\"image\":{\"@id\":\"https:\/\/www.pressenza.com\/it\/2022\/10\/30-scienziati-sotto-inchiesta-per-interruzione-del-vertice-della-sanita-mondiale-a-berlino\/#primaryimage\"},\"thumbnailUrl\":\"https:\/\/www.pressenza.com\/wp-content\/uploads\/2022\/10\/20221016P-08-SR-Berlin-Lauterbach-2.jpg\",\"keywords\":[\"cambiamenti climatici\",\"clima\",\"Germania\",\"Scientist Rebellion\"],\"articleSection\":[\"Comunicati Stampa\",\"Ecologia ed Ambiente\",\"Europa\",\"Salute\",\"Scienza e Tecnologia\"],\"inLanguage\":\"it-IT\"},{\"@type\":\"WebPage\",\"@id\":\"https:\/\/www.pressenza.com\/it\/2022\/10\/30-scienziati-sotto-inchiesta-per-interruzione-del-vertice-della-sanita-mondiale-a-berlino\/\",\"url\":\"https:\/\/www.pressenza.com\/it\/2022\/10\/30-scienziati-sotto-inchiesta-per-interruzione-del-vertice-della-sanita-mondiale-a-berlino\/\",\"name\":\"30 scienziati sotto inchiesta per interruzione del Vertice della Sanit\u00e0 Mondiale a Berlino\",\"isPartOf\":{\"@id\":\"https:\/\/www.pressenza.com\/it\/#website\"},\"primaryImageOfPage\":{\"@id\":\"https:\/\/www.pressenza.com\/it\/2022\/10\/30-scienziati-sotto-inchiesta-per-interruzione-del-vertice-della-sanita-mondiale-a-berlino\/#primaryimage\"},\"image\":{\"@id\":\"https:\/\/www.pressenza.com\/it\/2022\/10\/30-scienziati-sotto-inchiesta-per-interruzione-del-vertice-della-sanita-mondiale-a-berlino\/#primaryimage\"},\"thumbnailUrl\":\"https:\/\/www.pressenza.com\/wp-content\/uploads\/2022\/10\/20221016P-08-SR-Berlin-Lauterbach-2.jpg\",\"datePublished\":\"2022-10-17T15:04:34+00:00\",\"description\":\"L\u2019azione si deve al Movimento Scientist Rebellion, una coalizione di scienziati e accademici internazionali che si richiamano alla necessit\u00e0 della\",\"breadcrumb\":{\"@id\":\"https:\/\/www.pressenza.com\/it\/2022\/10\/30-scienziati-sotto-inchiesta-per-interruzione-del-vertice-della-sanita-mondiale-a-berlino\/#breadcrumb\"},\"inLanguage\":\"it-IT\",\"potentialAction\":[{\"@type\":\"ReadAction\",\"target\":[\"https:\/\/www.pressenza.com\/it\/2022\/10\/30-scienziati-sotto-inchiesta-per-interruzione-del-vertice-della-sanita-mondiale-a-berlino\/\"]}]},{\"@type\":\"ImageObject\",\"inLanguage\":\"it-IT\",\"@id\":\"https:\/\/www.pressenza.com\/it\/2022\/10\/30-scienziati-sotto-inchiesta-per-interruzione-del-vertice-della-sanita-mondiale-a-berlino\/#primaryimage\",\"url\":\"https:\/\/www.pressenza.com\/wp-content\/uploads\/2022\/10\/20221016P-08-SR-Berlin-Lauterbach-2.jpg\",\"contentUrl\":\"https:\/\/www.pressenza.com\/wp-content\/uploads\/2022\/10\/20221016P-08-SR-Berlin-Lauterbach-2.jpg\",\"width\":1876,\"height\":1920},{\"@type\":\"BreadcrumbList\",\"@id\":\"https:\/\/www.pressenza.com\/it\/2022\/10\/30-scienziati-sotto-inchiesta-per-interruzione-del-vertice-della-sanita-mondiale-a-berlino\/#breadcrumb\",\"itemListElement\":[{\"@type\":\"ListItem\",\"position\":1,\"name\":\"Accueil\",\"item\":\"https:\/\/www.pressenza.com\/it\/\"},{\"@type\":\"ListItem\",\"position\":2,\"name\":\"30 scienziati sotto inchiesta per interruzione del Vertice della Sanit\u00e0 Mondiale a Berlino\"}]},{\"@type\":\"WebSite\",\"@id\":\"https:\/\/www.pressenza.com\/it\/#website\",\"url\":\"https:\/\/www.pressenza.com\/it\/\",\"name\":\"Pressenza\",\"description\":\"Agenzia di Stampa Internazionale\",\"publisher\":{\"@id\":\"https:\/\/www.pressenza.com\/it\/#organization\"},\"potentialAction\":[{\"@type\":\"SearchAction\",\"target\":{\"@type\":\"EntryPoint\",\"urlTemplate\":\"https:\/\/www.pressenza.com\/it\/?s={search_term_string}\"},\"query-input\":{\"@type\":\"PropertyValueSpecification\",\"valueRequired\":true,\"valueName\":\"search_term_string\"}}],\"inLanguage\":\"it-IT\"},{\"@type\":\"Organization\",\"@id\":\"https:\/\/www.pressenza.com\/it\/#organization\",\"name\":\"Pressenza\",\"url\":\"https:\/\/www.pressenza.com\/it\/\",\"logo\":{\"@type\":\"ImageObject\",\"inLanguage\":\"it-IT\",\"@id\":\"https:\/\/www.pressenza.com\/it\/#\/schema\/logo\/image\/\",\"url\":\"https:\/\/www.pressenza.com\/wp-content\/uploads\/2022\/10\/pressenza_logo_200x200.jpg\",\"contentUrl\":\"https:\/\/www.pressenza.com\/wp-content\/uploads\/2022\/10\/pressenza_logo_200x200.jpg\",\"width\":200,\"height\":200,\"caption\":\"Pressenza\"},\"image\":{\"@id\":\"https:\/\/www.pressenza.com\/it\/#\/schema\/logo\/image\/\"},\"sameAs\":[\"https:\/\/www.facebook.com\/PressenzaItalia\",\"https:\/\/x.com\/PressenzaIPA\"]},{\"@type\":\"Person\",\"@id\":\"https:\/\/www.pressenza.com\/it\/#\/schema\/person\/d983e81827ae24f2c7b1a2123d197f8d\",\"name\":\"Redazione Italia\",\"description\":\"News from the Pressenza Bureau in Italy\",\"sameAs\":[\"https:\/\/www.pressenza.com\/it\/author\/redazione-italia\/\",\"https:\/\/www.facebook.com\/PressenzaItalia\",\"https:\/\/www.instagram.com\/pressenza_italia\/\",\"https:\/\/x.com\/pressenza_it\",\"https:\/\/www.youtube.com\/channel\/UCSalEIWjE1RSxkwjfftFuqg\"],\"url\":\"https:\/\/www.pressenza.com\/it\/author\/redazione-italia\/\"}]}<\/script>\n<!-- \/ Yoast SEO plugin. -->","yoast_head_json":{"title":"30 scienziati sotto inchiesta per interruzione del Vertice della Sanit\u00e0 Mondiale a Berlino","description":"L\u2019azione si deve al Movimento Scientist Rebellion, una coalizione di scienziati e accademici internazionali che si richiamano alla necessit\u00e0 della","robots":{"index":"index","follow":"follow","max-snippet":"max-snippet:-1","max-image-preview":"max-image-preview:large","max-video-preview":"max-video-preview:-1"},"canonical":"https:\/\/www.pressenza.com\/it\/2022\/10\/30-scienziati-sotto-inchiesta-per-interruzione-del-vertice-della-sanita-mondiale-a-berlino\/","og_locale":"it_IT","og_type":"article","og_title":"30 scienziati sotto inchiesta per interruzione del Vertice della Sanit\u00e0 Mondiale a Berlino","og_description":"L\u2019azione si deve al Movimento Scientist Rebellion, una coalizione di scienziati e accademici internazionali che si richiamano alla necessit\u00e0 della","og_url":"https:\/\/www.pressenza.com\/it\/2022\/10\/30-scienziati-sotto-inchiesta-per-interruzione-del-vertice-della-sanita-mondiale-a-berlino\/","og_site_name":"Pressenza","article_publisher":"https:\/\/www.facebook.com\/PressenzaItalia","article_author":"https:\/\/www.facebook.com\/PressenzaItalia","article_published_time":"2022-10-17T15:04:34+00:00","og_image":[{"width":1876,"height":1920,"url":"https:\/\/www.pressenza.com\/wp-content\/uploads\/2022\/10\/20221016P-08-SR-Berlin-Lauterbach-2.jpg","type":"image\/jpeg"}],"author":"Redazione Italia","twitter_card":"summary_large_image","twitter_creator":"@pressenza_it","twitter_site":"@PressenzaIPA","twitter_misc":{"Scritto da":"Redazione Italia","Tempo di lettura stimato":"3 minuti"},"schema":{"@context":"https:\/\/schema.org","@graph":[{"@type":"Article","@id":"https:\/\/www.pressenza.com\/it\/2022\/10\/30-scienziati-sotto-inchiesta-per-interruzione-del-vertice-della-sanita-mondiale-a-berlino\/#article","isPartOf":{"@id":"https:\/\/www.pressenza.com\/it\/2022\/10\/30-scienziati-sotto-inchiesta-per-interruzione-del-vertice-della-sanita-mondiale-a-berlino\/"},"author":{"name":"Redazione Italia","@id":"https:\/\/www.pressenza.com\/it\/#\/schema\/person\/d983e81827ae24f2c7b1a2123d197f8d"},"headline":"30 scienziati sotto inchiesta per interruzione del Vertice della Sanit\u00e0 Mondiale a Berlino","datePublished":"2022-10-17T15:04:34+00:00","mainEntityOfPage":{"@id":"https:\/\/www.pressenza.com\/it\/2022\/10\/30-scienziati-sotto-inchiesta-per-interruzione-del-vertice-della-sanita-mondiale-a-berlino\/"},"wordCount":679,"publisher":{"@id":"https:\/\/www.pressenza.com\/it\/#organization"},"image":{"@id":"https:\/\/www.pressenza.com\/it\/2022\/10\/30-scienziati-sotto-inchiesta-per-interruzione-del-vertice-della-sanita-mondiale-a-berlino\/#primaryimage"},"thumbnailUrl":"https:\/\/www.pressenza.com\/wp-content\/uploads\/2022\/10\/20221016P-08-SR-Berlin-Lauterbach-2.jpg","keywords":["cambiamenti climatici","clima","Germania","Scientist Rebellion"],"articleSection":["Comunicati Stampa","Ecologia ed Ambiente","Europa","Salute","Scienza e Tecnologia"],"inLanguage":"it-IT"},{"@type":"WebPage","@id":"https:\/\/www.pressenza.com\/it\/2022\/10\/30-scienziati-sotto-inchiesta-per-interruzione-del-vertice-della-sanita-mondiale-a-berlino\/","url":"https:\/\/www.pressenza.com\/it\/2022\/10\/30-scienziati-sotto-inchiesta-per-interruzione-del-vertice-della-sanita-mondiale-a-berlino\/","name":"30 scienziati sotto inchiesta per interruzione del Vertice della Sanit\u00e0 Mondiale a Berlino","isPartOf":{"@id":"https:\/\/www.pressenza.com\/it\/#website"},"primaryImageOfPage":{"@id":"https:\/\/www.pressenza.com\/it\/2022\/10\/30-scienziati-sotto-inchiesta-per-interruzione-del-vertice-della-sanita-mondiale-a-berlino\/#primaryimage"},"image":{"@id":"https:\/\/www.pressenza.com\/it\/2022\/10\/30-scienziati-sotto-inchiesta-per-interruzione-del-vertice-della-sanita-mondiale-a-berlino\/#primaryimage"},"thumbnailUrl":"https:\/\/www.pressenza.com\/wp-content\/uploads\/2022\/10\/20221016P-08-SR-Berlin-Lauterbach-2.jpg","datePublished":"2022-10-17T15:04:34+00:00","description":"L\u2019azione si deve al Movimento Scientist Rebellion, una coalizione di scienziati e accademici internazionali che si richiamano alla necessit\u00e0 della","breadcrumb":{"@id":"https:\/\/www.pressenza.com\/it\/2022\/10\/30-scienziati-sotto-inchiesta-per-interruzione-del-vertice-della-sanita-mondiale-a-berlino\/#breadcrumb"},"inLanguage":"it-IT","potentialAction":[{"@type":"ReadAction","target":["https:\/\/www.pressenza.com\/it\/2022\/10\/30-scienziati-sotto-inchiesta-per-interruzione-del-vertice-della-sanita-mondiale-a-berlino\/"]}]},{"@type":"ImageObject","inLanguage":"it-IT","@id":"https:\/\/www.pressenza.com\/it\/2022\/10\/30-scienziati-sotto-inchiesta-per-interruzione-del-vertice-della-sanita-mondiale-a-berlino\/#primaryimage","url":"https:\/\/www.pressenza.com\/wp-content\/uploads\/2022\/10\/20221016P-08-SR-Berlin-Lauterbach-2.jpg","contentUrl":"https:\/\/www.pressenza.com\/wp-content\/uploads\/2022\/10\/20221016P-08-SR-Berlin-Lauterbach-2.jpg","width":1876,"height":1920},{"@type":"BreadcrumbList","@id":"https:\/\/www.pressenza.com\/it\/2022\/10\/30-scienziati-sotto-inchiesta-per-interruzione-del-vertice-della-sanita-mondiale-a-berlino\/#breadcrumb","itemListElement":[{"@type":"ListItem","position":1,"name":"Accueil","item":"https:\/\/www.pressenza.com\/it\/"},{"@type":"ListItem","position":2,"name":"30 scienziati sotto inchiesta per interruzione del Vertice della Sanit\u00e0 Mondiale a Berlino"}]},{"@type":"WebSite","@id":"https:\/\/www.pressenza.com\/it\/#website","url":"https:\/\/www.pressenza.com\/it\/","name":"Pressenza","description":"Agenzia di Stampa Internazionale","publisher":{"@id":"https:\/\/www.pressenza.com\/it\/#organization"},"potentialAction":[{"@type":"SearchAction","target":{"@type":"EntryPoint","urlTemplate":"https:\/\/www.pressenza.com\/it\/?s={search_term_string}"},"query-input":{"@type":"PropertyValueSpecification","valueRequired":true,"valueName":"search_term_string"}}],"inLanguage":"it-IT"},{"@type":"Organization","@id":"https:\/\/www.pressenza.com\/it\/#organization","name":"Pressenza","url":"https:\/\/www.pressenza.com\/it\/","logo":{"@type":"ImageObject","inLanguage":"it-IT","@id":"https:\/\/www.pressenza.com\/it\/#\/schema\/logo\/image\/","url":"https:\/\/www.pressenza.com\/wp-content\/uploads\/2022\/10\/pressenza_logo_200x200.jpg","contentUrl":"https:\/\/www.pressenza.com\/wp-content\/uploads\/2022\/10\/pressenza_logo_200x200.jpg","width":200,"height":200,"caption":"Pressenza"},"image":{"@id":"https:\/\/www.pressenza.com\/it\/#\/schema\/logo\/image\/"},"sameAs":["https:\/\/www.facebook.com\/PressenzaItalia","https:\/\/x.com\/PressenzaIPA"]},{"@type":"Person","@id":"https:\/\/www.pressenza.com\/it\/#\/schema\/person\/d983e81827ae24f2c7b1a2123d197f8d","name":"Redazione Italia","description":"News from the Pressenza Bureau in Italy","sameAs":["https:\/\/www.pressenza.com\/it\/author\/redazione-italia\/","https:\/\/www.facebook.com\/PressenzaItalia","https:\/\/www.instagram.com\/pressenza_italia\/","https:\/\/x.com\/pressenza_it","https:\/\/www.youtube.com\/channel\/UCSalEIWjE1RSxkwjfftFuqg"],"url":"https:\/\/www.pressenza.com\/it\/author\/redazione-italia\/"}]}},"place":"","original_article_url":"","_links":{"self":[{"href":"https:\/\/www.pressenza.com\/it\/wp-json\/wp\/v2\/posts\/1684117","targetHints":{"allow":["GET"]}}],"collection":[{"href":"https:\/\/www.pressenza.com\/it\/wp-json\/wp\/v2\/posts"}],"about":[{"href":"https:\/\/www.pressenza.com\/it\/wp-json\/wp\/v2\/types\/post"}],"author":[{"embeddable":true,"href":"https:\/\/www.pressenza.com\/it\/wp-json\/wp\/v2\/users\/594"}],"replies":[{"embeddable":true,"href":"https:\/\/www.pressenza.com\/it\/wp-json\/wp\/v2\/comments?post=1684117"}],"version-history":[{"count":0,"href":"https:\/\/www.pressenza.com\/it\/wp-json\/wp\/v2\/posts\/1684117\/revisions"}],"wp:featuredmedia":[{"embeddable":true,"href":"https:\/\/www.pressenza.com\/it\/wp-json\/wp\/v2\/media\/1684120"}],"wp:attachment":[{"href":"https:\/\/www.pressenza.com\/it\/wp-json\/wp\/v2\/media?parent=1684117"}],"wp:term":[{"taxonomy":"category","embeddable":true,"href":"https:\/\/www.pressenza.com\/it\/wp-json\/wp\/v2\/categories?post=1684117"},{"taxonomy":"post_tag","embeddable":true,"href":"https:\/\/www.pressenza.com\/it\/wp-json\/wp\/v2\/tags?post=1684117"}],"curies":[{"name":"wp","href":"https:\/\/api.w.org\/{rel}","templated":true}]}}