{"id":1684075,"date":"2022-10-17T15:41:22","date_gmt":"2022-10-17T14:41:22","guid":{"rendered":"https:\/\/www.pressenza.com\/?p=1684075"},"modified":"2022-10-17T15:41:22","modified_gmt":"2022-10-17T14:41:22","slug":"il-governo-il-popolo-e-la-matematica","status":"publish","type":"post","link":"https:\/\/www.pressenza.com\/it\/2022\/10\/il-governo-il-popolo-e-la-matematica\/","title":{"rendered":"Il governo, il popolo e la matematica"},"content":{"rendered":"<p>La matematica \u00e8 spesso la bestia nera di molti studenti. Ma pare che sia ostica anche per alcuni politici. <\/p>\n<p>Negli ultimi giorni si sono sentite frasi come questa: \u201cun Governo con pieno mandato popolare degli italiani\u201d (Giorgia Meloni).<\/p>\n<p>\u00c8 opportuno ricordare che nelle recenti elezioni politiche la coalizione di centrodestra ha ricevuto il 44% dei consensi: di fatto una minoranza dei votanti. Soltanto grazie alla vigente legge elettorale i partiti di centrodestra dispongono della maggioranza dei seggi in Parlamento, ma ci\u00f2 non autorizza a sostenere che si tratta di \u201cpieno mandato popolare\u201d.<\/p>\n<p>A maggior ragione questo va detto se si tiene conto che alle scorse elezioni politiche hanno votato il 64% degli aventi diritto. Il che significa che la coalizione di centrodestra rappresenta soltanto il 28% degli elettori.<\/p>\n<p>Resta poi da segnalare che gli italiani che hanno votato, in realt\u00e0 hanno eletto i deputati e i senatori, cio\u00e8 i propri rappresentanti al Parlamento. <\/p>\n<p>Il Governo &#8211; Costituzione alla mano &#8211; non viene mai eletto dal popolo, che di conseguenza non pu\u00f2 mai dare un \u201cpieno mandato\u201d per il Governo.<\/p>\n<p>\u00c8 il caso di sottolineare che non \u00e8 mai corretto intestarsi la rappresentanza del \u201cpopolo\u201d. Quando qualcuno dichiara di aver ricevuto un\u2019investitura dal popolo, dice sempre qualcosa di eccessivo, poich\u00e9 non \u00e8 matematicamente possibile.<br \/>\nIl tentativo di convogliare il volere del popolo in un unico canale, spesso denota un\u2019intolleranza al dissenso e un disprezzo del pluralismo.<br \/>\nQueste forzature mostrano anche l\u2019emergere di una scarsa cultura costituzionale, perch\u00e9 la democrazia di un popolo non pu\u00f2 essere confusa con il potere della maggioranza. La sovranit\u00e0 del popolo si esprime nella ricchezza irriducibile del vivere associato delle cittadine e dei cittadini. Nella lingua inglese il termine \u201cpeople\u201d \u00e8 significativamente plurale.<\/p>\n<p>Il costituzionalista Gustavo Zagrebelski nel suo libro \u201cImparare la democrazia\u201d scrive: \u00abIn democrazia nessuna deliberazione ha a che vedere con la ragione o il torto, la verit\u00e0 o l&#8217;errore.  Non esiste nessuna ragione per sostenere, in generale, che i pi\u00f9 vedano meglio, siano pi\u00f9 vicini alla verit\u00e0 dei meno. L\u2019essenza della politica democratica, sta di solito non nella maggioranza, ma nelle minoranze che fanno loro il motto &#8220;non seguire la maggioranza nel compiere il male&#8221;\u00bb.<\/p>\n<p>La Costituzione fissa le condizioni logiche e di funzionamento della democrazia, sottraendole all\u2019arbitrio della maggioranza. Anche perch\u00e9 la maggioranza non \u00e8 una condizione di partenza del processo democratico, ma un risultato che pu\u00f2 variare per ciascuna decisione presa.<\/p>\n<p>Di conseguenza, ogni politico dovrebbe aver sempre presente il monito di Mark Twain: \u00abOgni volta che vi trovate sul lato della maggioranza, \u00e8 il momento di fermarsi a riflettere\u00bb.<\/p>\n","protected":false},"excerpt":{"rendered":"<p>La matematica \u00e8 spesso la bestia nera di molti studenti. Ma pare che sia ostica anche per alcuni politici. Negli ultimi giorni si sono sentite frasi come questa: \u201cun Governo con pieno mandato popolare degli italiani\u201d (Giorgia Meloni). \u00c8 opportuno&hellip;<\/p>\n","protected":false},"author":1280,"featured_media":405384,"comment_status":"closed","ping_status":"closed","sticky":false,"template":"","format":"standard","meta":{"footnotes":""},"categories":[150,60,1258,47],"tags":[4695,173,616,51101],"class_list":["post-1684075","post","type-post","status-publish","format-standard","has-post-thumbnail","hentry","category-comunicati-stampa","category-diritti-umani","category-educazione","category-europa","tag-costituzione-italiana","tag-democrazia","tag-elezioni","tag-popolo"],"yoast_head":"<!-- This site is optimized with the Yoast SEO plugin v27.1.1 - https:\/\/yoast.com\/product\/yoast-seo-wordpress\/ -->\n<title>Il governo, il popolo e la matematica<\/title>\n<meta name=\"description\" content=\"La matematica \u00e8 spesso la bestia nera di molti studenti. Ma pare che sia ostica anche per alcuni politici. Negli ultimi giorni si sono sentite frasi come\" \/>\n<meta name=\"robots\" content=\"index, follow, max-snippet:-1, max-image-preview:large, max-video-preview:-1\" \/>\n<link rel=\"canonical\" href=\"https:\/\/www.pressenza.com\/it\/2022\/10\/il-governo-il-popolo-e-la-matematica\/\" \/>\n<meta property=\"og:locale\" content=\"it_IT\" \/>\n<meta property=\"og:type\" content=\"article\" \/>\n<meta property=\"og:title\" content=\"Il governo, il popolo e la matematica\" \/>\n<meta property=\"og:description\" content=\"La matematica \u00e8 spesso la bestia nera di molti studenti. Ma pare che sia ostica anche per alcuni politici. Negli ultimi giorni si sono sentite frasi come\" \/>\n<meta property=\"og:url\" content=\"https:\/\/www.pressenza.com\/it\/2022\/10\/il-governo-il-popolo-e-la-matematica\/\" \/>\n<meta property=\"og:site_name\" content=\"Pressenza\" \/>\n<meta property=\"article:publisher\" content=\"https:\/\/www.facebook.com\/PressenzaItalia\" \/>\n<meta property=\"article:published_time\" content=\"2022-10-17T14:41:22+00:00\" \/>\n<meta property=\"og:image\" content=\"https:\/\/www.pressenza.com\/wp-content\/uploads\/2016\/12\/viva-la-costituzione.jpg\" \/>\n\t<meta property=\"og:image:width\" content=\"1800\" \/>\n\t<meta property=\"og:image:height\" content=\"1200\" \/>\n\t<meta property=\"og:image:type\" content=\"image\/jpeg\" \/>\n<meta name=\"author\" content=\"Rocco Artifoni\" \/>\n<meta name=\"twitter:card\" content=\"summary_large_image\" \/>\n<meta name=\"twitter:creator\" content=\"@PressenzaIPA\" \/>\n<meta name=\"twitter:site\" content=\"@PressenzaIPA\" \/>\n<meta name=\"twitter:label1\" content=\"Scritto da\" \/>\n\t<meta name=\"twitter:data1\" content=\"Rocco Artifoni\" \/>\n\t<meta name=\"twitter:label2\" content=\"Tempo di lettura stimato\" \/>\n\t<meta name=\"twitter:data2\" content=\"2 minuti\" \/>\n<script type=\"application\/ld+json\" class=\"yoast-schema-graph\">{\"@context\":\"https:\/\/schema.org\",\"@graph\":[{\"@type\":\"Article\",\"@id\":\"https:\/\/www.pressenza.com\/it\/2022\/10\/il-governo-il-popolo-e-la-matematica\/#article\",\"isPartOf\":{\"@id\":\"https:\/\/www.pressenza.com\/it\/2022\/10\/il-governo-il-popolo-e-la-matematica\/\"},\"author\":{\"name\":\"Rocco Artifoni\",\"@id\":\"https:\/\/www.pressenza.com\/it\/#\/schema\/person\/47253bd773bfdc8f669fc1a490a0d099\"},\"headline\":\"Il governo, il popolo e la matematica\",\"datePublished\":\"2022-10-17T14:41:22+00:00\",\"mainEntityOfPage\":{\"@id\":\"https:\/\/www.pressenza.com\/it\/2022\/10\/il-governo-il-popolo-e-la-matematica\/\"},\"wordCount\":430,\"publisher\":{\"@id\":\"https:\/\/www.pressenza.com\/it\/#organization\"},\"image\":{\"@id\":\"https:\/\/www.pressenza.com\/it\/2022\/10\/il-governo-il-popolo-e-la-matematica\/#primaryimage\"},\"thumbnailUrl\":\"https:\/\/www.pressenza.com\/wp-content\/uploads\/2016\/12\/viva-la-costituzione.jpg\",\"keywords\":[\"Costituzione italiana\",\"Democrazia\",\"elezioni\",\"popolo\"],\"articleSection\":[\"Comunicati Stampa\",\"Diritti Umani\",\"Educazione\",\"Europa\"],\"inLanguage\":\"it-IT\"},{\"@type\":\"WebPage\",\"@id\":\"https:\/\/www.pressenza.com\/it\/2022\/10\/il-governo-il-popolo-e-la-matematica\/\",\"url\":\"https:\/\/www.pressenza.com\/it\/2022\/10\/il-governo-il-popolo-e-la-matematica\/\",\"name\":\"Il governo, il popolo e la matematica\",\"isPartOf\":{\"@id\":\"https:\/\/www.pressenza.com\/it\/#website\"},\"primaryImageOfPage\":{\"@id\":\"https:\/\/www.pressenza.com\/it\/2022\/10\/il-governo-il-popolo-e-la-matematica\/#primaryimage\"},\"image\":{\"@id\":\"https:\/\/www.pressenza.com\/it\/2022\/10\/il-governo-il-popolo-e-la-matematica\/#primaryimage\"},\"thumbnailUrl\":\"https:\/\/www.pressenza.com\/wp-content\/uploads\/2016\/12\/viva-la-costituzione.jpg\",\"datePublished\":\"2022-10-17T14:41:22+00:00\",\"description\":\"La matematica \u00e8 spesso la bestia nera di molti studenti. Ma pare che sia ostica anche per alcuni politici. Negli ultimi giorni si sono sentite frasi come\",\"breadcrumb\":{\"@id\":\"https:\/\/www.pressenza.com\/it\/2022\/10\/il-governo-il-popolo-e-la-matematica\/#breadcrumb\"},\"inLanguage\":\"it-IT\",\"potentialAction\":[{\"@type\":\"ReadAction\",\"target\":[\"https:\/\/www.pressenza.com\/it\/2022\/10\/il-governo-il-popolo-e-la-matematica\/\"]}]},{\"@type\":\"ImageObject\",\"inLanguage\":\"it-IT\",\"@id\":\"https:\/\/www.pressenza.com\/it\/2022\/10\/il-governo-il-popolo-e-la-matematica\/#primaryimage\",\"url\":\"https:\/\/www.pressenza.com\/wp-content\/uploads\/2016\/12\/viva-la-costituzione.jpg\",\"contentUrl\":\"https:\/\/www.pressenza.com\/wp-content\/uploads\/2016\/12\/viva-la-costituzione.jpg\",\"width\":1800,\"height\":1200,\"caption\":\"Viva la Costituzione\"},{\"@type\":\"BreadcrumbList\",\"@id\":\"https:\/\/www.pressenza.com\/it\/2022\/10\/il-governo-il-popolo-e-la-matematica\/#breadcrumb\",\"itemListElement\":[{\"@type\":\"ListItem\",\"position\":1,\"name\":\"Accueil\",\"item\":\"https:\/\/www.pressenza.com\/it\/\"},{\"@type\":\"ListItem\",\"position\":2,\"name\":\"Il governo, il popolo e la matematica\"}]},{\"@type\":\"WebSite\",\"@id\":\"https:\/\/www.pressenza.com\/it\/#website\",\"url\":\"https:\/\/www.pressenza.com\/it\/\",\"name\":\"Pressenza\",\"description\":\"Agenzia di Stampa Internazionale\",\"publisher\":{\"@id\":\"https:\/\/www.pressenza.com\/it\/#organization\"},\"potentialAction\":[{\"@type\":\"SearchAction\",\"target\":{\"@type\":\"EntryPoint\",\"urlTemplate\":\"https:\/\/www.pressenza.com\/it\/?s={search_term_string}\"},\"query-input\":{\"@type\":\"PropertyValueSpecification\",\"valueRequired\":true,\"valueName\":\"search_term_string\"}}],\"inLanguage\":\"it-IT\"},{\"@type\":\"Organization\",\"@id\":\"https:\/\/www.pressenza.com\/it\/#organization\",\"name\":\"Pressenza\",\"url\":\"https:\/\/www.pressenza.com\/it\/\",\"logo\":{\"@type\":\"ImageObject\",\"inLanguage\":\"it-IT\",\"@id\":\"https:\/\/www.pressenza.com\/it\/#\/schema\/logo\/image\/\",\"url\":\"https:\/\/www.pressenza.com\/wp-content\/uploads\/2022\/10\/pressenza_logo_200x200.jpg\",\"contentUrl\":\"https:\/\/www.pressenza.com\/wp-content\/uploads\/2022\/10\/pressenza_logo_200x200.jpg\",\"width\":200,\"height\":200,\"caption\":\"Pressenza\"},\"image\":{\"@id\":\"https:\/\/www.pressenza.com\/it\/#\/schema\/logo\/image\/\"},\"sameAs\":[\"https:\/\/www.facebook.com\/PressenzaItalia\",\"https:\/\/x.com\/PressenzaIPA\"]},{\"@type\":\"Person\",\"@id\":\"https:\/\/www.pressenza.com\/it\/#\/schema\/person\/47253bd773bfdc8f669fc1a490a0d099\",\"name\":\"Rocco Artifoni\",\"description\":\"Rocco Artifoni \u00e8 nato a Bergamo nel 1960. \u00c8 presidente nazionale dell\u2019Associazione per la Riduzione del Debito Pubblico (www.ardep.it) e referente per la Lombardia dell\u2019Associazione Art. 53 (www.articolo53.it). Principali appartenenze e impegni locali (provincia di Bergamo): Consiglio Direttivo della Fondazione Serughetti La Porta (www.laportabergamo.it), Comitato provinciale per l\u2019abolizione delle barriere architettoniche (www.diversabile.it), Coordinamento provinciale di Libera (www.liberabg.it), Comitato bergamasco per la difesa della Costituzione (www.salviamolacostituzione.bg.it), Scuola di educazione e formazione alla politica We Care (www.scuolawecare.it), Redazione della rivista L\u2019Incontro e delle Edizioni Gruppo Aeper (www.aeper.it). Nel 2014 ha pubblicato insieme a Filippo Pizzolato \u201cL\u2019ABC della Costituzione\u201d per le Edizioni Gruppo Aeper con prefazione di don Luigi Ciotti. Nel 2018, insieme a Francesco Gesualdi e Antonio De Lellis, per CADTM Italia ha pubblicato il dossier \u201cFisco &amp; Debito. Gli effetti delle controriforme fiscali sul nostro debito pubblico\u201d.\",\"url\":\"https:\/\/www.pressenza.com\/it\/author\/rocco-artifoni\/\"}]}<\/script>\n<!-- \/ Yoast SEO plugin. -->","yoast_head_json":{"title":"Il governo, il popolo e la matematica","description":"La matematica \u00e8 spesso la bestia nera di molti studenti. Ma pare che sia ostica anche per alcuni politici. Negli ultimi giorni si sono sentite frasi come","robots":{"index":"index","follow":"follow","max-snippet":"max-snippet:-1","max-image-preview":"max-image-preview:large","max-video-preview":"max-video-preview:-1"},"canonical":"https:\/\/www.pressenza.com\/it\/2022\/10\/il-governo-il-popolo-e-la-matematica\/","og_locale":"it_IT","og_type":"article","og_title":"Il governo, il popolo e la matematica","og_description":"La matematica \u00e8 spesso la bestia nera di molti studenti. Ma pare che sia ostica anche per alcuni politici. Negli ultimi giorni si sono sentite frasi come","og_url":"https:\/\/www.pressenza.com\/it\/2022\/10\/il-governo-il-popolo-e-la-matematica\/","og_site_name":"Pressenza","article_publisher":"https:\/\/www.facebook.com\/PressenzaItalia","article_published_time":"2022-10-17T14:41:22+00:00","og_image":[{"width":1800,"height":1200,"url":"https:\/\/www.pressenza.com\/wp-content\/uploads\/2016\/12\/viva-la-costituzione.jpg","type":"image\/jpeg"}],"author":"Rocco Artifoni","twitter_card":"summary_large_image","twitter_creator":"@PressenzaIPA","twitter_site":"@PressenzaIPA","twitter_misc":{"Scritto da":"Rocco Artifoni","Tempo di lettura stimato":"2 minuti"},"schema":{"@context":"https:\/\/schema.org","@graph":[{"@type":"Article","@id":"https:\/\/www.pressenza.com\/it\/2022\/10\/il-governo-il-popolo-e-la-matematica\/#article","isPartOf":{"@id":"https:\/\/www.pressenza.com\/it\/2022\/10\/il-governo-il-popolo-e-la-matematica\/"},"author":{"name":"Rocco Artifoni","@id":"https:\/\/www.pressenza.com\/it\/#\/schema\/person\/47253bd773bfdc8f669fc1a490a0d099"},"headline":"Il governo, il popolo e la matematica","datePublished":"2022-10-17T14:41:22+00:00","mainEntityOfPage":{"@id":"https:\/\/www.pressenza.com\/it\/2022\/10\/il-governo-il-popolo-e-la-matematica\/"},"wordCount":430,"publisher":{"@id":"https:\/\/www.pressenza.com\/it\/#organization"},"image":{"@id":"https:\/\/www.pressenza.com\/it\/2022\/10\/il-governo-il-popolo-e-la-matematica\/#primaryimage"},"thumbnailUrl":"https:\/\/www.pressenza.com\/wp-content\/uploads\/2016\/12\/viva-la-costituzione.jpg","keywords":["Costituzione italiana","Democrazia","elezioni","popolo"],"articleSection":["Comunicati Stampa","Diritti Umani","Educazione","Europa"],"inLanguage":"it-IT"},{"@type":"WebPage","@id":"https:\/\/www.pressenza.com\/it\/2022\/10\/il-governo-il-popolo-e-la-matematica\/","url":"https:\/\/www.pressenza.com\/it\/2022\/10\/il-governo-il-popolo-e-la-matematica\/","name":"Il governo, il popolo e la matematica","isPartOf":{"@id":"https:\/\/www.pressenza.com\/it\/#website"},"primaryImageOfPage":{"@id":"https:\/\/www.pressenza.com\/it\/2022\/10\/il-governo-il-popolo-e-la-matematica\/#primaryimage"},"image":{"@id":"https:\/\/www.pressenza.com\/it\/2022\/10\/il-governo-il-popolo-e-la-matematica\/#primaryimage"},"thumbnailUrl":"https:\/\/www.pressenza.com\/wp-content\/uploads\/2016\/12\/viva-la-costituzione.jpg","datePublished":"2022-10-17T14:41:22+00:00","description":"La matematica \u00e8 spesso la bestia nera di molti studenti. Ma pare che sia ostica anche per alcuni politici. Negli ultimi giorni si sono sentite frasi come","breadcrumb":{"@id":"https:\/\/www.pressenza.com\/it\/2022\/10\/il-governo-il-popolo-e-la-matematica\/#breadcrumb"},"inLanguage":"it-IT","potentialAction":[{"@type":"ReadAction","target":["https:\/\/www.pressenza.com\/it\/2022\/10\/il-governo-il-popolo-e-la-matematica\/"]}]},{"@type":"ImageObject","inLanguage":"it-IT","@id":"https:\/\/www.pressenza.com\/it\/2022\/10\/il-governo-il-popolo-e-la-matematica\/#primaryimage","url":"https:\/\/www.pressenza.com\/wp-content\/uploads\/2016\/12\/viva-la-costituzione.jpg","contentUrl":"https:\/\/www.pressenza.com\/wp-content\/uploads\/2016\/12\/viva-la-costituzione.jpg","width":1800,"height":1200,"caption":"Viva la Costituzione"},{"@type":"BreadcrumbList","@id":"https:\/\/www.pressenza.com\/it\/2022\/10\/il-governo-il-popolo-e-la-matematica\/#breadcrumb","itemListElement":[{"@type":"ListItem","position":1,"name":"Accueil","item":"https:\/\/www.pressenza.com\/it\/"},{"@type":"ListItem","position":2,"name":"Il governo, il popolo e la matematica"}]},{"@type":"WebSite","@id":"https:\/\/www.pressenza.com\/it\/#website","url":"https:\/\/www.pressenza.com\/it\/","name":"Pressenza","description":"Agenzia di Stampa Internazionale","publisher":{"@id":"https:\/\/www.pressenza.com\/it\/#organization"},"potentialAction":[{"@type":"SearchAction","target":{"@type":"EntryPoint","urlTemplate":"https:\/\/www.pressenza.com\/it\/?s={search_term_string}"},"query-input":{"@type":"PropertyValueSpecification","valueRequired":true,"valueName":"search_term_string"}}],"inLanguage":"it-IT"},{"@type":"Organization","@id":"https:\/\/www.pressenza.com\/it\/#organization","name":"Pressenza","url":"https:\/\/www.pressenza.com\/it\/","logo":{"@type":"ImageObject","inLanguage":"it-IT","@id":"https:\/\/www.pressenza.com\/it\/#\/schema\/logo\/image\/","url":"https:\/\/www.pressenza.com\/wp-content\/uploads\/2022\/10\/pressenza_logo_200x200.jpg","contentUrl":"https:\/\/www.pressenza.com\/wp-content\/uploads\/2022\/10\/pressenza_logo_200x200.jpg","width":200,"height":200,"caption":"Pressenza"},"image":{"@id":"https:\/\/www.pressenza.com\/it\/#\/schema\/logo\/image\/"},"sameAs":["https:\/\/www.facebook.com\/PressenzaItalia","https:\/\/x.com\/PressenzaIPA"]},{"@type":"Person","@id":"https:\/\/www.pressenza.com\/it\/#\/schema\/person\/47253bd773bfdc8f669fc1a490a0d099","name":"Rocco Artifoni","description":"Rocco Artifoni \u00e8 nato a Bergamo nel 1960. \u00c8 presidente nazionale dell\u2019Associazione per la Riduzione del Debito Pubblico (www.ardep.it) e referente per la Lombardia dell\u2019Associazione Art. 53 (www.articolo53.it). Principali appartenenze e impegni locali (provincia di Bergamo): Consiglio Direttivo della Fondazione Serughetti La Porta (www.laportabergamo.it), Comitato provinciale per l\u2019abolizione delle barriere architettoniche (www.diversabile.it), Coordinamento provinciale di Libera (www.liberabg.it), Comitato bergamasco per la difesa della Costituzione (www.salviamolacostituzione.bg.it), Scuola di educazione e formazione alla politica We Care (www.scuolawecare.it), Redazione della rivista L\u2019Incontro e delle Edizioni Gruppo Aeper (www.aeper.it). Nel 2014 ha pubblicato insieme a Filippo Pizzolato \u201cL\u2019ABC della Costituzione\u201d per le Edizioni Gruppo Aeper con prefazione di don Luigi Ciotti. Nel 2018, insieme a Francesco Gesualdi e Antonio De Lellis, per CADTM Italia ha pubblicato il dossier \u201cFisco &amp; Debito. Gli effetti delle controriforme fiscali sul nostro debito pubblico\u201d.","url":"https:\/\/www.pressenza.com\/it\/author\/rocco-artifoni\/"}]}},"place":"","original_article_url":"","_links":{"self":[{"href":"https:\/\/www.pressenza.com\/it\/wp-json\/wp\/v2\/posts\/1684075","targetHints":{"allow":["GET"]}}],"collection":[{"href":"https:\/\/www.pressenza.com\/it\/wp-json\/wp\/v2\/posts"}],"about":[{"href":"https:\/\/www.pressenza.com\/it\/wp-json\/wp\/v2\/types\/post"}],"author":[{"embeddable":true,"href":"https:\/\/www.pressenza.com\/it\/wp-json\/wp\/v2\/users\/1280"}],"replies":[{"embeddable":true,"href":"https:\/\/www.pressenza.com\/it\/wp-json\/wp\/v2\/comments?post=1684075"}],"version-history":[{"count":0,"href":"https:\/\/www.pressenza.com\/it\/wp-json\/wp\/v2\/posts\/1684075\/revisions"}],"wp:featuredmedia":[{"embeddable":true,"href":"https:\/\/www.pressenza.com\/it\/wp-json\/wp\/v2\/media\/405384"}],"wp:attachment":[{"href":"https:\/\/www.pressenza.com\/it\/wp-json\/wp\/v2\/media?parent=1684075"}],"wp:term":[{"taxonomy":"category","embeddable":true,"href":"https:\/\/www.pressenza.com\/it\/wp-json\/wp\/v2\/categories?post=1684075"},{"taxonomy":"post_tag","embeddable":true,"href":"https:\/\/www.pressenza.com\/it\/wp-json\/wp\/v2\/tags?post=1684075"}],"curies":[{"name":"wp","href":"https:\/\/api.w.org\/{rel}","templated":true}]}}