{"id":1682138,"date":"2022-10-16T11:16:30","date_gmt":"2022-10-16T10:16:30","guid":{"rendered":"https:\/\/www.pressenza.com\/?p=1682138"},"modified":"2022-10-16T11:20:02","modified_gmt":"2022-10-16T10:20:02","slug":"ancona-imponente-manifestazione-a-un-mese-dallalluvione","status":"publish","type":"post","link":"https:\/\/www.pressenza.com\/it\/2022\/10\/ancona-imponente-manifestazione-a-un-mese-dallalluvione\/","title":{"rendered":"Ancona, imponente manifestazione a un mese dall\u2019alluvione"},"content":{"rendered":"<p>Venerd\u00ec 23 settembre in occasione della mobilitazione di Fridays for Future ad Ancona, iniziata davanti alla Regione con la colata di fango sulla scalinata di accesso alla porta principale, immagini che hanno fatto il giro dei principali quotidiani nazionali, l\u2019annuncio era stato chiaro e perentorio: il 15 ottobre, a un mese esatto dall\u2019alluvione che ha colpito Senigallia e ampie parti dell\u2019entroterra, ritorneremo.<\/p>\n<p>E cos\u00ec \u00e8 stato. Ieri pomeriggio in centinaia si sono dati appuntamento al concentramento della Fiera della Pesca, zona sud del porto anconetano. Alla fine si sono contate circa duemila persone, provenienti da tutta la regione, con una presenza diversa e qualificata di delegazioni \u00a0nazionali, a dimostrazione che la protesta di ieri convocata da Spazio Autogestito Arvultura di Senigalla, Fridays for Future, Trivello Zero Marche e Campagna fuori dal fossile ha assunto un valore rilevante, saldando i contenuti di carattere ambientale a \u00a0quelli sociali.<\/p>\n<p>Il 23 settembre lo striscione di apertura, \u201cNoi sporchi di fango voi sporchi di sangue\u201d,\u00a0 era stato inevitabilmente incentrato sulla stretta attualit\u00e0, sul vergognoso ritardo dei soccorsi, sulle tredici vittime (una, la signora Brunella Chiu, \u00e8 ancora dispersa) a fronte della generosit\u00e0 e della solidariet\u00e0 con cui centinaia di volontari, in prevalenza giovani, che sin dalle prime ore si erano adoperati per soccorrere le popolazioni colpite, impegno andato avanti per due settimane, tramite il coordinamento nato grazie\u00a0 a Spazio Autogestito Arvultura, diventato il punto di riferimento,\u00a0 Brigate di Solidariet\u00e0 attiva, Brigate per l\u2019emergenza e Potere al Popolo. Questa volta sulla spinta delle tante proteste nate in tutta Italia sul caro bollette e pi\u00f9 in generale contro l\u2019insostenibile e insopportabile carovita, temi ambientali e questione sociale hanno trovato un\u2019efficace sintesi nella parola d\u2019ordine: \u201cBasta pagare\u201d.<\/p>\n<p>Basta pagare le conseguenze di politiche devastanti per i territori, incuranti della tutela e della salute delle persone, del rispetto dell\u2019habitat, di cui la vicenda senigalliese \u00e8 un triste ed emblematico esempio.<\/p>\n<p>Basta a pagare la crisi sociale con un impoverimento generalizzato, iniziato ben prima della tremenda guerra in Ucraina, che sta portando il mondo sull\u2019orlo della catastrofe nucleare, un conflitto che ha solo dato il pretesto alla speculazione di sfruttare l\u2019opportunit\u00e0 per massacrare i redditi dei lavoratori e delle fasce sociali marginali, per incrementare profitti e guadagni in Borsa.<\/p>\n<p>Erano anni che Ancona e le Marche non vedevano sfilare una manifestazione cos\u00ec imponente, con tanti giovani, alcune decine di manifestanti provenienti dai territori alluvionati. Purtroppo alcune concomitanti assemblee nell\u2019entroterra dove stanno sorgendo spontaneamente numerosi comitati, hanno un po\u2019 limitato la partecipazione delle zone colpite, ma ci sar\u00e0 tempo per nuovi appuntamenti.<\/p>\n<p><img loading=\"lazy\" decoding=\"async\" class=\"aligncenter wp-image-1682149 size-full\" src=\"https:\/\/www.pressenza.com\/wp-content\/uploads\/2022\/10\/Ancona-gente-1.jpg\" alt=\"\" width=\"759\" height=\"613\" srcset=\"https:\/\/www.pressenza.com\/wp-content\/uploads\/2022\/10\/Ancona-gente-1.jpg 759w, https:\/\/www.pressenza.com\/wp-content\/uploads\/2022\/10\/Ancona-gente-1-300x242.jpg 300w\" sizes=\"auto, (max-width: 759px) 100vw, 759px\" \/><\/p>\n<p><img loading=\"lazy\" decoding=\"async\" class=\"aligncenter wp-image-1682169 size-full\" src=\"https:\/\/www.pressenza.com\/wp-content\/uploads\/2022\/10\/Ancora-striscione-1.jpg\" alt=\"\" width=\"1385\" height=\"640\" srcset=\"https:\/\/www.pressenza.com\/wp-content\/uploads\/2022\/10\/Ancora-striscione-1.jpg 1385w, https:\/\/www.pressenza.com\/wp-content\/uploads\/2022\/10\/Ancora-striscione-1-300x139.jpg 300w, https:\/\/www.pressenza.com\/wp-content\/uploads\/2022\/10\/Ancora-striscione-1-820x379.jpg 820w\" sizes=\"auto, (max-width: 1385px) 100vw, 1385px\" \/><\/p>\n<p>In ogni caso a fianco di tanti marchigiani, hanno sfilato abruzzesi, arrivati con un pullman, che da anni si battono contro \u00a0le trivellazioni e gli altri progetti impattanti, romani dei Cobas, brindisini del movimento \u201cNo tap\u201d, altra battaglia storica del Sud contro le \u201cgrandi opere\u201d e una delegazione dei disoccupati napoletani (il \u00a05 novembre ci sar\u00e0 un appuntamento proprio nel capoluogo campano nell\u2019ambito della campagna \u201cNoi non paghiamo\u201d) e altri ancora provenienti da Rimini, Ravenna e Bologna. Piombino, dove da mesi \u00e8 in atto una mobilitazione della comunit\u00e0 locale contro il rigassificatore, non potendo essere presente si \u00e8 collegata via video.<\/p>\n<p>Da rilevare l\u2019atteggiamento provocatorio e intransigente della Questura, che probabilmente per far pagare la protesta del fango di settembre ha imposto delle prescrizioni molto dure, con un percorso assai pi\u00f9 ridotto rispetto all\u2019abituale tragitto che di solito prevede l\u2019attraversamento completo del centro e del corso principale, di sabato sempre estremamente affollato.<\/p>\n<p>Ad un certo punto uno sbarramento di blindati e di transenne si \u00e8 posto di traverso tentando di interrompere la manifestazione, ma la forza del corteo ha alla fine prevalso. Da notare che mentre si teneva la trattativa con la polizia, improvvisamente si sono aggregati decine di giovanissimi tra i tredici e i quindici anni, spesso etichettati dalla cronache locali come \u201cbaby gang\u201d (il problema indubbiamente esiste anche da queste parti, ma non pu\u00f2 essere affrontato in modo scandalistico e semplicistico), teenagers che spontaneamente, dopo un atteggiamento indifferente e anche un po\u2019 ironico, si sono messi alla testa del corteo nonostante le intimidazioni di alcuni ineffabili agenti della Digos, infastiditi dai fumogeni di cui erano entrati in possesso. Ne \u00e8 nato un fuori programma simpatico e anche importante. Alla fine lo sbarramento \u00e8 stato tolto, il corteo \u00e8 proseguito per concludersi nella centrale Piazza Roma, dove si sono succeduti numerosi interventi. La bella giornata \u00e8 terminata con il fal\u00f2 delle bollette, come sta avvenendo in molti parti d\u2019Italia.<\/p>\n<p><img loading=\"lazy\" decoding=\"async\" class=\"aligncenter wp-image-1682159 size-full\" src=\"https:\/\/www.pressenza.com\/wp-content\/uploads\/2022\/10\/Ancona-gente.jpg\" alt=\"\" width=\"1280\" height=\"960\" srcset=\"https:\/\/www.pressenza.com\/wp-content\/uploads\/2022\/10\/Ancona-gente.jpg 1280w, https:\/\/www.pressenza.com\/wp-content\/uploads\/2022\/10\/Ancona-gente-300x225.jpg 300w, https:\/\/www.pressenza.com\/wp-content\/uploads\/2022\/10\/Ancona-gente-820x615.jpg 820w\" sizes=\"auto, (max-width: 1280px) 100vw, 1280px\" \/><\/p>\n<p>In conclusione la manifestazione di ieri si \u00e8 rivelata importante per i segnali inequivocabili che ha lanciato soprattutto alla Regione, entrata nell\u2019occhio del ciclone per l\u2019iniziale assenza nel coordinare e attivare i soccorsi (nelle ore in cui gi\u00e0 la tragedia si stava palesando il Presidente della giunta Acquaroli era tranquillamente a cena) e nel modo in cui sta gestendo il post-alluvione. Un clamoroso scivolone lo ha compiuto il capogruppo di FdI Carlo Ciccioli, tristemente noto ad Ancona negli anni Settanta per le sue \u201cimprese\u201d squadriste nel Movimento Sociale, la cui frase su chi era \u201cal posto sbagliato nel momento sbagliato\u201d, non solo ha fatto il giro della stampa e delle televisioni\u00a0 nazionali, ma soprattutto ha provocato l\u2019incazzatura degli abitanti dei territori alluvionati, zone fino a ieri fedeli votanti del centro-destra, in particolare del partito della Meloni.<\/p>\n<p>Ora per chi a Senigallia e non solo, in questa prima fase si \u00e8 posto come punto di riferimento rilevante, si tratta di continuare a lavorare per riportare i contenuti espressi dalla manifestazione di sabato sul piano locale. Dopo l\u2019alluvione del 2014, dove tutto sommato la consapevolezza delle ragioni del disastro sostanzialmente non c\u2019era stata, l\u2019impegno della gente si era incentrato, anche giustamente, solamente sui rimborsi; questa volta, anche nelle prime assemblee molto partecipate, \u00e8 risultato chiaro a tutti che non ci si trova di fronte a qualcosa di occasionale, che capita ogni mille anni, come ha incredibilmente affermato il vertice della Protezione civile, ma ad eventi provocati dal cambiamento climatico, di fronte ai quali bisogna radicalmente cambiare rotta. E questo non \u00e8 poco.<\/p>\n<p>&nbsp;<\/p>\n","protected":false},"excerpt":{"rendered":"<p>Venerd\u00ec 23 settembre in occasione della mobilitazione di Fridays for Future ad Ancona, iniziata davanti alla Regione con la colata di fango sulla scalinata di accesso alla porta principale, immagini che hanno fatto il giro dei principali quotidiani nazionali, l\u2019annuncio&hellip;<\/p>\n","protected":false},"author":2112,"featured_media":1682139,"comment_status":"closed","ping_status":"closed","sticky":false,"template":"","format":"standard","meta":{"footnotes":""},"categories":[11388,59,62,47],"tags":[7978,9775,17195,318,75632],"class_list":["post-1682138","post","type-post","status-publish","format-standard","has-post-thumbnail","hentry","category-contenuti-originali","category-ambiente-ecologia","category-economia","category-europa","tag-alluvione","tag-cambiamento-climatico","tag-crisi-sociale","tag-manifestazione","tag-marche-it"],"yoast_head":"<!-- This site is optimized with the Yoast SEO plugin v27.1.1 - https:\/\/yoast.com\/product\/yoast-seo-wordpress\/ -->\n<title>Ancona, imponente manifestazione a un mese dall\u2019alluvione<\/title>\n<meta name=\"description\" content=\"Venerd\u00ec 23 settembre in occasione della mobilitazione di Fridays for Future ad Ancona, iniziata davanti alla Regione con la colata di fango sulla\" \/>\n<meta name=\"robots\" content=\"index, follow, max-snippet:-1, max-image-preview:large, max-video-preview:-1\" \/>\n<link rel=\"canonical\" href=\"https:\/\/www.pressenza.com\/it\/2022\/10\/ancona-imponente-manifestazione-a-un-mese-dallalluvione\/\" \/>\n<meta property=\"og:locale\" content=\"it_IT\" \/>\n<meta property=\"og:type\" content=\"article\" \/>\n<meta property=\"og:title\" content=\"Ancona, imponente manifestazione a un mese dall\u2019alluvione\" \/>\n<meta property=\"og:description\" content=\"Venerd\u00ec 23 settembre in occasione della mobilitazione di Fridays for Future ad Ancona, iniziata davanti alla Regione con la colata di fango sulla\" \/>\n<meta property=\"og:url\" content=\"https:\/\/www.pressenza.com\/it\/2022\/10\/ancona-imponente-manifestazione-a-un-mese-dallalluvione\/\" \/>\n<meta property=\"og:site_name\" content=\"Pressenza\" \/>\n<meta property=\"article:publisher\" content=\"https:\/\/www.facebook.com\/PressenzaItalia\" \/>\n<meta property=\"article:published_time\" content=\"2022-10-16T10:16:30+00:00\" \/>\n<meta property=\"article:modified_time\" content=\"2022-10-16T10:20:02+00:00\" \/>\n<meta property=\"og:image\" content=\"https:\/\/www.pressenza.com\/wp-content\/uploads\/2022\/10\/Ancora-15.8.2002-striscione.jpg\" \/>\n\t<meta property=\"og:image:width\" content=\"1024\" \/>\n\t<meta property=\"og:image:height\" content=\"768\" \/>\n\t<meta property=\"og:image:type\" content=\"image\/jpeg\" \/>\n<meta name=\"author\" content=\"Sergio Sinigaglia\" \/>\n<meta name=\"twitter:card\" content=\"summary_large_image\" \/>\n<meta name=\"twitter:creator\" content=\"@PressenzaIPA\" \/>\n<meta name=\"twitter:site\" content=\"@PressenzaIPA\" \/>\n<meta name=\"twitter:label1\" content=\"Scritto da\" \/>\n\t<meta name=\"twitter:data1\" content=\"Sergio Sinigaglia\" \/>\n\t<meta name=\"twitter:label2\" content=\"Tempo di lettura stimato\" \/>\n\t<meta name=\"twitter:data2\" content=\"6 minuti\" \/>\n<script type=\"application\/ld+json\" class=\"yoast-schema-graph\">{\"@context\":\"https:\/\/schema.org\",\"@graph\":[{\"@type\":\"Article\",\"@id\":\"https:\/\/www.pressenza.com\/it\/2022\/10\/ancona-imponente-manifestazione-a-un-mese-dallalluvione\/#article\",\"isPartOf\":{\"@id\":\"https:\/\/www.pressenza.com\/it\/2022\/10\/ancona-imponente-manifestazione-a-un-mese-dallalluvione\/\"},\"author\":{\"name\":\"Sergio Sinigaglia\",\"@id\":\"https:\/\/www.pressenza.com\/it\/#\/schema\/person\/a1e9a2c1532b36b29d4776bb9701d842\"},\"headline\":\"Ancona, imponente manifestazione a un mese dall\u2019alluvione\",\"datePublished\":\"2022-10-16T10:16:30+00:00\",\"dateModified\":\"2022-10-16T10:20:02+00:00\",\"mainEntityOfPage\":{\"@id\":\"https:\/\/www.pressenza.com\/it\/2022\/10\/ancona-imponente-manifestazione-a-un-mese-dallalluvione\/\"},\"wordCount\":1014,\"publisher\":{\"@id\":\"https:\/\/www.pressenza.com\/it\/#organization\"},\"image\":{\"@id\":\"https:\/\/www.pressenza.com\/it\/2022\/10\/ancona-imponente-manifestazione-a-un-mese-dallalluvione\/#primaryimage\"},\"thumbnailUrl\":\"https:\/\/www.pressenza.com\/wp-content\/uploads\/2022\/10\/Ancora-15.8.2002-striscione.jpg\",\"keywords\":[\"alluvione\",\"cambiamento climatico\",\"crisi sociale\",\"manifestazione\",\"marche\"],\"articleSection\":[\"contenuti originali\",\"Ecologia ed Ambiente\",\"Economia\",\"Europa\"],\"inLanguage\":\"it-IT\"},{\"@type\":\"WebPage\",\"@id\":\"https:\/\/www.pressenza.com\/it\/2022\/10\/ancona-imponente-manifestazione-a-un-mese-dallalluvione\/\",\"url\":\"https:\/\/www.pressenza.com\/it\/2022\/10\/ancona-imponente-manifestazione-a-un-mese-dallalluvione\/\",\"name\":\"Ancona, imponente manifestazione a un mese dall\u2019alluvione\",\"isPartOf\":{\"@id\":\"https:\/\/www.pressenza.com\/it\/#website\"},\"primaryImageOfPage\":{\"@id\":\"https:\/\/www.pressenza.com\/it\/2022\/10\/ancona-imponente-manifestazione-a-un-mese-dallalluvione\/#primaryimage\"},\"image\":{\"@id\":\"https:\/\/www.pressenza.com\/it\/2022\/10\/ancona-imponente-manifestazione-a-un-mese-dallalluvione\/#primaryimage\"},\"thumbnailUrl\":\"https:\/\/www.pressenza.com\/wp-content\/uploads\/2022\/10\/Ancora-15.8.2002-striscione.jpg\",\"datePublished\":\"2022-10-16T10:16:30+00:00\",\"dateModified\":\"2022-10-16T10:20:02+00:00\",\"description\":\"Venerd\u00ec 23 settembre in occasione della mobilitazione di Fridays for Future ad Ancona, iniziata davanti alla Regione con la colata di fango sulla\",\"breadcrumb\":{\"@id\":\"https:\/\/www.pressenza.com\/it\/2022\/10\/ancona-imponente-manifestazione-a-un-mese-dallalluvione\/#breadcrumb\"},\"inLanguage\":\"it-IT\",\"potentialAction\":[{\"@type\":\"ReadAction\",\"target\":[\"https:\/\/www.pressenza.com\/it\/2022\/10\/ancona-imponente-manifestazione-a-un-mese-dallalluvione\/\"]}]},{\"@type\":\"ImageObject\",\"inLanguage\":\"it-IT\",\"@id\":\"https:\/\/www.pressenza.com\/it\/2022\/10\/ancona-imponente-manifestazione-a-un-mese-dallalluvione\/#primaryimage\",\"url\":\"https:\/\/www.pressenza.com\/wp-content\/uploads\/2022\/10\/Ancora-15.8.2002-striscione.jpg\",\"contentUrl\":\"https:\/\/www.pressenza.com\/wp-content\/uploads\/2022\/10\/Ancora-15.8.2002-striscione.jpg\",\"width\":1024,\"height\":768},{\"@type\":\"BreadcrumbList\",\"@id\":\"https:\/\/www.pressenza.com\/it\/2022\/10\/ancona-imponente-manifestazione-a-un-mese-dallalluvione\/#breadcrumb\",\"itemListElement\":[{\"@type\":\"ListItem\",\"position\":1,\"name\":\"Accueil\",\"item\":\"https:\/\/www.pressenza.com\/it\/\"},{\"@type\":\"ListItem\",\"position\":2,\"name\":\"Ancona, imponente manifestazione a un mese dall\u2019alluvione\"}]},{\"@type\":\"WebSite\",\"@id\":\"https:\/\/www.pressenza.com\/it\/#website\",\"url\":\"https:\/\/www.pressenza.com\/it\/\",\"name\":\"Pressenza\",\"description\":\"Agenzia di Stampa Internazionale\",\"publisher\":{\"@id\":\"https:\/\/www.pressenza.com\/it\/#organization\"},\"potentialAction\":[{\"@type\":\"SearchAction\",\"target\":{\"@type\":\"EntryPoint\",\"urlTemplate\":\"https:\/\/www.pressenza.com\/it\/?s={search_term_string}\"},\"query-input\":{\"@type\":\"PropertyValueSpecification\",\"valueRequired\":true,\"valueName\":\"search_term_string\"}}],\"inLanguage\":\"it-IT\"},{\"@type\":\"Organization\",\"@id\":\"https:\/\/www.pressenza.com\/it\/#organization\",\"name\":\"Pressenza\",\"url\":\"https:\/\/www.pressenza.com\/it\/\",\"logo\":{\"@type\":\"ImageObject\",\"inLanguage\":\"it-IT\",\"@id\":\"https:\/\/www.pressenza.com\/it\/#\/schema\/logo\/image\/\",\"url\":\"https:\/\/www.pressenza.com\/wp-content\/uploads\/2022\/10\/pressenza_logo_200x200.jpg\",\"contentUrl\":\"https:\/\/www.pressenza.com\/wp-content\/uploads\/2022\/10\/pressenza_logo_200x200.jpg\",\"width\":200,\"height\":200,\"caption\":\"Pressenza\"},\"image\":{\"@id\":\"https:\/\/www.pressenza.com\/it\/#\/schema\/logo\/image\/\"},\"sameAs\":[\"https:\/\/www.facebook.com\/PressenzaItalia\",\"https:\/\/x.com\/PressenzaIPA\"]},{\"@type\":\"Person\",\"@id\":\"https:\/\/www.pressenza.com\/it\/#\/schema\/person\/a1e9a2c1532b36b29d4776bb9701d842\",\"name\":\"Sergio Sinigaglia\",\"url\":\"https:\/\/www.pressenza.com\/it\/author\/sergio-sinigaglia\/\"}]}<\/script>\n<!-- \/ Yoast SEO plugin. -->","yoast_head_json":{"title":"Ancona, imponente manifestazione a un mese dall\u2019alluvione","description":"Venerd\u00ec 23 settembre in occasione della mobilitazione di Fridays for Future ad Ancona, iniziata davanti alla Regione con la colata di fango sulla","robots":{"index":"index","follow":"follow","max-snippet":"max-snippet:-1","max-image-preview":"max-image-preview:large","max-video-preview":"max-video-preview:-1"},"canonical":"https:\/\/www.pressenza.com\/it\/2022\/10\/ancona-imponente-manifestazione-a-un-mese-dallalluvione\/","og_locale":"it_IT","og_type":"article","og_title":"Ancona, imponente manifestazione a un mese dall\u2019alluvione","og_description":"Venerd\u00ec 23 settembre in occasione della mobilitazione di Fridays for Future ad Ancona, iniziata davanti alla Regione con la colata di fango sulla","og_url":"https:\/\/www.pressenza.com\/it\/2022\/10\/ancona-imponente-manifestazione-a-un-mese-dallalluvione\/","og_site_name":"Pressenza","article_publisher":"https:\/\/www.facebook.com\/PressenzaItalia","article_published_time":"2022-10-16T10:16:30+00:00","article_modified_time":"2022-10-16T10:20:02+00:00","og_image":[{"width":1024,"height":768,"url":"https:\/\/www.pressenza.com\/wp-content\/uploads\/2022\/10\/Ancora-15.8.2002-striscione.jpg","type":"image\/jpeg"}],"author":"Sergio Sinigaglia","twitter_card":"summary_large_image","twitter_creator":"@PressenzaIPA","twitter_site":"@PressenzaIPA","twitter_misc":{"Scritto da":"Sergio Sinigaglia","Tempo di lettura stimato":"6 minuti"},"schema":{"@context":"https:\/\/schema.org","@graph":[{"@type":"Article","@id":"https:\/\/www.pressenza.com\/it\/2022\/10\/ancona-imponente-manifestazione-a-un-mese-dallalluvione\/#article","isPartOf":{"@id":"https:\/\/www.pressenza.com\/it\/2022\/10\/ancona-imponente-manifestazione-a-un-mese-dallalluvione\/"},"author":{"name":"Sergio Sinigaglia","@id":"https:\/\/www.pressenza.com\/it\/#\/schema\/person\/a1e9a2c1532b36b29d4776bb9701d842"},"headline":"Ancona, imponente manifestazione a un mese dall\u2019alluvione","datePublished":"2022-10-16T10:16:30+00:00","dateModified":"2022-10-16T10:20:02+00:00","mainEntityOfPage":{"@id":"https:\/\/www.pressenza.com\/it\/2022\/10\/ancona-imponente-manifestazione-a-un-mese-dallalluvione\/"},"wordCount":1014,"publisher":{"@id":"https:\/\/www.pressenza.com\/it\/#organization"},"image":{"@id":"https:\/\/www.pressenza.com\/it\/2022\/10\/ancona-imponente-manifestazione-a-un-mese-dallalluvione\/#primaryimage"},"thumbnailUrl":"https:\/\/www.pressenza.com\/wp-content\/uploads\/2022\/10\/Ancora-15.8.2002-striscione.jpg","keywords":["alluvione","cambiamento climatico","crisi sociale","manifestazione","marche"],"articleSection":["contenuti originali","Ecologia ed Ambiente","Economia","Europa"],"inLanguage":"it-IT"},{"@type":"WebPage","@id":"https:\/\/www.pressenza.com\/it\/2022\/10\/ancona-imponente-manifestazione-a-un-mese-dallalluvione\/","url":"https:\/\/www.pressenza.com\/it\/2022\/10\/ancona-imponente-manifestazione-a-un-mese-dallalluvione\/","name":"Ancona, imponente manifestazione a un mese dall\u2019alluvione","isPartOf":{"@id":"https:\/\/www.pressenza.com\/it\/#website"},"primaryImageOfPage":{"@id":"https:\/\/www.pressenza.com\/it\/2022\/10\/ancona-imponente-manifestazione-a-un-mese-dallalluvione\/#primaryimage"},"image":{"@id":"https:\/\/www.pressenza.com\/it\/2022\/10\/ancona-imponente-manifestazione-a-un-mese-dallalluvione\/#primaryimage"},"thumbnailUrl":"https:\/\/www.pressenza.com\/wp-content\/uploads\/2022\/10\/Ancora-15.8.2002-striscione.jpg","datePublished":"2022-10-16T10:16:30+00:00","dateModified":"2022-10-16T10:20:02+00:00","description":"Venerd\u00ec 23 settembre in occasione della mobilitazione di Fridays for Future ad Ancona, iniziata davanti alla Regione con la colata di fango sulla","breadcrumb":{"@id":"https:\/\/www.pressenza.com\/it\/2022\/10\/ancona-imponente-manifestazione-a-un-mese-dallalluvione\/#breadcrumb"},"inLanguage":"it-IT","potentialAction":[{"@type":"ReadAction","target":["https:\/\/www.pressenza.com\/it\/2022\/10\/ancona-imponente-manifestazione-a-un-mese-dallalluvione\/"]}]},{"@type":"ImageObject","inLanguage":"it-IT","@id":"https:\/\/www.pressenza.com\/it\/2022\/10\/ancona-imponente-manifestazione-a-un-mese-dallalluvione\/#primaryimage","url":"https:\/\/www.pressenza.com\/wp-content\/uploads\/2022\/10\/Ancora-15.8.2002-striscione.jpg","contentUrl":"https:\/\/www.pressenza.com\/wp-content\/uploads\/2022\/10\/Ancora-15.8.2002-striscione.jpg","width":1024,"height":768},{"@type":"BreadcrumbList","@id":"https:\/\/www.pressenza.com\/it\/2022\/10\/ancona-imponente-manifestazione-a-un-mese-dallalluvione\/#breadcrumb","itemListElement":[{"@type":"ListItem","position":1,"name":"Accueil","item":"https:\/\/www.pressenza.com\/it\/"},{"@type":"ListItem","position":2,"name":"Ancona, imponente manifestazione a un mese dall\u2019alluvione"}]},{"@type":"WebSite","@id":"https:\/\/www.pressenza.com\/it\/#website","url":"https:\/\/www.pressenza.com\/it\/","name":"Pressenza","description":"Agenzia di Stampa Internazionale","publisher":{"@id":"https:\/\/www.pressenza.com\/it\/#organization"},"potentialAction":[{"@type":"SearchAction","target":{"@type":"EntryPoint","urlTemplate":"https:\/\/www.pressenza.com\/it\/?s={search_term_string}"},"query-input":{"@type":"PropertyValueSpecification","valueRequired":true,"valueName":"search_term_string"}}],"inLanguage":"it-IT"},{"@type":"Organization","@id":"https:\/\/www.pressenza.com\/it\/#organization","name":"Pressenza","url":"https:\/\/www.pressenza.com\/it\/","logo":{"@type":"ImageObject","inLanguage":"it-IT","@id":"https:\/\/www.pressenza.com\/it\/#\/schema\/logo\/image\/","url":"https:\/\/www.pressenza.com\/wp-content\/uploads\/2022\/10\/pressenza_logo_200x200.jpg","contentUrl":"https:\/\/www.pressenza.com\/wp-content\/uploads\/2022\/10\/pressenza_logo_200x200.jpg","width":200,"height":200,"caption":"Pressenza"},"image":{"@id":"https:\/\/www.pressenza.com\/it\/#\/schema\/logo\/image\/"},"sameAs":["https:\/\/www.facebook.com\/PressenzaItalia","https:\/\/x.com\/PressenzaIPA"]},{"@type":"Person","@id":"https:\/\/www.pressenza.com\/it\/#\/schema\/person\/a1e9a2c1532b36b29d4776bb9701d842","name":"Sergio Sinigaglia","url":"https:\/\/www.pressenza.com\/it\/author\/sergio-sinigaglia\/"}]}},"place":"Ancona","original_article_url":"","_links":{"self":[{"href":"https:\/\/www.pressenza.com\/it\/wp-json\/wp\/v2\/posts\/1682138","targetHints":{"allow":["GET"]}}],"collection":[{"href":"https:\/\/www.pressenza.com\/it\/wp-json\/wp\/v2\/posts"}],"about":[{"href":"https:\/\/www.pressenza.com\/it\/wp-json\/wp\/v2\/types\/post"}],"author":[{"embeddable":true,"href":"https:\/\/www.pressenza.com\/it\/wp-json\/wp\/v2\/users\/2112"}],"replies":[{"embeddable":true,"href":"https:\/\/www.pressenza.com\/it\/wp-json\/wp\/v2\/comments?post=1682138"}],"version-history":[{"count":0,"href":"https:\/\/www.pressenza.com\/it\/wp-json\/wp\/v2\/posts\/1682138\/revisions"}],"wp:featuredmedia":[{"embeddable":true,"href":"https:\/\/www.pressenza.com\/it\/wp-json\/wp\/v2\/media\/1682139"}],"wp:attachment":[{"href":"https:\/\/www.pressenza.com\/it\/wp-json\/wp\/v2\/media?parent=1682138"}],"wp:term":[{"taxonomy":"category","embeddable":true,"href":"https:\/\/www.pressenza.com\/it\/wp-json\/wp\/v2\/categories?post=1682138"},{"taxonomy":"post_tag","embeddable":true,"href":"https:\/\/www.pressenza.com\/it\/wp-json\/wp\/v2\/tags?post=1682138"}],"curies":[{"name":"wp","href":"https:\/\/api.w.org\/{rel}","templated":true}]}}