{"id":167265,"date":"2015-03-04T09:35:21","date_gmt":"2015-03-04T09:35:21","guid":{"rendered":"http:\/\/www.pressenza.com\/?p=167265"},"modified":"2015-03-04T09:35:31","modified_gmt":"2015-03-04T09:35:31","slug":"a-bologna-la-prima-comunita-agricola-solidale","status":"publish","type":"post","link":"https:\/\/www.pressenza.com\/it\/2015\/03\/a-bologna-la-prima-comunita-agricola-solidale\/","title":{"rendered":"A Bologna la prima comunit\u00e0 agricola solidale"},"content":{"rendered":"<p>La cooperativa Arvaia, di Bologna, \u00e8 la prima &#8220;comunit\u00e0 agricola solidale&#8221; d&#8217;Italia, avendo deciso di realizzare il primo esempio in Italia di Community Supported Agricolture: circa 80 soci della cooperativa, che \u00e8 nata due anni fa e coltiva con metodo biologico 3 ettari di terra alle porte del capoluogo emiliano, hanno &#8220;coperto&#8221; con una sorta di pre-acquisto il budget annuale delle attivit\u00e0 agricole di Arvaia, compreso quanto necessario a remunerare i 4 contadini che lavorano <em>part-time<\/em>\u00a0 i terreni. Ogni socio, che sceglie di farsi carico del &#8220;rischio industriale&#8221;, ricever\u00e0 la propria cassetta di verdure settimanale.<\/p>\n<p>&nbsp;<\/p>\n","protected":false},"excerpt":{"rendered":"<p>La cooperativa Arvaia, di Bologna, \u00e8 la prima &#8220;comunit\u00e0 agricola solidale&#8221; d&#8217;Italia, avendo deciso di realizzare il primo esempio in Italia di Community Supported Agricolture: circa 80 soci della cooperativa, che \u00e8 nata due anni fa e coltiva con metodo&hellip;<\/p>\n","protected":false},"author":1101,"featured_media":167268,"comment_status":"closed","ping_status":"open","sticky":false,"template":"","format":"standard","meta":{"footnotes":""},"categories":[150,59,47],"tags":[6192],"class_list":["post-167265","post","type-post","status-publish","format-standard","has-post-thumbnail","hentry","category-comunicati-stampa","category-ambiente-ecologia","category-europa","tag-agricoltura-biologica"],"yoast_head":"<!-- This site is optimized with the Yoast SEO plugin v27.1.1 - https:\/\/yoast.com\/product\/yoast-seo-wordpress\/ -->\n<title>A Bologna la prima comunit\u00e0 agricola solidale<\/title>\n<meta name=\"description\" content=\"La cooperativa Arvaia, di Bologna, \u00e8 la prima &quot;comunit\u00e0 agricola solidale&quot; d&#039;Italia, avendo deciso di realizzare il primo esempio in Italia di Community\" \/>\n<meta name=\"robots\" content=\"index, follow, max-snippet:-1, max-image-preview:large, max-video-preview:-1\" \/>\n<link rel=\"canonical\" href=\"https:\/\/www.pressenza.com\/it\/2015\/03\/a-bologna-la-prima-comunita-agricola-solidale\/\" \/>\n<meta property=\"og:locale\" content=\"it_IT\" \/>\n<meta property=\"og:type\" content=\"article\" \/>\n<meta property=\"og:title\" content=\"A Bologna la prima comunit\u00e0 agricola solidale\" \/>\n<meta property=\"og:description\" content=\"La cooperativa Arvaia, di Bologna, \u00e8 la prima &quot;comunit\u00e0 agricola solidale&quot; d&#039;Italia, avendo deciso di realizzare il primo esempio in Italia di Community\" \/>\n<meta property=\"og:url\" content=\"https:\/\/www.pressenza.com\/it\/2015\/03\/a-bologna-la-prima-comunita-agricola-solidale\/\" \/>\n<meta property=\"og:site_name\" content=\"Pressenza\" \/>\n<meta property=\"article:publisher\" content=\"https:\/\/www.facebook.com\/PressenzaItalia\" \/>\n<meta property=\"article:published_time\" content=\"2015-03-04T09:35:21+00:00\" \/>\n<meta property=\"article:modified_time\" content=\"2015-03-04T09:35:31+00:00\" \/>\n<meta property=\"og:image\" content=\"https:\/\/www.pressenza.com\/wp-content\/uploads\/2015\/03\/arvaia.jpg\" \/>\n\t<meta property=\"og:image:width\" content=\"1170\" \/>\n\t<meta property=\"og:image:height\" content=\"400\" \/>\n\t<meta property=\"og:image:type\" content=\"image\/jpeg\" \/>\n<meta name=\"author\" content=\"altreconomia\" \/>\n<meta name=\"twitter:card\" content=\"summary_large_image\" \/>\n<meta name=\"twitter:creator\" content=\"@PressenzaIPA\" \/>\n<meta name=\"twitter:site\" content=\"@PressenzaIPA\" \/>\n<meta name=\"twitter:label1\" content=\"Scritto da\" \/>\n\t<meta name=\"twitter:data1\" content=\"altreconomia\" \/>\n<script type=\"application\/ld+json\" class=\"yoast-schema-graph\">{\"@context\":\"https:\/\/schema.org\",\"@graph\":[{\"@type\":\"Article\",\"@id\":\"https:\/\/www.pressenza.com\/it\/2015\/03\/a-bologna-la-prima-comunita-agricola-solidale\/#article\",\"isPartOf\":{\"@id\":\"https:\/\/www.pressenza.com\/it\/2015\/03\/a-bologna-la-prima-comunita-agricola-solidale\/\"},\"author\":{\"name\":\"altreconomia\",\"@id\":\"https:\/\/www.pressenza.com\/it\/#\/schema\/person\/c2c6e3bfd7515ea5101a4946203e660a\"},\"headline\":\"A Bologna la prima comunit\u00e0 agricola solidale\",\"datePublished\":\"2015-03-04T09:35:21+00:00\",\"dateModified\":\"2015-03-04T09:35:31+00:00\",\"mainEntityOfPage\":{\"@id\":\"https:\/\/www.pressenza.com\/it\/2015\/03\/a-bologna-la-prima-comunita-agricola-solidale\/\"},\"wordCount\":99,\"publisher\":{\"@id\":\"https:\/\/www.pressenza.com\/it\/#organization\"},\"image\":{\"@id\":\"https:\/\/www.pressenza.com\/it\/2015\/03\/a-bologna-la-prima-comunita-agricola-solidale\/#primaryimage\"},\"thumbnailUrl\":\"https:\/\/www.pressenza.com\/wp-content\/uploads\/2015\/03\/arvaia.jpg\",\"keywords\":[\"agricoltura biologica\"],\"articleSection\":[\"Comunicati Stampa\",\"Ecologia ed Ambiente\",\"Europa\"],\"inLanguage\":\"it-IT\"},{\"@type\":\"WebPage\",\"@id\":\"https:\/\/www.pressenza.com\/it\/2015\/03\/a-bologna-la-prima-comunita-agricola-solidale\/\",\"url\":\"https:\/\/www.pressenza.com\/it\/2015\/03\/a-bologna-la-prima-comunita-agricola-solidale\/\",\"name\":\"A Bologna la prima comunit\u00e0 agricola solidale\",\"isPartOf\":{\"@id\":\"https:\/\/www.pressenza.com\/it\/#website\"},\"primaryImageOfPage\":{\"@id\":\"https:\/\/www.pressenza.com\/it\/2015\/03\/a-bologna-la-prima-comunita-agricola-solidale\/#primaryimage\"},\"image\":{\"@id\":\"https:\/\/www.pressenza.com\/it\/2015\/03\/a-bologna-la-prima-comunita-agricola-solidale\/#primaryimage\"},\"thumbnailUrl\":\"https:\/\/www.pressenza.com\/wp-content\/uploads\/2015\/03\/arvaia.jpg\",\"datePublished\":\"2015-03-04T09:35:21+00:00\",\"dateModified\":\"2015-03-04T09:35:31+00:00\",\"description\":\"La cooperativa Arvaia, di Bologna, \u00e8 la prima \\\"comunit\u00e0 agricola solidale\\\" d'Italia, avendo deciso di realizzare il primo esempio in Italia di Community\",\"breadcrumb\":{\"@id\":\"https:\/\/www.pressenza.com\/it\/2015\/03\/a-bologna-la-prima-comunita-agricola-solidale\/#breadcrumb\"},\"inLanguage\":\"it-IT\",\"potentialAction\":[{\"@type\":\"ReadAction\",\"target\":[\"https:\/\/www.pressenza.com\/it\/2015\/03\/a-bologna-la-prima-comunita-agricola-solidale\/\"]}]},{\"@type\":\"ImageObject\",\"inLanguage\":\"it-IT\",\"@id\":\"https:\/\/www.pressenza.com\/it\/2015\/03\/a-bologna-la-prima-comunita-agricola-solidale\/#primaryimage\",\"url\":\"https:\/\/www.pressenza.com\/wp-content\/uploads\/2015\/03\/arvaia.jpg\",\"contentUrl\":\"https:\/\/www.pressenza.com\/wp-content\/uploads\/2015\/03\/arvaia.jpg\",\"width\":1170,\"height\":400},{\"@type\":\"BreadcrumbList\",\"@id\":\"https:\/\/www.pressenza.com\/it\/2015\/03\/a-bologna-la-prima-comunita-agricola-solidale\/#breadcrumb\",\"itemListElement\":[{\"@type\":\"ListItem\",\"position\":1,\"name\":\"Accueil\",\"item\":\"https:\/\/www.pressenza.com\/it\/\"},{\"@type\":\"ListItem\",\"position\":2,\"name\":\"A Bologna la prima comunit\u00e0 agricola solidale\"}]},{\"@type\":\"WebSite\",\"@id\":\"https:\/\/www.pressenza.com\/it\/#website\",\"url\":\"https:\/\/www.pressenza.com\/it\/\",\"name\":\"Pressenza\",\"description\":\"Agenzia di Stampa Internazionale\",\"publisher\":{\"@id\":\"https:\/\/www.pressenza.com\/it\/#organization\"},\"potentialAction\":[{\"@type\":\"SearchAction\",\"target\":{\"@type\":\"EntryPoint\",\"urlTemplate\":\"https:\/\/www.pressenza.com\/it\/?s={search_term_string}\"},\"query-input\":{\"@type\":\"PropertyValueSpecification\",\"valueRequired\":true,\"valueName\":\"search_term_string\"}}],\"inLanguage\":\"it-IT\"},{\"@type\":\"Organization\",\"@id\":\"https:\/\/www.pressenza.com\/it\/#organization\",\"name\":\"Pressenza\",\"url\":\"https:\/\/www.pressenza.com\/it\/\",\"logo\":{\"@type\":\"ImageObject\",\"inLanguage\":\"it-IT\",\"@id\":\"https:\/\/www.pressenza.com\/it\/#\/schema\/logo\/image\/\",\"url\":\"https:\/\/www.pressenza.com\/wp-content\/uploads\/2022\/10\/pressenza_logo_200x200.jpg\",\"contentUrl\":\"https:\/\/www.pressenza.com\/wp-content\/uploads\/2022\/10\/pressenza_logo_200x200.jpg\",\"width\":200,\"height\":200,\"caption\":\"Pressenza\"},\"image\":{\"@id\":\"https:\/\/www.pressenza.com\/it\/#\/schema\/logo\/image\/\"},\"sameAs\":[\"https:\/\/www.facebook.com\/PressenzaItalia\",\"https:\/\/x.com\/PressenzaIPA\"]},{\"@type\":\"Person\",\"@id\":\"https:\/\/www.pressenza.com\/it\/#\/schema\/person\/c2c6e3bfd7515ea5101a4946203e660a\",\"name\":\"altreconomia\",\"description\":\"http:\/\/www.altreconomia.it\/\",\"url\":\"https:\/\/www.pressenza.com\/it\/author\/altreconomia\/\"}]}<\/script>\n<!-- \/ Yoast SEO plugin. -->","yoast_head_json":{"title":"A Bologna la prima comunit\u00e0 agricola solidale","description":"La cooperativa Arvaia, di Bologna, \u00e8 la prima \"comunit\u00e0 agricola solidale\" d'Italia, avendo deciso di realizzare il primo esempio in Italia di Community","robots":{"index":"index","follow":"follow","max-snippet":"max-snippet:-1","max-image-preview":"max-image-preview:large","max-video-preview":"max-video-preview:-1"},"canonical":"https:\/\/www.pressenza.com\/it\/2015\/03\/a-bologna-la-prima-comunita-agricola-solidale\/","og_locale":"it_IT","og_type":"article","og_title":"A Bologna la prima comunit\u00e0 agricola solidale","og_description":"La cooperativa Arvaia, di Bologna, \u00e8 la prima \"comunit\u00e0 agricola solidale\" d'Italia, avendo deciso di realizzare il primo esempio in Italia di Community","og_url":"https:\/\/www.pressenza.com\/it\/2015\/03\/a-bologna-la-prima-comunita-agricola-solidale\/","og_site_name":"Pressenza","article_publisher":"https:\/\/www.facebook.com\/PressenzaItalia","article_published_time":"2015-03-04T09:35:21+00:00","article_modified_time":"2015-03-04T09:35:31+00:00","og_image":[{"width":1170,"height":400,"url":"https:\/\/www.pressenza.com\/wp-content\/uploads\/2015\/03\/arvaia.jpg","type":"image\/jpeg"}],"author":"altreconomia","twitter_card":"summary_large_image","twitter_creator":"@PressenzaIPA","twitter_site":"@PressenzaIPA","twitter_misc":{"Scritto da":"altreconomia"},"schema":{"@context":"https:\/\/schema.org","@graph":[{"@type":"Article","@id":"https:\/\/www.pressenza.com\/it\/2015\/03\/a-bologna-la-prima-comunita-agricola-solidale\/#article","isPartOf":{"@id":"https:\/\/www.pressenza.com\/it\/2015\/03\/a-bologna-la-prima-comunita-agricola-solidale\/"},"author":{"name":"altreconomia","@id":"https:\/\/www.pressenza.com\/it\/#\/schema\/person\/c2c6e3bfd7515ea5101a4946203e660a"},"headline":"A Bologna la prima comunit\u00e0 agricola solidale","datePublished":"2015-03-04T09:35:21+00:00","dateModified":"2015-03-04T09:35:31+00:00","mainEntityOfPage":{"@id":"https:\/\/www.pressenza.com\/it\/2015\/03\/a-bologna-la-prima-comunita-agricola-solidale\/"},"wordCount":99,"publisher":{"@id":"https:\/\/www.pressenza.com\/it\/#organization"},"image":{"@id":"https:\/\/www.pressenza.com\/it\/2015\/03\/a-bologna-la-prima-comunita-agricola-solidale\/#primaryimage"},"thumbnailUrl":"https:\/\/www.pressenza.com\/wp-content\/uploads\/2015\/03\/arvaia.jpg","keywords":["agricoltura biologica"],"articleSection":["Comunicati Stampa","Ecologia ed Ambiente","Europa"],"inLanguage":"it-IT"},{"@type":"WebPage","@id":"https:\/\/www.pressenza.com\/it\/2015\/03\/a-bologna-la-prima-comunita-agricola-solidale\/","url":"https:\/\/www.pressenza.com\/it\/2015\/03\/a-bologna-la-prima-comunita-agricola-solidale\/","name":"A Bologna la prima comunit\u00e0 agricola solidale","isPartOf":{"@id":"https:\/\/www.pressenza.com\/it\/#website"},"primaryImageOfPage":{"@id":"https:\/\/www.pressenza.com\/it\/2015\/03\/a-bologna-la-prima-comunita-agricola-solidale\/#primaryimage"},"image":{"@id":"https:\/\/www.pressenza.com\/it\/2015\/03\/a-bologna-la-prima-comunita-agricola-solidale\/#primaryimage"},"thumbnailUrl":"https:\/\/www.pressenza.com\/wp-content\/uploads\/2015\/03\/arvaia.jpg","datePublished":"2015-03-04T09:35:21+00:00","dateModified":"2015-03-04T09:35:31+00:00","description":"La cooperativa Arvaia, di Bologna, \u00e8 la prima \"comunit\u00e0 agricola solidale\" d'Italia, avendo deciso di realizzare il primo esempio in Italia di Community","breadcrumb":{"@id":"https:\/\/www.pressenza.com\/it\/2015\/03\/a-bologna-la-prima-comunita-agricola-solidale\/#breadcrumb"},"inLanguage":"it-IT","potentialAction":[{"@type":"ReadAction","target":["https:\/\/www.pressenza.com\/it\/2015\/03\/a-bologna-la-prima-comunita-agricola-solidale\/"]}]},{"@type":"ImageObject","inLanguage":"it-IT","@id":"https:\/\/www.pressenza.com\/it\/2015\/03\/a-bologna-la-prima-comunita-agricola-solidale\/#primaryimage","url":"https:\/\/www.pressenza.com\/wp-content\/uploads\/2015\/03\/arvaia.jpg","contentUrl":"https:\/\/www.pressenza.com\/wp-content\/uploads\/2015\/03\/arvaia.jpg","width":1170,"height":400},{"@type":"BreadcrumbList","@id":"https:\/\/www.pressenza.com\/it\/2015\/03\/a-bologna-la-prima-comunita-agricola-solidale\/#breadcrumb","itemListElement":[{"@type":"ListItem","position":1,"name":"Accueil","item":"https:\/\/www.pressenza.com\/it\/"},{"@type":"ListItem","position":2,"name":"A Bologna la prima comunit\u00e0 agricola solidale"}]},{"@type":"WebSite","@id":"https:\/\/www.pressenza.com\/it\/#website","url":"https:\/\/www.pressenza.com\/it\/","name":"Pressenza","description":"Agenzia di Stampa Internazionale","publisher":{"@id":"https:\/\/www.pressenza.com\/it\/#organization"},"potentialAction":[{"@type":"SearchAction","target":{"@type":"EntryPoint","urlTemplate":"https:\/\/www.pressenza.com\/it\/?s={search_term_string}"},"query-input":{"@type":"PropertyValueSpecification","valueRequired":true,"valueName":"search_term_string"}}],"inLanguage":"it-IT"},{"@type":"Organization","@id":"https:\/\/www.pressenza.com\/it\/#organization","name":"Pressenza","url":"https:\/\/www.pressenza.com\/it\/","logo":{"@type":"ImageObject","inLanguage":"it-IT","@id":"https:\/\/www.pressenza.com\/it\/#\/schema\/logo\/image\/","url":"https:\/\/www.pressenza.com\/wp-content\/uploads\/2022\/10\/pressenza_logo_200x200.jpg","contentUrl":"https:\/\/www.pressenza.com\/wp-content\/uploads\/2022\/10\/pressenza_logo_200x200.jpg","width":200,"height":200,"caption":"Pressenza"},"image":{"@id":"https:\/\/www.pressenza.com\/it\/#\/schema\/logo\/image\/"},"sameAs":["https:\/\/www.facebook.com\/PressenzaItalia","https:\/\/x.com\/PressenzaIPA"]},{"@type":"Person","@id":"https:\/\/www.pressenza.com\/it\/#\/schema\/person\/c2c6e3bfd7515ea5101a4946203e660a","name":"altreconomia","description":"http:\/\/www.altreconomia.it\/","url":"https:\/\/www.pressenza.com\/it\/author\/altreconomia\/"}]}},"place":"","original_article_url":"","_links":{"self":[{"href":"https:\/\/www.pressenza.com\/it\/wp-json\/wp\/v2\/posts\/167265","targetHints":{"allow":["GET"]}}],"collection":[{"href":"https:\/\/www.pressenza.com\/it\/wp-json\/wp\/v2\/posts"}],"about":[{"href":"https:\/\/www.pressenza.com\/it\/wp-json\/wp\/v2\/types\/post"}],"author":[{"embeddable":true,"href":"https:\/\/www.pressenza.com\/it\/wp-json\/wp\/v2\/users\/1101"}],"replies":[{"embeddable":true,"href":"https:\/\/www.pressenza.com\/it\/wp-json\/wp\/v2\/comments?post=167265"}],"version-history":[{"count":0,"href":"https:\/\/www.pressenza.com\/it\/wp-json\/wp\/v2\/posts\/167265\/revisions"}],"wp:featuredmedia":[{"embeddable":true,"href":"https:\/\/www.pressenza.com\/it\/wp-json\/wp\/v2\/media\/167268"}],"wp:attachment":[{"href":"https:\/\/www.pressenza.com\/it\/wp-json\/wp\/v2\/media?parent=167265"}],"wp:term":[{"taxonomy":"category","embeddable":true,"href":"https:\/\/www.pressenza.com\/it\/wp-json\/wp\/v2\/categories?post=167265"},{"taxonomy":"post_tag","embeddable":true,"href":"https:\/\/www.pressenza.com\/it\/wp-json\/wp\/v2\/tags?post=167265"}],"curies":[{"name":"wp","href":"https:\/\/api.w.org\/{rel}","templated":true}]}}