{"id":1667240,"date":"2022-09-26T14:12:42","date_gmt":"2022-09-26T13:12:42","guid":{"rendered":"https:\/\/www.pressenza.com\/?p=1667240"},"modified":"2022-09-26T14:12:42","modified_gmt":"2022-09-26T13:12:42","slug":"avanti-con-lunione-popolare","status":"publish","type":"post","link":"https:\/\/www.pressenza.com\/it\/2022\/09\/avanti-con-lunione-popolare\/","title":{"rendered":"Avanti con l&#8217;Unione Popolare"},"content":{"rendered":"<p>&#8220;Il risultato elettorale di ieri \u00e8 stato al di sotto delle aspettative e delle nostre potenzialit\u00e0, ma le nostre ragioni restano valide. Per questo il nostro partito deve lavorare affinch\u00e9 il progetto politico nato solo il 9 luglio cresca, si radichi nei territori, sia protagonista nei conflitti e riesca a farsi conoscere anche laddove non \u00e8 riuscito ad arrivare.<\/p>\n<p>L&#8217;Italia di oggi sar\u00e0 in mano a una destra nazionalista che proseguir\u00e0 a garantire gli interessi delle fasce pi\u00f9 ricche, a sostenere le ragioni di un\u2019orrida guerra, a garantire fedelt\u00e0 alla NATO. Gli eredi di Mussolini, 100 anni dopo, vanno al potere grazie soprattutto alle scelte politiche del Partito Democratico e dei suoi alleati, che hanno portato unicamente a un peggioramento delle condizioni di vita di chi lavora o non ha reddito.<\/p>\n<p>Come nel resto d&#8217;Europa, quando le forze che si dichiarano progressiste attuano politiche neoliberiste spietate, le persone o si allontanano dalla politica (si registra il minor tasso di partecipazione al voto dal dopoguerra), o si collocano in una destra che lancia promesse destinate ad essere smentite.<\/p>\n<p>Contro entrambi gli schieramenti, per un Paese in cui si spendano risorse per sanit\u00e0, scuola, servizi e non per armare gli eserciti o per contribuire a distruggere il pianeta, bisogna costruire una vera e propria resistenza sociale e politica. Unione Popolare \u00e8 l&#8217;inizio di questo percorso di cui Rifondazione Comunista vuole essere protagonista attiva. Ringrazio le compagne e i compagni che con ogni mezzo si sono spesi in questa breve ma faticosissima campagna elettorale. Da oggi si ricomincia, aggregando nuove forze e costruendo quella partecipazione reale che la democrazia italiana non garantisce pi\u00f9&#8221;<\/p>\n<p><strong>Maurizio Acerbo<\/strong>, Segretario nazionale del Partito della Rifondazione Comunista- Sinistra Europea<\/p>\n<table>\n<tbody>\n<tr>\n<td width=\"55\">&nbsp;<\/td>\n<td width=\"1296\">&nbsp;<\/td>\n<\/tr>\n<\/tbody>\n<\/table>\n","protected":false},"excerpt":{"rendered":"<p>&#8220;Il risultato elettorale di ieri \u00e8 stato al di sotto delle aspettative e delle nostre potenzialit\u00e0, ma le nostre ragioni restano valide. Per questo il nostro partito deve lavorare affinch\u00e9 il progetto politico nato solo il 9 luglio cresca, si&hellip;<\/p>\n","protected":false},"author":2038,"featured_media":1655804,"comment_status":"closed","ping_status":"closed","sticky":false,"template":"","format":"standard","meta":{"footnotes":""},"categories":[150,47,55],"tags":[388,616,4000,103479],"class_list":["post-1667240","post","type-post","status-publish","format-standard","has-post-thumbnail","hentry","category-comunicati-stampa","category-europa","category-politica","tag-destra","tag-elezioni","tag-resistenza","tag-unione-popolare"],"yoast_head":"<!-- This site is optimized with the Yoast SEO plugin v27.1.1 - https:\/\/yoast.com\/product\/yoast-seo-wordpress\/ -->\n<title>Avanti con l&#039;Unione Popolare<\/title>\n<meta name=\"description\" content=\"&quot;Il risultato elettorale di ieri \u00e8 stato al di sotto delle aspettative e delle nostre potenzialit\u00e0, ma le nostre ragioni restano valide. Per questo il\" \/>\n<meta name=\"robots\" content=\"index, follow, max-snippet:-1, max-image-preview:large, max-video-preview:-1\" \/>\n<link rel=\"canonical\" href=\"https:\/\/www.pressenza.com\/it\/2022\/09\/avanti-con-lunione-popolare\/\" \/>\n<meta property=\"og:locale\" content=\"it_IT\" \/>\n<meta property=\"og:type\" content=\"article\" \/>\n<meta property=\"og:title\" content=\"Avanti con l&#039;Unione Popolare\" \/>\n<meta property=\"og:description\" content=\"&quot;Il risultato elettorale di ieri \u00e8 stato al di sotto delle aspettative e delle nostre potenzialit\u00e0, ma le nostre ragioni restano valide. Per questo il\" \/>\n<meta property=\"og:url\" content=\"https:\/\/www.pressenza.com\/it\/2022\/09\/avanti-con-lunione-popolare\/\" \/>\n<meta property=\"og:site_name\" content=\"Pressenza\" \/>\n<meta property=\"article:publisher\" content=\"https:\/\/www.facebook.com\/PressenzaItalia\" \/>\n<meta property=\"article:published_time\" content=\"2022-09-26T13:12:42+00:00\" \/>\n<meta property=\"og:image\" content=\"https:\/\/www.pressenza.com\/wp-content\/uploads\/2022\/09\/Unione-Popolare-Torino-1-1.jpg\" \/>\n\t<meta property=\"og:image:width\" content=\"1280\" \/>\n\t<meta property=\"og:image:height\" content=\"853\" \/>\n\t<meta property=\"og:image:type\" content=\"image\/jpeg\" \/>\n<meta name=\"author\" content=\"Rifondazione Comunista - Sinistra Europea\" \/>\n<meta name=\"twitter:card\" content=\"summary_large_image\" \/>\n<meta name=\"twitter:creator\" content=\"@PressenzaIPA\" \/>\n<meta name=\"twitter:site\" content=\"@PressenzaIPA\" \/>\n<meta name=\"twitter:label1\" content=\"Scritto da\" \/>\n\t<meta name=\"twitter:data1\" content=\"Rifondazione Comunista - Sinistra Europea\" \/>\n\t<meta name=\"twitter:label2\" content=\"Tempo di lettura stimato\" \/>\n\t<meta name=\"twitter:data2\" content=\"2 minuti\" \/>\n<script type=\"application\/ld+json\" class=\"yoast-schema-graph\">{\"@context\":\"https:\/\/schema.org\",\"@graph\":[{\"@type\":\"Article\",\"@id\":\"https:\/\/www.pressenza.com\/it\/2022\/09\/avanti-con-lunione-popolare\/#article\",\"isPartOf\":{\"@id\":\"https:\/\/www.pressenza.com\/it\/2022\/09\/avanti-con-lunione-popolare\/\"},\"author\":{\"name\":\"Rifondazione Comunista - Sinistra Europea\",\"@id\":\"https:\/\/www.pressenza.com\/it\/#\/schema\/person\/1616437d376f2be63d72c0ea224b2736\"},\"headline\":\"Avanti con l&#8217;Unione Popolare\",\"datePublished\":\"2022-09-26T13:12:42+00:00\",\"mainEntityOfPage\":{\"@id\":\"https:\/\/www.pressenza.com\/it\/2022\/09\/avanti-con-lunione-popolare\/\"},\"wordCount\":287,\"publisher\":{\"@id\":\"https:\/\/www.pressenza.com\/it\/#organization\"},\"image\":{\"@id\":\"https:\/\/www.pressenza.com\/it\/2022\/09\/avanti-con-lunione-popolare\/#primaryimage\"},\"thumbnailUrl\":\"https:\/\/www.pressenza.com\/wp-content\/uploads\/2022\/09\/Unione-Popolare-Torino-1-1.jpg\",\"keywords\":[\"destra\",\"elezioni\",\"Resistenza\",\"Unione Popolare\"],\"articleSection\":[\"Comunicati Stampa\",\"Europa\",\"Politica\"],\"inLanguage\":\"it-IT\"},{\"@type\":\"WebPage\",\"@id\":\"https:\/\/www.pressenza.com\/it\/2022\/09\/avanti-con-lunione-popolare\/\",\"url\":\"https:\/\/www.pressenza.com\/it\/2022\/09\/avanti-con-lunione-popolare\/\",\"name\":\"Avanti con l'Unione Popolare\",\"isPartOf\":{\"@id\":\"https:\/\/www.pressenza.com\/it\/#website\"},\"primaryImageOfPage\":{\"@id\":\"https:\/\/www.pressenza.com\/it\/2022\/09\/avanti-con-lunione-popolare\/#primaryimage\"},\"image\":{\"@id\":\"https:\/\/www.pressenza.com\/it\/2022\/09\/avanti-con-lunione-popolare\/#primaryimage\"},\"thumbnailUrl\":\"https:\/\/www.pressenza.com\/wp-content\/uploads\/2022\/09\/Unione-Popolare-Torino-1-1.jpg\",\"datePublished\":\"2022-09-26T13:12:42+00:00\",\"description\":\"\\\"Il risultato elettorale di ieri \u00e8 stato al di sotto delle aspettative e delle nostre potenzialit\u00e0, ma le nostre ragioni restano valide. Per questo il\",\"breadcrumb\":{\"@id\":\"https:\/\/www.pressenza.com\/it\/2022\/09\/avanti-con-lunione-popolare\/#breadcrumb\"},\"inLanguage\":\"it-IT\",\"potentialAction\":[{\"@type\":\"ReadAction\",\"target\":[\"https:\/\/www.pressenza.com\/it\/2022\/09\/avanti-con-lunione-popolare\/\"]}]},{\"@type\":\"ImageObject\",\"inLanguage\":\"it-IT\",\"@id\":\"https:\/\/www.pressenza.com\/it\/2022\/09\/avanti-con-lunione-popolare\/#primaryimage\",\"url\":\"https:\/\/www.pressenza.com\/wp-content\/uploads\/2022\/09\/Unione-Popolare-Torino-1-1.jpg\",\"contentUrl\":\"https:\/\/www.pressenza.com\/wp-content\/uploads\/2022\/09\/Unione-Popolare-Torino-1-1.jpg\",\"width\":1280,\"height\":853},{\"@type\":\"BreadcrumbList\",\"@id\":\"https:\/\/www.pressenza.com\/it\/2022\/09\/avanti-con-lunione-popolare\/#breadcrumb\",\"itemListElement\":[{\"@type\":\"ListItem\",\"position\":1,\"name\":\"Accueil\",\"item\":\"https:\/\/www.pressenza.com\/it\/\"},{\"@type\":\"ListItem\",\"position\":2,\"name\":\"Avanti con l&#8217;Unione Popolare\"}]},{\"@type\":\"WebSite\",\"@id\":\"https:\/\/www.pressenza.com\/it\/#website\",\"url\":\"https:\/\/www.pressenza.com\/it\/\",\"name\":\"Pressenza\",\"description\":\"Agenzia di Stampa Internazionale\",\"publisher\":{\"@id\":\"https:\/\/www.pressenza.com\/it\/#organization\"},\"potentialAction\":[{\"@type\":\"SearchAction\",\"target\":{\"@type\":\"EntryPoint\",\"urlTemplate\":\"https:\/\/www.pressenza.com\/it\/?s={search_term_string}\"},\"query-input\":{\"@type\":\"PropertyValueSpecification\",\"valueRequired\":true,\"valueName\":\"search_term_string\"}}],\"inLanguage\":\"it-IT\"},{\"@type\":\"Organization\",\"@id\":\"https:\/\/www.pressenza.com\/it\/#organization\",\"name\":\"Pressenza\",\"url\":\"https:\/\/www.pressenza.com\/it\/\",\"logo\":{\"@type\":\"ImageObject\",\"inLanguage\":\"it-IT\",\"@id\":\"https:\/\/www.pressenza.com\/it\/#\/schema\/logo\/image\/\",\"url\":\"https:\/\/www.pressenza.com\/wp-content\/uploads\/2022\/10\/pressenza_logo_200x200.jpg\",\"contentUrl\":\"https:\/\/www.pressenza.com\/wp-content\/uploads\/2022\/10\/pressenza_logo_200x200.jpg\",\"width\":200,\"height\":200,\"caption\":\"Pressenza\"},\"image\":{\"@id\":\"https:\/\/www.pressenza.com\/it\/#\/schema\/logo\/image\/\"},\"sameAs\":[\"https:\/\/www.facebook.com\/PressenzaItalia\",\"https:\/\/x.com\/PressenzaIPA\"]},{\"@type\":\"Person\",\"@id\":\"https:\/\/www.pressenza.com\/it\/#\/schema\/person\/1616437d376f2be63d72c0ea224b2736\",\"name\":\"Rifondazione Comunista - Sinistra Europea\",\"url\":\"https:\/\/www.pressenza.com\/it\/author\/rifondazione-comunista-sinistra-europea\/\"}]}<\/script>\n<!-- \/ Yoast SEO plugin. -->","yoast_head_json":{"title":"Avanti con l'Unione Popolare","description":"\"Il risultato elettorale di ieri \u00e8 stato al di sotto delle aspettative e delle nostre potenzialit\u00e0, ma le nostre ragioni restano valide. Per questo il","robots":{"index":"index","follow":"follow","max-snippet":"max-snippet:-1","max-image-preview":"max-image-preview:large","max-video-preview":"max-video-preview:-1"},"canonical":"https:\/\/www.pressenza.com\/it\/2022\/09\/avanti-con-lunione-popolare\/","og_locale":"it_IT","og_type":"article","og_title":"Avanti con l'Unione Popolare","og_description":"\"Il risultato elettorale di ieri \u00e8 stato al di sotto delle aspettative e delle nostre potenzialit\u00e0, ma le nostre ragioni restano valide. Per questo il","og_url":"https:\/\/www.pressenza.com\/it\/2022\/09\/avanti-con-lunione-popolare\/","og_site_name":"Pressenza","article_publisher":"https:\/\/www.facebook.com\/PressenzaItalia","article_published_time":"2022-09-26T13:12:42+00:00","og_image":[{"width":1280,"height":853,"url":"https:\/\/www.pressenza.com\/wp-content\/uploads\/2022\/09\/Unione-Popolare-Torino-1-1.jpg","type":"image\/jpeg"}],"author":"Rifondazione Comunista - Sinistra Europea","twitter_card":"summary_large_image","twitter_creator":"@PressenzaIPA","twitter_site":"@PressenzaIPA","twitter_misc":{"Scritto da":"Rifondazione Comunista - Sinistra Europea","Tempo di lettura stimato":"2 minuti"},"schema":{"@context":"https:\/\/schema.org","@graph":[{"@type":"Article","@id":"https:\/\/www.pressenza.com\/it\/2022\/09\/avanti-con-lunione-popolare\/#article","isPartOf":{"@id":"https:\/\/www.pressenza.com\/it\/2022\/09\/avanti-con-lunione-popolare\/"},"author":{"name":"Rifondazione Comunista - Sinistra Europea","@id":"https:\/\/www.pressenza.com\/it\/#\/schema\/person\/1616437d376f2be63d72c0ea224b2736"},"headline":"Avanti con l&#8217;Unione Popolare","datePublished":"2022-09-26T13:12:42+00:00","mainEntityOfPage":{"@id":"https:\/\/www.pressenza.com\/it\/2022\/09\/avanti-con-lunione-popolare\/"},"wordCount":287,"publisher":{"@id":"https:\/\/www.pressenza.com\/it\/#organization"},"image":{"@id":"https:\/\/www.pressenza.com\/it\/2022\/09\/avanti-con-lunione-popolare\/#primaryimage"},"thumbnailUrl":"https:\/\/www.pressenza.com\/wp-content\/uploads\/2022\/09\/Unione-Popolare-Torino-1-1.jpg","keywords":["destra","elezioni","Resistenza","Unione Popolare"],"articleSection":["Comunicati Stampa","Europa","Politica"],"inLanguage":"it-IT"},{"@type":"WebPage","@id":"https:\/\/www.pressenza.com\/it\/2022\/09\/avanti-con-lunione-popolare\/","url":"https:\/\/www.pressenza.com\/it\/2022\/09\/avanti-con-lunione-popolare\/","name":"Avanti con l'Unione Popolare","isPartOf":{"@id":"https:\/\/www.pressenza.com\/it\/#website"},"primaryImageOfPage":{"@id":"https:\/\/www.pressenza.com\/it\/2022\/09\/avanti-con-lunione-popolare\/#primaryimage"},"image":{"@id":"https:\/\/www.pressenza.com\/it\/2022\/09\/avanti-con-lunione-popolare\/#primaryimage"},"thumbnailUrl":"https:\/\/www.pressenza.com\/wp-content\/uploads\/2022\/09\/Unione-Popolare-Torino-1-1.jpg","datePublished":"2022-09-26T13:12:42+00:00","description":"\"Il risultato elettorale di ieri \u00e8 stato al di sotto delle aspettative e delle nostre potenzialit\u00e0, ma le nostre ragioni restano valide. Per questo il","breadcrumb":{"@id":"https:\/\/www.pressenza.com\/it\/2022\/09\/avanti-con-lunione-popolare\/#breadcrumb"},"inLanguage":"it-IT","potentialAction":[{"@type":"ReadAction","target":["https:\/\/www.pressenza.com\/it\/2022\/09\/avanti-con-lunione-popolare\/"]}]},{"@type":"ImageObject","inLanguage":"it-IT","@id":"https:\/\/www.pressenza.com\/it\/2022\/09\/avanti-con-lunione-popolare\/#primaryimage","url":"https:\/\/www.pressenza.com\/wp-content\/uploads\/2022\/09\/Unione-Popolare-Torino-1-1.jpg","contentUrl":"https:\/\/www.pressenza.com\/wp-content\/uploads\/2022\/09\/Unione-Popolare-Torino-1-1.jpg","width":1280,"height":853},{"@type":"BreadcrumbList","@id":"https:\/\/www.pressenza.com\/it\/2022\/09\/avanti-con-lunione-popolare\/#breadcrumb","itemListElement":[{"@type":"ListItem","position":1,"name":"Accueil","item":"https:\/\/www.pressenza.com\/it\/"},{"@type":"ListItem","position":2,"name":"Avanti con l&#8217;Unione Popolare"}]},{"@type":"WebSite","@id":"https:\/\/www.pressenza.com\/it\/#website","url":"https:\/\/www.pressenza.com\/it\/","name":"Pressenza","description":"Agenzia di Stampa Internazionale","publisher":{"@id":"https:\/\/www.pressenza.com\/it\/#organization"},"potentialAction":[{"@type":"SearchAction","target":{"@type":"EntryPoint","urlTemplate":"https:\/\/www.pressenza.com\/it\/?s={search_term_string}"},"query-input":{"@type":"PropertyValueSpecification","valueRequired":true,"valueName":"search_term_string"}}],"inLanguage":"it-IT"},{"@type":"Organization","@id":"https:\/\/www.pressenza.com\/it\/#organization","name":"Pressenza","url":"https:\/\/www.pressenza.com\/it\/","logo":{"@type":"ImageObject","inLanguage":"it-IT","@id":"https:\/\/www.pressenza.com\/it\/#\/schema\/logo\/image\/","url":"https:\/\/www.pressenza.com\/wp-content\/uploads\/2022\/10\/pressenza_logo_200x200.jpg","contentUrl":"https:\/\/www.pressenza.com\/wp-content\/uploads\/2022\/10\/pressenza_logo_200x200.jpg","width":200,"height":200,"caption":"Pressenza"},"image":{"@id":"https:\/\/www.pressenza.com\/it\/#\/schema\/logo\/image\/"},"sameAs":["https:\/\/www.facebook.com\/PressenzaItalia","https:\/\/x.com\/PressenzaIPA"]},{"@type":"Person","@id":"https:\/\/www.pressenza.com\/it\/#\/schema\/person\/1616437d376f2be63d72c0ea224b2736","name":"Rifondazione Comunista - Sinistra Europea","url":"https:\/\/www.pressenza.com\/it\/author\/rifondazione-comunista-sinistra-europea\/"}]}},"place":"","original_article_url":"","_links":{"self":[{"href":"https:\/\/www.pressenza.com\/it\/wp-json\/wp\/v2\/posts\/1667240","targetHints":{"allow":["GET"]}}],"collection":[{"href":"https:\/\/www.pressenza.com\/it\/wp-json\/wp\/v2\/posts"}],"about":[{"href":"https:\/\/www.pressenza.com\/it\/wp-json\/wp\/v2\/types\/post"}],"author":[{"embeddable":true,"href":"https:\/\/www.pressenza.com\/it\/wp-json\/wp\/v2\/users\/2038"}],"replies":[{"embeddable":true,"href":"https:\/\/www.pressenza.com\/it\/wp-json\/wp\/v2\/comments?post=1667240"}],"version-history":[{"count":0,"href":"https:\/\/www.pressenza.com\/it\/wp-json\/wp\/v2\/posts\/1667240\/revisions"}],"wp:featuredmedia":[{"embeddable":true,"href":"https:\/\/www.pressenza.com\/it\/wp-json\/wp\/v2\/media\/1655804"}],"wp:attachment":[{"href":"https:\/\/www.pressenza.com\/it\/wp-json\/wp\/v2\/media?parent=1667240"}],"wp:term":[{"taxonomy":"category","embeddable":true,"href":"https:\/\/www.pressenza.com\/it\/wp-json\/wp\/v2\/categories?post=1667240"},{"taxonomy":"post_tag","embeddable":true,"href":"https:\/\/www.pressenza.com\/it\/wp-json\/wp\/v2\/tags?post=1667240"}],"curies":[{"name":"wp","href":"https:\/\/api.w.org\/{rel}","templated":true}]}}