{"id":1666729,"date":"2022-09-26T08:46:52","date_gmt":"2022-09-26T07:46:52","guid":{"rendered":"https:\/\/www.pressenza.com\/?p=1666729"},"modified":"2022-09-26T08:46:52","modified_gmt":"2022-09-26T07:46:52","slug":"ieri-la-giornata-del-migrante-e-del-rifugiato","status":"publish","type":"post","link":"https:\/\/www.pressenza.com\/it\/2022\/09\/ieri-la-giornata-del-migrante-e-del-rifugiato\/","title":{"rendered":"Ieri la Giornata del Migrante e del Rifugiato"},"content":{"rendered":"<p>Occorre affrontare il vasto tema \u201cimmigrazione\u201d sgombrando il campo da ogni impressione o ragionamento superficiale, da ogni facile strumentalizzazione. E\u2019 decisivo mettere da parte la tentazione di una societ\u00e0 \u201csenza\u201d (se non \u201ccontro\u201d) quei migranti che rappresentano ormai da decenni una parte cospicua della popolazione italiana a tutti gli effetti.<br \/>\n\u00c8 necessario invece, prima di tutto, soccorrere chi rischia la propria vita in viaggi della disperazione nel mare Mediterraneo, sempre pi\u00f9 lunghi e dolorosi, come dimostra la recente, tragica, morte di 81 profughi partiti dal Libano con i barconi e naufragati al largo della Siria. Tra loro, c\u2019erano anche tanti bambini.<br \/>\nOccorre poi avere la capacit\u00e0 di accogliere e integrare.<br \/>\nI corridoi umanitari \u2013 che sono riusciti a portare in Europa oltre 7mila profughi \u2013 sono in questo senso un modello da seguire perch\u00e9 permettono di conoscere persone e famiglie testimoni di guerre e di violenze, aiutandole ad inserirsi come parte integrante della nostra societ\u00e0.<\/p>\n<p>Per \u201ccostruire il futuro\u201d con loro \u2013 tema ieri della 108esima Giornata Mondiale del Migrante e del Rifugiato \u2013 occorrono alcuni interventi che facilitino l\u2019ingresso di migranti per motivi di lavoro, di cui l\u2019Italia, in piena crisi demografica, ha estremo bisogno: ampliamento delle quote annuali, introduzione della sponsorship (persona o associazione che pu\u00f2 fare da garante per l\u2019inserimento nel mondo del lavoro), facilitazione dei ricongiungimenti familiari e un pi\u00f9 generoso ricollocamento dei profughi da parte dei paesi europei.<\/p>\n<p>L\u2019agenzia stampa Interris.it ha intervistato Marco Impagliazzo, Presidente della Comunit\u00e0 di Sant\u2019Egidio, su questi temi. Abbiamo scelto per voi alcuni passaggi dell\u2019intervista.<\/p>\n<p>Cosa fa concretamente la Comunit\u00e0 di S.Egidio per queste persone?<\/p>\n<p>\u201cC\u2019\u00e8 un servizio per l\u2019accoglienza e il sostegno di chi \u00e8 giunto da poco in Italia o negli altri paesi europei dove \u00e8 presente la Comunit\u00e0. Ma c\u2019\u00e8 soprattutto un grande impegno per l\u2019integrazione che \u00e8 \u2013 per restare sul tema della Giornata \u2013 la chiave per costruire il futuro. Le scuole di lingua e cultura italiana della Comunit\u00e0, presenti in numerose citt\u00e0 del paese, a partire da Roma, rappresentano per molti immigrati la porta per capire, conoscere, condividere tanti aspetti della nostra societ\u00e0. In queste scuole, totalmente gratuite grazie all\u2019impegno di molti volontari, sono passate migliaia di persone favorendo il loro inserimento a pieno titolo nel mondo del lavoro e pi\u00f9 in generale nel tessuto sociale delle citt\u00e0 in cui vivono. Alcune tra loro fanno oggi i mediatori culturali, altre si impegnano come volontari per aiutare i nuovi arrivati. Abbiamo attivato corsi di formazione professionale per mediatori interculturali, per i caregiver ed altro. La Comunit\u00e0 ha inoltre aperto da molti anni case di accoglienza per coloro che si trovano momentaneamente senza un luogo dove vivere in modo da accompagnarli in un percorso di autonomia\u201d.<\/p>\n<p>Quali sono le principali problematicit\u00e0 o criticit\u00e0 che vive un migrante o un rifugiato oggi in Italia?<\/p>\n<p>\u201cLe difficolt\u00e0 nascono proprio quando viene meno la capacit\u00e0 di integrare. Le istituzioni dovrebbero fare di pi\u00f9 a questo livello, dall\u2019approccio pi\u00f9 complessivo del fenomeno, che deve essere gestito e non sub\u00ecto, fino alla semplificazione di certi percorsi burocratici che rendono la vita difficile anche a chi possiede da anni un permesso di soggiorno\u201d.<\/p>\n<p>Quest\u2019anno l\u2019incontro internazionale di Preghiera per la Pace delle Religioni Mondiali del prossimo ottobre ha come titolo: \u201cIl grido della Pace\u201d. Come migranti e rifugiati possono essere \u201ccostruttori di pace\u201d?<\/p>\n<p>\u201cAbbiamo l\u2019esempio dei corridoi umanitari, che Sant\u2019Egidio ha attivato dal febbraio del 2016 con diversi alleati, dalle Chiese protestanti alla Cei, e in collaborazione con numerose associazioni presenti nei paesi di transito, come la Comunit\u00e0 Papa Giovanni XXIII e l\u2019Operazione Colomba.<br \/>\nGli oltre 7mila profughi giunti in Europa senza doversi sottoporre ai viaggi della disperazione nel Mediterraneo, testimoniano bene quanto i rifugiati da conflitti \u2013 come quelli ancora in corso in Siria o nel Corno d\u2019Africa, a cui si \u00e8 aggiunta la guerra in Ucraina \u2013 contribuiscono a costruire una cultura di pace: i loro racconti delle atrocit\u00e0 vissute, il dramma della fuga e la necessit\u00e0, quindi, di essere accolti nel nostro continente, ci aiutano a capire il dolore di tanti conflitti che altrimenti rischiano di essere lontani, anche se in realt\u00e0 molto vicini, per le conseguenze che si portano dietro. Ma anche la storia dei percorsi personali e familiari che li hanno portati ad integrarsi nella nostra societ\u00e0 aiuta a realizzare, insieme, un futuro migliore. Il loro \u201cgrido di pace\u201d risuoner\u00e0 nell\u2019incontro internazionale che vivremo a Roma dal 23 al 25 ottobre\u201d.<\/p>\n<p>Cosa chiede la Comunit\u00e0 al nuovo Governo sulle tematiche dell\u2019accoglienza?<\/p>\n<p>\u201cAl nuovo come ai vecchi governi chiediamo di avere un approccio lungimirante nei confronti del fenomeno dell\u2019immigrazione che ha diversi aspetti: quello dei profughi che fuggono dalle guerre, come quello di chi vorrebbe venire a lavorare nel nostro paese nei settori in cui c\u2019\u00e8 un urgente bisogno di lavoratori. Per quanto riguarda i terribili viaggi del mare l\u2019imperativo \u00e8 quello di soccorrere e salvare, evitando nuove morti \u2013 persino per fame per sete \u2013 causate anche da rotte sempre pi\u00f9 lunghe e pericolose. Per costruire il futuro occorrono interventi che prevedano quote pi\u00f9 ampie di ingresso regolare per motivi di lavoro, l\u2019introduzione della sponsorship (persona o associazione che pu\u00f2 fare da garante per l\u2019inserimento nel mondo del lavoro), la facilitazione dei ricongiungimenti familiari, solo per fare alcuni esempi. Occorre lavorare di pi\u00f9 sul tema dell\u2019integrazione per facilitarne i percorsi. Si pensi al tema della cittadinanza per chi nasce e studia nel nostro paese. E\u2019 dal 2004 che Sant\u2019Egidio propone di concedere la cittadinanza ai minori che sono nati e studiano nel paese, che oggi si chiama ius scholae\u201d.<\/p>\n","protected":false},"excerpt":{"rendered":"<p>Occorre affrontare il vasto tema \u201cimmigrazione\u201d sgombrando il campo da ogni impressione o ragionamento superficiale, da ogni facile strumentalizzazione. E\u2019 decisivo mettere da parte la tentazione di una societ\u00e0 \u201csenza\u201d (se non \u201ccontro\u201d) quei migranti che rappresentano ormai da decenni&hellip;<\/p>\n","protected":false},"author":594,"featured_media":1584494,"comment_status":"closed","ping_status":"closed","sticky":false,"template":"","format":"standard","meta":{"footnotes":""},"categories":[11388,60,47,54572],"tags":[105905,2636,3420,105904],"class_list":["post-1666729","post","type-post","status-publish","format-standard","has-post-thumbnail","hentry","category-contenuti-originali","category-diritti-umani","category-europa","category-migranti","tag-impagliazzo","tag-migranti","tag-rifugiati","tag-s-egidio"],"yoast_head":"<!-- This site is optimized with the Yoast SEO plugin v27.1.1 - https:\/\/yoast.com\/product\/yoast-seo-wordpress\/ -->\n<title>Ieri la Giornata del Migrante e del Rifugiato<\/title>\n<meta name=\"description\" content=\"Occorre affrontare il vasto tema \u201cimmigrazione\u201d sgombrando il campo da ogni impressione o ragionamento superficiale, da ogni facile strumentalizzazione.\" \/>\n<meta name=\"robots\" content=\"index, follow, max-snippet:-1, max-image-preview:large, max-video-preview:-1\" \/>\n<link rel=\"canonical\" href=\"https:\/\/www.pressenza.com\/it\/2022\/09\/ieri-la-giornata-del-migrante-e-del-rifugiato\/\" \/>\n<meta property=\"og:locale\" content=\"it_IT\" \/>\n<meta property=\"og:type\" content=\"article\" \/>\n<meta property=\"og:title\" content=\"Ieri la Giornata del Migrante e del Rifugiato\" \/>\n<meta property=\"og:description\" content=\"Occorre affrontare il vasto tema \u201cimmigrazione\u201d sgombrando il campo da ogni impressione o ragionamento superficiale, da ogni facile strumentalizzazione.\" \/>\n<meta property=\"og:url\" content=\"https:\/\/www.pressenza.com\/it\/2022\/09\/ieri-la-giornata-del-migrante-e-del-rifugiato\/\" \/>\n<meta property=\"og:site_name\" content=\"Pressenza\" \/>\n<meta property=\"article:publisher\" content=\"https:\/\/www.facebook.com\/PressenzaItalia\" \/>\n<meta property=\"article:author\" content=\"https:\/\/www.facebook.com\/PressenzaItalia\" \/>\n<meta property=\"article:published_time\" content=\"2022-09-26T07:46:52+00:00\" \/>\n<meta property=\"og:image\" content=\"https:\/\/www.pressenza.com\/wp-content\/uploads\/2022\/05\/migranti-lungo-la-rotta-balcanica-Raimond-Spekking_rit.jpg\" \/>\n\t<meta property=\"og:image:width\" content=\"797\" \/>\n\t<meta property=\"og:image:height\" content=\"812\" \/>\n\t<meta property=\"og:image:type\" content=\"image\/jpeg\" \/>\n<meta name=\"author\" content=\"Redazione Italia\" \/>\n<meta name=\"twitter:card\" content=\"summary_large_image\" \/>\n<meta name=\"twitter:creator\" content=\"@pressenza_it\" \/>\n<meta name=\"twitter:site\" content=\"@PressenzaIPA\" \/>\n<meta name=\"twitter:label1\" content=\"Scritto da\" \/>\n\t<meta name=\"twitter:data1\" content=\"Redazione Italia\" \/>\n\t<meta name=\"twitter:label2\" content=\"Tempo di lettura stimato\" \/>\n\t<meta name=\"twitter:data2\" content=\"5 minuti\" \/>\n<script type=\"application\/ld+json\" class=\"yoast-schema-graph\">{\"@context\":\"https:\/\/schema.org\",\"@graph\":[{\"@type\":\"Article\",\"@id\":\"https:\/\/www.pressenza.com\/it\/2022\/09\/ieri-la-giornata-del-migrante-e-del-rifugiato\/#article\",\"isPartOf\":{\"@id\":\"https:\/\/www.pressenza.com\/it\/2022\/09\/ieri-la-giornata-del-migrante-e-del-rifugiato\/\"},\"author\":{\"name\":\"Redazione Italia\",\"@id\":\"https:\/\/www.pressenza.com\/it\/#\/schema\/person\/d983e81827ae24f2c7b1a2123d197f8d\"},\"headline\":\"Ieri la Giornata del Migrante e del Rifugiato\",\"datePublished\":\"2022-09-26T07:46:52+00:00\",\"mainEntityOfPage\":{\"@id\":\"https:\/\/www.pressenza.com\/it\/2022\/09\/ieri-la-giornata-del-migrante-e-del-rifugiato\/\"},\"wordCount\":937,\"publisher\":{\"@id\":\"https:\/\/www.pressenza.com\/it\/#organization\"},\"image\":{\"@id\":\"https:\/\/www.pressenza.com\/it\/2022\/09\/ieri-la-giornata-del-migrante-e-del-rifugiato\/#primaryimage\"},\"thumbnailUrl\":\"https:\/\/www.pressenza.com\/wp-content\/uploads\/2022\/05\/migranti-lungo-la-rotta-balcanica-Raimond-Spekking_rit.jpg\",\"keywords\":[\"impagliazzo\",\"migranti\",\"rifugiati\",\"s.egidio\"],\"articleSection\":[\"contenuti originali\",\"Diritti Umani\",\"Europa\",\"Migranti\"],\"inLanguage\":\"it-IT\"},{\"@type\":\"WebPage\",\"@id\":\"https:\/\/www.pressenza.com\/it\/2022\/09\/ieri-la-giornata-del-migrante-e-del-rifugiato\/\",\"url\":\"https:\/\/www.pressenza.com\/it\/2022\/09\/ieri-la-giornata-del-migrante-e-del-rifugiato\/\",\"name\":\"Ieri la Giornata del Migrante e del Rifugiato\",\"isPartOf\":{\"@id\":\"https:\/\/www.pressenza.com\/it\/#website\"},\"primaryImageOfPage\":{\"@id\":\"https:\/\/www.pressenza.com\/it\/2022\/09\/ieri-la-giornata-del-migrante-e-del-rifugiato\/#primaryimage\"},\"image\":{\"@id\":\"https:\/\/www.pressenza.com\/it\/2022\/09\/ieri-la-giornata-del-migrante-e-del-rifugiato\/#primaryimage\"},\"thumbnailUrl\":\"https:\/\/www.pressenza.com\/wp-content\/uploads\/2022\/05\/migranti-lungo-la-rotta-balcanica-Raimond-Spekking_rit.jpg\",\"datePublished\":\"2022-09-26T07:46:52+00:00\",\"description\":\"Occorre affrontare il vasto tema \u201cimmigrazione\u201d sgombrando il campo da ogni impressione o ragionamento superficiale, da ogni facile strumentalizzazione.\",\"breadcrumb\":{\"@id\":\"https:\/\/www.pressenza.com\/it\/2022\/09\/ieri-la-giornata-del-migrante-e-del-rifugiato\/#breadcrumb\"},\"inLanguage\":\"it-IT\",\"potentialAction\":[{\"@type\":\"ReadAction\",\"target\":[\"https:\/\/www.pressenza.com\/it\/2022\/09\/ieri-la-giornata-del-migrante-e-del-rifugiato\/\"]}]},{\"@type\":\"ImageObject\",\"inLanguage\":\"it-IT\",\"@id\":\"https:\/\/www.pressenza.com\/it\/2022\/09\/ieri-la-giornata-del-migrante-e-del-rifugiato\/#primaryimage\",\"url\":\"https:\/\/www.pressenza.com\/wp-content\/uploads\/2022\/05\/migranti-lungo-la-rotta-balcanica-Raimond-Spekking_rit.jpg\",\"contentUrl\":\"https:\/\/www.pressenza.com\/wp-content\/uploads\/2022\/05\/migranti-lungo-la-rotta-balcanica-Raimond-Spekking_rit.jpg\",\"width\":797,\"height\":812,\"caption\":\"Drehscheibe K\u00f6ln-Bonn Airport - Ankunft Fl\u00fcchtlinge 5. Oktober 2015\"},{\"@type\":\"BreadcrumbList\",\"@id\":\"https:\/\/www.pressenza.com\/it\/2022\/09\/ieri-la-giornata-del-migrante-e-del-rifugiato\/#breadcrumb\",\"itemListElement\":[{\"@type\":\"ListItem\",\"position\":1,\"name\":\"Accueil\",\"item\":\"https:\/\/www.pressenza.com\/it\/\"},{\"@type\":\"ListItem\",\"position\":2,\"name\":\"Ieri la Giornata del Migrante e del Rifugiato\"}]},{\"@type\":\"WebSite\",\"@id\":\"https:\/\/www.pressenza.com\/it\/#website\",\"url\":\"https:\/\/www.pressenza.com\/it\/\",\"name\":\"Pressenza\",\"description\":\"Agenzia di Stampa Internazionale\",\"publisher\":{\"@id\":\"https:\/\/www.pressenza.com\/it\/#organization\"},\"potentialAction\":[{\"@type\":\"SearchAction\",\"target\":{\"@type\":\"EntryPoint\",\"urlTemplate\":\"https:\/\/www.pressenza.com\/it\/?s={search_term_string}\"},\"query-input\":{\"@type\":\"PropertyValueSpecification\",\"valueRequired\":true,\"valueName\":\"search_term_string\"}}],\"inLanguage\":\"it-IT\"},{\"@type\":\"Organization\",\"@id\":\"https:\/\/www.pressenza.com\/it\/#organization\",\"name\":\"Pressenza\",\"url\":\"https:\/\/www.pressenza.com\/it\/\",\"logo\":{\"@type\":\"ImageObject\",\"inLanguage\":\"it-IT\",\"@id\":\"https:\/\/www.pressenza.com\/it\/#\/schema\/logo\/image\/\",\"url\":\"https:\/\/www.pressenza.com\/wp-content\/uploads\/2022\/10\/pressenza_logo_200x200.jpg\",\"contentUrl\":\"https:\/\/www.pressenza.com\/wp-content\/uploads\/2022\/10\/pressenza_logo_200x200.jpg\",\"width\":200,\"height\":200,\"caption\":\"Pressenza\"},\"image\":{\"@id\":\"https:\/\/www.pressenza.com\/it\/#\/schema\/logo\/image\/\"},\"sameAs\":[\"https:\/\/www.facebook.com\/PressenzaItalia\",\"https:\/\/x.com\/PressenzaIPA\"]},{\"@type\":\"Person\",\"@id\":\"https:\/\/www.pressenza.com\/it\/#\/schema\/person\/d983e81827ae24f2c7b1a2123d197f8d\",\"name\":\"Redazione Italia\",\"description\":\"News from the Pressenza Bureau in Italy\",\"sameAs\":[\"https:\/\/www.pressenza.com\/it\/author\/redazione-italia\/\",\"https:\/\/www.facebook.com\/PressenzaItalia\",\"https:\/\/www.instagram.com\/pressenza_italia\/\",\"https:\/\/x.com\/pressenza_it\",\"https:\/\/www.youtube.com\/channel\/UCSalEIWjE1RSxkwjfftFuqg\"],\"url\":\"https:\/\/www.pressenza.com\/it\/author\/redazione-italia\/\"}]}<\/script>\n<!-- \/ Yoast SEO plugin. -->","yoast_head_json":{"title":"Ieri la Giornata del Migrante e del Rifugiato","description":"Occorre affrontare il vasto tema \u201cimmigrazione\u201d sgombrando il campo da ogni impressione o ragionamento superficiale, da ogni facile strumentalizzazione.","robots":{"index":"index","follow":"follow","max-snippet":"max-snippet:-1","max-image-preview":"max-image-preview:large","max-video-preview":"max-video-preview:-1"},"canonical":"https:\/\/www.pressenza.com\/it\/2022\/09\/ieri-la-giornata-del-migrante-e-del-rifugiato\/","og_locale":"it_IT","og_type":"article","og_title":"Ieri la Giornata del Migrante e del Rifugiato","og_description":"Occorre affrontare il vasto tema \u201cimmigrazione\u201d sgombrando il campo da ogni impressione o ragionamento superficiale, da ogni facile strumentalizzazione.","og_url":"https:\/\/www.pressenza.com\/it\/2022\/09\/ieri-la-giornata-del-migrante-e-del-rifugiato\/","og_site_name":"Pressenza","article_publisher":"https:\/\/www.facebook.com\/PressenzaItalia","article_author":"https:\/\/www.facebook.com\/PressenzaItalia","article_published_time":"2022-09-26T07:46:52+00:00","og_image":[{"width":797,"height":812,"url":"https:\/\/www.pressenza.com\/wp-content\/uploads\/2022\/05\/migranti-lungo-la-rotta-balcanica-Raimond-Spekking_rit.jpg","type":"image\/jpeg"}],"author":"Redazione Italia","twitter_card":"summary_large_image","twitter_creator":"@pressenza_it","twitter_site":"@PressenzaIPA","twitter_misc":{"Scritto da":"Redazione Italia","Tempo di lettura stimato":"5 minuti"},"schema":{"@context":"https:\/\/schema.org","@graph":[{"@type":"Article","@id":"https:\/\/www.pressenza.com\/it\/2022\/09\/ieri-la-giornata-del-migrante-e-del-rifugiato\/#article","isPartOf":{"@id":"https:\/\/www.pressenza.com\/it\/2022\/09\/ieri-la-giornata-del-migrante-e-del-rifugiato\/"},"author":{"name":"Redazione Italia","@id":"https:\/\/www.pressenza.com\/it\/#\/schema\/person\/d983e81827ae24f2c7b1a2123d197f8d"},"headline":"Ieri la Giornata del Migrante e del Rifugiato","datePublished":"2022-09-26T07:46:52+00:00","mainEntityOfPage":{"@id":"https:\/\/www.pressenza.com\/it\/2022\/09\/ieri-la-giornata-del-migrante-e-del-rifugiato\/"},"wordCount":937,"publisher":{"@id":"https:\/\/www.pressenza.com\/it\/#organization"},"image":{"@id":"https:\/\/www.pressenza.com\/it\/2022\/09\/ieri-la-giornata-del-migrante-e-del-rifugiato\/#primaryimage"},"thumbnailUrl":"https:\/\/www.pressenza.com\/wp-content\/uploads\/2022\/05\/migranti-lungo-la-rotta-balcanica-Raimond-Spekking_rit.jpg","keywords":["impagliazzo","migranti","rifugiati","s.egidio"],"articleSection":["contenuti originali","Diritti Umani","Europa","Migranti"],"inLanguage":"it-IT"},{"@type":"WebPage","@id":"https:\/\/www.pressenza.com\/it\/2022\/09\/ieri-la-giornata-del-migrante-e-del-rifugiato\/","url":"https:\/\/www.pressenza.com\/it\/2022\/09\/ieri-la-giornata-del-migrante-e-del-rifugiato\/","name":"Ieri la Giornata del Migrante e del Rifugiato","isPartOf":{"@id":"https:\/\/www.pressenza.com\/it\/#website"},"primaryImageOfPage":{"@id":"https:\/\/www.pressenza.com\/it\/2022\/09\/ieri-la-giornata-del-migrante-e-del-rifugiato\/#primaryimage"},"image":{"@id":"https:\/\/www.pressenza.com\/it\/2022\/09\/ieri-la-giornata-del-migrante-e-del-rifugiato\/#primaryimage"},"thumbnailUrl":"https:\/\/www.pressenza.com\/wp-content\/uploads\/2022\/05\/migranti-lungo-la-rotta-balcanica-Raimond-Spekking_rit.jpg","datePublished":"2022-09-26T07:46:52+00:00","description":"Occorre affrontare il vasto tema \u201cimmigrazione\u201d sgombrando il campo da ogni impressione o ragionamento superficiale, da ogni facile strumentalizzazione.","breadcrumb":{"@id":"https:\/\/www.pressenza.com\/it\/2022\/09\/ieri-la-giornata-del-migrante-e-del-rifugiato\/#breadcrumb"},"inLanguage":"it-IT","potentialAction":[{"@type":"ReadAction","target":["https:\/\/www.pressenza.com\/it\/2022\/09\/ieri-la-giornata-del-migrante-e-del-rifugiato\/"]}]},{"@type":"ImageObject","inLanguage":"it-IT","@id":"https:\/\/www.pressenza.com\/it\/2022\/09\/ieri-la-giornata-del-migrante-e-del-rifugiato\/#primaryimage","url":"https:\/\/www.pressenza.com\/wp-content\/uploads\/2022\/05\/migranti-lungo-la-rotta-balcanica-Raimond-Spekking_rit.jpg","contentUrl":"https:\/\/www.pressenza.com\/wp-content\/uploads\/2022\/05\/migranti-lungo-la-rotta-balcanica-Raimond-Spekking_rit.jpg","width":797,"height":812,"caption":"Drehscheibe K\u00f6ln-Bonn Airport - Ankunft Fl\u00fcchtlinge 5. Oktober 2015"},{"@type":"BreadcrumbList","@id":"https:\/\/www.pressenza.com\/it\/2022\/09\/ieri-la-giornata-del-migrante-e-del-rifugiato\/#breadcrumb","itemListElement":[{"@type":"ListItem","position":1,"name":"Accueil","item":"https:\/\/www.pressenza.com\/it\/"},{"@type":"ListItem","position":2,"name":"Ieri la Giornata del Migrante e del Rifugiato"}]},{"@type":"WebSite","@id":"https:\/\/www.pressenza.com\/it\/#website","url":"https:\/\/www.pressenza.com\/it\/","name":"Pressenza","description":"Agenzia di Stampa Internazionale","publisher":{"@id":"https:\/\/www.pressenza.com\/it\/#organization"},"potentialAction":[{"@type":"SearchAction","target":{"@type":"EntryPoint","urlTemplate":"https:\/\/www.pressenza.com\/it\/?s={search_term_string}"},"query-input":{"@type":"PropertyValueSpecification","valueRequired":true,"valueName":"search_term_string"}}],"inLanguage":"it-IT"},{"@type":"Organization","@id":"https:\/\/www.pressenza.com\/it\/#organization","name":"Pressenza","url":"https:\/\/www.pressenza.com\/it\/","logo":{"@type":"ImageObject","inLanguage":"it-IT","@id":"https:\/\/www.pressenza.com\/it\/#\/schema\/logo\/image\/","url":"https:\/\/www.pressenza.com\/wp-content\/uploads\/2022\/10\/pressenza_logo_200x200.jpg","contentUrl":"https:\/\/www.pressenza.com\/wp-content\/uploads\/2022\/10\/pressenza_logo_200x200.jpg","width":200,"height":200,"caption":"Pressenza"},"image":{"@id":"https:\/\/www.pressenza.com\/it\/#\/schema\/logo\/image\/"},"sameAs":["https:\/\/www.facebook.com\/PressenzaItalia","https:\/\/x.com\/PressenzaIPA"]},{"@type":"Person","@id":"https:\/\/www.pressenza.com\/it\/#\/schema\/person\/d983e81827ae24f2c7b1a2123d197f8d","name":"Redazione Italia","description":"News from the Pressenza Bureau in Italy","sameAs":["https:\/\/www.pressenza.com\/it\/author\/redazione-italia\/","https:\/\/www.facebook.com\/PressenzaItalia","https:\/\/www.instagram.com\/pressenza_italia\/","https:\/\/x.com\/pressenza_it","https:\/\/www.youtube.com\/channel\/UCSalEIWjE1RSxkwjfftFuqg"],"url":"https:\/\/www.pressenza.com\/it\/author\/redazione-italia\/"}]}},"place":"","original_article_url":"","_links":{"self":[{"href":"https:\/\/www.pressenza.com\/it\/wp-json\/wp\/v2\/posts\/1666729","targetHints":{"allow":["GET"]}}],"collection":[{"href":"https:\/\/www.pressenza.com\/it\/wp-json\/wp\/v2\/posts"}],"about":[{"href":"https:\/\/www.pressenza.com\/it\/wp-json\/wp\/v2\/types\/post"}],"author":[{"embeddable":true,"href":"https:\/\/www.pressenza.com\/it\/wp-json\/wp\/v2\/users\/594"}],"replies":[{"embeddable":true,"href":"https:\/\/www.pressenza.com\/it\/wp-json\/wp\/v2\/comments?post=1666729"}],"version-history":[{"count":0,"href":"https:\/\/www.pressenza.com\/it\/wp-json\/wp\/v2\/posts\/1666729\/revisions"}],"wp:featuredmedia":[{"embeddable":true,"href":"https:\/\/www.pressenza.com\/it\/wp-json\/wp\/v2\/media\/1584494"}],"wp:attachment":[{"href":"https:\/\/www.pressenza.com\/it\/wp-json\/wp\/v2\/media?parent=1666729"}],"wp:term":[{"taxonomy":"category","embeddable":true,"href":"https:\/\/www.pressenza.com\/it\/wp-json\/wp\/v2\/categories?post=1666729"},{"taxonomy":"post_tag","embeddable":true,"href":"https:\/\/www.pressenza.com\/it\/wp-json\/wp\/v2\/tags?post=1666729"}],"curies":[{"name":"wp","href":"https:\/\/api.w.org\/{rel}","templated":true}]}}