{"id":1665780,"date":"2022-09-24T20:01:23","date_gmt":"2022-09-24T19:01:23","guid":{"rendered":"https:\/\/www.pressenza.com\/?p=1665780"},"modified":"2022-09-24T20:04:50","modified_gmt":"2022-09-24T19:04:50","slug":"sciopero-per-il-clima-a-milano-grandi-temi-e-battaglie-locali","status":"publish","type":"post","link":"https:\/\/www.pressenza.com\/it\/2022\/09\/sciopero-per-il-clima-a-milano-grandi-temi-e-battaglie-locali\/","title":{"rendered":"Sciopero per il clima a Milano: grandi temi e battaglie locali"},"content":{"rendered":"<p>Venerd\u00ec 23 Settembre, sciopero per il clima, alle 18 a Milano si replica per coloro che non hanno potuto partecipare alla mattinata. Pi\u00f9 di duemila persone si snodano per il centro, un po\u2019 di tutte le et\u00e0, a met\u00e0 strada tra la memoria di un\u2019estate caldissima e un autunno che inizia, vede scendere le temperature e si comincia a immaginare che dopo aver sofferto il caldo rischiamo di soffrire il freddo. I giovani di Fridays for Future gridano e a due giorni dalle elezioni quel grido sembra ancora pi\u00f9 disperato. Il tempo stringe, questa legislatura che inizia avr\u00e0 responsabilit\u00e0 enormi e qui sono tutti pronti a ricordarglielo. E lo faranno sempre pi\u00f9 spesso, con maggiore determinazione, come hanno fatto in queste ultime settimane i giovani di Ultima Generazione.<\/p>\n<p><img loading=\"lazy\" decoding=\"async\" class=\"aligncenter wp-image-1665813 size-full\" src=\"https:\/\/www.pressenza.com\/wp-content\/uploads\/2022\/09\/corteo.jpeg\" alt=\"\" width=\"1600\" height=\"1200\" srcset=\"https:\/\/www.pressenza.com\/wp-content\/uploads\/2022\/09\/corteo.jpeg 1600w, https:\/\/www.pressenza.com\/wp-content\/uploads\/2022\/09\/corteo-300x225.jpeg 300w, https:\/\/www.pressenza.com\/wp-content\/uploads\/2022\/09\/corteo-820x615.jpeg 820w\" sizes=\"auto, (max-width: 1600px) 100vw, 1600px\" \/><\/p>\n<p><img loading=\"lazy\" decoding=\"async\" class=\"aligncenter wp-image-1665825 size-full\" src=\"https:\/\/www.pressenza.com\/wp-content\/uploads\/2022\/09\/stop-war.jpeg\" alt=\"\" width=\"1600\" height=\"1200\" srcset=\"https:\/\/www.pressenza.com\/wp-content\/uploads\/2022\/09\/stop-war.jpeg 1600w, https:\/\/www.pressenza.com\/wp-content\/uploads\/2022\/09\/stop-war-300x225.jpeg 300w, https:\/\/www.pressenza.com\/wp-content\/uploads\/2022\/09\/stop-war-820x615.jpeg 820w\" sizes=\"auto, (max-width: 1600px) 100vw, 1600px\" \/><\/p>\n<p><img loading=\"lazy\" decoding=\"async\" class=\"aligncenter wp-image-1665835 size-full\" src=\"https:\/\/www.pressenza.com\/wp-content\/uploads\/2022\/09\/striscione-comitato.jpeg\" alt=\"\" width=\"1600\" height=\"1200\" srcset=\"https:\/\/www.pressenza.com\/wp-content\/uploads\/2022\/09\/striscione-comitato.jpeg 1600w, https:\/\/www.pressenza.com\/wp-content\/uploads\/2022\/09\/striscione-comitato-300x225.jpeg 300w, https:\/\/www.pressenza.com\/wp-content\/uploads\/2022\/09\/striscione-comitato-820x615.jpeg 820w\" sizes=\"auto, (max-width: 1600px) 100vw, 1600px\" \/><\/p>\n<p>In mezzo al corteo c\u2019\u00e8 anche un piccolo striscione, quello del Comitato difesa ambiente di zona 5; prenderanno la parola per ultimi, alla fine, quando Piazza Affari si \u00e8 mezza svuotata. Le loro parole sono importanti: oggi hanno iniziato altrove la manifestazione. Alle 17 erano un bel gruppo a presidiare rumorosamente il terreno recintato e abbandonato dove la Q8 in viale dei Missaglia voleva fare un distributore e dove i cittadini pretendono uno spazio verde. Poche settimane fa erano scesi per strada per cercare di fermare operai dotati di ruspe e motoseghe, i quali, sbeffeggiandoli, tagliavano gli alberi cresciuti spontaneamente. Nelle periferie di Milano i vari comitati esistenti non sanno pi\u00f9 a chi scrivere: \u201cMa possibile che il Comune pianti alberelli con grande pubblicit\u00e0, che poi in gran parte muoiono perch\u00e9 non curati, non bagnati, mentre laddove la natura da sola cresce e produce verde e ossigeno, arrivino le motoseghe e facciano piazza pulita?\u201d Finito il loro presidio si sono uniti al corteo.<\/p>\n<p><img loading=\"lazy\" decoding=\"async\" class=\"aligncenter wp-image-1665791 size-full\" src=\"https:\/\/www.pressenza.com\/wp-content\/uploads\/2022\/09\/presidio-comitato.jpeg\" alt=\"\" width=\"1024\" height=\"768\" srcset=\"https:\/\/www.pressenza.com\/wp-content\/uploads\/2022\/09\/presidio-comitato.jpeg 1024w, https:\/\/www.pressenza.com\/wp-content\/uploads\/2022\/09\/presidio-comitato-300x225.jpeg 300w, https:\/\/www.pressenza.com\/wp-content\/uploads\/2022\/09\/presidio-comitato-820x615.jpeg 820w\" sizes=\"auto, (max-width: 1024px) 100vw, 1024px\" \/><\/p>\n<p><img loading=\"lazy\" decoding=\"async\" class=\"aligncenter wp-image-1665803 size-full\" src=\"https:\/\/www.pressenza.com\/wp-content\/uploads\/2022\/09\/striscione-comitato-difesa-ambiente-rit.jpg\" alt=\"\" width=\"1083\" height=\"775\" srcset=\"https:\/\/www.pressenza.com\/wp-content\/uploads\/2022\/09\/striscione-comitato-difesa-ambiente-rit.jpg 1083w, https:\/\/www.pressenza.com\/wp-content\/uploads\/2022\/09\/striscione-comitato-difesa-ambiente-rit-300x215.jpg 300w, https:\/\/www.pressenza.com\/wp-content\/uploads\/2022\/09\/striscione-comitato-difesa-ambiente-rit-820x587.jpg 820w\" sizes=\"auto, (max-width: 1083px) 100vw, 1083px\" \/><\/p>\n<p>\u00c8 proprio Lucia, del Comitato difesa ambiente zona 5, che al microfono parla in chiusura della manifestazione unendo i grandi temi che hanno percorso il corteo con i suoi slogan e discorsi, con le piccole battaglie locali che a Milano sono tante e diffuse. Chiude cos\u00ec il suo intervento: \u201cPersonalmente partecipo da due anni all\u2019attivit\u00e0 del Comitato e posso dire che anche un piccolo gruppo di persone che crede profondamente nella difesa dell\u2019ambiente pu\u00f2 fare tantissimo\u2026 Figuriamoci se ci impegnassimo tutti.\u201d<\/p>\n<p><img loading=\"lazy\" decoding=\"async\" class=\"aligncenter wp-image-1665781 size-full\" src=\"https:\/\/www.pressenza.com\/wp-content\/uploads\/2022\/09\/intervento-Lucia-rit.jpg\" alt=\"\" width=\"1149\" height=\"771\" srcset=\"https:\/\/www.pressenza.com\/wp-content\/uploads\/2022\/09\/intervento-Lucia-rit.jpg 1149w, https:\/\/www.pressenza.com\/wp-content\/uploads\/2022\/09\/intervento-Lucia-rit-300x201.jpg 300w, https:\/\/www.pressenza.com\/wp-content\/uploads\/2022\/09\/intervento-Lucia-rit-820x550.jpg 820w\" sizes=\"auto, (max-width: 1149px) 100vw, 1149px\" \/><\/p>\n<p>Foto di Ettore Macchieraldo e Marina De Lorenzo<\/p>\n","protected":false},"excerpt":{"rendered":"<p>Venerd\u00ec 23 Settembre, sciopero per il clima, alle 18 a Milano si replica per coloro che non hanno potuto partecipare alla mattinata. Pi\u00f9 di duemila persone si snodano per il centro, un po\u2019 di tutte le et\u00e0, a met\u00e0 strada&hellip;<\/p>\n","protected":false},"author":1537,"featured_media":1665845,"comment_status":"closed","ping_status":"closed","sticky":false,"template":"","format":"standard","meta":{"footnotes":""},"categories":[11388,59,47],"tags":[91644,616,53987,54856,97370],"class_list":["post-1665780","post","type-post","status-publish","format-standard","has-post-thumbnail","hentry","category-contenuti-originali","category-ambiente-ecologia","category-europa","tag-comitato-difesa-ambiente-di-zona-5","tag-elezioni","tag-fridays-for-future","tag-sciopero-per-il-clima","tag-ultima-generazione"],"yoast_head":"<!-- This site is optimized with the Yoast SEO plugin v27.1.1 - https:\/\/yoast.com\/product\/yoast-seo-wordpress\/ -->\n<title>Sciopero per il clima a Milano: grandi temi e battaglie locali<\/title>\n<meta name=\"description\" content=\"Venerd\u00ec 23 Settembre, sciopero per il clima, alle 18 a Milano si replica per coloro che non hanno potuto partecipare alla mattinata. Pi\u00f9 di duemila\" \/>\n<meta name=\"robots\" content=\"index, follow, max-snippet:-1, max-image-preview:large, max-video-preview:-1\" \/>\n<link rel=\"canonical\" href=\"https:\/\/www.pressenza.com\/it\/2022\/09\/sciopero-per-il-clima-a-milano-grandi-temi-e-battaglie-locali\/\" \/>\n<meta property=\"og:locale\" content=\"it_IT\" \/>\n<meta property=\"og:type\" content=\"article\" \/>\n<meta property=\"og:title\" content=\"Sciopero per il clima a Milano: grandi temi e battaglie locali\" \/>\n<meta property=\"og:description\" content=\"Venerd\u00ec 23 Settembre, sciopero per il clima, alle 18 a Milano si replica per coloro che non hanno potuto partecipare alla mattinata. Pi\u00f9 di duemila\" \/>\n<meta property=\"og:url\" content=\"https:\/\/www.pressenza.com\/it\/2022\/09\/sciopero-per-il-clima-a-milano-grandi-temi-e-battaglie-locali\/\" \/>\n<meta property=\"og:site_name\" content=\"Pressenza\" \/>\n<meta property=\"article:publisher\" content=\"https:\/\/www.facebook.com\/PressenzaItalia\" \/>\n<meta property=\"article:published_time\" content=\"2022-09-24T19:01:23+00:00\" \/>\n<meta property=\"article:modified_time\" content=\"2022-09-24T19:04:50+00:00\" \/>\n<meta property=\"og:image\" content=\"https:\/\/www.pressenza.com\/wp-content\/uploads\/2022\/09\/agenda-climatica-ora.jpeg\" \/>\n\t<meta property=\"og:image:width\" content=\"1600\" \/>\n\t<meta property=\"og:image:height\" content=\"1200\" \/>\n\t<meta property=\"og:image:type\" content=\"image\/jpeg\" \/>\n<meta name=\"author\" content=\"Andrea De Lotto\" \/>\n<meta name=\"twitter:card\" content=\"summary_large_image\" \/>\n<meta name=\"twitter:creator\" content=\"@PressenzaIPA\" \/>\n<meta name=\"twitter:site\" content=\"@PressenzaIPA\" \/>\n<meta name=\"twitter:label1\" content=\"Scritto da\" \/>\n\t<meta name=\"twitter:data1\" content=\"Andrea De Lotto\" \/>\n\t<meta name=\"twitter:label2\" content=\"Tempo di lettura stimato\" \/>\n\t<meta name=\"twitter:data2\" content=\"4 minuti\" \/>\n<script type=\"application\/ld+json\" class=\"yoast-schema-graph\">{\"@context\":\"https:\/\/schema.org\",\"@graph\":[{\"@type\":\"Article\",\"@id\":\"https:\/\/www.pressenza.com\/it\/2022\/09\/sciopero-per-il-clima-a-milano-grandi-temi-e-battaglie-locali\/#article\",\"isPartOf\":{\"@id\":\"https:\/\/www.pressenza.com\/it\/2022\/09\/sciopero-per-il-clima-a-milano-grandi-temi-e-battaglie-locali\/\"},\"author\":{\"name\":\"Andrea De Lotto\",\"@id\":\"https:\/\/www.pressenza.com\/it\/#\/schema\/person\/6388dc0281afd7eeb72a1763aca696a4\"},\"headline\":\"Sciopero per il clima a Milano: grandi temi e battaglie locali\",\"datePublished\":\"2022-09-24T19:01:23+00:00\",\"dateModified\":\"2022-09-24T19:04:50+00:00\",\"mainEntityOfPage\":{\"@id\":\"https:\/\/www.pressenza.com\/it\/2022\/09\/sciopero-per-il-clima-a-milano-grandi-temi-e-battaglie-locali\/\"},\"wordCount\":387,\"publisher\":{\"@id\":\"https:\/\/www.pressenza.com\/it\/#organization\"},\"image\":{\"@id\":\"https:\/\/www.pressenza.com\/it\/2022\/09\/sciopero-per-il-clima-a-milano-grandi-temi-e-battaglie-locali\/#primaryimage\"},\"thumbnailUrl\":\"https:\/\/www.pressenza.com\/wp-content\/uploads\/2022\/09\/agenda-climatica-ora.jpeg\",\"keywords\":[\"Comitato Difesa Ambiente di Zona 5\",\"elezioni\",\"Fridays for Future\",\"sciopero per il clima\",\"Ultima Generazione\"],\"articleSection\":[\"contenuti originali\",\"Ecologia ed Ambiente\",\"Europa\"],\"inLanguage\":\"it-IT\"},{\"@type\":\"WebPage\",\"@id\":\"https:\/\/www.pressenza.com\/it\/2022\/09\/sciopero-per-il-clima-a-milano-grandi-temi-e-battaglie-locali\/\",\"url\":\"https:\/\/www.pressenza.com\/it\/2022\/09\/sciopero-per-il-clima-a-milano-grandi-temi-e-battaglie-locali\/\",\"name\":\"Sciopero per il clima a Milano: grandi temi e battaglie locali\",\"isPartOf\":{\"@id\":\"https:\/\/www.pressenza.com\/it\/#website\"},\"primaryImageOfPage\":{\"@id\":\"https:\/\/www.pressenza.com\/it\/2022\/09\/sciopero-per-il-clima-a-milano-grandi-temi-e-battaglie-locali\/#primaryimage\"},\"image\":{\"@id\":\"https:\/\/www.pressenza.com\/it\/2022\/09\/sciopero-per-il-clima-a-milano-grandi-temi-e-battaglie-locali\/#primaryimage\"},\"thumbnailUrl\":\"https:\/\/www.pressenza.com\/wp-content\/uploads\/2022\/09\/agenda-climatica-ora.jpeg\",\"datePublished\":\"2022-09-24T19:01:23+00:00\",\"dateModified\":\"2022-09-24T19:04:50+00:00\",\"description\":\"Venerd\u00ec 23 Settembre, sciopero per il clima, alle 18 a Milano si replica per coloro che non hanno potuto partecipare alla mattinata. Pi\u00f9 di duemila\",\"breadcrumb\":{\"@id\":\"https:\/\/www.pressenza.com\/it\/2022\/09\/sciopero-per-il-clima-a-milano-grandi-temi-e-battaglie-locali\/#breadcrumb\"},\"inLanguage\":\"it-IT\",\"potentialAction\":[{\"@type\":\"ReadAction\",\"target\":[\"https:\/\/www.pressenza.com\/it\/2022\/09\/sciopero-per-il-clima-a-milano-grandi-temi-e-battaglie-locali\/\"]}]},{\"@type\":\"ImageObject\",\"inLanguage\":\"it-IT\",\"@id\":\"https:\/\/www.pressenza.com\/it\/2022\/09\/sciopero-per-il-clima-a-milano-grandi-temi-e-battaglie-locali\/#primaryimage\",\"url\":\"https:\/\/www.pressenza.com\/wp-content\/uploads\/2022\/09\/agenda-climatica-ora.jpeg\",\"contentUrl\":\"https:\/\/www.pressenza.com\/wp-content\/uploads\/2022\/09\/agenda-climatica-ora.jpeg\",\"width\":1600,\"height\":1200},{\"@type\":\"BreadcrumbList\",\"@id\":\"https:\/\/www.pressenza.com\/it\/2022\/09\/sciopero-per-il-clima-a-milano-grandi-temi-e-battaglie-locali\/#breadcrumb\",\"itemListElement\":[{\"@type\":\"ListItem\",\"position\":1,\"name\":\"Accueil\",\"item\":\"https:\/\/www.pressenza.com\/it\/\"},{\"@type\":\"ListItem\",\"position\":2,\"name\":\"Sciopero per il clima a Milano: grandi temi e battaglie locali\"}]},{\"@type\":\"WebSite\",\"@id\":\"https:\/\/www.pressenza.com\/it\/#website\",\"url\":\"https:\/\/www.pressenza.com\/it\/\",\"name\":\"Pressenza\",\"description\":\"Agenzia di Stampa Internazionale\",\"publisher\":{\"@id\":\"https:\/\/www.pressenza.com\/it\/#organization\"},\"potentialAction\":[{\"@type\":\"SearchAction\",\"target\":{\"@type\":\"EntryPoint\",\"urlTemplate\":\"https:\/\/www.pressenza.com\/it\/?s={search_term_string}\"},\"query-input\":{\"@type\":\"PropertyValueSpecification\",\"valueRequired\":true,\"valueName\":\"search_term_string\"}}],\"inLanguage\":\"it-IT\"},{\"@type\":\"Organization\",\"@id\":\"https:\/\/www.pressenza.com\/it\/#organization\",\"name\":\"Pressenza\",\"url\":\"https:\/\/www.pressenza.com\/it\/\",\"logo\":{\"@type\":\"ImageObject\",\"inLanguage\":\"it-IT\",\"@id\":\"https:\/\/www.pressenza.com\/it\/#\/schema\/logo\/image\/\",\"url\":\"https:\/\/www.pressenza.com\/wp-content\/uploads\/2022\/10\/pressenza_logo_200x200.jpg\",\"contentUrl\":\"https:\/\/www.pressenza.com\/wp-content\/uploads\/2022\/10\/pressenza_logo_200x200.jpg\",\"width\":200,\"height\":200,\"caption\":\"Pressenza\"},\"image\":{\"@id\":\"https:\/\/www.pressenza.com\/it\/#\/schema\/logo\/image\/\"},\"sameAs\":[\"https:\/\/www.facebook.com\/PressenzaItalia\",\"https:\/\/x.com\/PressenzaIPA\"]},{\"@type\":\"Person\",\"@id\":\"https:\/\/www.pressenza.com\/it\/#\/schema\/person\/6388dc0281afd7eeb72a1763aca696a4\",\"name\":\"Andrea De Lotto\",\"url\":\"https:\/\/www.pressenza.com\/it\/author\/andrea-de-lotto\/\"}]}<\/script>\n<!-- \/ Yoast SEO plugin. -->","yoast_head_json":{"title":"Sciopero per il clima a Milano: grandi temi e battaglie locali","description":"Venerd\u00ec 23 Settembre, sciopero per il clima, alle 18 a Milano si replica per coloro che non hanno potuto partecipare alla mattinata. Pi\u00f9 di duemila","robots":{"index":"index","follow":"follow","max-snippet":"max-snippet:-1","max-image-preview":"max-image-preview:large","max-video-preview":"max-video-preview:-1"},"canonical":"https:\/\/www.pressenza.com\/it\/2022\/09\/sciopero-per-il-clima-a-milano-grandi-temi-e-battaglie-locali\/","og_locale":"it_IT","og_type":"article","og_title":"Sciopero per il clima a Milano: grandi temi e battaglie locali","og_description":"Venerd\u00ec 23 Settembre, sciopero per il clima, alle 18 a Milano si replica per coloro che non hanno potuto partecipare alla mattinata. Pi\u00f9 di duemila","og_url":"https:\/\/www.pressenza.com\/it\/2022\/09\/sciopero-per-il-clima-a-milano-grandi-temi-e-battaglie-locali\/","og_site_name":"Pressenza","article_publisher":"https:\/\/www.facebook.com\/PressenzaItalia","article_published_time":"2022-09-24T19:01:23+00:00","article_modified_time":"2022-09-24T19:04:50+00:00","og_image":[{"width":1600,"height":1200,"url":"https:\/\/www.pressenza.com\/wp-content\/uploads\/2022\/09\/agenda-climatica-ora.jpeg","type":"image\/jpeg"}],"author":"Andrea De Lotto","twitter_card":"summary_large_image","twitter_creator":"@PressenzaIPA","twitter_site":"@PressenzaIPA","twitter_misc":{"Scritto da":"Andrea De Lotto","Tempo di lettura stimato":"4 minuti"},"schema":{"@context":"https:\/\/schema.org","@graph":[{"@type":"Article","@id":"https:\/\/www.pressenza.com\/it\/2022\/09\/sciopero-per-il-clima-a-milano-grandi-temi-e-battaglie-locali\/#article","isPartOf":{"@id":"https:\/\/www.pressenza.com\/it\/2022\/09\/sciopero-per-il-clima-a-milano-grandi-temi-e-battaglie-locali\/"},"author":{"name":"Andrea De Lotto","@id":"https:\/\/www.pressenza.com\/it\/#\/schema\/person\/6388dc0281afd7eeb72a1763aca696a4"},"headline":"Sciopero per il clima a Milano: grandi temi e battaglie locali","datePublished":"2022-09-24T19:01:23+00:00","dateModified":"2022-09-24T19:04:50+00:00","mainEntityOfPage":{"@id":"https:\/\/www.pressenza.com\/it\/2022\/09\/sciopero-per-il-clima-a-milano-grandi-temi-e-battaglie-locali\/"},"wordCount":387,"publisher":{"@id":"https:\/\/www.pressenza.com\/it\/#organization"},"image":{"@id":"https:\/\/www.pressenza.com\/it\/2022\/09\/sciopero-per-il-clima-a-milano-grandi-temi-e-battaglie-locali\/#primaryimage"},"thumbnailUrl":"https:\/\/www.pressenza.com\/wp-content\/uploads\/2022\/09\/agenda-climatica-ora.jpeg","keywords":["Comitato Difesa Ambiente di Zona 5","elezioni","Fridays for Future","sciopero per il clima","Ultima Generazione"],"articleSection":["contenuti originali","Ecologia ed Ambiente","Europa"],"inLanguage":"it-IT"},{"@type":"WebPage","@id":"https:\/\/www.pressenza.com\/it\/2022\/09\/sciopero-per-il-clima-a-milano-grandi-temi-e-battaglie-locali\/","url":"https:\/\/www.pressenza.com\/it\/2022\/09\/sciopero-per-il-clima-a-milano-grandi-temi-e-battaglie-locali\/","name":"Sciopero per il clima a Milano: grandi temi e battaglie locali","isPartOf":{"@id":"https:\/\/www.pressenza.com\/it\/#website"},"primaryImageOfPage":{"@id":"https:\/\/www.pressenza.com\/it\/2022\/09\/sciopero-per-il-clima-a-milano-grandi-temi-e-battaglie-locali\/#primaryimage"},"image":{"@id":"https:\/\/www.pressenza.com\/it\/2022\/09\/sciopero-per-il-clima-a-milano-grandi-temi-e-battaglie-locali\/#primaryimage"},"thumbnailUrl":"https:\/\/www.pressenza.com\/wp-content\/uploads\/2022\/09\/agenda-climatica-ora.jpeg","datePublished":"2022-09-24T19:01:23+00:00","dateModified":"2022-09-24T19:04:50+00:00","description":"Venerd\u00ec 23 Settembre, sciopero per il clima, alle 18 a Milano si replica per coloro che non hanno potuto partecipare alla mattinata. Pi\u00f9 di duemila","breadcrumb":{"@id":"https:\/\/www.pressenza.com\/it\/2022\/09\/sciopero-per-il-clima-a-milano-grandi-temi-e-battaglie-locali\/#breadcrumb"},"inLanguage":"it-IT","potentialAction":[{"@type":"ReadAction","target":["https:\/\/www.pressenza.com\/it\/2022\/09\/sciopero-per-il-clima-a-milano-grandi-temi-e-battaglie-locali\/"]}]},{"@type":"ImageObject","inLanguage":"it-IT","@id":"https:\/\/www.pressenza.com\/it\/2022\/09\/sciopero-per-il-clima-a-milano-grandi-temi-e-battaglie-locali\/#primaryimage","url":"https:\/\/www.pressenza.com\/wp-content\/uploads\/2022\/09\/agenda-climatica-ora.jpeg","contentUrl":"https:\/\/www.pressenza.com\/wp-content\/uploads\/2022\/09\/agenda-climatica-ora.jpeg","width":1600,"height":1200},{"@type":"BreadcrumbList","@id":"https:\/\/www.pressenza.com\/it\/2022\/09\/sciopero-per-il-clima-a-milano-grandi-temi-e-battaglie-locali\/#breadcrumb","itemListElement":[{"@type":"ListItem","position":1,"name":"Accueil","item":"https:\/\/www.pressenza.com\/it\/"},{"@type":"ListItem","position":2,"name":"Sciopero per il clima a Milano: grandi temi e battaglie locali"}]},{"@type":"WebSite","@id":"https:\/\/www.pressenza.com\/it\/#website","url":"https:\/\/www.pressenza.com\/it\/","name":"Pressenza","description":"Agenzia di Stampa Internazionale","publisher":{"@id":"https:\/\/www.pressenza.com\/it\/#organization"},"potentialAction":[{"@type":"SearchAction","target":{"@type":"EntryPoint","urlTemplate":"https:\/\/www.pressenza.com\/it\/?s={search_term_string}"},"query-input":{"@type":"PropertyValueSpecification","valueRequired":true,"valueName":"search_term_string"}}],"inLanguage":"it-IT"},{"@type":"Organization","@id":"https:\/\/www.pressenza.com\/it\/#organization","name":"Pressenza","url":"https:\/\/www.pressenza.com\/it\/","logo":{"@type":"ImageObject","inLanguage":"it-IT","@id":"https:\/\/www.pressenza.com\/it\/#\/schema\/logo\/image\/","url":"https:\/\/www.pressenza.com\/wp-content\/uploads\/2022\/10\/pressenza_logo_200x200.jpg","contentUrl":"https:\/\/www.pressenza.com\/wp-content\/uploads\/2022\/10\/pressenza_logo_200x200.jpg","width":200,"height":200,"caption":"Pressenza"},"image":{"@id":"https:\/\/www.pressenza.com\/it\/#\/schema\/logo\/image\/"},"sameAs":["https:\/\/www.facebook.com\/PressenzaItalia","https:\/\/x.com\/PressenzaIPA"]},{"@type":"Person","@id":"https:\/\/www.pressenza.com\/it\/#\/schema\/person\/6388dc0281afd7eeb72a1763aca696a4","name":"Andrea De Lotto","url":"https:\/\/www.pressenza.com\/it\/author\/andrea-de-lotto\/"}]}},"place":"","original_article_url":"","_links":{"self":[{"href":"https:\/\/www.pressenza.com\/it\/wp-json\/wp\/v2\/posts\/1665780","targetHints":{"allow":["GET"]}}],"collection":[{"href":"https:\/\/www.pressenza.com\/it\/wp-json\/wp\/v2\/posts"}],"about":[{"href":"https:\/\/www.pressenza.com\/it\/wp-json\/wp\/v2\/types\/post"}],"author":[{"embeddable":true,"href":"https:\/\/www.pressenza.com\/it\/wp-json\/wp\/v2\/users\/1537"}],"replies":[{"embeddable":true,"href":"https:\/\/www.pressenza.com\/it\/wp-json\/wp\/v2\/comments?post=1665780"}],"version-history":[{"count":0,"href":"https:\/\/www.pressenza.com\/it\/wp-json\/wp\/v2\/posts\/1665780\/revisions"}],"wp:featuredmedia":[{"embeddable":true,"href":"https:\/\/www.pressenza.com\/it\/wp-json\/wp\/v2\/media\/1665845"}],"wp:attachment":[{"href":"https:\/\/www.pressenza.com\/it\/wp-json\/wp\/v2\/media?parent=1665780"}],"wp:term":[{"taxonomy":"category","embeddable":true,"href":"https:\/\/www.pressenza.com\/it\/wp-json\/wp\/v2\/categories?post=1665780"},{"taxonomy":"post_tag","embeddable":true,"href":"https:\/\/www.pressenza.com\/it\/wp-json\/wp\/v2\/tags?post=1665780"}],"curies":[{"name":"wp","href":"https:\/\/api.w.org\/{rel}","templated":true}]}}