{"id":1665405,"date":"2022-09-24T14:09:54","date_gmt":"2022-09-24T13:09:54","guid":{"rendered":"https:\/\/www.pressenza.com\/?p=1665405"},"modified":"2022-09-24T14:09:54","modified_gmt":"2022-09-24T13:09:54","slug":"nel-cambio-di-stagione-spazio-alla-circolarita-e-alla-sostenibilita","status":"publish","type":"post","link":"https:\/\/www.pressenza.com\/it\/2022\/09\/nel-cambio-di-stagione-spazio-alla-circolarita-e-alla-sostenibilita\/","title":{"rendered":"Nel \u201ccambio di stagione\u201d spazio alla circolarit\u00e0 e alla sostenibilit\u00e0"},"content":{"rendered":"<p class=\"western\" align=\"justify\">L&#8217;autunno \u00e8 arrivato ed \u00e8 tempo di fare il <b>cambio di stagione<\/b> e di riorganizzare l&#8217;armadio. Un&#8217;occasione per riflettere sul nostro rapporto con i consumi e, in particolare, con i vestiti e con il mondo della moda, uno dei settori industriali pi\u00f9 inquinanti e nel quale si registrano ampie e diffuse violazioni dei diritti dei lavoratori. Sotto ai nostri vestiti c\u2019\u00e8 molto pi\u00f9 di un semplice tessuto: c\u2019\u00e8 un mondo che non ci viene mostrato e che noi facciamo finta di non vedere, <b>c\u2019\u00e8 il secondo fattore di inquinamento del pianeta e c\u2019\u00e8 la nostra salute<\/b>. Ogni anno vengono prodotti 100 miliardi di capi d\u2019abbigliamento, per vestire (in modo diseguale) 7 miliardi di persone. Acquistiamo tanti vestiti diversi, cambiano continuamente <i>look<\/i>, ci riempiamo di abiti d&#8217;ogni tipo, incuranti dell&#8217;enorme costo umano, sociale e ambientale che sta dietro al nostro abbigliamento<b>.<\/b> Vengono prodotti 2 miliardi di jeans all\u2019anno con un impiego d&#8217;acqua raccapricciante, se si considera che per fare un unico paio di jeans servono tra i 7.000 e i 10.000 litri di acqua. L\u2019industria tessile emette nell\u2019aria 1 miliardo e 200 milioni di tonnellate di anidride carbonica, ogni anno: pi\u00f9 dell\u2019intero traffico aereo mondiale. Senza dimenticare le sostanze tossiche: il 25% di tutti gli insetticidi del mondo e il 10% dei pesticidi, viene impiegato per la lavorazione del cotone (soprattutto per i jeans). E ai fattori inquinanti si accompagna l&#8217;enorme <b>sfruttamento dei lavoratori<\/b>, spesso costretti a lavorare in condizioni proibitive e per paghe misere. <b>Lavoratori che quasi sempre sono donne, bambini e bambine.<\/b><\/p>\n<p class=\"western\" align=\"justify\">Per non parlare dei nostri vestiti che diventano poi rifiuti. Dal <b>1\u00b0 gennaio 2022 <\/b>in <b>Italia<\/b> \u00e8 scattato <b>l\u2019obbligo di<\/b> <b>raccogliere separatamente i rifiuti tessili<\/b>, come previsto dal decreto legislativo n. 116\/2020 (<i>a livello europeo, invece, la raccolta differenziata di questa tipologia di rifiuto diventer\u00e0 obbligatoria entro il 2025<\/i>). L\u2019obiettivo \u00e8 quello di diminuire l\u2019impatto ambientale del tessile e incentivare il riutilizzo e il riciclo. <b>Il 5,7% dei rifiuti indifferenziati<\/b> (s<i><b>econdo stime di Ispra<\/b><\/i>) <b>\u00e8 composto da rifiuti tessili<\/b>, si tratta di circa<b> 663 mila tonnellate all\u2019anno destinate allo smaltimento in discarica o nell\u2019inceneritore e che invece potrebbero essere, in grande parte, riutilizzate o riciclate.<\/b> Secondo <b>la Commissione<\/b> e il <b>Parlamento Europeo<\/b>, il settore \u00e8 responsabile del 10% delle emissioni mondiali di gas a effetto serra. Con l\u2019obbligatoriet\u00e0, scattata a Capodanno scorso, <b>i Comuni e i gestori<\/b>, che non hanno ancora attivato questo servizio di raccolta, dovranno realizzarlo quanto prima e regolamentarlo al meglio, comprendendo sia gli indumenti che altri materiali tessili, come ad esempio la tappezzeria, le lenzuola, gli asciugamani e altri prodotti tessili che, per lo pi\u00f9, si trovano nelle nostre abitazioni. Ricordiamo che per riconvertire il sistema e avviare una vera economia circolare nel tessile-moda sono necessari ingenti investimenti e il <b>PNRR <\/b>stanzia <b>150 milioni di \u20ac<\/b> per la costituzione di \u2018<i>textile hubs<\/i>\u2019 innovativi a cui si aggiunge <b>una parte del miliardo e mezzo <\/b>destinato alle amministrazioni pubbliche per il miglioramento dei sistemi di raccolta differenziata e riciclo. Ancora oggi per\u00f2 in I<b>talia sono pochi i Comuni seriamente impegnati nella raccolta separata dei rifiuti tessili<\/b> e ancora oggi, purtroppo, il settore continua a ritenere soltanto alcune materie pregiate, come la pura lana e il <i>cashmere<\/i>, idonee per essere reimmesse nel circolo produttivo, mentre tutti gli altri materiali sono considerati ancora scarti e finiscono in discarica<span style=\"color: #000000;\"><b>. <\/b><span style=\"color: #242424;\">Ci sono amministrazioni locali che hanno predisposto <strong>i cassonetti<\/strong><b> <\/b><span style=\"color: #242424;\">o <strong>le campane<\/strong><b> <\/b><span style=\"color: #242424;\">nelle strade o degli appositi spazi nelle isole ecologiche<span style=\"color: #242424;\"> e comuni- <\/span><span style=\"color: #242424;\">come <\/span><span style=\"color: #242424;\">Capannori<\/span><span style=\"color: #242424;\">&#8211; che stanno sperimentando il \u201c<\/span><span style=\"color: #242424;\"><i>porta a porta<\/i><\/span><span style=\"color: #242424;\">\u201d anche per la raccolta degli indumenti. <\/span><span style=\"color: #242424;\">Ci sono per\u00f2<\/span> <span style=\"color: #242424;\">molti altri Comuni che la raccolta dei rifiuti tessili urbani non l&#8217;hanno neppure considerata, <\/span><span style=\"color: #242424;\">lamentando \u201c<\/span><span style=\"color: #242424;\"><i>per bocca<\/i><\/span><span style=\"color: #242424;\">\u201d dell&#8217;<\/span><span style=\"color: #242424;\">ANCI <\/span><span style=\"color: #242424;\">l&#8217;assenza di linee guida ed obiettivi da parte del <\/span><span style=\"color: #242424;\">ministero della Transizione ecologica. Eppure,<\/span> <span style=\"color: #242424;\">come dicevamo, anche senza queste linee guida ci sono Comuni che stanno agendo, dimostrando che anche in presenza di inerzie ministeriali, l&#8217;autonomia pu\u00f2 \u201c<\/span><span style=\"color: #242424;\"><i>fare miracoli<\/i><\/span><span style=\"color: #242424;\">\u201d. L&#8217;ANCI <\/span><span style=\"color: #242424;\">ha comunque da tempo siglato un accordo con<\/span><span style=\"color: #242424;\"> il CONAU <\/span><span style=\"color: #242424;\">grazie al quale<\/span> i Comuni possono disporre di un servizio di raccolta della frazione tessile senza oneri per le casse comunali, organizzato secondo standard di efficienza, che porter\u00e0 all\u2019aumento della relativa quota di recupero con conseguente riduzione del costo di smaltimento in discarica sostenuto dal Comune e, quindi dai cittadini<span style=\"color: #242424;\"> . <\/span><\/span><\/span><\/span><\/span><\/p>\n<p class=\"western\" align=\"justify\"><span style=\"color: #111111;\">Il mondo della moda- <span style=\"color: #111111;\"><i>per fortuna<\/i><span style=\"color: #111111;\">&#8211; \u00e8 fatto anche da tante <span style=\"color: #111111;\">realt\u00e0 <strong>ar<\/strong><b>tigianali, di riciclo e recupero, di economia circolare<\/b><span style=\"color: #111111;\"> che producono piccole collezioni sostenibili, proponendo alternative pi\u00f9 etiche e durature alla <span style=\"color: #111111;\"><i><b>fast fashion<\/b><\/i><span style=\"color: #111111;\">. E n<span style=\"color: #111111;\">on siamo all&#8217;<i>anno zero<\/i>\u00a0neppure per dare \u201cuna seconda vita\u201d ai nostri abiti. <\/span><\/span><\/span><\/span><\/span><\/span><\/span><\/span>Gi\u00e0 ora sono in tanti che q<span style=\"color: #111111;\"><span style=\"color: #111111;\"><span style=\"color: #111111;\"><span style=\"color: #111111;\"><span style=\"color: #111111;\"><span style=\"color: #111111;\"><span style=\"color: #111111;\"><span style=\"color: #111111;\">uando decidono di disfarsi di un capo di abbigliamento optano per il riuso\/riutilizzo, donando a strutture riconosciute, o per la raccolta differenziata dei rifiuti tessili e utilizzando specifici contenitori. Anche se non sempre la filiera risulta trasparente ed esente da episodi di <span style=\"color: #414141;\"><b>traffico illecito di rifiuti tessili<\/b>: <u><span style=\"color: #666666;\"><a href=\"https:\/\/raccoltavestiti.humanaitalia.org\/wp-content\/uploads\/2016\/01\/Indumenti-usati-come-rispettare-il-mandato-del-cittadino-15.05.2015.pdf\">https:\/\/raccoltavestiti.humanaitalia.org\/wp-content\/uploads\/2016\/01\/Indumenti-usati-come-rispettare-il-mandato-del-cittadino-15.05.2015.pdf<\/a>.<br \/>\n<\/span><\/u><\/span><\/span><\/span><\/span><\/span><\/span><\/span><\/span><\/span>Sempre nell\u2019ottica di ridurre la sovra-produzione di rifiuti tessili, in alcuni Comuni si pu\u00f2 scegliere di rivendere i capi inutilizzati a negozi specializzati o mercatini dell\u2019usato. Gi\u00e0 oggi il riuso rappresenta insomma un mercato parallelo a quello del nuovo e secondo i dati raccolti da UNIRAU, evoluzione dello storico Consorzio Nazionale Abiti e Accessori Usati- CONAU, in Italia il settore della raccolta e recupero degli abiti usati ha vissuto una forte crescita negli ultimi anni, passando dalle 72 mila tonnellate del 2009 alle 110mila e pi\u00f9 attuali. Molti sono anche i siti Web e le APP dedicate alla compravendita, ma anche allo scambio di abiti usati e, infine, spesso si organizzano Swap-party, ovvero giornate o serate in cui ci si incontra e si scambiano abiti tra amici.<\/p>\n<p class=\"western\" align=\"justify\">\u201c<i><b>Non \u00e8 pi\u00f9 l\u2019epoca dell\u2019ostentazione, ma della consapevolezza. <\/b><\/i><i>Cosa c\u2019entra questo con la moda? C\u2019entra moltissimo, perch\u00e9 quando arriver\u00e0 il momento del <\/i><i><b>cambio di stagione<\/b><\/i><i>, i consumatori riserveranno delle sorprese. E se davvero comprare meno e meglio diventasse il nuovo trend? Se la moda usa e getta diventasse una cattiva abitudine da cui disintossicarsi?\u201d: <\/i>cos\u00ec si legge nell&#8217;ultimo numero della <i>newsletter<\/i> di \u201c<b>Solo moda sostenibile<\/b>\u201d: <u><a href=\"https:\/\/www.solomodasostenibile.it\/\">https:\/\/www.solomodasostenibile.it\/<\/a><\/u>.<\/p>\n<p class=\"western\" align=\"justify\">Un appuntamento per riflettere su tutto ci\u00f2 e, soprattutto, per vedere da vicino tante alternative ci sar\u00e0 l\u2019<b>1 e 2 ottobre<\/b>, a <b>Palazzo Re Enzo a Bologna<\/b>, ove si terr\u00e0 l\u2019<b>11^ edizione<\/b> di \u201c<b>Rivestiti!<\/b>\u201d, il festival <span style=\"color: #111111;\">promosso dalla <strong>r<\/strong><span style=\"color: #111111;\"><b>ete delle realt\u00e0 di commercio equo e solidale dell\u2019Emilia-Romagna<\/b>.<i> Maggiori info sul sito di <\/i><i><b>Terra Equa- Emilia-Romagna EquoSolidale<\/b><\/i> <u><a href=\"http:\/\/www.terraequa.it\/\">www.terraequa.it<\/a> <\/u><\/span><\/span><\/p>\n","protected":false},"excerpt":{"rendered":"<p>L&#8217;autunno \u00e8 arrivato ed \u00e8 tempo di fare il cambio di stagione e di riorganizzare l&#8217;armadio. Un&#8217;occasione per riflettere sul nostro rapporto con i consumi e, in particolare, con i vestiti e con il mondo della moda, uno dei settori&hellip;<\/p>\n","protected":false},"author":2106,"featured_media":294765,"comment_status":"closed","ping_status":"closed","sticky":false,"template":"","format":"standard","meta":{"footnotes":""},"categories":[11388,59],"tags":[71303,66971,11402],"class_list":["post-1665405","post","type-post","status-publish","format-standard","has-post-thumbnail","hentry","category-contenuti-originali","category-ambiente-ecologia","tag-ecosostenibilita","tag-moda-it","tag-vestiti"],"yoast_head":"<!-- This site is optimized with the Yoast SEO plugin v27.1.1 - https:\/\/yoast.com\/product\/yoast-seo-wordpress\/ -->\n<title>Nel \u201ccambio di stagione\u201d spazio alla circolarit\u00e0 e alla sostenibilit\u00e0<\/title>\n<meta name=\"description\" content=\"L&#039;autunno \u00e8 arrivato ed \u00e8 tempo di fare il cambio di stagione e di riorganizzare l&#039;armadio. Un&#039;occasione per riflettere sul nostro rapporto con i consumi\" \/>\n<meta name=\"robots\" content=\"index, follow, max-snippet:-1, max-image-preview:large, max-video-preview:-1\" \/>\n<link rel=\"canonical\" href=\"https:\/\/www.pressenza.com\/it\/2022\/09\/nel-cambio-di-stagione-spazio-alla-circolarita-e-alla-sostenibilita\/\" \/>\n<meta property=\"og:locale\" content=\"it_IT\" \/>\n<meta property=\"og:type\" content=\"article\" \/>\n<meta property=\"og:title\" content=\"Nel \u201ccambio di stagione\u201d spazio alla circolarit\u00e0 e alla sostenibilit\u00e0\" \/>\n<meta property=\"og:description\" content=\"L&#039;autunno \u00e8 arrivato ed \u00e8 tempo di fare il cambio di stagione e di riorganizzare l&#039;armadio. Un&#039;occasione per riflettere sul nostro rapporto con i consumi\" \/>\n<meta property=\"og:url\" content=\"https:\/\/www.pressenza.com\/it\/2022\/09\/nel-cambio-di-stagione-spazio-alla-circolarita-e-alla-sostenibilita\/\" \/>\n<meta property=\"og:site_name\" content=\"Pressenza\" \/>\n<meta property=\"article:publisher\" content=\"https:\/\/www.facebook.com\/PressenzaItalia\" \/>\n<meta property=\"article:published_time\" content=\"2022-09-24T13:09:54+00:00\" \/>\n<meta property=\"og:image\" content=\"https:\/\/www.pressenza.com\/wp-content\/uploads\/2016\/03\/DSCN0418-1024x768.jpg\" \/>\n\t<meta property=\"og:image:width\" content=\"1024\" \/>\n\t<meta property=\"og:image:height\" content=\"768\" \/>\n\t<meta property=\"og:image:type\" content=\"image\/jpeg\" \/>\n<meta name=\"author\" content=\"Giovanni Caprio\" \/>\n<meta name=\"twitter:card\" content=\"summary_large_image\" \/>\n<meta name=\"twitter:creator\" content=\"@PressenzaIPA\" \/>\n<meta name=\"twitter:site\" content=\"@PressenzaIPA\" \/>\n<meta name=\"twitter:label1\" content=\"Scritto da\" \/>\n\t<meta name=\"twitter:data1\" content=\"Giovanni Caprio\" \/>\n\t<meta name=\"twitter:label2\" content=\"Tempo di lettura stimato\" \/>\n\t<meta name=\"twitter:data2\" content=\"6 minuti\" \/>\n<script type=\"application\/ld+json\" class=\"yoast-schema-graph\">{\"@context\":\"https:\/\/schema.org\",\"@graph\":[{\"@type\":\"Article\",\"@id\":\"https:\/\/www.pressenza.com\/it\/2022\/09\/nel-cambio-di-stagione-spazio-alla-circolarita-e-alla-sostenibilita\/#article\",\"isPartOf\":{\"@id\":\"https:\/\/www.pressenza.com\/it\/2022\/09\/nel-cambio-di-stagione-spazio-alla-circolarita-e-alla-sostenibilita\/\"},\"author\":{\"name\":\"Giovanni Caprio\",\"@id\":\"https:\/\/www.pressenza.com\/it\/#\/schema\/person\/841c36a613f4f6e80f5fbc9c1f8c32c8\"},\"headline\":\"Nel \u201ccambio di stagione\u201d spazio alla circolarit\u00e0 e alla sostenibilit\u00e0\",\"datePublished\":\"2022-09-24T13:09:54+00:00\",\"mainEntityOfPage\":{\"@id\":\"https:\/\/www.pressenza.com\/it\/2022\/09\/nel-cambio-di-stagione-spazio-alla-circolarita-e-alla-sostenibilita\/\"},\"wordCount\":1095,\"publisher\":{\"@id\":\"https:\/\/www.pressenza.com\/it\/#organization\"},\"image\":{\"@id\":\"https:\/\/www.pressenza.com\/it\/2022\/09\/nel-cambio-di-stagione-spazio-alla-circolarita-e-alla-sostenibilita\/#primaryimage\"},\"thumbnailUrl\":\"https:\/\/www.pressenza.com\/wp-content\/uploads\/2016\/03\/DSCN0418-1024x768.jpg\",\"keywords\":[\"ecosostenibilit\u00e0\",\"Moda\",\"vestiti\"],\"articleSection\":[\"contenuti originali\",\"Ecologia ed Ambiente\"],\"inLanguage\":\"it-IT\"},{\"@type\":\"WebPage\",\"@id\":\"https:\/\/www.pressenza.com\/it\/2022\/09\/nel-cambio-di-stagione-spazio-alla-circolarita-e-alla-sostenibilita\/\",\"url\":\"https:\/\/www.pressenza.com\/it\/2022\/09\/nel-cambio-di-stagione-spazio-alla-circolarita-e-alla-sostenibilita\/\",\"name\":\"Nel \u201ccambio di stagione\u201d spazio alla circolarit\u00e0 e alla sostenibilit\u00e0\",\"isPartOf\":{\"@id\":\"https:\/\/www.pressenza.com\/it\/#website\"},\"primaryImageOfPage\":{\"@id\":\"https:\/\/www.pressenza.com\/it\/2022\/09\/nel-cambio-di-stagione-spazio-alla-circolarita-e-alla-sostenibilita\/#primaryimage\"},\"image\":{\"@id\":\"https:\/\/www.pressenza.com\/it\/2022\/09\/nel-cambio-di-stagione-spazio-alla-circolarita-e-alla-sostenibilita\/#primaryimage\"},\"thumbnailUrl\":\"https:\/\/www.pressenza.com\/wp-content\/uploads\/2016\/03\/DSCN0418-1024x768.jpg\",\"datePublished\":\"2022-09-24T13:09:54+00:00\",\"description\":\"L'autunno \u00e8 arrivato ed \u00e8 tempo di fare il cambio di stagione e di riorganizzare l'armadio. Un'occasione per riflettere sul nostro rapporto con i consumi\",\"breadcrumb\":{\"@id\":\"https:\/\/www.pressenza.com\/it\/2022\/09\/nel-cambio-di-stagione-spazio-alla-circolarita-e-alla-sostenibilita\/#breadcrumb\"},\"inLanguage\":\"it-IT\",\"potentialAction\":[{\"@type\":\"ReadAction\",\"target\":[\"https:\/\/www.pressenza.com\/it\/2022\/09\/nel-cambio-di-stagione-spazio-alla-circolarita-e-alla-sostenibilita\/\"]}]},{\"@type\":\"ImageObject\",\"inLanguage\":\"it-IT\",\"@id\":\"https:\/\/www.pressenza.com\/it\/2022\/09\/nel-cambio-di-stagione-spazio-alla-circolarita-e-alla-sostenibilita\/#primaryimage\",\"url\":\"https:\/\/www.pressenza.com\/wp-content\/uploads\/2016\/03\/DSCN0418-1024x768.jpg\",\"contentUrl\":\"https:\/\/www.pressenza.com\/wp-content\/uploads\/2016\/03\/DSCN0418-1024x768.jpg\",\"width\":1024,\"height\":768},{\"@type\":\"BreadcrumbList\",\"@id\":\"https:\/\/www.pressenza.com\/it\/2022\/09\/nel-cambio-di-stagione-spazio-alla-circolarita-e-alla-sostenibilita\/#breadcrumb\",\"itemListElement\":[{\"@type\":\"ListItem\",\"position\":1,\"name\":\"Accueil\",\"item\":\"https:\/\/www.pressenza.com\/it\/\"},{\"@type\":\"ListItem\",\"position\":2,\"name\":\"Nel \u201ccambio di stagione\u201d spazio alla circolarit\u00e0 e alla sostenibilit\u00e0\"}]},{\"@type\":\"WebSite\",\"@id\":\"https:\/\/www.pressenza.com\/it\/#website\",\"url\":\"https:\/\/www.pressenza.com\/it\/\",\"name\":\"Pressenza\",\"description\":\"Agenzia di Stampa Internazionale\",\"publisher\":{\"@id\":\"https:\/\/www.pressenza.com\/it\/#organization\"},\"potentialAction\":[{\"@type\":\"SearchAction\",\"target\":{\"@type\":\"EntryPoint\",\"urlTemplate\":\"https:\/\/www.pressenza.com\/it\/?s={search_term_string}\"},\"query-input\":{\"@type\":\"PropertyValueSpecification\",\"valueRequired\":true,\"valueName\":\"search_term_string\"}}],\"inLanguage\":\"it-IT\"},{\"@type\":\"Organization\",\"@id\":\"https:\/\/www.pressenza.com\/it\/#organization\",\"name\":\"Pressenza\",\"url\":\"https:\/\/www.pressenza.com\/it\/\",\"logo\":{\"@type\":\"ImageObject\",\"inLanguage\":\"it-IT\",\"@id\":\"https:\/\/www.pressenza.com\/it\/#\/schema\/logo\/image\/\",\"url\":\"https:\/\/www.pressenza.com\/wp-content\/uploads\/2022\/10\/pressenza_logo_200x200.jpg\",\"contentUrl\":\"https:\/\/www.pressenza.com\/wp-content\/uploads\/2022\/10\/pressenza_logo_200x200.jpg\",\"width\":200,\"height\":200,\"caption\":\"Pressenza\"},\"image\":{\"@id\":\"https:\/\/www.pressenza.com\/it\/#\/schema\/logo\/image\/\"},\"sameAs\":[\"https:\/\/www.facebook.com\/PressenzaItalia\",\"https:\/\/x.com\/PressenzaIPA\"]},{\"@type\":\"Person\",\"@id\":\"https:\/\/www.pressenza.com\/it\/#\/schema\/person\/841c36a613f4f6e80f5fbc9c1f8c32c8\",\"name\":\"Giovanni Caprio\",\"description\":\"Pubblicista, gi\u00e0 dirigente di istituzioni pubbliche e di fondazioni private. Si occupa di beni comuni, partecipazione e governo del territorio.\",\"url\":\"https:\/\/www.pressenza.com\/it\/author\/giovanni-caprio\/\"}]}<\/script>\n<!-- \/ Yoast SEO plugin. -->","yoast_head_json":{"title":"Nel \u201ccambio di stagione\u201d spazio alla circolarit\u00e0 e alla sostenibilit\u00e0","description":"L'autunno \u00e8 arrivato ed \u00e8 tempo di fare il cambio di stagione e di riorganizzare l'armadio. Un'occasione per riflettere sul nostro rapporto con i consumi","robots":{"index":"index","follow":"follow","max-snippet":"max-snippet:-1","max-image-preview":"max-image-preview:large","max-video-preview":"max-video-preview:-1"},"canonical":"https:\/\/www.pressenza.com\/it\/2022\/09\/nel-cambio-di-stagione-spazio-alla-circolarita-e-alla-sostenibilita\/","og_locale":"it_IT","og_type":"article","og_title":"Nel \u201ccambio di stagione\u201d spazio alla circolarit\u00e0 e alla sostenibilit\u00e0","og_description":"L'autunno \u00e8 arrivato ed \u00e8 tempo di fare il cambio di stagione e di riorganizzare l'armadio. Un'occasione per riflettere sul nostro rapporto con i consumi","og_url":"https:\/\/www.pressenza.com\/it\/2022\/09\/nel-cambio-di-stagione-spazio-alla-circolarita-e-alla-sostenibilita\/","og_site_name":"Pressenza","article_publisher":"https:\/\/www.facebook.com\/PressenzaItalia","article_published_time":"2022-09-24T13:09:54+00:00","og_image":[{"width":1024,"height":768,"url":"https:\/\/www.pressenza.com\/wp-content\/uploads\/2016\/03\/DSCN0418-1024x768.jpg","type":"image\/jpeg"}],"author":"Giovanni Caprio","twitter_card":"summary_large_image","twitter_creator":"@PressenzaIPA","twitter_site":"@PressenzaIPA","twitter_misc":{"Scritto da":"Giovanni Caprio","Tempo di lettura stimato":"6 minuti"},"schema":{"@context":"https:\/\/schema.org","@graph":[{"@type":"Article","@id":"https:\/\/www.pressenza.com\/it\/2022\/09\/nel-cambio-di-stagione-spazio-alla-circolarita-e-alla-sostenibilita\/#article","isPartOf":{"@id":"https:\/\/www.pressenza.com\/it\/2022\/09\/nel-cambio-di-stagione-spazio-alla-circolarita-e-alla-sostenibilita\/"},"author":{"name":"Giovanni Caprio","@id":"https:\/\/www.pressenza.com\/it\/#\/schema\/person\/841c36a613f4f6e80f5fbc9c1f8c32c8"},"headline":"Nel \u201ccambio di stagione\u201d spazio alla circolarit\u00e0 e alla sostenibilit\u00e0","datePublished":"2022-09-24T13:09:54+00:00","mainEntityOfPage":{"@id":"https:\/\/www.pressenza.com\/it\/2022\/09\/nel-cambio-di-stagione-spazio-alla-circolarita-e-alla-sostenibilita\/"},"wordCount":1095,"publisher":{"@id":"https:\/\/www.pressenza.com\/it\/#organization"},"image":{"@id":"https:\/\/www.pressenza.com\/it\/2022\/09\/nel-cambio-di-stagione-spazio-alla-circolarita-e-alla-sostenibilita\/#primaryimage"},"thumbnailUrl":"https:\/\/www.pressenza.com\/wp-content\/uploads\/2016\/03\/DSCN0418-1024x768.jpg","keywords":["ecosostenibilit\u00e0","Moda","vestiti"],"articleSection":["contenuti originali","Ecologia ed Ambiente"],"inLanguage":"it-IT"},{"@type":"WebPage","@id":"https:\/\/www.pressenza.com\/it\/2022\/09\/nel-cambio-di-stagione-spazio-alla-circolarita-e-alla-sostenibilita\/","url":"https:\/\/www.pressenza.com\/it\/2022\/09\/nel-cambio-di-stagione-spazio-alla-circolarita-e-alla-sostenibilita\/","name":"Nel \u201ccambio di stagione\u201d spazio alla circolarit\u00e0 e alla sostenibilit\u00e0","isPartOf":{"@id":"https:\/\/www.pressenza.com\/it\/#website"},"primaryImageOfPage":{"@id":"https:\/\/www.pressenza.com\/it\/2022\/09\/nel-cambio-di-stagione-spazio-alla-circolarita-e-alla-sostenibilita\/#primaryimage"},"image":{"@id":"https:\/\/www.pressenza.com\/it\/2022\/09\/nel-cambio-di-stagione-spazio-alla-circolarita-e-alla-sostenibilita\/#primaryimage"},"thumbnailUrl":"https:\/\/www.pressenza.com\/wp-content\/uploads\/2016\/03\/DSCN0418-1024x768.jpg","datePublished":"2022-09-24T13:09:54+00:00","description":"L'autunno \u00e8 arrivato ed \u00e8 tempo di fare il cambio di stagione e di riorganizzare l'armadio. Un'occasione per riflettere sul nostro rapporto con i consumi","breadcrumb":{"@id":"https:\/\/www.pressenza.com\/it\/2022\/09\/nel-cambio-di-stagione-spazio-alla-circolarita-e-alla-sostenibilita\/#breadcrumb"},"inLanguage":"it-IT","potentialAction":[{"@type":"ReadAction","target":["https:\/\/www.pressenza.com\/it\/2022\/09\/nel-cambio-di-stagione-spazio-alla-circolarita-e-alla-sostenibilita\/"]}]},{"@type":"ImageObject","inLanguage":"it-IT","@id":"https:\/\/www.pressenza.com\/it\/2022\/09\/nel-cambio-di-stagione-spazio-alla-circolarita-e-alla-sostenibilita\/#primaryimage","url":"https:\/\/www.pressenza.com\/wp-content\/uploads\/2016\/03\/DSCN0418-1024x768.jpg","contentUrl":"https:\/\/www.pressenza.com\/wp-content\/uploads\/2016\/03\/DSCN0418-1024x768.jpg","width":1024,"height":768},{"@type":"BreadcrumbList","@id":"https:\/\/www.pressenza.com\/it\/2022\/09\/nel-cambio-di-stagione-spazio-alla-circolarita-e-alla-sostenibilita\/#breadcrumb","itemListElement":[{"@type":"ListItem","position":1,"name":"Accueil","item":"https:\/\/www.pressenza.com\/it\/"},{"@type":"ListItem","position":2,"name":"Nel \u201ccambio di stagione\u201d spazio alla circolarit\u00e0 e alla sostenibilit\u00e0"}]},{"@type":"WebSite","@id":"https:\/\/www.pressenza.com\/it\/#website","url":"https:\/\/www.pressenza.com\/it\/","name":"Pressenza","description":"Agenzia di Stampa Internazionale","publisher":{"@id":"https:\/\/www.pressenza.com\/it\/#organization"},"potentialAction":[{"@type":"SearchAction","target":{"@type":"EntryPoint","urlTemplate":"https:\/\/www.pressenza.com\/it\/?s={search_term_string}"},"query-input":{"@type":"PropertyValueSpecification","valueRequired":true,"valueName":"search_term_string"}}],"inLanguage":"it-IT"},{"@type":"Organization","@id":"https:\/\/www.pressenza.com\/it\/#organization","name":"Pressenza","url":"https:\/\/www.pressenza.com\/it\/","logo":{"@type":"ImageObject","inLanguage":"it-IT","@id":"https:\/\/www.pressenza.com\/it\/#\/schema\/logo\/image\/","url":"https:\/\/www.pressenza.com\/wp-content\/uploads\/2022\/10\/pressenza_logo_200x200.jpg","contentUrl":"https:\/\/www.pressenza.com\/wp-content\/uploads\/2022\/10\/pressenza_logo_200x200.jpg","width":200,"height":200,"caption":"Pressenza"},"image":{"@id":"https:\/\/www.pressenza.com\/it\/#\/schema\/logo\/image\/"},"sameAs":["https:\/\/www.facebook.com\/PressenzaItalia","https:\/\/x.com\/PressenzaIPA"]},{"@type":"Person","@id":"https:\/\/www.pressenza.com\/it\/#\/schema\/person\/841c36a613f4f6e80f5fbc9c1f8c32c8","name":"Giovanni Caprio","description":"Pubblicista, gi\u00e0 dirigente di istituzioni pubbliche e di fondazioni private. Si occupa di beni comuni, partecipazione e governo del territorio.","url":"https:\/\/www.pressenza.com\/it\/author\/giovanni-caprio\/"}]}},"place":"","original_article_url":"","_links":{"self":[{"href":"https:\/\/www.pressenza.com\/it\/wp-json\/wp\/v2\/posts\/1665405","targetHints":{"allow":["GET"]}}],"collection":[{"href":"https:\/\/www.pressenza.com\/it\/wp-json\/wp\/v2\/posts"}],"about":[{"href":"https:\/\/www.pressenza.com\/it\/wp-json\/wp\/v2\/types\/post"}],"author":[{"embeddable":true,"href":"https:\/\/www.pressenza.com\/it\/wp-json\/wp\/v2\/users\/2106"}],"replies":[{"embeddable":true,"href":"https:\/\/www.pressenza.com\/it\/wp-json\/wp\/v2\/comments?post=1665405"}],"version-history":[{"count":0,"href":"https:\/\/www.pressenza.com\/it\/wp-json\/wp\/v2\/posts\/1665405\/revisions"}],"wp:featuredmedia":[{"embeddable":true,"href":"https:\/\/www.pressenza.com\/it\/wp-json\/wp\/v2\/media\/294765"}],"wp:attachment":[{"href":"https:\/\/www.pressenza.com\/it\/wp-json\/wp\/v2\/media?parent=1665405"}],"wp:term":[{"taxonomy":"category","embeddable":true,"href":"https:\/\/www.pressenza.com\/it\/wp-json\/wp\/v2\/categories?post=1665405"},{"taxonomy":"post_tag","embeddable":true,"href":"https:\/\/www.pressenza.com\/it\/wp-json\/wp\/v2\/tags?post=1665405"}],"curies":[{"name":"wp","href":"https:\/\/api.w.org\/{rel}","templated":true}]}}