{"id":166198,"date":"2015-02-27T13:45:05","date_gmt":"2015-02-27T13:45:05","guid":{"rendered":"http:\/\/www.pressenza.com\/?p=166198"},"modified":"2016-04-05T00:41:50","modified_gmt":"2016-04-04T23:41:50","slug":"lettera-di-peppe-sini-al-presidente","status":"publish","type":"post","link":"https:\/\/www.pressenza.com\/it\/2015\/02\/lettera-di-peppe-sini-al-presidente\/","title":{"rendered":"Lettera di Peppe Sini al Presidente"},"content":{"rendered":"<p><em>Signor Presidente della Repubblica,<\/em><\/p>\n<p>mi permetta di rivolgerle\u00a0poche franche parole.<\/p>\n<p>Le guerre imperialiste che hanno destrutturato interi stati,\u00a0le guerre imperialiste condotte a furia di massacri e massacri bombardando dall&#8217;alto e riducendo in macerie villaggi\u00a0e citt\u00e0, le guerre imperialiste che hanno finanziato, armato, addestrato,\u00a0creato ed allevato i mostri che hanno ben appreso la lezione ed ora continuano a riprodurre al livello loro possibile quella stessa violenza senza limiti, senza pensiero, senza pi\u00f9 umanit\u00e0; le guerre imperialiste che tuttora proseguono: queste guerre stanno gettando l&#8217;umanit\u00e0 intera nella fornace della comune\u00a0catastrofe.<\/p>\n<p>Non si fossero devastati interi popoli ed interi paesi, non si fossero disarticolati, disgregati, annientati interi ordinamenti giuridici, non si fosse seminato ovunque e ovunque lo sterminio, non esisterebbero neppure i gruppi assassini resi divi globali dell&#8217;orrore: sarebbe\u00a0bastato luogo per luogo un limitato, banale, ordinario\u00a0intervento delle locali forze dell&#8217;ordine per\u00a0impedir loro di nuocere;\u00a0ma per l&#8217;appunto in aree vastissime un ordinamento giuridico non c&#8217;\u00e8 pi\u00f9, e solo prevale chi \u00e8 armato e rapina\u00a0ed uccide.<\/p>\n<p><strong>*<\/strong><\/p>\n<p>Se i governanti europei ed americani per un attimo solo divenissero realisti e raziocinanti capirebbero cosa occorre veramente fare, e con la massima urgenza: disarmare, recare aiuti umanitari alle comunit\u00e0 locali, sostenere la civile convivenza, promuovere la rinascita di ordinamenti giuridici che difendano e favoriscano e\u00a0migliorino\u00a0la vita delle persone: sostenere la pace con mezzi di pace, aiutare la vita contrastando\u00a0la morte, inverare i diritti umani rispettando i diritti umani, opporre il bene al male, sconfiggere la violenza con la nonviolenza.<\/p>\n<p>Ma se i governanti questo non intendono,\u00a0incombe ai popoli d&#8217;Europa e d&#8217;America il dovere morale e civile di\u00a0esercitare la propria sovranit\u00e0 e far prevalere la politica del disarmo, dell&#8217;umanit\u00e0, della pace che salva le vite, del rispetto per la vita.<\/p>\n<p>Incombe ad ogni persona il dovere di adoperarsi per salvare le vite: incombe anche a me, anche a lei, signor Presidente.<\/p>\n<p><strong>*<\/strong><\/p>\n<p>E in Italia, poich\u00e9 qui noi\u00a0viviamo, in Italia occorre innanzitutto:<\/p>\n<ol>\n<li>abolire subito tutte le infami e scellerate\u00a0misure razziste che perseguitano ed uccidono i migranti;<\/li>\n<li>accogliere ed assistere tutte le persone che\u00a0ne hanno pieno diritto, come stabilisce la Costituzione italiana;<\/li>\n<li>cessare di partecipare alle guerre in corso, criminale partecipazione alle guerre che la Costituzione italiana proibisce;<\/li>\n<li>nei luoghi di conflitto portare aiuti umanitari che salvino le vite e contribuiscano cos\u00ec a ricostituire le condizioni per la civile convivenza;<\/li>\n<li>far cessare lo scandalo dell&#8217;immenso sperpero delle risorse pubbliche a fini di morte: i 70 milioni di euro che ogni giorno lo Stato italiano getta nel baratro delle spese militari e per gli\u00a0armamenti assassini\u00a0inondano il nostro paese del sangue di innumerevoli vittime innocenti;<\/li>\n<li>denunciare i crimini della Nato, imporre la cessazione delle sue attivit\u00e0 contro l&#8217;umanit\u00e0, trarre in giudizio i responsabili dei misfatti commessi da quell&#8217;alleanza fautrice e fattrice di terrore e di morte;<\/li>\n<li>cessare di produrre e diffondere armi: le armi uccidono gli esseri umani;<\/li>\n<li>promuovere la Difesa popolare nonviolenta ed i Corpi civili di pace;<\/li>\n<li>smantellare gli arsenali &#8211; in primo luogo quelli nucleari &#8211; e promuovere il disarmo;<\/li>\n<li>una politica che non salva le vite\u00a0\u00e8 un crimine contro l&#8217;umanit\u00e0; solo la nonviolenza pu\u00f2 salvare l&#8217;umanit\u00e0: occorre pertanto la politica della nonviolenza; la\u00a0nonviolenza\u00a0\u00e8 l&#8217;unica politica realistica.<\/li>\n<\/ol>\n<p><strong>*<\/strong><\/p>\n<p><em>Signor Presidente,<\/em><\/p>\n<p>lei che della Costituzione della Repubblica Italiana\u00a0\u00e8 supremo garante, e che rappresenta l&#8217;unit\u00e0 della nazione, si adoperi nelle forme previste dall&#8217;ordinamento affinch\u00e9 il nostro paese si impegni per salvare le vite, si impegni per la salvezza dell&#8217;umanit\u00e0 dalla catastrofe.<\/p>\n<p>Sappia essere interprete e promotore del bene comune. Sappia accogliere e sostenere la richiesta che tutti i popoli del mondo ed ogni persona di volont\u00e0 buona fervidamente formula: vogliamo vivere, vi\u00a0\u00e8 una sola umanit\u00e0, salvare le vite\u00a0\u00e8 il primo dovere.<\/p>\n<p><em>Voglia gradire distinti saluti,<\/em><\/p>\n<p>&nbsp;<\/p>\n<p><em>Peppe Sini, responsabile del &#8220;Centro di ricerca per la pace e i diritti umani&#8221; di Viterbo<\/em><\/p>\n<p>&nbsp;<\/p>\n<p>&nbsp;<\/p>\n","protected":false},"excerpt":{"rendered":"<p>Signor Presidente della Repubblica, mi permetta di rivolgerle\u00a0poche franche parole. Le guerre imperialiste che hanno destrutturato interi stati,\u00a0le guerre imperialiste condotte a furia di massacri e massacri bombardando dall&#8217;alto e riducendo in macerie villaggi\u00a0e citt\u00e0, le guerre imperialiste che hanno&hellip;<\/p>\n","protected":false},"author":457,"featured_media":166199,"comment_status":"closed","ping_status":"open","sticky":false,"template":"","format":"standard","meta":{"footnotes":""},"categories":[150,47,162,1263],"tags":[4315,4996,15742],"class_list":["post-166198","post","type-post","status-publish","format-standard","has-post-thumbnail","hentry","category-comunicati-stampa","category-europa","category-opinioni","category-pace-disarmo","tag-peppe-sini","tag-presidente-della-repubblica","tag-sergio-mattarella"],"yoast_head":"<!-- This site is optimized with the Yoast SEO plugin v27.1.1 - https:\/\/yoast.com\/product\/yoast-seo-wordpress\/ -->\n<title>Lettera di Peppe Sini al Presidente<\/title>\n<meta name=\"description\" content=\"Signor Presidente della Repubblica, mi permetta di rivolgerle\u00a0poche franche parole. Le guerre imperialiste che hanno destrutturato interi stati,\u00a0le guerre\" \/>\n<meta name=\"robots\" content=\"index, follow, max-snippet:-1, max-image-preview:large, max-video-preview:-1\" \/>\n<link rel=\"canonical\" href=\"https:\/\/www.pressenza.com\/it\/2015\/02\/lettera-di-peppe-sini-al-presidente\/\" \/>\n<meta property=\"og:locale\" content=\"it_IT\" \/>\n<meta property=\"og:type\" content=\"article\" \/>\n<meta property=\"og:title\" content=\"Lettera di Peppe Sini al Presidente\" \/>\n<meta property=\"og:description\" content=\"Signor Presidente della Repubblica, mi permetta di rivolgerle\u00a0poche franche parole. Le guerre imperialiste che hanno destrutturato interi stati,\u00a0le guerre\" \/>\n<meta property=\"og:url\" content=\"https:\/\/www.pressenza.com\/it\/2015\/02\/lettera-di-peppe-sini-al-presidente\/\" \/>\n<meta property=\"og:site_name\" content=\"Pressenza\" \/>\n<meta property=\"article:publisher\" content=\"https:\/\/www.facebook.com\/PressenzaItalia\" \/>\n<meta property=\"article:published_time\" content=\"2015-02-27T13:45:05+00:00\" \/>\n<meta property=\"article:modified_time\" content=\"2016-04-04T23:41:50+00:00\" \/>\n<meta property=\"og:image\" content=\"https:\/\/www.pressenza.com\/wp-content\/uploads\/2015\/02\/Peppe-Sini-Tuscianet.jpg\" \/>\n\t<meta property=\"og:image:width\" content=\"240\" \/>\n\t<meta property=\"og:image:height\" content=\"208\" \/>\n\t<meta property=\"og:image:type\" content=\"image\/jpeg\" \/>\n<meta name=\"author\" content=\"Peppe Sini\" \/>\n<meta name=\"twitter:card\" content=\"summary_large_image\" \/>\n<meta name=\"twitter:creator\" content=\"@PressenzaIPA\" \/>\n<meta name=\"twitter:site\" content=\"@PressenzaIPA\" \/>\n<meta name=\"twitter:label1\" content=\"Scritto da\" \/>\n\t<meta name=\"twitter:data1\" content=\"Peppe Sini\" \/>\n\t<meta name=\"twitter:label2\" content=\"Tempo di lettura stimato\" \/>\n\t<meta name=\"twitter:data2\" content=\"3 minuti\" \/>\n<script type=\"application\/ld+json\" class=\"yoast-schema-graph\">{\"@context\":\"https:\/\/schema.org\",\"@graph\":[{\"@type\":\"Article\",\"@id\":\"https:\/\/www.pressenza.com\/it\/2015\/02\/lettera-di-peppe-sini-al-presidente\/#article\",\"isPartOf\":{\"@id\":\"https:\/\/www.pressenza.com\/it\/2015\/02\/lettera-di-peppe-sini-al-presidente\/\"},\"author\":{\"name\":\"Peppe Sini\",\"@id\":\"https:\/\/www.pressenza.com\/it\/#\/schema\/person\/3836c97be58c0a429fb8ca24bf5062e8\"},\"headline\":\"Lettera di Peppe Sini al Presidente\",\"datePublished\":\"2015-02-27T13:45:05+00:00\",\"dateModified\":\"2016-04-04T23:41:50+00:00\",\"mainEntityOfPage\":{\"@id\":\"https:\/\/www.pressenza.com\/it\/2015\/02\/lettera-di-peppe-sini-al-presidente\/\"},\"wordCount\":663,\"publisher\":{\"@id\":\"https:\/\/www.pressenza.com\/it\/#organization\"},\"image\":{\"@id\":\"https:\/\/www.pressenza.com\/it\/2015\/02\/lettera-di-peppe-sini-al-presidente\/#primaryimage\"},\"thumbnailUrl\":\"https:\/\/www.pressenza.com\/wp-content\/uploads\/2015\/02\/Peppe-Sini-Tuscianet.jpg\",\"keywords\":[\"Peppe Sini\",\"Presidente della Repubblica\",\"Sergio Mattarella\"],\"articleSection\":[\"Comunicati Stampa\",\"Europa\",\"Opinioni\",\"Pace e Disarmo\"],\"inLanguage\":\"it-IT\"},{\"@type\":\"WebPage\",\"@id\":\"https:\/\/www.pressenza.com\/it\/2015\/02\/lettera-di-peppe-sini-al-presidente\/\",\"url\":\"https:\/\/www.pressenza.com\/it\/2015\/02\/lettera-di-peppe-sini-al-presidente\/\",\"name\":\"Lettera di Peppe Sini al Presidente\",\"isPartOf\":{\"@id\":\"https:\/\/www.pressenza.com\/it\/#website\"},\"primaryImageOfPage\":{\"@id\":\"https:\/\/www.pressenza.com\/it\/2015\/02\/lettera-di-peppe-sini-al-presidente\/#primaryimage\"},\"image\":{\"@id\":\"https:\/\/www.pressenza.com\/it\/2015\/02\/lettera-di-peppe-sini-al-presidente\/#primaryimage\"},\"thumbnailUrl\":\"https:\/\/www.pressenza.com\/wp-content\/uploads\/2015\/02\/Peppe-Sini-Tuscianet.jpg\",\"datePublished\":\"2015-02-27T13:45:05+00:00\",\"dateModified\":\"2016-04-04T23:41:50+00:00\",\"description\":\"Signor Presidente della Repubblica, mi permetta di rivolgerle\u00a0poche franche parole. Le guerre imperialiste che hanno destrutturato interi stati,\u00a0le guerre\",\"breadcrumb\":{\"@id\":\"https:\/\/www.pressenza.com\/it\/2015\/02\/lettera-di-peppe-sini-al-presidente\/#breadcrumb\"},\"inLanguage\":\"it-IT\",\"potentialAction\":[{\"@type\":\"ReadAction\",\"target\":[\"https:\/\/www.pressenza.com\/it\/2015\/02\/lettera-di-peppe-sini-al-presidente\/\"]}]},{\"@type\":\"ImageObject\",\"inLanguage\":\"it-IT\",\"@id\":\"https:\/\/www.pressenza.com\/it\/2015\/02\/lettera-di-peppe-sini-al-presidente\/#primaryimage\",\"url\":\"https:\/\/www.pressenza.com\/wp-content\/uploads\/2015\/02\/Peppe-Sini-Tuscianet.jpg\",\"contentUrl\":\"https:\/\/www.pressenza.com\/wp-content\/uploads\/2015\/02\/Peppe-Sini-Tuscianet.jpg\",\"width\":240,\"height\":208,\"caption\":\"Peppe Sini nonviolenza vittime Mediterraneo\"},{\"@type\":\"BreadcrumbList\",\"@id\":\"https:\/\/www.pressenza.com\/it\/2015\/02\/lettera-di-peppe-sini-al-presidente\/#breadcrumb\",\"itemListElement\":[{\"@type\":\"ListItem\",\"position\":1,\"name\":\"Accueil\",\"item\":\"https:\/\/www.pressenza.com\/it\/\"},{\"@type\":\"ListItem\",\"position\":2,\"name\":\"Lettera di Peppe Sini al Presidente\"}]},{\"@type\":\"WebSite\",\"@id\":\"https:\/\/www.pressenza.com\/it\/#website\",\"url\":\"https:\/\/www.pressenza.com\/it\/\",\"name\":\"Pressenza\",\"description\":\"Agenzia di Stampa Internazionale\",\"publisher\":{\"@id\":\"https:\/\/www.pressenza.com\/it\/#organization\"},\"potentialAction\":[{\"@type\":\"SearchAction\",\"target\":{\"@type\":\"EntryPoint\",\"urlTemplate\":\"https:\/\/www.pressenza.com\/it\/?s={search_term_string}\"},\"query-input\":{\"@type\":\"PropertyValueSpecification\",\"valueRequired\":true,\"valueName\":\"search_term_string\"}}],\"inLanguage\":\"it-IT\"},{\"@type\":\"Organization\",\"@id\":\"https:\/\/www.pressenza.com\/it\/#organization\",\"name\":\"Pressenza\",\"url\":\"https:\/\/www.pressenza.com\/it\/\",\"logo\":{\"@type\":\"ImageObject\",\"inLanguage\":\"it-IT\",\"@id\":\"https:\/\/www.pressenza.com\/it\/#\/schema\/logo\/image\/\",\"url\":\"https:\/\/www.pressenza.com\/wp-content\/uploads\/2022\/10\/pressenza_logo_200x200.jpg\",\"contentUrl\":\"https:\/\/www.pressenza.com\/wp-content\/uploads\/2022\/10\/pressenza_logo_200x200.jpg\",\"width\":200,\"height\":200,\"caption\":\"Pressenza\"},\"image\":{\"@id\":\"https:\/\/www.pressenza.com\/it\/#\/schema\/logo\/image\/\"},\"sameAs\":[\"https:\/\/www.facebook.com\/PressenzaItalia\",\"https:\/\/x.com\/PressenzaIPA\"]},{\"@type\":\"Person\",\"@id\":\"https:\/\/www.pressenza.com\/it\/#\/schema\/person\/3836c97be58c0a429fb8ca24bf5062e8\",\"name\":\"Peppe Sini\",\"description\":\"Responsabile del Centro di Ricerca per la Pace di Viterbo.\",\"url\":\"https:\/\/www.pressenza.com\/it\/author\/peppe-sini\/\"}]}<\/script>\n<!-- \/ Yoast SEO plugin. -->","yoast_head_json":{"title":"Lettera di Peppe Sini al Presidente","description":"Signor Presidente della Repubblica, mi permetta di rivolgerle\u00a0poche franche parole. Le guerre imperialiste che hanno destrutturato interi stati,\u00a0le guerre","robots":{"index":"index","follow":"follow","max-snippet":"max-snippet:-1","max-image-preview":"max-image-preview:large","max-video-preview":"max-video-preview:-1"},"canonical":"https:\/\/www.pressenza.com\/it\/2015\/02\/lettera-di-peppe-sini-al-presidente\/","og_locale":"it_IT","og_type":"article","og_title":"Lettera di Peppe Sini al Presidente","og_description":"Signor Presidente della Repubblica, mi permetta di rivolgerle\u00a0poche franche parole. Le guerre imperialiste che hanno destrutturato interi stati,\u00a0le guerre","og_url":"https:\/\/www.pressenza.com\/it\/2015\/02\/lettera-di-peppe-sini-al-presidente\/","og_site_name":"Pressenza","article_publisher":"https:\/\/www.facebook.com\/PressenzaItalia","article_published_time":"2015-02-27T13:45:05+00:00","article_modified_time":"2016-04-04T23:41:50+00:00","og_image":[{"width":240,"height":208,"url":"https:\/\/www.pressenza.com\/wp-content\/uploads\/2015\/02\/Peppe-Sini-Tuscianet.jpg","type":"image\/jpeg"}],"author":"Peppe Sini","twitter_card":"summary_large_image","twitter_creator":"@PressenzaIPA","twitter_site":"@PressenzaIPA","twitter_misc":{"Scritto da":"Peppe Sini","Tempo di lettura stimato":"3 minuti"},"schema":{"@context":"https:\/\/schema.org","@graph":[{"@type":"Article","@id":"https:\/\/www.pressenza.com\/it\/2015\/02\/lettera-di-peppe-sini-al-presidente\/#article","isPartOf":{"@id":"https:\/\/www.pressenza.com\/it\/2015\/02\/lettera-di-peppe-sini-al-presidente\/"},"author":{"name":"Peppe Sini","@id":"https:\/\/www.pressenza.com\/it\/#\/schema\/person\/3836c97be58c0a429fb8ca24bf5062e8"},"headline":"Lettera di Peppe Sini al Presidente","datePublished":"2015-02-27T13:45:05+00:00","dateModified":"2016-04-04T23:41:50+00:00","mainEntityOfPage":{"@id":"https:\/\/www.pressenza.com\/it\/2015\/02\/lettera-di-peppe-sini-al-presidente\/"},"wordCount":663,"publisher":{"@id":"https:\/\/www.pressenza.com\/it\/#organization"},"image":{"@id":"https:\/\/www.pressenza.com\/it\/2015\/02\/lettera-di-peppe-sini-al-presidente\/#primaryimage"},"thumbnailUrl":"https:\/\/www.pressenza.com\/wp-content\/uploads\/2015\/02\/Peppe-Sini-Tuscianet.jpg","keywords":["Peppe Sini","Presidente della Repubblica","Sergio Mattarella"],"articleSection":["Comunicati Stampa","Europa","Opinioni","Pace e Disarmo"],"inLanguage":"it-IT"},{"@type":"WebPage","@id":"https:\/\/www.pressenza.com\/it\/2015\/02\/lettera-di-peppe-sini-al-presidente\/","url":"https:\/\/www.pressenza.com\/it\/2015\/02\/lettera-di-peppe-sini-al-presidente\/","name":"Lettera di Peppe Sini al Presidente","isPartOf":{"@id":"https:\/\/www.pressenza.com\/it\/#website"},"primaryImageOfPage":{"@id":"https:\/\/www.pressenza.com\/it\/2015\/02\/lettera-di-peppe-sini-al-presidente\/#primaryimage"},"image":{"@id":"https:\/\/www.pressenza.com\/it\/2015\/02\/lettera-di-peppe-sini-al-presidente\/#primaryimage"},"thumbnailUrl":"https:\/\/www.pressenza.com\/wp-content\/uploads\/2015\/02\/Peppe-Sini-Tuscianet.jpg","datePublished":"2015-02-27T13:45:05+00:00","dateModified":"2016-04-04T23:41:50+00:00","description":"Signor Presidente della Repubblica, mi permetta di rivolgerle\u00a0poche franche parole. Le guerre imperialiste che hanno destrutturato interi stati,\u00a0le guerre","breadcrumb":{"@id":"https:\/\/www.pressenza.com\/it\/2015\/02\/lettera-di-peppe-sini-al-presidente\/#breadcrumb"},"inLanguage":"it-IT","potentialAction":[{"@type":"ReadAction","target":["https:\/\/www.pressenza.com\/it\/2015\/02\/lettera-di-peppe-sini-al-presidente\/"]}]},{"@type":"ImageObject","inLanguage":"it-IT","@id":"https:\/\/www.pressenza.com\/it\/2015\/02\/lettera-di-peppe-sini-al-presidente\/#primaryimage","url":"https:\/\/www.pressenza.com\/wp-content\/uploads\/2015\/02\/Peppe-Sini-Tuscianet.jpg","contentUrl":"https:\/\/www.pressenza.com\/wp-content\/uploads\/2015\/02\/Peppe-Sini-Tuscianet.jpg","width":240,"height":208,"caption":"Peppe Sini nonviolenza vittime Mediterraneo"},{"@type":"BreadcrumbList","@id":"https:\/\/www.pressenza.com\/it\/2015\/02\/lettera-di-peppe-sini-al-presidente\/#breadcrumb","itemListElement":[{"@type":"ListItem","position":1,"name":"Accueil","item":"https:\/\/www.pressenza.com\/it\/"},{"@type":"ListItem","position":2,"name":"Lettera di Peppe Sini al Presidente"}]},{"@type":"WebSite","@id":"https:\/\/www.pressenza.com\/it\/#website","url":"https:\/\/www.pressenza.com\/it\/","name":"Pressenza","description":"Agenzia di Stampa Internazionale","publisher":{"@id":"https:\/\/www.pressenza.com\/it\/#organization"},"potentialAction":[{"@type":"SearchAction","target":{"@type":"EntryPoint","urlTemplate":"https:\/\/www.pressenza.com\/it\/?s={search_term_string}"},"query-input":{"@type":"PropertyValueSpecification","valueRequired":true,"valueName":"search_term_string"}}],"inLanguage":"it-IT"},{"@type":"Organization","@id":"https:\/\/www.pressenza.com\/it\/#organization","name":"Pressenza","url":"https:\/\/www.pressenza.com\/it\/","logo":{"@type":"ImageObject","inLanguage":"it-IT","@id":"https:\/\/www.pressenza.com\/it\/#\/schema\/logo\/image\/","url":"https:\/\/www.pressenza.com\/wp-content\/uploads\/2022\/10\/pressenza_logo_200x200.jpg","contentUrl":"https:\/\/www.pressenza.com\/wp-content\/uploads\/2022\/10\/pressenza_logo_200x200.jpg","width":200,"height":200,"caption":"Pressenza"},"image":{"@id":"https:\/\/www.pressenza.com\/it\/#\/schema\/logo\/image\/"},"sameAs":["https:\/\/www.facebook.com\/PressenzaItalia","https:\/\/x.com\/PressenzaIPA"]},{"@type":"Person","@id":"https:\/\/www.pressenza.com\/it\/#\/schema\/person\/3836c97be58c0a429fb8ca24bf5062e8","name":"Peppe Sini","description":"Responsabile del Centro di Ricerca per la Pace di Viterbo.","url":"https:\/\/www.pressenza.com\/it\/author\/peppe-sini\/"}]}},"place":"","original_article_url":"","_links":{"self":[{"href":"https:\/\/www.pressenza.com\/it\/wp-json\/wp\/v2\/posts\/166198","targetHints":{"allow":["GET"]}}],"collection":[{"href":"https:\/\/www.pressenza.com\/it\/wp-json\/wp\/v2\/posts"}],"about":[{"href":"https:\/\/www.pressenza.com\/it\/wp-json\/wp\/v2\/types\/post"}],"author":[{"embeddable":true,"href":"https:\/\/www.pressenza.com\/it\/wp-json\/wp\/v2\/users\/457"}],"replies":[{"embeddable":true,"href":"https:\/\/www.pressenza.com\/it\/wp-json\/wp\/v2\/comments?post=166198"}],"version-history":[{"count":0,"href":"https:\/\/www.pressenza.com\/it\/wp-json\/wp\/v2\/posts\/166198\/revisions"}],"wp:featuredmedia":[{"embeddable":true,"href":"https:\/\/www.pressenza.com\/it\/wp-json\/wp\/v2\/media\/166199"}],"wp:attachment":[{"href":"https:\/\/www.pressenza.com\/it\/wp-json\/wp\/v2\/media?parent=166198"}],"wp:term":[{"taxonomy":"category","embeddable":true,"href":"https:\/\/www.pressenza.com\/it\/wp-json\/wp\/v2\/categories?post=166198"},{"taxonomy":"post_tag","embeddable":true,"href":"https:\/\/www.pressenza.com\/it\/wp-json\/wp\/v2\/tags?post=166198"}],"curies":[{"name":"wp","href":"https:\/\/api.w.org\/{rel}","templated":true}]}}