{"id":1660734,"date":"2022-09-18T06:26:13","date_gmt":"2022-09-18T05:26:13","guid":{"rendered":"https:\/\/www.pressenza.com\/?p=1660734"},"modified":"2022-09-18T06:26:13","modified_gmt":"2022-09-18T05:26:13","slug":"la-bicicletta-e-la-liberta-il-libro-di-simone-masotti-sui-suoi-viaggi-in-bici","status":"publish","type":"post","link":"https:\/\/www.pressenza.com\/it\/2022\/09\/la-bicicletta-e-la-liberta-il-libro-di-simone-masotti-sui-suoi-viaggi-in-bici\/","title":{"rendered":"La bicicletta e la libert\u00e0: il libro di Simone Masotti sui suoi viaggi in bici"},"content":{"rendered":"<p align=\"justify\"><span style=\"color: #000000;\"><span style=\"font-family: Times New Roman, serif;\"><span style=\"font-size: medium;\">Simone Masotti si prepara per andare con la sua bicicletta al <\/span><\/span><\/span><a href=\"https:\/\/ragbrai.com\/\"><span style=\"color: #000080;\"><span style=\"font-family: Times New Roman, serif;\"><span style=\"font-size: medium;\"><u>Register&#8217;s Annual Great Bicycle Ride Across Iowa<\/u><\/span><\/span><\/span><\/a><span style=\"color: #000000;\"><span style=\"font-family: Times New Roman, serif;\"><span style=\"font-size: medium;\">, la corsa ciclistica pi\u00f9 partecipata al mondo lo raccontava nel suo libro.<\/span><\/span><\/span><span style=\"font-size: medium;\"> E infatti a luglio \u00e8 andato <\/span><span style=\"color: #000000;\"><span style=\"font-family: Times New Roman, serif;\"><span style=\"font-size: medium;\">nello IOWA, negli Stati Uniti per seguire il suo sogno, per essere libero. Simone da 17 anni convive con il Parkinson.<\/span><\/span><\/span><\/p>\n<p align=\"justify\"><span style=\"color: #000000;\"><span style=\"font-family: Times New Roman, serif;\"><span style=\"font-size: medium;\"><i>Mentre scrivo queste parole sono in un momento di difficolt\u00e0: per digitare una lettera devo spostare l&#8217;intera mano sulla tastiera, ogni movimento deve essere pensato e poi messo in pratica con molta fatica.<\/i><\/span><\/span><\/span><\/p>\n<p align=\"justify\"><span style=\"color: #000000;\"><span style=\"font-family: Times New Roman, serif;\"><span style=\"font-size: medium;\">La malattia di Parkinson \u00e8 una patologia neurodegenerativa a evoluzione lenta ma progressiva, che coinvolge principalmente le funzioni del controllo dei movimenti e dell&#8217;equilibrio.<\/span><\/span><\/span><\/p>\n<p align=\"justify\"><span style=\"color: #000000;\"><span style=\"font-family: Times New Roman, serif;\"><span style=\"font-size: medium;\">L&#8217;andare in bicicletta per uno che convive con il Parkinson non solo \u00e8 esercizio motorio e allenamento, \u00e8 un vera e propria scelta di libert\u00e0.<\/span><\/span><\/span><\/p>\n<p align=\"justify\"><span style=\"color: #000000;\"><span style=\"font-family: Times New Roman, serif;\"><span style=\"font-size: medium;\">Simone, nel suo libro scritto con Max Mauro \u201cIn bicicletta sono libero\u201d ediciclo editore, lo afferma con convinzione, una convinzione che si basa sul suo vissuto. Da sempre appassionato delle due ruote non si \u00e8 lasciato catturare dalla passivit\u00e0 che Mr Pk, come lo chiama lui, induce nelle persone che ne sono affette, ha reagito ed ha inforcato la sua bici.<\/span><\/span><\/span><\/p>\n<p align=\"justify\"><span style=\"color: #000000;\"><span style=\"font-family: Times New Roman, serif;\"><span style=\"font-size: medium;\">Il libro racconta bene cosa succede a una persona che scopre di avere il Parkinson; i primi sintomi e il non riuscirne a capire le cause, la scoperta della malattia e il continuare ad ignorarne le cause, la difficolt\u00e0 nello stabilire la terapia e il pellegrinare tra un esperto e l&#8217;altro, fino all&#8217;accettazione della propria condizione progressivamente sempre pi\u00f9 di disabilit\u00e0.<\/span><\/span><\/span><\/p>\n<p align=\"justify\"><span style=\"color: #000000;\"><span style=\"font-family: Times New Roman, serif;\"><span style=\"font-size: medium;\"><i>ACCETTARE<\/i><\/span><\/span><\/span><\/p>\n<p align=\"justify\"><span style=\"color: #000000;\"><span style=\"font-family: Times New Roman, serif;\"><span style=\"font-size: medium;\"><i>E&#8217; questa la chiave di tutto,<\/i><\/span><\/span><\/span><\/p>\n<p align=\"justify\"><span style=\"color: #000000;\"><span style=\"font-family: Times New Roman, serif;\"><span style=\"font-size: medium;\"><i>se riesco ad accettare il fatto che la malattia c&#8217;\u00e8,<\/i><\/span><\/span><\/span><\/p>\n<p align=\"justify\"><span style=\"color: #000000;\"><span style=\"font-family: Times New Roman, serif;\"><span style=\"font-size: medium;\"><i>e non devo pensare a cosa aspettarmi,<\/i><\/span><\/span><\/span><\/p>\n<p align=\"justify\"><span style=\"color: #000000;\"><span style=\"font-family: Times New Roman, serif;\"><span style=\"font-size: medium;\"><i>ma a quello che posso fare adesso,<\/i><\/span><\/span><\/span><\/p>\n<p align=\"justify\"><span style=\"color: #000000;\"><span style=\"font-family: Times New Roman, serif;\"><span style=\"font-size: medium;\"><i>ecco che riesco a conquistarmi la libert\u00e0 di fare molte cose<\/i><\/span><\/span><\/span><\/p>\n<p align=\"justify\"><span style=\"color: #000000;\"><span style=\"font-family: Times New Roman, serif;\"><span style=\"font-size: medium;\">Lo ha trascritto tempo fa, non ricorda neanche dove e chi lo avesse scritto, ma \u00e8 diventato il motto di Simone Masotti.<\/span><\/span><\/span><\/p>\n<p align=\"justify\"><span style=\"color: #000000;\"><span style=\"font-family: Times New Roman, serif;\"><span style=\"font-size: medium;\">Il suo uso delle due ruote si \u00e8 trasformato da semplici giri in bici in veri e propri viaggi. Questo \u00e8 il fulcro del libro. Non semplicemente cicloturismo, ma viaggi intesi come ricerca della diversit\u00e0, realizzati per conoscere se stessi e gli altri.<\/span><\/span><\/span><\/p>\n<p align=\"justify\"><span style=\"color: #000000;\"><span style=\"font-family: Times New Roman, serif;\"><span style=\"font-size: medium;\">E i compagni di viaggio, gli incontri sono assolutamente importanti nel racconto di Simone. Il primo viaggio \u00e8 con Sergio, Ralf e Pino in Croazia. Uno di loro (non vi dir\u00f2 chi) ha anche l&#8217;Alzheimer; possiamo dire che in fondo da vicino nessuno \u00e8 normale&#8230; cos\u00ec chiamarono l&#8217;iniziativa <\/span><\/span><\/span><span style=\"color: #000000;\"><span style=\"font-family: Times New Roman, serif;\"><span style=\"font-size: medium;\"><i>Bike riding with Parkinson&#8217;s, Bike riding with Alzheimer<\/i><\/span><\/span><\/span><span style=\"color: #000000;\"><span style=\"font-family: Times New Roman, serif;\"><span style=\"font-size: medium;\">. Leggendola ci si appassiona all&#8217;avventura in cui troverete anche un imprevisto che costringe a interromperla, ovviamente vi \u00e8 un successivo ritorno per concludere il Bike riding, non poteva essere altrimenti. <\/span><\/span><\/span><\/p>\n<p align=\"justify\"><span style=\"color: #000000;\"><span style=\"font-family: Times New Roman, serif;\"><span style=\"font-size: medium;\">Dopodich\u00e9 arriva per tutti la grande clausura, \u00e8 il Covid che ci ha bloccati a casa. Chi aveva gi\u00e0 difficolt\u00e0 nel muoversi \u00e8 stato bloccato due volte. Simone, giustamente, infrange le regole e continua a aprire sentieri e a praticare ciclismo nei pressi di dove vive, a pochi chilometri da Udine. Appena possibile organizza un nuovo viaggio, a due passi da casa, tra Friuli e Veneto. Ci siamo convinti che il viaggio si faccia lontano, ma non \u00e8 vero che viaggiare corrisponda a coprire lunghe distanze, \u00e8 invece ricerca, appunto, e si pu\u00f2 compiere ovunque. Cos\u00ec con Sergio ripartono per il <\/span><\/span><\/span><span style=\"color: #000000;\"><span style=\"font-family: Times New Roman, serif;\"><span style=\"font-size: medium;\"><i>Gravel e bikepacking tra Veneto e Friuli. 700 km in bici per contrastare i sintomi del Parkinson<\/i><\/span><\/span><\/span><span style=\"color: #000000;\"><span style=\"font-family: Times New Roman, serif;\"><span style=\"font-size: medium;\">.<\/span><\/span><\/span><\/p>\n<p align=\"justify\"><span style=\"color: #000000;\"><span style=\"font-family: Times New Roman, serif;\"><span style=\"font-size: medium;\">In conclusione del libro arriva l&#8217;annuncio della realizzazione di un sogno: la partecipazione alla RAGBRAI, la grande corsa ciclistica annuale attraverso lo Iowa. Perch\u00e9 \u00e8 cos\u00ec importante per Simone? Anni fa, ascoltando una conversazione tra dottori, sent\u00ec raccontare la storia di <\/span><\/span><\/span><a href=\"https:\/\/en.wikipedia.org\/wiki\/Davis_Phinney\"><span style=\"color: #000080;\"><span style=\"font-family: Times New Roman, serif;\"><span style=\"font-size: medium;\"><u>Davis Phinney<\/u><\/span><\/span><\/span><\/a><span style=\"color: #000000;\"><span style=\"font-family: Times New Roman, serif;\"><span style=\"font-size: medium;\">. Davis \u00e8 un ex ciclista, vincitore di due tappe del Tour de France, campione statunitense degli anni &#8217;80 e &#8217;90, a cui nel 2000 gli fu diagnosticato il Parkinson e ora ha una Fondazione che promuove lo sport per la salute. Nel 2003 Davis Phinney segu\u00ec l&#8217;avventura di un neurologo, Jay Alberts e di un suo paziente i quali parteciparono al RAGBRAI con un tandem. Il neurologo not\u00f2 che l&#8217;esercizio e l&#8217;andare in bici alleviavano notevolmente i sintomi del suo amico e, una volta tornato al lavoro, inizi\u00f2 uno studio innovativo sul Parkinson. Fino ad allora, infatti, veniva raccomandato riposo agli affetti da Parkinson, Il Dott. Alberts dimostr\u00f2 quanto sia invece importante il movimento e l&#8217;esercizio. La Davis Phinney Foundation ha poi deciso di finanziare la ricerca.<\/span><\/span><\/span><\/p>\n<p align=\"justify\"><span style=\"color: #000000;\"><span style=\"font-family: Times New Roman, serif;\"><span style=\"font-size: medium;\">Phinney e Alberts tornano ogni anno alla RAGBRAI per dimostrare che la vita non finisce con la diagnosi.<\/span><\/span><\/span><\/p>\n<p align=\"justify\"><span style=\"color: #000000;\"><span style=\"font-family: Times New Roman, serif;\"><span style=\"font-size: medium;\">Il libro racconta questo che, nonostante la presenza di <\/span><\/span><\/span><span style=\"color: #000000;\"><span style=\"font-family: Times New Roman, serif;\"><span style=\"font-size: medium;\"><i>Mr. Pk<\/i><\/span><\/span><\/span><span style=\"color: #000000;\"><span style=\"font-family: Times New Roman, serif;\"><span style=\"font-size: medium;\">, si pu\u00f2 vivere e realizzare i propri sogni, come quello dell&#8217;autore di prendere armi, bagagli e bicicletta e andare dall&#8217;altra parte del mondo, <\/span><\/span><\/span><span style=\"color: #000000;\"><span style=\"font-family: Times New Roman, serif;\"><span style=\"font-size: medium;\"><i>una meta come per i pellegrini raggiungere Santiago de Compostela<\/i><\/span><\/span><\/span><span style=\"color: #000000;\"><span style=\"font-family: Times New Roman, serif;\"><span style=\"font-size: medium;\">.<\/span><\/span><\/span><\/p>\n<p align=\"justify\"><span style=\"color: #000000;\"><span style=\"font-family: Times New Roman, serif;\"><span style=\"font-size: medium;\">Noi che promuoviamo il viaggio a piedi e in bicicletta seguiremo con attenzione <\/span><\/span><\/span><span style=\"font-size: medium;\">i<\/span><span style=\"color: #000000;\"><span style=\"font-family: Times New Roman, serif;\"><span style=\"font-size: medium;\"> viaggi di Simone Masotti, ciclista per la libert\u00e0. <\/span><\/span><\/span><\/p>\n","protected":false},"excerpt":{"rendered":"<p>Simone Masotti si prepara per andare con la sua bicicletta al Register&#8217;s Annual Great Bicycle Ride Across Iowa, la corsa ciclistica pi\u00f9 partecipata al mondo lo raccontava nel suo libro. E infatti a luglio \u00e8 andato nello IOWA, negli Stati&hellip;<\/p>\n","protected":false},"author":2083,"featured_media":1660735,"comment_status":"closed","ping_status":"closed","sticky":false,"template":"","format":"standard","meta":{"footnotes":""},"categories":[59,47],"tags":[6599,1311,91686,1552,105672],"class_list":["post-1660734","post","type-post","status-publish","format-standard","has-post-thumbnail","hentry","category-ambiente-ecologia","category-europa","tag-bicicletta","tag-libro","tag-parkinson-it","tag-recensione","tag-simone-masotti"],"yoast_head":"<!-- This site is optimized with the Yoast SEO plugin v27.1.1 - https:\/\/yoast.com\/product\/yoast-seo-wordpress\/ -->\n<title>La bicicletta e la libert\u00e0: il libro di Simone Masotti sui suoi viaggi in bici<\/title>\n<meta name=\"description\" content=\"Simone Masotti si prepara per andare con la sua bicicletta al Register&#039;s Annual Great Bicycle Ride Across Iowa, la corsa ciclistica pi\u00f9 partecipata al\" \/>\n<meta name=\"robots\" content=\"index, follow, max-snippet:-1, max-image-preview:large, max-video-preview:-1\" \/>\n<link rel=\"canonical\" href=\"https:\/\/www.pressenza.com\/it\/2022\/09\/la-bicicletta-e-la-liberta-il-libro-di-simone-masotti-sui-suoi-viaggi-in-bici\/\" \/>\n<meta property=\"og:locale\" content=\"it_IT\" \/>\n<meta property=\"og:type\" content=\"article\" \/>\n<meta property=\"og:title\" content=\"La bicicletta e la libert\u00e0: il libro di Simone Masotti sui suoi viaggi in bici\" \/>\n<meta property=\"og:description\" content=\"Simone Masotti si prepara per andare con la sua bicicletta al Register&#039;s Annual Great Bicycle Ride Across Iowa, la corsa ciclistica pi\u00f9 partecipata al\" \/>\n<meta property=\"og:url\" content=\"https:\/\/www.pressenza.com\/it\/2022\/09\/la-bicicletta-e-la-liberta-il-libro-di-simone-masotti-sui-suoi-viaggi-in-bici\/\" \/>\n<meta property=\"og:site_name\" content=\"Pressenza\" \/>\n<meta property=\"article:publisher\" content=\"https:\/\/www.facebook.com\/PressenzaItalia\" \/>\n<meta property=\"article:published_time\" content=\"2022-09-18T05:26:13+00:00\" \/>\n<meta property=\"og:image\" content=\"https:\/\/www.pressenza.com\/wp-content\/uploads\/2022\/09\/IMG_20220916_061016.jpg\" \/>\n\t<meta property=\"og:image:width\" content=\"1052\" \/>\n\t<meta property=\"og:image:height\" content=\"1919\" \/>\n\t<meta property=\"og:image:type\" content=\"image\/jpeg\" \/>\n<meta name=\"author\" content=\"Ettore Macchieraldo\" \/>\n<meta name=\"twitter:card\" content=\"summary_large_image\" \/>\n<meta name=\"twitter:creator\" content=\"@PressenzaIPA\" \/>\n<meta name=\"twitter:site\" content=\"@PressenzaIPA\" \/>\n<meta name=\"twitter:label1\" content=\"Scritto da\" \/>\n\t<meta name=\"twitter:data1\" content=\"Ettore Macchieraldo\" \/>\n\t<meta name=\"twitter:label2\" content=\"Tempo di lettura stimato\" \/>\n\t<meta name=\"twitter:data2\" content=\"5 minuti\" \/>\n<script type=\"application\/ld+json\" class=\"yoast-schema-graph\">{\"@context\":\"https:\/\/schema.org\",\"@graph\":[{\"@type\":\"Article\",\"@id\":\"https:\/\/www.pressenza.com\/it\/2022\/09\/la-bicicletta-e-la-liberta-il-libro-di-simone-masotti-sui-suoi-viaggi-in-bici\/#article\",\"isPartOf\":{\"@id\":\"https:\/\/www.pressenza.com\/it\/2022\/09\/la-bicicletta-e-la-liberta-il-libro-di-simone-masotti-sui-suoi-viaggi-in-bici\/\"},\"author\":{\"name\":\"Ettore Macchieraldo\",\"@id\":\"https:\/\/www.pressenza.com\/it\/#\/schema\/person\/0fc703d72c5e915fb1a513aa8a42b812\"},\"headline\":\"La bicicletta e la libert\u00e0: il libro di Simone Masotti sui suoi viaggi in bici\",\"datePublished\":\"2022-09-18T05:26:13+00:00\",\"mainEntityOfPage\":{\"@id\":\"https:\/\/www.pressenza.com\/it\/2022\/09\/la-bicicletta-e-la-liberta-il-libro-di-simone-masotti-sui-suoi-viaggi-in-bici\/\"},\"wordCount\":835,\"publisher\":{\"@id\":\"https:\/\/www.pressenza.com\/it\/#organization\"},\"image\":{\"@id\":\"https:\/\/www.pressenza.com\/it\/2022\/09\/la-bicicletta-e-la-liberta-il-libro-di-simone-masotti-sui-suoi-viaggi-in-bici\/#primaryimage\"},\"thumbnailUrl\":\"https:\/\/www.pressenza.com\/wp-content\/uploads\/2022\/09\/IMG_20220916_061016.jpg\",\"keywords\":[\"bicicletta\",\"libro\",\"Parkinson\",\"recensione\",\"Simone Masotti\"],\"articleSection\":[\"Ecologia ed Ambiente\",\"Europa\"],\"inLanguage\":\"it-IT\"},{\"@type\":\"WebPage\",\"@id\":\"https:\/\/www.pressenza.com\/it\/2022\/09\/la-bicicletta-e-la-liberta-il-libro-di-simone-masotti-sui-suoi-viaggi-in-bici\/\",\"url\":\"https:\/\/www.pressenza.com\/it\/2022\/09\/la-bicicletta-e-la-liberta-il-libro-di-simone-masotti-sui-suoi-viaggi-in-bici\/\",\"name\":\"La bicicletta e la libert\u00e0: il libro di Simone Masotti sui suoi viaggi in bici\",\"isPartOf\":{\"@id\":\"https:\/\/www.pressenza.com\/it\/#website\"},\"primaryImageOfPage\":{\"@id\":\"https:\/\/www.pressenza.com\/it\/2022\/09\/la-bicicletta-e-la-liberta-il-libro-di-simone-masotti-sui-suoi-viaggi-in-bici\/#primaryimage\"},\"image\":{\"@id\":\"https:\/\/www.pressenza.com\/it\/2022\/09\/la-bicicletta-e-la-liberta-il-libro-di-simone-masotti-sui-suoi-viaggi-in-bici\/#primaryimage\"},\"thumbnailUrl\":\"https:\/\/www.pressenza.com\/wp-content\/uploads\/2022\/09\/IMG_20220916_061016.jpg\",\"datePublished\":\"2022-09-18T05:26:13+00:00\",\"description\":\"Simone Masotti si prepara per andare con la sua bicicletta al Register's Annual Great Bicycle Ride Across Iowa, la corsa ciclistica pi\u00f9 partecipata al\",\"breadcrumb\":{\"@id\":\"https:\/\/www.pressenza.com\/it\/2022\/09\/la-bicicletta-e-la-liberta-il-libro-di-simone-masotti-sui-suoi-viaggi-in-bici\/#breadcrumb\"},\"inLanguage\":\"it-IT\",\"potentialAction\":[{\"@type\":\"ReadAction\",\"target\":[\"https:\/\/www.pressenza.com\/it\/2022\/09\/la-bicicletta-e-la-liberta-il-libro-di-simone-masotti-sui-suoi-viaggi-in-bici\/\"]}]},{\"@type\":\"ImageObject\",\"inLanguage\":\"it-IT\",\"@id\":\"https:\/\/www.pressenza.com\/it\/2022\/09\/la-bicicletta-e-la-liberta-il-libro-di-simone-masotti-sui-suoi-viaggi-in-bici\/#primaryimage\",\"url\":\"https:\/\/www.pressenza.com\/wp-content\/uploads\/2022\/09\/IMG_20220916_061016.jpg\",\"contentUrl\":\"https:\/\/www.pressenza.com\/wp-content\/uploads\/2022\/09\/IMG_20220916_061016.jpg\",\"width\":1052,\"height\":1919},{\"@type\":\"BreadcrumbList\",\"@id\":\"https:\/\/www.pressenza.com\/it\/2022\/09\/la-bicicletta-e-la-liberta-il-libro-di-simone-masotti-sui-suoi-viaggi-in-bici\/#breadcrumb\",\"itemListElement\":[{\"@type\":\"ListItem\",\"position\":1,\"name\":\"Accueil\",\"item\":\"https:\/\/www.pressenza.com\/it\/\"},{\"@type\":\"ListItem\",\"position\":2,\"name\":\"La bicicletta e la libert\u00e0: il libro di Simone Masotti sui suoi viaggi in bici\"}]},{\"@type\":\"WebSite\",\"@id\":\"https:\/\/www.pressenza.com\/it\/#website\",\"url\":\"https:\/\/www.pressenza.com\/it\/\",\"name\":\"Pressenza\",\"description\":\"Agenzia di Stampa Internazionale\",\"publisher\":{\"@id\":\"https:\/\/www.pressenza.com\/it\/#organization\"},\"potentialAction\":[{\"@type\":\"SearchAction\",\"target\":{\"@type\":\"EntryPoint\",\"urlTemplate\":\"https:\/\/www.pressenza.com\/it\/?s={search_term_string}\"},\"query-input\":{\"@type\":\"PropertyValueSpecification\",\"valueRequired\":true,\"valueName\":\"search_term_string\"}}],\"inLanguage\":\"it-IT\"},{\"@type\":\"Organization\",\"@id\":\"https:\/\/www.pressenza.com\/it\/#organization\",\"name\":\"Pressenza\",\"url\":\"https:\/\/www.pressenza.com\/it\/\",\"logo\":{\"@type\":\"ImageObject\",\"inLanguage\":\"it-IT\",\"@id\":\"https:\/\/www.pressenza.com\/it\/#\/schema\/logo\/image\/\",\"url\":\"https:\/\/www.pressenza.com\/wp-content\/uploads\/2022\/10\/pressenza_logo_200x200.jpg\",\"contentUrl\":\"https:\/\/www.pressenza.com\/wp-content\/uploads\/2022\/10\/pressenza_logo_200x200.jpg\",\"width\":200,\"height\":200,\"caption\":\"Pressenza\"},\"image\":{\"@id\":\"https:\/\/www.pressenza.com\/it\/#\/schema\/logo\/image\/\"},\"sameAs\":[\"https:\/\/www.facebook.com\/PressenzaItalia\",\"https:\/\/x.com\/PressenzaIPA\"]},{\"@type\":\"Person\",\"@id\":\"https:\/\/www.pressenza.com\/it\/#\/schema\/person\/0fc703d72c5e915fb1a513aa8a42b812\",\"name\":\"Ettore Macchieraldo\",\"url\":\"https:\/\/www.pressenza.com\/it\/author\/ettore-macchieraldo\/\"}]}<\/script>\n<!-- \/ Yoast SEO plugin. -->","yoast_head_json":{"title":"La bicicletta e la libert\u00e0: il libro di Simone Masotti sui suoi viaggi in bici","description":"Simone Masotti si prepara per andare con la sua bicicletta al Register's Annual Great Bicycle Ride Across Iowa, la corsa ciclistica pi\u00f9 partecipata al","robots":{"index":"index","follow":"follow","max-snippet":"max-snippet:-1","max-image-preview":"max-image-preview:large","max-video-preview":"max-video-preview:-1"},"canonical":"https:\/\/www.pressenza.com\/it\/2022\/09\/la-bicicletta-e-la-liberta-il-libro-di-simone-masotti-sui-suoi-viaggi-in-bici\/","og_locale":"it_IT","og_type":"article","og_title":"La bicicletta e la libert\u00e0: il libro di Simone Masotti sui suoi viaggi in bici","og_description":"Simone Masotti si prepara per andare con la sua bicicletta al Register's Annual Great Bicycle Ride Across Iowa, la corsa ciclistica pi\u00f9 partecipata al","og_url":"https:\/\/www.pressenza.com\/it\/2022\/09\/la-bicicletta-e-la-liberta-il-libro-di-simone-masotti-sui-suoi-viaggi-in-bici\/","og_site_name":"Pressenza","article_publisher":"https:\/\/www.facebook.com\/PressenzaItalia","article_published_time":"2022-09-18T05:26:13+00:00","og_image":[{"width":1052,"height":1919,"url":"https:\/\/www.pressenza.com\/wp-content\/uploads\/2022\/09\/IMG_20220916_061016.jpg","type":"image\/jpeg"}],"author":"Ettore Macchieraldo","twitter_card":"summary_large_image","twitter_creator":"@PressenzaIPA","twitter_site":"@PressenzaIPA","twitter_misc":{"Scritto da":"Ettore Macchieraldo","Tempo di lettura stimato":"5 minuti"},"schema":{"@context":"https:\/\/schema.org","@graph":[{"@type":"Article","@id":"https:\/\/www.pressenza.com\/it\/2022\/09\/la-bicicletta-e-la-liberta-il-libro-di-simone-masotti-sui-suoi-viaggi-in-bici\/#article","isPartOf":{"@id":"https:\/\/www.pressenza.com\/it\/2022\/09\/la-bicicletta-e-la-liberta-il-libro-di-simone-masotti-sui-suoi-viaggi-in-bici\/"},"author":{"name":"Ettore Macchieraldo","@id":"https:\/\/www.pressenza.com\/it\/#\/schema\/person\/0fc703d72c5e915fb1a513aa8a42b812"},"headline":"La bicicletta e la libert\u00e0: il libro di Simone Masotti sui suoi viaggi in bici","datePublished":"2022-09-18T05:26:13+00:00","mainEntityOfPage":{"@id":"https:\/\/www.pressenza.com\/it\/2022\/09\/la-bicicletta-e-la-liberta-il-libro-di-simone-masotti-sui-suoi-viaggi-in-bici\/"},"wordCount":835,"publisher":{"@id":"https:\/\/www.pressenza.com\/it\/#organization"},"image":{"@id":"https:\/\/www.pressenza.com\/it\/2022\/09\/la-bicicletta-e-la-liberta-il-libro-di-simone-masotti-sui-suoi-viaggi-in-bici\/#primaryimage"},"thumbnailUrl":"https:\/\/www.pressenza.com\/wp-content\/uploads\/2022\/09\/IMG_20220916_061016.jpg","keywords":["bicicletta","libro","Parkinson","recensione","Simone Masotti"],"articleSection":["Ecologia ed Ambiente","Europa"],"inLanguage":"it-IT"},{"@type":"WebPage","@id":"https:\/\/www.pressenza.com\/it\/2022\/09\/la-bicicletta-e-la-liberta-il-libro-di-simone-masotti-sui-suoi-viaggi-in-bici\/","url":"https:\/\/www.pressenza.com\/it\/2022\/09\/la-bicicletta-e-la-liberta-il-libro-di-simone-masotti-sui-suoi-viaggi-in-bici\/","name":"La bicicletta e la libert\u00e0: il libro di Simone Masotti sui suoi viaggi in bici","isPartOf":{"@id":"https:\/\/www.pressenza.com\/it\/#website"},"primaryImageOfPage":{"@id":"https:\/\/www.pressenza.com\/it\/2022\/09\/la-bicicletta-e-la-liberta-il-libro-di-simone-masotti-sui-suoi-viaggi-in-bici\/#primaryimage"},"image":{"@id":"https:\/\/www.pressenza.com\/it\/2022\/09\/la-bicicletta-e-la-liberta-il-libro-di-simone-masotti-sui-suoi-viaggi-in-bici\/#primaryimage"},"thumbnailUrl":"https:\/\/www.pressenza.com\/wp-content\/uploads\/2022\/09\/IMG_20220916_061016.jpg","datePublished":"2022-09-18T05:26:13+00:00","description":"Simone Masotti si prepara per andare con la sua bicicletta al Register's Annual Great Bicycle Ride Across Iowa, la corsa ciclistica pi\u00f9 partecipata al","breadcrumb":{"@id":"https:\/\/www.pressenza.com\/it\/2022\/09\/la-bicicletta-e-la-liberta-il-libro-di-simone-masotti-sui-suoi-viaggi-in-bici\/#breadcrumb"},"inLanguage":"it-IT","potentialAction":[{"@type":"ReadAction","target":["https:\/\/www.pressenza.com\/it\/2022\/09\/la-bicicletta-e-la-liberta-il-libro-di-simone-masotti-sui-suoi-viaggi-in-bici\/"]}]},{"@type":"ImageObject","inLanguage":"it-IT","@id":"https:\/\/www.pressenza.com\/it\/2022\/09\/la-bicicletta-e-la-liberta-il-libro-di-simone-masotti-sui-suoi-viaggi-in-bici\/#primaryimage","url":"https:\/\/www.pressenza.com\/wp-content\/uploads\/2022\/09\/IMG_20220916_061016.jpg","contentUrl":"https:\/\/www.pressenza.com\/wp-content\/uploads\/2022\/09\/IMG_20220916_061016.jpg","width":1052,"height":1919},{"@type":"BreadcrumbList","@id":"https:\/\/www.pressenza.com\/it\/2022\/09\/la-bicicletta-e-la-liberta-il-libro-di-simone-masotti-sui-suoi-viaggi-in-bici\/#breadcrumb","itemListElement":[{"@type":"ListItem","position":1,"name":"Accueil","item":"https:\/\/www.pressenza.com\/it\/"},{"@type":"ListItem","position":2,"name":"La bicicletta e la libert\u00e0: il libro di Simone Masotti sui suoi viaggi in bici"}]},{"@type":"WebSite","@id":"https:\/\/www.pressenza.com\/it\/#website","url":"https:\/\/www.pressenza.com\/it\/","name":"Pressenza","description":"Agenzia di Stampa Internazionale","publisher":{"@id":"https:\/\/www.pressenza.com\/it\/#organization"},"potentialAction":[{"@type":"SearchAction","target":{"@type":"EntryPoint","urlTemplate":"https:\/\/www.pressenza.com\/it\/?s={search_term_string}"},"query-input":{"@type":"PropertyValueSpecification","valueRequired":true,"valueName":"search_term_string"}}],"inLanguage":"it-IT"},{"@type":"Organization","@id":"https:\/\/www.pressenza.com\/it\/#organization","name":"Pressenza","url":"https:\/\/www.pressenza.com\/it\/","logo":{"@type":"ImageObject","inLanguage":"it-IT","@id":"https:\/\/www.pressenza.com\/it\/#\/schema\/logo\/image\/","url":"https:\/\/www.pressenza.com\/wp-content\/uploads\/2022\/10\/pressenza_logo_200x200.jpg","contentUrl":"https:\/\/www.pressenza.com\/wp-content\/uploads\/2022\/10\/pressenza_logo_200x200.jpg","width":200,"height":200,"caption":"Pressenza"},"image":{"@id":"https:\/\/www.pressenza.com\/it\/#\/schema\/logo\/image\/"},"sameAs":["https:\/\/www.facebook.com\/PressenzaItalia","https:\/\/x.com\/PressenzaIPA"]},{"@type":"Person","@id":"https:\/\/www.pressenza.com\/it\/#\/schema\/person\/0fc703d72c5e915fb1a513aa8a42b812","name":"Ettore Macchieraldo","url":"https:\/\/www.pressenza.com\/it\/author\/ettore-macchieraldo\/"}]}},"place":"","original_article_url":"","_links":{"self":[{"href":"https:\/\/www.pressenza.com\/it\/wp-json\/wp\/v2\/posts\/1660734","targetHints":{"allow":["GET"]}}],"collection":[{"href":"https:\/\/www.pressenza.com\/it\/wp-json\/wp\/v2\/posts"}],"about":[{"href":"https:\/\/www.pressenza.com\/it\/wp-json\/wp\/v2\/types\/post"}],"author":[{"embeddable":true,"href":"https:\/\/www.pressenza.com\/it\/wp-json\/wp\/v2\/users\/2083"}],"replies":[{"embeddable":true,"href":"https:\/\/www.pressenza.com\/it\/wp-json\/wp\/v2\/comments?post=1660734"}],"version-history":[{"count":0,"href":"https:\/\/www.pressenza.com\/it\/wp-json\/wp\/v2\/posts\/1660734\/revisions"}],"wp:featuredmedia":[{"embeddable":true,"href":"https:\/\/www.pressenza.com\/it\/wp-json\/wp\/v2\/media\/1660735"}],"wp:attachment":[{"href":"https:\/\/www.pressenza.com\/it\/wp-json\/wp\/v2\/media?parent=1660734"}],"wp:term":[{"taxonomy":"category","embeddable":true,"href":"https:\/\/www.pressenza.com\/it\/wp-json\/wp\/v2\/categories?post=1660734"},{"taxonomy":"post_tag","embeddable":true,"href":"https:\/\/www.pressenza.com\/it\/wp-json\/wp\/v2\/tags?post=1660734"}],"curies":[{"name":"wp","href":"https:\/\/api.w.org\/{rel}","templated":true}]}}