{"id":1660295,"date":"2022-09-17T12:20:27","date_gmt":"2022-09-17T11:20:27","guid":{"rendered":"https:\/\/www.pressenza.com\/?p=1660295"},"modified":"2022-09-17T14:02:04","modified_gmt":"2022-09-17T13:02:04","slug":"la-consigliera-regionale-frediani-visita-il-carcere-torinese-presidio-in-sostegno-delle-detenute-e-dei-detenuti","status":"publish","type":"post","link":"https:\/\/www.pressenza.com\/it\/2022\/09\/la-consigliera-regionale-frediani-visita-il-carcere-torinese-presidio-in-sostegno-delle-detenute-e-dei-detenuti\/","title":{"rendered":"La Consigliera regionale Frediani visita il carcere torinese, presidio in sostegno delle detenute e dei detenuti"},"content":{"rendered":"<h2>Ieri ancora un presidio, convocato dalla <a href=\"https:\/\/www.facebook.com\/mammeinpiazza\">Mamme in Piazza per la Libert\u00e0 di Dissenso<\/a>, in concomitanza con la visita della Consigliera Regionale Francesca Frediani<\/h2>\n<p>Presenti al presidio:<br \/>\n&#8211; Unione Popolare con alcuni dei propri candidati piemontesi<br \/>\n&#8211; ANPI sezione di Grugliasco<br \/>\n&#8211; Movimento NoTav<\/p>\n<p>Le detenute del Lorusso e Cutugno di Torino continuano lo sciopero della fame per sensibilizzare la politica sulla condizione carceraria. Rileviamo che l&#8217;unica forza politica presente \u00e8 stata Unione Popolare.<\/p>\n<p>La consigliera Frediani ha rilasciato delle dichiarazioni all&#8217;uscita di cui riportiamo alcuni passaggi salienti: &#8220;<em>Le richieste sono sempre le stesse, che sento da diversi anni, questo significa che molti problemi non si risolvono. Qualcosa \u00e8 migliorato in questi ultimi mesi soprattutto grazie all&#8217;arrivo della nuova Direttrice. Rimangono le solite problematiche soprattutto inerenti al tema della sanit\u00e0. Il problema delle detenute con problemi psichiatrici continua ad essere irrisolto. C&#8217;\u00e8 anche un problema d&#8217;igiene. Si devono condividere degli spazi molto stretti. Basterebbe poco forse per migliorare alcune situazioni. Su altre occorrerebbe un intervento della politica per rendere pi\u00f9 vivibili questi spazi. Sarebbe un sollievo non solo per le detenute ma anche per il personale che si trova spesso a dover gestire delle situazioni molto complesse e difficili. Su Torino c&#8217;\u00e8 il problema dei Magistrati di sorveglianza, che le detenute chiedono di poter incontrare. C&#8217;\u00e8 il problema, molto sentito, delle misure alternative: sia per il sovraffollamento che per il reinserimento nella societ\u00e0<\/em>&#8220;.<\/p>\n<p>Il comunicato stampa della Frediani:<\/p>\n<blockquote><p>Solidariet\u00e0 e sostegno alla lotta delle detenute del carcere di Torino!<br \/>\nDurante la visita al Lorusso e Cotugno ho avuto modo di constatare ancora una volta le difficili condizioni a cui sono sottoposte detenute e detenuti.<\/p>\n<p>Le donne che ho incontrato oggi, in sciopero della fame da pi\u00f9 di un mese, chiedono che la drammatica situazione carceraria torni al centro del dibattito politico, In particolare per venire a capo di una situazione sanitaria ed igienica al limite, fra spazi risicati, sporchi e condivisi, anche con utenti affetti da disturbi psichiatrici.<\/p>\n<p>Chiedono un trattamento dignitoso, una presa di posizione sulle pene alternative e progetti che prevedano prima di tutto la prevenzione e il reinserimento nella societ\u00e0.<\/p>\n<p>Per venire incontro a molte richieste basterebbe poco, a volte anche solo un detergente o un sapone in pi\u00f9.<br \/>\nPer altre problematiche serve un un intervento forte della politica che oggi, tuttavia, alle prese con una campagna elettorale in cui il tema della sicurezza spicca solo come pretesto per far leva sulle paure della gente, sembra essersi dimenticata che fra le celle maleodoranti dei penitenziari vivano delle persone con gli stessi nostri diritti.<\/p><\/blockquote>\n<p>Le dichiarazioni di Francesca Frediani ai nostri microfoni:<\/p>\n<p><iframe loading=\"lazy\" title=\"La Consigliera regionale Frediani visita il carcere di Torino\" width=\"500\" height=\"281\" src=\"https:\/\/www.youtube.com\/embed\/z_2RJQQaBH0?feature=oembed\" frameborder=\"0\" allow=\"accelerometer; autoplay; clipboard-write; encrypted-media; gyroscope; picture-in-picture; web-share\" referrerpolicy=\"strict-origin-when-cross-origin\" allowfullscreen><\/iframe><\/p>\n<p>&nbsp;<\/p>\n<div class=\"post-gallery\">\n\t\t\t<figure class=\"post-gallery-item\">\n\t\t\t\t<img decoding=\"async\" src=\"https:\/\/www.pressenza.com\/wp-content\/uploads\/2022\/09\/Presidio-Lorusso-e-Cutugno-2-820x546.jpg\" loading=\"lazy\">\n\t\t\t\t<figcaption>\n\t\t\t\t\t\n\t\t\t\t<\/figcaption>\n\t\t\t<\/figure>\n\t\t\t<figure class=\"post-gallery-item\">\n\t\t\t\t<img decoding=\"async\" src=\"https:\/\/www.pressenza.com\/wp-content\/uploads\/2022\/09\/Presidio-Lorusso-e-Cutugno-3-820x546.jpg\" loading=\"lazy\">\n\t\t\t\t<figcaption>\n\t\t\t\t\t\n\t\t\t\t<\/figcaption>\n\t\t\t<\/figure>\n\t\t\t<figure class=\"post-gallery-item\">\n\t\t\t\t<img decoding=\"async\" src=\"https:\/\/www.pressenza.com\/wp-content\/uploads\/2022\/09\/Presidio-Lorusso-e-Cutugno-4-820x546.jpg\" loading=\"lazy\">\n\t\t\t\t<figcaption>\n\t\t\t\t\t\n\t\t\t\t<\/figcaption>\n\t\t\t<\/figure><\/div>\n","protected":false},"excerpt":{"rendered":"<p>Ieri ancora un presidio, convocato dalla Mamme in Piazza per la Libert\u00e0 di Dissenso, in concomitanza con la visita della Consigliera Regionale Francesca Frediani Presenti al presidio: &#8211; Unione Popolare con alcuni dei propri candidati piemontesi &#8211; ANPI sezione di&hellip;<\/p>\n","protected":false},"author":1723,"featured_media":1660388,"comment_status":"closed","ping_status":"closed","sticky":false,"template":"","format":"standard","meta":{"footnotes":""},"categories":[11388,60,47,157,55,27065],"tags":[72237,82484,103479],"class_list":["post-1660295","post","type-post","status-publish","format-standard","has-post-thumbnail","hentry","category-contenuti-originali","category-diritti-umani","category-europa","category-interviste","category-politica","category-video-it","tag-carcere-lorusso-e-cotugno","tag-mamme-in-piazza-per-la-liberta-di-dissenso","tag-unione-popolare"],"yoast_head":"<!-- This site is optimized with the Yoast SEO plugin v27.1.1 - https:\/\/yoast.com\/product\/yoast-seo-wordpress\/ -->\n<title>La Consigliera regionale Frediani visita il carcere torinese, presidio in sostegno delle detenute e dei detenuti<\/title>\n<meta name=\"description\" content=\"Ieri ancora un presidio, convocato dalla Mamme in Piazza per la Libert\u00e0 di Dissenso, in concomitanza con la visita della Consigliera Regionale Frediani\" \/>\n<meta name=\"robots\" content=\"index, follow, max-snippet:-1, max-image-preview:large, max-video-preview:-1\" \/>\n<link rel=\"canonical\" href=\"https:\/\/www.pressenza.com\/it\/2022\/09\/la-consigliera-regionale-frediani-visita-il-carcere-torinese-presidio-in-sostegno-delle-detenute-e-dei-detenuti\/\" \/>\n<meta property=\"og:locale\" content=\"it_IT\" \/>\n<meta property=\"og:type\" content=\"article\" \/>\n<meta property=\"og:title\" content=\"La Consigliera regionale Frediani visita il carcere torinese, presidio in sostegno delle detenute e dei detenuti\" \/>\n<meta property=\"og:description\" content=\"Ieri ancora un presidio, convocato dalla Mamme in Piazza per la Libert\u00e0 di Dissenso, in concomitanza con la visita della Consigliera Regionale Frediani\" \/>\n<meta property=\"og:url\" content=\"https:\/\/www.pressenza.com\/it\/2022\/09\/la-consigliera-regionale-frediani-visita-il-carcere-torinese-presidio-in-sostegno-delle-detenute-e-dei-detenuti\/\" \/>\n<meta property=\"og:site_name\" content=\"Pressenza\" \/>\n<meta property=\"article:publisher\" content=\"https:\/\/www.facebook.com\/PressenzaItalia\" \/>\n<meta property=\"article:author\" content=\"https:\/\/www.facebook.com\/fmaffio\/\" \/>\n<meta property=\"article:published_time\" content=\"2022-09-17T11:20:27+00:00\" \/>\n<meta property=\"article:modified_time\" content=\"2022-09-17T13:02:04+00:00\" \/>\n<meta property=\"og:image\" content=\"https:\/\/www.pressenza.com\/wp-content\/uploads\/2022\/09\/Presidio-Lorusso-e-Cutugno-1-1.jpg\" \/>\n\t<meta property=\"og:image:width\" content=\"1280\" \/>\n\t<meta property=\"og:image:height\" content=\"840\" \/>\n\t<meta property=\"og:image:type\" content=\"image\/jpeg\" \/>\n<meta name=\"author\" content=\"Fabrizio Maffioletti\" \/>\n<meta name=\"twitter:card\" content=\"summary_large_image\" \/>\n<meta name=\"twitter:creator\" content=\"@PressenzaIPA\" \/>\n<meta name=\"twitter:site\" content=\"@PressenzaIPA\" \/>\n<meta name=\"twitter:label1\" content=\"Scritto da\" \/>\n\t<meta name=\"twitter:data1\" content=\"Fabrizio Maffioletti\" \/>\n\t<meta name=\"twitter:label2\" content=\"Tempo di lettura stimato\" \/>\n\t<meta name=\"twitter:data2\" content=\"3 minuti\" \/>\n<script type=\"application\/ld+json\" class=\"yoast-schema-graph\">{\"@context\":\"https:\/\/schema.org\",\"@graph\":[{\"@type\":\"Article\",\"@id\":\"https:\/\/www.pressenza.com\/it\/2022\/09\/la-consigliera-regionale-frediani-visita-il-carcere-torinese-presidio-in-sostegno-delle-detenute-e-dei-detenuti\/#article\",\"isPartOf\":{\"@id\":\"https:\/\/www.pressenza.com\/it\/2022\/09\/la-consigliera-regionale-frediani-visita-il-carcere-torinese-presidio-in-sostegno-delle-detenute-e-dei-detenuti\/\"},\"author\":{\"name\":\"Fabrizio Maffioletti\",\"@id\":\"https:\/\/www.pressenza.com\/it\/#\/schema\/person\/6218806028e28ec49d45bcf24895f80a\"},\"headline\":\"La Consigliera regionale Frediani visita il carcere torinese, presidio in sostegno delle detenute e dei detenuti\",\"datePublished\":\"2022-09-17T11:20:27+00:00\",\"dateModified\":\"2022-09-17T13:02:04+00:00\",\"mainEntityOfPage\":{\"@id\":\"https:\/\/www.pressenza.com\/it\/2022\/09\/la-consigliera-regionale-frediani-visita-il-carcere-torinese-presidio-in-sostegno-delle-detenute-e-dei-detenuti\/\"},\"wordCount\":462,\"publisher\":{\"@id\":\"https:\/\/www.pressenza.com\/it\/#organization\"},\"image\":{\"@id\":\"https:\/\/www.pressenza.com\/it\/2022\/09\/la-consigliera-regionale-frediani-visita-il-carcere-torinese-presidio-in-sostegno-delle-detenute-e-dei-detenuti\/#primaryimage\"},\"thumbnailUrl\":\"https:\/\/www.pressenza.com\/wp-content\/uploads\/2022\/09\/Presidio-Lorusso-e-Cutugno-1-1.jpg\",\"keywords\":[\"Carcere Lorusso e Cotugno\",\"Mamme in Piazza per la Libert\u00e0 di Dissenso\",\"Unione Popolare\"],\"articleSection\":[\"contenuti originali\",\"Diritti Umani\",\"Europa\",\"Interviste\",\"Politica\",\"Video\"],\"inLanguage\":\"it-IT\"},{\"@type\":\"WebPage\",\"@id\":\"https:\/\/www.pressenza.com\/it\/2022\/09\/la-consigliera-regionale-frediani-visita-il-carcere-torinese-presidio-in-sostegno-delle-detenute-e-dei-detenuti\/\",\"url\":\"https:\/\/www.pressenza.com\/it\/2022\/09\/la-consigliera-regionale-frediani-visita-il-carcere-torinese-presidio-in-sostegno-delle-detenute-e-dei-detenuti\/\",\"name\":\"La Consigliera regionale Frediani visita il carcere torinese, presidio in sostegno delle detenute e dei detenuti\",\"isPartOf\":{\"@id\":\"https:\/\/www.pressenza.com\/it\/#website\"},\"primaryImageOfPage\":{\"@id\":\"https:\/\/www.pressenza.com\/it\/2022\/09\/la-consigliera-regionale-frediani-visita-il-carcere-torinese-presidio-in-sostegno-delle-detenute-e-dei-detenuti\/#primaryimage\"},\"image\":{\"@id\":\"https:\/\/www.pressenza.com\/it\/2022\/09\/la-consigliera-regionale-frediani-visita-il-carcere-torinese-presidio-in-sostegno-delle-detenute-e-dei-detenuti\/#primaryimage\"},\"thumbnailUrl\":\"https:\/\/www.pressenza.com\/wp-content\/uploads\/2022\/09\/Presidio-Lorusso-e-Cutugno-1-1.jpg\",\"datePublished\":\"2022-09-17T11:20:27+00:00\",\"dateModified\":\"2022-09-17T13:02:04+00:00\",\"description\":\"Ieri ancora un presidio, convocato dalla Mamme in Piazza per la Libert\u00e0 di Dissenso, in concomitanza con la visita della Consigliera Regionale Frediani\",\"breadcrumb\":{\"@id\":\"https:\/\/www.pressenza.com\/it\/2022\/09\/la-consigliera-regionale-frediani-visita-il-carcere-torinese-presidio-in-sostegno-delle-detenute-e-dei-detenuti\/#breadcrumb\"},\"inLanguage\":\"it-IT\",\"potentialAction\":[{\"@type\":\"ReadAction\",\"target\":[\"https:\/\/www.pressenza.com\/it\/2022\/09\/la-consigliera-regionale-frediani-visita-il-carcere-torinese-presidio-in-sostegno-delle-detenute-e-dei-detenuti\/\"]}]},{\"@type\":\"ImageObject\",\"inLanguage\":\"it-IT\",\"@id\":\"https:\/\/www.pressenza.com\/it\/2022\/09\/la-consigliera-regionale-frediani-visita-il-carcere-torinese-presidio-in-sostegno-delle-detenute-e-dei-detenuti\/#primaryimage\",\"url\":\"https:\/\/www.pressenza.com\/wp-content\/uploads\/2022\/09\/Presidio-Lorusso-e-Cutugno-1-1.jpg\",\"contentUrl\":\"https:\/\/www.pressenza.com\/wp-content\/uploads\/2022\/09\/Presidio-Lorusso-e-Cutugno-1-1.jpg\",\"width\":1280,\"height\":840},{\"@type\":\"BreadcrumbList\",\"@id\":\"https:\/\/www.pressenza.com\/it\/2022\/09\/la-consigliera-regionale-frediani-visita-il-carcere-torinese-presidio-in-sostegno-delle-detenute-e-dei-detenuti\/#breadcrumb\",\"itemListElement\":[{\"@type\":\"ListItem\",\"position\":1,\"name\":\"Accueil\",\"item\":\"https:\/\/www.pressenza.com\/it\/\"},{\"@type\":\"ListItem\",\"position\":2,\"name\":\"La Consigliera regionale Frediani visita il carcere torinese, presidio in sostegno delle detenute e dei detenuti\"}]},{\"@type\":\"WebSite\",\"@id\":\"https:\/\/www.pressenza.com\/it\/#website\",\"url\":\"https:\/\/www.pressenza.com\/it\/\",\"name\":\"Pressenza\",\"description\":\"Agenzia di Stampa Internazionale\",\"publisher\":{\"@id\":\"https:\/\/www.pressenza.com\/it\/#organization\"},\"potentialAction\":[{\"@type\":\"SearchAction\",\"target\":{\"@type\":\"EntryPoint\",\"urlTemplate\":\"https:\/\/www.pressenza.com\/it\/?s={search_term_string}\"},\"query-input\":{\"@type\":\"PropertyValueSpecification\",\"valueRequired\":true,\"valueName\":\"search_term_string\"}}],\"inLanguage\":\"it-IT\"},{\"@type\":\"Organization\",\"@id\":\"https:\/\/www.pressenza.com\/it\/#organization\",\"name\":\"Pressenza\",\"url\":\"https:\/\/www.pressenza.com\/it\/\",\"logo\":{\"@type\":\"ImageObject\",\"inLanguage\":\"it-IT\",\"@id\":\"https:\/\/www.pressenza.com\/it\/#\/schema\/logo\/image\/\",\"url\":\"https:\/\/www.pressenza.com\/wp-content\/uploads\/2022\/10\/pressenza_logo_200x200.jpg\",\"contentUrl\":\"https:\/\/www.pressenza.com\/wp-content\/uploads\/2022\/10\/pressenza_logo_200x200.jpg\",\"width\":200,\"height\":200,\"caption\":\"Pressenza\"},\"image\":{\"@id\":\"https:\/\/www.pressenza.com\/it\/#\/schema\/logo\/image\/\"},\"sameAs\":[\"https:\/\/www.facebook.com\/PressenzaItalia\",\"https:\/\/x.com\/PressenzaIPA\"]},{\"@type\":\"Person\",\"@id\":\"https:\/\/www.pressenza.com\/it\/#\/schema\/person\/6218806028e28ec49d45bcf24895f80a\",\"name\":\"Fabrizio Maffioletti\",\"description\":\"Editorialista, fotoreporter, videomaker. Specializzato in tematiche di: nonviolenza, nondiscriminazione, intersezionalit\u00e0, migrazioni, diritti civili, giustizia sociale, giustizia ambientale. Fotografa praticamente da sempre, specializzato in fotografia street e social.\",\"sameAs\":[\"https:\/\/fabriziomaffioletti.it\/\",\"https:\/\/www.facebook.com\/fmaffio\/\"],\"url\":\"https:\/\/www.pressenza.com\/it\/author\/fabrizio-maffioletti\/\"}]}<\/script>\n<!-- \/ Yoast SEO plugin. -->","yoast_head_json":{"title":"La Consigliera regionale Frediani visita il carcere torinese, presidio in sostegno delle detenute e dei detenuti","description":"Ieri ancora un presidio, convocato dalla Mamme in Piazza per la Libert\u00e0 di Dissenso, in concomitanza con la visita della Consigliera Regionale Frediani","robots":{"index":"index","follow":"follow","max-snippet":"max-snippet:-1","max-image-preview":"max-image-preview:large","max-video-preview":"max-video-preview:-1"},"canonical":"https:\/\/www.pressenza.com\/it\/2022\/09\/la-consigliera-regionale-frediani-visita-il-carcere-torinese-presidio-in-sostegno-delle-detenute-e-dei-detenuti\/","og_locale":"it_IT","og_type":"article","og_title":"La Consigliera regionale Frediani visita il carcere torinese, presidio in sostegno delle detenute e dei detenuti","og_description":"Ieri ancora un presidio, convocato dalla Mamme in Piazza per la Libert\u00e0 di Dissenso, in concomitanza con la visita della Consigliera Regionale Frediani","og_url":"https:\/\/www.pressenza.com\/it\/2022\/09\/la-consigliera-regionale-frediani-visita-il-carcere-torinese-presidio-in-sostegno-delle-detenute-e-dei-detenuti\/","og_site_name":"Pressenza","article_publisher":"https:\/\/www.facebook.com\/PressenzaItalia","article_author":"https:\/\/www.facebook.com\/fmaffio\/","article_published_time":"2022-09-17T11:20:27+00:00","article_modified_time":"2022-09-17T13:02:04+00:00","og_image":[{"width":1280,"height":840,"url":"https:\/\/www.pressenza.com\/wp-content\/uploads\/2022\/09\/Presidio-Lorusso-e-Cutugno-1-1.jpg","type":"image\/jpeg"}],"author":"Fabrizio Maffioletti","twitter_card":"summary_large_image","twitter_creator":"@PressenzaIPA","twitter_site":"@PressenzaIPA","twitter_misc":{"Scritto da":"Fabrizio Maffioletti","Tempo di lettura stimato":"3 minuti"},"schema":{"@context":"https:\/\/schema.org","@graph":[{"@type":"Article","@id":"https:\/\/www.pressenza.com\/it\/2022\/09\/la-consigliera-regionale-frediani-visita-il-carcere-torinese-presidio-in-sostegno-delle-detenute-e-dei-detenuti\/#article","isPartOf":{"@id":"https:\/\/www.pressenza.com\/it\/2022\/09\/la-consigliera-regionale-frediani-visita-il-carcere-torinese-presidio-in-sostegno-delle-detenute-e-dei-detenuti\/"},"author":{"name":"Fabrizio Maffioletti","@id":"https:\/\/www.pressenza.com\/it\/#\/schema\/person\/6218806028e28ec49d45bcf24895f80a"},"headline":"La Consigliera regionale Frediani visita il carcere torinese, presidio in sostegno delle detenute e dei detenuti","datePublished":"2022-09-17T11:20:27+00:00","dateModified":"2022-09-17T13:02:04+00:00","mainEntityOfPage":{"@id":"https:\/\/www.pressenza.com\/it\/2022\/09\/la-consigliera-regionale-frediani-visita-il-carcere-torinese-presidio-in-sostegno-delle-detenute-e-dei-detenuti\/"},"wordCount":462,"publisher":{"@id":"https:\/\/www.pressenza.com\/it\/#organization"},"image":{"@id":"https:\/\/www.pressenza.com\/it\/2022\/09\/la-consigliera-regionale-frediani-visita-il-carcere-torinese-presidio-in-sostegno-delle-detenute-e-dei-detenuti\/#primaryimage"},"thumbnailUrl":"https:\/\/www.pressenza.com\/wp-content\/uploads\/2022\/09\/Presidio-Lorusso-e-Cutugno-1-1.jpg","keywords":["Carcere Lorusso e Cotugno","Mamme in Piazza per la Libert\u00e0 di Dissenso","Unione Popolare"],"articleSection":["contenuti originali","Diritti Umani","Europa","Interviste","Politica","Video"],"inLanguage":"it-IT"},{"@type":"WebPage","@id":"https:\/\/www.pressenza.com\/it\/2022\/09\/la-consigliera-regionale-frediani-visita-il-carcere-torinese-presidio-in-sostegno-delle-detenute-e-dei-detenuti\/","url":"https:\/\/www.pressenza.com\/it\/2022\/09\/la-consigliera-regionale-frediani-visita-il-carcere-torinese-presidio-in-sostegno-delle-detenute-e-dei-detenuti\/","name":"La Consigliera regionale Frediani visita il carcere torinese, presidio in sostegno delle detenute e dei detenuti","isPartOf":{"@id":"https:\/\/www.pressenza.com\/it\/#website"},"primaryImageOfPage":{"@id":"https:\/\/www.pressenza.com\/it\/2022\/09\/la-consigliera-regionale-frediani-visita-il-carcere-torinese-presidio-in-sostegno-delle-detenute-e-dei-detenuti\/#primaryimage"},"image":{"@id":"https:\/\/www.pressenza.com\/it\/2022\/09\/la-consigliera-regionale-frediani-visita-il-carcere-torinese-presidio-in-sostegno-delle-detenute-e-dei-detenuti\/#primaryimage"},"thumbnailUrl":"https:\/\/www.pressenza.com\/wp-content\/uploads\/2022\/09\/Presidio-Lorusso-e-Cutugno-1-1.jpg","datePublished":"2022-09-17T11:20:27+00:00","dateModified":"2022-09-17T13:02:04+00:00","description":"Ieri ancora un presidio, convocato dalla Mamme in Piazza per la Libert\u00e0 di Dissenso, in concomitanza con la visita della Consigliera Regionale Frediani","breadcrumb":{"@id":"https:\/\/www.pressenza.com\/it\/2022\/09\/la-consigliera-regionale-frediani-visita-il-carcere-torinese-presidio-in-sostegno-delle-detenute-e-dei-detenuti\/#breadcrumb"},"inLanguage":"it-IT","potentialAction":[{"@type":"ReadAction","target":["https:\/\/www.pressenza.com\/it\/2022\/09\/la-consigliera-regionale-frediani-visita-il-carcere-torinese-presidio-in-sostegno-delle-detenute-e-dei-detenuti\/"]}]},{"@type":"ImageObject","inLanguage":"it-IT","@id":"https:\/\/www.pressenza.com\/it\/2022\/09\/la-consigliera-regionale-frediani-visita-il-carcere-torinese-presidio-in-sostegno-delle-detenute-e-dei-detenuti\/#primaryimage","url":"https:\/\/www.pressenza.com\/wp-content\/uploads\/2022\/09\/Presidio-Lorusso-e-Cutugno-1-1.jpg","contentUrl":"https:\/\/www.pressenza.com\/wp-content\/uploads\/2022\/09\/Presidio-Lorusso-e-Cutugno-1-1.jpg","width":1280,"height":840},{"@type":"BreadcrumbList","@id":"https:\/\/www.pressenza.com\/it\/2022\/09\/la-consigliera-regionale-frediani-visita-il-carcere-torinese-presidio-in-sostegno-delle-detenute-e-dei-detenuti\/#breadcrumb","itemListElement":[{"@type":"ListItem","position":1,"name":"Accueil","item":"https:\/\/www.pressenza.com\/it\/"},{"@type":"ListItem","position":2,"name":"La Consigliera regionale Frediani visita il carcere torinese, presidio in sostegno delle detenute e dei detenuti"}]},{"@type":"WebSite","@id":"https:\/\/www.pressenza.com\/it\/#website","url":"https:\/\/www.pressenza.com\/it\/","name":"Pressenza","description":"Agenzia di Stampa Internazionale","publisher":{"@id":"https:\/\/www.pressenza.com\/it\/#organization"},"potentialAction":[{"@type":"SearchAction","target":{"@type":"EntryPoint","urlTemplate":"https:\/\/www.pressenza.com\/it\/?s={search_term_string}"},"query-input":{"@type":"PropertyValueSpecification","valueRequired":true,"valueName":"search_term_string"}}],"inLanguage":"it-IT"},{"@type":"Organization","@id":"https:\/\/www.pressenza.com\/it\/#organization","name":"Pressenza","url":"https:\/\/www.pressenza.com\/it\/","logo":{"@type":"ImageObject","inLanguage":"it-IT","@id":"https:\/\/www.pressenza.com\/it\/#\/schema\/logo\/image\/","url":"https:\/\/www.pressenza.com\/wp-content\/uploads\/2022\/10\/pressenza_logo_200x200.jpg","contentUrl":"https:\/\/www.pressenza.com\/wp-content\/uploads\/2022\/10\/pressenza_logo_200x200.jpg","width":200,"height":200,"caption":"Pressenza"},"image":{"@id":"https:\/\/www.pressenza.com\/it\/#\/schema\/logo\/image\/"},"sameAs":["https:\/\/www.facebook.com\/PressenzaItalia","https:\/\/x.com\/PressenzaIPA"]},{"@type":"Person","@id":"https:\/\/www.pressenza.com\/it\/#\/schema\/person\/6218806028e28ec49d45bcf24895f80a","name":"Fabrizio Maffioletti","description":"Editorialista, fotoreporter, videomaker. Specializzato in tematiche di: nonviolenza, nondiscriminazione, intersezionalit\u00e0, migrazioni, diritti civili, giustizia sociale, giustizia ambientale. Fotografa praticamente da sempre, specializzato in fotografia street e social.","sameAs":["https:\/\/fabriziomaffioletti.it\/","https:\/\/www.facebook.com\/fmaffio\/"],"url":"https:\/\/www.pressenza.com\/it\/author\/fabrizio-maffioletti\/"}]}},"place":"Torino","original_article_url":"","_links":{"self":[{"href":"https:\/\/www.pressenza.com\/it\/wp-json\/wp\/v2\/posts\/1660295","targetHints":{"allow":["GET"]}}],"collection":[{"href":"https:\/\/www.pressenza.com\/it\/wp-json\/wp\/v2\/posts"}],"about":[{"href":"https:\/\/www.pressenza.com\/it\/wp-json\/wp\/v2\/types\/post"}],"author":[{"embeddable":true,"href":"https:\/\/www.pressenza.com\/it\/wp-json\/wp\/v2\/users\/1723"}],"replies":[{"embeddable":true,"href":"https:\/\/www.pressenza.com\/it\/wp-json\/wp\/v2\/comments?post=1660295"}],"version-history":[{"count":0,"href":"https:\/\/www.pressenza.com\/it\/wp-json\/wp\/v2\/posts\/1660295\/revisions"}],"wp:featuredmedia":[{"embeddable":true,"href":"https:\/\/www.pressenza.com\/it\/wp-json\/wp\/v2\/media\/1660388"}],"wp:attachment":[{"href":"https:\/\/www.pressenza.com\/it\/wp-json\/wp\/v2\/media?parent=1660295"}],"wp:term":[{"taxonomy":"category","embeddable":true,"href":"https:\/\/www.pressenza.com\/it\/wp-json\/wp\/v2\/categories?post=1660295"},{"taxonomy":"post_tag","embeddable":true,"href":"https:\/\/www.pressenza.com\/it\/wp-json\/wp\/v2\/tags?post=1660295"}],"curies":[{"name":"wp","href":"https:\/\/api.w.org\/{rel}","templated":true}]}}