{"id":165789,"date":"2015-02-25T17:29:48","date_gmt":"2015-02-25T17:29:48","guid":{"rendered":"http:\/\/www.pressenza.com\/?p=165789"},"modified":"2015-02-25T17:30:04","modified_gmt":"2015-02-25T17:30:04","slug":"la-scalata-delle-multinazionali-al-settore-agricolo-ucraino","status":"publish","type":"post","link":"https:\/\/www.pressenza.com\/it\/2015\/02\/la-scalata-delle-multinazionali-al-settore-agricolo-ucraino\/","title":{"rendered":"La scalata delle multinazionali al settore agricolo ucraino"},"content":{"rendered":"<p><span style=\"color: #333333;\"><span style=\"font-family: 'Helvetica Neue', Arial, sans-serif;\"><span style=\"font-size: small;\"><i>Di Frederic Mousseau<\/i><\/span><\/span><\/span><\/p>\n<p><span style=\"color: #333333;\"><span style=\"font-family: 'Helvetica Neue', Arial, sans-serif;\"><span style=\"font-size: small;\">A met\u00e0 dicembre 2014, nel momento stesso in cui Stati Uniti, Canada e Unione europea annunciavano una serie di nuove sanzioni contro la Russia, l&#8217;Ucraina riceveva aiuti militari USA per 350 milioni di dollari, che andavano ad aggiungersi al miliardo gi\u00e0 approvato dal Congresso degli Stati Uniti a marzo dello stesso anno.<i><br \/>\n<\/i><\/span><\/span><\/span><\/p>\n<p><span style=\"color: #333333;\"><span style=\"font-family: 'Helvetica Neue', Arial, sans-serif;\"><span style=\"font-size: small;\">Il fatto che i governi occidentali siano sempre pi\u00f9 coinvolti nel conflitto ucraino dimostra che essi hanno fiducia nel gabinetto nominato dal nuovo governo a dicembre 2014. Questo nuovo governo \u00e8 particolare: tre dei pi\u00f9 importanti ministeri sono stati assegnati a persone nate all&#8217;estero, ai quali la cittadinanza ucraina era stata concessa solo poche ore prima della loro nomina.<\/span><\/span><\/span><\/p>\n<p><span style=\"color: #333333;\"><span style=\"font-family: 'Helvetica Neue', Arial, sans-serif;\"><span style=\"font-size: small;\">Il Ministero delle finanze \u00e8 stato assegnato a Natalie Jaresko, imprenditrice nata negli Stati Uniti dove ha completato gli studi e che dalla met\u00e0 degli anni novanta lavora in Ucraina, dove ha supervisionato un fondo di private equity, istituito dal governo americano al fine di investire nel paese. La signora Jaresko \u00e8 anche il CEO di Horizon Capital, societ\u00e0 di investimento che gestisce un certo numero di investimenti occidentali in Ucraina.<\/span><\/span><\/span><\/p>\n<p><span style=\"color: #333333;\"><span style=\"font-family: 'Helvetica Neue', Arial, sans-serif;\"><span style=\"font-size: small;\">Per quanto tale incarico possa sembrare sorprendente, in realt\u00e0 assomiglia molto ad una scalata occidentale dell&#8217;economia Ucraina. L&#8217;Istituto di Oakland esamina questa scalata, in particolare per quanto riguarda il settore agricolo, in due relazioni:\u00a0<\/span><\/span><\/span><span style=\"color: #333333;\"><span style=\"font-family: 'Helvetica Neue', Arial, sans-serif;\"><span style=\"font-size: small;\"><i>The Corporate Takeover of Ukrainian Agriculture<\/i><\/span><\/span><\/span><span style=\"color: #333333;\"><span style=\"font-family: 'Helvetica Neue', Arial, sans-serif;\"><span style=\"font-size: small;\">\u00a0e\u00a0<\/span><\/span><\/span><span style=\"color: #333333;\"><span style=\"font-family: 'Helvetica Neue', Arial, sans-serif;\"><span style=\"font-size: small;\"><i>Walking on the West Side\u00a0: The World Bank and the IMF in the Ukraine Conflict<\/i><\/span><\/span><\/span><span style=\"color: #333333;\"><span style=\"font-family: 'Helvetica Neue', Arial, sans-serif;\"><span style=\"font-size: small;\">.<\/span><\/span><\/span><\/p>\n<p><span style=\"color: #333333;\"><span style=\"font-family: 'Helvetica Neue', Arial, sans-serif;\"><span style=\"font-size: small;\">Uno dei principali fattori della crisi che ha portato alle sanguinose proteste e infine alla destituzione del Presidente Viktor Yanukovich a febbraio 2014 \u00e8 stato il rifiuto di quest&#8217;ultimo di firmare l\u2019accordo di associazione con l\u2019Unione europea (UE), finalizzato allo sviluppo del commercio e all\u2019integrazione con l&#8217;Unione europea. Legato a questo accordo era un prestito all\u2019Ucraina di 17 miliardi di dollari da parte del fondo monetario (FMI).<\/span><\/span><\/span><\/p>\n<p><span style=\"color: #333333;\"><span style=\"font-family: 'Helvetica Neue', Arial, sans-serif;\"><span style=\"font-size: small;\">Dopo l\u2019allontanamento del presidente e l\u2019insediamento del nuovo governo filo-occidentale, il FMI ha lanciato un programma di riforme, alle quali era subordinato il prestito, tese ad aumentare l&#8217;investimento privato in Ucraina.<\/span><\/span><\/span><\/p>\n<p><span style=\"color: #333333;\"><span style=\"font-family: 'Helvetica Neue', Arial, sans-serif;\"><span style=\"font-size: small;\">L&#8217;insieme delle misure prevede una riforma dei servizi pubblici per quanto riguarda la gestione dell\u2019acqua e dell\u2019energia e, cosa ancora pi\u00f9 importante, cerca di affrontare ci\u00f2 che la Banca mondiale identifica come la &#8220;radice strutturale&#8221; dell&#8217;attuale crisi economica in Ucraina, e cio\u00e8 l\u2019elevato costo degli investimenti e delle attivit\u00e0 commerciali.<\/span><\/span><\/span><\/p>\n<p><span style=\"color: #333333;\"><span style=\"font-family: 'Helvetica Neue', Arial, sans-serif;\"><span style=\"font-size: small;\">Il settore agricolo ucraino \u00e8 stato il primo obiettivo degli investimenti privati stranieri e ovviamente \u00e8 considerato dal FMI e dalla Banca mondiale come area prioritaria della riforma. Queste due istituzioni elogiano la solerzia del nuovo governo nel seguire i loro consigli.<\/span><\/span><\/span><\/p>\n<p><span style=\"color: #333333;\"><span style=\"font-family: 'Helvetica Neue', Arial, sans-serif;\"><span style=\"font-size: small;\">Ad esempio, il piano d\u2019azione fornito all&#8217;Ucraina per la riforma,\u00a0fortemente spinta da forze straniere,\u00a0facilita l&#8217;acquisizione di terreni agricoli, alleggerisce la regolamentazione e i controlli nell&#8217;agro-alimentare e riduce le tasse per le imprese e i dazi doganali.<\/span><\/span><\/span><\/p>\n<p><span style=\"color: #333333;\"><span style=\"font-family: 'Helvetica Neue', Arial, sans-serif;\"><span style=\"font-size: small;\">La posta in gioco intorno al vasto settore agricolo ucraino \u00e8 immensa: al terzo posto mondiale nell&#8217;esportazione di mais e al quinto per quanto riguarda il frumento, l&#8217;Ucraina \u00e8 nota per le sue immense distese di ricche \u201dterre nere\u201d, particolarmente fertili, e vanta pi\u00f9 di 32 milioni di ettari di terra coltivabile e fertile, l\u2019equivalente di un terzo dei terreni agricoli dell&#8217;Unione europea.<\/span><\/span><\/span><\/p>\n<p><span style=\"color: #333333;\"><span style=\"font-family: 'Helvetica Neue', Arial, sans-serif;\"><span style=\"font-size: small;\">Le strategie per controllare il sistema agricolo del paese rappresentano un elemento essenziale nella battaglia che ha visto di fronte, lo scorso anno, Est e Ovest in quello che \u00e8 stato il loro pi\u00f9 grande scontro dalla fine della guerra fredda.<\/span><\/span><\/span><\/p>\n<p><span style=\"color: #333333;\"><span style=\"font-family: 'Helvetica Neue', Arial, sans-serif;\"><span style=\"font-size: small;\">La presenza di aziende straniere all&#8217;interno dell\u2019agricoltura ucraina sta crescendo rapidamente, con pi\u00f9 di 1,6 milioni di ettari di terreni coltivabili passati nelle mani di societ\u00e0 straniere in questi ultimi anni. Monsanto, Cargill e DuPont erano presenti in Ucraina gi\u00e0 da qualche tempo, ma i loro investimenti sono aumentati notevolmente negli ultimi anni.<\/span><\/span><\/span><\/p>\n<p><span style=\"color: #333333;\"><span style=\"font-family: 'Helvetica Neue', Arial, sans-serif;\"><span style=\"font-size: small;\">Cargill normalmente vende pesticidi, sementi e fertilizzanti, ma ha ultimamente esteso i suoi investimenti agricoli, includendo lo stoccaggio dei cereali e l\u2019alimentazione per animali, e acquisendo azioni della societ\u00e0 agricola pi\u00f9 grande del paese, la UkrLandFarming.<\/span><\/span><\/span><\/p>\n<p><span style=\"color: #333333;\"><span style=\"font-family: 'Helvetica Neue', Arial, sans-serif;\"><span style=\"font-size: small;\">Analogamente, bench\u00e9 Monsanto fosse gi\u00e0 presente in Ucraina da anni, l&#8217;azienda ha raddoppiato il proprio organico negli ultimi tre anni. A marzo 2014, appena poche settimane dopo la rimozione del Presidente Yanukovich, l&#8217;azienda ha investito 140 milioni di dollari nella costruzione di un nuovo impianto di produzione di sementi nel paese.<\/span><\/span><\/span><\/p>\n<p><span style=\"color: #333333;\"><span style=\"font-family: 'Helvetica Neue', Arial, sans-serif;\"><span style=\"font-size: small;\">Anche la DuPont ha ampliato i propri investimenti e, a giugno 2013, ha annunciato che avrebbe a sua volta investito in un nuovo impianto per la produzione di sementi.<\/span><\/span><\/span><\/p>\n<p><span style=\"color: #333333;\"><span style=\"font-family: 'Helvetica Neue', Arial, sans-serif;\"><span style=\"font-size: small;\">Le grandi aziende occidentali non si sono accontentate di prendere il controllo di redditizie attivit\u00e0 agro-alimentari e agricole, hanno anche intrapreso un&#8217;integrazione verticale del settore agricolo ed esteso la loro morsa su infrastrutture e trasporti.<\/span><\/span><\/span><\/p>\n<p><span style=\"color: #333333;\"><span style=\"font-family: 'Helvetica Neue', Arial, sans-serif;\"><span style=\"font-size: small;\">Ad esempio, Cargill ha ora almeno quattro silo granari e due impianti di trasformazione per la produzione di olio di semi di girasole. A dicembre 2013, la societ\u00e0 ha acquisito una partecipazione del &#8220;25% + &#8221; in un terminale granario della capacit\u00e0 di 3,5 milioni di tonnellate l&#8217;anno, situato a Novorossijsk, porto sul Mar Nero.<\/span><\/span><\/span><\/p>\n<p><span style=\"color: #333333;\"><span style=\"font-family: 'Helvetica Neue', Arial, sans-serif;\"><span style=\"font-size: small;\">Tutti gli aspetti della filiera agricola, dalla produzione di sementi e altri fattori fino all&#8217;effettiva spedizione dei prodotti stessi all&#8217;estero, sono pertanto sempre pi\u00f9 sotto il controllo di aziende occidentali.<\/span><\/span><\/span><\/p>\n<p><span style=\"color: #333333;\"><span style=\"font-family: 'Helvetica Neue', Arial, sans-serif;\"><span style=\"font-size: small;\">Le istituzioni europee e il governo degli Stati Uniti hanno incoraggiato attivamente questa espansione. Si \u00e8 cominciato con le pressioni per cambiare il governo, nel momento\u00a0in cui il Presidente Yanukovitch \u00e8 stato percepito come filo-russo. Poi si \u00e8 andati pi\u00f9 in l\u00e0, a febbraio 2014, con il lancio di un piano di riforme per incoraggiare gli investimenti e lo sviluppo, descritto \u201cpro-business\u201d dal segretario americano al commercio Penny Pritzker nel suo incontro con il primo ministro Arsenly Yatsenyuk a ottobre 2014.<\/span><\/span><\/span><\/p>\n<p><span style=\"color: #333333;\"><span style=\"font-family: 'Helvetica Neue', Arial, sans-serif;\"><span style=\"font-size: small;\">L&#8217;Unione europea e gli Stati Uniti camminano di pari passo in questa scalata all&#8217;agricoltura ucraina. Bench\u00e9 l&#8217;Ucraina abbia vietato la produzione di colture geneticamente modificate, l&#8217;accordo di associazione tra l&#8217;Ucraina e l&#8217;Unione europea, all&#8217;origine del conflitto che ha destituito Yanukovich, include una clausola (articolo 404) che impegna le due parti a cooperare per &#8220;estendere l&#8217;uso della biotecnologia&#8221; nel paese.<\/span><\/span><\/span><\/p>\n<p><span style=\"color: #333333;\"><span style=\"font-family: 'Helvetica Neue', Arial, sans-serif;\"><span style=\"font-size: small;\">Questa clausola \u00e8 per lo meno sorprendente, dato che la maggior parte dei consumatori europei rifiuta le coltivazioni geneticamente modificate. Ci\u00f2 deve essere interpretato come una breccia per la penetrazione degli OGM in Europa, una opportunit\u00e0 costantemente ricercata da grandi aziende agro-alimentari come Monsanto.<\/span><\/span><\/span><\/p>\n<p><span style=\"color: #333333;\"><span style=\"font-family: 'Helvetica Neue', Arial, sans-serif;\"><span style=\"font-size: small;\">Aprire l&#8217;Ucraina alla coltivazione degli OGM sarebbe andare contro la volont\u00e0 dei cittadini europei, e non \u00e8 certo che questo cambiamento apporti benefici agli ucraini.<\/span><\/span><\/span><\/p>\n<p><span style=\"color: #333333;\"><span style=\"font-family: 'Helvetica Neue', Arial, sans-serif;\"><span style=\"font-size: small;\">Tra l\u2019altro, non si sa nemmeno se e quanto gli ucraini potranno beneficiare di questa ondata di investimenti stranieri nella loro agricoltura, n\u00e9 l\u2019impatto che questo investimento avr\u00e0 sui 7 milioni di agricoltori locali.<\/span><\/span><\/span><\/p>\n<p><span style=\"color: #333333;\"><span style=\"font-family: 'Helvetica Neue', Arial, sans-serif;\"><span style=\"font-size: small;\">Quando finalmente riusciranno a distogliere lo sguardo dal conflitto nella regione &#8220;pro-Russia&#8221; del loro paese, forse gli ucraini si chiederanno che cosa \u00e8 rimasto della loro capacit\u00e0 di controllare l&#8217;approvvigionamento alimentare e di gestire l&#8217;economia a proprio beneficio.<\/span><\/span><\/span><\/p>\n<p><span style=\"color: #333333;\"><span style=\"font-family: 'Helvetica Neue', Arial, sans-serif;\"><span style=\"font-size: small;\">Quanto ai cittadini americani ed europei, riusciranno un giorno a reagire ai titoloni e alla retorica dell\u2019aggressivit\u00e0 russa e delle violazioni dei diritti umani e ad interrogarsi sul coinvolgimento dei rispettivi governi nel conflitto ucraino?<\/span><\/span><\/span><\/p>\n<p><span style=\"color: #333333;\"><span style=\"font-family: 'Helvetica Neue', Arial, sans-serif;\"><span style=\"font-size: small;\">2015 IPS North America<\/span><\/span><\/span><\/p>\n<p><span style=\"color: #333333;\"><span style=\"font-family: 'Helvetica Neue', Arial, sans-serif;\"><span style=\"font-size: small;\">Frederic Mousseau \u00e8 Direttore delle politiche presso l&#8217;Istituto di Oakland e co-autore del rapporto: \u201cWalking on the West Side\u00a0: the World Bank and the IMF in the Ukraine Conflict.\u201d<br \/>\n(&#8220;Camminare verso ovest: la Banca mondiale e il FMI nel conflitto ucraino&#8221;)<\/span><\/span><\/span><\/p>\n<p><span style=\"color: #333333;\"><span style=\"font-family: 'Helvetica Neue', Arial, sans-serif;\"><span style=\"font-size: small;\">L&#8217;articolo originale si trova sul sito di Common Dreams qui:\u00a0<\/span><\/span><\/span><span style=\"color: #000080;\"><a href=\"http:\/\/www.commondreams.org\/views\/2015\/01\/28\/corporate-takeover-ukrainian-agriculture\"><span style=\"color: #217dd3;\"><span style=\"font-size: small;\">The Corporate Takeover of Ukrainian Agriculture<\/span><\/span><\/a><\/span><\/p>\n<p>Traduzione dal francese di <a href=\"http:\/\/it.linkedin.com\/pub\/giuseppina-vecchia\/2b\/942\/802\/en\">Giuseppina Vecchia<\/a> per Pressenza<\/p>\n","protected":false},"excerpt":{"rendered":"<p>Di Frederic Mousseau A met\u00e0 dicembre 2014, nel momento stesso in cui Stati Uniti, Canada e Unione europea annunciavano una serie di nuove sanzioni contro la Russia, l&#8217;Ucraina riceveva aiuti militari USA per 350 milioni di dollari, che andavano ad&hellip;<\/p>\n","protected":false},"author":752,"featured_media":160944,"comment_status":"closed","ping_status":"open","sticky":false,"template":"","format":"standard","meta":{"footnotes":""},"categories":[62,38,55,57],"tags":[447,1098,5120,8514],"class_list":["post-165789","post","type-post","status-publish","format-standard","has-post-thumbnail","hentry","category-economia","category-internazionale","category-politica","category-affari-esteri","tag-agricoltura","tag-fmi-it","tag-monsanto","tag-ucraina"],"yoast_head":"<!-- This site is optimized with the Yoast SEO plugin v27.1.1 - https:\/\/yoast.com\/product\/yoast-seo-wordpress\/ -->\n<title>La scalata delle multinazionali al settore agricolo ucraino<\/title>\n<meta name=\"description\" content=\"Di Frederic Mousseau A met\u00e0 dicembre 2014, nel momento stesso in cui Stati Uniti, Canada e Unione europea annunciavano una serie di nuove sanzioni contro\" \/>\n<meta name=\"robots\" content=\"index, follow, max-snippet:-1, max-image-preview:large, max-video-preview:-1\" \/>\n<link rel=\"canonical\" href=\"https:\/\/www.pressenza.com\/it\/2015\/02\/la-scalata-delle-multinazionali-al-settore-agricolo-ucraino\/\" \/>\n<meta property=\"og:locale\" content=\"it_IT\" \/>\n<meta property=\"og:type\" content=\"article\" \/>\n<meta property=\"og:title\" content=\"La scalata delle multinazionali al settore agricolo ucraino\" \/>\n<meta property=\"og:description\" content=\"Di Frederic Mousseau A met\u00e0 dicembre 2014, nel momento stesso in cui Stati Uniti, Canada e Unione europea annunciavano una serie di nuove sanzioni contro\" \/>\n<meta property=\"og:url\" content=\"https:\/\/www.pressenza.com\/it\/2015\/02\/la-scalata-delle-multinazionali-al-settore-agricolo-ucraino\/\" \/>\n<meta property=\"og:site_name\" content=\"Pressenza\" \/>\n<meta property=\"article:publisher\" content=\"https:\/\/www.facebook.com\/PressenzaItalia\" \/>\n<meta property=\"article:published_time\" content=\"2015-02-25T17:29:48+00:00\" \/>\n<meta property=\"article:modified_time\" content=\"2015-02-25T17:30:04+00:00\" \/>\n<meta property=\"og:image\" content=\"https:\/\/www.pressenza.com\/wp-content\/uploads\/2015\/02\/Emir-Kusturica-Ukraine-un-remake-de-la-Yougoslavie-Ukraine_claims_hatched_in_Europe.svg_.png\" \/>\n\t<meta property=\"og:image:width\" content=\"702\" \/>\n\t<meta property=\"og:image:height\" content=\"600\" \/>\n\t<meta property=\"og:image:type\" content=\"image\/png\" \/>\n<meta name=\"author\" content=\"R\u00e9daction Paris\" \/>\n<meta name=\"twitter:card\" content=\"summary_large_image\" \/>\n<meta name=\"twitter:creator\" content=\"@PressenzaIPA\" \/>\n<meta name=\"twitter:site\" content=\"@PressenzaIPA\" \/>\n<meta name=\"twitter:label1\" content=\"Scritto da\" \/>\n\t<meta name=\"twitter:data1\" content=\"R\u00e9daction Paris\" \/>\n\t<meta name=\"twitter:label2\" content=\"Tempo di lettura stimato\" \/>\n\t<meta name=\"twitter:data2\" content=\"6 minuti\" \/>\n<script type=\"application\/ld+json\" class=\"yoast-schema-graph\">{\"@context\":\"https:\/\/schema.org\",\"@graph\":[{\"@type\":\"Article\",\"@id\":\"https:\/\/www.pressenza.com\/it\/2015\/02\/la-scalata-delle-multinazionali-al-settore-agricolo-ucraino\/#article\",\"isPartOf\":{\"@id\":\"https:\/\/www.pressenza.com\/it\/2015\/02\/la-scalata-delle-multinazionali-al-settore-agricolo-ucraino\/\"},\"author\":{\"name\":\"R\u00e9daction Paris\",\"@id\":\"https:\/\/www.pressenza.com\/it\/#\/schema\/person\/5698ef8d4c2a370cbdd59d5b17455af6\"},\"headline\":\"La scalata delle multinazionali al settore agricolo ucraino\",\"datePublished\":\"2015-02-25T17:29:48+00:00\",\"dateModified\":\"2015-02-25T17:30:04+00:00\",\"mainEntityOfPage\":{\"@id\":\"https:\/\/www.pressenza.com\/it\/2015\/02\/la-scalata-delle-multinazionali-al-settore-agricolo-ucraino\/\"},\"wordCount\":1271,\"publisher\":{\"@id\":\"https:\/\/www.pressenza.com\/it\/#organization\"},\"image\":{\"@id\":\"https:\/\/www.pressenza.com\/it\/2015\/02\/la-scalata-delle-multinazionali-al-settore-agricolo-ucraino\/#primaryimage\"},\"thumbnailUrl\":\"https:\/\/www.pressenza.com\/wp-content\/uploads\/2015\/02\/Emir-Kusturica-Ukraine-un-remake-de-la-Yougoslavie-Ukraine_claims_hatched_in_Europe.svg_.png\",\"keywords\":[\"agricoltura\",\"FMI\",\"Monsanto\",\"Ucraina\"],\"articleSection\":[\"Economia\",\"Internazionale\",\"Politica\",\"Questioni internazionali\"],\"inLanguage\":\"it-IT\"},{\"@type\":\"WebPage\",\"@id\":\"https:\/\/www.pressenza.com\/it\/2015\/02\/la-scalata-delle-multinazionali-al-settore-agricolo-ucraino\/\",\"url\":\"https:\/\/www.pressenza.com\/it\/2015\/02\/la-scalata-delle-multinazionali-al-settore-agricolo-ucraino\/\",\"name\":\"La scalata delle multinazionali al settore agricolo ucraino\",\"isPartOf\":{\"@id\":\"https:\/\/www.pressenza.com\/it\/#website\"},\"primaryImageOfPage\":{\"@id\":\"https:\/\/www.pressenza.com\/it\/2015\/02\/la-scalata-delle-multinazionali-al-settore-agricolo-ucraino\/#primaryimage\"},\"image\":{\"@id\":\"https:\/\/www.pressenza.com\/it\/2015\/02\/la-scalata-delle-multinazionali-al-settore-agricolo-ucraino\/#primaryimage\"},\"thumbnailUrl\":\"https:\/\/www.pressenza.com\/wp-content\/uploads\/2015\/02\/Emir-Kusturica-Ukraine-un-remake-de-la-Yougoslavie-Ukraine_claims_hatched_in_Europe.svg_.png\",\"datePublished\":\"2015-02-25T17:29:48+00:00\",\"dateModified\":\"2015-02-25T17:30:04+00:00\",\"description\":\"Di Frederic Mousseau A met\u00e0 dicembre 2014, nel momento stesso in cui Stati Uniti, Canada e Unione europea annunciavano una serie di nuove sanzioni contro\",\"breadcrumb\":{\"@id\":\"https:\/\/www.pressenza.com\/it\/2015\/02\/la-scalata-delle-multinazionali-al-settore-agricolo-ucraino\/#breadcrumb\"},\"inLanguage\":\"it-IT\",\"potentialAction\":[{\"@type\":\"ReadAction\",\"target\":[\"https:\/\/www.pressenza.com\/it\/2015\/02\/la-scalata-delle-multinazionali-al-settore-agricolo-ucraino\/\"]}]},{\"@type\":\"ImageObject\",\"inLanguage\":\"it-IT\",\"@id\":\"https:\/\/www.pressenza.com\/it\/2015\/02\/la-scalata-delle-multinazionali-al-settore-agricolo-ucraino\/#primaryimage\",\"url\":\"https:\/\/www.pressenza.com\/wp-content\/uploads\/2015\/02\/Emir-Kusturica-Ukraine-un-remake-de-la-Yougoslavie-Ukraine_claims_hatched_in_Europe.svg_.png\",\"contentUrl\":\"https:\/\/www.pressenza.com\/wp-content\/uploads\/2015\/02\/Emir-Kusturica-Ukraine-un-remake-de-la-Yougoslavie-Ukraine_claims_hatched_in_Europe.svg_.png\",\"width\":702,\"height\":600},{\"@type\":\"BreadcrumbList\",\"@id\":\"https:\/\/www.pressenza.com\/it\/2015\/02\/la-scalata-delle-multinazionali-al-settore-agricolo-ucraino\/#breadcrumb\",\"itemListElement\":[{\"@type\":\"ListItem\",\"position\":1,\"name\":\"Accueil\",\"item\":\"https:\/\/www.pressenza.com\/it\/\"},{\"@type\":\"ListItem\",\"position\":2,\"name\":\"La scalata delle multinazionali al settore agricolo ucraino\"}]},{\"@type\":\"WebSite\",\"@id\":\"https:\/\/www.pressenza.com\/it\/#website\",\"url\":\"https:\/\/www.pressenza.com\/it\/\",\"name\":\"Pressenza\",\"description\":\"Agenzia di Stampa Internazionale\",\"publisher\":{\"@id\":\"https:\/\/www.pressenza.com\/it\/#organization\"},\"potentialAction\":[{\"@type\":\"SearchAction\",\"target\":{\"@type\":\"EntryPoint\",\"urlTemplate\":\"https:\/\/www.pressenza.com\/it\/?s={search_term_string}\"},\"query-input\":{\"@type\":\"PropertyValueSpecification\",\"valueRequired\":true,\"valueName\":\"search_term_string\"}}],\"inLanguage\":\"it-IT\"},{\"@type\":\"Organization\",\"@id\":\"https:\/\/www.pressenza.com\/it\/#organization\",\"name\":\"Pressenza\",\"url\":\"https:\/\/www.pressenza.com\/it\/\",\"logo\":{\"@type\":\"ImageObject\",\"inLanguage\":\"it-IT\",\"@id\":\"https:\/\/www.pressenza.com\/it\/#\/schema\/logo\/image\/\",\"url\":\"https:\/\/www.pressenza.com\/wp-content\/uploads\/2022\/10\/pressenza_logo_200x200.jpg\",\"contentUrl\":\"https:\/\/www.pressenza.com\/wp-content\/uploads\/2022\/10\/pressenza_logo_200x200.jpg\",\"width\":200,\"height\":200,\"caption\":\"Pressenza\"},\"image\":{\"@id\":\"https:\/\/www.pressenza.com\/it\/#\/schema\/logo\/image\/\"},\"sameAs\":[\"https:\/\/www.facebook.com\/PressenzaItalia\",\"https:\/\/x.com\/PressenzaIPA\"]},{\"@type\":\"Person\",\"@id\":\"https:\/\/www.pressenza.com\/it\/#\/schema\/person\/5698ef8d4c2a370cbdd59d5b17455af6\",\"name\":\"R\u00e9daction Paris\",\"description\":\"News published by the Pressenza bureau in Paris, France\",\"url\":\"https:\/\/www.pressenza.com\/it\/author\/redaction-paris\/\"}]}<\/script>\n<!-- \/ Yoast SEO plugin. -->","yoast_head_json":{"title":"La scalata delle multinazionali al settore agricolo ucraino","description":"Di Frederic Mousseau A met\u00e0 dicembre 2014, nel momento stesso in cui Stati Uniti, Canada e Unione europea annunciavano una serie di nuove sanzioni contro","robots":{"index":"index","follow":"follow","max-snippet":"max-snippet:-1","max-image-preview":"max-image-preview:large","max-video-preview":"max-video-preview:-1"},"canonical":"https:\/\/www.pressenza.com\/it\/2015\/02\/la-scalata-delle-multinazionali-al-settore-agricolo-ucraino\/","og_locale":"it_IT","og_type":"article","og_title":"La scalata delle multinazionali al settore agricolo ucraino","og_description":"Di Frederic Mousseau A met\u00e0 dicembre 2014, nel momento stesso in cui Stati Uniti, Canada e Unione europea annunciavano una serie di nuove sanzioni contro","og_url":"https:\/\/www.pressenza.com\/it\/2015\/02\/la-scalata-delle-multinazionali-al-settore-agricolo-ucraino\/","og_site_name":"Pressenza","article_publisher":"https:\/\/www.facebook.com\/PressenzaItalia","article_published_time":"2015-02-25T17:29:48+00:00","article_modified_time":"2015-02-25T17:30:04+00:00","og_image":[{"width":702,"height":600,"url":"https:\/\/www.pressenza.com\/wp-content\/uploads\/2015\/02\/Emir-Kusturica-Ukraine-un-remake-de-la-Yougoslavie-Ukraine_claims_hatched_in_Europe.svg_.png","type":"image\/png"}],"author":"R\u00e9daction Paris","twitter_card":"summary_large_image","twitter_creator":"@PressenzaIPA","twitter_site":"@PressenzaIPA","twitter_misc":{"Scritto da":"R\u00e9daction Paris","Tempo di lettura stimato":"6 minuti"},"schema":{"@context":"https:\/\/schema.org","@graph":[{"@type":"Article","@id":"https:\/\/www.pressenza.com\/it\/2015\/02\/la-scalata-delle-multinazionali-al-settore-agricolo-ucraino\/#article","isPartOf":{"@id":"https:\/\/www.pressenza.com\/it\/2015\/02\/la-scalata-delle-multinazionali-al-settore-agricolo-ucraino\/"},"author":{"name":"R\u00e9daction Paris","@id":"https:\/\/www.pressenza.com\/it\/#\/schema\/person\/5698ef8d4c2a370cbdd59d5b17455af6"},"headline":"La scalata delle multinazionali al settore agricolo ucraino","datePublished":"2015-02-25T17:29:48+00:00","dateModified":"2015-02-25T17:30:04+00:00","mainEntityOfPage":{"@id":"https:\/\/www.pressenza.com\/it\/2015\/02\/la-scalata-delle-multinazionali-al-settore-agricolo-ucraino\/"},"wordCount":1271,"publisher":{"@id":"https:\/\/www.pressenza.com\/it\/#organization"},"image":{"@id":"https:\/\/www.pressenza.com\/it\/2015\/02\/la-scalata-delle-multinazionali-al-settore-agricolo-ucraino\/#primaryimage"},"thumbnailUrl":"https:\/\/www.pressenza.com\/wp-content\/uploads\/2015\/02\/Emir-Kusturica-Ukraine-un-remake-de-la-Yougoslavie-Ukraine_claims_hatched_in_Europe.svg_.png","keywords":["agricoltura","FMI","Monsanto","Ucraina"],"articleSection":["Economia","Internazionale","Politica","Questioni internazionali"],"inLanguage":"it-IT"},{"@type":"WebPage","@id":"https:\/\/www.pressenza.com\/it\/2015\/02\/la-scalata-delle-multinazionali-al-settore-agricolo-ucraino\/","url":"https:\/\/www.pressenza.com\/it\/2015\/02\/la-scalata-delle-multinazionali-al-settore-agricolo-ucraino\/","name":"La scalata delle multinazionali al settore agricolo ucraino","isPartOf":{"@id":"https:\/\/www.pressenza.com\/it\/#website"},"primaryImageOfPage":{"@id":"https:\/\/www.pressenza.com\/it\/2015\/02\/la-scalata-delle-multinazionali-al-settore-agricolo-ucraino\/#primaryimage"},"image":{"@id":"https:\/\/www.pressenza.com\/it\/2015\/02\/la-scalata-delle-multinazionali-al-settore-agricolo-ucraino\/#primaryimage"},"thumbnailUrl":"https:\/\/www.pressenza.com\/wp-content\/uploads\/2015\/02\/Emir-Kusturica-Ukraine-un-remake-de-la-Yougoslavie-Ukraine_claims_hatched_in_Europe.svg_.png","datePublished":"2015-02-25T17:29:48+00:00","dateModified":"2015-02-25T17:30:04+00:00","description":"Di Frederic Mousseau A met\u00e0 dicembre 2014, nel momento stesso in cui Stati Uniti, Canada e Unione europea annunciavano una serie di nuove sanzioni contro","breadcrumb":{"@id":"https:\/\/www.pressenza.com\/it\/2015\/02\/la-scalata-delle-multinazionali-al-settore-agricolo-ucraino\/#breadcrumb"},"inLanguage":"it-IT","potentialAction":[{"@type":"ReadAction","target":["https:\/\/www.pressenza.com\/it\/2015\/02\/la-scalata-delle-multinazionali-al-settore-agricolo-ucraino\/"]}]},{"@type":"ImageObject","inLanguage":"it-IT","@id":"https:\/\/www.pressenza.com\/it\/2015\/02\/la-scalata-delle-multinazionali-al-settore-agricolo-ucraino\/#primaryimage","url":"https:\/\/www.pressenza.com\/wp-content\/uploads\/2015\/02\/Emir-Kusturica-Ukraine-un-remake-de-la-Yougoslavie-Ukraine_claims_hatched_in_Europe.svg_.png","contentUrl":"https:\/\/www.pressenza.com\/wp-content\/uploads\/2015\/02\/Emir-Kusturica-Ukraine-un-remake-de-la-Yougoslavie-Ukraine_claims_hatched_in_Europe.svg_.png","width":702,"height":600},{"@type":"BreadcrumbList","@id":"https:\/\/www.pressenza.com\/it\/2015\/02\/la-scalata-delle-multinazionali-al-settore-agricolo-ucraino\/#breadcrumb","itemListElement":[{"@type":"ListItem","position":1,"name":"Accueil","item":"https:\/\/www.pressenza.com\/it\/"},{"@type":"ListItem","position":2,"name":"La scalata delle multinazionali al settore agricolo ucraino"}]},{"@type":"WebSite","@id":"https:\/\/www.pressenza.com\/it\/#website","url":"https:\/\/www.pressenza.com\/it\/","name":"Pressenza","description":"Agenzia di Stampa Internazionale","publisher":{"@id":"https:\/\/www.pressenza.com\/it\/#organization"},"potentialAction":[{"@type":"SearchAction","target":{"@type":"EntryPoint","urlTemplate":"https:\/\/www.pressenza.com\/it\/?s={search_term_string}"},"query-input":{"@type":"PropertyValueSpecification","valueRequired":true,"valueName":"search_term_string"}}],"inLanguage":"it-IT"},{"@type":"Organization","@id":"https:\/\/www.pressenza.com\/it\/#organization","name":"Pressenza","url":"https:\/\/www.pressenza.com\/it\/","logo":{"@type":"ImageObject","inLanguage":"it-IT","@id":"https:\/\/www.pressenza.com\/it\/#\/schema\/logo\/image\/","url":"https:\/\/www.pressenza.com\/wp-content\/uploads\/2022\/10\/pressenza_logo_200x200.jpg","contentUrl":"https:\/\/www.pressenza.com\/wp-content\/uploads\/2022\/10\/pressenza_logo_200x200.jpg","width":200,"height":200,"caption":"Pressenza"},"image":{"@id":"https:\/\/www.pressenza.com\/it\/#\/schema\/logo\/image\/"},"sameAs":["https:\/\/www.facebook.com\/PressenzaItalia","https:\/\/x.com\/PressenzaIPA"]},{"@type":"Person","@id":"https:\/\/www.pressenza.com\/it\/#\/schema\/person\/5698ef8d4c2a370cbdd59d5b17455af6","name":"R\u00e9daction Paris","description":"News published by the Pressenza bureau in Paris, France","url":"https:\/\/www.pressenza.com\/it\/author\/redaction-paris\/"}]}},"place":"","original_article_url":"","_links":{"self":[{"href":"https:\/\/www.pressenza.com\/it\/wp-json\/wp\/v2\/posts\/165789","targetHints":{"allow":["GET"]}}],"collection":[{"href":"https:\/\/www.pressenza.com\/it\/wp-json\/wp\/v2\/posts"}],"about":[{"href":"https:\/\/www.pressenza.com\/it\/wp-json\/wp\/v2\/types\/post"}],"author":[{"embeddable":true,"href":"https:\/\/www.pressenza.com\/it\/wp-json\/wp\/v2\/users\/752"}],"replies":[{"embeddable":true,"href":"https:\/\/www.pressenza.com\/it\/wp-json\/wp\/v2\/comments?post=165789"}],"version-history":[{"count":0,"href":"https:\/\/www.pressenza.com\/it\/wp-json\/wp\/v2\/posts\/165789\/revisions"}],"wp:featuredmedia":[{"embeddable":true,"href":"https:\/\/www.pressenza.com\/it\/wp-json\/wp\/v2\/media\/160944"}],"wp:attachment":[{"href":"https:\/\/www.pressenza.com\/it\/wp-json\/wp\/v2\/media?parent=165789"}],"wp:term":[{"taxonomy":"category","embeddable":true,"href":"https:\/\/www.pressenza.com\/it\/wp-json\/wp\/v2\/categories?post=165789"},{"taxonomy":"post_tag","embeddable":true,"href":"https:\/\/www.pressenza.com\/it\/wp-json\/wp\/v2\/tags?post=165789"}],"curies":[{"name":"wp","href":"https:\/\/api.w.org\/{rel}","templated":true}]}}