{"id":1649394,"date":"2022-08-30T08:46:52","date_gmt":"2022-08-30T07:46:52","guid":{"rendered":"https:\/\/www.pressenza.com\/?p=1649394"},"modified":"2022-08-30T08:49:32","modified_gmt":"2022-08-30T07:49:32","slug":"governo-di-lei-manifesto-elettorale-per-le-elezioni-politiche-2022","status":"publish","type":"post","link":"https:\/\/www.pressenza.com\/it\/2022\/08\/governo-di-lei-manifesto-elettorale-per-le-elezioni-politiche-2022\/","title":{"rendered":"Governo di Lei: Manifesto elettorale per le elezioni politiche 2022"},"content":{"rendered":"<p><em>In questa campagna elettorale straniante, carica di incognite e incertezze la voce delle donne si leva alta e saggia, non propone slogan e non reca oltraggio, dice che un futuro migliore \u00e8 possibile e che il tempo \u00e8 adesso. Ascoltatela.<\/em><\/p>\n<p><strong>Governo di Lei<\/strong><strong>\u00a0<\/strong>\u00e8 un\u2019associazione politica femminista e ambientalista che pone alla base del suo percorso la tutela e la valorizzazione delle differenze di genere e la lotta contro ogni forma di violenza, l\u2019antifascismo, la pace, la giustizia sociale, la difesa dell\u2019ambiente e del clima, la cultura della legalit\u00e0, la libert\u00e0 d\u2019espressione e di pensiero, il rispetto e la tutela di ogni persona, il diritto all\u2019autodeterminazione, la democrazia partecipata e di prossimit\u00e0, la solidariet\u00e0, la difesa del patrimonio storico artistico, il rispetto di ogni forma vivente.<\/p>\n<p>I nostri punti di riferimento sono la Costituzione Italiana, la Carta dei Diritti fondamentali dell\u2019Unione europea, la Convenzione di Istanbul e la Dichiarazione Universale dei Diritti Umani.<\/p>\n<p>Siamo fermamente convinte che i saperi e il saper fare, il pensiero e l\u2019esperienza delle donne possano contribuire alla costruzione di un percorso politico che sia capace di dare risposte concrete alle emergenze, ai bisogni e alle esigenze che il Paese deve affrontare.<\/p>\n<p>L\u2019emergenza climatica, la povert\u00e0, le disuguaglianze, le guerre, la crescente scarsit\u00e0 di acqua e di cibo, lo scioglimento dei ghiacci, l\u2019inquinamento, l\u2019accumulazione e la concentrazione del potere economico-finanziario, sono alcuni dei fattori che influenzano negativamente la nostra economia e la vita sociale.<\/p>\n<p>\u00c8 il momento di agire\u00a0e di essere protagoniste del nostro futuro e del futuro delle giovani generazioni; \u00e8 l\u2019occasione per costruire insieme a tante donne un percorso partecipato che concorra alla formazione delle scelte e metta al centro delle azioni del governo le esigenze e i bisogni di tutte e tutti!<\/p>\n<p><strong>Chiediamo alle candidate che si riconoscono nei nostri valori e condividono le nostre politiche di sottoscrivere il nostro Manifesto elettorale e di porlo al centro del loro agire politico, di sostenerlo e attuarlo nel caso di elezione nel nuovo Parlamento.<\/strong><\/p>\n<ol>\n<li><strong>Per la Pace e l\u2019Europa dei popoli<\/strong><\/li>\n<\/ol>\n<p>La guerra non appartiene alla storia delle donne.<\/p>\n<p>Come associazione pacifista e femminista condanniamo ogni forma di aggressione e occupazione militare.<\/p>\n<p>Lottiamo per lo sviluppo di una societ\u00e0 equa in cui non ci sia spazio per le guerre.<\/p>\n<p>Ci adoperiamo per il disarmo, la costruzione della pace e il dialogo tra i popoli.<\/p>\n<p>Siamo contro ogni forma di sopraffazione, di violenza, di discriminazione e di odio.<\/p>\n<p>Vogliamo sollevare dalla paura la Terra e tutte le persone che la abitano.<\/p>\n<ol start=\"2\">\n<li><strong>Per l\u2019emergenza climatica e la salvaguardia dell\u2019ambiente<\/strong><\/li>\n<\/ol>\n<p>La pandemia ci ha mostrato i danni dell\u2019attuale sistema economico e il potenziale devastante della crisi climatica.<\/p>\n<p>Le emissioni continuano a crescere, allontanandoci sempre di pi\u00f9 dal percorso sicuro che permetta di stare sotto 1,5\u00b0C di emissioni che causano il surriscaldamento globale.<\/p>\n<p>L\u2019analisi dei rischi climatici che si prospettano a causa del surriscaldamento globale \u00e8 preoccupante: andando avanti cos\u00ec, a breve avremo il 40% in meno dell\u2019acqua, il rischio di incendi boschivi si alzer\u00e0 notevolmente e il 91% dei Comuni italiani sar\u00e0 a rischio frane e alluvioni e subir\u00e0 un aumento del pericolo idrogeologico del 20%.<\/p>\n<p>\u00c8 il tempo di agire: il contrasto ai cambiamenti climatici \u00e8 una questione di vitale importanza! Il nodo del clima e della giustizia ambientale deve essere una priorit\u00e0 assoluta non pi\u00f9 procrastinabile.<\/p>\n<p>Riteniamo la conquista della giustizia climatica, della giustizia sociale, dell\u2019equit\u00e0 dei Paesi, fra Paesi e fra diverse generazioni, un traguardo imprescindibile per garantire un futuro dignitoso e per costruire il diritto alla partecipazione nei processi decisionali.<\/p>\n<p>Siamo impegnate per la salvaguardia dei beni comuni, a partire dall\u2019acqua, dal territorio e dall\u2019esistente, per la valorizzazione del paesaggio naturale e della biodiversit\u00e0, del patrimonio culturale, storico e artistico.<\/p>\n<p>\u00c8 necessario un \u201cRitorno al Futuro\u201d e per questo abbiamo bisogno dell\u2019impegno di tutte e tutti in prima persona.<\/p>\n<ol start=\"3\">\n<li><strong>Per l\u2019emancipazione e l\u2019autodeterminazione femminile<\/strong><\/li>\n<\/ol>\n<p>Ci impegniamo per l\u2019autodeterminazione delle donne contro ogni forma di violenza e per la sorellanza universale. Lottiamo per l\u2019emancipazione, la liberazione e la parit\u00e0 di genere. Vogliamo misure concrete e strutturali per la prevenzione e la lotta contro la violenza sulle donne.<\/p>\n<p>Ci impegniamo per garantire l\u2019effettiva partecipazione delle donne ad ogni livello decisionale in ambito politico, economico e sociale. Ci adoperiamo per dare alle donne uguali diritti di accesso alle risorse economiche e sosteniamo la condivisione della cura.<\/p>\n<p>Ci impegniamo per una politica capace di promuovere la parit\u00e0 di genere e l\u2019emancipazione di tutte le donne e bambine, a tutti i livelli.<\/p>\n<ol start=\"4\">\n<li><strong>Per la scuola pubblica e l\u2019universit\u00e0 libera<\/strong><\/li>\n<\/ol>\n<p>Ci impegniamo per l\u2019istruzione e la scuola pubblica, accessibile a tutti\/e, per contrastare la dispersione scolastica e le forme di disagio esistenziale e materiale delle giovani generazioni.<\/p>\n<p>Ci impegniamo per il libero accesso all\u2019Universit\u00e0 pubblica e per la promozione di una ricerca libera a servizio di tutte\/i e non appannaggio di pochi.<\/p>\n<p>Ci impegniamo per una formazione che non si limiti a competenze subordinate alle logiche di mercato, ma che permetta il raggiungimento di un sapere multidisciplinare, critico e libero.<\/p>\n<p>Ci impegniamo per una ricerca che venga valutata per la qualit\u00e0, l\u2019originalit\u00e0 e la ricchezza creativa e non subordinata a parametri temporali e di produzione.<\/p>\n<ol start=\"5\">\n<li><strong>Per la sanit\u00e0 pubblica e il diritto alla cura<\/strong><\/li>\n<\/ol>\n<p>La salute \u00e8 diritto di tutte le persone sancito dalla Costituzione italiana e a tutte le persone deve essere garantita parit\u00e0 di accesso alle prestazioni sanitarie.<\/p>\n<p>Ci impegniamo per la sanit\u00e0 pubblica, territoriale e gratuita, quale fondamento del diritto alla vita.<\/p>\n<ol start=\"6\">\n<li><strong>Per la parit\u00e0 sostanziale e non solo formale<\/strong><\/li>\n<\/ol>\n<p>Le donne debbono assumersi la responsabilit\u00e0 del governo del Paese, debbono pretendere di svolgere ruoli di primo piano per cambiare le priorit\u00e0 politiche e sovvertire il potere politico e simbolico del patriarcato che millanta la parit\u00e0 come ormai raggiunta.<\/p>\n<p>La rappresentanza di genere, 50 e 50, non \u00e8 un obiettivo, \u00e8 una necessit\u00e0 e deve produrre un cambiamento misurabile in termini di obiettivi proposti e raggiunti che riducano fortemente le disuguaglianze oggi esistenti.<\/p>\n<p>La presenza delle donne in ruoli apicali di governo e delle aziende pubbliche o partecipate deve segnare il cambiamento e la promozione della cultura della parit\u00e0.<\/p>\n<ol start=\"7\">\n<li><strong>Per la lotta alle mafie e alla criminalit\u00e0 organizzata<\/strong><strong>\u00a0<\/strong><\/li>\n<\/ol>\n<p>La legalit\u00e0, la lotta alle mafie e alla corruzione devono essere una priorit\u00e0 del Paese.<\/p>\n<p>Ci impegniamo per una politica che ponga a fondamento del suo agire la legalit\u00e0 e l\u2019antimafia.<\/p>\n<p>Ci impegniamo per una politica che si adoperi per la lotta all\u2019evasione fiscale e ai privilegi, che riduca le tasse e produca una equa ridistribuzione delle risorse e del reddito per il contrasto alle diseguaglianze.<\/p>\n<p><a href=\"https:\/\/www.governodilei.com\/governo-di-lei-manifesto-elettorale-per-le-elezioni-politiche-2022\/\">Articolo originale.<\/a><\/p>\n<p>&nbsp;<\/p>\n<p>&nbsp;<\/p>\n","protected":false},"excerpt":{"rendered":"<p>In questa campagna elettorale straniante, carica di incognite e incertezze la voce delle donne si leva alta e saggia, non propone slogan e non reca oltraggio, dice che un futuro migliore \u00e8 possibile e che il tempo \u00e8 adesso. Ascoltatela.&hellip;<\/p>\n","protected":false},"author":594,"featured_media":1649397,"comment_status":"closed","ping_status":"closed","sticky":false,"template":"","format":"standard","meta":{"footnotes":""},"categories":[47,54513,55],"tags":[65413,105085,105086,294,45264,52427,1414],"class_list":["post-1649394","post","type-post","status-publish","format-standard","has-post-thumbnail","hentry","category-europa","category-genere-e-femminismi","category-politica","tag-giustizia-climatica","tag-governo-di-lei","tag-manifesto-elettorale","tag-pace","tag-parita","tag-sanita-pubblica","tag-scuola-pubblica"],"yoast_head":"<!-- This site is optimized with the Yoast SEO plugin v27.1.1 - https:\/\/yoast.com\/product\/yoast-seo-wordpress\/ -->\n<title>Governo di Lei: Manifesto elettorale per le elezioni politiche 2022<\/title>\n<meta name=\"description\" content=\"In questa campagna elettorale straniante, carica di incognite e incertezze la voce delle donne si leva alta e saggia, non propone slogan e non reca\" \/>\n<meta name=\"robots\" content=\"index, follow, max-snippet:-1, max-image-preview:large, max-video-preview:-1\" \/>\n<link rel=\"canonical\" href=\"https:\/\/www.pressenza.com\/it\/2022\/08\/governo-di-lei-manifesto-elettorale-per-le-elezioni-politiche-2022\/\" \/>\n<meta property=\"og:locale\" content=\"it_IT\" \/>\n<meta property=\"og:type\" content=\"article\" \/>\n<meta property=\"og:title\" content=\"Governo di Lei: Manifesto elettorale per le elezioni politiche 2022\" \/>\n<meta property=\"og:description\" content=\"In questa campagna elettorale straniante, carica di incognite e incertezze la voce delle donne si leva alta e saggia, non propone slogan e non reca\" \/>\n<meta property=\"og:url\" content=\"https:\/\/www.pressenza.com\/it\/2022\/08\/governo-di-lei-manifesto-elettorale-per-le-elezioni-politiche-2022\/\" \/>\n<meta property=\"og:site_name\" content=\"Pressenza\" \/>\n<meta property=\"article:publisher\" content=\"https:\/\/www.facebook.com\/PressenzaItalia\" \/>\n<meta property=\"article:author\" content=\"https:\/\/www.facebook.com\/PressenzaItalia\" \/>\n<meta property=\"article:published_time\" content=\"2022-08-30T07:46:52+00:00\" \/>\n<meta property=\"article:modified_time\" content=\"2022-08-30T07:49:32+00:00\" \/>\n<meta property=\"og:image\" content=\"https:\/\/www.pressenza.com\/wp-content\/uploads\/2022\/08\/manifesto-governo-di-lei.png\" \/>\n\t<meta property=\"og:image:width\" content=\"1500\" \/>\n\t<meta property=\"og:image:height\" content=\"900\" \/>\n\t<meta property=\"og:image:type\" content=\"image\/png\" \/>\n<meta name=\"author\" content=\"Redazione Italia\" \/>\n<meta name=\"twitter:card\" content=\"summary_large_image\" \/>\n<meta name=\"twitter:creator\" content=\"@pressenza_it\" \/>\n<meta name=\"twitter:site\" content=\"@PressenzaIPA\" \/>\n<meta name=\"twitter:label1\" content=\"Scritto da\" \/>\n\t<meta name=\"twitter:data1\" content=\"Redazione Italia\" \/>\n\t<meta name=\"twitter:label2\" content=\"Tempo di lettura stimato\" \/>\n\t<meta name=\"twitter:data2\" content=\"6 minuti\" \/>\n<script type=\"application\/ld+json\" class=\"yoast-schema-graph\">{\"@context\":\"https:\/\/schema.org\",\"@graph\":[{\"@type\":\"Article\",\"@id\":\"https:\/\/www.pressenza.com\/it\/2022\/08\/governo-di-lei-manifesto-elettorale-per-le-elezioni-politiche-2022\/#article\",\"isPartOf\":{\"@id\":\"https:\/\/www.pressenza.com\/it\/2022\/08\/governo-di-lei-manifesto-elettorale-per-le-elezioni-politiche-2022\/\"},\"author\":{\"name\":\"Redazione Italia\",\"@id\":\"https:\/\/www.pressenza.com\/it\/#\/schema\/person\/d983e81827ae24f2c7b1a2123d197f8d\"},\"headline\":\"Governo di Lei: Manifesto elettorale per le elezioni politiche 2022\",\"datePublished\":\"2022-08-30T07:46:52+00:00\",\"dateModified\":\"2022-08-30T07:49:32+00:00\",\"mainEntityOfPage\":{\"@id\":\"https:\/\/www.pressenza.com\/it\/2022\/08\/governo-di-lei-manifesto-elettorale-per-le-elezioni-politiche-2022\/\"},\"wordCount\":1119,\"publisher\":{\"@id\":\"https:\/\/www.pressenza.com\/it\/#organization\"},\"image\":{\"@id\":\"https:\/\/www.pressenza.com\/it\/2022\/08\/governo-di-lei-manifesto-elettorale-per-le-elezioni-politiche-2022\/#primaryimage\"},\"thumbnailUrl\":\"https:\/\/www.pressenza.com\/wp-content\/uploads\/2022\/08\/manifesto-governo-di-lei.png\",\"keywords\":[\"Giustizia climatica\",\"Governo di Lei\",\"manifesto elettorale\",\"Pace\",\"parit\u00e0\",\"sanit\u00e0 pubblica\",\"scuola pubblica\"],\"articleSection\":[\"Europa\",\"Genere e femminismi\",\"Politica\"],\"inLanguage\":\"it-IT\"},{\"@type\":\"WebPage\",\"@id\":\"https:\/\/www.pressenza.com\/it\/2022\/08\/governo-di-lei-manifesto-elettorale-per-le-elezioni-politiche-2022\/\",\"url\":\"https:\/\/www.pressenza.com\/it\/2022\/08\/governo-di-lei-manifesto-elettorale-per-le-elezioni-politiche-2022\/\",\"name\":\"Governo di Lei: Manifesto elettorale per le elezioni politiche 2022\",\"isPartOf\":{\"@id\":\"https:\/\/www.pressenza.com\/it\/#website\"},\"primaryImageOfPage\":{\"@id\":\"https:\/\/www.pressenza.com\/it\/2022\/08\/governo-di-lei-manifesto-elettorale-per-le-elezioni-politiche-2022\/#primaryimage\"},\"image\":{\"@id\":\"https:\/\/www.pressenza.com\/it\/2022\/08\/governo-di-lei-manifesto-elettorale-per-le-elezioni-politiche-2022\/#primaryimage\"},\"thumbnailUrl\":\"https:\/\/www.pressenza.com\/wp-content\/uploads\/2022\/08\/manifesto-governo-di-lei.png\",\"datePublished\":\"2022-08-30T07:46:52+00:00\",\"dateModified\":\"2022-08-30T07:49:32+00:00\",\"description\":\"In questa campagna elettorale straniante, carica di incognite e incertezze la voce delle donne si leva alta e saggia, non propone slogan e non reca\",\"breadcrumb\":{\"@id\":\"https:\/\/www.pressenza.com\/it\/2022\/08\/governo-di-lei-manifesto-elettorale-per-le-elezioni-politiche-2022\/#breadcrumb\"},\"inLanguage\":\"it-IT\",\"potentialAction\":[{\"@type\":\"ReadAction\",\"target\":[\"https:\/\/www.pressenza.com\/it\/2022\/08\/governo-di-lei-manifesto-elettorale-per-le-elezioni-politiche-2022\/\"]}]},{\"@type\":\"ImageObject\",\"inLanguage\":\"it-IT\",\"@id\":\"https:\/\/www.pressenza.com\/it\/2022\/08\/governo-di-lei-manifesto-elettorale-per-le-elezioni-politiche-2022\/#primaryimage\",\"url\":\"https:\/\/www.pressenza.com\/wp-content\/uploads\/2022\/08\/manifesto-governo-di-lei.png\",\"contentUrl\":\"https:\/\/www.pressenza.com\/wp-content\/uploads\/2022\/08\/manifesto-governo-di-lei.png\",\"width\":1500,\"height\":900},{\"@type\":\"BreadcrumbList\",\"@id\":\"https:\/\/www.pressenza.com\/it\/2022\/08\/governo-di-lei-manifesto-elettorale-per-le-elezioni-politiche-2022\/#breadcrumb\",\"itemListElement\":[{\"@type\":\"ListItem\",\"position\":1,\"name\":\"Accueil\",\"item\":\"https:\/\/www.pressenza.com\/it\/\"},{\"@type\":\"ListItem\",\"position\":2,\"name\":\"Governo di Lei: Manifesto elettorale per le elezioni politiche 2022\"}]},{\"@type\":\"WebSite\",\"@id\":\"https:\/\/www.pressenza.com\/it\/#website\",\"url\":\"https:\/\/www.pressenza.com\/it\/\",\"name\":\"Pressenza\",\"description\":\"Agenzia di Stampa Internazionale\",\"publisher\":{\"@id\":\"https:\/\/www.pressenza.com\/it\/#organization\"},\"potentialAction\":[{\"@type\":\"SearchAction\",\"target\":{\"@type\":\"EntryPoint\",\"urlTemplate\":\"https:\/\/www.pressenza.com\/it\/?s={search_term_string}\"},\"query-input\":{\"@type\":\"PropertyValueSpecification\",\"valueRequired\":true,\"valueName\":\"search_term_string\"}}],\"inLanguage\":\"it-IT\"},{\"@type\":\"Organization\",\"@id\":\"https:\/\/www.pressenza.com\/it\/#organization\",\"name\":\"Pressenza\",\"url\":\"https:\/\/www.pressenza.com\/it\/\",\"logo\":{\"@type\":\"ImageObject\",\"inLanguage\":\"it-IT\",\"@id\":\"https:\/\/www.pressenza.com\/it\/#\/schema\/logo\/image\/\",\"url\":\"https:\/\/www.pressenza.com\/wp-content\/uploads\/2022\/10\/pressenza_logo_200x200.jpg\",\"contentUrl\":\"https:\/\/www.pressenza.com\/wp-content\/uploads\/2022\/10\/pressenza_logo_200x200.jpg\",\"width\":200,\"height\":200,\"caption\":\"Pressenza\"},\"image\":{\"@id\":\"https:\/\/www.pressenza.com\/it\/#\/schema\/logo\/image\/\"},\"sameAs\":[\"https:\/\/www.facebook.com\/PressenzaItalia\",\"https:\/\/x.com\/PressenzaIPA\"]},{\"@type\":\"Person\",\"@id\":\"https:\/\/www.pressenza.com\/it\/#\/schema\/person\/d983e81827ae24f2c7b1a2123d197f8d\",\"name\":\"Redazione Italia\",\"description\":\"News from the Pressenza Bureau in Italy\",\"sameAs\":[\"https:\/\/www.pressenza.com\/it\/author\/redazione-italia\/\",\"https:\/\/www.facebook.com\/PressenzaItalia\",\"https:\/\/www.instagram.com\/pressenza_italia\/\",\"https:\/\/x.com\/pressenza_it\",\"https:\/\/www.youtube.com\/channel\/UCSalEIWjE1RSxkwjfftFuqg\"],\"url\":\"https:\/\/www.pressenza.com\/it\/author\/redazione-italia\/\"}]}<\/script>\n<!-- \/ Yoast SEO plugin. -->","yoast_head_json":{"title":"Governo di Lei: Manifesto elettorale per le elezioni politiche 2022","description":"In questa campagna elettorale straniante, carica di incognite e incertezze la voce delle donne si leva alta e saggia, non propone slogan e non reca","robots":{"index":"index","follow":"follow","max-snippet":"max-snippet:-1","max-image-preview":"max-image-preview:large","max-video-preview":"max-video-preview:-1"},"canonical":"https:\/\/www.pressenza.com\/it\/2022\/08\/governo-di-lei-manifesto-elettorale-per-le-elezioni-politiche-2022\/","og_locale":"it_IT","og_type":"article","og_title":"Governo di Lei: Manifesto elettorale per le elezioni politiche 2022","og_description":"In questa campagna elettorale straniante, carica di incognite e incertezze la voce delle donne si leva alta e saggia, non propone slogan e non reca","og_url":"https:\/\/www.pressenza.com\/it\/2022\/08\/governo-di-lei-manifesto-elettorale-per-le-elezioni-politiche-2022\/","og_site_name":"Pressenza","article_publisher":"https:\/\/www.facebook.com\/PressenzaItalia","article_author":"https:\/\/www.facebook.com\/PressenzaItalia","article_published_time":"2022-08-30T07:46:52+00:00","article_modified_time":"2022-08-30T07:49:32+00:00","og_image":[{"width":1500,"height":900,"url":"https:\/\/www.pressenza.com\/wp-content\/uploads\/2022\/08\/manifesto-governo-di-lei.png","type":"image\/png"}],"author":"Redazione Italia","twitter_card":"summary_large_image","twitter_creator":"@pressenza_it","twitter_site":"@PressenzaIPA","twitter_misc":{"Scritto da":"Redazione Italia","Tempo di lettura stimato":"6 minuti"},"schema":{"@context":"https:\/\/schema.org","@graph":[{"@type":"Article","@id":"https:\/\/www.pressenza.com\/it\/2022\/08\/governo-di-lei-manifesto-elettorale-per-le-elezioni-politiche-2022\/#article","isPartOf":{"@id":"https:\/\/www.pressenza.com\/it\/2022\/08\/governo-di-lei-manifesto-elettorale-per-le-elezioni-politiche-2022\/"},"author":{"name":"Redazione Italia","@id":"https:\/\/www.pressenza.com\/it\/#\/schema\/person\/d983e81827ae24f2c7b1a2123d197f8d"},"headline":"Governo di Lei: Manifesto elettorale per le elezioni politiche 2022","datePublished":"2022-08-30T07:46:52+00:00","dateModified":"2022-08-30T07:49:32+00:00","mainEntityOfPage":{"@id":"https:\/\/www.pressenza.com\/it\/2022\/08\/governo-di-lei-manifesto-elettorale-per-le-elezioni-politiche-2022\/"},"wordCount":1119,"publisher":{"@id":"https:\/\/www.pressenza.com\/it\/#organization"},"image":{"@id":"https:\/\/www.pressenza.com\/it\/2022\/08\/governo-di-lei-manifesto-elettorale-per-le-elezioni-politiche-2022\/#primaryimage"},"thumbnailUrl":"https:\/\/www.pressenza.com\/wp-content\/uploads\/2022\/08\/manifesto-governo-di-lei.png","keywords":["Giustizia climatica","Governo di Lei","manifesto elettorale","Pace","parit\u00e0","sanit\u00e0 pubblica","scuola pubblica"],"articleSection":["Europa","Genere e femminismi","Politica"],"inLanguage":"it-IT"},{"@type":"WebPage","@id":"https:\/\/www.pressenza.com\/it\/2022\/08\/governo-di-lei-manifesto-elettorale-per-le-elezioni-politiche-2022\/","url":"https:\/\/www.pressenza.com\/it\/2022\/08\/governo-di-lei-manifesto-elettorale-per-le-elezioni-politiche-2022\/","name":"Governo di Lei: Manifesto elettorale per le elezioni politiche 2022","isPartOf":{"@id":"https:\/\/www.pressenza.com\/it\/#website"},"primaryImageOfPage":{"@id":"https:\/\/www.pressenza.com\/it\/2022\/08\/governo-di-lei-manifesto-elettorale-per-le-elezioni-politiche-2022\/#primaryimage"},"image":{"@id":"https:\/\/www.pressenza.com\/it\/2022\/08\/governo-di-lei-manifesto-elettorale-per-le-elezioni-politiche-2022\/#primaryimage"},"thumbnailUrl":"https:\/\/www.pressenza.com\/wp-content\/uploads\/2022\/08\/manifesto-governo-di-lei.png","datePublished":"2022-08-30T07:46:52+00:00","dateModified":"2022-08-30T07:49:32+00:00","description":"In questa campagna elettorale straniante, carica di incognite e incertezze la voce delle donne si leva alta e saggia, non propone slogan e non reca","breadcrumb":{"@id":"https:\/\/www.pressenza.com\/it\/2022\/08\/governo-di-lei-manifesto-elettorale-per-le-elezioni-politiche-2022\/#breadcrumb"},"inLanguage":"it-IT","potentialAction":[{"@type":"ReadAction","target":["https:\/\/www.pressenza.com\/it\/2022\/08\/governo-di-lei-manifesto-elettorale-per-le-elezioni-politiche-2022\/"]}]},{"@type":"ImageObject","inLanguage":"it-IT","@id":"https:\/\/www.pressenza.com\/it\/2022\/08\/governo-di-lei-manifesto-elettorale-per-le-elezioni-politiche-2022\/#primaryimage","url":"https:\/\/www.pressenza.com\/wp-content\/uploads\/2022\/08\/manifesto-governo-di-lei.png","contentUrl":"https:\/\/www.pressenza.com\/wp-content\/uploads\/2022\/08\/manifesto-governo-di-lei.png","width":1500,"height":900},{"@type":"BreadcrumbList","@id":"https:\/\/www.pressenza.com\/it\/2022\/08\/governo-di-lei-manifesto-elettorale-per-le-elezioni-politiche-2022\/#breadcrumb","itemListElement":[{"@type":"ListItem","position":1,"name":"Accueil","item":"https:\/\/www.pressenza.com\/it\/"},{"@type":"ListItem","position":2,"name":"Governo di Lei: Manifesto elettorale per le elezioni politiche 2022"}]},{"@type":"WebSite","@id":"https:\/\/www.pressenza.com\/it\/#website","url":"https:\/\/www.pressenza.com\/it\/","name":"Pressenza","description":"Agenzia di Stampa Internazionale","publisher":{"@id":"https:\/\/www.pressenza.com\/it\/#organization"},"potentialAction":[{"@type":"SearchAction","target":{"@type":"EntryPoint","urlTemplate":"https:\/\/www.pressenza.com\/it\/?s={search_term_string}"},"query-input":{"@type":"PropertyValueSpecification","valueRequired":true,"valueName":"search_term_string"}}],"inLanguage":"it-IT"},{"@type":"Organization","@id":"https:\/\/www.pressenza.com\/it\/#organization","name":"Pressenza","url":"https:\/\/www.pressenza.com\/it\/","logo":{"@type":"ImageObject","inLanguage":"it-IT","@id":"https:\/\/www.pressenza.com\/it\/#\/schema\/logo\/image\/","url":"https:\/\/www.pressenza.com\/wp-content\/uploads\/2022\/10\/pressenza_logo_200x200.jpg","contentUrl":"https:\/\/www.pressenza.com\/wp-content\/uploads\/2022\/10\/pressenza_logo_200x200.jpg","width":200,"height":200,"caption":"Pressenza"},"image":{"@id":"https:\/\/www.pressenza.com\/it\/#\/schema\/logo\/image\/"},"sameAs":["https:\/\/www.facebook.com\/PressenzaItalia","https:\/\/x.com\/PressenzaIPA"]},{"@type":"Person","@id":"https:\/\/www.pressenza.com\/it\/#\/schema\/person\/d983e81827ae24f2c7b1a2123d197f8d","name":"Redazione Italia","description":"News from the Pressenza Bureau in Italy","sameAs":["https:\/\/www.pressenza.com\/it\/author\/redazione-italia\/","https:\/\/www.facebook.com\/PressenzaItalia","https:\/\/www.instagram.com\/pressenza_italia\/","https:\/\/x.com\/pressenza_it","https:\/\/www.youtube.com\/channel\/UCSalEIWjE1RSxkwjfftFuqg"],"url":"https:\/\/www.pressenza.com\/it\/author\/redazione-italia\/"}]}},"place":"","original_article_url":"","_links":{"self":[{"href":"https:\/\/www.pressenza.com\/it\/wp-json\/wp\/v2\/posts\/1649394","targetHints":{"allow":["GET"]}}],"collection":[{"href":"https:\/\/www.pressenza.com\/it\/wp-json\/wp\/v2\/posts"}],"about":[{"href":"https:\/\/www.pressenza.com\/it\/wp-json\/wp\/v2\/types\/post"}],"author":[{"embeddable":true,"href":"https:\/\/www.pressenza.com\/it\/wp-json\/wp\/v2\/users\/594"}],"replies":[{"embeddable":true,"href":"https:\/\/www.pressenza.com\/it\/wp-json\/wp\/v2\/comments?post=1649394"}],"version-history":[{"count":0,"href":"https:\/\/www.pressenza.com\/it\/wp-json\/wp\/v2\/posts\/1649394\/revisions"}],"wp:featuredmedia":[{"embeddable":true,"href":"https:\/\/www.pressenza.com\/it\/wp-json\/wp\/v2\/media\/1649397"}],"wp:attachment":[{"href":"https:\/\/www.pressenza.com\/it\/wp-json\/wp\/v2\/media?parent=1649394"}],"wp:term":[{"taxonomy":"category","embeddable":true,"href":"https:\/\/www.pressenza.com\/it\/wp-json\/wp\/v2\/categories?post=1649394"},{"taxonomy":"post_tag","embeddable":true,"href":"https:\/\/www.pressenza.com\/it\/wp-json\/wp\/v2\/tags?post=1649394"}],"curies":[{"name":"wp","href":"https:\/\/api.w.org\/{rel}","templated":true}]}}