{"id":1648868,"date":"2022-08-29T12:39:57","date_gmt":"2022-08-29T11:39:57","guid":{"rendered":"https:\/\/www.pressenza.com\/?p=1648868"},"modified":"2022-08-29T12:39:57","modified_gmt":"2022-08-29T11:39:57","slug":"un-paese-diseguale-verso-il-voto-del-25-settembre","status":"publish","type":"post","link":"https:\/\/www.pressenza.com\/it\/2022\/08\/un-paese-diseguale-verso-il-voto-del-25-settembre\/","title":{"rendered":"Un Paese diseguale verso il voto del 25 settembre"},"content":{"rendered":"<p>Gli studi sulle disparit\u00e0 territoriali e su un Sud che  non \u00e8  pi\u00f9 in grado di garantire ai propri cittadini i servizi essenziali ormai si sprecano.<br \/>\nUltimo in ordine di tempo quello della Banca d&#8217;Italia che, seppur con un linguaggio felpato tipico di questa istituzione, certifica ancora una volta che i Comuni del Mezzogiorno  sono in grado di garantire molti meno servizi rispetto a quelli del Nord del Paese.<br \/>\nQui il contributo della Banca d\u2019Italia.<br \/>\nInsomma, chi vive nei Comuni del Sud d&#8217;Italia non ha gli stessi diritti di chi risiede al Nord.<\/p>\n<p>Nelle conclusioni del rapporto della Banca d&#8217;Italia (a pagina 39) si legge: \u201cla scarsa autonomia tributaria e l\u2019elevata dipendenza erariale che storicamente caratterizzano i Comuni del Mezzogiorno, unitamente all\u2019elevato grado di rigidit\u00e0 della spesa, hanno contribuito ad aggravarne le condizioni di bilancio, pi\u00f9 intensamente che nel resto del Paese.<br \/>\nNe \u00e8 conseguita una minore capacit\u00e0 di spesa per i servizi connessi ai bisogni primari della collettivit\u00e0.<br \/>\nQuasi la met\u00e0 degli enti meridionali si caratterizza infatti per un livello di servizi offerti, connessi alle funzioni fondamentali, inferiore a quello che sarebbe necessario in base alle caratteristiche territoriali, agli aspetti demografici, socio-economici e morfologici dei loro territori.<br \/>\nSono in particolare i grandi Comuni meridionali che si caratterizzano per un\u2019offerta di servizi inadeguata rispetto a quella che sarebbe teoricamente richiesta\u201d.<br \/>\nAggiungendo che \u201cil minor livello di competenze possedute dal personale degli enti del Mezzogiorno, associato ad altri fattori di carattere strutturale e a una minore disponibilit\u00e0 di risorse finanziarie hanno inoltre inciso negativamente sulla capacit\u00e0 di realizzazione dei programmi di investimento, che appare inferiore rispetto al resto del Paese\u201d.<\/p>\n<p>Pochi inconfutabili dati dimostrano il crac che si sta vivendo nei Comuni del Sud: nel 2020 il 13% degli enti del Mezzogiorno, con il 26% della popolazione dell\u2019area, era in stato di dissesto finanziario o aveva in corso una procedura di riequilibrio economico (pre-dissesto), mentre un ulteriore 4% mostrava condizioni di bilancio \u201cstrutturalmente deficitarie\u201d.<br \/>\nUna situazione  disastrosa che certamente non si riuscir\u00e0 a superare con le misure che da un paio d&#8217;anni si vanno assumendo (stanziamento di risorse statali aggiuntive, potenziamento dei servizi sociali in generale e degli asili nido in particolare, processo di riequilibrio territoriale nella dotazione di infrastrutture attraverso la costituzione di un apposito Fondo perequativo e cos\u00ec via).<br \/>\nE come se tutto ci\u00f2 non bastasse continua  a rappresentare una concreta minaccia quella \u201csecessione dei ricchi\u201d evocata da Gianfranco Viesti che si profila all&#8217;orizzonte con l&#8217;autonomia regionale differenziata, che qualora attuata pienamente porterebbe ad avere nel nostro Paese \u201cCittadini di serie A\u201d e \u201cCittadini di serie B\u201d.<br \/>\nQui \u00e8 possibile scaricare gratuitamente il volume di Gianfranco Viesti: <a href=\"https:\/\/www.laterza.it\/scheda-libro\/?isbn=9788858136430\">https:\/\/www.laterza.it\/scheda-libro\/?isbn=9788858136430<\/a>. <\/p>\n<p>La minaccia di spaccare il Paese e di affossare definitivamente il nostro Sud  si fa molto pi\u00f9 concreta in caso di vittoria delle destre il prossimo 25 settembre. Scongiurarla dipende soprattutto da noi!<\/p>\n<p>Nei prossimi mesi dovrebbe intanto partire la raccolta di firme per una proposta di legge di riforma costituzionale di iniziativa popolare promossa da Massimo Villone e da un folto gruppo di docenti per rivedere gli articoli 116 e 117 della Costituzione. <\/p>\n<p>Qui la nota illustrativa: <a href=\"https:\/\/www.carteinregola.it\/wp-content\/uploads\/2022\/06\/Nota-illustrativa-DDL-costituzionale-riforma-Titolo-VGallo-Villone-e-altri.pdf\">https:\/\/www.carteinregola.it\/wp-content\/uploads\/2022\/06\/Nota-illustrativa-DDL-costituzionale-riforma-Titolo-VGallo-Villone-e-altri.pdf<\/a>. <\/p>\n","protected":false},"excerpt":{"rendered":"<p>Gli studi sulle disparit\u00e0 territoriali e su un Sud che non \u00e8 pi\u00f9 in grado di garantire ai propri cittadini i servizi essenziali ormai si sprecano. Ultimo in ordine di tempo quello della Banca d&#8217;Italia che, seppur con un linguaggio&hellip;<\/p>\n","protected":false},"author":2106,"featured_media":1648870,"comment_status":"closed","ping_status":"closed","sticky":false,"template":"","format":"standard","meta":{"footnotes":""},"categories":[11388,62,47,55,1259],"tags":[94173,63804,21483],"class_list":["post-1648868","post","type-post","status-publish","format-standard","has-post-thumbnail","hentry","category-contenuti-originali","category-economia","category-europa","category-politica","category-salute-argomento","tag-alleanza-del-nord","tag-meridione","tag-sud-italia"],"yoast_head":"<!-- This site is optimized with the Yoast SEO plugin v27.1.1 - https:\/\/yoast.com\/product\/yoast-seo-wordpress\/ -->\n<title>Un Paese diseguale verso il voto del 25 settembre<\/title>\n<meta name=\"description\" content=\"Gli studi sulle disparit\u00e0 territoriali e su un Sud che non \u00e8 pi\u00f9 in grado di garantire ai propri cittadini i servizi essenziali ormai si sprecano. Ultimo\" \/>\n<meta name=\"robots\" content=\"index, follow, max-snippet:-1, max-image-preview:large, max-video-preview:-1\" \/>\n<link rel=\"canonical\" href=\"https:\/\/www.pressenza.com\/it\/2022\/08\/un-paese-diseguale-verso-il-voto-del-25-settembre\/\" \/>\n<meta property=\"og:locale\" content=\"it_IT\" \/>\n<meta property=\"og:type\" content=\"article\" \/>\n<meta property=\"og:title\" content=\"Un Paese diseguale verso il voto del 25 settembre\" \/>\n<meta property=\"og:description\" content=\"Gli studi sulle disparit\u00e0 territoriali e su un Sud che non \u00e8 pi\u00f9 in grado di garantire ai propri cittadini i servizi essenziali ormai si sprecano. Ultimo\" \/>\n<meta property=\"og:url\" content=\"https:\/\/www.pressenza.com\/it\/2022\/08\/un-paese-diseguale-verso-il-voto-del-25-settembre\/\" \/>\n<meta property=\"og:site_name\" content=\"Pressenza\" \/>\n<meta property=\"article:publisher\" content=\"https:\/\/www.facebook.com\/PressenzaItalia\" \/>\n<meta property=\"article:published_time\" content=\"2022-08-29T11:39:57+00:00\" \/>\n<meta property=\"og:image\" content=\"https:\/\/www.pressenza.com\/wp-content\/uploads\/2022\/08\/cario.jpg\" \/>\n\t<meta property=\"og:image:width\" content=\"720\" \/>\n\t<meta property=\"og:image:height\" content=\"510\" \/>\n\t<meta property=\"og:image:type\" content=\"image\/jpeg\" \/>\n<meta name=\"author\" content=\"Giovanni Caprio\" \/>\n<meta name=\"twitter:card\" content=\"summary_large_image\" \/>\n<meta name=\"twitter:creator\" content=\"@PressenzaIPA\" \/>\n<meta name=\"twitter:site\" content=\"@PressenzaIPA\" \/>\n<meta name=\"twitter:label1\" content=\"Scritto da\" \/>\n\t<meta name=\"twitter:data1\" content=\"Giovanni Caprio\" \/>\n\t<meta name=\"twitter:label2\" content=\"Tempo di lettura stimato\" \/>\n\t<meta name=\"twitter:data2\" content=\"3 minuti\" \/>\n<script type=\"application\/ld+json\" class=\"yoast-schema-graph\">{\"@context\":\"https:\/\/schema.org\",\"@graph\":[{\"@type\":\"Article\",\"@id\":\"https:\/\/www.pressenza.com\/it\/2022\/08\/un-paese-diseguale-verso-il-voto-del-25-settembre\/#article\",\"isPartOf\":{\"@id\":\"https:\/\/www.pressenza.com\/it\/2022\/08\/un-paese-diseguale-verso-il-voto-del-25-settembre\/\"},\"author\":{\"name\":\"Giovanni Caprio\",\"@id\":\"https:\/\/www.pressenza.com\/it\/#\/schema\/person\/841c36a613f4f6e80f5fbc9c1f8c32c8\"},\"headline\":\"Un Paese diseguale verso il voto del 25 settembre\",\"datePublished\":\"2022-08-29T11:39:57+00:00\",\"mainEntityOfPage\":{\"@id\":\"https:\/\/www.pressenza.com\/it\/2022\/08\/un-paese-diseguale-verso-il-voto-del-25-settembre\/\"},\"wordCount\":538,\"publisher\":{\"@id\":\"https:\/\/www.pressenza.com\/it\/#organization\"},\"image\":{\"@id\":\"https:\/\/www.pressenza.com\/it\/2022\/08\/un-paese-diseguale-verso-il-voto-del-25-settembre\/#primaryimage\"},\"thumbnailUrl\":\"https:\/\/www.pressenza.com\/wp-content\/uploads\/2022\/08\/cario.jpg\",\"keywords\":[\"Alleanza del Nord\",\"meridione\",\"Sud Italia\"],\"articleSection\":[\"contenuti originali\",\"Economia\",\"Europa\",\"Politica\",\"Salute\"],\"inLanguage\":\"it-IT\"},{\"@type\":\"WebPage\",\"@id\":\"https:\/\/www.pressenza.com\/it\/2022\/08\/un-paese-diseguale-verso-il-voto-del-25-settembre\/\",\"url\":\"https:\/\/www.pressenza.com\/it\/2022\/08\/un-paese-diseguale-verso-il-voto-del-25-settembre\/\",\"name\":\"Un Paese diseguale verso il voto del 25 settembre\",\"isPartOf\":{\"@id\":\"https:\/\/www.pressenza.com\/it\/#website\"},\"primaryImageOfPage\":{\"@id\":\"https:\/\/www.pressenza.com\/it\/2022\/08\/un-paese-diseguale-verso-il-voto-del-25-settembre\/#primaryimage\"},\"image\":{\"@id\":\"https:\/\/www.pressenza.com\/it\/2022\/08\/un-paese-diseguale-verso-il-voto-del-25-settembre\/#primaryimage\"},\"thumbnailUrl\":\"https:\/\/www.pressenza.com\/wp-content\/uploads\/2022\/08\/cario.jpg\",\"datePublished\":\"2022-08-29T11:39:57+00:00\",\"description\":\"Gli studi sulle disparit\u00e0 territoriali e su un Sud che non \u00e8 pi\u00f9 in grado di garantire ai propri cittadini i servizi essenziali ormai si sprecano. Ultimo\",\"breadcrumb\":{\"@id\":\"https:\/\/www.pressenza.com\/it\/2022\/08\/un-paese-diseguale-verso-il-voto-del-25-settembre\/#breadcrumb\"},\"inLanguage\":\"it-IT\",\"potentialAction\":[{\"@type\":\"ReadAction\",\"target\":[\"https:\/\/www.pressenza.com\/it\/2022\/08\/un-paese-diseguale-verso-il-voto-del-25-settembre\/\"]}]},{\"@type\":\"ImageObject\",\"inLanguage\":\"it-IT\",\"@id\":\"https:\/\/www.pressenza.com\/it\/2022\/08\/un-paese-diseguale-verso-il-voto-del-25-settembre\/#primaryimage\",\"url\":\"https:\/\/www.pressenza.com\/wp-content\/uploads\/2022\/08\/cario.jpg\",\"contentUrl\":\"https:\/\/www.pressenza.com\/wp-content\/uploads\/2022\/08\/cario.jpg\",\"width\":720,\"height\":510},{\"@type\":\"BreadcrumbList\",\"@id\":\"https:\/\/www.pressenza.com\/it\/2022\/08\/un-paese-diseguale-verso-il-voto-del-25-settembre\/#breadcrumb\",\"itemListElement\":[{\"@type\":\"ListItem\",\"position\":1,\"name\":\"Accueil\",\"item\":\"https:\/\/www.pressenza.com\/it\/\"},{\"@type\":\"ListItem\",\"position\":2,\"name\":\"Un Paese diseguale verso il voto del 25 settembre\"}]},{\"@type\":\"WebSite\",\"@id\":\"https:\/\/www.pressenza.com\/it\/#website\",\"url\":\"https:\/\/www.pressenza.com\/it\/\",\"name\":\"Pressenza\",\"description\":\"Agenzia di Stampa Internazionale\",\"publisher\":{\"@id\":\"https:\/\/www.pressenza.com\/it\/#organization\"},\"potentialAction\":[{\"@type\":\"SearchAction\",\"target\":{\"@type\":\"EntryPoint\",\"urlTemplate\":\"https:\/\/www.pressenza.com\/it\/?s={search_term_string}\"},\"query-input\":{\"@type\":\"PropertyValueSpecification\",\"valueRequired\":true,\"valueName\":\"search_term_string\"}}],\"inLanguage\":\"it-IT\"},{\"@type\":\"Organization\",\"@id\":\"https:\/\/www.pressenza.com\/it\/#organization\",\"name\":\"Pressenza\",\"url\":\"https:\/\/www.pressenza.com\/it\/\",\"logo\":{\"@type\":\"ImageObject\",\"inLanguage\":\"it-IT\",\"@id\":\"https:\/\/www.pressenza.com\/it\/#\/schema\/logo\/image\/\",\"url\":\"https:\/\/www.pressenza.com\/wp-content\/uploads\/2022\/10\/pressenza_logo_200x200.jpg\",\"contentUrl\":\"https:\/\/www.pressenza.com\/wp-content\/uploads\/2022\/10\/pressenza_logo_200x200.jpg\",\"width\":200,\"height\":200,\"caption\":\"Pressenza\"},\"image\":{\"@id\":\"https:\/\/www.pressenza.com\/it\/#\/schema\/logo\/image\/\"},\"sameAs\":[\"https:\/\/www.facebook.com\/PressenzaItalia\",\"https:\/\/x.com\/PressenzaIPA\"]},{\"@type\":\"Person\",\"@id\":\"https:\/\/www.pressenza.com\/it\/#\/schema\/person\/841c36a613f4f6e80f5fbc9c1f8c32c8\",\"name\":\"Giovanni Caprio\",\"description\":\"Pubblicista, gi\u00e0 dirigente di istituzioni pubbliche e di fondazioni private. Si occupa di beni comuni, partecipazione e governo del territorio.\",\"url\":\"https:\/\/www.pressenza.com\/it\/author\/giovanni-caprio\/\"}]}<\/script>\n<!-- \/ Yoast SEO plugin. -->","yoast_head_json":{"title":"Un Paese diseguale verso il voto del 25 settembre","description":"Gli studi sulle disparit\u00e0 territoriali e su un Sud che non \u00e8 pi\u00f9 in grado di garantire ai propri cittadini i servizi essenziali ormai si sprecano. Ultimo","robots":{"index":"index","follow":"follow","max-snippet":"max-snippet:-1","max-image-preview":"max-image-preview:large","max-video-preview":"max-video-preview:-1"},"canonical":"https:\/\/www.pressenza.com\/it\/2022\/08\/un-paese-diseguale-verso-il-voto-del-25-settembre\/","og_locale":"it_IT","og_type":"article","og_title":"Un Paese diseguale verso il voto del 25 settembre","og_description":"Gli studi sulle disparit\u00e0 territoriali e su un Sud che non \u00e8 pi\u00f9 in grado di garantire ai propri cittadini i servizi essenziali ormai si sprecano. Ultimo","og_url":"https:\/\/www.pressenza.com\/it\/2022\/08\/un-paese-diseguale-verso-il-voto-del-25-settembre\/","og_site_name":"Pressenza","article_publisher":"https:\/\/www.facebook.com\/PressenzaItalia","article_published_time":"2022-08-29T11:39:57+00:00","og_image":[{"width":720,"height":510,"url":"https:\/\/www.pressenza.com\/wp-content\/uploads\/2022\/08\/cario.jpg","type":"image\/jpeg"}],"author":"Giovanni Caprio","twitter_card":"summary_large_image","twitter_creator":"@PressenzaIPA","twitter_site":"@PressenzaIPA","twitter_misc":{"Scritto da":"Giovanni Caprio","Tempo di lettura stimato":"3 minuti"},"schema":{"@context":"https:\/\/schema.org","@graph":[{"@type":"Article","@id":"https:\/\/www.pressenza.com\/it\/2022\/08\/un-paese-diseguale-verso-il-voto-del-25-settembre\/#article","isPartOf":{"@id":"https:\/\/www.pressenza.com\/it\/2022\/08\/un-paese-diseguale-verso-il-voto-del-25-settembre\/"},"author":{"name":"Giovanni Caprio","@id":"https:\/\/www.pressenza.com\/it\/#\/schema\/person\/841c36a613f4f6e80f5fbc9c1f8c32c8"},"headline":"Un Paese diseguale verso il voto del 25 settembre","datePublished":"2022-08-29T11:39:57+00:00","mainEntityOfPage":{"@id":"https:\/\/www.pressenza.com\/it\/2022\/08\/un-paese-diseguale-verso-il-voto-del-25-settembre\/"},"wordCount":538,"publisher":{"@id":"https:\/\/www.pressenza.com\/it\/#organization"},"image":{"@id":"https:\/\/www.pressenza.com\/it\/2022\/08\/un-paese-diseguale-verso-il-voto-del-25-settembre\/#primaryimage"},"thumbnailUrl":"https:\/\/www.pressenza.com\/wp-content\/uploads\/2022\/08\/cario.jpg","keywords":["Alleanza del Nord","meridione","Sud Italia"],"articleSection":["contenuti originali","Economia","Europa","Politica","Salute"],"inLanguage":"it-IT"},{"@type":"WebPage","@id":"https:\/\/www.pressenza.com\/it\/2022\/08\/un-paese-diseguale-verso-il-voto-del-25-settembre\/","url":"https:\/\/www.pressenza.com\/it\/2022\/08\/un-paese-diseguale-verso-il-voto-del-25-settembre\/","name":"Un Paese diseguale verso il voto del 25 settembre","isPartOf":{"@id":"https:\/\/www.pressenza.com\/it\/#website"},"primaryImageOfPage":{"@id":"https:\/\/www.pressenza.com\/it\/2022\/08\/un-paese-diseguale-verso-il-voto-del-25-settembre\/#primaryimage"},"image":{"@id":"https:\/\/www.pressenza.com\/it\/2022\/08\/un-paese-diseguale-verso-il-voto-del-25-settembre\/#primaryimage"},"thumbnailUrl":"https:\/\/www.pressenza.com\/wp-content\/uploads\/2022\/08\/cario.jpg","datePublished":"2022-08-29T11:39:57+00:00","description":"Gli studi sulle disparit\u00e0 territoriali e su un Sud che non \u00e8 pi\u00f9 in grado di garantire ai propri cittadini i servizi essenziali ormai si sprecano. Ultimo","breadcrumb":{"@id":"https:\/\/www.pressenza.com\/it\/2022\/08\/un-paese-diseguale-verso-il-voto-del-25-settembre\/#breadcrumb"},"inLanguage":"it-IT","potentialAction":[{"@type":"ReadAction","target":["https:\/\/www.pressenza.com\/it\/2022\/08\/un-paese-diseguale-verso-il-voto-del-25-settembre\/"]}]},{"@type":"ImageObject","inLanguage":"it-IT","@id":"https:\/\/www.pressenza.com\/it\/2022\/08\/un-paese-diseguale-verso-il-voto-del-25-settembre\/#primaryimage","url":"https:\/\/www.pressenza.com\/wp-content\/uploads\/2022\/08\/cario.jpg","contentUrl":"https:\/\/www.pressenza.com\/wp-content\/uploads\/2022\/08\/cario.jpg","width":720,"height":510},{"@type":"BreadcrumbList","@id":"https:\/\/www.pressenza.com\/it\/2022\/08\/un-paese-diseguale-verso-il-voto-del-25-settembre\/#breadcrumb","itemListElement":[{"@type":"ListItem","position":1,"name":"Accueil","item":"https:\/\/www.pressenza.com\/it\/"},{"@type":"ListItem","position":2,"name":"Un Paese diseguale verso il voto del 25 settembre"}]},{"@type":"WebSite","@id":"https:\/\/www.pressenza.com\/it\/#website","url":"https:\/\/www.pressenza.com\/it\/","name":"Pressenza","description":"Agenzia di Stampa Internazionale","publisher":{"@id":"https:\/\/www.pressenza.com\/it\/#organization"},"potentialAction":[{"@type":"SearchAction","target":{"@type":"EntryPoint","urlTemplate":"https:\/\/www.pressenza.com\/it\/?s={search_term_string}"},"query-input":{"@type":"PropertyValueSpecification","valueRequired":true,"valueName":"search_term_string"}}],"inLanguage":"it-IT"},{"@type":"Organization","@id":"https:\/\/www.pressenza.com\/it\/#organization","name":"Pressenza","url":"https:\/\/www.pressenza.com\/it\/","logo":{"@type":"ImageObject","inLanguage":"it-IT","@id":"https:\/\/www.pressenza.com\/it\/#\/schema\/logo\/image\/","url":"https:\/\/www.pressenza.com\/wp-content\/uploads\/2022\/10\/pressenza_logo_200x200.jpg","contentUrl":"https:\/\/www.pressenza.com\/wp-content\/uploads\/2022\/10\/pressenza_logo_200x200.jpg","width":200,"height":200,"caption":"Pressenza"},"image":{"@id":"https:\/\/www.pressenza.com\/it\/#\/schema\/logo\/image\/"},"sameAs":["https:\/\/www.facebook.com\/PressenzaItalia","https:\/\/x.com\/PressenzaIPA"]},{"@type":"Person","@id":"https:\/\/www.pressenza.com\/it\/#\/schema\/person\/841c36a613f4f6e80f5fbc9c1f8c32c8","name":"Giovanni Caprio","description":"Pubblicista, gi\u00e0 dirigente di istituzioni pubbliche e di fondazioni private. Si occupa di beni comuni, partecipazione e governo del territorio.","url":"https:\/\/www.pressenza.com\/it\/author\/giovanni-caprio\/"}]}},"place":"","original_article_url":"","_links":{"self":[{"href":"https:\/\/www.pressenza.com\/it\/wp-json\/wp\/v2\/posts\/1648868","targetHints":{"allow":["GET"]}}],"collection":[{"href":"https:\/\/www.pressenza.com\/it\/wp-json\/wp\/v2\/posts"}],"about":[{"href":"https:\/\/www.pressenza.com\/it\/wp-json\/wp\/v2\/types\/post"}],"author":[{"embeddable":true,"href":"https:\/\/www.pressenza.com\/it\/wp-json\/wp\/v2\/users\/2106"}],"replies":[{"embeddable":true,"href":"https:\/\/www.pressenza.com\/it\/wp-json\/wp\/v2\/comments?post=1648868"}],"version-history":[{"count":0,"href":"https:\/\/www.pressenza.com\/it\/wp-json\/wp\/v2\/posts\/1648868\/revisions"}],"wp:featuredmedia":[{"embeddable":true,"href":"https:\/\/www.pressenza.com\/it\/wp-json\/wp\/v2\/media\/1648870"}],"wp:attachment":[{"href":"https:\/\/www.pressenza.com\/it\/wp-json\/wp\/v2\/media?parent=1648868"}],"wp:term":[{"taxonomy":"category","embeddable":true,"href":"https:\/\/www.pressenza.com\/it\/wp-json\/wp\/v2\/categories?post=1648868"},{"taxonomy":"post_tag","embeddable":true,"href":"https:\/\/www.pressenza.com\/it\/wp-json\/wp\/v2\/tags?post=1648868"}],"curies":[{"name":"wp","href":"https:\/\/api.w.org\/{rel}","templated":true}]}}