{"id":1648362,"date":"2022-08-28T07:42:03","date_gmt":"2022-08-28T06:42:03","guid":{"rendered":"https:\/\/www.pressenza.com\/?p=1648362"},"modified":"2022-08-28T07:42:03","modified_gmt":"2022-08-28T06:42:03","slug":"le-coraggiose-lotte-contro-le-violenze-di-oppressioni-criminali-di-luana-e-ilaria-1","status":"publish","type":"post","link":"https:\/\/www.pressenza.com\/it\/2022\/08\/le-coraggiose-lotte-contro-le-violenze-di-oppressioni-criminali-di-luana-e-ilaria-1\/","title":{"rendered":"Le coraggiose lotte contro le violenze di oppressioni criminali di Luana e Ilaria\/1"},"content":{"rendered":"<p><em>Mafie, depistaggi e corruzioni del Paese sporco, violenze maschili e patriarcato. Luana Ilardo e Ilaria Di Roberto, due vite in lotta.<\/em><\/p>\n<div class=\"post-content\">\n<div class=\"post-text\">\n<p>Il deposito delle motivazioni della <strong>sentenza d\u2019appello sulla trattativa stato-mafia<\/strong> di inizio anni novanta ha posto nuovamente sotto i riflettori dell\u2019attenzione pubblica quanto accaduto allora e le attivit\u00e0 di settori dello Stato, assolti dalla Corte perch\u00e9 non costituirebbero reato, prima, durante e dopo le stragi del 1992.<\/p>\n<p>L\u2019avrebbero posto ma, nel Paese della memoria a comando e delle cerimonie ad ogni pi\u00e9 sospinto, porsi domande, interrogare, studiare, approfondire, non accontentarsi delle pappette del potere \u00e8 considerato scandalo tra gli scandali, da rifuggire per le pavide (in)coscienze.<\/p>\n<blockquote><p><strong>Noi siamo nati, invece, per abitare e animare ben altro versante. E continueremo ad abitarlo ed animarlo.<\/strong><\/p><\/blockquote>\n<p><strong>Tra i fatti che per la Corte di Appello non sarebbero reati c&#8217;\u00e8 la mancata cattura di Provenzano gi\u00e0 in quegli anni. <\/strong>Una cattura a cui si era arrivati vicinissimo grazie a Luigi Ilardo. La storia ci racconta come fin\u00ec la corsa e tutto deviato lungo una linea morta, parafrasando Guccini. Provenzano non venne catturato, se non moltissimi anni dopo, e<strong> Luigi Ilardo fu assassinato<\/strong>. Vittima della trattativa, vittima successiva delle stragi 1992-1993 come Attilio Manca. Le motivazioni sulla sentenza d\u2019appello sulla trattativa confermano e scolpiscono, illuminandolo nuovamente, ci\u00f2 che Luana denuncia con tenacia e forza da anni. Lampante per chi vuol vedere, chiaro ed incontrovertibile per chiunque non sia in malafede o asservito a vigliaccheria o convenienza. Come tante volte, intervistando ripetutamente la stessa Luana Ilardo, abbiamo ribadito in molti articoli. Rimandiamo alla lettura e all\u2019ascolto delle sue parole, e alle nostre inchieste, per ribadirlo ancora una volta. Ora, necessario e doveroso pi\u00f9 che mai.<\/p>\n<blockquote><p><strong><i>Caso Ilardo: \u00abLo Stato ha ucciso mio padre\u00bb<\/i><\/strong><\/p>\n<p><strong><i>L\u2019INTERVISTA.<\/i><\/strong><i> In attesa della sentenza della Cassazione abbiamo raccolto la testimonianza di Luana Ilardo (figlia di Luigi, nome in codice \u201cOriente\u201d): \u00abCredo nello Stato, nelle Istituzioni, in quei magistrati che continuano a ricercare la verit\u00e0. \u00c8 chiaro che ci sia uno \u201cspaccato\u201d nello Stato. C\u2019\u00e8 una parte di Stato collusa e corrotta. Ma c\u2019\u00e8 anche una parte di Stato buona, onesta, legale che vuole far emergere queste verit\u00e0. Oggi, purtroppo, ci sono tutte le carte in tavola per poter parlare di questa verit\u00e0. Mio padre \u00e8 l\u2019ennesimo omicidio con dei mandanti istituzionali\u00bb<\/i><\/p><\/blockquote>\n<p align=\"right\"><strong><i>CONTINUA A LEGGERE:<\/i><\/strong><i>\u00a0<a href=\"https:\/\/www.wordnews.it\/caso-ilardo-lo-stato-ha-ucciso-mio-padre\"><strong>https:\/\/www.wordnews.it\/caso-ilardo-lo-stato-ha-ucciso-mio-padre<\/strong><\/a><\/i><\/p>\n<p><strong><i>Omicidio Ilardo: la Cassazione ha confermato le condanne<\/i><\/strong><\/p>\n<p><strong><i>MORTE DI UN INFILTRATO.<\/i><\/strong><i> Condanne definitive per gli assassini (Giuseppe Madonia, Vincenzo Santapaola, Maurizio Zuccaro e Benedetto Orazio Cocimano) della fonte del colonnello Michele Riccio.<\/i><\/p>\n<p align=\"right\"><strong><i>CONTINUA A LEGGERE:<\/i><\/strong><i>\u00a0<\/i><i><a href=\"https:\/\/www.wordnews.it\/omicidio-ilardo-la-cassazione-ha-confermato-le-condanne\"><strong>https:\/\/www.wordnews.it\/omicidio-ilardo-la-cassazione-ha-confermato-le-condanne<\/strong><\/a><\/i><\/p>\n<p><strong><i>Omicidio Ilardo, la verit\u00e0 non pu\u00f2 fermarsi<\/i><\/strong><\/p>\n<p><strong><i>SENTENZA CASSAZIONE.<\/i><\/strong><i> Le condanne per i mafiosi che hanno ordinato, organizzato ed eseguito l&#8217;omicidio del confidente Luigi Ilardo sono state confermate dalla Corte di Cassazione. Un sentenza definitiva \u00e8 ora piombata su questa vicenda. Ma \u00e8 sufficiente? Gli interrogativi sulla morte di Ilardo sono ancora troppi e si intrecciano con quell&#8217;amalgama di ombre, misteri e mezze verit\u00e0 che ha caratterizzato tante &#8211; troppe &#8211; storie di mafia, di morti ammazzati e sangue versato in questo Paese.<\/i><\/p>\n<p align=\"right\"><strong><i>CONTINUA A LEGGERE:<\/i><\/strong><i>\u00a0<a href=\"https:\/\/www.wordnews.it\/omicidio-ilardo-verita-non-puo-fermarsi\"><strong>https:\/\/www.wordnews.it\/omicidio-ilardo-verita-non-puo-fermarsi<\/strong><\/a><\/i><\/p>\n<p><strong><i>Luana Ilardo a Non \u00e8 l&#8217;Arena: \u00abLa mafia ha fatto la mafia, lo Stato non ha fatto lo Stato\u00bb<\/i><\/strong><\/p>\n<p><strong><i>OMICIDIO DI STATO.<\/i><\/strong><i> Le parole della figlia di Luigi Ilardo, il confidente del colonnello Riccio. L&#8217;uomo &#8211; nome in codice \u00abOriente\u00bb &#8211; verr\u00e0 ammazzato il 10 maggio del 1996. La punizione esemplare per aver portato (inutilmente) lo Stato nel casolare del super latitante Provenzano. Ma anche per aver fatto arrestare pezzi da novanta di Cosa nostra e per aver svelato i legami con la massoneria.<\/i><\/p>\n<p align=\"right\"><strong><i>CONTINUA A LEGGERE:<\/i><\/strong><i>\u00a0<a href=\"https:\/\/www.wordnews.it\/luana-ilardo-a-non-e-larena-la-mafia-ha-fatto-la-mafia-lo-stato-non-ha-fatto-lo-stato\"><strong>https:\/\/www.wordnews.it\/luana-ilardo-a-non-e-larena-la-mafia-ha-fatto-la-mafia-lo-stato-non-ha-fatto-lo-stato<\/strong><\/a><\/i><\/p>\n<p><strong><i>Luana Ilardo: \u00abSono disposta a perdonare gli assassini, ma devono assumersi le loro responsabilit\u00e0\u00bb<\/i><\/strong><\/p>\n<p><strong><i>DIAMO VOCE.<\/i><\/strong><i> Luigi Ilardo \u00e8 stato ammazzato da questo Stato, la figlia Luana in questi anni si sta battendo per la verit\u00e0, la giustizia e la dignit\u00e0 della memoria vera. \u00abLa mafia ha fatto la mafia, lo Stato non ha fatto lo Stato\u00bb, \u00abLo Stato ha ucciso mio padre\u00bb, \u00abMio padre \u00e8 l\u2019ennesimo omicidio con dei mandanti istituzionali\u00bb. Queste alcune delle denunce di Luana Ilardo pubblicate nei mesi scorsi sul nostro giornale. La sua lotta \u00e8 una lotta anche nostra, nei mesi scorsi, adesso e in futuro.<\/i><\/p>\n<p align=\"right\"><strong><i>CONTINUA A LEGGERE:<\/i><\/strong><i>\u00a0<a href=\"https:\/\/www.wordnews.it\/luana-ilardo-sono-disposta-a-perdonare-gli-assassini-ma-devono-assumersi-le-loro-responsabilita\"><strong>https:\/\/www.wordnews.it\/luana-ilardo-sono-disposta-a-perdonare-gli-assassini-ma-devono-assumersi-le-loro-responsabilita<\/strong><\/a><\/i><\/p>\n<p><strong><i>E se Provenzano fosse stato arrestato nel 1995?<\/i><\/strong><\/p>\n<p><strong><i>QUANTI MORTI DI MENO?<\/i><\/strong><i> Reato o non reato, resta un fatto che nessuno potr\u00e0 mai cancellare: la cattura del latitante mafioso poteva evitare tante vittime (Ilardo, Manca, ect). Lo Stato non ha saputo fare lo Stato in questo Paese dove le mafie sono presenti (vive e vegete) da secoli.<\/i><\/p>\n<p align=\"right\"><strong><i>CONTINUA A LEGGERE:<\/i><\/strong><i>\u00a0<a href=\"https:\/\/www.wordnews.it\/e-se-provenzano-fosse-stato-arrestato-nel-1995\"><strong>https:\/\/www.wordnews.it\/e-se-provenzano-fosse-stato-arrestato-nel-1995<\/strong><\/a><\/i><\/p>\n<p><strong><i>La mezza verit\u00e0<\/i><\/strong><\/p>\n<p><strong><i>LUIGI ILARDO. <\/i><\/strong><i>\u00abAncora dopo 24 anni vera giustizia non \u00e8 stata fatta, perch\u00e9 sono stati arrestati solo i mandanti di cosa nostra, ma non gli appartenenti alle istituzioni, che come accade per tutti gli &#8220;omicidi eccellenti&#8221; se ne escono quasi sempre &#8220;puliti&#8221;\u00bb<\/i><\/p>\n<p align=\"right\"><strong><i>CONTINUA A LEGGERE:<\/i><\/strong><i>\u00a0<a href=\"https:\/\/www.wordnews.it\/la-mezza-verita\"><strong>https:\/\/www.wordnews.it\/la-mezza-verita<\/strong><\/a><\/i><\/p>\n<p><strong><i>\u00abMio padre \u00e8 stato ammazzato perch\u00e8 ha toccato i nervi scoperti di questo Paese\u00bb<\/i><\/strong><\/p>\n<p><strong><i>OMICIDIO DI STATO, la VIDEOINTERVISTA.<\/i><\/strong><i> Dopo la deposizione in Commissione parlamentare Antimafia abbiamo raccolto il punto di vista di Luana, figlia di Luigi Ilardo, il confidente che port\u00f2 lo Stato a pochi passi dal casolare dove era nascosto il latitante Bernardo Provenzano.<\/i><\/p>\n<p align=\"right\"><strong><i>CONTINUA A LEGGERE:<\/i><\/strong><i>\u00a0<a href=\"https:\/\/www.wordnews.it\/mio-padre-e-stato-ammazzato-perche-ha-toccato-i-nervi-scoperti-di-questo-paese\"><strong>https:\/\/www.wordnews.it\/mio-padre-e-stato-ammazzato-perche-ha-toccato-i-nervi-scoperti-di-questo-paese<\/strong><\/a><\/i><\/p>\n<p><strong><i>Luigi Ilardo, l&#8217;omicidio di Stato che non possiamo dimenticare<\/i><\/strong><\/p>\n<p><strong><i>LA CHIAVE PER SVELARE GLI ALTRI &#8220;MISTERI&#8221;<\/i><\/strong><i>. La sua collaborazione avrebbe svelato, portando prove a supporto, i retroscena di fatti criminali ed eversivi risalenti al finire degli anni 60 sino a tutto il periodo trattativa e cio\u00e8 sino al giorno della sua morte avvenuta nel 1996; per mano mafiosa ma verosimilmente riconducibile al volere di settori deviati delle Istituzioni.<\/i><\/p>\n<p align=\"right\"><strong><i>CONTINUA A LEGGERE:<\/i><\/strong><i>\u00a0<a href=\"https:\/\/www.wordnews.it\/luigi-ilardo-lomicidio-di-stato-che-non-possiamo-dimenticare\"><strong>https:\/\/www.wordnews.it\/luigi-ilardo-lomicidio-di-stato-che-non-possiamo-dimenticare<\/strong><\/a><\/i><\/p>\n<p>&nbsp;<\/p>\n<p><b><i>\u00abDietro alle bombe e alle stragi ci sono sempre gli stessi ambienti\u00bb<\/i><\/b><\/p>\n<p><b><i>INTERVISTA\/Prima parte. L\u2019INCONTRO CON ILARDO.<\/i><\/b><b><i> Parla Michele Riccio, gi\u00e0 colonnello dei carabinieri. Abbiamo diviso l\u2019intervista in pi\u00f9 parti per affrontare nel modo migliore i vari argomenti trattati. Tutto ruota intorno alla figura del collaboratore di giustizia Luigi Ilardo, ucciso a Catania il 10 maggio del 1996, con otto colpi di pistola. Un omicidio eccellente? Un omicidio di Stato? I due si erano messi in testa di arrestare Provenzano, all\u2019epoca la mente criminale di Cosa nostra. Ed era tutto pronto per il blitz. Binnu u tratturi verr\u00e0 arrestato undici anni dopo. Chi non ha voluto mettere le mani sul Capo della mafia siciliana?<\/i><\/b><\/p>\n<p align=\"right\"><b><i>CONTINUA A LEGGERE:<\/i><\/b><i>\u00a0<\/i><b><i><a href=\"https:\/\/www.wordnews.it\/dietro-alle-bombe-e-alle-stragi-ci-sono-sempre-gli-stessi-ambienti\">https:\/\/www.wordnews.it\/dietro-alle-bombe-e-alle-stragi-ci-sono-sempre-gli-stessi-ambienti<\/a><\/i><\/b><\/p>\n<p><strong><i>Riccio: \u00abMi ero gi\u00e0 attrezzato per prendere Bernardo Provenzano\u00bb<\/i><\/strong><\/p>\n<p><strong><i>INTERVISTA\/Seconda parte. ILARDO DIVENTA IL RIFERIMENTO DI PROVENZANO.<\/i><\/strong><i> Parla il colonnello dei carabinieri: \u00abQuando Ilardo mi fa comprendere, e arriviamo al 31 di ottobre (1995, nda), che c\u2019\u00e8 la possibilit\u00e0 di arrestare Provenzano io lo comunico a Mori. Ero abituato con il generale Dalla Chiesa. Parliamo di investigatori seri. Il generale mi avrebbe detto \u2018se non hai la macchina, rubane una e vieni subito a Roma\u00bb. Tutto ruota intorno alla figura del collaboratore di giustizia Luigi Ilardo, ucciso a Catania il 10 maggio del 1996, con otto colpi di pistola. Un omicidio eccellente? Un omicidio di Stato? I due si erano messi in testa di arrestare Provenzano, all\u2019epoca la mente criminale di Cosa nostra. Ed era tutto pronto per il blitz. Binnu u tratturi, per\u00f2, verr\u00e0 arrestato undici anni dopo. Chi non ha voluto mettere le mani sul Capo della mafia siciliana?<\/i><\/p>\n<p align=\"right\"><strong><i>CONTINUA A LEGGERE:<\/i><\/strong><i>\u00a0<strong><a href=\"https:\/\/www.wordnews.it\/riccio-mi-ero-gia-attrezzato-per-prendere-bernardo-provenzano\">https:\/\/www.wordnews.it\/riccio-mi-ero-gia-attrezzato-per-prendere-bernardo-provenzano<\/a><\/strong><\/i><\/p>\n<p><strong><i>\u00abNon hanno voluto arrestare Provenzano\u00bb<\/i><\/strong><\/p>\n<p><strong><i>INTERVISTA\/Terza parte. LA \u201cCACCIA\u201d AL LATITANTE. <\/i><\/strong><i>Parla il colonnello dei carabinieri Michele Riccio: \u00abA Provenzano non l\u2019hanno voluto prendere, glielo scrivo con lettere di sangue. Hanno lavorato per altri interessi. Questa gente era quella che andava ai processi a Caltanissetta e diceva che Falcone si era fatto l\u2019attentato da solo\u2026\u00bb. L\u2019operazione muore sul nascere. Gli uomini dello Stato si fermano a pochi metri dal casolare di Mezzojuso. Il blitz non si deve fare. La Trattativa \u00e8 in corso (e mai terminata). Provenzano deve continuare a fare il latitante, ha i suoi progetti da sviluppare. E continuer\u00e0 a farlo per altri undici anni. I vertici di alcune istituzioni (deviate, come le loro menti) hanno cambiato il corso della storia. Quanti omicidi si potevano evitare? Se Provenzano fosse stato arrestato, ad esempio, si sarebbe potuta salvare la vita del famoso urologo Attilio Manca. Massacrato da \u201cignoti\u201d a Viterbo. La sua morte violenta grida ancora vendetta.<\/i><\/p>\n<p align=\"right\"><strong><i>CONTINUA A LEGGERE:<\/i><\/strong><strong><i>\u00a0<a href=\"https:\/\/www.wordnews.it\/non-hanno-voluto-arrestare-provenzano\">https:\/\/www.wordnews.it\/non-hanno-voluto-arrestare-provenzano<\/a><\/i><\/strong><\/p>\n<p><strong><i>Riccio: \u00abL\u2019ordine per ammazzare Ilardo \u00e8 partito dallo Stato\u00bb<\/i><\/strong><\/p>\n<p><strong><i>INTERVISTA\/Quarta e ultima parte. OMICIDIO ECCELLENTE.<\/i><\/strong><i> Parla il colonnello dei carabinieri Michele Riccio: \u00abIlardo mi diceva: \u2018il problema \u00e8 Cancemi\u2019. Era a conoscenza di parecchi fatti. Infatti, quando era al Ros non ha detto nulla. Poi, quando lo hanno allontanato dal Ros ha cominciato a parlare. Cosa nostra aveva paura dei pentiti storici. Cosa nostra ha paura del passato, perch\u00e9 nel passato nasce la Trattativa. In passato ci sono i colloqui tra Provenzano, Santapaola, Madonia. Sono loro che se iniziano a parlare possono creare i grandi danni\u00bb. E sulla morte di Ilardo: \u00abLo Stato ha sempre utilizzato la criminalit\u00e0 organizzata. Il mandante esterno in questi omicidi di Stato c\u2019\u00e8 sempre. Poi c\u2019\u00e8 il contatto che dice a due picciotti: \u2018andate ad ammazzare questo\u2019. A Ilardo lo sparano sotto casa. L\u2019ordine \u00e8 arrivato dallo Stato. \u00c8 successo per tutti gli omicidi eccellenti. Ilardo \u00e8 uno degli omicidi eccellenti.\u00bb<\/i><\/p>\n<p align=\"right\"><strong><i>CONTINUA A LEGGERE:<\/i><\/strong><strong><i>\u00a0<a href=\"https:\/\/www.wordnews.it\/riccio-lordine-per-ammazzare-ilardo-e-partito-dallo-stato\">https:\/\/www.wordnews.it\/riccio-lordine-per-ammazzare-ilardo-e-partito-dallo-stato<\/a><\/i><\/strong><\/p>\n<blockquote><p><strong><i>STATO-MAFIA: la mancata cattura di Provenzano<\/i><\/strong><\/p>\n<p><strong><i>DI MATTEO: <\/i><\/strong><i>\u00abBernardo Provenzano non poteva essere catturato perch\u00e9 l\u2019eventualit\u00e0 di una sua collaborazione avrebbe scoperto le carte sparigliando gli accordi e comportando per i Carabinieri del Ros la possibilit\u00e0 che il loro comportamento sciagurato e illecito venisse scoperto dall\u2019autorit\u00e0 giudiziaria e dall\u2019opinione pubblica\u00bb.<\/i><\/p><\/blockquote>\n<p align=\"right\"><strong><i>CONTINUA A LEGGERE:<\/i><\/strong><i>\u00a0<a href=\"https:\/\/www.wordnews.it\/la-mancata-cattura-di-provenzano\"><strong>https:\/\/www.wordnews.it\/la-mancata-cattura-di-provenzano<\/strong><\/a><\/i><\/p>\n<p align=\"right\">\n<p><strong>1. continua<\/strong><\/p>\n<\/div>\n<\/div>\n<div id=\"content\" class=\"col-sm-8 col-xs-12\">\n<section class=\"section section-related-posts\">\n<div class=\"section-content\">\n<div class=\"row\">\n<div class=\"col-sm-4 col-xs-12\">\n<div class=\"post-item-mid\"><\/div>\n<\/div>\n<\/div>\n<\/div>\n<\/section>\n<\/div>\n<div id=\"sidebar\" class=\"col-sm-4 col-xs-12\">\n<div class=\"row\">\n<div class=\"col-sm-12\">\n<div class=\"sidebar-widget\">\n<div class=\"widget-body\">\n<p>Pubblicazione originale qui <a href=\"https:\/\/www.wordnews.it\/le-coraggiose-lotte-contro-le-violenze-di-oppressioni-criminali-di-luana-e-ilaria\">https:\/\/www.wordnews.it\/le-coraggiose-lotte-contro-le-violenze-di-oppressioni-criminali-di-luana-e-ilaria<\/a><\/p>\n<\/div>\n<\/div>\n<\/div>\n<\/div>\n<\/div>\n","protected":false},"excerpt":{"rendered":"<p>Mafie, depistaggi e corruzioni del Paese sporco, violenze maschili e patriarcato. Luana Ilardo e Ilaria Di Roberto, due vite in lotta. Il deposito delle motivazioni della sentenza d\u2019appello sulla trattativa stato-mafia di inizio anni novanta ha posto nuovamente sotto i&hellip;<\/p>\n","protected":false},"author":902,"featured_media":1648363,"comment_status":"closed","ping_status":"closed","sticky":false,"template":"","format":"standard","meta":{"footnotes":""},"categories":[47,54513],"tags":[88003,105008,2846,9619],"class_list":["post-1648362","post","type-post","status-publish","format-standard","has-post-thumbnail","hentry","category-europa","category-genere-e-femminismi","tag-ilaria-di-roberto","tag-luana-ilardo","tag-mafia-it","tag-patriarcato"],"yoast_head":"<!-- This site is optimized with the Yoast SEO plugin v27.1.1 - https:\/\/yoast.com\/product\/yoast-seo-wordpress\/ -->\n<title>Le coraggiose lotte contro le violenze di oppressioni criminali di Luana e Ilaria\/1<\/title>\n<meta name=\"description\" content=\"Mafie, depistaggi e corruzioni del Paese sporco, violenze maschili e patriarcato. Luana Ilardo e Ilaria Di Roberto, due vite in lotta. Il deposito delle\" \/>\n<meta name=\"robots\" content=\"index, follow, max-snippet:-1, max-image-preview:large, max-video-preview:-1\" \/>\n<link rel=\"canonical\" href=\"https:\/\/www.pressenza.com\/it\/2022\/08\/le-coraggiose-lotte-contro-le-violenze-di-oppressioni-criminali-di-luana-e-ilaria-1\/\" \/>\n<meta property=\"og:locale\" content=\"it_IT\" \/>\n<meta property=\"og:type\" content=\"article\" \/>\n<meta property=\"og:title\" content=\"Le coraggiose lotte contro le violenze di oppressioni criminali di Luana e Ilaria\/1\" \/>\n<meta property=\"og:description\" content=\"Mafie, depistaggi e corruzioni del Paese sporco, violenze maschili e patriarcato. Luana Ilardo e Ilaria Di Roberto, due vite in lotta. Il deposito delle\" \/>\n<meta property=\"og:url\" content=\"https:\/\/www.pressenza.com\/it\/2022\/08\/le-coraggiose-lotte-contro-le-violenze-di-oppressioni-criminali-di-luana-e-ilaria-1\/\" \/>\n<meta property=\"og:site_name\" content=\"Pressenza\" \/>\n<meta property=\"article:publisher\" content=\"https:\/\/www.facebook.com\/PressenzaItalia\" \/>\n<meta property=\"article:published_time\" content=\"2022-08-28T06:42:03+00:00\" \/>\n<meta property=\"og:image\" content=\"https:\/\/www.pressenza.com\/wp-content\/uploads\/2022\/08\/LuanaIlarialibri.jpg\" \/>\n\t<meta property=\"og:image:width\" content=\"900\" \/>\n\t<meta property=\"og:image:height\" content=\"652\" \/>\n\t<meta property=\"og:image:type\" content=\"image\/jpeg\" \/>\n<meta name=\"author\" content=\"Alessio Di Florio\" \/>\n<meta name=\"twitter:card\" content=\"summary_large_image\" \/>\n<meta name=\"twitter:creator\" content=\"@PressenzaIPA\" \/>\n<meta name=\"twitter:site\" content=\"@PressenzaIPA\" \/>\n<meta name=\"twitter:label1\" content=\"Scritto da\" \/>\n\t<meta name=\"twitter:data1\" content=\"Alessio Di Florio\" \/>\n\t<meta name=\"twitter:label2\" content=\"Tempo di lettura stimato\" \/>\n\t<meta name=\"twitter:data2\" content=\"7 minuti\" \/>\n<script type=\"application\/ld+json\" class=\"yoast-schema-graph\">{\"@context\":\"https:\/\/schema.org\",\"@graph\":[{\"@type\":\"Article\",\"@id\":\"https:\/\/www.pressenza.com\/it\/2022\/08\/le-coraggiose-lotte-contro-le-violenze-di-oppressioni-criminali-di-luana-e-ilaria-1\/#article\",\"isPartOf\":{\"@id\":\"https:\/\/www.pressenza.com\/it\/2022\/08\/le-coraggiose-lotte-contro-le-violenze-di-oppressioni-criminali-di-luana-e-ilaria-1\/\"},\"author\":{\"name\":\"Alessio Di Florio\",\"@id\":\"https:\/\/www.pressenza.com\/it\/#\/schema\/person\/727eb83f95962ed83c06040905743f28\"},\"headline\":\"Le coraggiose lotte contro le violenze di oppressioni criminali di Luana e Ilaria\/1\",\"datePublished\":\"2022-08-28T06:42:03+00:00\",\"mainEntityOfPage\":{\"@id\":\"https:\/\/www.pressenza.com\/it\/2022\/08\/le-coraggiose-lotte-contro-le-violenze-di-oppressioni-criminali-di-luana-e-ilaria-1\/\"},\"wordCount\":1671,\"publisher\":{\"@id\":\"https:\/\/www.pressenza.com\/it\/#organization\"},\"image\":{\"@id\":\"https:\/\/www.pressenza.com\/it\/2022\/08\/le-coraggiose-lotte-contro-le-violenze-di-oppressioni-criminali-di-luana-e-ilaria-1\/#primaryimage\"},\"thumbnailUrl\":\"https:\/\/www.pressenza.com\/wp-content\/uploads\/2022\/08\/LuanaIlarialibri.jpg\",\"keywords\":[\"Ilaria Di Roberto\",\"Luana Ilardo\",\"mafia\",\"patriarcato\"],\"articleSection\":[\"Europa\",\"Genere e femminismi\"],\"inLanguage\":\"it-IT\"},{\"@type\":\"WebPage\",\"@id\":\"https:\/\/www.pressenza.com\/it\/2022\/08\/le-coraggiose-lotte-contro-le-violenze-di-oppressioni-criminali-di-luana-e-ilaria-1\/\",\"url\":\"https:\/\/www.pressenza.com\/it\/2022\/08\/le-coraggiose-lotte-contro-le-violenze-di-oppressioni-criminali-di-luana-e-ilaria-1\/\",\"name\":\"Le coraggiose lotte contro le violenze di oppressioni criminali di Luana e Ilaria\/1\",\"isPartOf\":{\"@id\":\"https:\/\/www.pressenza.com\/it\/#website\"},\"primaryImageOfPage\":{\"@id\":\"https:\/\/www.pressenza.com\/it\/2022\/08\/le-coraggiose-lotte-contro-le-violenze-di-oppressioni-criminali-di-luana-e-ilaria-1\/#primaryimage\"},\"image\":{\"@id\":\"https:\/\/www.pressenza.com\/it\/2022\/08\/le-coraggiose-lotte-contro-le-violenze-di-oppressioni-criminali-di-luana-e-ilaria-1\/#primaryimage\"},\"thumbnailUrl\":\"https:\/\/www.pressenza.com\/wp-content\/uploads\/2022\/08\/LuanaIlarialibri.jpg\",\"datePublished\":\"2022-08-28T06:42:03+00:00\",\"description\":\"Mafie, depistaggi e corruzioni del Paese sporco, violenze maschili e patriarcato. Luana Ilardo e Ilaria Di Roberto, due vite in lotta. Il deposito delle\",\"breadcrumb\":{\"@id\":\"https:\/\/www.pressenza.com\/it\/2022\/08\/le-coraggiose-lotte-contro-le-violenze-di-oppressioni-criminali-di-luana-e-ilaria-1\/#breadcrumb\"},\"inLanguage\":\"it-IT\",\"potentialAction\":[{\"@type\":\"ReadAction\",\"target\":[\"https:\/\/www.pressenza.com\/it\/2022\/08\/le-coraggiose-lotte-contro-le-violenze-di-oppressioni-criminali-di-luana-e-ilaria-1\/\"]}]},{\"@type\":\"ImageObject\",\"inLanguage\":\"it-IT\",\"@id\":\"https:\/\/www.pressenza.com\/it\/2022\/08\/le-coraggiose-lotte-contro-le-violenze-di-oppressioni-criminali-di-luana-e-ilaria-1\/#primaryimage\",\"url\":\"https:\/\/www.pressenza.com\/wp-content\/uploads\/2022\/08\/LuanaIlarialibri.jpg\",\"contentUrl\":\"https:\/\/www.pressenza.com\/wp-content\/uploads\/2022\/08\/LuanaIlarialibri.jpg\",\"width\":900,\"height\":652},{\"@type\":\"BreadcrumbList\",\"@id\":\"https:\/\/www.pressenza.com\/it\/2022\/08\/le-coraggiose-lotte-contro-le-violenze-di-oppressioni-criminali-di-luana-e-ilaria-1\/#breadcrumb\",\"itemListElement\":[{\"@type\":\"ListItem\",\"position\":1,\"name\":\"Accueil\",\"item\":\"https:\/\/www.pressenza.com\/it\/\"},{\"@type\":\"ListItem\",\"position\":2,\"name\":\"Le coraggiose lotte contro le violenze di oppressioni criminali di Luana e Ilaria\/1\"}]},{\"@type\":\"WebSite\",\"@id\":\"https:\/\/www.pressenza.com\/it\/#website\",\"url\":\"https:\/\/www.pressenza.com\/it\/\",\"name\":\"Pressenza\",\"description\":\"Agenzia di Stampa Internazionale\",\"publisher\":{\"@id\":\"https:\/\/www.pressenza.com\/it\/#organization\"},\"potentialAction\":[{\"@type\":\"SearchAction\",\"target\":{\"@type\":\"EntryPoint\",\"urlTemplate\":\"https:\/\/www.pressenza.com\/it\/?s={search_term_string}\"},\"query-input\":{\"@type\":\"PropertyValueSpecification\",\"valueRequired\":true,\"valueName\":\"search_term_string\"}}],\"inLanguage\":\"it-IT\"},{\"@type\":\"Organization\",\"@id\":\"https:\/\/www.pressenza.com\/it\/#organization\",\"name\":\"Pressenza\",\"url\":\"https:\/\/www.pressenza.com\/it\/\",\"logo\":{\"@type\":\"ImageObject\",\"inLanguage\":\"it-IT\",\"@id\":\"https:\/\/www.pressenza.com\/it\/#\/schema\/logo\/image\/\",\"url\":\"https:\/\/www.pressenza.com\/wp-content\/uploads\/2022\/10\/pressenza_logo_200x200.jpg\",\"contentUrl\":\"https:\/\/www.pressenza.com\/wp-content\/uploads\/2022\/10\/pressenza_logo_200x200.jpg\",\"width\":200,\"height\":200,\"caption\":\"Pressenza\"},\"image\":{\"@id\":\"https:\/\/www.pressenza.com\/it\/#\/schema\/logo\/image\/\"},\"sameAs\":[\"https:\/\/www.facebook.com\/PressenzaItalia\",\"https:\/\/x.com\/PressenzaIPA\"]},{\"@type\":\"Person\",\"@id\":\"https:\/\/www.pressenza.com\/it\/#\/schema\/person\/727eb83f95962ed83c06040905743f28\",\"name\":\"Alessio Di Florio\",\"url\":\"https:\/\/www.pressenza.com\/it\/author\/alessio-di-florio\/\"}]}<\/script>\n<!-- \/ Yoast SEO plugin. -->","yoast_head_json":{"title":"Le coraggiose lotte contro le violenze di oppressioni criminali di Luana e Ilaria\/1","description":"Mafie, depistaggi e corruzioni del Paese sporco, violenze maschili e patriarcato. Luana Ilardo e Ilaria Di Roberto, due vite in lotta. Il deposito delle","robots":{"index":"index","follow":"follow","max-snippet":"max-snippet:-1","max-image-preview":"max-image-preview:large","max-video-preview":"max-video-preview:-1"},"canonical":"https:\/\/www.pressenza.com\/it\/2022\/08\/le-coraggiose-lotte-contro-le-violenze-di-oppressioni-criminali-di-luana-e-ilaria-1\/","og_locale":"it_IT","og_type":"article","og_title":"Le coraggiose lotte contro le violenze di oppressioni criminali di Luana e Ilaria\/1","og_description":"Mafie, depistaggi e corruzioni del Paese sporco, violenze maschili e patriarcato. Luana Ilardo e Ilaria Di Roberto, due vite in lotta. Il deposito delle","og_url":"https:\/\/www.pressenza.com\/it\/2022\/08\/le-coraggiose-lotte-contro-le-violenze-di-oppressioni-criminali-di-luana-e-ilaria-1\/","og_site_name":"Pressenza","article_publisher":"https:\/\/www.facebook.com\/PressenzaItalia","article_published_time":"2022-08-28T06:42:03+00:00","og_image":[{"width":900,"height":652,"url":"https:\/\/www.pressenza.com\/wp-content\/uploads\/2022\/08\/LuanaIlarialibri.jpg","type":"image\/jpeg"}],"author":"Alessio Di Florio","twitter_card":"summary_large_image","twitter_creator":"@PressenzaIPA","twitter_site":"@PressenzaIPA","twitter_misc":{"Scritto da":"Alessio Di Florio","Tempo di lettura stimato":"7 minuti"},"schema":{"@context":"https:\/\/schema.org","@graph":[{"@type":"Article","@id":"https:\/\/www.pressenza.com\/it\/2022\/08\/le-coraggiose-lotte-contro-le-violenze-di-oppressioni-criminali-di-luana-e-ilaria-1\/#article","isPartOf":{"@id":"https:\/\/www.pressenza.com\/it\/2022\/08\/le-coraggiose-lotte-contro-le-violenze-di-oppressioni-criminali-di-luana-e-ilaria-1\/"},"author":{"name":"Alessio Di Florio","@id":"https:\/\/www.pressenza.com\/it\/#\/schema\/person\/727eb83f95962ed83c06040905743f28"},"headline":"Le coraggiose lotte contro le violenze di oppressioni criminali di Luana e Ilaria\/1","datePublished":"2022-08-28T06:42:03+00:00","mainEntityOfPage":{"@id":"https:\/\/www.pressenza.com\/it\/2022\/08\/le-coraggiose-lotte-contro-le-violenze-di-oppressioni-criminali-di-luana-e-ilaria-1\/"},"wordCount":1671,"publisher":{"@id":"https:\/\/www.pressenza.com\/it\/#organization"},"image":{"@id":"https:\/\/www.pressenza.com\/it\/2022\/08\/le-coraggiose-lotte-contro-le-violenze-di-oppressioni-criminali-di-luana-e-ilaria-1\/#primaryimage"},"thumbnailUrl":"https:\/\/www.pressenza.com\/wp-content\/uploads\/2022\/08\/LuanaIlarialibri.jpg","keywords":["Ilaria Di Roberto","Luana Ilardo","mafia","patriarcato"],"articleSection":["Europa","Genere e femminismi"],"inLanguage":"it-IT"},{"@type":"WebPage","@id":"https:\/\/www.pressenza.com\/it\/2022\/08\/le-coraggiose-lotte-contro-le-violenze-di-oppressioni-criminali-di-luana-e-ilaria-1\/","url":"https:\/\/www.pressenza.com\/it\/2022\/08\/le-coraggiose-lotte-contro-le-violenze-di-oppressioni-criminali-di-luana-e-ilaria-1\/","name":"Le coraggiose lotte contro le violenze di oppressioni criminali di Luana e Ilaria\/1","isPartOf":{"@id":"https:\/\/www.pressenza.com\/it\/#website"},"primaryImageOfPage":{"@id":"https:\/\/www.pressenza.com\/it\/2022\/08\/le-coraggiose-lotte-contro-le-violenze-di-oppressioni-criminali-di-luana-e-ilaria-1\/#primaryimage"},"image":{"@id":"https:\/\/www.pressenza.com\/it\/2022\/08\/le-coraggiose-lotte-contro-le-violenze-di-oppressioni-criminali-di-luana-e-ilaria-1\/#primaryimage"},"thumbnailUrl":"https:\/\/www.pressenza.com\/wp-content\/uploads\/2022\/08\/LuanaIlarialibri.jpg","datePublished":"2022-08-28T06:42:03+00:00","description":"Mafie, depistaggi e corruzioni del Paese sporco, violenze maschili e patriarcato. Luana Ilardo e Ilaria Di Roberto, due vite in lotta. Il deposito delle","breadcrumb":{"@id":"https:\/\/www.pressenza.com\/it\/2022\/08\/le-coraggiose-lotte-contro-le-violenze-di-oppressioni-criminali-di-luana-e-ilaria-1\/#breadcrumb"},"inLanguage":"it-IT","potentialAction":[{"@type":"ReadAction","target":["https:\/\/www.pressenza.com\/it\/2022\/08\/le-coraggiose-lotte-contro-le-violenze-di-oppressioni-criminali-di-luana-e-ilaria-1\/"]}]},{"@type":"ImageObject","inLanguage":"it-IT","@id":"https:\/\/www.pressenza.com\/it\/2022\/08\/le-coraggiose-lotte-contro-le-violenze-di-oppressioni-criminali-di-luana-e-ilaria-1\/#primaryimage","url":"https:\/\/www.pressenza.com\/wp-content\/uploads\/2022\/08\/LuanaIlarialibri.jpg","contentUrl":"https:\/\/www.pressenza.com\/wp-content\/uploads\/2022\/08\/LuanaIlarialibri.jpg","width":900,"height":652},{"@type":"BreadcrumbList","@id":"https:\/\/www.pressenza.com\/it\/2022\/08\/le-coraggiose-lotte-contro-le-violenze-di-oppressioni-criminali-di-luana-e-ilaria-1\/#breadcrumb","itemListElement":[{"@type":"ListItem","position":1,"name":"Accueil","item":"https:\/\/www.pressenza.com\/it\/"},{"@type":"ListItem","position":2,"name":"Le coraggiose lotte contro le violenze di oppressioni criminali di Luana e Ilaria\/1"}]},{"@type":"WebSite","@id":"https:\/\/www.pressenza.com\/it\/#website","url":"https:\/\/www.pressenza.com\/it\/","name":"Pressenza","description":"Agenzia di Stampa Internazionale","publisher":{"@id":"https:\/\/www.pressenza.com\/it\/#organization"},"potentialAction":[{"@type":"SearchAction","target":{"@type":"EntryPoint","urlTemplate":"https:\/\/www.pressenza.com\/it\/?s={search_term_string}"},"query-input":{"@type":"PropertyValueSpecification","valueRequired":true,"valueName":"search_term_string"}}],"inLanguage":"it-IT"},{"@type":"Organization","@id":"https:\/\/www.pressenza.com\/it\/#organization","name":"Pressenza","url":"https:\/\/www.pressenza.com\/it\/","logo":{"@type":"ImageObject","inLanguage":"it-IT","@id":"https:\/\/www.pressenza.com\/it\/#\/schema\/logo\/image\/","url":"https:\/\/www.pressenza.com\/wp-content\/uploads\/2022\/10\/pressenza_logo_200x200.jpg","contentUrl":"https:\/\/www.pressenza.com\/wp-content\/uploads\/2022\/10\/pressenza_logo_200x200.jpg","width":200,"height":200,"caption":"Pressenza"},"image":{"@id":"https:\/\/www.pressenza.com\/it\/#\/schema\/logo\/image\/"},"sameAs":["https:\/\/www.facebook.com\/PressenzaItalia","https:\/\/x.com\/PressenzaIPA"]},{"@type":"Person","@id":"https:\/\/www.pressenza.com\/it\/#\/schema\/person\/727eb83f95962ed83c06040905743f28","name":"Alessio Di Florio","url":"https:\/\/www.pressenza.com\/it\/author\/alessio-di-florio\/"}]}},"place":"","original_article_url":"","_links":{"self":[{"href":"https:\/\/www.pressenza.com\/it\/wp-json\/wp\/v2\/posts\/1648362","targetHints":{"allow":["GET"]}}],"collection":[{"href":"https:\/\/www.pressenza.com\/it\/wp-json\/wp\/v2\/posts"}],"about":[{"href":"https:\/\/www.pressenza.com\/it\/wp-json\/wp\/v2\/types\/post"}],"author":[{"embeddable":true,"href":"https:\/\/www.pressenza.com\/it\/wp-json\/wp\/v2\/users\/902"}],"replies":[{"embeddable":true,"href":"https:\/\/www.pressenza.com\/it\/wp-json\/wp\/v2\/comments?post=1648362"}],"version-history":[{"count":0,"href":"https:\/\/www.pressenza.com\/it\/wp-json\/wp\/v2\/posts\/1648362\/revisions"}],"wp:featuredmedia":[{"embeddable":true,"href":"https:\/\/www.pressenza.com\/it\/wp-json\/wp\/v2\/media\/1648363"}],"wp:attachment":[{"href":"https:\/\/www.pressenza.com\/it\/wp-json\/wp\/v2\/media?parent=1648362"}],"wp:term":[{"taxonomy":"category","embeddable":true,"href":"https:\/\/www.pressenza.com\/it\/wp-json\/wp\/v2\/categories?post=1648362"},{"taxonomy":"post_tag","embeddable":true,"href":"https:\/\/www.pressenza.com\/it\/wp-json\/wp\/v2\/tags?post=1648362"}],"curies":[{"name":"wp","href":"https:\/\/api.w.org\/{rel}","templated":true}]}}