{"id":1647267,"date":"2022-08-25T14:40:07","date_gmt":"2022-08-25T13:40:07","guid":{"rendered":"https:\/\/www.pressenza.com\/?p=1647267"},"modified":"2022-08-25T14:40:07","modified_gmt":"2022-08-25T13:40:07","slug":"fridays-for-future-italia-lancia-la-sua-agenda-climatica","status":"publish","type":"post","link":"https:\/\/www.pressenza.com\/it\/2022\/08\/fridays-for-future-italia-lancia-la-sua-agenda-climatica\/","title":{"rendered":"Fridays for future Italia lancia la sua Agenda Climatica"},"content":{"rendered":"<p>Tutte le principali forze politiche hanno reso pubblico il proprio programma, e la maggior parte ha scelto di inserire al suo interno anche misure riguardanti il cambiamento climatico, talvolta addirittura citando \u201cl\u2019ambiente\u201d tra le proprie priorit\u00e0.<\/p>\n<p>Tuttavia, gli impegni climatici presenti nei programmi elettorali sono molto spesso generici, insufficienti rispetto agli obiettivi delineati dalla comunit\u00e0 scientifica, se non addirittura dannosi e retrogradi. La mancanza di un piano complessivo in cui gli interventi si inseriscano \u00e8 pressoch\u00e9 evidente. Pi\u00f9 che puntare ad affrontare una minaccia planetaria, l\u2019impressione \u00e8 che i partiti stiano solo cercando di accaparrarsi il favore di quegli elettori preoccupati che, come noi, chiedono azioni per contrastare il collasso climatico ed ecosistemico.<\/p>\n<p>\u201cIl piano che abbiamo scritto \u00e8 la risposta a chi ci chiede cosa vogliamo dalla politica, e a chi si chiede se i partiti facciano sul serio. Sono 5 temi di cui la politica non pu\u00f2 non parlare, 10 richieste che non possono mancare &#8211; a prescindere dal colore politico &#8211; in un programma che pretenda di affrontare la crisi climatica e di aiutare le categorie pi\u00f9 svantaggiate\u201d, afferma Mathias Mancin, portavoce di Fridays for Future Italia.<\/p>\n<p><strong>I temi hanno come filo conduttore la partecipazione e la rappresentanza<\/strong>\u00a0&#8211; due valori sacrificati in questa campagna elettorale lampo, con le esigenze delle fasce pi\u00f9 in difficolt\u00e0 a causa della crisi energetica sostanzialmente ignorate da ogni parte politica, e gli\u00a0<strong>elettori spesso indecisi o determinati ad astenersi<\/strong>, perch\u00e9 chiamati solo a porre una crocetta, senza aver avuto alcuna voce in capitolo sulle proposte dei partiti tra cui devono scegliere.<\/p>\n<p>Partendo dall\u2019energia,\u00a0<strong>c\u2019\u00e8 la proposta di istituire una comunit\u00e0 energetica rinnovabile per ogni comune italiano<\/strong>, una misura che da sola coprirebbe la met\u00e0 dei nostri consumi elettrici, abbatterebbe il prezzo delle bollette e coinvolgerebbe direttamente i cittadini nella produzione della propria energia. Si parla poi di\u00a0<strong>trasporti pubblici gratuiti e investimenti sulla rete ferroviaria italiana,<\/strong>\u00a0una misura necessaria per rendere gli spostamenti accessibili a tutti, nonostante l\u2019aumento del prezzo dei carburanti.<\/p>\n<p>E ancora, si va dall\u2019<strong>efficientamento energetico di scuole e case popolari<\/strong>, sempre con l\u2019obiettivo di ridurre consumi, emissioni e bollette, alla\u00a0<strong>riduzione dell\u2019orario di lavoro<\/strong>\u00a0<strong>&#8211; mantenendo invariati gli stipendi<\/strong>\u00a0-, per liberare tempo nella vita delle persone, abbattere la disoccupazione e prepararci ad una societ\u00e0 in cui produrre meno non vuol dire lasciare qualcuno per strada; fino alla\u00a0<strong>rimunicipalizzazione dell\u2019acqua<\/strong>\u00a0e all\u2019uso degli utili per riparare le drammatiche perdite della nostra rete idrica, mitigando cos\u00ec i danni che la siccit\u00e0 pu\u00f2 infliggere agli agricoltori e ai cittadini<\/p>\n<p>Ogni singola misura presenta le necessarie coperture finanziarie, a dimostrazione che la volont\u00e0 politica, non la mancanza di denaro, \u00e8 la principale causa dell\u2019inazione climatica.<\/p>\n<p>Agnese Casadei, portavoce di Fridays for future Italia, dichiara: \u201cI partiti pretendono il nostro voto, ma non ascoltano la nostra voce. Non siamo disposti a scegliere tra pacchetti di proposte gi\u00e0 pronti che qualcuno ha messo insieme per noi. Vogliamo partecipare a costruire quelle proposte, perch\u00e9 cos\u00ec funziona una democrazia. Come noi, milioni di italiane e di italiani rimangono inascoltati, di volta in volta ignorati o rabboniti con proposte di facciata. Le misure che lanciamo oggi vanno incontro alle esigenze di quelle persone e, assieme, pongono le basi per una vera partecipazione democratica. Sono proposte minime, ma irrinunciabili per chi si proponga di costruire l\u2019Italia del futuro\u201d<\/p>\n","protected":false},"excerpt":{"rendered":"<p>Tutte le principali forze politiche hanno reso pubblico il proprio programma, e la maggior parte ha scelto di inserire al suo interno anche misure riguardanti il cambiamento climatico, talvolta addirittura citando \u201cl\u2019ambiente\u201d tra le proprie priorit\u00e0. Tuttavia, gli impegni climatici&hellip;<\/p>\n","protected":false},"author":1713,"featured_media":1454216,"comment_status":"closed","ping_status":"closed","sticky":false,"template":"","format":"standard","meta":{"footnotes":""},"categories":[150,59],"tags":[104934,1736,53987],"class_list":["post-1647267","post","type-post","status-publish","format-standard","has-post-thumbnail","hentry","category-comunicati-stampa","category-ambiente-ecologia","tag-agenda-climatica","tag-elezioni-politiche","tag-fridays-for-future"],"yoast_head":"<!-- This site is optimized with the Yoast SEO plugin v27.1.1 - https:\/\/yoast.com\/product\/yoast-seo-wordpress\/ -->\n<title>Fridays for future Italia lancia la sua Agenda Climatica<\/title>\n<meta name=\"description\" content=\"Tutte le principali forze politiche hanno reso pubblico il proprio programma, e la maggior parte ha scelto di inserire al suo interno anche misure\" \/>\n<meta name=\"robots\" content=\"index, follow, max-snippet:-1, max-image-preview:large, max-video-preview:-1\" \/>\n<link rel=\"canonical\" href=\"https:\/\/www.pressenza.com\/it\/2022\/08\/fridays-for-future-italia-lancia-la-sua-agenda-climatica\/\" \/>\n<meta property=\"og:locale\" content=\"it_IT\" \/>\n<meta property=\"og:type\" content=\"article\" \/>\n<meta property=\"og:title\" content=\"Fridays for future Italia lancia la sua Agenda Climatica\" \/>\n<meta property=\"og:description\" content=\"Tutte le principali forze politiche hanno reso pubblico il proprio programma, e la maggior parte ha scelto di inserire al suo interno anche misure\" \/>\n<meta property=\"og:url\" content=\"https:\/\/www.pressenza.com\/it\/2022\/08\/fridays-for-future-italia-lancia-la-sua-agenda-climatica\/\" \/>\n<meta property=\"og:site_name\" content=\"Pressenza\" \/>\n<meta property=\"article:publisher\" content=\"https:\/\/www.facebook.com\/PressenzaItalia\" \/>\n<meta property=\"article:published_time\" content=\"2022-08-25T13:40:07+00:00\" \/>\n<meta property=\"og:image\" content=\"https:\/\/www.pressenza.com\/wp-content\/uploads\/2021\/10\/fridays-manifestazione.jpg\" \/>\n\t<meta property=\"og:image:width\" content=\"600\" \/>\n\t<meta property=\"og:image:height\" content=\"600\" \/>\n\t<meta property=\"og:image:type\" content=\"image\/jpeg\" \/>\n<meta name=\"author\" content=\"Fridays For Future\" \/>\n<meta name=\"twitter:card\" content=\"summary_large_image\" \/>\n<meta name=\"twitter:creator\" content=\"@PressenzaIPA\" \/>\n<meta name=\"twitter:site\" content=\"@PressenzaIPA\" \/>\n<meta name=\"twitter:label1\" content=\"Scritto da\" \/>\n\t<meta name=\"twitter:data1\" content=\"Fridays For Future\" \/>\n\t<meta name=\"twitter:label2\" content=\"Tempo di lettura stimato\" \/>\n\t<meta name=\"twitter:data2\" content=\"3 minuti\" \/>\n<script type=\"application\/ld+json\" class=\"yoast-schema-graph\">{\"@context\":\"https:\/\/schema.org\",\"@graph\":[{\"@type\":\"Article\",\"@id\":\"https:\/\/www.pressenza.com\/it\/2022\/08\/fridays-for-future-italia-lancia-la-sua-agenda-climatica\/#article\",\"isPartOf\":{\"@id\":\"https:\/\/www.pressenza.com\/it\/2022\/08\/fridays-for-future-italia-lancia-la-sua-agenda-climatica\/\"},\"author\":{\"name\":\"Fridays For Future\",\"@id\":\"https:\/\/www.pressenza.com\/it\/#\/schema\/person\/8f0c1d2e26efb7c5c7cad8108dd14b21\"},\"headline\":\"Fridays for future Italia lancia la sua Agenda Climatica\",\"datePublished\":\"2022-08-25T13:40:07+00:00\",\"mainEntityOfPage\":{\"@id\":\"https:\/\/www.pressenza.com\/it\/2022\/08\/fridays-for-future-italia-lancia-la-sua-agenda-climatica\/\"},\"wordCount\":565,\"publisher\":{\"@id\":\"https:\/\/www.pressenza.com\/it\/#organization\"},\"image\":{\"@id\":\"https:\/\/www.pressenza.com\/it\/2022\/08\/fridays-for-future-italia-lancia-la-sua-agenda-climatica\/#primaryimage\"},\"thumbnailUrl\":\"https:\/\/www.pressenza.com\/wp-content\/uploads\/2021\/10\/fridays-manifestazione.jpg\",\"keywords\":[\"agenda climatica\",\"elezioni politiche\",\"Fridays for Future\"],\"articleSection\":[\"Comunicati Stampa\",\"Ecologia ed Ambiente\"],\"inLanguage\":\"it-IT\"},{\"@type\":\"WebPage\",\"@id\":\"https:\/\/www.pressenza.com\/it\/2022\/08\/fridays-for-future-italia-lancia-la-sua-agenda-climatica\/\",\"url\":\"https:\/\/www.pressenza.com\/it\/2022\/08\/fridays-for-future-italia-lancia-la-sua-agenda-climatica\/\",\"name\":\"Fridays for future Italia lancia la sua Agenda Climatica\",\"isPartOf\":{\"@id\":\"https:\/\/www.pressenza.com\/it\/#website\"},\"primaryImageOfPage\":{\"@id\":\"https:\/\/www.pressenza.com\/it\/2022\/08\/fridays-for-future-italia-lancia-la-sua-agenda-climatica\/#primaryimage\"},\"image\":{\"@id\":\"https:\/\/www.pressenza.com\/it\/2022\/08\/fridays-for-future-italia-lancia-la-sua-agenda-climatica\/#primaryimage\"},\"thumbnailUrl\":\"https:\/\/www.pressenza.com\/wp-content\/uploads\/2021\/10\/fridays-manifestazione.jpg\",\"datePublished\":\"2022-08-25T13:40:07+00:00\",\"description\":\"Tutte le principali forze politiche hanno reso pubblico il proprio programma, e la maggior parte ha scelto di inserire al suo interno anche misure\",\"breadcrumb\":{\"@id\":\"https:\/\/www.pressenza.com\/it\/2022\/08\/fridays-for-future-italia-lancia-la-sua-agenda-climatica\/#breadcrumb\"},\"inLanguage\":\"it-IT\",\"potentialAction\":[{\"@type\":\"ReadAction\",\"target\":[\"https:\/\/www.pressenza.com\/it\/2022\/08\/fridays-for-future-italia-lancia-la-sua-agenda-climatica\/\"]}]},{\"@type\":\"ImageObject\",\"inLanguage\":\"it-IT\",\"@id\":\"https:\/\/www.pressenza.com\/it\/2022\/08\/fridays-for-future-italia-lancia-la-sua-agenda-climatica\/#primaryimage\",\"url\":\"https:\/\/www.pressenza.com\/wp-content\/uploads\/2021\/10\/fridays-manifestazione.jpg\",\"contentUrl\":\"https:\/\/www.pressenza.com\/wp-content\/uploads\/2021\/10\/fridays-manifestazione.jpg\",\"width\":600,\"height\":600},{\"@type\":\"BreadcrumbList\",\"@id\":\"https:\/\/www.pressenza.com\/it\/2022\/08\/fridays-for-future-italia-lancia-la-sua-agenda-climatica\/#breadcrumb\",\"itemListElement\":[{\"@type\":\"ListItem\",\"position\":1,\"name\":\"Accueil\",\"item\":\"https:\/\/www.pressenza.com\/it\/\"},{\"@type\":\"ListItem\",\"position\":2,\"name\":\"Fridays for future Italia lancia la sua Agenda Climatica\"}]},{\"@type\":\"WebSite\",\"@id\":\"https:\/\/www.pressenza.com\/it\/#website\",\"url\":\"https:\/\/www.pressenza.com\/it\/\",\"name\":\"Pressenza\",\"description\":\"Agenzia di Stampa Internazionale\",\"publisher\":{\"@id\":\"https:\/\/www.pressenza.com\/it\/#organization\"},\"potentialAction\":[{\"@type\":\"SearchAction\",\"target\":{\"@type\":\"EntryPoint\",\"urlTemplate\":\"https:\/\/www.pressenza.com\/it\/?s={search_term_string}\"},\"query-input\":{\"@type\":\"PropertyValueSpecification\",\"valueRequired\":true,\"valueName\":\"search_term_string\"}}],\"inLanguage\":\"it-IT\"},{\"@type\":\"Organization\",\"@id\":\"https:\/\/www.pressenza.com\/it\/#organization\",\"name\":\"Pressenza\",\"url\":\"https:\/\/www.pressenza.com\/it\/\",\"logo\":{\"@type\":\"ImageObject\",\"inLanguage\":\"it-IT\",\"@id\":\"https:\/\/www.pressenza.com\/it\/#\/schema\/logo\/image\/\",\"url\":\"https:\/\/www.pressenza.com\/wp-content\/uploads\/2022\/10\/pressenza_logo_200x200.jpg\",\"contentUrl\":\"https:\/\/www.pressenza.com\/wp-content\/uploads\/2022\/10\/pressenza_logo_200x200.jpg\",\"width\":200,\"height\":200,\"caption\":\"Pressenza\"},\"image\":{\"@id\":\"https:\/\/www.pressenza.com\/it\/#\/schema\/logo\/image\/\"},\"sameAs\":[\"https:\/\/www.facebook.com\/PressenzaItalia\",\"https:\/\/x.com\/PressenzaIPA\"]},{\"@type\":\"Person\",\"@id\":\"https:\/\/www.pressenza.com\/it\/#\/schema\/person\/8f0c1d2e26efb7c5c7cad8108dd14b21\",\"name\":\"Fridays For Future\",\"description\":\"#FridaysForFuture is a movement that began in August 2018, after 15 years old Greta Thunberg sat in front of the Swedish parliament every schoolday for three weeks, to protest against the lack of action on the climate crisis. She posted what she was doing on Instagram and Twitter and it soon went viral. On the 8th of September, Greta decided to continue striking every Friday until the Swedish policies provided a safe pathway well under 2-degree C, i.e. in line with the Paris agreement. The hashtags #FridaysForFuture and #Climatestrike spread and many students and adults began to protest outside of their parliaments and local city halls all over the world. This has also inspired the Belgium Thursday school strikes.\",\"url\":\"https:\/\/www.pressenza.com\/it\/author\/fff\/\"}]}<\/script>\n<!-- \/ Yoast SEO plugin. -->","yoast_head_json":{"title":"Fridays for future Italia lancia la sua Agenda Climatica","description":"Tutte le principali forze politiche hanno reso pubblico il proprio programma, e la maggior parte ha scelto di inserire al suo interno anche misure","robots":{"index":"index","follow":"follow","max-snippet":"max-snippet:-1","max-image-preview":"max-image-preview:large","max-video-preview":"max-video-preview:-1"},"canonical":"https:\/\/www.pressenza.com\/it\/2022\/08\/fridays-for-future-italia-lancia-la-sua-agenda-climatica\/","og_locale":"it_IT","og_type":"article","og_title":"Fridays for future Italia lancia la sua Agenda Climatica","og_description":"Tutte le principali forze politiche hanno reso pubblico il proprio programma, e la maggior parte ha scelto di inserire al suo interno anche misure","og_url":"https:\/\/www.pressenza.com\/it\/2022\/08\/fridays-for-future-italia-lancia-la-sua-agenda-climatica\/","og_site_name":"Pressenza","article_publisher":"https:\/\/www.facebook.com\/PressenzaItalia","article_published_time":"2022-08-25T13:40:07+00:00","og_image":[{"width":600,"height":600,"url":"https:\/\/www.pressenza.com\/wp-content\/uploads\/2021\/10\/fridays-manifestazione.jpg","type":"image\/jpeg"}],"author":"Fridays For Future","twitter_card":"summary_large_image","twitter_creator":"@PressenzaIPA","twitter_site":"@PressenzaIPA","twitter_misc":{"Scritto da":"Fridays For Future","Tempo di lettura stimato":"3 minuti"},"schema":{"@context":"https:\/\/schema.org","@graph":[{"@type":"Article","@id":"https:\/\/www.pressenza.com\/it\/2022\/08\/fridays-for-future-italia-lancia-la-sua-agenda-climatica\/#article","isPartOf":{"@id":"https:\/\/www.pressenza.com\/it\/2022\/08\/fridays-for-future-italia-lancia-la-sua-agenda-climatica\/"},"author":{"name":"Fridays For Future","@id":"https:\/\/www.pressenza.com\/it\/#\/schema\/person\/8f0c1d2e26efb7c5c7cad8108dd14b21"},"headline":"Fridays for future Italia lancia la sua Agenda Climatica","datePublished":"2022-08-25T13:40:07+00:00","mainEntityOfPage":{"@id":"https:\/\/www.pressenza.com\/it\/2022\/08\/fridays-for-future-italia-lancia-la-sua-agenda-climatica\/"},"wordCount":565,"publisher":{"@id":"https:\/\/www.pressenza.com\/it\/#organization"},"image":{"@id":"https:\/\/www.pressenza.com\/it\/2022\/08\/fridays-for-future-italia-lancia-la-sua-agenda-climatica\/#primaryimage"},"thumbnailUrl":"https:\/\/www.pressenza.com\/wp-content\/uploads\/2021\/10\/fridays-manifestazione.jpg","keywords":["agenda climatica","elezioni politiche","Fridays for Future"],"articleSection":["Comunicati Stampa","Ecologia ed Ambiente"],"inLanguage":"it-IT"},{"@type":"WebPage","@id":"https:\/\/www.pressenza.com\/it\/2022\/08\/fridays-for-future-italia-lancia-la-sua-agenda-climatica\/","url":"https:\/\/www.pressenza.com\/it\/2022\/08\/fridays-for-future-italia-lancia-la-sua-agenda-climatica\/","name":"Fridays for future Italia lancia la sua Agenda Climatica","isPartOf":{"@id":"https:\/\/www.pressenza.com\/it\/#website"},"primaryImageOfPage":{"@id":"https:\/\/www.pressenza.com\/it\/2022\/08\/fridays-for-future-italia-lancia-la-sua-agenda-climatica\/#primaryimage"},"image":{"@id":"https:\/\/www.pressenza.com\/it\/2022\/08\/fridays-for-future-italia-lancia-la-sua-agenda-climatica\/#primaryimage"},"thumbnailUrl":"https:\/\/www.pressenza.com\/wp-content\/uploads\/2021\/10\/fridays-manifestazione.jpg","datePublished":"2022-08-25T13:40:07+00:00","description":"Tutte le principali forze politiche hanno reso pubblico il proprio programma, e la maggior parte ha scelto di inserire al suo interno anche misure","breadcrumb":{"@id":"https:\/\/www.pressenza.com\/it\/2022\/08\/fridays-for-future-italia-lancia-la-sua-agenda-climatica\/#breadcrumb"},"inLanguage":"it-IT","potentialAction":[{"@type":"ReadAction","target":["https:\/\/www.pressenza.com\/it\/2022\/08\/fridays-for-future-italia-lancia-la-sua-agenda-climatica\/"]}]},{"@type":"ImageObject","inLanguage":"it-IT","@id":"https:\/\/www.pressenza.com\/it\/2022\/08\/fridays-for-future-italia-lancia-la-sua-agenda-climatica\/#primaryimage","url":"https:\/\/www.pressenza.com\/wp-content\/uploads\/2021\/10\/fridays-manifestazione.jpg","contentUrl":"https:\/\/www.pressenza.com\/wp-content\/uploads\/2021\/10\/fridays-manifestazione.jpg","width":600,"height":600},{"@type":"BreadcrumbList","@id":"https:\/\/www.pressenza.com\/it\/2022\/08\/fridays-for-future-italia-lancia-la-sua-agenda-climatica\/#breadcrumb","itemListElement":[{"@type":"ListItem","position":1,"name":"Accueil","item":"https:\/\/www.pressenza.com\/it\/"},{"@type":"ListItem","position":2,"name":"Fridays for future Italia lancia la sua Agenda Climatica"}]},{"@type":"WebSite","@id":"https:\/\/www.pressenza.com\/it\/#website","url":"https:\/\/www.pressenza.com\/it\/","name":"Pressenza","description":"Agenzia di Stampa Internazionale","publisher":{"@id":"https:\/\/www.pressenza.com\/it\/#organization"},"potentialAction":[{"@type":"SearchAction","target":{"@type":"EntryPoint","urlTemplate":"https:\/\/www.pressenza.com\/it\/?s={search_term_string}"},"query-input":{"@type":"PropertyValueSpecification","valueRequired":true,"valueName":"search_term_string"}}],"inLanguage":"it-IT"},{"@type":"Organization","@id":"https:\/\/www.pressenza.com\/it\/#organization","name":"Pressenza","url":"https:\/\/www.pressenza.com\/it\/","logo":{"@type":"ImageObject","inLanguage":"it-IT","@id":"https:\/\/www.pressenza.com\/it\/#\/schema\/logo\/image\/","url":"https:\/\/www.pressenza.com\/wp-content\/uploads\/2022\/10\/pressenza_logo_200x200.jpg","contentUrl":"https:\/\/www.pressenza.com\/wp-content\/uploads\/2022\/10\/pressenza_logo_200x200.jpg","width":200,"height":200,"caption":"Pressenza"},"image":{"@id":"https:\/\/www.pressenza.com\/it\/#\/schema\/logo\/image\/"},"sameAs":["https:\/\/www.facebook.com\/PressenzaItalia","https:\/\/x.com\/PressenzaIPA"]},{"@type":"Person","@id":"https:\/\/www.pressenza.com\/it\/#\/schema\/person\/8f0c1d2e26efb7c5c7cad8108dd14b21","name":"Fridays For Future","description":"#FridaysForFuture is a movement that began in August 2018, after 15 years old Greta Thunberg sat in front of the Swedish parliament every schoolday for three weeks, to protest against the lack of action on the climate crisis. She posted what she was doing on Instagram and Twitter and it soon went viral. On the 8th of September, Greta decided to continue striking every Friday until the Swedish policies provided a safe pathway well under 2-degree C, i.e. in line with the Paris agreement. The hashtags #FridaysForFuture and #Climatestrike spread and many students and adults began to protest outside of their parliaments and local city halls all over the world. This has also inspired the Belgium Thursday school strikes.","url":"https:\/\/www.pressenza.com\/it\/author\/fff\/"}]}},"place":"","original_article_url":"","_links":{"self":[{"href":"https:\/\/www.pressenza.com\/it\/wp-json\/wp\/v2\/posts\/1647267","targetHints":{"allow":["GET"]}}],"collection":[{"href":"https:\/\/www.pressenza.com\/it\/wp-json\/wp\/v2\/posts"}],"about":[{"href":"https:\/\/www.pressenza.com\/it\/wp-json\/wp\/v2\/types\/post"}],"author":[{"embeddable":true,"href":"https:\/\/www.pressenza.com\/it\/wp-json\/wp\/v2\/users\/1713"}],"replies":[{"embeddable":true,"href":"https:\/\/www.pressenza.com\/it\/wp-json\/wp\/v2\/comments?post=1647267"}],"version-history":[{"count":0,"href":"https:\/\/www.pressenza.com\/it\/wp-json\/wp\/v2\/posts\/1647267\/revisions"}],"wp:featuredmedia":[{"embeddable":true,"href":"https:\/\/www.pressenza.com\/it\/wp-json\/wp\/v2\/media\/1454216"}],"wp:attachment":[{"href":"https:\/\/www.pressenza.com\/it\/wp-json\/wp\/v2\/media?parent=1647267"}],"wp:term":[{"taxonomy":"category","embeddable":true,"href":"https:\/\/www.pressenza.com\/it\/wp-json\/wp\/v2\/categories?post=1647267"},{"taxonomy":"post_tag","embeddable":true,"href":"https:\/\/www.pressenza.com\/it\/wp-json\/wp\/v2\/tags?post=1647267"}],"curies":[{"name":"wp","href":"https:\/\/api.w.org\/{rel}","templated":true}]}}