{"id":164604,"date":"2015-02-19T13:26:20","date_gmt":"2015-02-19T13:26:20","guid":{"rendered":"http:\/\/www.pressenza.com\/?p=164604"},"modified":"2015-02-19T13:26:20","modified_gmt":"2015-02-19T13:26:20","slug":"balcani-migranti-e-richiedenti-asilo-abbandonati-allinverno-serbo","status":"publish","type":"post","link":"https:\/\/www.pressenza.com\/it\/2015\/02\/balcani-migranti-e-richiedenti-asilo-abbandonati-allinverno-serbo\/","title":{"rendered":"Balcani: migranti e richiedenti asilo abbandonati all\u2019inverno serbo"},"content":{"rendered":"<p>Richiedenti asilo, rifugiati e migranti che hanno rischiato le proprie vite per raggiungere l\u2019Europa sono abbandonati nelle foreste o in edifici fatiscenti alle gelide temperature dell\u2019inverno serbo, senza cibo sufficiente n\u00e9 protezione. Lo denuncia l\u2019organizzazione medico umanitaria Medici Senza Frontiere (MSF), le cui \u00e9quipe stanno fornendo beni di primo soccorso e assistenza medica urgentemente necessaria. Allo stesso tempo, MSF chiede alle autorit\u00e0 serbe e agli stati membri dell\u2019Unione Europea di garantire a queste persone aiuto e protezione.<\/p>\n<p>Il regolamento di Dublino prevede che i richiedenti asilo che entrano in modo irregolare in Europa debbano chiedere asilo nel primo paese europeo in cui arrivano, ma sempre di pi\u00f9 migranti e richiedenti asilo fuggono dalle terribili condizioni di accoglienza in Grecia e Bulgaria, attraversando la regione dei Balcani per raggiungere l\u2019Europa settentrionale. Stando all\u2019ufficio serbo per la richiesta di asilo, nel 2014 sono arrivati in Serbia circa 16.500 richiedenti asilo \u2013 provenienti soprattutto da Siria, Afghanistan e paesi dell\u2019Africa sub-sahariana \u2013 nel tentativo di trovare protezione e condizioni di vita dignitose in Europa settentrionale.<\/p>\n<p>\u201cGli stati membri dell\u2019Unione Europea devono riconoscere le drammatiche conseguenze delle proprie politiche sulla migrazione e migliorare le attuali procedure di richiesta di asilo, le condizioni di accoglienza e la mancanza di integrazione che migliaia di rifugiati e richiedenti asilo devono subire\u201d ha dichiarato Stuart Alexander Zimble, coordinatore di MSF nei Balcani. \u201cLa Grecia, la Bulgaria e l\u2019Unione Europea devono migliorare l\u2019accesso alle procedure di richiesta asilo e le condizioni di accoglienza per i richiedenti asilo che arrivano nel paese.\u201d<\/p>\n<p>Un sistema di asilo ancora disfunzionale in Grecia, che obbliga le persone che necessitano di protezione a vivere in condizioni spaventose, sta forzando queste persone a correre ulteriori rischi sfruttando reti di trafficanti per lasciare la Grecia in cerca di migliori condizioni di assistenza e protezione. \u201cLa situazione \u00e8 talmente grave in Grecia, che non puoi restare nel paese come richiedente asilo\u201d racconta un rifugiato afgano che ha passato 18 mesi in un centro di detenzione in Grecia per poi spostarsi in Macedonia e in Serbia.<\/p>\n<p>Al loro arrivo in Serbia, molti richiedenti asilo non hanno altra scelta che dormire all\u2019aperto, sotto teli di plastica o tende di fortuna, nonostante le temperature invernali che possono raggiungere i 20 gradi sotto zero. Ogni giorno nel villaggio di Bogovadja, decine di richiedenti asilo aspettano che le loro richieste di asilo vengano registrate. Ma l\u2019ufficio asili smaltisce solo poche pratiche ogni giorno e questo costringe le persone \u2013 a volte anche bambini e donne in gravidanza \u2013 ad aspettare nella foresta che circonda il villaggio. Nella citt\u00e0 di Subotica, vicino alla frontiera ungherese, i migranti passano la notte in edifici abbandonati e fatiscenti. Alcuni dormono all\u2019aperto, nascosti nei campi, per evitare di imbattersi nella polizia.<\/p>\n<p>MSF chiede agli stati membri dell\u2019Unione Europea, in particolare all\u2019Ungheria, di non respingere in Serbia persone di nazionalit\u00e0 terze. La Serbia, con il supporto dell\u2019UNHCR, dovrebbe fornire un\u2019adeguata assistenza e protezione internazionale ai richiedenti asilo, anche aumentando la propria capacit\u00e0 di registrare le richieste e di trovare una sistemazione per ogni persona che richieda asilo in qualunque centro di richiesta asilo del paese, e in modo sicuro, amichevole ed efficiente.<\/p>\n<p>Dallo scorso dicembre, un\u2019\u00e9quipe di MSF sta gestendo cliniche mobili e distribuendo kit di primo soccorso alle persone vulnerabili nelle citt\u00e0 di Bogovadja e Subotica. I problemi di salute pi\u00f9 comuni tra i migranti sono malattie respiratorie e della pelle, dovute soprattutto alle basse temperature e alle precarie condizioni sanitarie.<\/p>\n<p>\u201cIn generale queste persone sono vestite in modo inadeguato, vivono in scarse condizioni igieniche, non hanno la possibilit\u00e0 di lavarsi e sono affamate\u201d spiega il coordinatore medico di MSF Vasiliki Armeniakou. \u201cMolti di loro hanno ferite ai muscoli o alle ossa e forti dolori fisici, tagli, lividi e geloni: l\u2019inevitabile risultato di giorni e giorni di cammino o di corsa attraverso la foresta.\u201d<\/p>\n","protected":false},"excerpt":{"rendered":"<p>Richiedenti asilo, rifugiati e migranti che hanno rischiato le proprie vite per raggiungere l\u2019Europa sono abbandonati nelle foreste o in edifici fatiscenti alle gelide temperature dell\u2019inverno serbo, senza cibo sufficiente n\u00e9 protezione. Lo denuncia l\u2019organizzazione medico umanitaria Medici Senza Frontiere&hellip;<\/p>\n","protected":false},"author":1103,"featured_media":164606,"comment_status":"closed","ping_status":"open","sticky":false,"template":"","format":"standard","meta":{"footnotes":""},"categories":[150,60,47],"tags":[2636,7212,3420,4469,3422],"class_list":["post-164604","post","type-post","status-publish","format-standard","has-post-thumbnail","hentry","category-comunicati-stampa","category-diritti-umani","category-europa","tag-migranti","tag-richiedenti-asilo","tag-rifugiati","tag-serbia","tag-unhcr"],"yoast_head":"<!-- This site is optimized with the Yoast SEO plugin v27.1.1 - https:\/\/yoast.com\/product\/yoast-seo-wordpress\/ -->\n<title>Balcani: migranti e richiedenti asilo abbandonati all\u2019inverno serbo<\/title>\n<meta name=\"description\" content=\"Richiedenti asilo, rifugiati e migranti che hanno rischiato le proprie vite per raggiungere l\u2019Europa sono abbandonati nelle foreste o in edifici\" \/>\n<meta name=\"robots\" content=\"index, follow, max-snippet:-1, max-image-preview:large, max-video-preview:-1\" \/>\n<link rel=\"canonical\" href=\"https:\/\/www.pressenza.com\/it\/2015\/02\/balcani-migranti-e-richiedenti-asilo-abbandonati-allinverno-serbo\/\" \/>\n<meta property=\"og:locale\" content=\"it_IT\" \/>\n<meta property=\"og:type\" content=\"article\" \/>\n<meta property=\"og:title\" content=\"Balcani: migranti e richiedenti asilo abbandonati all\u2019inverno serbo\" \/>\n<meta property=\"og:description\" content=\"Richiedenti asilo, rifugiati e migranti che hanno rischiato le proprie vite per raggiungere l\u2019Europa sono abbandonati nelle foreste o in edifici\" \/>\n<meta property=\"og:url\" content=\"https:\/\/www.pressenza.com\/it\/2015\/02\/balcani-migranti-e-richiedenti-asilo-abbandonati-allinverno-serbo\/\" \/>\n<meta property=\"og:site_name\" content=\"Pressenza\" \/>\n<meta property=\"article:publisher\" content=\"https:\/\/www.facebook.com\/PressenzaItalia\" \/>\n<meta property=\"article:author\" content=\"https:\/\/www.facebook.com\/msf.italiano\/\" \/>\n<meta property=\"article:published_time\" content=\"2015-02-19T13:26:20+00:00\" \/>\n<meta property=\"og:image\" content=\"https:\/\/www.pressenza.com\/wp-content\/uploads\/2015\/02\/MSB18289_Serbia_LR.jpg\" \/>\n\t<meta property=\"og:image:width\" content=\"500\" \/>\n\t<meta property=\"og:image:height\" content=\"333\" \/>\n\t<meta property=\"og:image:type\" content=\"image\/jpeg\" \/>\n<meta name=\"author\" content=\"Medecins sans Frontieres\" \/>\n<meta name=\"twitter:card\" content=\"summary_large_image\" \/>\n<meta name=\"twitter:creator\" content=\"@MSF\" \/>\n<meta name=\"twitter:site\" content=\"@PressenzaIPA\" \/>\n<meta name=\"twitter:label1\" content=\"Scritto da\" \/>\n\t<meta name=\"twitter:data1\" content=\"Medecins sans Frontieres\" \/>\n\t<meta name=\"twitter:label2\" content=\"Tempo di lettura stimato\" \/>\n\t<meta name=\"twitter:data2\" content=\"3 minuti\" \/>\n<script type=\"application\/ld+json\" class=\"yoast-schema-graph\">{\"@context\":\"https:\/\/schema.org\",\"@graph\":[{\"@type\":\"Article\",\"@id\":\"https:\/\/www.pressenza.com\/it\/2015\/02\/balcani-migranti-e-richiedenti-asilo-abbandonati-allinverno-serbo\/#article\",\"isPartOf\":{\"@id\":\"https:\/\/www.pressenza.com\/it\/2015\/02\/balcani-migranti-e-richiedenti-asilo-abbandonati-allinverno-serbo\/\"},\"author\":{\"name\":\"Medecins sans Frontieres\",\"@id\":\"https:\/\/www.pressenza.com\/it\/#\/schema\/person\/67dd9334b11345b5e9e171b3a89a22b5\"},\"headline\":\"Balcani: migranti e richiedenti asilo abbandonati all\u2019inverno serbo\",\"datePublished\":\"2015-02-19T13:26:20+00:00\",\"mainEntityOfPage\":{\"@id\":\"https:\/\/www.pressenza.com\/it\/2015\/02\/balcani-migranti-e-richiedenti-asilo-abbandonati-allinverno-serbo\/\"},\"wordCount\":656,\"publisher\":{\"@id\":\"https:\/\/www.pressenza.com\/it\/#organization\"},\"image\":{\"@id\":\"https:\/\/www.pressenza.com\/it\/2015\/02\/balcani-migranti-e-richiedenti-asilo-abbandonati-allinverno-serbo\/#primaryimage\"},\"thumbnailUrl\":\"https:\/\/www.pressenza.com\/wp-content\/uploads\/2015\/02\/MSB18289_Serbia_LR.jpg\",\"keywords\":[\"migranti\",\"richiedenti asilo\",\"rifugiati\",\"Serbia\",\"UNHCR\"],\"articleSection\":[\"Comunicati Stampa\",\"Diritti Umani\",\"Europa\"],\"inLanguage\":\"it-IT\"},{\"@type\":\"WebPage\",\"@id\":\"https:\/\/www.pressenza.com\/it\/2015\/02\/balcani-migranti-e-richiedenti-asilo-abbandonati-allinverno-serbo\/\",\"url\":\"https:\/\/www.pressenza.com\/it\/2015\/02\/balcani-migranti-e-richiedenti-asilo-abbandonati-allinverno-serbo\/\",\"name\":\"Balcani: migranti e richiedenti asilo abbandonati all\u2019inverno serbo\",\"isPartOf\":{\"@id\":\"https:\/\/www.pressenza.com\/it\/#website\"},\"primaryImageOfPage\":{\"@id\":\"https:\/\/www.pressenza.com\/it\/2015\/02\/balcani-migranti-e-richiedenti-asilo-abbandonati-allinverno-serbo\/#primaryimage\"},\"image\":{\"@id\":\"https:\/\/www.pressenza.com\/it\/2015\/02\/balcani-migranti-e-richiedenti-asilo-abbandonati-allinverno-serbo\/#primaryimage\"},\"thumbnailUrl\":\"https:\/\/www.pressenza.com\/wp-content\/uploads\/2015\/02\/MSB18289_Serbia_LR.jpg\",\"datePublished\":\"2015-02-19T13:26:20+00:00\",\"description\":\"Richiedenti asilo, rifugiati e migranti che hanno rischiato le proprie vite per raggiungere l\u2019Europa sono abbandonati nelle foreste o in edifici\",\"breadcrumb\":{\"@id\":\"https:\/\/www.pressenza.com\/it\/2015\/02\/balcani-migranti-e-richiedenti-asilo-abbandonati-allinverno-serbo\/#breadcrumb\"},\"inLanguage\":\"it-IT\",\"potentialAction\":[{\"@type\":\"ReadAction\",\"target\":[\"https:\/\/www.pressenza.com\/it\/2015\/02\/balcani-migranti-e-richiedenti-asilo-abbandonati-allinverno-serbo\/\"]}]},{\"@type\":\"ImageObject\",\"inLanguage\":\"it-IT\",\"@id\":\"https:\/\/www.pressenza.com\/it\/2015\/02\/balcani-migranti-e-richiedenti-asilo-abbandonati-allinverno-serbo\/#primaryimage\",\"url\":\"https:\/\/www.pressenza.com\/wp-content\/uploads\/2015\/02\/MSB18289_Serbia_LR.jpg\",\"contentUrl\":\"https:\/\/www.pressenza.com\/wp-content\/uploads\/2015\/02\/MSB18289_Serbia_LR.jpg\",\"width\":500,\"height\":333},{\"@type\":\"BreadcrumbList\",\"@id\":\"https:\/\/www.pressenza.com\/it\/2015\/02\/balcani-migranti-e-richiedenti-asilo-abbandonati-allinverno-serbo\/#breadcrumb\",\"itemListElement\":[{\"@type\":\"ListItem\",\"position\":1,\"name\":\"Accueil\",\"item\":\"https:\/\/www.pressenza.com\/it\/\"},{\"@type\":\"ListItem\",\"position\":2,\"name\":\"Balcani: migranti e richiedenti asilo abbandonati all\u2019inverno serbo\"}]},{\"@type\":\"WebSite\",\"@id\":\"https:\/\/www.pressenza.com\/it\/#website\",\"url\":\"https:\/\/www.pressenza.com\/it\/\",\"name\":\"Pressenza\",\"description\":\"Agenzia di Stampa Internazionale\",\"publisher\":{\"@id\":\"https:\/\/www.pressenza.com\/it\/#organization\"},\"potentialAction\":[{\"@type\":\"SearchAction\",\"target\":{\"@type\":\"EntryPoint\",\"urlTemplate\":\"https:\/\/www.pressenza.com\/it\/?s={search_term_string}\"},\"query-input\":{\"@type\":\"PropertyValueSpecification\",\"valueRequired\":true,\"valueName\":\"search_term_string\"}}],\"inLanguage\":\"it-IT\"},{\"@type\":\"Organization\",\"@id\":\"https:\/\/www.pressenza.com\/it\/#organization\",\"name\":\"Pressenza\",\"url\":\"https:\/\/www.pressenza.com\/it\/\",\"logo\":{\"@type\":\"ImageObject\",\"inLanguage\":\"it-IT\",\"@id\":\"https:\/\/www.pressenza.com\/it\/#\/schema\/logo\/image\/\",\"url\":\"https:\/\/www.pressenza.com\/wp-content\/uploads\/2022\/10\/pressenza_logo_200x200.jpg\",\"contentUrl\":\"https:\/\/www.pressenza.com\/wp-content\/uploads\/2022\/10\/pressenza_logo_200x200.jpg\",\"width\":200,\"height\":200,\"caption\":\"Pressenza\"},\"image\":{\"@id\":\"https:\/\/www.pressenza.com\/it\/#\/schema\/logo\/image\/\"},\"sameAs\":[\"https:\/\/www.facebook.com\/PressenzaItalia\",\"https:\/\/x.com\/PressenzaIPA\"]},{\"@type\":\"Person\",\"@id\":\"https:\/\/www.pressenza.com\/it\/#\/schema\/person\/67dd9334b11345b5e9e171b3a89a22b5\",\"name\":\"Medecins sans Frontieres\",\"description\":\"M\u00e9decins Sans Fronti\u00e8res (MSF) is an international, independent, medical humanitarian organisation that delivers emergency aid to people affected by armed conflict, epidemics, natural disasters and exclusion from healthcare. MSF offers assistance to people based on need, irrespective of race, religion, gender or political affiliation. Our actions are guided by medical ethics and the principles of neutrality and impartiality. www.msf.org\",\"sameAs\":[\"https:\/\/www.facebook.com\/msf.italiano\/\",\"https:\/\/x.com\/MSF\"],\"url\":\"https:\/\/www.pressenza.com\/it\/author\/medecins-sans-frontieres\/\"}]}<\/script>\n<!-- \/ Yoast SEO plugin. -->","yoast_head_json":{"title":"Balcani: migranti e richiedenti asilo abbandonati all\u2019inverno serbo","description":"Richiedenti asilo, rifugiati e migranti che hanno rischiato le proprie vite per raggiungere l\u2019Europa sono abbandonati nelle foreste o in edifici","robots":{"index":"index","follow":"follow","max-snippet":"max-snippet:-1","max-image-preview":"max-image-preview:large","max-video-preview":"max-video-preview:-1"},"canonical":"https:\/\/www.pressenza.com\/it\/2015\/02\/balcani-migranti-e-richiedenti-asilo-abbandonati-allinverno-serbo\/","og_locale":"it_IT","og_type":"article","og_title":"Balcani: migranti e richiedenti asilo abbandonati all\u2019inverno serbo","og_description":"Richiedenti asilo, rifugiati e migranti che hanno rischiato le proprie vite per raggiungere l\u2019Europa sono abbandonati nelle foreste o in edifici","og_url":"https:\/\/www.pressenza.com\/it\/2015\/02\/balcani-migranti-e-richiedenti-asilo-abbandonati-allinverno-serbo\/","og_site_name":"Pressenza","article_publisher":"https:\/\/www.facebook.com\/PressenzaItalia","article_author":"https:\/\/www.facebook.com\/msf.italiano\/","article_published_time":"2015-02-19T13:26:20+00:00","og_image":[{"width":500,"height":333,"url":"https:\/\/www.pressenza.com\/wp-content\/uploads\/2015\/02\/MSB18289_Serbia_LR.jpg","type":"image\/jpeg"}],"author":"Medecins sans Frontieres","twitter_card":"summary_large_image","twitter_creator":"@MSF","twitter_site":"@PressenzaIPA","twitter_misc":{"Scritto da":"Medecins sans Frontieres","Tempo di lettura stimato":"3 minuti"},"schema":{"@context":"https:\/\/schema.org","@graph":[{"@type":"Article","@id":"https:\/\/www.pressenza.com\/it\/2015\/02\/balcani-migranti-e-richiedenti-asilo-abbandonati-allinverno-serbo\/#article","isPartOf":{"@id":"https:\/\/www.pressenza.com\/it\/2015\/02\/balcani-migranti-e-richiedenti-asilo-abbandonati-allinverno-serbo\/"},"author":{"name":"Medecins sans Frontieres","@id":"https:\/\/www.pressenza.com\/it\/#\/schema\/person\/67dd9334b11345b5e9e171b3a89a22b5"},"headline":"Balcani: migranti e richiedenti asilo abbandonati all\u2019inverno serbo","datePublished":"2015-02-19T13:26:20+00:00","mainEntityOfPage":{"@id":"https:\/\/www.pressenza.com\/it\/2015\/02\/balcani-migranti-e-richiedenti-asilo-abbandonati-allinverno-serbo\/"},"wordCount":656,"publisher":{"@id":"https:\/\/www.pressenza.com\/it\/#organization"},"image":{"@id":"https:\/\/www.pressenza.com\/it\/2015\/02\/balcani-migranti-e-richiedenti-asilo-abbandonati-allinverno-serbo\/#primaryimage"},"thumbnailUrl":"https:\/\/www.pressenza.com\/wp-content\/uploads\/2015\/02\/MSB18289_Serbia_LR.jpg","keywords":["migranti","richiedenti asilo","rifugiati","Serbia","UNHCR"],"articleSection":["Comunicati Stampa","Diritti Umani","Europa"],"inLanguage":"it-IT"},{"@type":"WebPage","@id":"https:\/\/www.pressenza.com\/it\/2015\/02\/balcani-migranti-e-richiedenti-asilo-abbandonati-allinverno-serbo\/","url":"https:\/\/www.pressenza.com\/it\/2015\/02\/balcani-migranti-e-richiedenti-asilo-abbandonati-allinverno-serbo\/","name":"Balcani: migranti e richiedenti asilo abbandonati all\u2019inverno serbo","isPartOf":{"@id":"https:\/\/www.pressenza.com\/it\/#website"},"primaryImageOfPage":{"@id":"https:\/\/www.pressenza.com\/it\/2015\/02\/balcani-migranti-e-richiedenti-asilo-abbandonati-allinverno-serbo\/#primaryimage"},"image":{"@id":"https:\/\/www.pressenza.com\/it\/2015\/02\/balcani-migranti-e-richiedenti-asilo-abbandonati-allinverno-serbo\/#primaryimage"},"thumbnailUrl":"https:\/\/www.pressenza.com\/wp-content\/uploads\/2015\/02\/MSB18289_Serbia_LR.jpg","datePublished":"2015-02-19T13:26:20+00:00","description":"Richiedenti asilo, rifugiati e migranti che hanno rischiato le proprie vite per raggiungere l\u2019Europa sono abbandonati nelle foreste o in edifici","breadcrumb":{"@id":"https:\/\/www.pressenza.com\/it\/2015\/02\/balcani-migranti-e-richiedenti-asilo-abbandonati-allinverno-serbo\/#breadcrumb"},"inLanguage":"it-IT","potentialAction":[{"@type":"ReadAction","target":["https:\/\/www.pressenza.com\/it\/2015\/02\/balcani-migranti-e-richiedenti-asilo-abbandonati-allinverno-serbo\/"]}]},{"@type":"ImageObject","inLanguage":"it-IT","@id":"https:\/\/www.pressenza.com\/it\/2015\/02\/balcani-migranti-e-richiedenti-asilo-abbandonati-allinverno-serbo\/#primaryimage","url":"https:\/\/www.pressenza.com\/wp-content\/uploads\/2015\/02\/MSB18289_Serbia_LR.jpg","contentUrl":"https:\/\/www.pressenza.com\/wp-content\/uploads\/2015\/02\/MSB18289_Serbia_LR.jpg","width":500,"height":333},{"@type":"BreadcrumbList","@id":"https:\/\/www.pressenza.com\/it\/2015\/02\/balcani-migranti-e-richiedenti-asilo-abbandonati-allinverno-serbo\/#breadcrumb","itemListElement":[{"@type":"ListItem","position":1,"name":"Accueil","item":"https:\/\/www.pressenza.com\/it\/"},{"@type":"ListItem","position":2,"name":"Balcani: migranti e richiedenti asilo abbandonati all\u2019inverno serbo"}]},{"@type":"WebSite","@id":"https:\/\/www.pressenza.com\/it\/#website","url":"https:\/\/www.pressenza.com\/it\/","name":"Pressenza","description":"Agenzia di Stampa Internazionale","publisher":{"@id":"https:\/\/www.pressenza.com\/it\/#organization"},"potentialAction":[{"@type":"SearchAction","target":{"@type":"EntryPoint","urlTemplate":"https:\/\/www.pressenza.com\/it\/?s={search_term_string}"},"query-input":{"@type":"PropertyValueSpecification","valueRequired":true,"valueName":"search_term_string"}}],"inLanguage":"it-IT"},{"@type":"Organization","@id":"https:\/\/www.pressenza.com\/it\/#organization","name":"Pressenza","url":"https:\/\/www.pressenza.com\/it\/","logo":{"@type":"ImageObject","inLanguage":"it-IT","@id":"https:\/\/www.pressenza.com\/it\/#\/schema\/logo\/image\/","url":"https:\/\/www.pressenza.com\/wp-content\/uploads\/2022\/10\/pressenza_logo_200x200.jpg","contentUrl":"https:\/\/www.pressenza.com\/wp-content\/uploads\/2022\/10\/pressenza_logo_200x200.jpg","width":200,"height":200,"caption":"Pressenza"},"image":{"@id":"https:\/\/www.pressenza.com\/it\/#\/schema\/logo\/image\/"},"sameAs":["https:\/\/www.facebook.com\/PressenzaItalia","https:\/\/x.com\/PressenzaIPA"]},{"@type":"Person","@id":"https:\/\/www.pressenza.com\/it\/#\/schema\/person\/67dd9334b11345b5e9e171b3a89a22b5","name":"Medecins sans Frontieres","description":"M\u00e9decins Sans Fronti\u00e8res (MSF) is an international, independent, medical humanitarian organisation that delivers emergency aid to people affected by armed conflict, epidemics, natural disasters and exclusion from healthcare. MSF offers assistance to people based on need, irrespective of race, religion, gender or political affiliation. Our actions are guided by medical ethics and the principles of neutrality and impartiality. www.msf.org","sameAs":["https:\/\/www.facebook.com\/msf.italiano\/","https:\/\/x.com\/MSF"],"url":"https:\/\/www.pressenza.com\/it\/author\/medecins-sans-frontieres\/"}]}},"place":"","original_article_url":"","_links":{"self":[{"href":"https:\/\/www.pressenza.com\/it\/wp-json\/wp\/v2\/posts\/164604","targetHints":{"allow":["GET"]}}],"collection":[{"href":"https:\/\/www.pressenza.com\/it\/wp-json\/wp\/v2\/posts"}],"about":[{"href":"https:\/\/www.pressenza.com\/it\/wp-json\/wp\/v2\/types\/post"}],"author":[{"embeddable":true,"href":"https:\/\/www.pressenza.com\/it\/wp-json\/wp\/v2\/users\/1103"}],"replies":[{"embeddable":true,"href":"https:\/\/www.pressenza.com\/it\/wp-json\/wp\/v2\/comments?post=164604"}],"version-history":[{"count":0,"href":"https:\/\/www.pressenza.com\/it\/wp-json\/wp\/v2\/posts\/164604\/revisions"}],"wp:featuredmedia":[{"embeddable":true,"href":"https:\/\/www.pressenza.com\/it\/wp-json\/wp\/v2\/media\/164606"}],"wp:attachment":[{"href":"https:\/\/www.pressenza.com\/it\/wp-json\/wp\/v2\/media?parent=164604"}],"wp:term":[{"taxonomy":"category","embeddable":true,"href":"https:\/\/www.pressenza.com\/it\/wp-json\/wp\/v2\/categories?post=164604"},{"taxonomy":"post_tag","embeddable":true,"href":"https:\/\/www.pressenza.com\/it\/wp-json\/wp\/v2\/tags?post=164604"}],"curies":[{"name":"wp","href":"https:\/\/api.w.org\/{rel}","templated":true}]}}