{"id":1640124,"date":"2022-08-09T13:24:13","date_gmt":"2022-08-09T12:24:13","guid":{"rendered":"https:\/\/www.pressenza.com\/?p=1640124"},"modified":"2022-08-09T17:19:55","modified_gmt":"2022-08-09T16:19:55","slug":"afghanistan-2022-anno-uno-dellera-talebana","status":"publish","type":"post","link":"https:\/\/www.pressenza.com\/it\/2022\/08\/afghanistan-2022-anno-uno-dellera-talebana\/","title":{"rendered":"Afghanistan 2022: anno uno dell\u2019era talebana"},"content":{"rendered":"<p><em>\u201cLa guerra genera guerra, un terrorismo contro l\u2019altro, tanto a pagare saranno poi civili inermi\u201d<\/em>. Gino Strada.<\/p>\n<p>Afghanistan: cosa sta succedendo nel Paese?<\/p>\n<p>L\u2019immensa attenzione mediatica rivolta alla guerra in Ucraina, certamente dovuta anche alle varie dipendenze economiche dell\u2019Europa e dell\u2019Italia rispetto a quell\u2019area geografica, ha messo in secondo piano le notizie dall\u2019Asia Centrale.<\/p>\n<p><strong><img loading=\"lazy\" decoding=\"async\" class=\"aligncenter wp-image-1640145 size-full\" src=\"https:\/\/www.pressenza.com\/wp-content\/uploads\/2022\/08\/MANIFESTAZIONE-AFGANISTAN.jpg\" alt=\"\" width=\"768\" height=\"524\" srcset=\"https:\/\/www.pressenza.com\/wp-content\/uploads\/2022\/08\/MANIFESTAZIONE-AFGANISTAN.jpg 768w, https:\/\/www.pressenza.com\/wp-content\/uploads\/2022\/08\/MANIFESTAZIONE-AFGANISTAN-300x205.jpg 300w\" sizes=\"auto, (max-width: 768px) 100vw, 768px\" \/><\/strong><\/p>\n<p><em>Manifestazione per l\u2019Afghanistan a Roma il 21 Agosto 2021<\/em><\/p>\n<p>Un anno fa,\u00a0<strong>il 15 agosto del 2021, i Talebani prendevano il potere conquistando Kabul<\/strong>\u00a0e rovesciando il governo. Dopo 20 anni, una nuova generazione di integralisti islamici si insediava, dichiarando al mondo che nessun diritto acquisito fino a quel momento sarebbe stato cancellato o messo in pericolo. Ci tenevano, i nuovi Talebani, a marcare la differenza con quelli precedenti.<\/p>\n<p>Il presidente Ghani prendeva la via della fuga insieme a decine di funzionari governativi, lasciando un Paese a se stesso. Prima della fine del mese, gli USA si ritiravano, insieme al Regno Unito, all\u2019Italia e a tutte quelle missioni che fino a quel momento erano state in essere. Iniziava la diaspora di intellettuali, artisti, sportivi, e gente comune che assaltava l\u2019aeroporto di Kabul in preda al panico.<\/p>\n<p>Quella che era, a detta dei Talebani, quasi una\u00a0<em>rivoluzione gentile<\/em>, si \u00e8 trasformata in una regressione in nome dell\u2019islamismo pi\u00f9 estremo, e forse le prime a pagarne le conseguenze sono state le donne.<\/p>\n<p>Diritti umani violati, Covid, terremoto, carestia, estromissione dai rapporti internazionali: questa \u00e8 la situazione dell\u2019Afghanistan oggi. Senza contare la repressione verso i giornalisti e gli attivisti. Proprio in questi giorni poi, con un\u2019azione di precisione chirurgica, gli USA hanno eliminato Al Zawahiri, leader di Al Qaida, colpito sul balcone di casa da droni della CIA.<\/p>\n<p>Cosa sta succedendo nel Paese? E soprattutto, cosa i nostri occhi occidentali non riescono o non vogliono vedere?<\/p>\n<p><strong>Essere donna in Afghanistan<\/strong><\/p>\n<p>Il <a href=\"https:\/\/www.avvenire.it\/mondo\/pagine\/afghanistan-amnesty-rapporto-donne\">rapporto<\/a> di\u00a0<strong>Amnesty International<\/strong>\u00a0intitolato \u201c<strong>Morte al rallentatore: le donne e le bambine sotto il regime dei Taleban<\/strong>\u201d, dipinge la situazione attuale nel Paese. \u201c<em>Da quando, nell\u2019agosto 2021, hanno assunto il controllo dell\u2019Afghanistan, i Talebani stanno violando i diritti delle donne e delle bambine all\u2019istruzione, al lavoro e alla libert\u00e0 di movimento, azzerando il sistema di protezione e sostegno per le donne che fuggono dalla violenza domestica, arrestando donne e bambine per minime infrazioni a norme discriminatorie e contribuendo all\u2019aumento dei matrimoni infantili, precoci e forzati<\/em>\u201d, \u00e8 dichiarato sul rapporto. Il ripristino del burqa, il divieto di accesso all\u2019istruzione, l\u2019obbligo di uscire accompagnate da un uomo sono solo alcune delle limitazioni imposte da regime. Le proteste delle donne, laddove sono state coraggiosamente fatte, hanno portato alla repressione. Sempre Amnesty, che ha intervistato 90 donne e 11 bambine tra i 14 e i 74 anni nel periodo settembre 2021\/giugno 2022, ha riportato una testimonianza tra le tante.<\/p>\n<p>\u201c<em>Loro (le guardie talebane, ndr) venivano nella mia stanza e mi mostravano fotografie dei miei familiari, ripetendo: \u201cPossiamo ucciderli e tu non potrai fare nulla. Non piangere, non fare la scena. Dopo che avevi preso parte alle proteste, dovevi aspettartelo. Poi hanno chiuso la porta dietro le loro spalle e uno di loro ha iniziato a urlare: \u201cDonna spregevole. L\u2019America non ci d\u00e0 i soldi per colpa di puttane come te. Poi mi ha preso a calci, ferendomi alla schiena e al mento. Mi fa ancora male la bocca, provo dolore appena inizio a parlare<\/em>\u201d.<\/p>\n<p>Inoltre, \u00e8 bene ricordare il divieto per le donne di guidare l\u2019automobile; il \u201cconsiglio\u201d di restare in casa invece di lavorare e non da ultimo, l\u2019istituzione del Ministero per la soppressione del vizio e la promozione della virt\u00f9, che ha sostituito il dicastero per gli Affari femminili. E\u2019 tuttavia indicativo il fatto che questo ministero era gi\u00e0 attivo negli anni \u201990 e venne chiuso nel 2001, a significare che un Paese deve essere capace di cambiamento e non di un abile\u00a0<em>camouflage<\/em>.<strong>\u00a0<\/strong><\/p>\n<p><img loading=\"lazy\" decoding=\"async\" class=\"aligncenter wp-image-1640165 size-full\" src=\"https:\/\/www.pressenza.com\/wp-content\/uploads\/2022\/08\/donne-con-burka.jpg\" alt=\"\" width=\"800\" height=\"480\" srcset=\"https:\/\/www.pressenza.com\/wp-content\/uploads\/2022\/08\/donne-con-burka.jpg 800w, https:\/\/www.pressenza.com\/wp-content\/uploads\/2022\/08\/donne-con-burka-300x180.jpg 300w\" sizes=\"auto, (max-width: 800px) 100vw, 800px\" \/><\/p>\n<p><strong>Covid, terremoto e carestia<\/strong><\/p>\n<p>Secondo il sito della\u00a0<strong>Difesa<\/strong>, la situazione economica in Afghanistan sarebbe gravissima. Il rapporto\u00a0<strong>UNAMA<\/strong>\u00a0(United Nations Assistance Mission in Afghanistan), parla di un Paese nel quale\u00a0<em>\u201ccirca 24,4 milioni di persone, ovvero il 59% della popolazione, hanno bisogno di assistenza umanitaria, rispetto ai 18,4 milioni dell\u2019inizio del 2021.\u201d<\/em><\/p>\n<p>Il 3 aprile di quest\u2019anno, i\u00a0<strong>Talebani avevano vietato l\u2019uso di oppiacei<\/strong>; sembra per\u00f2 che invece sia aumentata la produzione di metanfetamine ricavate dall\u2019efedra, vegetale molto diffuso sul territorio e con maggior facilit\u00e0 di lavorazione. Anche il mercato dell\u2019oppio pare abbia aumentato il suo volume d\u2019affari, se \u00e8 vero che la guerra in Ucraina ne abbia richiesto grosse quantit\u00e0 che, ovviamente, rappresentano un forte guadagno per i Talebani.<\/p>\n<p><strong>Il terremoto<\/strong>\u00a0dello scorso giugno, di magnitudo 6,1, ha provocato il crollo delle case e la morte di oltre 250 persone. Una tragedia sull\u2019altra, insomma. Senza parlare del\u00a0<strong>Covid<\/strong>\u00a0o di altre malattie delle quali si muore vista anche la situazione sanitaria afghana.<\/p>\n<p><strong> <img loading=\"lazy\" decoding=\"async\" class=\"aligncenter wp-image-1640135 size-full\" src=\"https:\/\/www.pressenza.com\/wp-content\/uploads\/2022\/08\/AFGHANISTAN-COVID.jpeg\" alt=\"\" width=\"345\" height=\"233\" srcset=\"https:\/\/www.pressenza.com\/wp-content\/uploads\/2022\/08\/AFGHANISTAN-COVID.jpeg 345w, https:\/\/www.pressenza.com\/wp-content\/uploads\/2022\/08\/AFGHANISTAN-COVID-300x203.jpeg 300w\" sizes=\"auto, (max-width: 345px) 100vw, 345px\" \/><\/strong><\/p>\n<p>Ma in tutto questo, chi ci guadagna?<\/p>\n<p>Assange affermava che \u201c<em>l\u2019obiettivo in Afghanistan era sempre stato quello di lavare il denaro degli introiti fiscali di USA ed Europa tramite l\u2019invasione del Paese, per poi metterlo nelle mani di un\u2019elite di sicurezza transnazionale<\/em>\u201d<em>.\u00a0<\/em><em>Quel che \u00e8 certo, per\u00f2, \u00e8 che le ricchezze minerarie afghane fanno gola a molti, disposti a far finta di non vedere ci\u00f2 che accade. Intanto, continua l\u2019opera diplomatica talebana per il riconoscimento del governo da parte degli Stati esteri: dall\u2019incontro di Oslo nel marzo scorso nulla \u00e8 cambiato, ossia l\u2019Unione Europea non ha comunicato decisioni in merito e il Ministro degli Esteri Di Maio si \u00e8 dichiarato contrario al riconoscimento da parte dell\u2019Italia. Il pressing pi\u00f9 forte \u00e8 quello verso il Pakistan e l\u2019Arabia Saudita, ma per ora non si hanno notizie ufficiali in merito.<\/em><\/p>\n<p><em><img loading=\"lazy\" decoding=\"async\" class=\"aligncenter wp-image-1640125 size-full\" src=\"https:\/\/www.pressenza.com\/wp-content\/uploads\/2022\/08\/rifugiati-afghanistan.jpg\" alt=\"\" width=\"534\" height=\"341\" srcset=\"https:\/\/www.pressenza.com\/wp-content\/uploads\/2022\/08\/rifugiati-afghanistan.jpg 534w, https:\/\/www.pressenza.com\/wp-content\/uploads\/2022\/08\/rifugiati-afghanistan-300x192.jpg 300w\" sizes=\"auto, (max-width: 534px) 100vw, 534px\" \/><\/em><\/p>\n<p>Come diceva\u00a0<strong>Gino Strada<\/strong>\u00a0\u201c<em>Con un ventesimo di quei soldi, l\u2019Afghanistan oggi sarebbe una nuova Svizzera<\/em>\u201d. E invece no, e la situazione \u00e8 sotto gli occhi di tutti, o per lo meno di chi vuol davvero vederla.<\/p>\n<p><a href=\"https:\/\/www.thewomensentinel.net\/2022\/08\/08\/afghanistan-2022-anno-uno-dellera-talebana\/\">Articolo originale<\/a><\/p>\n<p>&nbsp;<\/p>\n<p><strong>\u00a0<\/strong><\/p>\n<p><strong>\u00a0<\/strong><\/p>\n<p>&nbsp;<\/p>\n","protected":false},"excerpt":{"rendered":"<p>\u201cLa guerra genera guerra, un terrorismo contro l\u2019altro, tanto a pagare saranno poi civili inermi\u201d. Gino Strada. Afghanistan: cosa sta succedendo nel Paese? L\u2019immensa attenzione mediatica rivolta alla guerra in Ucraina, certamente dovuta anche alle varie dipendenze economiche dell\u2019Europa e&hellip;<\/p>\n","protected":false},"author":1702,"featured_media":1640155,"comment_status":"closed","ping_status":"closed","sticky":false,"template":"","format":"standard","meta":{"footnotes":""},"categories":[46,60],"tags":[459,568,5954,3796],"class_list":["post-1640124","post","type-post","status-publish","format-standard","has-post-thumbnail","hentry","category-asia-it","category-diritti-umani","tag-afghanistan-it","tag-donne","tag-talebani","tag-violazione-dei-diritti-umani"],"yoast_head":"<!-- This site is optimized with the Yoast SEO plugin v27.1.1 - https:\/\/yoast.com\/product\/yoast-seo-wordpress\/ -->\n<title>Afghanistan 2022: anno uno dell\u2019era talebana<\/title>\n<meta name=\"description\" content=\"\u201cLa guerra genera guerra, un terrorismo contro l\u2019altro, tanto a pagare saranno poi civili inermi\u201d. Gino Strada. Afghanistan: cosa sta succedendo nel\" \/>\n<meta name=\"robots\" content=\"index, follow, max-snippet:-1, max-image-preview:large, max-video-preview:-1\" \/>\n<link rel=\"canonical\" href=\"https:\/\/www.pressenza.com\/it\/2022\/08\/afghanistan-2022-anno-uno-dellera-talebana\/\" \/>\n<meta property=\"og:locale\" content=\"it_IT\" \/>\n<meta property=\"og:type\" content=\"article\" \/>\n<meta property=\"og:title\" content=\"Afghanistan 2022: anno uno dell\u2019era talebana\" \/>\n<meta property=\"og:description\" content=\"\u201cLa guerra genera guerra, un terrorismo contro l\u2019altro, tanto a pagare saranno poi civili inermi\u201d. Gino Strada. Afghanistan: cosa sta succedendo nel\" \/>\n<meta property=\"og:url\" content=\"https:\/\/www.pressenza.com\/it\/2022\/08\/afghanistan-2022-anno-uno-dellera-talebana\/\" \/>\n<meta property=\"og:site_name\" content=\"Pressenza\" \/>\n<meta property=\"article:publisher\" content=\"https:\/\/www.facebook.com\/PressenzaItalia\" \/>\n<meta property=\"article:published_time\" content=\"2022-08-09T12:24:13+00:00\" \/>\n<meta property=\"article:modified_time\" content=\"2022-08-09T16:19:55+00:00\" \/>\n<meta property=\"og:image\" content=\"https:\/\/www.pressenza.com\/wp-content\/uploads\/2022\/08\/burka.jpeg\" \/>\n\t<meta property=\"og:image:width\" content=\"768\" \/>\n\t<meta property=\"og:image:height\" content=\"499\" \/>\n\t<meta property=\"og:image:type\" content=\"image\/jpeg\" \/>\n<meta name=\"author\" content=\"Stefania Catallo\" \/>\n<meta name=\"twitter:card\" content=\"summary_large_image\" \/>\n<meta name=\"twitter:creator\" content=\"@PressenzaIPA\" \/>\n<meta name=\"twitter:site\" content=\"@PressenzaIPA\" \/>\n<meta name=\"twitter:label1\" content=\"Scritto da\" \/>\n\t<meta name=\"twitter:data1\" content=\"Stefania Catallo\" \/>\n\t<meta name=\"twitter:label2\" content=\"Tempo di lettura stimato\" \/>\n\t<meta name=\"twitter:data2\" content=\"6 minuti\" \/>\n<script type=\"application\/ld+json\" class=\"yoast-schema-graph\">{\"@context\":\"https:\/\/schema.org\",\"@graph\":[{\"@type\":\"Article\",\"@id\":\"https:\/\/www.pressenza.com\/it\/2022\/08\/afghanistan-2022-anno-uno-dellera-talebana\/#article\",\"isPartOf\":{\"@id\":\"https:\/\/www.pressenza.com\/it\/2022\/08\/afghanistan-2022-anno-uno-dellera-talebana\/\"},\"author\":{\"name\":\"Stefania Catallo\",\"@id\":\"https:\/\/www.pressenza.com\/it\/#\/schema\/person\/35da03cfcf5c64ec09017df63f453239\"},\"headline\":\"Afghanistan 2022: anno uno dell\u2019era talebana\",\"datePublished\":\"2022-08-09T12:24:13+00:00\",\"dateModified\":\"2022-08-09T16:19:55+00:00\",\"mainEntityOfPage\":{\"@id\":\"https:\/\/www.pressenza.com\/it\/2022\/08\/afghanistan-2022-anno-uno-dellera-talebana\/\"},\"wordCount\":990,\"publisher\":{\"@id\":\"https:\/\/www.pressenza.com\/it\/#organization\"},\"image\":{\"@id\":\"https:\/\/www.pressenza.com\/it\/2022\/08\/afghanistan-2022-anno-uno-dellera-talebana\/#primaryimage\"},\"thumbnailUrl\":\"https:\/\/www.pressenza.com\/wp-content\/uploads\/2022\/08\/burka.jpeg\",\"keywords\":[\"Afghanistan\",\"donne\",\"Talebani\",\"violazione dei diritti umani\"],\"articleSection\":[\"Asia\",\"Diritti Umani\"],\"inLanguage\":\"it-IT\"},{\"@type\":\"WebPage\",\"@id\":\"https:\/\/www.pressenza.com\/it\/2022\/08\/afghanistan-2022-anno-uno-dellera-talebana\/\",\"url\":\"https:\/\/www.pressenza.com\/it\/2022\/08\/afghanistan-2022-anno-uno-dellera-talebana\/\",\"name\":\"Afghanistan 2022: anno uno dell\u2019era talebana\",\"isPartOf\":{\"@id\":\"https:\/\/www.pressenza.com\/it\/#website\"},\"primaryImageOfPage\":{\"@id\":\"https:\/\/www.pressenza.com\/it\/2022\/08\/afghanistan-2022-anno-uno-dellera-talebana\/#primaryimage\"},\"image\":{\"@id\":\"https:\/\/www.pressenza.com\/it\/2022\/08\/afghanistan-2022-anno-uno-dellera-talebana\/#primaryimage\"},\"thumbnailUrl\":\"https:\/\/www.pressenza.com\/wp-content\/uploads\/2022\/08\/burka.jpeg\",\"datePublished\":\"2022-08-09T12:24:13+00:00\",\"dateModified\":\"2022-08-09T16:19:55+00:00\",\"description\":\"\u201cLa guerra genera guerra, un terrorismo contro l\u2019altro, tanto a pagare saranno poi civili inermi\u201d. Gino Strada. Afghanistan: cosa sta succedendo nel\",\"breadcrumb\":{\"@id\":\"https:\/\/www.pressenza.com\/it\/2022\/08\/afghanistan-2022-anno-uno-dellera-talebana\/#breadcrumb\"},\"inLanguage\":\"it-IT\",\"potentialAction\":[{\"@type\":\"ReadAction\",\"target\":[\"https:\/\/www.pressenza.com\/it\/2022\/08\/afghanistan-2022-anno-uno-dellera-talebana\/\"]}]},{\"@type\":\"ImageObject\",\"inLanguage\":\"it-IT\",\"@id\":\"https:\/\/www.pressenza.com\/it\/2022\/08\/afghanistan-2022-anno-uno-dellera-talebana\/#primaryimage\",\"url\":\"https:\/\/www.pressenza.com\/wp-content\/uploads\/2022\/08\/burka.jpeg\",\"contentUrl\":\"https:\/\/www.pressenza.com\/wp-content\/uploads\/2022\/08\/burka.jpeg\",\"width\":768,\"height\":499},{\"@type\":\"BreadcrumbList\",\"@id\":\"https:\/\/www.pressenza.com\/it\/2022\/08\/afghanistan-2022-anno-uno-dellera-talebana\/#breadcrumb\",\"itemListElement\":[{\"@type\":\"ListItem\",\"position\":1,\"name\":\"Accueil\",\"item\":\"https:\/\/www.pressenza.com\/it\/\"},{\"@type\":\"ListItem\",\"position\":2,\"name\":\"Afghanistan 2022: anno uno dell\u2019era talebana\"}]},{\"@type\":\"WebSite\",\"@id\":\"https:\/\/www.pressenza.com\/it\/#website\",\"url\":\"https:\/\/www.pressenza.com\/it\/\",\"name\":\"Pressenza\",\"description\":\"Agenzia di Stampa Internazionale\",\"publisher\":{\"@id\":\"https:\/\/www.pressenza.com\/it\/#organization\"},\"potentialAction\":[{\"@type\":\"SearchAction\",\"target\":{\"@type\":\"EntryPoint\",\"urlTemplate\":\"https:\/\/www.pressenza.com\/it\/?s={search_term_string}\"},\"query-input\":{\"@type\":\"PropertyValueSpecification\",\"valueRequired\":true,\"valueName\":\"search_term_string\"}}],\"inLanguage\":\"it-IT\"},{\"@type\":\"Organization\",\"@id\":\"https:\/\/www.pressenza.com\/it\/#organization\",\"name\":\"Pressenza\",\"url\":\"https:\/\/www.pressenza.com\/it\/\",\"logo\":{\"@type\":\"ImageObject\",\"inLanguage\":\"it-IT\",\"@id\":\"https:\/\/www.pressenza.com\/it\/#\/schema\/logo\/image\/\",\"url\":\"https:\/\/www.pressenza.com\/wp-content\/uploads\/2022\/10\/pressenza_logo_200x200.jpg\",\"contentUrl\":\"https:\/\/www.pressenza.com\/wp-content\/uploads\/2022\/10\/pressenza_logo_200x200.jpg\",\"width\":200,\"height\":200,\"caption\":\"Pressenza\"},\"image\":{\"@id\":\"https:\/\/www.pressenza.com\/it\/#\/schema\/logo\/image\/\"},\"sameAs\":[\"https:\/\/www.facebook.com\/PressenzaItalia\",\"https:\/\/x.com\/PressenzaIPA\"]},{\"@type\":\"Person\",\"@id\":\"https:\/\/www.pressenza.com\/it\/#\/schema\/person\/35da03cfcf5c64ec09017df63f453239\",\"name\":\"Stefania Catallo\",\"description\":\"Stefania Catallo, romana e fondatrice del centro antiviolenza Marie Anne Erize. Si occupa di storia orale e di diritti delle donne. Scrittrice, ha pubblicato diversi libri, l'ultimo dei quali \\\"Evviva, Marie Anne \u00e8 viva!\\\" (2018, Universitalia), ha ricevuto il Premio Orsello nella sezione Societ\u00e0.\",\"url\":\"https:\/\/www.pressenza.com\/it\/author\/stefania-catallo\/\"}]}<\/script>\n<!-- \/ Yoast SEO plugin. -->","yoast_head_json":{"title":"Afghanistan 2022: anno uno dell\u2019era talebana","description":"\u201cLa guerra genera guerra, un terrorismo contro l\u2019altro, tanto a pagare saranno poi civili inermi\u201d. Gino Strada. Afghanistan: cosa sta succedendo nel","robots":{"index":"index","follow":"follow","max-snippet":"max-snippet:-1","max-image-preview":"max-image-preview:large","max-video-preview":"max-video-preview:-1"},"canonical":"https:\/\/www.pressenza.com\/it\/2022\/08\/afghanistan-2022-anno-uno-dellera-talebana\/","og_locale":"it_IT","og_type":"article","og_title":"Afghanistan 2022: anno uno dell\u2019era talebana","og_description":"\u201cLa guerra genera guerra, un terrorismo contro l\u2019altro, tanto a pagare saranno poi civili inermi\u201d. Gino Strada. Afghanistan: cosa sta succedendo nel","og_url":"https:\/\/www.pressenza.com\/it\/2022\/08\/afghanistan-2022-anno-uno-dellera-talebana\/","og_site_name":"Pressenza","article_publisher":"https:\/\/www.facebook.com\/PressenzaItalia","article_published_time":"2022-08-09T12:24:13+00:00","article_modified_time":"2022-08-09T16:19:55+00:00","og_image":[{"width":768,"height":499,"url":"https:\/\/www.pressenza.com\/wp-content\/uploads\/2022\/08\/burka.jpeg","type":"image\/jpeg"}],"author":"Stefania Catallo","twitter_card":"summary_large_image","twitter_creator":"@PressenzaIPA","twitter_site":"@PressenzaIPA","twitter_misc":{"Scritto da":"Stefania Catallo","Tempo di lettura stimato":"6 minuti"},"schema":{"@context":"https:\/\/schema.org","@graph":[{"@type":"Article","@id":"https:\/\/www.pressenza.com\/it\/2022\/08\/afghanistan-2022-anno-uno-dellera-talebana\/#article","isPartOf":{"@id":"https:\/\/www.pressenza.com\/it\/2022\/08\/afghanistan-2022-anno-uno-dellera-talebana\/"},"author":{"name":"Stefania Catallo","@id":"https:\/\/www.pressenza.com\/it\/#\/schema\/person\/35da03cfcf5c64ec09017df63f453239"},"headline":"Afghanistan 2022: anno uno dell\u2019era talebana","datePublished":"2022-08-09T12:24:13+00:00","dateModified":"2022-08-09T16:19:55+00:00","mainEntityOfPage":{"@id":"https:\/\/www.pressenza.com\/it\/2022\/08\/afghanistan-2022-anno-uno-dellera-talebana\/"},"wordCount":990,"publisher":{"@id":"https:\/\/www.pressenza.com\/it\/#organization"},"image":{"@id":"https:\/\/www.pressenza.com\/it\/2022\/08\/afghanistan-2022-anno-uno-dellera-talebana\/#primaryimage"},"thumbnailUrl":"https:\/\/www.pressenza.com\/wp-content\/uploads\/2022\/08\/burka.jpeg","keywords":["Afghanistan","donne","Talebani","violazione dei diritti umani"],"articleSection":["Asia","Diritti Umani"],"inLanguage":"it-IT"},{"@type":"WebPage","@id":"https:\/\/www.pressenza.com\/it\/2022\/08\/afghanistan-2022-anno-uno-dellera-talebana\/","url":"https:\/\/www.pressenza.com\/it\/2022\/08\/afghanistan-2022-anno-uno-dellera-talebana\/","name":"Afghanistan 2022: anno uno dell\u2019era talebana","isPartOf":{"@id":"https:\/\/www.pressenza.com\/it\/#website"},"primaryImageOfPage":{"@id":"https:\/\/www.pressenza.com\/it\/2022\/08\/afghanistan-2022-anno-uno-dellera-talebana\/#primaryimage"},"image":{"@id":"https:\/\/www.pressenza.com\/it\/2022\/08\/afghanistan-2022-anno-uno-dellera-talebana\/#primaryimage"},"thumbnailUrl":"https:\/\/www.pressenza.com\/wp-content\/uploads\/2022\/08\/burka.jpeg","datePublished":"2022-08-09T12:24:13+00:00","dateModified":"2022-08-09T16:19:55+00:00","description":"\u201cLa guerra genera guerra, un terrorismo contro l\u2019altro, tanto a pagare saranno poi civili inermi\u201d. Gino Strada. Afghanistan: cosa sta succedendo nel","breadcrumb":{"@id":"https:\/\/www.pressenza.com\/it\/2022\/08\/afghanistan-2022-anno-uno-dellera-talebana\/#breadcrumb"},"inLanguage":"it-IT","potentialAction":[{"@type":"ReadAction","target":["https:\/\/www.pressenza.com\/it\/2022\/08\/afghanistan-2022-anno-uno-dellera-talebana\/"]}]},{"@type":"ImageObject","inLanguage":"it-IT","@id":"https:\/\/www.pressenza.com\/it\/2022\/08\/afghanistan-2022-anno-uno-dellera-talebana\/#primaryimage","url":"https:\/\/www.pressenza.com\/wp-content\/uploads\/2022\/08\/burka.jpeg","contentUrl":"https:\/\/www.pressenza.com\/wp-content\/uploads\/2022\/08\/burka.jpeg","width":768,"height":499},{"@type":"BreadcrumbList","@id":"https:\/\/www.pressenza.com\/it\/2022\/08\/afghanistan-2022-anno-uno-dellera-talebana\/#breadcrumb","itemListElement":[{"@type":"ListItem","position":1,"name":"Accueil","item":"https:\/\/www.pressenza.com\/it\/"},{"@type":"ListItem","position":2,"name":"Afghanistan 2022: anno uno dell\u2019era talebana"}]},{"@type":"WebSite","@id":"https:\/\/www.pressenza.com\/it\/#website","url":"https:\/\/www.pressenza.com\/it\/","name":"Pressenza","description":"Agenzia di Stampa Internazionale","publisher":{"@id":"https:\/\/www.pressenza.com\/it\/#organization"},"potentialAction":[{"@type":"SearchAction","target":{"@type":"EntryPoint","urlTemplate":"https:\/\/www.pressenza.com\/it\/?s={search_term_string}"},"query-input":{"@type":"PropertyValueSpecification","valueRequired":true,"valueName":"search_term_string"}}],"inLanguage":"it-IT"},{"@type":"Organization","@id":"https:\/\/www.pressenza.com\/it\/#organization","name":"Pressenza","url":"https:\/\/www.pressenza.com\/it\/","logo":{"@type":"ImageObject","inLanguage":"it-IT","@id":"https:\/\/www.pressenza.com\/it\/#\/schema\/logo\/image\/","url":"https:\/\/www.pressenza.com\/wp-content\/uploads\/2022\/10\/pressenza_logo_200x200.jpg","contentUrl":"https:\/\/www.pressenza.com\/wp-content\/uploads\/2022\/10\/pressenza_logo_200x200.jpg","width":200,"height":200,"caption":"Pressenza"},"image":{"@id":"https:\/\/www.pressenza.com\/it\/#\/schema\/logo\/image\/"},"sameAs":["https:\/\/www.facebook.com\/PressenzaItalia","https:\/\/x.com\/PressenzaIPA"]},{"@type":"Person","@id":"https:\/\/www.pressenza.com\/it\/#\/schema\/person\/35da03cfcf5c64ec09017df63f453239","name":"Stefania Catallo","description":"Stefania Catallo, romana e fondatrice del centro antiviolenza Marie Anne Erize. Si occupa di storia orale e di diritti delle donne. Scrittrice, ha pubblicato diversi libri, l'ultimo dei quali \"Evviva, Marie Anne \u00e8 viva!\" (2018, Universitalia), ha ricevuto il Premio Orsello nella sezione Societ\u00e0.","url":"https:\/\/www.pressenza.com\/it\/author\/stefania-catallo\/"}]}},"place":"","original_article_url":"https:\/\/www.thewomensentinel.net\/2022\/08\/08\/afghanistan-2022-anno-uno-dellera-talebana\/","_links":{"self":[{"href":"https:\/\/www.pressenza.com\/it\/wp-json\/wp\/v2\/posts\/1640124","targetHints":{"allow":["GET"]}}],"collection":[{"href":"https:\/\/www.pressenza.com\/it\/wp-json\/wp\/v2\/posts"}],"about":[{"href":"https:\/\/www.pressenza.com\/it\/wp-json\/wp\/v2\/types\/post"}],"author":[{"embeddable":true,"href":"https:\/\/www.pressenza.com\/it\/wp-json\/wp\/v2\/users\/1702"}],"replies":[{"embeddable":true,"href":"https:\/\/www.pressenza.com\/it\/wp-json\/wp\/v2\/comments?post=1640124"}],"version-history":[{"count":0,"href":"https:\/\/www.pressenza.com\/it\/wp-json\/wp\/v2\/posts\/1640124\/revisions"}],"wp:featuredmedia":[{"embeddable":true,"href":"https:\/\/www.pressenza.com\/it\/wp-json\/wp\/v2\/media\/1640155"}],"wp:attachment":[{"href":"https:\/\/www.pressenza.com\/it\/wp-json\/wp\/v2\/media?parent=1640124"}],"wp:term":[{"taxonomy":"category","embeddable":true,"href":"https:\/\/www.pressenza.com\/it\/wp-json\/wp\/v2\/categories?post=1640124"},{"taxonomy":"post_tag","embeddable":true,"href":"https:\/\/www.pressenza.com\/it\/wp-json\/wp\/v2\/tags?post=1640124"}],"curies":[{"name":"wp","href":"https:\/\/api.w.org\/{rel}","templated":true}]}}