{"id":163717,"date":"2015-02-16T16:17:06","date_gmt":"2015-02-16T16:17:06","guid":{"rendered":"http:\/\/www.pressenza.com\/?p=163717"},"modified":"2017-08-15T12:03:47","modified_gmt":"2017-08-15T11:03:47","slug":"appello-no-ad-una-seconda-guerra-libia","status":"publish","type":"post","link":"https:\/\/www.pressenza.com\/it\/2015\/02\/appello-no-ad-una-seconda-guerra-libia\/","title":{"rendered":"Appello: &#8220;No ad una seconda guerra in Libia!&#8221;"},"content":{"rendered":"<div class=\"nj11\">L&#8217;abbattimento del regime di Gheddafi ha riportato la Libia al clima politico ed economico di due secoli fa, prima della colonizzazione italiana e ancora prima della presenza ottomana. In altre parole, si \u00e8 tornati ad una tribalizzazione del territorio. Scomparsi i confini amministrativi, ogni trib\u00f9 difende le proprie frontiere e sfrutta le risorse petrolifere.<\/p>\n<\/div>\n<div class=\"nj11\">Non c&#8217;\u00e8 alcun dubbio che Muammar Gheddafi \u00e8 stato un crudele dittatore, ma nei suoi 42 anni di regno ha mantenuta intatta la nazione libica, l&#8217;ha dotata di un forte esercito e di un&#8217;eccellente amministrazione al punto che il reddito pro-capite del libico era il pi\u00f9 alto dell&#8217;Africa e si avvicinava a quello dei paesi europei. Ma soprattutto ha dato ai libici una fierezza che non avevano mai conosciuto.<\/p>\n<\/div>\n<div class=\"nj11\">A tre anni dal suo assassinio (avrebbe meritato un processo), la Libia \u00e8 nel caos pi\u00f9 completo e gi\u00e0 si parla con insistenza di risolvere la questione inviando truppe dall&#8217;estero per organizzarvi una seconda, micidiale e sciagurata guerra. Nel corso della prima infausta guerra, voluta soprattutto dalla Francia di Sarkozy, il paese ha sub\u00ecto danni immensi, 25 mila morti e distruzioni valutate dal Fondo Monetario Internazionale in 35 miliardi di dollari.<\/p>\n<\/div>\n<div class=\"nj11\">Poich\u00e8 le voci di un intervento militare italiano si fanno pi\u00f9 frequenti, noi chiediamo alle autorit\u00e0 del nostro Paese di non commettere il gravissimo errore compiuto nel 2011 quando offrimmo sette delle nostre basi aeree e pi\u00f9 tardi una flotta di cacciabombardieri per aggredire un paese sovrano, violando, per cominciare, gli articoli 11, 52, 78 e 87 della nostra Costituzione.<\/p>\n<\/div>\n<div class=\"nj11\">In un solo caso l&#8217;Italia pu\u00f2 intervenire, nell&#8217;ambito di una missione di pace e dietro la precisa richiesta dei due governi di Tripoli e di Tobruk che oggi si affrontano in una sterile guerra civile. Ma anche in questo caso l&#8217;azione dell&#8217;Italia deve essere coordinata con altri paesi europei e l&#8217;Unione Africana (UA).<\/p>\n<\/div>\n<div class=\"nj11\">Animati soprattutto dal desiderio di riportare la pace in un paese la cui popolazione ha gi\u00e0 sofferto abbastanza.<\/p>\n<\/div>\n<div class=\"nj11\">Ci appelliamo al nostro ministro degli esteri Gentiloni, ch\u00e9 non si faccia catturare dai venti di guerra che stanno soffiando insistenti.<\/p>\n<p>Ma soprattutto chiediamo a tutto il movimento per la pace perch\u00e8 faccia pressione sul governo Renzi perch\u00e8 l&#8217;Italia, come ex-potenza coloniale, porti i vari rivali libici attorno a un tavolo.<\/p>\n<p>Questo per il bene della Libia, ma anche per il bene nostro e dell&#8217;Europa.<\/p>\n<\/div>\n<div class=\"nj11\"><strong>Angelo Del Boca<\/strong><\/div>\n<div class=\"nj11\"><strong><strong>Alex Zanotelli<\/strong><\/strong><\/p>\n<\/div>\n<div class=\"nj11\">Torino, 8 febbraio 2015<\/div>\n<div class=\"nj11\"><\/div>\n<div class=\"nj11\"><a href=\"http:\/\/www.ildialogo.org\/FormAdesioneAppelli.php?doc=nolibia2\" target=\"_blank\">Aderisci all&#8217;appello<\/a><\/p>\n<\/div>\n","protected":false},"excerpt":{"rendered":"<p>L&#8217;abbattimento del regime di Gheddafi ha riportato la Libia al clima politico ed economico di due secoli fa, prima della colonizzazione italiana e ancora prima della presenza ottomana. In altre parole, si \u00e8 tornati ad una tribalizzazione del territorio. Scomparsi&hellip;<\/p>\n","protected":false},"author":717,"featured_media":163744,"comment_status":"closed","ping_status":"open","sticky":false,"template":"","format":"standard","meta":{"footnotes":""},"categories":[150,47,52,1263,57],"tags":[22197,672,16097,947,9350,1436,9209,365,15863,431,1087,4649,4441,16098,4331,294,23695],"class_list":["post-163717","post","type-post","status-publish","format-standard","has-post-thumbnail","hentry","category-comunicati-stampa","category-europa","category-medio-oriente","category-pace-disarmo","category-affari-esteri","tag-africa","tag-alex-zanotelli","tag-angelo-del-boca","tag-appello","tag-geopolitica","tag-gheddafi","tag-governo-renzi","tag-guerra","tag-guerra-in-libia","tag-intervento-militare","tag-libia","tag-matteo-renzi","tag-mediterraneo","tag-movimento-per-la-pace","tag-nord-africa","tag-pace","tag-paolo-gentiloni"],"yoast_head":"<!-- This site is optimized with the Yoast SEO plugin v27.1.1 - https:\/\/yoast.com\/product\/yoast-seo-wordpress\/ -->\n<title>Appello: &quot;No ad una seconda guerra in Libia!&quot;<\/title>\n<meta name=\"description\" content=\"L&#039;appello di Angelo Del Boca e Alex Zanotelli al governo italiano e al movimento per la pace, per scongiurare la possibilit\u00e0 di una seconda guerra in Libia\" \/>\n<meta name=\"robots\" content=\"index, follow, max-snippet:-1, max-image-preview:large, max-video-preview:-1\" \/>\n<link rel=\"canonical\" href=\"https:\/\/www.pressenza.com\/it\/2015\/02\/appello-no-ad-una-seconda-guerra-libia\/\" \/>\n<meta property=\"og:locale\" content=\"it_IT\" \/>\n<meta property=\"og:type\" content=\"article\" \/>\n<meta property=\"og:title\" content=\"Appello: &quot;No ad una seconda guerra in Libia!&quot;\" \/>\n<meta property=\"og:description\" content=\"L&#039;appello di Angelo Del Boca e Alex Zanotelli al governo italiano e al movimento per la pace, per scongiurare la possibilit\u00e0 di una seconda guerra in Libia\" \/>\n<meta property=\"og:url\" content=\"https:\/\/www.pressenza.com\/it\/2015\/02\/appello-no-ad-una-seconda-guerra-libia\/\" \/>\n<meta property=\"og:site_name\" content=\"Pressenza\" \/>\n<meta property=\"article:publisher\" content=\"https:\/\/www.facebook.com\/PressenzaItalia\" \/>\n<meta property=\"article:published_time\" content=\"2015-02-16T16:17:06+00:00\" \/>\n<meta property=\"article:modified_time\" content=\"2017-08-15T11:03:47+00:00\" \/>\n<meta property=\"og:image\" content=\"https:\/\/www.pressenza.com\/wp-content\/uploads\/2015\/02\/600px-People_on_a_tank_in_Benghazi1.jpg\" \/>\n\t<meta property=\"og:image:width\" content=\"600\" \/>\n\t<meta property=\"og:image:height\" content=\"473\" \/>\n\t<meta property=\"og:image:type\" content=\"image\/jpeg\" \/>\n<meta name=\"author\" content=\"Il Dialogo\" \/>\n<meta name=\"twitter:card\" content=\"summary_large_image\" \/>\n<meta name=\"twitter:creator\" content=\"@PressenzaIPA\" \/>\n<meta name=\"twitter:site\" content=\"@PressenzaIPA\" \/>\n<meta name=\"twitter:label1\" content=\"Scritto da\" \/>\n\t<meta name=\"twitter:data1\" content=\"Il Dialogo\" \/>\n\t<meta name=\"twitter:label2\" content=\"Tempo di lettura stimato\" \/>\n\t<meta name=\"twitter:data2\" content=\"2 minuti\" \/>\n<script type=\"application\/ld+json\" class=\"yoast-schema-graph\">{\"@context\":\"https:\/\/schema.org\",\"@graph\":[{\"@type\":\"Article\",\"@id\":\"https:\/\/www.pressenza.com\/it\/2015\/02\/appello-no-ad-una-seconda-guerra-libia\/#article\",\"isPartOf\":{\"@id\":\"https:\/\/www.pressenza.com\/it\/2015\/02\/appello-no-ad-una-seconda-guerra-libia\/\"},\"author\":{\"name\":\"Il Dialogo\",\"@id\":\"https:\/\/www.pressenza.com\/it\/#\/schema\/person\/f3d993d6d9c3ec7ce2374736859e724a\"},\"headline\":\"Appello: &#8220;No ad una seconda guerra in Libia!&#8221;\",\"datePublished\":\"2015-02-16T16:17:06+00:00\",\"dateModified\":\"2017-08-15T11:03:47+00:00\",\"mainEntityOfPage\":{\"@id\":\"https:\/\/www.pressenza.com\/it\/2015\/02\/appello-no-ad-una-seconda-guerra-libia\/\"},\"wordCount\":410,\"publisher\":{\"@id\":\"https:\/\/www.pressenza.com\/it\/#organization\"},\"image\":{\"@id\":\"https:\/\/www.pressenza.com\/it\/2015\/02\/appello-no-ad-una-seconda-guerra-libia\/#primaryimage\"},\"thumbnailUrl\":\"https:\/\/www.pressenza.com\/wp-content\/uploads\/2015\/02\/600px-People_on_a_tank_in_Benghazi1.jpg\",\"keywords\":[\"Africa\",\"Alex Zanotelli\",\"Angelo Del Boca\",\"appello\",\"geopolitica\",\"Gheddafi\",\"Governo Renzi\",\"guerra\",\"guerra in libia\",\"intervento militare\",\"Libia\",\"Matteo Renzi\",\"Mediterraneo\",\"movimento per la pace\",\"Nord Africa\",\"Pace\",\"Paolo Gentiloni\"],\"articleSection\":[\"Comunicati Stampa\",\"Europa\",\"Medio Oriente\",\"Pace e Disarmo\",\"Questioni internazionali\"],\"inLanguage\":\"it-IT\"},{\"@type\":\"WebPage\",\"@id\":\"https:\/\/www.pressenza.com\/it\/2015\/02\/appello-no-ad-una-seconda-guerra-libia\/\",\"url\":\"https:\/\/www.pressenza.com\/it\/2015\/02\/appello-no-ad-una-seconda-guerra-libia\/\",\"name\":\"Appello: \\\"No ad una seconda guerra in Libia!\\\"\",\"isPartOf\":{\"@id\":\"https:\/\/www.pressenza.com\/it\/#website\"},\"primaryImageOfPage\":{\"@id\":\"https:\/\/www.pressenza.com\/it\/2015\/02\/appello-no-ad-una-seconda-guerra-libia\/#primaryimage\"},\"image\":{\"@id\":\"https:\/\/www.pressenza.com\/it\/2015\/02\/appello-no-ad-una-seconda-guerra-libia\/#primaryimage\"},\"thumbnailUrl\":\"https:\/\/www.pressenza.com\/wp-content\/uploads\/2015\/02\/600px-People_on_a_tank_in_Benghazi1.jpg\",\"datePublished\":\"2015-02-16T16:17:06+00:00\",\"dateModified\":\"2017-08-15T11:03:47+00:00\",\"description\":\"L'appello di Angelo Del Boca e Alex Zanotelli al governo italiano e al movimento per la pace, per scongiurare la possibilit\u00e0 di una seconda guerra in Libia\",\"breadcrumb\":{\"@id\":\"https:\/\/www.pressenza.com\/it\/2015\/02\/appello-no-ad-una-seconda-guerra-libia\/#breadcrumb\"},\"inLanguage\":\"it-IT\",\"potentialAction\":[{\"@type\":\"ReadAction\",\"target\":[\"https:\/\/www.pressenza.com\/it\/2015\/02\/appello-no-ad-una-seconda-guerra-libia\/\"]}]},{\"@type\":\"ImageObject\",\"inLanguage\":\"it-IT\",\"@id\":\"https:\/\/www.pressenza.com\/it\/2015\/02\/appello-no-ad-una-seconda-guerra-libia\/#primaryimage\",\"url\":\"https:\/\/www.pressenza.com\/wp-content\/uploads\/2015\/02\/600px-People_on_a_tank_in_Benghazi1.jpg\",\"contentUrl\":\"https:\/\/www.pressenza.com\/wp-content\/uploads\/2015\/02\/600px-People_on_a_tank_in_Benghazi1.jpg\",\"width\":600,\"height\":473,\"caption\":\"no seconda guerra libia zanotelli del boca\"},{\"@type\":\"BreadcrumbList\",\"@id\":\"https:\/\/www.pressenza.com\/it\/2015\/02\/appello-no-ad-una-seconda-guerra-libia\/#breadcrumb\",\"itemListElement\":[{\"@type\":\"ListItem\",\"position\":1,\"name\":\"Accueil\",\"item\":\"https:\/\/www.pressenza.com\/it\/\"},{\"@type\":\"ListItem\",\"position\":2,\"name\":\"Appello: &#8220;No ad una seconda guerra in Libia!&#8221;\"}]},{\"@type\":\"WebSite\",\"@id\":\"https:\/\/www.pressenza.com\/it\/#website\",\"url\":\"https:\/\/www.pressenza.com\/it\/\",\"name\":\"Pressenza\",\"description\":\"Agenzia di Stampa Internazionale\",\"publisher\":{\"@id\":\"https:\/\/www.pressenza.com\/it\/#organization\"},\"potentialAction\":[{\"@type\":\"SearchAction\",\"target\":{\"@type\":\"EntryPoint\",\"urlTemplate\":\"https:\/\/www.pressenza.com\/it\/?s={search_term_string}\"},\"query-input\":{\"@type\":\"PropertyValueSpecification\",\"valueRequired\":true,\"valueName\":\"search_term_string\"}}],\"inLanguage\":\"it-IT\"},{\"@type\":\"Organization\",\"@id\":\"https:\/\/www.pressenza.com\/it\/#organization\",\"name\":\"Pressenza\",\"url\":\"https:\/\/www.pressenza.com\/it\/\",\"logo\":{\"@type\":\"ImageObject\",\"inLanguage\":\"it-IT\",\"@id\":\"https:\/\/www.pressenza.com\/it\/#\/schema\/logo\/image\/\",\"url\":\"https:\/\/www.pressenza.com\/wp-content\/uploads\/2022\/10\/pressenza_logo_200x200.jpg\",\"contentUrl\":\"https:\/\/www.pressenza.com\/wp-content\/uploads\/2022\/10\/pressenza_logo_200x200.jpg\",\"width\":200,\"height\":200,\"caption\":\"Pressenza\"},\"image\":{\"@id\":\"https:\/\/www.pressenza.com\/it\/#\/schema\/logo\/image\/\"},\"sameAs\":[\"https:\/\/www.facebook.com\/PressenzaItalia\",\"https:\/\/x.com\/PressenzaIPA\"]},{\"@type\":\"Person\",\"@id\":\"https:\/\/www.pressenza.com\/it\/#\/schema\/person\/f3d993d6d9c3ec7ce2374736859e724a\",\"name\":\"Il Dialogo\",\"description\":\"Siamo un periodico di ispirazione cristiana. Dal 1996 al 1998, questo periodico \u00e8 stato stampato con periodicit\u00e0 quindicinale. Poi siamo diventati prevalentemente un giornale on-line, con pochi numeri stampati ogni anno, soprattutto in occasioni importanti. Operiamo a Monteforte Irpino in provincia di Avellino. Ci occupiamo di tutto ci\u00f2 che attiene alle persone in difficolt\u00e0, ai carcerati, ai migantii. Cerchiamo di dare voce a chi non ha voce e di occuparci di tutti quegli argomenti di cui nessuno vuol parlare. www.ildialogo.org\",\"url\":\"https:\/\/www.pressenza.com\/it\/author\/il-dialogo\/\"}]}<\/script>\n<!-- \/ Yoast SEO plugin. -->","yoast_head_json":{"title":"Appello: \"No ad una seconda guerra in Libia!\"","description":"L'appello di Angelo Del Boca e Alex Zanotelli al governo italiano e al movimento per la pace, per scongiurare la possibilit\u00e0 di una seconda guerra in Libia","robots":{"index":"index","follow":"follow","max-snippet":"max-snippet:-1","max-image-preview":"max-image-preview:large","max-video-preview":"max-video-preview:-1"},"canonical":"https:\/\/www.pressenza.com\/it\/2015\/02\/appello-no-ad-una-seconda-guerra-libia\/","og_locale":"it_IT","og_type":"article","og_title":"Appello: \"No ad una seconda guerra in Libia!\"","og_description":"L'appello di Angelo Del Boca e Alex Zanotelli al governo italiano e al movimento per la pace, per scongiurare la possibilit\u00e0 di una seconda guerra in Libia","og_url":"https:\/\/www.pressenza.com\/it\/2015\/02\/appello-no-ad-una-seconda-guerra-libia\/","og_site_name":"Pressenza","article_publisher":"https:\/\/www.facebook.com\/PressenzaItalia","article_published_time":"2015-02-16T16:17:06+00:00","article_modified_time":"2017-08-15T11:03:47+00:00","og_image":[{"width":600,"height":473,"url":"https:\/\/www.pressenza.com\/wp-content\/uploads\/2015\/02\/600px-People_on_a_tank_in_Benghazi1.jpg","type":"image\/jpeg"}],"author":"Il Dialogo","twitter_card":"summary_large_image","twitter_creator":"@PressenzaIPA","twitter_site":"@PressenzaIPA","twitter_misc":{"Scritto da":"Il Dialogo","Tempo di lettura stimato":"2 minuti"},"schema":{"@context":"https:\/\/schema.org","@graph":[{"@type":"Article","@id":"https:\/\/www.pressenza.com\/it\/2015\/02\/appello-no-ad-una-seconda-guerra-libia\/#article","isPartOf":{"@id":"https:\/\/www.pressenza.com\/it\/2015\/02\/appello-no-ad-una-seconda-guerra-libia\/"},"author":{"name":"Il Dialogo","@id":"https:\/\/www.pressenza.com\/it\/#\/schema\/person\/f3d993d6d9c3ec7ce2374736859e724a"},"headline":"Appello: &#8220;No ad una seconda guerra in Libia!&#8221;","datePublished":"2015-02-16T16:17:06+00:00","dateModified":"2017-08-15T11:03:47+00:00","mainEntityOfPage":{"@id":"https:\/\/www.pressenza.com\/it\/2015\/02\/appello-no-ad-una-seconda-guerra-libia\/"},"wordCount":410,"publisher":{"@id":"https:\/\/www.pressenza.com\/it\/#organization"},"image":{"@id":"https:\/\/www.pressenza.com\/it\/2015\/02\/appello-no-ad-una-seconda-guerra-libia\/#primaryimage"},"thumbnailUrl":"https:\/\/www.pressenza.com\/wp-content\/uploads\/2015\/02\/600px-People_on_a_tank_in_Benghazi1.jpg","keywords":["Africa","Alex Zanotelli","Angelo Del Boca","appello","geopolitica","Gheddafi","Governo Renzi","guerra","guerra in libia","intervento militare","Libia","Matteo Renzi","Mediterraneo","movimento per la pace","Nord Africa","Pace","Paolo Gentiloni"],"articleSection":["Comunicati Stampa","Europa","Medio Oriente","Pace e Disarmo","Questioni internazionali"],"inLanguage":"it-IT"},{"@type":"WebPage","@id":"https:\/\/www.pressenza.com\/it\/2015\/02\/appello-no-ad-una-seconda-guerra-libia\/","url":"https:\/\/www.pressenza.com\/it\/2015\/02\/appello-no-ad-una-seconda-guerra-libia\/","name":"Appello: \"No ad una seconda guerra in Libia!\"","isPartOf":{"@id":"https:\/\/www.pressenza.com\/it\/#website"},"primaryImageOfPage":{"@id":"https:\/\/www.pressenza.com\/it\/2015\/02\/appello-no-ad-una-seconda-guerra-libia\/#primaryimage"},"image":{"@id":"https:\/\/www.pressenza.com\/it\/2015\/02\/appello-no-ad-una-seconda-guerra-libia\/#primaryimage"},"thumbnailUrl":"https:\/\/www.pressenza.com\/wp-content\/uploads\/2015\/02\/600px-People_on_a_tank_in_Benghazi1.jpg","datePublished":"2015-02-16T16:17:06+00:00","dateModified":"2017-08-15T11:03:47+00:00","description":"L'appello di Angelo Del Boca e Alex Zanotelli al governo italiano e al movimento per la pace, per scongiurare la possibilit\u00e0 di una seconda guerra in Libia","breadcrumb":{"@id":"https:\/\/www.pressenza.com\/it\/2015\/02\/appello-no-ad-una-seconda-guerra-libia\/#breadcrumb"},"inLanguage":"it-IT","potentialAction":[{"@type":"ReadAction","target":["https:\/\/www.pressenza.com\/it\/2015\/02\/appello-no-ad-una-seconda-guerra-libia\/"]}]},{"@type":"ImageObject","inLanguage":"it-IT","@id":"https:\/\/www.pressenza.com\/it\/2015\/02\/appello-no-ad-una-seconda-guerra-libia\/#primaryimage","url":"https:\/\/www.pressenza.com\/wp-content\/uploads\/2015\/02\/600px-People_on_a_tank_in_Benghazi1.jpg","contentUrl":"https:\/\/www.pressenza.com\/wp-content\/uploads\/2015\/02\/600px-People_on_a_tank_in_Benghazi1.jpg","width":600,"height":473,"caption":"no seconda guerra libia zanotelli del boca"},{"@type":"BreadcrumbList","@id":"https:\/\/www.pressenza.com\/it\/2015\/02\/appello-no-ad-una-seconda-guerra-libia\/#breadcrumb","itemListElement":[{"@type":"ListItem","position":1,"name":"Accueil","item":"https:\/\/www.pressenza.com\/it\/"},{"@type":"ListItem","position":2,"name":"Appello: &#8220;No ad una seconda guerra in Libia!&#8221;"}]},{"@type":"WebSite","@id":"https:\/\/www.pressenza.com\/it\/#website","url":"https:\/\/www.pressenza.com\/it\/","name":"Pressenza","description":"Agenzia di Stampa Internazionale","publisher":{"@id":"https:\/\/www.pressenza.com\/it\/#organization"},"potentialAction":[{"@type":"SearchAction","target":{"@type":"EntryPoint","urlTemplate":"https:\/\/www.pressenza.com\/it\/?s={search_term_string}"},"query-input":{"@type":"PropertyValueSpecification","valueRequired":true,"valueName":"search_term_string"}}],"inLanguage":"it-IT"},{"@type":"Organization","@id":"https:\/\/www.pressenza.com\/it\/#organization","name":"Pressenza","url":"https:\/\/www.pressenza.com\/it\/","logo":{"@type":"ImageObject","inLanguage":"it-IT","@id":"https:\/\/www.pressenza.com\/it\/#\/schema\/logo\/image\/","url":"https:\/\/www.pressenza.com\/wp-content\/uploads\/2022\/10\/pressenza_logo_200x200.jpg","contentUrl":"https:\/\/www.pressenza.com\/wp-content\/uploads\/2022\/10\/pressenza_logo_200x200.jpg","width":200,"height":200,"caption":"Pressenza"},"image":{"@id":"https:\/\/www.pressenza.com\/it\/#\/schema\/logo\/image\/"},"sameAs":["https:\/\/www.facebook.com\/PressenzaItalia","https:\/\/x.com\/PressenzaIPA"]},{"@type":"Person","@id":"https:\/\/www.pressenza.com\/it\/#\/schema\/person\/f3d993d6d9c3ec7ce2374736859e724a","name":"Il Dialogo","description":"Siamo un periodico di ispirazione cristiana. Dal 1996 al 1998, questo periodico \u00e8 stato stampato con periodicit\u00e0 quindicinale. Poi siamo diventati prevalentemente un giornale on-line, con pochi numeri stampati ogni anno, soprattutto in occasioni importanti. Operiamo a Monteforte Irpino in provincia di Avellino. Ci occupiamo di tutto ci\u00f2 che attiene alle persone in difficolt\u00e0, ai carcerati, ai migantii. Cerchiamo di dare voce a chi non ha voce e di occuparci di tutti quegli argomenti di cui nessuno vuol parlare. www.ildialogo.org","url":"https:\/\/www.pressenza.com\/it\/author\/il-dialogo\/"}]}},"place":"","original_article_url":"http:\/\/www.ildialogo.org\/cEv.php?f=http:\/\/www.ildialogo.org\/appelli\/indice_1423653429.htm","_links":{"self":[{"href":"https:\/\/www.pressenza.com\/it\/wp-json\/wp\/v2\/posts\/163717","targetHints":{"allow":["GET"]}}],"collection":[{"href":"https:\/\/www.pressenza.com\/it\/wp-json\/wp\/v2\/posts"}],"about":[{"href":"https:\/\/www.pressenza.com\/it\/wp-json\/wp\/v2\/types\/post"}],"author":[{"embeddable":true,"href":"https:\/\/www.pressenza.com\/it\/wp-json\/wp\/v2\/users\/717"}],"replies":[{"embeddable":true,"href":"https:\/\/www.pressenza.com\/it\/wp-json\/wp\/v2\/comments?post=163717"}],"version-history":[{"count":0,"href":"https:\/\/www.pressenza.com\/it\/wp-json\/wp\/v2\/posts\/163717\/revisions"}],"wp:featuredmedia":[{"embeddable":true,"href":"https:\/\/www.pressenza.com\/it\/wp-json\/wp\/v2\/media\/163744"}],"wp:attachment":[{"href":"https:\/\/www.pressenza.com\/it\/wp-json\/wp\/v2\/media?parent=163717"}],"wp:term":[{"taxonomy":"category","embeddable":true,"href":"https:\/\/www.pressenza.com\/it\/wp-json\/wp\/v2\/categories?post=163717"},{"taxonomy":"post_tag","embeddable":true,"href":"https:\/\/www.pressenza.com\/it\/wp-json\/wp\/v2\/tags?post=163717"}],"curies":[{"name":"wp","href":"https:\/\/api.w.org\/{rel}","templated":true}]}}