{"id":1636506,"date":"2022-08-03T12:57:00","date_gmt":"2022-08-03T11:57:00","guid":{"rendered":"https:\/\/www.pressenza.com\/?p=1636506"},"modified":"2022-08-03T13:05:05","modified_gmt":"2022-08-03T12:05:05","slug":"altrimenti-riflessioni-verso-decrescita-se-non-ora-quando","status":"publish","type":"post","link":"https:\/\/www.pressenza.com\/it\/2022\/08\/altrimenti-riflessioni-verso-decrescita-se-non-ora-quando\/","title":{"rendered":"Altrimenti: riflessioni verso &#8220;Decrescita: se non ora quando?&#8221;"},"content":{"rendered":"<p><span style=\"font-family: Times New Roman, serif;\"><span style=\"font-size: medium;\">Il pi\u00f9 delle volte, alle richieste della gente i decisori pubblici non rispondono contestandone la sensatezza, ma con uno sconsolato sospiro di impotenza: \u201cSarebbe bello fare ci\u00f2 che chiedete, ma non si pu\u00f2. <\/span><\/span><span style=\"font-family: Times New Roman, serif;\"><span style=\"font-size: medium;\"><i>Altrimenti<\/i><\/span><\/span><span style=\"font-family: Times New Roman, serif;\"><span style=\"font-size: medium;\">\u2026\u201d. Che suona come una minaccia. Non si possono riconvertire le industrie che inquinano, <\/span><\/span><span style=\"font-family: Times New Roman, serif;\"><span style=\"font-size: medium;\"><i>altrimenti<\/i><\/span><\/span><span style=\"font-family: Times New Roman, serif;\"><span style=\"font-size: medium;\"> dove vanno a lavorare gli operai? Non si pu\u00f2 istituire un reddito di sussistenza universale, <\/span><\/span><span style=\"font-family: Times New Roman, serif;\"><span style=\"font-size: medium;\"><i>altrimenti <\/i><\/span><\/span><span style=\"font-family: Times New Roman, serif;\"><span style=\"font-size: medium;\">nessuno accetterebbe di svolgere i lavori che le aziende richiedono. Non si possono tagliare i ticket sanitari, i biglietti dei mezzi di trasporto, le spese per frequentare la scuola\u2026 <\/span><\/span><span style=\"font-family: Times New Roman, serif;\"><span style=\"font-size: medium;\"><i>altrimenti<\/i><\/span><\/span><span style=\"font-family: Times New Roman, serif;\"><span style=\"font-size: medium;\"> servirebbero pi\u00f9 tasse e gli \u201cinvestitori\u201d scapperebbero all\u2019estero. Non si possono concedere gratuitamente vaccini e medicine salvavita ai paesi in difficolt\u00e0, <\/span><\/span><span style=\"font-family: Times New Roman, serif;\"><span style=\"font-size: medium;\"><i>altrimenti<\/i><\/span><\/span><span style=\"font-family: Times New Roman, serif;\"><span style=\"font-size: medium;\"> nessuno farebbe pi\u00f9 ricerca scientifica. Non si possono ridurre le spese militari, <\/span><\/span><span style=\"font-family: Times New Roman, serif;\"><span style=\"font-size: medium;\"><i>altrimenti<\/i><\/span><\/span><span style=\"font-family: Times New Roman, serif;\"><span style=\"font-size: medium;\"> chi ferma i nuovi Hitler alle porte di casa? Insomma, c\u2019\u00e8 sempre qualcosa o qualcuno al disopra e pi\u00f9 potente della nostra volont\u00e0 che impedisce di fare le cose buone e giuste. Non sono loro, i governi e i politici, a volere inquinare, mettere in difficolt\u00e0 le persone indigenti, scatenare guerre\u2026 Per carit\u00e0! Sono \u201cle cose\u201d che girano da sole in una certa maniera. E nessuno pu\u00f2 fermarle, <\/span><\/span><span style=\"font-family: Times New Roman, serif;\"><span style=\"font-size: medium;\"><i>altrimenti:<\/i><\/span><\/span><span style=\"font-family: Times New Roman, serif;\"><span style=\"font-size: medium;\"> recessione, inflazione, disoccupazione, razionamenti e miseria. <\/span><\/span><\/p>\n<p><span style=\"font-family: Times New Roman, serif;\"><span style=\"font-size: medium;\">E se fosse vero esattamente il contrario? Se le difficolt\u00e0 che il sistema economico di mercato sta incontrando in ogni parte del mondo nel dare risposte alle esigenze e alle speranze delle popolazioni non dipendessero da malvagi fattori esterni incontrollabili, ma esattamente dalla sua stessa logica di funzionamento? Ecco una affascinate ipotesi su cui la politica potrebbe utilmente cimentarsi, prima che le crisi sistemiche in atto non si intreccino in una tempesta perfetta climatica, sociale, geopolitica e di civilt\u00e0. Per evitarla servirebbe ricorrere ad un \u201cfreno di emergenza\u201d (come quello ipotizzato da Walter Benjamin, di fronte al nazismo) per interrompere il viaggio, apparentemente inevitabile, della locomotiva della storia universale verso una nuova catastrofe (Michael L\u00f6wy, <\/span><\/span><span style=\"font-family: Times New Roman, serif;\"><span style=\"font-size: medium;\"><i>La rivoluzione \u00e8 il freno di emergenza<\/i><\/span><\/span><span style=\"font-family: Times New Roman, serif;\"><span style=\"font-size: medium;\">, Ombre corte 2020).<\/span><\/span><\/p>\n<p><span style=\"font-family: Times New Roman, serif;\"><span style=\"font-size: medium;\">In attesa che i partiti politici aprano i loro orizzonti programmatici sul destino del pianeta, da vent\u2019anni i movimenti sociali altromondialisti \u2013 da Seattle 1999, per intenderci &#8211; hanno indicato nella globalizzazione neoliberista, nell\u2019estrattivismo, nella competizione selvaggia tra imprese, aree geografiche e persino tra gli individui i \u201cvirus\u201d di un modo sociale di produzione, distribuzione e consumo che genera pi\u00f9 danni che benefici. <\/span><\/span><\/p>\n<p><span style=\"font-family: Times New Roman, serif;\"><span style=\"font-size: medium;\">Una di queste correnti di pensiero ritiene che sia proprio l\u2019ossessione moderna per la crescita economica (quella che si misura esclusivamente con il valore monetario delle merci vendute, il Pil) la ragione delle nostre sofferenze. Sfondati i limiti geo-bio-chimici dell\u2019ecosistema planetario, i cicli vitali smettono di rigenerarsi. Tutto ci\u00f2 mentre continua ad aumentare l\u2019apporto richiesto di lavoro umano \u201cnecessario\u201d a far funzionare la mega-macchina tecnoindustriale. C\u2019\u00e8 chi la chiama: societ\u00e0 del burnout. Insomma, non dico la promessa della felicit\u00e0 e tantomeno quella della libert\u00e0 dal bisogno, ma nemmeno quella di una esistenza dignitosa per tutti e tutte sembra essere mantenuta dal sistema socioeconomico e politico oggi esistente. La \u201cmano invisibile\u201d di Smith e, nel suo piccolo, il \u201cpilota automatico\u201d di Draghi hanno perso l\u2019orientamento. Che fare? Un gruppo di ricercatori, attivisti di movimenti ecologisti, alcune associazioni dell\u2019altraeconoma si sono dati appuntamento a Venezia a settembre (vedi qui sotto) per capire come poter iniziare a invertire la marcia seguendo l\u2019idea di una societ\u00e0 orientata alla decrescita.<\/span><\/span><\/p>\n<p style=\"text-align: right;\"><strong><span class=\"il\">Paolo<\/span>\u00a0<span class=\"il\">Cacciari<\/span><\/strong><\/p>\n<p>&nbsp;<\/p>\n<hr \/>\n<p>&nbsp;<\/p>\n<p><span style=\"font-family: Times New Roman, serif;\"><span style=\"font-size: medium;\">DECRESCITA: SE NON ORA QUANDO? Dall&#8217;illusione della crescita verde ad una democrazia della terra. <\/span><\/span><\/p>\n<p><span style=\"font-family: Times New Roman, serif;\"><span style=\"font-size: medium;\">L\u2019incontro si terr\u00e0 dal 7 al 9 settembre presso la sede dell\u2019Istituto Universitario di Architettura di Venezia e proseguir\u00e0 il 10 al Lido con il Venice Climate Camp organizzato dal Rise Up 4 Climate Justice e Fridays For Future.<\/span><\/span><\/p>\n<p><span style=\"font-family: Times New Roman, serif;\"><span style=\"font-size: medium;\">L\u2019incontro \u00e8 promosso dalle associazioni e dai movimenti per la decrescita e l\u2019economia solidale.<\/span><\/span><\/p>\n<p><span style=\"font-family: Times New Roman, serif;\"><span style=\"font-size: medium;\">Con il patrocinio delle universit\u00e0 di Venezia e di Udine e del Support Group of the International Conferences on Degrowth for Ecological Sustainability and Social Equity. Molte le associazioni partner tra cui Laudato si\u2019 di Milano, Tilt, Bilanci di Giustizia, Co-Energia.<\/span><\/span><\/p>\n<p><span style=\"font-family: Times New Roman, serif;\"><span style=\"font-size: medium;\">L\u2019incontro si svolger\u00e0 attorno a quattro plenarie a cui parteciperanno in presenza Vandana Shiva, Amaia Perez Orozco, Antonia De Vita, Riccardo Mastini, Jean Louis Aillon, Rocco Altieri, Manlio Masucci, Marco Bersani, Mario Pansera,<\/span><\/span> <span style=\"font-family: Times New Roman, serif;\"><span style=\"font-size: medium;\">Luigi Pellizzoni, Viviana Asara, Marco Deriu e, da remoto, Silvi Federici, Timoth\u00e9e Parrique, Serge Latouche, Helena Norberg-Hodge. La discussione si svilupper\u00e0 in parallelo su quindici tavoli di discussione preparati da tracce di documenti di base, frutto di un lavoro collegiale, gi\u00e0 disponibili sul sito: <\/span><\/span><a href=\"http:\/\/www.venezia2022.it\/\"><span style=\"color: #0000ff;\"><span style=\"font-family: Times New Roman, serif;\"><span style=\"font-size: medium;\"><u>www.venezia2022.it<\/u><\/span><\/span><\/span><\/a><span style=\"font-family: Times New Roman, serif;\"><span style=\"font-size: medium;\">. La partecipazione \u00e8 per iscrizione fino a 250 posti disponibili.<\/span><\/span><\/p>\n<p><span style=\"font-family: Times New Roman, serif;\"><span style=\"font-size: medium;\">Per informazioni: <\/span><\/span><\/p>\n<p><span style=\"font-family: Times New Roman, serif;\"><span style=\"font-size: medium;\">\u00a0<a href=\"http:\/\/www.venezia2022.it\/\"><span style=\"color: #0000ff;\"><u>www.venezia2022.it<\/u><\/span><\/a>; <a href=\"mailto:info@venezia2022.it\">info@venezia2022.it<\/a><\/span><\/span><\/p>\n","protected":false},"excerpt":{"rendered":"<p>Il pi\u00f9 delle volte, alle richieste della gente i decisori pubblici non rispondono contestandone la sensatezza, ma con uno sconsolato sospiro di impotenza: \u201cSarebbe bello fare ci\u00f2 che chiedete, ma non si pu\u00f2. Altrimenti\u2026\u201d. Che suona come una minaccia. Non&hellip;<\/p>\n","protected":false},"author":594,"featured_media":1587499,"comment_status":"closed","ping_status":"closed","sticky":false,"template":"","format":"standard","meta":{"footnotes":""},"categories":[11388,59,62,47],"tags":[671,4206],"class_list":["post-1636506","post","type-post","status-publish","format-standard","has-post-thumbnail","hentry","category-contenuti-originali","category-ambiente-ecologia","category-economia","category-europa","tag-decrescita","tag-venezia"],"yoast_head":"<!-- This site is optimized with the Yoast SEO plugin v27.1.1 - https:\/\/yoast.com\/product\/yoast-seo-wordpress\/ -->\n<title>Altrimenti: riflessioni verso &quot;Decrescita: se non ora quando?&quot;<\/title>\n<meta name=\"description\" content=\"Il pi\u00f9 delle volte, alle richieste della gente i decisori pubblici non rispondono contestandone la sensatezza, ma con uno sconsolato sospiro di impotenza:\" \/>\n<meta name=\"robots\" content=\"index, follow, max-snippet:-1, max-image-preview:large, max-video-preview:-1\" \/>\n<link rel=\"canonical\" href=\"https:\/\/www.pressenza.com\/it\/2022\/08\/altrimenti-riflessioni-verso-decrescita-se-non-ora-quando\/\" \/>\n<meta property=\"og:locale\" content=\"it_IT\" \/>\n<meta property=\"og:type\" content=\"article\" \/>\n<meta property=\"og:title\" content=\"Altrimenti: riflessioni verso &quot;Decrescita: se non ora quando?&quot;\" \/>\n<meta property=\"og:description\" content=\"Il pi\u00f9 delle volte, alle richieste della gente i decisori pubblici non rispondono contestandone la sensatezza, ma con uno sconsolato sospiro di impotenza:\" \/>\n<meta property=\"og:url\" content=\"https:\/\/www.pressenza.com\/it\/2022\/08\/altrimenti-riflessioni-verso-decrescita-se-non-ora-quando\/\" \/>\n<meta property=\"og:site_name\" content=\"Pressenza\" \/>\n<meta property=\"article:publisher\" content=\"https:\/\/www.facebook.com\/PressenzaItalia\" \/>\n<meta property=\"article:author\" content=\"https:\/\/www.facebook.com\/PressenzaItalia\" \/>\n<meta property=\"article:published_time\" content=\"2022-08-03T11:57:00+00:00\" \/>\n<meta property=\"article:modified_time\" content=\"2022-08-03T12:05:05+00:00\" \/>\n<meta property=\"og:image\" content=\"https:\/\/www.pressenza.com\/wp-content\/uploads\/2022\/05\/decrescita-incontro-Venezia.jpg\" \/>\n\t<meta property=\"og:image:width\" content=\"1164\" \/>\n\t<meta property=\"og:image:height\" content=\"610\" \/>\n\t<meta property=\"og:image:type\" content=\"image\/jpeg\" \/>\n<meta name=\"author\" content=\"Redazione Italia\" \/>\n<meta name=\"twitter:card\" content=\"summary_large_image\" \/>\n<meta name=\"twitter:creator\" content=\"@pressenza_it\" \/>\n<meta name=\"twitter:site\" content=\"@PressenzaIPA\" \/>\n<meta name=\"twitter:label1\" content=\"Scritto da\" \/>\n\t<meta name=\"twitter:data1\" content=\"Redazione Italia\" \/>\n\t<meta name=\"twitter:label2\" content=\"Tempo di lettura stimato\" \/>\n\t<meta name=\"twitter:data2\" content=\"5 minuti\" \/>\n<script type=\"application\/ld+json\" class=\"yoast-schema-graph\">{\"@context\":\"https:\/\/schema.org\",\"@graph\":[{\"@type\":\"Article\",\"@id\":\"https:\/\/www.pressenza.com\/it\/2022\/08\/altrimenti-riflessioni-verso-decrescita-se-non-ora-quando\/#article\",\"isPartOf\":{\"@id\":\"https:\/\/www.pressenza.com\/it\/2022\/08\/altrimenti-riflessioni-verso-decrescita-se-non-ora-quando\/\"},\"author\":{\"name\":\"Redazione Italia\",\"@id\":\"https:\/\/www.pressenza.com\/it\/#\/schema\/person\/d983e81827ae24f2c7b1a2123d197f8d\"},\"headline\":\"Altrimenti: riflessioni verso &#8220;Decrescita: se non ora quando?&#8221;\",\"datePublished\":\"2022-08-03T11:57:00+00:00\",\"dateModified\":\"2022-08-03T12:05:05+00:00\",\"mainEntityOfPage\":{\"@id\":\"https:\/\/www.pressenza.com\/it\/2022\/08\/altrimenti-riflessioni-verso-decrescita-se-non-ora-quando\/\"},\"wordCount\":781,\"publisher\":{\"@id\":\"https:\/\/www.pressenza.com\/it\/#organization\"},\"image\":{\"@id\":\"https:\/\/www.pressenza.com\/it\/2022\/08\/altrimenti-riflessioni-verso-decrescita-se-non-ora-quando\/#primaryimage\"},\"thumbnailUrl\":\"https:\/\/www.pressenza.com\/wp-content\/uploads\/2022\/05\/decrescita-incontro-Venezia.jpg\",\"keywords\":[\"decrescita\",\"Venezia\"],\"articleSection\":[\"contenuti originali\",\"Ecologia ed Ambiente\",\"Economia\",\"Europa\"],\"inLanguage\":\"it-IT\"},{\"@type\":\"WebPage\",\"@id\":\"https:\/\/www.pressenza.com\/it\/2022\/08\/altrimenti-riflessioni-verso-decrescita-se-non-ora-quando\/\",\"url\":\"https:\/\/www.pressenza.com\/it\/2022\/08\/altrimenti-riflessioni-verso-decrescita-se-non-ora-quando\/\",\"name\":\"Altrimenti: riflessioni verso \\\"Decrescita: se non ora quando?\\\"\",\"isPartOf\":{\"@id\":\"https:\/\/www.pressenza.com\/it\/#website\"},\"primaryImageOfPage\":{\"@id\":\"https:\/\/www.pressenza.com\/it\/2022\/08\/altrimenti-riflessioni-verso-decrescita-se-non-ora-quando\/#primaryimage\"},\"image\":{\"@id\":\"https:\/\/www.pressenza.com\/it\/2022\/08\/altrimenti-riflessioni-verso-decrescita-se-non-ora-quando\/#primaryimage\"},\"thumbnailUrl\":\"https:\/\/www.pressenza.com\/wp-content\/uploads\/2022\/05\/decrescita-incontro-Venezia.jpg\",\"datePublished\":\"2022-08-03T11:57:00+00:00\",\"dateModified\":\"2022-08-03T12:05:05+00:00\",\"description\":\"Il pi\u00f9 delle volte, alle richieste della gente i decisori pubblici non rispondono contestandone la sensatezza, ma con uno sconsolato sospiro di impotenza:\",\"breadcrumb\":{\"@id\":\"https:\/\/www.pressenza.com\/it\/2022\/08\/altrimenti-riflessioni-verso-decrescita-se-non-ora-quando\/#breadcrumb\"},\"inLanguage\":\"it-IT\",\"potentialAction\":[{\"@type\":\"ReadAction\",\"target\":[\"https:\/\/www.pressenza.com\/it\/2022\/08\/altrimenti-riflessioni-verso-decrescita-se-non-ora-quando\/\"]}]},{\"@type\":\"ImageObject\",\"inLanguage\":\"it-IT\",\"@id\":\"https:\/\/www.pressenza.com\/it\/2022\/08\/altrimenti-riflessioni-verso-decrescita-se-non-ora-quando\/#primaryimage\",\"url\":\"https:\/\/www.pressenza.com\/wp-content\/uploads\/2022\/05\/decrescita-incontro-Venezia.jpg\",\"contentUrl\":\"https:\/\/www.pressenza.com\/wp-content\/uploads\/2022\/05\/decrescita-incontro-Venezia.jpg\",\"width\":1164,\"height\":610},{\"@type\":\"BreadcrumbList\",\"@id\":\"https:\/\/www.pressenza.com\/it\/2022\/08\/altrimenti-riflessioni-verso-decrescita-se-non-ora-quando\/#breadcrumb\",\"itemListElement\":[{\"@type\":\"ListItem\",\"position\":1,\"name\":\"Accueil\",\"item\":\"https:\/\/www.pressenza.com\/it\/\"},{\"@type\":\"ListItem\",\"position\":2,\"name\":\"Altrimenti: riflessioni verso &#8220;Decrescita: se non ora quando?&#8221;\"}]},{\"@type\":\"WebSite\",\"@id\":\"https:\/\/www.pressenza.com\/it\/#website\",\"url\":\"https:\/\/www.pressenza.com\/it\/\",\"name\":\"Pressenza\",\"description\":\"Agenzia di Stampa Internazionale\",\"publisher\":{\"@id\":\"https:\/\/www.pressenza.com\/it\/#organization\"},\"potentialAction\":[{\"@type\":\"SearchAction\",\"target\":{\"@type\":\"EntryPoint\",\"urlTemplate\":\"https:\/\/www.pressenza.com\/it\/?s={search_term_string}\"},\"query-input\":{\"@type\":\"PropertyValueSpecification\",\"valueRequired\":true,\"valueName\":\"search_term_string\"}}],\"inLanguage\":\"it-IT\"},{\"@type\":\"Organization\",\"@id\":\"https:\/\/www.pressenza.com\/it\/#organization\",\"name\":\"Pressenza\",\"url\":\"https:\/\/www.pressenza.com\/it\/\",\"logo\":{\"@type\":\"ImageObject\",\"inLanguage\":\"it-IT\",\"@id\":\"https:\/\/www.pressenza.com\/it\/#\/schema\/logo\/image\/\",\"url\":\"https:\/\/www.pressenza.com\/wp-content\/uploads\/2022\/10\/pressenza_logo_200x200.jpg\",\"contentUrl\":\"https:\/\/www.pressenza.com\/wp-content\/uploads\/2022\/10\/pressenza_logo_200x200.jpg\",\"width\":200,\"height\":200,\"caption\":\"Pressenza\"},\"image\":{\"@id\":\"https:\/\/www.pressenza.com\/it\/#\/schema\/logo\/image\/\"},\"sameAs\":[\"https:\/\/www.facebook.com\/PressenzaItalia\",\"https:\/\/x.com\/PressenzaIPA\"]},{\"@type\":\"Person\",\"@id\":\"https:\/\/www.pressenza.com\/it\/#\/schema\/person\/d983e81827ae24f2c7b1a2123d197f8d\",\"name\":\"Redazione Italia\",\"description\":\"News from the Pressenza Bureau in Italy\",\"sameAs\":[\"https:\/\/www.pressenza.com\/it\/author\/redazione-italia\/\",\"https:\/\/www.facebook.com\/PressenzaItalia\",\"https:\/\/www.instagram.com\/pressenza_italia\/\",\"https:\/\/x.com\/pressenza_it\",\"https:\/\/www.youtube.com\/channel\/UCSalEIWjE1RSxkwjfftFuqg\"],\"url\":\"https:\/\/www.pressenza.com\/it\/author\/redazione-italia\/\"}]}<\/script>\n<!-- \/ Yoast SEO plugin. -->","yoast_head_json":{"title":"Altrimenti: riflessioni verso \"Decrescita: se non ora quando?\"","description":"Il pi\u00f9 delle volte, alle richieste della gente i decisori pubblici non rispondono contestandone la sensatezza, ma con uno sconsolato sospiro di impotenza:","robots":{"index":"index","follow":"follow","max-snippet":"max-snippet:-1","max-image-preview":"max-image-preview:large","max-video-preview":"max-video-preview:-1"},"canonical":"https:\/\/www.pressenza.com\/it\/2022\/08\/altrimenti-riflessioni-verso-decrescita-se-non-ora-quando\/","og_locale":"it_IT","og_type":"article","og_title":"Altrimenti: riflessioni verso \"Decrescita: se non ora quando?\"","og_description":"Il pi\u00f9 delle volte, alle richieste della gente i decisori pubblici non rispondono contestandone la sensatezza, ma con uno sconsolato sospiro di impotenza:","og_url":"https:\/\/www.pressenza.com\/it\/2022\/08\/altrimenti-riflessioni-verso-decrescita-se-non-ora-quando\/","og_site_name":"Pressenza","article_publisher":"https:\/\/www.facebook.com\/PressenzaItalia","article_author":"https:\/\/www.facebook.com\/PressenzaItalia","article_published_time":"2022-08-03T11:57:00+00:00","article_modified_time":"2022-08-03T12:05:05+00:00","og_image":[{"width":1164,"height":610,"url":"https:\/\/www.pressenza.com\/wp-content\/uploads\/2022\/05\/decrescita-incontro-Venezia.jpg","type":"image\/jpeg"}],"author":"Redazione Italia","twitter_card":"summary_large_image","twitter_creator":"@pressenza_it","twitter_site":"@PressenzaIPA","twitter_misc":{"Scritto da":"Redazione Italia","Tempo di lettura stimato":"5 minuti"},"schema":{"@context":"https:\/\/schema.org","@graph":[{"@type":"Article","@id":"https:\/\/www.pressenza.com\/it\/2022\/08\/altrimenti-riflessioni-verso-decrescita-se-non-ora-quando\/#article","isPartOf":{"@id":"https:\/\/www.pressenza.com\/it\/2022\/08\/altrimenti-riflessioni-verso-decrescita-se-non-ora-quando\/"},"author":{"name":"Redazione Italia","@id":"https:\/\/www.pressenza.com\/it\/#\/schema\/person\/d983e81827ae24f2c7b1a2123d197f8d"},"headline":"Altrimenti: riflessioni verso &#8220;Decrescita: se non ora quando?&#8221;","datePublished":"2022-08-03T11:57:00+00:00","dateModified":"2022-08-03T12:05:05+00:00","mainEntityOfPage":{"@id":"https:\/\/www.pressenza.com\/it\/2022\/08\/altrimenti-riflessioni-verso-decrescita-se-non-ora-quando\/"},"wordCount":781,"publisher":{"@id":"https:\/\/www.pressenza.com\/it\/#organization"},"image":{"@id":"https:\/\/www.pressenza.com\/it\/2022\/08\/altrimenti-riflessioni-verso-decrescita-se-non-ora-quando\/#primaryimage"},"thumbnailUrl":"https:\/\/www.pressenza.com\/wp-content\/uploads\/2022\/05\/decrescita-incontro-Venezia.jpg","keywords":["decrescita","Venezia"],"articleSection":["contenuti originali","Ecologia ed Ambiente","Economia","Europa"],"inLanguage":"it-IT"},{"@type":"WebPage","@id":"https:\/\/www.pressenza.com\/it\/2022\/08\/altrimenti-riflessioni-verso-decrescita-se-non-ora-quando\/","url":"https:\/\/www.pressenza.com\/it\/2022\/08\/altrimenti-riflessioni-verso-decrescita-se-non-ora-quando\/","name":"Altrimenti: riflessioni verso \"Decrescita: se non ora quando?\"","isPartOf":{"@id":"https:\/\/www.pressenza.com\/it\/#website"},"primaryImageOfPage":{"@id":"https:\/\/www.pressenza.com\/it\/2022\/08\/altrimenti-riflessioni-verso-decrescita-se-non-ora-quando\/#primaryimage"},"image":{"@id":"https:\/\/www.pressenza.com\/it\/2022\/08\/altrimenti-riflessioni-verso-decrescita-se-non-ora-quando\/#primaryimage"},"thumbnailUrl":"https:\/\/www.pressenza.com\/wp-content\/uploads\/2022\/05\/decrescita-incontro-Venezia.jpg","datePublished":"2022-08-03T11:57:00+00:00","dateModified":"2022-08-03T12:05:05+00:00","description":"Il pi\u00f9 delle volte, alle richieste della gente i decisori pubblici non rispondono contestandone la sensatezza, ma con uno sconsolato sospiro di impotenza:","breadcrumb":{"@id":"https:\/\/www.pressenza.com\/it\/2022\/08\/altrimenti-riflessioni-verso-decrescita-se-non-ora-quando\/#breadcrumb"},"inLanguage":"it-IT","potentialAction":[{"@type":"ReadAction","target":["https:\/\/www.pressenza.com\/it\/2022\/08\/altrimenti-riflessioni-verso-decrescita-se-non-ora-quando\/"]}]},{"@type":"ImageObject","inLanguage":"it-IT","@id":"https:\/\/www.pressenza.com\/it\/2022\/08\/altrimenti-riflessioni-verso-decrescita-se-non-ora-quando\/#primaryimage","url":"https:\/\/www.pressenza.com\/wp-content\/uploads\/2022\/05\/decrescita-incontro-Venezia.jpg","contentUrl":"https:\/\/www.pressenza.com\/wp-content\/uploads\/2022\/05\/decrescita-incontro-Venezia.jpg","width":1164,"height":610},{"@type":"BreadcrumbList","@id":"https:\/\/www.pressenza.com\/it\/2022\/08\/altrimenti-riflessioni-verso-decrescita-se-non-ora-quando\/#breadcrumb","itemListElement":[{"@type":"ListItem","position":1,"name":"Accueil","item":"https:\/\/www.pressenza.com\/it\/"},{"@type":"ListItem","position":2,"name":"Altrimenti: riflessioni verso &#8220;Decrescita: se non ora quando?&#8221;"}]},{"@type":"WebSite","@id":"https:\/\/www.pressenza.com\/it\/#website","url":"https:\/\/www.pressenza.com\/it\/","name":"Pressenza","description":"Agenzia di Stampa Internazionale","publisher":{"@id":"https:\/\/www.pressenza.com\/it\/#organization"},"potentialAction":[{"@type":"SearchAction","target":{"@type":"EntryPoint","urlTemplate":"https:\/\/www.pressenza.com\/it\/?s={search_term_string}"},"query-input":{"@type":"PropertyValueSpecification","valueRequired":true,"valueName":"search_term_string"}}],"inLanguage":"it-IT"},{"@type":"Organization","@id":"https:\/\/www.pressenza.com\/it\/#organization","name":"Pressenza","url":"https:\/\/www.pressenza.com\/it\/","logo":{"@type":"ImageObject","inLanguage":"it-IT","@id":"https:\/\/www.pressenza.com\/it\/#\/schema\/logo\/image\/","url":"https:\/\/www.pressenza.com\/wp-content\/uploads\/2022\/10\/pressenza_logo_200x200.jpg","contentUrl":"https:\/\/www.pressenza.com\/wp-content\/uploads\/2022\/10\/pressenza_logo_200x200.jpg","width":200,"height":200,"caption":"Pressenza"},"image":{"@id":"https:\/\/www.pressenza.com\/it\/#\/schema\/logo\/image\/"},"sameAs":["https:\/\/www.facebook.com\/PressenzaItalia","https:\/\/x.com\/PressenzaIPA"]},{"@type":"Person","@id":"https:\/\/www.pressenza.com\/it\/#\/schema\/person\/d983e81827ae24f2c7b1a2123d197f8d","name":"Redazione Italia","description":"News from the Pressenza Bureau in Italy","sameAs":["https:\/\/www.pressenza.com\/it\/author\/redazione-italia\/","https:\/\/www.facebook.com\/PressenzaItalia","https:\/\/www.instagram.com\/pressenza_italia\/","https:\/\/x.com\/pressenza_it","https:\/\/www.youtube.com\/channel\/UCSalEIWjE1RSxkwjfftFuqg"],"url":"https:\/\/www.pressenza.com\/it\/author\/redazione-italia\/"}]}},"place":"","original_article_url":"","_links":{"self":[{"href":"https:\/\/www.pressenza.com\/it\/wp-json\/wp\/v2\/posts\/1636506","targetHints":{"allow":["GET"]}}],"collection":[{"href":"https:\/\/www.pressenza.com\/it\/wp-json\/wp\/v2\/posts"}],"about":[{"href":"https:\/\/www.pressenza.com\/it\/wp-json\/wp\/v2\/types\/post"}],"author":[{"embeddable":true,"href":"https:\/\/www.pressenza.com\/it\/wp-json\/wp\/v2\/users\/594"}],"replies":[{"embeddable":true,"href":"https:\/\/www.pressenza.com\/it\/wp-json\/wp\/v2\/comments?post=1636506"}],"version-history":[{"count":0,"href":"https:\/\/www.pressenza.com\/it\/wp-json\/wp\/v2\/posts\/1636506\/revisions"}],"wp:featuredmedia":[{"embeddable":true,"href":"https:\/\/www.pressenza.com\/it\/wp-json\/wp\/v2\/media\/1587499"}],"wp:attachment":[{"href":"https:\/\/www.pressenza.com\/it\/wp-json\/wp\/v2\/media?parent=1636506"}],"wp:term":[{"taxonomy":"category","embeddable":true,"href":"https:\/\/www.pressenza.com\/it\/wp-json\/wp\/v2\/categories?post=1636506"},{"taxonomy":"post_tag","embeddable":true,"href":"https:\/\/www.pressenza.com\/it\/wp-json\/wp\/v2\/tags?post=1636506"}],"curies":[{"name":"wp","href":"https:\/\/api.w.org\/{rel}","templated":true}]}}