{"id":1633394,"date":"2022-07-29T16:16:54","date_gmt":"2022-07-29T15:16:54","guid":{"rendered":"https:\/\/www.pressenza.com\/?p=1633394"},"modified":"2022-07-30T08:24:04","modified_gmt":"2022-07-30T07:24:04","slug":"il-consumo-di-suolo-cattivo-e-le-metastasi-buone","status":"publish","type":"post","link":"https:\/\/www.pressenza.com\/it\/2022\/07\/il-consumo-di-suolo-cattivo-e-le-metastasi-buone\/","title":{"rendered":"Il consumo di suolo cattivo e le metastasi buone"},"content":{"rendered":"<p>Negli scorsi giorni \u00e8 stato presentato il Rapporto SNPA \u201cConsumo di suolo, dinamiche territoriali e servizi ecosistemici\u201d, con un quadro dettagliato offerto dal monitoraggio effettuato dai ricercatori dell\u2019ISPRA. Oramai giunto al nono appuntamento annuale, il Rapporto in modo \u201cimpietoso\u201d \u2013 cos\u00ec come definito dagli esperti -, registra una situazione di straordinaria emergenza e di insostenibilit\u00e0 dello sfruttamento del nostro suolo, per la cui tutela necessiterebbe un urgente intervento legislativo, richiesto a gran voce dalla comunit\u00e0 scientifica pi\u00f9 attenta e libera dai condizionamenti imposti dagli interessi economici.<\/p>\n<p>Nell\u2019incontro trasmesso marted\u00ec 26 in live streaming, si sono alternati vari relatori anche istituzionali, ma dal versante della ricerca si sono evidenziate varie problematiche, perlopi\u00f9 convergenti &#8211; sia pure con tonalit\u00e0 diverse \u2013 che hanno accomunato la componente scientifica nella comune critica alle logiche e ai ritardi accumulati dalle istituzioni pubbliche preposte alla conservazione del suolo.<\/p>\n<p>Secondo quanto fotografato dall\u2019ISPRA (<a href=\"https:\/\/www.snpambiente.it\/2022\/07\/26\/consumo-di-suolo-nel-2021-il-valore-piu-alto-degli-ultimi-10-anni\/\">leggi comunicato<\/a>) la tendenza al consumo del suolo ha ripreso inesorabilmente a crescere: \u201cCon una media di 19 ettari al giorno, il valore pi\u00f9 alto negli ultimi dieci anni, e una velocit\u00e0 che supera i 2 metri quadrati al secondo, il consumo di suolo torna a crescere e nel 2021 sfiora i 70 km2 di nuove coperture artificiali in un solo anno. Il cemento ricopre ormai 21.500 km2 di suolo nazionale, dei quali 5.400, un territorio grande quanto la Liguria, riguardano i soli edifici che rappresentano il 25% dell\u2019intero suolo consumato.<\/p>\n<p>Nel corso della giornata non sono mancati momenti di acceso confronto, in particolare su quanto detto dal ministro delle infrastrutture e della mobilit\u00e0 sostenibili, Enrico Giovannini , il quale rispetto al consumo di suolo ha posto alcuni distinguo che il rapporto non avrebbe considerato, avendo riguardo nella fattispecie agli \u201cinvestimenti strategici\u201d e alle politiche integrate elaborate sul piano europeo e su cui il nostro paese \u00e8 impegnato e posto fra gli obiettivi prioritari del PNRR: lo shift modale da trasporto su gomma a trasporto su ferro (porti, interporti, retroporti e centri di interfacciamento gomma\/ferro).<\/p>\n<p>Detto in altri termini, in coerenza con la visione strategica della governace multilivello dominante nell\u2019UE, ispirata dalla ideologia neoliberista, secondo Giovannini esisterebbe un necessario &#8220;buon uso del suolo&#8221; da contrapporre all\u2019\u00abuso cattivo\u00bb. Da qui l\u2019invito a tener conto nelle ricerche di queste variabili indispensabili allo \u201csviluppo sostenibile\u201d.<\/p>\n<p>L\u2019intervento del ministro-accademico ha suscitato diverse reazioni, fra le pi\u00f9 incisive vogliamo segnalare quella accorata di Luca Mercalli. Richiamandosi, quest&#8217;ultimo, all\u2019illustrazione delle cartografie di Michele Munaf\u00f2, ha dichiarato senza mezzi termini di essere colto dalla disperazione e, come se non bastasse, ad esasperarne lo stato d&#8217;animo si aggiungono anche le dichiarazioni profferite da Giovannini.<\/p>\n<p>Si chiede Mercalli \u00aba cosa serve avere tutti questi dati se poi siamo ridotti in questa condizione?\u00bb, evidenziando cos\u00ec il nesso fondamentale che esiste tra la questione climatica e la devastazione del suolo: il cambiamento climatico dipende anche dagli effetti provocati dalla devastazione del suolo. \u00abSono allibito &#8211; dice il climatologo &#8211; dalle parole del ministro Giovannini, che non pare accorgersi che le cartine illustrate da Michele Munaf\u00f2 sono come le metastasi, celle cancerose che si staccano e aggrediscono l\u2019intero organismo: come possiamo pensare che vi siano metastasi buone e metastasi cattive?\u00bb<\/p>\n<p>Oltre le critiche di Mercalli vanno ricordate quelle di Paolo Pileri che non da meno ha sollevato il velo sulla situazione catastrofica in cui volge la tendenza all\u2019incremento del consumo di suolo. Afferma l\u2019esperto de Politecnico di Milano, opponendosi all\u2019idea &#8220;sviluppista&#8221; di chi sostiene un &#8220;consumo di suolo utile&#8221;: \u00abpassare da 14 ettari al giorno a 19 ettari al giorno \u00e8 un incremento del +34%\u00bb \u00e8 un vero e proprio <em>cataclisma&#8230;<\/em> \u00ab un dato che mette il bollo del fallimento politico negli ultimi 15 anni&#8221;.\u00a0 Quindi anche Pileri manifesta la sorpresa per quanto dichiarato da Giannini sul &#8220;consumo di suolo buono e cattivo&#8221;.<\/p>\n<p>In sostanza anche i cosiddetti &#8220;esecutivi tecnici&#8221; sembra non si rendano conto\u00a0 del disastro ambientale (oltre che sociale) che abbiamo davanti e le coordinate pianificate dal PNRR, cos\u00ec come traspare dalla relazione dell&#8217;autorevole ministro, sono l\u00ec a ricordarcelo: non a caso, senza colpo ferire, s&#8217;\u00e8 passati dalla &#8220;transizione ecologica&#8221; a quella &#8220;energetica&#8221;, pi\u00f9 compatibile con il modo di produzione nell&#8217;era del capitalocene.<\/p>\n<p>Insomma, l\u2019urgenza di una normativa di tutela che regoli la materia \u00e8 soltanto una pre-condizione minima, per fronteggiare forme sempre pi\u00f9 selvagge del capitalismo estrattivo. In realt\u00e0 il processo richiederebbe un sostanziale <em>cambiamento di rotta<\/em>, rispetto al solco tracciato da questo modello di sviluppo &#8220;governamentalizzato&#8221; dall\u2019 ordoliberismo imperante.<\/p>\n<p>&nbsp;<\/p>\n<p><a href=\"https:\/\/www.youtube.com\/watch?v=uxtV0ZiQzgE\">vedi la registrazione integrale\u00a0<\/a><\/p>\n<p>&nbsp;<\/p>\n<p>articolo correlato<\/p>\n<p><a href=\"https:\/\/www.pressenza.com\/it\/2020\/06\/suolo-clima-energia-welfare-la-piattaforma-politica-sui-beni-comuni\/\">Suolo, Clima, Energia, Welfare: la piattaforma politica sui beni comuni<\/a><\/p>\n","protected":false},"excerpt":{"rendered":"<p>Negli scorsi giorni \u00e8 stato presentato il Rapporto SNPA \u201cConsumo di suolo, dinamiche territoriali e servizi ecosistemici\u201d, con un quadro dettagliato offerto dal monitoraggio effettuato dai ricercatori dell\u2019ISPRA. Oramai giunto al nono appuntamento annuale, il Rapporto in modo \u201cimpietoso\u201d \u2013&hellip;<\/p>\n","protected":false},"author":1734,"featured_media":1633744,"comment_status":"closed","ping_status":"closed","sticky":false,"template":"","format":"standard","meta":{"footnotes":""},"categories":[56,59,162],"tags":[98977,93251,90802,104127],"class_list":["post-1633394","post","type-post","status-publish","format-standard","has-post-thumbnail","hentry","category-cultura","category-ambiente-ecologia","category-opinioni","tag-difesa-suolo","tag-ispra","tag-pnrr","tag-rapporto-snpa"],"yoast_head":"<!-- This site is optimized with the Yoast SEO plugin v27.1.1 - https:\/\/yoast.com\/product\/yoast-seo-wordpress\/ -->\n<title>Il consumo di suolo cattivo e le metastasi buone<\/title>\n<meta name=\"description\" content=\"Negli scorsi giorni \u00e8 stato presentato il Rapporto SNPA \u201cConsumo di suolo, dinamiche territoriali e servizi ecosistemici\u201d, con un quadro dettagliato\" \/>\n<meta name=\"robots\" content=\"index, follow, max-snippet:-1, max-image-preview:large, max-video-preview:-1\" \/>\n<link rel=\"canonical\" href=\"https:\/\/www.pressenza.com\/it\/2022\/07\/il-consumo-di-suolo-cattivo-e-le-metastasi-buone\/\" \/>\n<meta property=\"og:locale\" content=\"it_IT\" \/>\n<meta property=\"og:type\" content=\"article\" \/>\n<meta property=\"og:title\" content=\"Il consumo di suolo cattivo e le metastasi buone\" \/>\n<meta property=\"og:description\" content=\"Negli scorsi giorni \u00e8 stato presentato il Rapporto SNPA \u201cConsumo di suolo, dinamiche territoriali e servizi ecosistemici\u201d, con un quadro dettagliato\" \/>\n<meta property=\"og:url\" content=\"https:\/\/www.pressenza.com\/it\/2022\/07\/il-consumo-di-suolo-cattivo-e-le-metastasi-buone\/\" \/>\n<meta property=\"og:site_name\" content=\"Pressenza\" \/>\n<meta property=\"article:publisher\" content=\"https:\/\/www.facebook.com\/PressenzaItalia\" \/>\n<meta property=\"article:published_time\" content=\"2022-07-29T15:16:54+00:00\" \/>\n<meta property=\"article:modified_time\" content=\"2022-07-30T07:24:04+00:00\" \/>\n<meta property=\"og:image\" content=\"https:\/\/www.pressenza.com\/wp-content\/uploads\/2022\/07\/06fc492d-9c7b-4bf0-aafe-0f3407c5b231_rid.png\" \/>\n\t<meta property=\"og:image:width\" content=\"780\" \/>\n\t<meta property=\"og:image:height\" content=\"367\" \/>\n\t<meta property=\"og:image:type\" content=\"image\/png\" \/>\n<meta name=\"author\" content=\"Toni Casano\" \/>\n<meta name=\"twitter:card\" content=\"summary_large_image\" \/>\n<meta name=\"twitter:creator\" content=\"@PressenzaIPA\" \/>\n<meta name=\"twitter:site\" content=\"@PressenzaIPA\" \/>\n<meta name=\"twitter:label1\" content=\"Scritto da\" \/>\n\t<meta name=\"twitter:data1\" content=\"Toni Casano\" \/>\n\t<meta name=\"twitter:label2\" content=\"Tempo di lettura stimato\" \/>\n\t<meta name=\"twitter:data2\" content=\"4 minuti\" \/>\n<script type=\"application\/ld+json\" class=\"yoast-schema-graph\">{\"@context\":\"https:\/\/schema.org\",\"@graph\":[{\"@type\":\"Article\",\"@id\":\"https:\/\/www.pressenza.com\/it\/2022\/07\/il-consumo-di-suolo-cattivo-e-le-metastasi-buone\/#article\",\"isPartOf\":{\"@id\":\"https:\/\/www.pressenza.com\/it\/2022\/07\/il-consumo-di-suolo-cattivo-e-le-metastasi-buone\/\"},\"author\":{\"name\":\"Toni Casano\",\"@id\":\"https:\/\/www.pressenza.com\/it\/#\/schema\/person\/96f237719a2b94ddc64a123d009ffc86\"},\"headline\":\"Il consumo di suolo cattivo e le metastasi buone\",\"datePublished\":\"2022-07-29T15:16:54+00:00\",\"dateModified\":\"2022-07-30T07:24:04+00:00\",\"mainEntityOfPage\":{\"@id\":\"https:\/\/www.pressenza.com\/it\/2022\/07\/il-consumo-di-suolo-cattivo-e-le-metastasi-buone\/\"},\"wordCount\":762,\"publisher\":{\"@id\":\"https:\/\/www.pressenza.com\/it\/#organization\"},\"image\":{\"@id\":\"https:\/\/www.pressenza.com\/it\/2022\/07\/il-consumo-di-suolo-cattivo-e-le-metastasi-buone\/#primaryimage\"},\"thumbnailUrl\":\"https:\/\/www.pressenza.com\/wp-content\/uploads\/2022\/07\/06fc492d-9c7b-4bf0-aafe-0f3407c5b231_rid.png\",\"keywords\":[\"difesa suolo\",\"Ispra\",\"PNRR\",\"Rapporto SNPA\"],\"articleSection\":[\"Cultura e Media\",\"Ecologia ed Ambiente\",\"Opinioni\"],\"inLanguage\":\"it-IT\"},{\"@type\":\"WebPage\",\"@id\":\"https:\/\/www.pressenza.com\/it\/2022\/07\/il-consumo-di-suolo-cattivo-e-le-metastasi-buone\/\",\"url\":\"https:\/\/www.pressenza.com\/it\/2022\/07\/il-consumo-di-suolo-cattivo-e-le-metastasi-buone\/\",\"name\":\"Il consumo di suolo cattivo e le metastasi buone\",\"isPartOf\":{\"@id\":\"https:\/\/www.pressenza.com\/it\/#website\"},\"primaryImageOfPage\":{\"@id\":\"https:\/\/www.pressenza.com\/it\/2022\/07\/il-consumo-di-suolo-cattivo-e-le-metastasi-buone\/#primaryimage\"},\"image\":{\"@id\":\"https:\/\/www.pressenza.com\/it\/2022\/07\/il-consumo-di-suolo-cattivo-e-le-metastasi-buone\/#primaryimage\"},\"thumbnailUrl\":\"https:\/\/www.pressenza.com\/wp-content\/uploads\/2022\/07\/06fc492d-9c7b-4bf0-aafe-0f3407c5b231_rid.png\",\"datePublished\":\"2022-07-29T15:16:54+00:00\",\"dateModified\":\"2022-07-30T07:24:04+00:00\",\"description\":\"Negli scorsi giorni \u00e8 stato presentato il Rapporto SNPA \u201cConsumo di suolo, dinamiche territoriali e servizi ecosistemici\u201d, con un quadro dettagliato\",\"breadcrumb\":{\"@id\":\"https:\/\/www.pressenza.com\/it\/2022\/07\/il-consumo-di-suolo-cattivo-e-le-metastasi-buone\/#breadcrumb\"},\"inLanguage\":\"it-IT\",\"potentialAction\":[{\"@type\":\"ReadAction\",\"target\":[\"https:\/\/www.pressenza.com\/it\/2022\/07\/il-consumo-di-suolo-cattivo-e-le-metastasi-buone\/\"]}]},{\"@type\":\"ImageObject\",\"inLanguage\":\"it-IT\",\"@id\":\"https:\/\/www.pressenza.com\/it\/2022\/07\/il-consumo-di-suolo-cattivo-e-le-metastasi-buone\/#primaryimage\",\"url\":\"https:\/\/www.pressenza.com\/wp-content\/uploads\/2022\/07\/06fc492d-9c7b-4bf0-aafe-0f3407c5b231_rid.png\",\"contentUrl\":\"https:\/\/www.pressenza.com\/wp-content\/uploads\/2022\/07\/06fc492d-9c7b-4bf0-aafe-0f3407c5b231_rid.png\",\"width\":780,\"height\":367},{\"@type\":\"BreadcrumbList\",\"@id\":\"https:\/\/www.pressenza.com\/it\/2022\/07\/il-consumo-di-suolo-cattivo-e-le-metastasi-buone\/#breadcrumb\",\"itemListElement\":[{\"@type\":\"ListItem\",\"position\":1,\"name\":\"Accueil\",\"item\":\"https:\/\/www.pressenza.com\/it\/\"},{\"@type\":\"ListItem\",\"position\":2,\"name\":\"Il consumo di suolo cattivo e le metastasi buone\"}]},{\"@type\":\"WebSite\",\"@id\":\"https:\/\/www.pressenza.com\/it\/#website\",\"url\":\"https:\/\/www.pressenza.com\/it\/\",\"name\":\"Pressenza\",\"description\":\"Agenzia di Stampa Internazionale\",\"publisher\":{\"@id\":\"https:\/\/www.pressenza.com\/it\/#organization\"},\"potentialAction\":[{\"@type\":\"SearchAction\",\"target\":{\"@type\":\"EntryPoint\",\"urlTemplate\":\"https:\/\/www.pressenza.com\/it\/?s={search_term_string}\"},\"query-input\":{\"@type\":\"PropertyValueSpecification\",\"valueRequired\":true,\"valueName\":\"search_term_string\"}}],\"inLanguage\":\"it-IT\"},{\"@type\":\"Organization\",\"@id\":\"https:\/\/www.pressenza.com\/it\/#organization\",\"name\":\"Pressenza\",\"url\":\"https:\/\/www.pressenza.com\/it\/\",\"logo\":{\"@type\":\"ImageObject\",\"inLanguage\":\"it-IT\",\"@id\":\"https:\/\/www.pressenza.com\/it\/#\/schema\/logo\/image\/\",\"url\":\"https:\/\/www.pressenza.com\/wp-content\/uploads\/2022\/10\/pressenza_logo_200x200.jpg\",\"contentUrl\":\"https:\/\/www.pressenza.com\/wp-content\/uploads\/2022\/10\/pressenza_logo_200x200.jpg\",\"width\":200,\"height\":200,\"caption\":\"Pressenza\"},\"image\":{\"@id\":\"https:\/\/www.pressenza.com\/it\/#\/schema\/logo\/image\/\"},\"sameAs\":[\"https:\/\/www.facebook.com\/PressenzaItalia\",\"https:\/\/x.com\/PressenzaIPA\"]},{\"@type\":\"Person\",\"@id\":\"https:\/\/www.pressenza.com\/it\/#\/schema\/person\/96f237719a2b94ddc64a123d009ffc86\",\"name\":\"Toni Casano\",\"url\":\"https:\/\/www.pressenza.com\/it\/author\/toni-casano\/\"}]}<\/script>\n<!-- \/ Yoast SEO plugin. -->","yoast_head_json":{"title":"Il consumo di suolo cattivo e le metastasi buone","description":"Negli scorsi giorni \u00e8 stato presentato il Rapporto SNPA \u201cConsumo di suolo, dinamiche territoriali e servizi ecosistemici\u201d, con un quadro dettagliato","robots":{"index":"index","follow":"follow","max-snippet":"max-snippet:-1","max-image-preview":"max-image-preview:large","max-video-preview":"max-video-preview:-1"},"canonical":"https:\/\/www.pressenza.com\/it\/2022\/07\/il-consumo-di-suolo-cattivo-e-le-metastasi-buone\/","og_locale":"it_IT","og_type":"article","og_title":"Il consumo di suolo cattivo e le metastasi buone","og_description":"Negli scorsi giorni \u00e8 stato presentato il Rapporto SNPA \u201cConsumo di suolo, dinamiche territoriali e servizi ecosistemici\u201d, con un quadro dettagliato","og_url":"https:\/\/www.pressenza.com\/it\/2022\/07\/il-consumo-di-suolo-cattivo-e-le-metastasi-buone\/","og_site_name":"Pressenza","article_publisher":"https:\/\/www.facebook.com\/PressenzaItalia","article_published_time":"2022-07-29T15:16:54+00:00","article_modified_time":"2022-07-30T07:24:04+00:00","og_image":[{"width":780,"height":367,"url":"https:\/\/www.pressenza.com\/wp-content\/uploads\/2022\/07\/06fc492d-9c7b-4bf0-aafe-0f3407c5b231_rid.png","type":"image\/png"}],"author":"Toni Casano","twitter_card":"summary_large_image","twitter_creator":"@PressenzaIPA","twitter_site":"@PressenzaIPA","twitter_misc":{"Scritto da":"Toni Casano","Tempo di lettura stimato":"4 minuti"},"schema":{"@context":"https:\/\/schema.org","@graph":[{"@type":"Article","@id":"https:\/\/www.pressenza.com\/it\/2022\/07\/il-consumo-di-suolo-cattivo-e-le-metastasi-buone\/#article","isPartOf":{"@id":"https:\/\/www.pressenza.com\/it\/2022\/07\/il-consumo-di-suolo-cattivo-e-le-metastasi-buone\/"},"author":{"name":"Toni Casano","@id":"https:\/\/www.pressenza.com\/it\/#\/schema\/person\/96f237719a2b94ddc64a123d009ffc86"},"headline":"Il consumo di suolo cattivo e le metastasi buone","datePublished":"2022-07-29T15:16:54+00:00","dateModified":"2022-07-30T07:24:04+00:00","mainEntityOfPage":{"@id":"https:\/\/www.pressenza.com\/it\/2022\/07\/il-consumo-di-suolo-cattivo-e-le-metastasi-buone\/"},"wordCount":762,"publisher":{"@id":"https:\/\/www.pressenza.com\/it\/#organization"},"image":{"@id":"https:\/\/www.pressenza.com\/it\/2022\/07\/il-consumo-di-suolo-cattivo-e-le-metastasi-buone\/#primaryimage"},"thumbnailUrl":"https:\/\/www.pressenza.com\/wp-content\/uploads\/2022\/07\/06fc492d-9c7b-4bf0-aafe-0f3407c5b231_rid.png","keywords":["difesa suolo","Ispra","PNRR","Rapporto SNPA"],"articleSection":["Cultura e Media","Ecologia ed Ambiente","Opinioni"],"inLanguage":"it-IT"},{"@type":"WebPage","@id":"https:\/\/www.pressenza.com\/it\/2022\/07\/il-consumo-di-suolo-cattivo-e-le-metastasi-buone\/","url":"https:\/\/www.pressenza.com\/it\/2022\/07\/il-consumo-di-suolo-cattivo-e-le-metastasi-buone\/","name":"Il consumo di suolo cattivo e le metastasi buone","isPartOf":{"@id":"https:\/\/www.pressenza.com\/it\/#website"},"primaryImageOfPage":{"@id":"https:\/\/www.pressenza.com\/it\/2022\/07\/il-consumo-di-suolo-cattivo-e-le-metastasi-buone\/#primaryimage"},"image":{"@id":"https:\/\/www.pressenza.com\/it\/2022\/07\/il-consumo-di-suolo-cattivo-e-le-metastasi-buone\/#primaryimage"},"thumbnailUrl":"https:\/\/www.pressenza.com\/wp-content\/uploads\/2022\/07\/06fc492d-9c7b-4bf0-aafe-0f3407c5b231_rid.png","datePublished":"2022-07-29T15:16:54+00:00","dateModified":"2022-07-30T07:24:04+00:00","description":"Negli scorsi giorni \u00e8 stato presentato il Rapporto SNPA \u201cConsumo di suolo, dinamiche territoriali e servizi ecosistemici\u201d, con un quadro dettagliato","breadcrumb":{"@id":"https:\/\/www.pressenza.com\/it\/2022\/07\/il-consumo-di-suolo-cattivo-e-le-metastasi-buone\/#breadcrumb"},"inLanguage":"it-IT","potentialAction":[{"@type":"ReadAction","target":["https:\/\/www.pressenza.com\/it\/2022\/07\/il-consumo-di-suolo-cattivo-e-le-metastasi-buone\/"]}]},{"@type":"ImageObject","inLanguage":"it-IT","@id":"https:\/\/www.pressenza.com\/it\/2022\/07\/il-consumo-di-suolo-cattivo-e-le-metastasi-buone\/#primaryimage","url":"https:\/\/www.pressenza.com\/wp-content\/uploads\/2022\/07\/06fc492d-9c7b-4bf0-aafe-0f3407c5b231_rid.png","contentUrl":"https:\/\/www.pressenza.com\/wp-content\/uploads\/2022\/07\/06fc492d-9c7b-4bf0-aafe-0f3407c5b231_rid.png","width":780,"height":367},{"@type":"BreadcrumbList","@id":"https:\/\/www.pressenza.com\/it\/2022\/07\/il-consumo-di-suolo-cattivo-e-le-metastasi-buone\/#breadcrumb","itemListElement":[{"@type":"ListItem","position":1,"name":"Accueil","item":"https:\/\/www.pressenza.com\/it\/"},{"@type":"ListItem","position":2,"name":"Il consumo di suolo cattivo e le metastasi buone"}]},{"@type":"WebSite","@id":"https:\/\/www.pressenza.com\/it\/#website","url":"https:\/\/www.pressenza.com\/it\/","name":"Pressenza","description":"Agenzia di Stampa Internazionale","publisher":{"@id":"https:\/\/www.pressenza.com\/it\/#organization"},"potentialAction":[{"@type":"SearchAction","target":{"@type":"EntryPoint","urlTemplate":"https:\/\/www.pressenza.com\/it\/?s={search_term_string}"},"query-input":{"@type":"PropertyValueSpecification","valueRequired":true,"valueName":"search_term_string"}}],"inLanguage":"it-IT"},{"@type":"Organization","@id":"https:\/\/www.pressenza.com\/it\/#organization","name":"Pressenza","url":"https:\/\/www.pressenza.com\/it\/","logo":{"@type":"ImageObject","inLanguage":"it-IT","@id":"https:\/\/www.pressenza.com\/it\/#\/schema\/logo\/image\/","url":"https:\/\/www.pressenza.com\/wp-content\/uploads\/2022\/10\/pressenza_logo_200x200.jpg","contentUrl":"https:\/\/www.pressenza.com\/wp-content\/uploads\/2022\/10\/pressenza_logo_200x200.jpg","width":200,"height":200,"caption":"Pressenza"},"image":{"@id":"https:\/\/www.pressenza.com\/it\/#\/schema\/logo\/image\/"},"sameAs":["https:\/\/www.facebook.com\/PressenzaItalia","https:\/\/x.com\/PressenzaIPA"]},{"@type":"Person","@id":"https:\/\/www.pressenza.com\/it\/#\/schema\/person\/96f237719a2b94ddc64a123d009ffc86","name":"Toni Casano","url":"https:\/\/www.pressenza.com\/it\/author\/toni-casano\/"}]}},"place":"","original_article_url":"","_links":{"self":[{"href":"https:\/\/www.pressenza.com\/it\/wp-json\/wp\/v2\/posts\/1633394","targetHints":{"allow":["GET"]}}],"collection":[{"href":"https:\/\/www.pressenza.com\/it\/wp-json\/wp\/v2\/posts"}],"about":[{"href":"https:\/\/www.pressenza.com\/it\/wp-json\/wp\/v2\/types\/post"}],"author":[{"embeddable":true,"href":"https:\/\/www.pressenza.com\/it\/wp-json\/wp\/v2\/users\/1734"}],"replies":[{"embeddable":true,"href":"https:\/\/www.pressenza.com\/it\/wp-json\/wp\/v2\/comments?post=1633394"}],"version-history":[{"count":0,"href":"https:\/\/www.pressenza.com\/it\/wp-json\/wp\/v2\/posts\/1633394\/revisions"}],"wp:featuredmedia":[{"embeddable":true,"href":"https:\/\/www.pressenza.com\/it\/wp-json\/wp\/v2\/media\/1633744"}],"wp:attachment":[{"href":"https:\/\/www.pressenza.com\/it\/wp-json\/wp\/v2\/media?parent=1633394"}],"wp:term":[{"taxonomy":"category","embeddable":true,"href":"https:\/\/www.pressenza.com\/it\/wp-json\/wp\/v2\/categories?post=1633394"},{"taxonomy":"post_tag","embeddable":true,"href":"https:\/\/www.pressenza.com\/it\/wp-json\/wp\/v2\/tags?post=1633394"}],"curies":[{"name":"wp","href":"https:\/\/api.w.org\/{rel}","templated":true}]}}