{"id":1632839,"date":"2022-07-28T17:16:55","date_gmt":"2022-07-28T16:16:55","guid":{"rendered":"https:\/\/www.pressenza.com\/?p=1632839"},"modified":"2022-07-28T22:54:48","modified_gmt":"2022-07-28T21:54:48","slug":"salario-minimo-e-rdc-istituti-complementari-di-tutela-dei-lavoratori-contro-la-poverta","status":"publish","type":"post","link":"https:\/\/www.pressenza.com\/it\/2022\/07\/salario-minimo-e-rdc-istituti-complementari-di-tutela-dei-lavoratori-contro-la-poverta\/","title":{"rendered":"Salario minimo e RdC, istituti complementari di tutela dei lavoratori contro la povert\u00e0"},"content":{"rendered":"<p><em>Proponiamo alcuni stralci significativi dell<\/em><strong><em>\u2019<\/em><\/strong><em><a href=\"https:\/\/www.micromega.net\/salario-minimo-reddito-cittadinanza-clap\/\">intervista alle CLAP di MicroMega,<\/a> in particolare sulla\u00a0 presunta dicotomia tra l\u2019introduzione legale del salario minimo e la misura di sostegno alla povert\u00e0 introdotta con il reddito di cittadinanza. <\/em><\/p>\n<p><em>Le CLAP &#8211; Camere del Lavoro Autonomo e Precario hanno posto l\u2019accento sulla questione, giacch\u00e9\u00a0 &#8211; con l\u2019apertura della campagna elettorale &#8211; si sono intensificati, senza soluzione di continuit\u00e0, gli assalti a questi due istituti di tutela sociale. Non \u00e8 un caso che da tempo siano diventati &#8211; ancora prima dell&#8217;apertura della competizione per la conquista dello spazio di rappresentanza istituzionale &#8211; oggetto di scontro frontale, con \u00abuna violenza verbale senza pari nei confronti dei poveri, dei disoccupati e del lavoro sotto-pagato, da parte dei tanti leader che affollano il centro e dalla destra sovranista\u00bb. Ma, aggiungiamo noi, non mancano le ambiguit\u00e0 e i distinguo anche dal fronte sindacale confederale, schierato &#8211; con qualche eccezione &#8211; a sostegno del cd. \u201ccentrosinistra\u201d. <\/em><\/p>\n<p><em>Sostanzialmente le CLAP non ravvisano alcuna incompatibilit\u00e0 RdC e Salario minimo, \u00abanzi i due strumenti sono complementari. Uno \u00e8 una misura di <\/em><em>welfare<\/em><em> di sostegno alla povert\u00e0, che \u00e8 stata decisiva nei due anni di pandemia. L\u2019altra \u00e8 una norma che se applicata porterebbe dei benefici notevoli ai salari bassi. Sono due norme necessarie e complementari. Da questo punto di vista l\u2019anomalia \u00e8 l\u2019Italia: si tratta di provvedimenti gi\u00e0 adottati da quasi tutti i Paesi europei. E da nessuna parte sono stati rilevati problemi al mercato del lavoro\u00bb.<\/em><\/p>\n<p>&nbsp;<\/p>\n<p><sup>[\u2026]\u00a0 <\/sup>Partiamo da una premessa: sondaggi indipendenti mostrano come pi\u00f9 dell\u201980% degli italiani riconosca la necessit\u00e0 di un salario minimo. Si tratta, allora, di una misura che ha un consenso enorme nel Paese. Perch\u00e9 non si approva in fretta? Da questo punto di vista ci sembra che il dibattito sia scadente e che sconti la difesa di posizioni storiche da parte delle organizzazioni sociali. Ci sono molti attori che giocano partite diverse.<\/p>\n<p>I sindacati confederali, pi\u00f9 di ogni altra cosa, ci sembrano interessati soprattutto a difendere il monopolio della contrattazione collettiva, con annessa modifica della legge sulla rappresentanza anche per mettere fuori gioco i sindacati indipendenti. Sono sostanzialmente ostili al salario minimo legale e si limitano a proporre l\u2019estensione del valore legale della contrattazione. Su cui, sia chiaro, non siamo contrari. A patto che questo sistema rappresenti solo un aspetto aggiuntivo al salario minimo legale, un\u2019ulteriore garanzia della difesa dei livelli salariali.<\/p>\n<p>Nel contesto italiano, con il peso eccessivo degli occupati nei settori a basso valore aggiunto, il paradosso \u00e8 stato che un sistema salariale fondato solo sull\u2019autonomia della contrattazione collettiva, in fin dei conti, ha contribuito ad indebolire il sindacato. Lo ha costretto, proprio nei settori pi\u00f9 poveri e meno innovativi, a contrattare all\u2019interno dei vincoli stringenti delle risicate compatibilit\u00e0 economiche di settore. Urge una norma salariale valida per tutte le lavoratrici e i lavoratori, anche per favorire un processo di trasformazione della struttura economica e occupazionale.<\/p>\n<p>Dalla parte opposta Confindustria vuole continuare a godere della trentennale politica di bassi salari, su cui si \u00e8 fondata la loro iniziativa economica, composta soprattutto da export manifatturiero a basso valore aggiunto e da servizi elementari.<\/p>\n<p>Per concludere, il Governo al momento non ha presentato una proposta di legge sul salario, probabilmente in una prima fase della crisi hanno pensato di risolvere la questione a colpi di bonus. A distanza di tempo ci pare una strategia nettamente insufficiente.<\/p>\n<p><sup>\u00a0[\u2026]<\/sup> La questione \u00e8 che in Italia lo sfruttamento sul lavoro \u00e8 una caratteristica cronica del sistema. Pertanto, una misura di contrasto alla povert\u00e0 di 500 euro al mese fa paura perch\u00e9 viene vista come un\u2019indebita concorrenza da parte dello Stato. Non servono le statistiche dell\u2019Inps a dimostrare che gran parte dei percettori del reddito sono indisponibili al lavoro, il punto \u00e8 un altro. I datori di lavoro hanno il timore che stipendi molto bassi (senza contare il lavoro gratuito) possano essere rifiutati perch\u00e9 troppo vicini alla soglia del reddito di cittadinanza. A quel punto \u00e8 meglio non lavorare. La soluzione allora \u00e8 semplice, bisogna alzare i salari e migliorare le condizioni di lavoro. I datori di lavoro sono disponibili a farlo?<\/p>\n<p>&nbsp;<\/p>\n<p><em>Per chiudere il cerchio sulla complementariet\u00e0 imprescindibile degli istituti di tutela in questione, \u00a0Maurizio Franco, di Micromega, ha chiesto specificatamente agli esponenti della Camera del Lavoro Autonomo e Precario, in merito al RdC, quali modifiche dovrebbero porsi in essere per <\/em><em>implementa<\/em><em>re l\u2019attuale misura di <\/em><em>\u00a0<\/em><em>sostegno al <\/em><em>\u00a0<\/em><em>reddito<\/em><\/p>\n<p>&nbsp;<\/p>\n<p><sup>[\u2026] <\/sup>Ci pare che finora la misura di contrasto alla povert\u00e0 abbia prodotto degli effetti redistributivi non trascurabili. Se negli anni scorsi non ci fosse stata, oggi affronteremmo una catastrofe sociale. Tuttavia, ci sono diverse storture che sono state segnalate anche dalla Commissione di valutazione sul Reddito di cittadinanza.<\/p>\n<p>Per esempio, il requisito di 10 anni di residenza per gli stranieri \u00e8 una chiara discriminazione. Un altro elemento controverso sono le soglie di Isee che in molte aree del Paese escludono una buona parte dei poveri.<\/p>\n<p>Il problema \u00e8 che il Reddito di cittadinanza \u00e8 stato concepito come una misura selettiva e fortemente familista, segnata da una logica patriarcale. Inoltre l\u2019erogazione \u00e8 subordinata a un percorso di inserimento nel mercato del lavoro. E la legge prevede anche un regime sanzionatorio fino all\u2019esclusione per coloro che rifiutano due lavori \u201ccongrui\u201d.<\/p>\n<p>Dal nostro punto di vista il RdC deve essere solo una misura redistributiva di contrasto alla povert\u00e0, superando ogni riferimento alle condizionalit\u00e0 e allargando notevolmente la platea dei beneficiari. Le politiche attive devono andare su un binario separato e passare per un investimento notevole in risorse strumentali, organizzative e professionali nei centri per l\u2019impiego e nelle attivit\u00e0 di orientamento e riqualificazione.<\/p>\n<p>&nbsp;<\/p>\n<h6><a href=\"http:\/\/www.clap-info.net\/2022\/07\/salario-minimo-e-reddito-di-cittadinanza-micromega-intervista-le-clap\/\">.clap-info.net<\/a><\/h6>\n<p>&nbsp;<\/p>\n<p>&nbsp;<\/p>\n","protected":false},"excerpt":{"rendered":"<p>Proponiamo alcuni stralci significativi dell\u2019intervista alle CLAP di MicroMega, in particolare sulla\u00a0 presunta dicotomia tra l\u2019introduzione legale del salario minimo e la misura di sostegno alla povert\u00e0 introdotta con il reddito di cittadinanza. Le CLAP &#8211; Camere del Lavoro Autonomo&hellip;<\/p>\n","protected":false},"author":594,"featured_media":1632840,"comment_status":"closed","ping_status":"closed","sticky":false,"template":"","format":"standard","meta":{"footnotes":""},"categories":[56,62,157,55],"tags":[104084,16904,104082,94614,104083],"class_list":["post-1632839","post","type-post","status-publish","format-standard","has-post-thumbnail","hentry","category-cultura","category-economia","category-interviste","category-politica","tag-lavoro-autonomo-e-precario","tag-reddito-di-cittadinanza","tag-salario-minimo-legale","tag-sindacalismo-sociale","tag-tutele-sociali"],"yoast_head":"<!-- This site is optimized with the Yoast SEO plugin v27.1.1 - https:\/\/yoast.com\/product\/yoast-seo-wordpress\/ -->\n<title>Salario minimo e RdC, istituti complementari di tutela dei lavoratori contro la povert\u00e0<\/title>\n<meta name=\"description\" content=\"Proponiamo alcuni stralci significativi dell\u2019intervista alle CLAP di MicroMega, in particolare sulla\u00a0 presunta dicotomia tra l\u2019introduzione legale del\" \/>\n<meta name=\"robots\" content=\"index, follow, max-snippet:-1, max-image-preview:large, max-video-preview:-1\" \/>\n<link rel=\"canonical\" href=\"https:\/\/www.pressenza.com\/it\/2022\/07\/salario-minimo-e-rdc-istituti-complementari-di-tutela-dei-lavoratori-contro-la-poverta\/\" \/>\n<meta property=\"og:locale\" content=\"it_IT\" \/>\n<meta property=\"og:type\" content=\"article\" \/>\n<meta property=\"og:title\" content=\"Salario minimo e RdC, istituti complementari di tutela dei lavoratori contro la povert\u00e0\" \/>\n<meta property=\"og:description\" content=\"Proponiamo alcuni stralci significativi dell\u2019intervista alle CLAP di MicroMega, in particolare sulla\u00a0 presunta dicotomia tra l\u2019introduzione legale del\" \/>\n<meta property=\"og:url\" content=\"https:\/\/www.pressenza.com\/it\/2022\/07\/salario-minimo-e-rdc-istituti-complementari-di-tutela-dei-lavoratori-contro-la-poverta\/\" \/>\n<meta property=\"og:site_name\" content=\"Pressenza\" \/>\n<meta property=\"article:publisher\" content=\"https:\/\/www.facebook.com\/PressenzaItalia\" \/>\n<meta property=\"article:author\" content=\"https:\/\/www.facebook.com\/PressenzaItalia\" \/>\n<meta property=\"article:published_time\" content=\"2022-07-28T16:16:55+00:00\" \/>\n<meta property=\"article:modified_time\" content=\"2022-07-28T21:54:48+00:00\" \/>\n<meta property=\"og:image\" content=\"https:\/\/www.pressenza.com\/wp-content\/uploads\/2022\/07\/Dovete-darci-il-denaro_rit.jpg\" \/>\n\t<meta property=\"og:image:width\" content=\"800\" \/>\n\t<meta property=\"og:image:height\" content=\"473\" \/>\n\t<meta property=\"og:image:type\" content=\"image\/jpeg\" \/>\n<meta name=\"author\" content=\"Redazione Italia\" \/>\n<meta name=\"twitter:card\" content=\"summary_large_image\" \/>\n<meta name=\"twitter:creator\" content=\"@pressenza_it\" \/>\n<meta name=\"twitter:site\" content=\"@PressenzaIPA\" \/>\n<meta name=\"twitter:label1\" content=\"Scritto da\" \/>\n\t<meta name=\"twitter:data1\" content=\"Redazione Italia\" \/>\n\t<meta name=\"twitter:label2\" content=\"Tempo di lettura stimato\" \/>\n\t<meta name=\"twitter:data2\" content=\"5 minuti\" \/>\n<script type=\"application\/ld+json\" class=\"yoast-schema-graph\">{\"@context\":\"https:\/\/schema.org\",\"@graph\":[{\"@type\":\"Article\",\"@id\":\"https:\/\/www.pressenza.com\/it\/2022\/07\/salario-minimo-e-rdc-istituti-complementari-di-tutela-dei-lavoratori-contro-la-poverta\/#article\",\"isPartOf\":{\"@id\":\"https:\/\/www.pressenza.com\/it\/2022\/07\/salario-minimo-e-rdc-istituti-complementari-di-tutela-dei-lavoratori-contro-la-poverta\/\"},\"author\":{\"name\":\"Redazione Italia\",\"@id\":\"https:\/\/www.pressenza.com\/it\/#\/schema\/person\/d983e81827ae24f2c7b1a2123d197f8d\"},\"headline\":\"Salario minimo e RdC, istituti complementari di tutela dei lavoratori contro la povert\u00e0\",\"datePublished\":\"2022-07-28T16:16:55+00:00\",\"dateModified\":\"2022-07-28T21:54:48+00:00\",\"mainEntityOfPage\":{\"@id\":\"https:\/\/www.pressenza.com\/it\/2022\/07\/salario-minimo-e-rdc-istituti-complementari-di-tutela-dei-lavoratori-contro-la-poverta\/\"},\"wordCount\":946,\"publisher\":{\"@id\":\"https:\/\/www.pressenza.com\/it\/#organization\"},\"image\":{\"@id\":\"https:\/\/www.pressenza.com\/it\/2022\/07\/salario-minimo-e-rdc-istituti-complementari-di-tutela-dei-lavoratori-contro-la-poverta\/#primaryimage\"},\"thumbnailUrl\":\"https:\/\/www.pressenza.com\/wp-content\/uploads\/2022\/07\/Dovete-darci-il-denaro_rit.jpg\",\"keywords\":[\"lavoro autonomo e precario\",\"reddito di cittadinanza\",\"salario minimo legale\",\"sindacalismo sociale\",\"tutele sociali\"],\"articleSection\":[\"Cultura e Media\",\"Economia\",\"Interviste\",\"Politica\"],\"inLanguage\":\"it-IT\"},{\"@type\":\"WebPage\",\"@id\":\"https:\/\/www.pressenza.com\/it\/2022\/07\/salario-minimo-e-rdc-istituti-complementari-di-tutela-dei-lavoratori-contro-la-poverta\/\",\"url\":\"https:\/\/www.pressenza.com\/it\/2022\/07\/salario-minimo-e-rdc-istituti-complementari-di-tutela-dei-lavoratori-contro-la-poverta\/\",\"name\":\"Salario minimo e RdC, istituti complementari di tutela dei lavoratori contro la povert\u00e0\",\"isPartOf\":{\"@id\":\"https:\/\/www.pressenza.com\/it\/#website\"},\"primaryImageOfPage\":{\"@id\":\"https:\/\/www.pressenza.com\/it\/2022\/07\/salario-minimo-e-rdc-istituti-complementari-di-tutela-dei-lavoratori-contro-la-poverta\/#primaryimage\"},\"image\":{\"@id\":\"https:\/\/www.pressenza.com\/it\/2022\/07\/salario-minimo-e-rdc-istituti-complementari-di-tutela-dei-lavoratori-contro-la-poverta\/#primaryimage\"},\"thumbnailUrl\":\"https:\/\/www.pressenza.com\/wp-content\/uploads\/2022\/07\/Dovete-darci-il-denaro_rit.jpg\",\"datePublished\":\"2022-07-28T16:16:55+00:00\",\"dateModified\":\"2022-07-28T21:54:48+00:00\",\"description\":\"Proponiamo alcuni stralci significativi dell\u2019intervista alle CLAP di MicroMega, in particolare sulla\u00a0 presunta dicotomia tra l\u2019introduzione legale del\",\"breadcrumb\":{\"@id\":\"https:\/\/www.pressenza.com\/it\/2022\/07\/salario-minimo-e-rdc-istituti-complementari-di-tutela-dei-lavoratori-contro-la-poverta\/#breadcrumb\"},\"inLanguage\":\"it-IT\",\"potentialAction\":[{\"@type\":\"ReadAction\",\"target\":[\"https:\/\/www.pressenza.com\/it\/2022\/07\/salario-minimo-e-rdc-istituti-complementari-di-tutela-dei-lavoratori-contro-la-poverta\/\"]}]},{\"@type\":\"ImageObject\",\"inLanguage\":\"it-IT\",\"@id\":\"https:\/\/www.pressenza.com\/it\/2022\/07\/salario-minimo-e-rdc-istituti-complementari-di-tutela-dei-lavoratori-contro-la-poverta\/#primaryimage\",\"url\":\"https:\/\/www.pressenza.com\/wp-content\/uploads\/2022\/07\/Dovete-darci-il-denaro_rit.jpg\",\"contentUrl\":\"https:\/\/www.pressenza.com\/wp-content\/uploads\/2022\/07\/Dovete-darci-il-denaro_rit.jpg\",\"width\":800,\"height\":473},{\"@type\":\"BreadcrumbList\",\"@id\":\"https:\/\/www.pressenza.com\/it\/2022\/07\/salario-minimo-e-rdc-istituti-complementari-di-tutela-dei-lavoratori-contro-la-poverta\/#breadcrumb\",\"itemListElement\":[{\"@type\":\"ListItem\",\"position\":1,\"name\":\"Accueil\",\"item\":\"https:\/\/www.pressenza.com\/it\/\"},{\"@type\":\"ListItem\",\"position\":2,\"name\":\"Salario minimo e RdC, istituti complementari di tutela dei lavoratori contro la povert\u00e0\"}]},{\"@type\":\"WebSite\",\"@id\":\"https:\/\/www.pressenza.com\/it\/#website\",\"url\":\"https:\/\/www.pressenza.com\/it\/\",\"name\":\"Pressenza\",\"description\":\"Agenzia di Stampa Internazionale\",\"publisher\":{\"@id\":\"https:\/\/www.pressenza.com\/it\/#organization\"},\"potentialAction\":[{\"@type\":\"SearchAction\",\"target\":{\"@type\":\"EntryPoint\",\"urlTemplate\":\"https:\/\/www.pressenza.com\/it\/?s={search_term_string}\"},\"query-input\":{\"@type\":\"PropertyValueSpecification\",\"valueRequired\":true,\"valueName\":\"search_term_string\"}}],\"inLanguage\":\"it-IT\"},{\"@type\":\"Organization\",\"@id\":\"https:\/\/www.pressenza.com\/it\/#organization\",\"name\":\"Pressenza\",\"url\":\"https:\/\/www.pressenza.com\/it\/\",\"logo\":{\"@type\":\"ImageObject\",\"inLanguage\":\"it-IT\",\"@id\":\"https:\/\/www.pressenza.com\/it\/#\/schema\/logo\/image\/\",\"url\":\"https:\/\/www.pressenza.com\/wp-content\/uploads\/2022\/10\/pressenza_logo_200x200.jpg\",\"contentUrl\":\"https:\/\/www.pressenza.com\/wp-content\/uploads\/2022\/10\/pressenza_logo_200x200.jpg\",\"width\":200,\"height\":200,\"caption\":\"Pressenza\"},\"image\":{\"@id\":\"https:\/\/www.pressenza.com\/it\/#\/schema\/logo\/image\/\"},\"sameAs\":[\"https:\/\/www.facebook.com\/PressenzaItalia\",\"https:\/\/x.com\/PressenzaIPA\"]},{\"@type\":\"Person\",\"@id\":\"https:\/\/www.pressenza.com\/it\/#\/schema\/person\/d983e81827ae24f2c7b1a2123d197f8d\",\"name\":\"Redazione Italia\",\"description\":\"News from the Pressenza Bureau in Italy\",\"sameAs\":[\"https:\/\/www.pressenza.com\/it\/author\/redazione-italia\/\",\"https:\/\/www.facebook.com\/PressenzaItalia\",\"https:\/\/www.instagram.com\/pressenza_italia\/\",\"https:\/\/x.com\/pressenza_it\",\"https:\/\/www.youtube.com\/channel\/UCSalEIWjE1RSxkwjfftFuqg\"],\"url\":\"https:\/\/www.pressenza.com\/it\/author\/redazione-italia\/\"}]}<\/script>\n<!-- \/ Yoast SEO plugin. -->","yoast_head_json":{"title":"Salario minimo e RdC, istituti complementari di tutela dei lavoratori contro la povert\u00e0","description":"Proponiamo alcuni stralci significativi dell\u2019intervista alle CLAP di MicroMega, in particolare sulla\u00a0 presunta dicotomia tra l\u2019introduzione legale del","robots":{"index":"index","follow":"follow","max-snippet":"max-snippet:-1","max-image-preview":"max-image-preview:large","max-video-preview":"max-video-preview:-1"},"canonical":"https:\/\/www.pressenza.com\/it\/2022\/07\/salario-minimo-e-rdc-istituti-complementari-di-tutela-dei-lavoratori-contro-la-poverta\/","og_locale":"it_IT","og_type":"article","og_title":"Salario minimo e RdC, istituti complementari di tutela dei lavoratori contro la povert\u00e0","og_description":"Proponiamo alcuni stralci significativi dell\u2019intervista alle CLAP di MicroMega, in particolare sulla\u00a0 presunta dicotomia tra l\u2019introduzione legale del","og_url":"https:\/\/www.pressenza.com\/it\/2022\/07\/salario-minimo-e-rdc-istituti-complementari-di-tutela-dei-lavoratori-contro-la-poverta\/","og_site_name":"Pressenza","article_publisher":"https:\/\/www.facebook.com\/PressenzaItalia","article_author":"https:\/\/www.facebook.com\/PressenzaItalia","article_published_time":"2022-07-28T16:16:55+00:00","article_modified_time":"2022-07-28T21:54:48+00:00","og_image":[{"width":800,"height":473,"url":"https:\/\/www.pressenza.com\/wp-content\/uploads\/2022\/07\/Dovete-darci-il-denaro_rit.jpg","type":"image\/jpeg"}],"author":"Redazione Italia","twitter_card":"summary_large_image","twitter_creator":"@pressenza_it","twitter_site":"@PressenzaIPA","twitter_misc":{"Scritto da":"Redazione Italia","Tempo di lettura stimato":"5 minuti"},"schema":{"@context":"https:\/\/schema.org","@graph":[{"@type":"Article","@id":"https:\/\/www.pressenza.com\/it\/2022\/07\/salario-minimo-e-rdc-istituti-complementari-di-tutela-dei-lavoratori-contro-la-poverta\/#article","isPartOf":{"@id":"https:\/\/www.pressenza.com\/it\/2022\/07\/salario-minimo-e-rdc-istituti-complementari-di-tutela-dei-lavoratori-contro-la-poverta\/"},"author":{"name":"Redazione Italia","@id":"https:\/\/www.pressenza.com\/it\/#\/schema\/person\/d983e81827ae24f2c7b1a2123d197f8d"},"headline":"Salario minimo e RdC, istituti complementari di tutela dei lavoratori contro la povert\u00e0","datePublished":"2022-07-28T16:16:55+00:00","dateModified":"2022-07-28T21:54:48+00:00","mainEntityOfPage":{"@id":"https:\/\/www.pressenza.com\/it\/2022\/07\/salario-minimo-e-rdc-istituti-complementari-di-tutela-dei-lavoratori-contro-la-poverta\/"},"wordCount":946,"publisher":{"@id":"https:\/\/www.pressenza.com\/it\/#organization"},"image":{"@id":"https:\/\/www.pressenza.com\/it\/2022\/07\/salario-minimo-e-rdc-istituti-complementari-di-tutela-dei-lavoratori-contro-la-poverta\/#primaryimage"},"thumbnailUrl":"https:\/\/www.pressenza.com\/wp-content\/uploads\/2022\/07\/Dovete-darci-il-denaro_rit.jpg","keywords":["lavoro autonomo e precario","reddito di cittadinanza","salario minimo legale","sindacalismo sociale","tutele sociali"],"articleSection":["Cultura e Media","Economia","Interviste","Politica"],"inLanguage":"it-IT"},{"@type":"WebPage","@id":"https:\/\/www.pressenza.com\/it\/2022\/07\/salario-minimo-e-rdc-istituti-complementari-di-tutela-dei-lavoratori-contro-la-poverta\/","url":"https:\/\/www.pressenza.com\/it\/2022\/07\/salario-minimo-e-rdc-istituti-complementari-di-tutela-dei-lavoratori-contro-la-poverta\/","name":"Salario minimo e RdC, istituti complementari di tutela dei lavoratori contro la povert\u00e0","isPartOf":{"@id":"https:\/\/www.pressenza.com\/it\/#website"},"primaryImageOfPage":{"@id":"https:\/\/www.pressenza.com\/it\/2022\/07\/salario-minimo-e-rdc-istituti-complementari-di-tutela-dei-lavoratori-contro-la-poverta\/#primaryimage"},"image":{"@id":"https:\/\/www.pressenza.com\/it\/2022\/07\/salario-minimo-e-rdc-istituti-complementari-di-tutela-dei-lavoratori-contro-la-poverta\/#primaryimage"},"thumbnailUrl":"https:\/\/www.pressenza.com\/wp-content\/uploads\/2022\/07\/Dovete-darci-il-denaro_rit.jpg","datePublished":"2022-07-28T16:16:55+00:00","dateModified":"2022-07-28T21:54:48+00:00","description":"Proponiamo alcuni stralci significativi dell\u2019intervista alle CLAP di MicroMega, in particolare sulla\u00a0 presunta dicotomia tra l\u2019introduzione legale del","breadcrumb":{"@id":"https:\/\/www.pressenza.com\/it\/2022\/07\/salario-minimo-e-rdc-istituti-complementari-di-tutela-dei-lavoratori-contro-la-poverta\/#breadcrumb"},"inLanguage":"it-IT","potentialAction":[{"@type":"ReadAction","target":["https:\/\/www.pressenza.com\/it\/2022\/07\/salario-minimo-e-rdc-istituti-complementari-di-tutela-dei-lavoratori-contro-la-poverta\/"]}]},{"@type":"ImageObject","inLanguage":"it-IT","@id":"https:\/\/www.pressenza.com\/it\/2022\/07\/salario-minimo-e-rdc-istituti-complementari-di-tutela-dei-lavoratori-contro-la-poverta\/#primaryimage","url":"https:\/\/www.pressenza.com\/wp-content\/uploads\/2022\/07\/Dovete-darci-il-denaro_rit.jpg","contentUrl":"https:\/\/www.pressenza.com\/wp-content\/uploads\/2022\/07\/Dovete-darci-il-denaro_rit.jpg","width":800,"height":473},{"@type":"BreadcrumbList","@id":"https:\/\/www.pressenza.com\/it\/2022\/07\/salario-minimo-e-rdc-istituti-complementari-di-tutela-dei-lavoratori-contro-la-poverta\/#breadcrumb","itemListElement":[{"@type":"ListItem","position":1,"name":"Accueil","item":"https:\/\/www.pressenza.com\/it\/"},{"@type":"ListItem","position":2,"name":"Salario minimo e RdC, istituti complementari di tutela dei lavoratori contro la povert\u00e0"}]},{"@type":"WebSite","@id":"https:\/\/www.pressenza.com\/it\/#website","url":"https:\/\/www.pressenza.com\/it\/","name":"Pressenza","description":"Agenzia di Stampa Internazionale","publisher":{"@id":"https:\/\/www.pressenza.com\/it\/#organization"},"potentialAction":[{"@type":"SearchAction","target":{"@type":"EntryPoint","urlTemplate":"https:\/\/www.pressenza.com\/it\/?s={search_term_string}"},"query-input":{"@type":"PropertyValueSpecification","valueRequired":true,"valueName":"search_term_string"}}],"inLanguage":"it-IT"},{"@type":"Organization","@id":"https:\/\/www.pressenza.com\/it\/#organization","name":"Pressenza","url":"https:\/\/www.pressenza.com\/it\/","logo":{"@type":"ImageObject","inLanguage":"it-IT","@id":"https:\/\/www.pressenza.com\/it\/#\/schema\/logo\/image\/","url":"https:\/\/www.pressenza.com\/wp-content\/uploads\/2022\/10\/pressenza_logo_200x200.jpg","contentUrl":"https:\/\/www.pressenza.com\/wp-content\/uploads\/2022\/10\/pressenza_logo_200x200.jpg","width":200,"height":200,"caption":"Pressenza"},"image":{"@id":"https:\/\/www.pressenza.com\/it\/#\/schema\/logo\/image\/"},"sameAs":["https:\/\/www.facebook.com\/PressenzaItalia","https:\/\/x.com\/PressenzaIPA"]},{"@type":"Person","@id":"https:\/\/www.pressenza.com\/it\/#\/schema\/person\/d983e81827ae24f2c7b1a2123d197f8d","name":"Redazione Italia","description":"News from the Pressenza Bureau in Italy","sameAs":["https:\/\/www.pressenza.com\/it\/author\/redazione-italia\/","https:\/\/www.facebook.com\/PressenzaItalia","https:\/\/www.instagram.com\/pressenza_italia\/","https:\/\/x.com\/pressenza_it","https:\/\/www.youtube.com\/channel\/UCSalEIWjE1RSxkwjfftFuqg"],"url":"https:\/\/www.pressenza.com\/it\/author\/redazione-italia\/"}]}},"place":"CLAP","original_article_url":"","_links":{"self":[{"href":"https:\/\/www.pressenza.com\/it\/wp-json\/wp\/v2\/posts\/1632839","targetHints":{"allow":["GET"]}}],"collection":[{"href":"https:\/\/www.pressenza.com\/it\/wp-json\/wp\/v2\/posts"}],"about":[{"href":"https:\/\/www.pressenza.com\/it\/wp-json\/wp\/v2\/types\/post"}],"author":[{"embeddable":true,"href":"https:\/\/www.pressenza.com\/it\/wp-json\/wp\/v2\/users\/594"}],"replies":[{"embeddable":true,"href":"https:\/\/www.pressenza.com\/it\/wp-json\/wp\/v2\/comments?post=1632839"}],"version-history":[{"count":0,"href":"https:\/\/www.pressenza.com\/it\/wp-json\/wp\/v2\/posts\/1632839\/revisions"}],"wp:featuredmedia":[{"embeddable":true,"href":"https:\/\/www.pressenza.com\/it\/wp-json\/wp\/v2\/media\/1632840"}],"wp:attachment":[{"href":"https:\/\/www.pressenza.com\/it\/wp-json\/wp\/v2\/media?parent=1632839"}],"wp:term":[{"taxonomy":"category","embeddable":true,"href":"https:\/\/www.pressenza.com\/it\/wp-json\/wp\/v2\/categories?post=1632839"},{"taxonomy":"post_tag","embeddable":true,"href":"https:\/\/www.pressenza.com\/it\/wp-json\/wp\/v2\/tags?post=1632839"}],"curies":[{"name":"wp","href":"https:\/\/api.w.org\/{rel}","templated":true}]}}