{"id":1632398,"date":"2022-07-28T08:57:53","date_gmt":"2022-07-28T07:57:53","guid":{"rendered":"https:\/\/www.pressenza.com\/?p=1632398"},"modified":"2022-07-28T08:57:53","modified_gmt":"2022-07-28T07:57:53","slug":"il-senato-non-osservera-la-parita-di-genere","status":"publish","type":"post","link":"https:\/\/www.pressenza.com\/it\/2022\/07\/il-senato-non-osservera-la-parita-di-genere\/","title":{"rendered":"Il Senato non osserver\u00e0 la parit\u00e0 di genere"},"content":{"rendered":"<p>Ci\u00f2 che \u00e8 avvenuto ieri al Senato \u00e8 un atto gravissimo.<\/p>\n<p>La bocciatura dell\u2019emendamento proposto dal M5s sull\u2019introduzione della parit\u00e0 di genere nel linguaggio istituzionale e in tutte le comunicazioni scritte di Palazzo Madama \u00e8 la dimostrazione dell\u2019oscurantismo verso cui una parte del Parlamento vuole portare il nostro Paese.<\/p>\n<p>Ancor pi\u00f9 grave \u00e8 stata la richiesta della votazione a scrutinio segreto da parte di Fratelli d\u2019Italia. Una richiesta prontamente concessa dalla Presidente Casellati che ha liquidato come \u201cpretestuose e inaccettabili\u201d le proteste sollevate in aula.<\/p>\n<p>Il voto di ieri \u00e8 la manifestazione plastica di ci\u00f2 che la destra pensa del ruolo delle donne nella societ\u00e0. Il nostro Parlamento ha perso la grande occasione di compiere un atto di civilt\u00e0 e di rivoluzione culturale rendendo inclusivo e paritario il linguaggio istituzionale e introducendo cos\u00ec la declinazione al femminile di tutti i ruoli con l\u2019abbandono del genere unico.<\/p>\n<p>Il linguaggio \u00e8 un parametro fondamentale di parit\u00e0: declinare e verbalizzare la differenza significa riconoscerla e praticarla, concependo quei ruoli e quelle funzioni non come qualcosa di appannaggio esclusivamente maschile.<\/p>\n<p>Se queste sono le premesse del nuovo Parlamento ci attendono mesi di lotta perch\u00e9 non si pensi pi\u00f9 che \u201cnascere donna \u00e8 gi\u00e0 un grande atto di coraggio in un mondo spietatamente violento e maschilista\u201d.<\/p>\n<p><a href=\"https:\/\/www.facebook.com\/groups\/governodilei\/\">https:\/\/www.facebook.com\/groups\/governodilei\/<\/a><\/p>\n<p>&nbsp;<\/p>\n<p>&nbsp;<\/p>\n","protected":false},"excerpt":{"rendered":"<p>Ci\u00f2 che \u00e8 avvenuto ieri al Senato \u00e8 un atto gravissimo. La bocciatura dell\u2019emendamento proposto dal M5s sull\u2019introduzione della parit\u00e0 di genere nel linguaggio istituzionale e in tutte le comunicazioni scritte di Palazzo Madama \u00e8 la dimostrazione dell\u2019oscurantismo verso cui&hellip;<\/p>\n","protected":false},"author":594,"featured_media":810417,"comment_status":"closed","ping_status":"closed","sticky":false,"template":"","format":"standard","meta":{"footnotes":""},"categories":[150,47,55],"tags":[11322,532,10753],"class_list":["post-1632398","post","type-post","status-publish","format-standard","has-post-thumbnail","hentry","category-comunicati-stampa","category-europa","category-politica","tag-parita-di-genere","tag-senato","tag-voto"],"yoast_head":"<!-- This site is optimized with the Yoast SEO plugin v27.1.1 - https:\/\/yoast.com\/product\/yoast-seo-wordpress\/ -->\n<title>Il Senato non osserver\u00e0 la parit\u00e0 di genere<\/title>\n<meta name=\"description\" content=\"Ci\u00f2 che \u00e8 avvenuto ieri al Senato \u00e8 un atto gravissimo. La bocciatura dell\u2019emendamento proposto dal M5s sull\u2019introduzione della parit\u00e0 di genere nel\" \/>\n<meta name=\"robots\" content=\"index, follow, max-snippet:-1, max-image-preview:large, max-video-preview:-1\" \/>\n<link rel=\"canonical\" href=\"https:\/\/www.pressenza.com\/it\/2022\/07\/il-senato-non-osservera-la-parita-di-genere\/\" \/>\n<meta property=\"og:locale\" content=\"it_IT\" \/>\n<meta property=\"og:type\" content=\"article\" \/>\n<meta property=\"og:title\" content=\"Il Senato non osserver\u00e0 la parit\u00e0 di genere\" \/>\n<meta property=\"og:description\" content=\"Ci\u00f2 che \u00e8 avvenuto ieri al Senato \u00e8 un atto gravissimo. La bocciatura dell\u2019emendamento proposto dal M5s sull\u2019introduzione della parit\u00e0 di genere nel\" \/>\n<meta property=\"og:url\" content=\"https:\/\/www.pressenza.com\/it\/2022\/07\/il-senato-non-osservera-la-parita-di-genere\/\" \/>\n<meta property=\"og:site_name\" content=\"Pressenza\" \/>\n<meta property=\"article:publisher\" content=\"https:\/\/www.facebook.com\/PressenzaItalia\" \/>\n<meta property=\"article:author\" content=\"https:\/\/www.facebook.com\/PressenzaItalia\" \/>\n<meta property=\"article:published_time\" content=\"2022-07-28T07:57:53+00:00\" \/>\n<meta property=\"og:image\" content=\"https:\/\/www.pressenza.com\/wp-content\/uploads\/2019\/02\/Aula-del-Senato.jpg\" \/>\n\t<meta property=\"og:image:width\" content=\"835\" \/>\n\t<meta property=\"og:image:height\" content=\"437\" \/>\n\t<meta property=\"og:image:type\" content=\"image\/jpeg\" \/>\n<meta name=\"author\" content=\"Redazione Italia\" \/>\n<meta name=\"twitter:card\" content=\"summary_large_image\" \/>\n<meta name=\"twitter:creator\" content=\"@pressenza_it\" \/>\n<meta name=\"twitter:site\" content=\"@PressenzaIPA\" \/>\n<meta name=\"twitter:label1\" content=\"Scritto da\" \/>\n\t<meta name=\"twitter:data1\" content=\"Redazione Italia\" \/>\n\t<meta name=\"twitter:label2\" content=\"Tempo di lettura stimato\" \/>\n\t<meta name=\"twitter:data2\" content=\"2 minuti\" \/>\n<script type=\"application\/ld+json\" class=\"yoast-schema-graph\">{\"@context\":\"https:\/\/schema.org\",\"@graph\":[{\"@type\":\"Article\",\"@id\":\"https:\/\/www.pressenza.com\/it\/2022\/07\/il-senato-non-osservera-la-parita-di-genere\/#article\",\"isPartOf\":{\"@id\":\"https:\/\/www.pressenza.com\/it\/2022\/07\/il-senato-non-osservera-la-parita-di-genere\/\"},\"author\":{\"name\":\"Redazione Italia\",\"@id\":\"https:\/\/www.pressenza.com\/it\/#\/schema\/person\/d983e81827ae24f2c7b1a2123d197f8d\"},\"headline\":\"Il Senato non osserver\u00e0 la parit\u00e0 di genere\",\"datePublished\":\"2022-07-28T07:57:53+00:00\",\"mainEntityOfPage\":{\"@id\":\"https:\/\/www.pressenza.com\/it\/2022\/07\/il-senato-non-osservera-la-parita-di-genere\/\"},\"wordCount\":226,\"publisher\":{\"@id\":\"https:\/\/www.pressenza.com\/it\/#organization\"},\"image\":{\"@id\":\"https:\/\/www.pressenza.com\/it\/2022\/07\/il-senato-non-osservera-la-parita-di-genere\/#primaryimage\"},\"thumbnailUrl\":\"https:\/\/www.pressenza.com\/wp-content\/uploads\/2019\/02\/Aula-del-Senato.jpg\",\"keywords\":[\"parit\u00e0 di genere\",\"Senato\",\"voto\"],\"articleSection\":[\"Comunicati Stampa\",\"Europa\",\"Politica\"],\"inLanguage\":\"it-IT\"},{\"@type\":\"WebPage\",\"@id\":\"https:\/\/www.pressenza.com\/it\/2022\/07\/il-senato-non-osservera-la-parita-di-genere\/\",\"url\":\"https:\/\/www.pressenza.com\/it\/2022\/07\/il-senato-non-osservera-la-parita-di-genere\/\",\"name\":\"Il Senato non osserver\u00e0 la parit\u00e0 di genere\",\"isPartOf\":{\"@id\":\"https:\/\/www.pressenza.com\/it\/#website\"},\"primaryImageOfPage\":{\"@id\":\"https:\/\/www.pressenza.com\/it\/2022\/07\/il-senato-non-osservera-la-parita-di-genere\/#primaryimage\"},\"image\":{\"@id\":\"https:\/\/www.pressenza.com\/it\/2022\/07\/il-senato-non-osservera-la-parita-di-genere\/#primaryimage\"},\"thumbnailUrl\":\"https:\/\/www.pressenza.com\/wp-content\/uploads\/2019\/02\/Aula-del-Senato.jpg\",\"datePublished\":\"2022-07-28T07:57:53+00:00\",\"description\":\"Ci\u00f2 che \u00e8 avvenuto ieri al Senato \u00e8 un atto gravissimo. La bocciatura dell\u2019emendamento proposto dal M5s sull\u2019introduzione della parit\u00e0 di genere nel\",\"breadcrumb\":{\"@id\":\"https:\/\/www.pressenza.com\/it\/2022\/07\/il-senato-non-osservera-la-parita-di-genere\/#breadcrumb\"},\"inLanguage\":\"it-IT\",\"potentialAction\":[{\"@type\":\"ReadAction\",\"target\":[\"https:\/\/www.pressenza.com\/it\/2022\/07\/il-senato-non-osservera-la-parita-di-genere\/\"]}]},{\"@type\":\"ImageObject\",\"inLanguage\":\"it-IT\",\"@id\":\"https:\/\/www.pressenza.com\/it\/2022\/07\/il-senato-non-osservera-la-parita-di-genere\/#primaryimage\",\"url\":\"https:\/\/www.pressenza.com\/wp-content\/uploads\/2019\/02\/Aula-del-Senato.jpg\",\"contentUrl\":\"https:\/\/www.pressenza.com\/wp-content\/uploads\/2019\/02\/Aula-del-Senato.jpg\",\"width\":835,\"height\":437,\"caption\":\"Aula del Senato\"},{\"@type\":\"BreadcrumbList\",\"@id\":\"https:\/\/www.pressenza.com\/it\/2022\/07\/il-senato-non-osservera-la-parita-di-genere\/#breadcrumb\",\"itemListElement\":[{\"@type\":\"ListItem\",\"position\":1,\"name\":\"Accueil\",\"item\":\"https:\/\/www.pressenza.com\/it\/\"},{\"@type\":\"ListItem\",\"position\":2,\"name\":\"Il Senato non osserver\u00e0 la parit\u00e0 di genere\"}]},{\"@type\":\"WebSite\",\"@id\":\"https:\/\/www.pressenza.com\/it\/#website\",\"url\":\"https:\/\/www.pressenza.com\/it\/\",\"name\":\"Pressenza\",\"description\":\"Agenzia di Stampa Internazionale\",\"publisher\":{\"@id\":\"https:\/\/www.pressenza.com\/it\/#organization\"},\"potentialAction\":[{\"@type\":\"SearchAction\",\"target\":{\"@type\":\"EntryPoint\",\"urlTemplate\":\"https:\/\/www.pressenza.com\/it\/?s={search_term_string}\"},\"query-input\":{\"@type\":\"PropertyValueSpecification\",\"valueRequired\":true,\"valueName\":\"search_term_string\"}}],\"inLanguage\":\"it-IT\"},{\"@type\":\"Organization\",\"@id\":\"https:\/\/www.pressenza.com\/it\/#organization\",\"name\":\"Pressenza\",\"url\":\"https:\/\/www.pressenza.com\/it\/\",\"logo\":{\"@type\":\"ImageObject\",\"inLanguage\":\"it-IT\",\"@id\":\"https:\/\/www.pressenza.com\/it\/#\/schema\/logo\/image\/\",\"url\":\"https:\/\/www.pressenza.com\/wp-content\/uploads\/2022\/10\/pressenza_logo_200x200.jpg\",\"contentUrl\":\"https:\/\/www.pressenza.com\/wp-content\/uploads\/2022\/10\/pressenza_logo_200x200.jpg\",\"width\":200,\"height\":200,\"caption\":\"Pressenza\"},\"image\":{\"@id\":\"https:\/\/www.pressenza.com\/it\/#\/schema\/logo\/image\/\"},\"sameAs\":[\"https:\/\/www.facebook.com\/PressenzaItalia\",\"https:\/\/x.com\/PressenzaIPA\"]},{\"@type\":\"Person\",\"@id\":\"https:\/\/www.pressenza.com\/it\/#\/schema\/person\/d983e81827ae24f2c7b1a2123d197f8d\",\"name\":\"Redazione Italia\",\"description\":\"News from the Pressenza Bureau in Italy\",\"sameAs\":[\"https:\/\/www.pressenza.com\/it\/author\/redazione-italia\/\",\"https:\/\/www.facebook.com\/PressenzaItalia\",\"https:\/\/www.instagram.com\/pressenza_italia\/\",\"https:\/\/x.com\/pressenza_it\",\"https:\/\/www.youtube.com\/channel\/UCSalEIWjE1RSxkwjfftFuqg\"],\"url\":\"https:\/\/www.pressenza.com\/it\/author\/redazione-italia\/\"}]}<\/script>\n<!-- \/ Yoast SEO plugin. -->","yoast_head_json":{"title":"Il Senato non osserver\u00e0 la parit\u00e0 di genere","description":"Ci\u00f2 che \u00e8 avvenuto ieri al Senato \u00e8 un atto gravissimo. La bocciatura dell\u2019emendamento proposto dal M5s sull\u2019introduzione della parit\u00e0 di genere nel","robots":{"index":"index","follow":"follow","max-snippet":"max-snippet:-1","max-image-preview":"max-image-preview:large","max-video-preview":"max-video-preview:-1"},"canonical":"https:\/\/www.pressenza.com\/it\/2022\/07\/il-senato-non-osservera-la-parita-di-genere\/","og_locale":"it_IT","og_type":"article","og_title":"Il Senato non osserver\u00e0 la parit\u00e0 di genere","og_description":"Ci\u00f2 che \u00e8 avvenuto ieri al Senato \u00e8 un atto gravissimo. La bocciatura dell\u2019emendamento proposto dal M5s sull\u2019introduzione della parit\u00e0 di genere nel","og_url":"https:\/\/www.pressenza.com\/it\/2022\/07\/il-senato-non-osservera-la-parita-di-genere\/","og_site_name":"Pressenza","article_publisher":"https:\/\/www.facebook.com\/PressenzaItalia","article_author":"https:\/\/www.facebook.com\/PressenzaItalia","article_published_time":"2022-07-28T07:57:53+00:00","og_image":[{"width":835,"height":437,"url":"https:\/\/www.pressenza.com\/wp-content\/uploads\/2019\/02\/Aula-del-Senato.jpg","type":"image\/jpeg"}],"author":"Redazione Italia","twitter_card":"summary_large_image","twitter_creator":"@pressenza_it","twitter_site":"@PressenzaIPA","twitter_misc":{"Scritto da":"Redazione Italia","Tempo di lettura stimato":"2 minuti"},"schema":{"@context":"https:\/\/schema.org","@graph":[{"@type":"Article","@id":"https:\/\/www.pressenza.com\/it\/2022\/07\/il-senato-non-osservera-la-parita-di-genere\/#article","isPartOf":{"@id":"https:\/\/www.pressenza.com\/it\/2022\/07\/il-senato-non-osservera-la-parita-di-genere\/"},"author":{"name":"Redazione Italia","@id":"https:\/\/www.pressenza.com\/it\/#\/schema\/person\/d983e81827ae24f2c7b1a2123d197f8d"},"headline":"Il Senato non osserver\u00e0 la parit\u00e0 di genere","datePublished":"2022-07-28T07:57:53+00:00","mainEntityOfPage":{"@id":"https:\/\/www.pressenza.com\/it\/2022\/07\/il-senato-non-osservera-la-parita-di-genere\/"},"wordCount":226,"publisher":{"@id":"https:\/\/www.pressenza.com\/it\/#organization"},"image":{"@id":"https:\/\/www.pressenza.com\/it\/2022\/07\/il-senato-non-osservera-la-parita-di-genere\/#primaryimage"},"thumbnailUrl":"https:\/\/www.pressenza.com\/wp-content\/uploads\/2019\/02\/Aula-del-Senato.jpg","keywords":["parit\u00e0 di genere","Senato","voto"],"articleSection":["Comunicati Stampa","Europa","Politica"],"inLanguage":"it-IT"},{"@type":"WebPage","@id":"https:\/\/www.pressenza.com\/it\/2022\/07\/il-senato-non-osservera-la-parita-di-genere\/","url":"https:\/\/www.pressenza.com\/it\/2022\/07\/il-senato-non-osservera-la-parita-di-genere\/","name":"Il Senato non osserver\u00e0 la parit\u00e0 di genere","isPartOf":{"@id":"https:\/\/www.pressenza.com\/it\/#website"},"primaryImageOfPage":{"@id":"https:\/\/www.pressenza.com\/it\/2022\/07\/il-senato-non-osservera-la-parita-di-genere\/#primaryimage"},"image":{"@id":"https:\/\/www.pressenza.com\/it\/2022\/07\/il-senato-non-osservera-la-parita-di-genere\/#primaryimage"},"thumbnailUrl":"https:\/\/www.pressenza.com\/wp-content\/uploads\/2019\/02\/Aula-del-Senato.jpg","datePublished":"2022-07-28T07:57:53+00:00","description":"Ci\u00f2 che \u00e8 avvenuto ieri al Senato \u00e8 un atto gravissimo. La bocciatura dell\u2019emendamento proposto dal M5s sull\u2019introduzione della parit\u00e0 di genere nel","breadcrumb":{"@id":"https:\/\/www.pressenza.com\/it\/2022\/07\/il-senato-non-osservera-la-parita-di-genere\/#breadcrumb"},"inLanguage":"it-IT","potentialAction":[{"@type":"ReadAction","target":["https:\/\/www.pressenza.com\/it\/2022\/07\/il-senato-non-osservera-la-parita-di-genere\/"]}]},{"@type":"ImageObject","inLanguage":"it-IT","@id":"https:\/\/www.pressenza.com\/it\/2022\/07\/il-senato-non-osservera-la-parita-di-genere\/#primaryimage","url":"https:\/\/www.pressenza.com\/wp-content\/uploads\/2019\/02\/Aula-del-Senato.jpg","contentUrl":"https:\/\/www.pressenza.com\/wp-content\/uploads\/2019\/02\/Aula-del-Senato.jpg","width":835,"height":437,"caption":"Aula del Senato"},{"@type":"BreadcrumbList","@id":"https:\/\/www.pressenza.com\/it\/2022\/07\/il-senato-non-osservera-la-parita-di-genere\/#breadcrumb","itemListElement":[{"@type":"ListItem","position":1,"name":"Accueil","item":"https:\/\/www.pressenza.com\/it\/"},{"@type":"ListItem","position":2,"name":"Il Senato non osserver\u00e0 la parit\u00e0 di genere"}]},{"@type":"WebSite","@id":"https:\/\/www.pressenza.com\/it\/#website","url":"https:\/\/www.pressenza.com\/it\/","name":"Pressenza","description":"Agenzia di Stampa Internazionale","publisher":{"@id":"https:\/\/www.pressenza.com\/it\/#organization"},"potentialAction":[{"@type":"SearchAction","target":{"@type":"EntryPoint","urlTemplate":"https:\/\/www.pressenza.com\/it\/?s={search_term_string}"},"query-input":{"@type":"PropertyValueSpecification","valueRequired":true,"valueName":"search_term_string"}}],"inLanguage":"it-IT"},{"@type":"Organization","@id":"https:\/\/www.pressenza.com\/it\/#organization","name":"Pressenza","url":"https:\/\/www.pressenza.com\/it\/","logo":{"@type":"ImageObject","inLanguage":"it-IT","@id":"https:\/\/www.pressenza.com\/it\/#\/schema\/logo\/image\/","url":"https:\/\/www.pressenza.com\/wp-content\/uploads\/2022\/10\/pressenza_logo_200x200.jpg","contentUrl":"https:\/\/www.pressenza.com\/wp-content\/uploads\/2022\/10\/pressenza_logo_200x200.jpg","width":200,"height":200,"caption":"Pressenza"},"image":{"@id":"https:\/\/www.pressenza.com\/it\/#\/schema\/logo\/image\/"},"sameAs":["https:\/\/www.facebook.com\/PressenzaItalia","https:\/\/x.com\/PressenzaIPA"]},{"@type":"Person","@id":"https:\/\/www.pressenza.com\/it\/#\/schema\/person\/d983e81827ae24f2c7b1a2123d197f8d","name":"Redazione Italia","description":"News from the Pressenza Bureau in Italy","sameAs":["https:\/\/www.pressenza.com\/it\/author\/redazione-italia\/","https:\/\/www.facebook.com\/PressenzaItalia","https:\/\/www.instagram.com\/pressenza_italia\/","https:\/\/x.com\/pressenza_it","https:\/\/www.youtube.com\/channel\/UCSalEIWjE1RSxkwjfftFuqg"],"url":"https:\/\/www.pressenza.com\/it\/author\/redazione-italia\/"}]}},"place":"","original_article_url":"","_links":{"self":[{"href":"https:\/\/www.pressenza.com\/it\/wp-json\/wp\/v2\/posts\/1632398","targetHints":{"allow":["GET"]}}],"collection":[{"href":"https:\/\/www.pressenza.com\/it\/wp-json\/wp\/v2\/posts"}],"about":[{"href":"https:\/\/www.pressenza.com\/it\/wp-json\/wp\/v2\/types\/post"}],"author":[{"embeddable":true,"href":"https:\/\/www.pressenza.com\/it\/wp-json\/wp\/v2\/users\/594"}],"replies":[{"embeddable":true,"href":"https:\/\/www.pressenza.com\/it\/wp-json\/wp\/v2\/comments?post=1632398"}],"version-history":[{"count":0,"href":"https:\/\/www.pressenza.com\/it\/wp-json\/wp\/v2\/posts\/1632398\/revisions"}],"wp:featuredmedia":[{"embeddable":true,"href":"https:\/\/www.pressenza.com\/it\/wp-json\/wp\/v2\/media\/810417"}],"wp:attachment":[{"href":"https:\/\/www.pressenza.com\/it\/wp-json\/wp\/v2\/media?parent=1632398"}],"wp:term":[{"taxonomy":"category","embeddable":true,"href":"https:\/\/www.pressenza.com\/it\/wp-json\/wp\/v2\/categories?post=1632398"},{"taxonomy":"post_tag","embeddable":true,"href":"https:\/\/www.pressenza.com\/it\/wp-json\/wp\/v2\/tags?post=1632398"}],"curies":[{"name":"wp","href":"https:\/\/api.w.org\/{rel}","templated":true}]}}