{"id":1627904,"date":"2022-07-21T16:03:35","date_gmt":"2022-07-21T15:03:35","guid":{"rendered":"https:\/\/www.pressenza.com\/?p=1627904"},"modified":"2022-07-21T18:37:44","modified_gmt":"2022-07-21T17:37:44","slug":"torino-presidio-dellusb-contro-le-misure-cautelari-per-i-dirigenti-sindacali-della-logistica","status":"publish","type":"post","link":"https:\/\/www.pressenza.com\/it\/2022\/07\/torino-presidio-dellusb-contro-le-misure-cautelari-per-i-dirigenti-sindacali-della-logistica\/","title":{"rendered":"Torino: presidio dell\u2019USB contro le misure cautelari per i dirigenti sindacali della logistica"},"content":{"rendered":"<p>Mercoled\u00ec 20 luglio si sono tenuti a Torino due presidi per le <a href=\"https:\/\/www.pressenza.com\/it\/2022\/07\/misure-cautelari-e-perquisizioni-contro-si-cobas-e-usb\/\">operazioni di Polizia a carico di alcuni dirigenti sindacali della logistica<\/a> su indicazione della Procura di Piacenza, uno la mattina organizzato dal Si Cobas ed uno nel tardo pomeriggio organizzato dall\u2019USB.<\/p>\n<p>Negli interventi al microfono sono emerse le criticit\u00e0 della vicenda: i sindacalisti indagati sono accusati di reati molto gravi, come l\u2019associazione a delinquere, per un\u2019attivit\u00e0 che \u00e8 stata essenzialmente attivit\u00e0 sindacale, quindi garantita dalla costituzione, ovvero la rivendicazione di migliori condizioni per i lavoratori della logistica traverso scioperi e blocco dei depositi.<\/p>\n<p>Si \u00e8 sottolineato il fatto che a questa attivit\u00e0 sindacale \u00e8 nello stesso settore in cui \u00e8 avvenuto nel 2016 l\u2019<a href=\"https:\/\/www.pressenza.com\/it\/2016\/11\/logistica-e-violenza-a-due-mesi-dallomicidio-di-abd-elsalam\/\">omicidio di Abd El Salam<\/a>, dirigente sindacale dell\u2019USB, a cui non \u00e8 corrisposta una altrettanto solerte attivit\u00e0 investigativa della magistratura.<\/p>\n<p>L\u2019iniziativa giudiziaria e la gravit\u00e0 delle accuse sono vissute dai sindacalisti USB come un attacco frontale ad un sindacato orgogliosamente conflittuale in un settore, quello della logistica, in cui le condizioni di lavoro sono quasi intollerabili per ritmi di lavoro e scarsa considerazione per la salute dei lavoratori che denunciano, dopo pochi anni di lavoro, sintomatologie tipiche del loro lavoro. Un settore strategico nel capitalismo attuale che ha necessit\u00e0 di spostare enormi quantit\u00e0 di merci da una parte all\u2019altra del mondo.<\/p>\n<p>Agli oratori non \u00e8 sfuggito il parallelo tra le vicende giudiziarie dei sindacalisti della logistica ed altri fatti, specifici della realt\u00e0 torinese, che sembrano confermare un disegno che mira a colpire duramente il dissenso: l\u2019<a href=\"https:\/\/www.pressenza.com\/it\/2022\/05\/studenti-arrestati-a-torino-le-mamme-sono-tutti-incensurati-non-hanno-potuto-interloquire-con-loro-avvocati-rimandata-ludienza-col-gip\/\">arresto degli studenti per le manifestazioni del febbraio di quest\u2019anno<\/a> e la <a href=\"https:\/\/www.pressenza.com\/it\/2022\/07\/centro-sociale-askatasuna-conferenza-stampa-sulle-accuse-mosse-dalla-procura\/\">recente inchiesta sul centro sociale Askatasuna<\/a>.<\/p>\n<p>Il presidio si \u00e8 chiuso con l\u2019invito a partecipare alla manifestazione dei lavoratori della logistica a Piacenza, il prossimo sabato 23 luglio.<\/p>\n<p><iframe loading=\"lazy\" title=\"Torino: presidio dell\u2019USB contro le misure cautelari per i dirigenti sindacali della logistica\" width=\"500\" height=\"281\" src=\"https:\/\/www.youtube.com\/embed\/oSaTkMR2gQ8?feature=oembed\" frameborder=\"0\" allow=\"accelerometer; autoplay; clipboard-write; encrypted-media; gyroscope; picture-in-picture; web-share\" referrerpolicy=\"strict-origin-when-cross-origin\" allowfullscreen><\/iframe><\/p>\n","protected":false},"excerpt":{"rendered":"<p>Mercoled\u00ec 20 luglio si sono tenuti a Torino due presidi per le operazioni di Polizia a carico di alcuni dirigenti sindacali della logistica su indicazione della Procura di Piacenza, uno la mattina organizzato dal Si Cobas ed uno nel tardo&hellip;<\/p>\n","protected":false},"author":1305,"featured_media":1627934,"comment_status":"closed","ping_status":"closed","sticky":false,"template":"","format":"standard","meta":{"footnotes":""},"categories":[11388,62,47,55,27065],"tags":[12814,96906],"class_list":["post-1627904","post","type-post","status-publish","format-standard","has-post-thumbnail","hentry","category-contenuti-originali","category-economia","category-europa","category-politica","category-video-it","tag-logistica","tag-usb-unione-sindacale-di-base"],"yoast_head":"<!-- This site is optimized with the Yoast SEO plugin v27.1.1 - https:\/\/yoast.com\/product\/yoast-seo-wordpress\/ -->\n<title>Torino: presidio dell\u2019USB contro le misure cautelari per i dirigenti sindacali della logistica<\/title>\n<meta name=\"description\" content=\"Mercoled\u00ec 20 luglio si sono tenuti a Torino due presidi per le operazioni di Polizia a carico di alcuni dirigenti sindacali della logistica su indicazione\" \/>\n<meta name=\"robots\" content=\"index, follow, max-snippet:-1, max-image-preview:large, max-video-preview:-1\" \/>\n<link rel=\"canonical\" href=\"https:\/\/www.pressenza.com\/it\/2022\/07\/torino-presidio-dellusb-contro-le-misure-cautelari-per-i-dirigenti-sindacali-della-logistica\/\" \/>\n<meta property=\"og:locale\" content=\"it_IT\" \/>\n<meta property=\"og:type\" content=\"article\" \/>\n<meta property=\"og:title\" content=\"Torino: presidio dell\u2019USB contro le misure cautelari per i dirigenti sindacali della logistica\" \/>\n<meta property=\"og:description\" content=\"Mercoled\u00ec 20 luglio si sono tenuti a Torino due presidi per le operazioni di Polizia a carico di alcuni dirigenti sindacali della logistica su indicazione\" \/>\n<meta property=\"og:url\" content=\"https:\/\/www.pressenza.com\/it\/2022\/07\/torino-presidio-dellusb-contro-le-misure-cautelari-per-i-dirigenti-sindacali-della-logistica\/\" \/>\n<meta property=\"og:site_name\" content=\"Pressenza\" \/>\n<meta property=\"article:publisher\" content=\"https:\/\/www.facebook.com\/PressenzaItalia\" \/>\n<meta property=\"article:author\" content=\"https:\/\/www.facebook.com\/giorgio.mancuso\" \/>\n<meta property=\"article:published_time\" content=\"2022-07-21T15:03:35+00:00\" \/>\n<meta property=\"article:modified_time\" content=\"2022-07-21T17:37:44+00:00\" \/>\n<meta property=\"og:image\" content=\"https:\/\/www.pressenza.com\/wp-content\/uploads\/2022\/07\/20220720_185711.jpg\" \/>\n\t<meta property=\"og:image:width\" content=\"1200\" \/>\n\t<meta property=\"og:image:height\" content=\"900\" \/>\n\t<meta property=\"og:image:type\" content=\"image\/jpeg\" \/>\n<meta name=\"author\" content=\"Giorgio Mancuso\" \/>\n<meta name=\"twitter:card\" content=\"summary_large_image\" \/>\n<meta name=\"twitter:creator\" content=\"@gmancuso68\" \/>\n<meta name=\"twitter:site\" content=\"@PressenzaIPA\" \/>\n<meta name=\"twitter:label1\" content=\"Scritto da\" \/>\n\t<meta name=\"twitter:data1\" content=\"Giorgio Mancuso\" \/>\n\t<meta name=\"twitter:label2\" content=\"Tempo di lettura stimato\" \/>\n\t<meta name=\"twitter:data2\" content=\"2 minuti\" \/>\n<script type=\"application\/ld+json\" class=\"yoast-schema-graph\">{\"@context\":\"https:\/\/schema.org\",\"@graph\":[{\"@type\":\"Article\",\"@id\":\"https:\/\/www.pressenza.com\/it\/2022\/07\/torino-presidio-dellusb-contro-le-misure-cautelari-per-i-dirigenti-sindacali-della-logistica\/#article\",\"isPartOf\":{\"@id\":\"https:\/\/www.pressenza.com\/it\/2022\/07\/torino-presidio-dellusb-contro-le-misure-cautelari-per-i-dirigenti-sindacali-della-logistica\/\"},\"author\":{\"name\":\"Giorgio Mancuso\",\"@id\":\"https:\/\/www.pressenza.com\/it\/#\/schema\/person\/8cfc203db0ed2da77683068e54ba46af\"},\"headline\":\"Torino: presidio dell\u2019USB contro le misure cautelari per i dirigenti sindacali della logistica\",\"datePublished\":\"2022-07-21T15:03:35+00:00\",\"dateModified\":\"2022-07-21T17:37:44+00:00\",\"mainEntityOfPage\":{\"@id\":\"https:\/\/www.pressenza.com\/it\/2022\/07\/torino-presidio-dellusb-contro-le-misure-cautelari-per-i-dirigenti-sindacali-della-logistica\/\"},\"wordCount\":312,\"publisher\":{\"@id\":\"https:\/\/www.pressenza.com\/it\/#organization\"},\"image\":{\"@id\":\"https:\/\/www.pressenza.com\/it\/2022\/07\/torino-presidio-dellusb-contro-le-misure-cautelari-per-i-dirigenti-sindacali-della-logistica\/#primaryimage\"},\"thumbnailUrl\":\"https:\/\/www.pressenza.com\/wp-content\/uploads\/2022\/07\/20220720_185711.jpg\",\"keywords\":[\"logistica\",\"USB-Unione Sindacale di Base\"],\"articleSection\":[\"contenuti originali\",\"Economia\",\"Europa\",\"Politica\",\"Video\"],\"inLanguage\":\"it-IT\"},{\"@type\":\"WebPage\",\"@id\":\"https:\/\/www.pressenza.com\/it\/2022\/07\/torino-presidio-dellusb-contro-le-misure-cautelari-per-i-dirigenti-sindacali-della-logistica\/\",\"url\":\"https:\/\/www.pressenza.com\/it\/2022\/07\/torino-presidio-dellusb-contro-le-misure-cautelari-per-i-dirigenti-sindacali-della-logistica\/\",\"name\":\"Torino: presidio dell\u2019USB contro le misure cautelari per i dirigenti sindacali della logistica\",\"isPartOf\":{\"@id\":\"https:\/\/www.pressenza.com\/it\/#website\"},\"primaryImageOfPage\":{\"@id\":\"https:\/\/www.pressenza.com\/it\/2022\/07\/torino-presidio-dellusb-contro-le-misure-cautelari-per-i-dirigenti-sindacali-della-logistica\/#primaryimage\"},\"image\":{\"@id\":\"https:\/\/www.pressenza.com\/it\/2022\/07\/torino-presidio-dellusb-contro-le-misure-cautelari-per-i-dirigenti-sindacali-della-logistica\/#primaryimage\"},\"thumbnailUrl\":\"https:\/\/www.pressenza.com\/wp-content\/uploads\/2022\/07\/20220720_185711.jpg\",\"datePublished\":\"2022-07-21T15:03:35+00:00\",\"dateModified\":\"2022-07-21T17:37:44+00:00\",\"description\":\"Mercoled\u00ec 20 luglio si sono tenuti a Torino due presidi per le operazioni di Polizia a carico di alcuni dirigenti sindacali della logistica su indicazione\",\"breadcrumb\":{\"@id\":\"https:\/\/www.pressenza.com\/it\/2022\/07\/torino-presidio-dellusb-contro-le-misure-cautelari-per-i-dirigenti-sindacali-della-logistica\/#breadcrumb\"},\"inLanguage\":\"it-IT\",\"potentialAction\":[{\"@type\":\"ReadAction\",\"target\":[\"https:\/\/www.pressenza.com\/it\/2022\/07\/torino-presidio-dellusb-contro-le-misure-cautelari-per-i-dirigenti-sindacali-della-logistica\/\"]}]},{\"@type\":\"ImageObject\",\"inLanguage\":\"it-IT\",\"@id\":\"https:\/\/www.pressenza.com\/it\/2022\/07\/torino-presidio-dellusb-contro-le-misure-cautelari-per-i-dirigenti-sindacali-della-logistica\/#primaryimage\",\"url\":\"https:\/\/www.pressenza.com\/wp-content\/uploads\/2022\/07\/20220720_185711.jpg\",\"contentUrl\":\"https:\/\/www.pressenza.com\/wp-content\/uploads\/2022\/07\/20220720_185711.jpg\",\"width\":1200,\"height\":900},{\"@type\":\"BreadcrumbList\",\"@id\":\"https:\/\/www.pressenza.com\/it\/2022\/07\/torino-presidio-dellusb-contro-le-misure-cautelari-per-i-dirigenti-sindacali-della-logistica\/#breadcrumb\",\"itemListElement\":[{\"@type\":\"ListItem\",\"position\":1,\"name\":\"Accueil\",\"item\":\"https:\/\/www.pressenza.com\/it\/\"},{\"@type\":\"ListItem\",\"position\":2,\"name\":\"Torino: presidio dell\u2019USB contro le misure cautelari per i dirigenti sindacali della logistica\"}]},{\"@type\":\"WebSite\",\"@id\":\"https:\/\/www.pressenza.com\/it\/#website\",\"url\":\"https:\/\/www.pressenza.com\/it\/\",\"name\":\"Pressenza\",\"description\":\"Agenzia di Stampa Internazionale\",\"publisher\":{\"@id\":\"https:\/\/www.pressenza.com\/it\/#organization\"},\"potentialAction\":[{\"@type\":\"SearchAction\",\"target\":{\"@type\":\"EntryPoint\",\"urlTemplate\":\"https:\/\/www.pressenza.com\/it\/?s={search_term_string}\"},\"query-input\":{\"@type\":\"PropertyValueSpecification\",\"valueRequired\":true,\"valueName\":\"search_term_string\"}}],\"inLanguage\":\"it-IT\"},{\"@type\":\"Organization\",\"@id\":\"https:\/\/www.pressenza.com\/it\/#organization\",\"name\":\"Pressenza\",\"url\":\"https:\/\/www.pressenza.com\/it\/\",\"logo\":{\"@type\":\"ImageObject\",\"inLanguage\":\"it-IT\",\"@id\":\"https:\/\/www.pressenza.com\/it\/#\/schema\/logo\/image\/\",\"url\":\"https:\/\/www.pressenza.com\/wp-content\/uploads\/2022\/10\/pressenza_logo_200x200.jpg\",\"contentUrl\":\"https:\/\/www.pressenza.com\/wp-content\/uploads\/2022\/10\/pressenza_logo_200x200.jpg\",\"width\":200,\"height\":200,\"caption\":\"Pressenza\"},\"image\":{\"@id\":\"https:\/\/www.pressenza.com\/it\/#\/schema\/logo\/image\/\"},\"sameAs\":[\"https:\/\/www.facebook.com\/PressenzaItalia\",\"https:\/\/x.com\/PressenzaIPA\"]},{\"@type\":\"Person\",\"@id\":\"https:\/\/www.pressenza.com\/it\/#\/schema\/person\/8cfc203db0ed2da77683068e54ba46af\",\"name\":\"Giorgio Mancuso\",\"description\":\"Giorgio is a lifelong humanist with a deep faith in the possibility and the need to build a new world, based on solidarity, where the human being is the central value and concern. His interests include: economics, especially those movements that propose alternative economic systems, and open source programming. Since 2010 he has been a member of The Community for Human Development, a cultural organisation of the Humanist Movement.\",\"sameAs\":[\"https:\/\/vocidalvillaggio.blogspot.com\/\",\"https:\/\/www.facebook.com\/giorgio.mancuso\",\"https:\/\/x.com\/gmancuso68\"],\"url\":\"https:\/\/www.pressenza.com\/it\/author\/giorgio-mancuso\/\"}]}<\/script>\n<!-- \/ Yoast SEO plugin. -->","yoast_head_json":{"title":"Torino: presidio dell\u2019USB contro le misure cautelari per i dirigenti sindacali della logistica","description":"Mercoled\u00ec 20 luglio si sono tenuti a Torino due presidi per le operazioni di Polizia a carico di alcuni dirigenti sindacali della logistica su indicazione","robots":{"index":"index","follow":"follow","max-snippet":"max-snippet:-1","max-image-preview":"max-image-preview:large","max-video-preview":"max-video-preview:-1"},"canonical":"https:\/\/www.pressenza.com\/it\/2022\/07\/torino-presidio-dellusb-contro-le-misure-cautelari-per-i-dirigenti-sindacali-della-logistica\/","og_locale":"it_IT","og_type":"article","og_title":"Torino: presidio dell\u2019USB contro le misure cautelari per i dirigenti sindacali della logistica","og_description":"Mercoled\u00ec 20 luglio si sono tenuti a Torino due presidi per le operazioni di Polizia a carico di alcuni dirigenti sindacali della logistica su indicazione","og_url":"https:\/\/www.pressenza.com\/it\/2022\/07\/torino-presidio-dellusb-contro-le-misure-cautelari-per-i-dirigenti-sindacali-della-logistica\/","og_site_name":"Pressenza","article_publisher":"https:\/\/www.facebook.com\/PressenzaItalia","article_author":"https:\/\/www.facebook.com\/giorgio.mancuso","article_published_time":"2022-07-21T15:03:35+00:00","article_modified_time":"2022-07-21T17:37:44+00:00","og_image":[{"width":1200,"height":900,"url":"https:\/\/www.pressenza.com\/wp-content\/uploads\/2022\/07\/20220720_185711.jpg","type":"image\/jpeg"}],"author":"Giorgio Mancuso","twitter_card":"summary_large_image","twitter_creator":"@gmancuso68","twitter_site":"@PressenzaIPA","twitter_misc":{"Scritto da":"Giorgio Mancuso","Tempo di lettura stimato":"2 minuti"},"schema":{"@context":"https:\/\/schema.org","@graph":[{"@type":"Article","@id":"https:\/\/www.pressenza.com\/it\/2022\/07\/torino-presidio-dellusb-contro-le-misure-cautelari-per-i-dirigenti-sindacali-della-logistica\/#article","isPartOf":{"@id":"https:\/\/www.pressenza.com\/it\/2022\/07\/torino-presidio-dellusb-contro-le-misure-cautelari-per-i-dirigenti-sindacali-della-logistica\/"},"author":{"name":"Giorgio Mancuso","@id":"https:\/\/www.pressenza.com\/it\/#\/schema\/person\/8cfc203db0ed2da77683068e54ba46af"},"headline":"Torino: presidio dell\u2019USB contro le misure cautelari per i dirigenti sindacali della logistica","datePublished":"2022-07-21T15:03:35+00:00","dateModified":"2022-07-21T17:37:44+00:00","mainEntityOfPage":{"@id":"https:\/\/www.pressenza.com\/it\/2022\/07\/torino-presidio-dellusb-contro-le-misure-cautelari-per-i-dirigenti-sindacali-della-logistica\/"},"wordCount":312,"publisher":{"@id":"https:\/\/www.pressenza.com\/it\/#organization"},"image":{"@id":"https:\/\/www.pressenza.com\/it\/2022\/07\/torino-presidio-dellusb-contro-le-misure-cautelari-per-i-dirigenti-sindacali-della-logistica\/#primaryimage"},"thumbnailUrl":"https:\/\/www.pressenza.com\/wp-content\/uploads\/2022\/07\/20220720_185711.jpg","keywords":["logistica","USB-Unione Sindacale di Base"],"articleSection":["contenuti originali","Economia","Europa","Politica","Video"],"inLanguage":"it-IT"},{"@type":"WebPage","@id":"https:\/\/www.pressenza.com\/it\/2022\/07\/torino-presidio-dellusb-contro-le-misure-cautelari-per-i-dirigenti-sindacali-della-logistica\/","url":"https:\/\/www.pressenza.com\/it\/2022\/07\/torino-presidio-dellusb-contro-le-misure-cautelari-per-i-dirigenti-sindacali-della-logistica\/","name":"Torino: presidio dell\u2019USB contro le misure cautelari per i dirigenti sindacali della logistica","isPartOf":{"@id":"https:\/\/www.pressenza.com\/it\/#website"},"primaryImageOfPage":{"@id":"https:\/\/www.pressenza.com\/it\/2022\/07\/torino-presidio-dellusb-contro-le-misure-cautelari-per-i-dirigenti-sindacali-della-logistica\/#primaryimage"},"image":{"@id":"https:\/\/www.pressenza.com\/it\/2022\/07\/torino-presidio-dellusb-contro-le-misure-cautelari-per-i-dirigenti-sindacali-della-logistica\/#primaryimage"},"thumbnailUrl":"https:\/\/www.pressenza.com\/wp-content\/uploads\/2022\/07\/20220720_185711.jpg","datePublished":"2022-07-21T15:03:35+00:00","dateModified":"2022-07-21T17:37:44+00:00","description":"Mercoled\u00ec 20 luglio si sono tenuti a Torino due presidi per le operazioni di Polizia a carico di alcuni dirigenti sindacali della logistica su indicazione","breadcrumb":{"@id":"https:\/\/www.pressenza.com\/it\/2022\/07\/torino-presidio-dellusb-contro-le-misure-cautelari-per-i-dirigenti-sindacali-della-logistica\/#breadcrumb"},"inLanguage":"it-IT","potentialAction":[{"@type":"ReadAction","target":["https:\/\/www.pressenza.com\/it\/2022\/07\/torino-presidio-dellusb-contro-le-misure-cautelari-per-i-dirigenti-sindacali-della-logistica\/"]}]},{"@type":"ImageObject","inLanguage":"it-IT","@id":"https:\/\/www.pressenza.com\/it\/2022\/07\/torino-presidio-dellusb-contro-le-misure-cautelari-per-i-dirigenti-sindacali-della-logistica\/#primaryimage","url":"https:\/\/www.pressenza.com\/wp-content\/uploads\/2022\/07\/20220720_185711.jpg","contentUrl":"https:\/\/www.pressenza.com\/wp-content\/uploads\/2022\/07\/20220720_185711.jpg","width":1200,"height":900},{"@type":"BreadcrumbList","@id":"https:\/\/www.pressenza.com\/it\/2022\/07\/torino-presidio-dellusb-contro-le-misure-cautelari-per-i-dirigenti-sindacali-della-logistica\/#breadcrumb","itemListElement":[{"@type":"ListItem","position":1,"name":"Accueil","item":"https:\/\/www.pressenza.com\/it\/"},{"@type":"ListItem","position":2,"name":"Torino: presidio dell\u2019USB contro le misure cautelari per i dirigenti sindacali della logistica"}]},{"@type":"WebSite","@id":"https:\/\/www.pressenza.com\/it\/#website","url":"https:\/\/www.pressenza.com\/it\/","name":"Pressenza","description":"Agenzia di Stampa Internazionale","publisher":{"@id":"https:\/\/www.pressenza.com\/it\/#organization"},"potentialAction":[{"@type":"SearchAction","target":{"@type":"EntryPoint","urlTemplate":"https:\/\/www.pressenza.com\/it\/?s={search_term_string}"},"query-input":{"@type":"PropertyValueSpecification","valueRequired":true,"valueName":"search_term_string"}}],"inLanguage":"it-IT"},{"@type":"Organization","@id":"https:\/\/www.pressenza.com\/it\/#organization","name":"Pressenza","url":"https:\/\/www.pressenza.com\/it\/","logo":{"@type":"ImageObject","inLanguage":"it-IT","@id":"https:\/\/www.pressenza.com\/it\/#\/schema\/logo\/image\/","url":"https:\/\/www.pressenza.com\/wp-content\/uploads\/2022\/10\/pressenza_logo_200x200.jpg","contentUrl":"https:\/\/www.pressenza.com\/wp-content\/uploads\/2022\/10\/pressenza_logo_200x200.jpg","width":200,"height":200,"caption":"Pressenza"},"image":{"@id":"https:\/\/www.pressenza.com\/it\/#\/schema\/logo\/image\/"},"sameAs":["https:\/\/www.facebook.com\/PressenzaItalia","https:\/\/x.com\/PressenzaIPA"]},{"@type":"Person","@id":"https:\/\/www.pressenza.com\/it\/#\/schema\/person\/8cfc203db0ed2da77683068e54ba46af","name":"Giorgio Mancuso","description":"Giorgio is a lifelong humanist with a deep faith in the possibility and the need to build a new world, based on solidarity, where the human being is the central value and concern. His interests include: economics, especially those movements that propose alternative economic systems, and open source programming. Since 2010 he has been a member of The Community for Human Development, a cultural organisation of the Humanist Movement.","sameAs":["https:\/\/vocidalvillaggio.blogspot.com\/","https:\/\/www.facebook.com\/giorgio.mancuso","https:\/\/x.com\/gmancuso68"],"url":"https:\/\/www.pressenza.com\/it\/author\/giorgio-mancuso\/"}]}},"place":"","original_article_url":"","_links":{"self":[{"href":"https:\/\/www.pressenza.com\/it\/wp-json\/wp\/v2\/posts\/1627904","targetHints":{"allow":["GET"]}}],"collection":[{"href":"https:\/\/www.pressenza.com\/it\/wp-json\/wp\/v2\/posts"}],"about":[{"href":"https:\/\/www.pressenza.com\/it\/wp-json\/wp\/v2\/types\/post"}],"author":[{"embeddable":true,"href":"https:\/\/www.pressenza.com\/it\/wp-json\/wp\/v2\/users\/1305"}],"replies":[{"embeddable":true,"href":"https:\/\/www.pressenza.com\/it\/wp-json\/wp\/v2\/comments?post=1627904"}],"version-history":[{"count":0,"href":"https:\/\/www.pressenza.com\/it\/wp-json\/wp\/v2\/posts\/1627904\/revisions"}],"wp:featuredmedia":[{"embeddable":true,"href":"https:\/\/www.pressenza.com\/it\/wp-json\/wp\/v2\/media\/1627934"}],"wp:attachment":[{"href":"https:\/\/www.pressenza.com\/it\/wp-json\/wp\/v2\/media?parent=1627904"}],"wp:term":[{"taxonomy":"category","embeddable":true,"href":"https:\/\/www.pressenza.com\/it\/wp-json\/wp\/v2\/categories?post=1627904"},{"taxonomy":"post_tag","embeddable":true,"href":"https:\/\/www.pressenza.com\/it\/wp-json\/wp\/v2\/tags?post=1627904"}],"curies":[{"name":"wp","href":"https:\/\/api.w.org\/{rel}","templated":true}]}}