{"id":1626193,"date":"2022-07-18T17:11:42","date_gmt":"2022-07-18T16:11:42","guid":{"rendered":"https:\/\/www.pressenza.com\/?p=1626193"},"modified":"2022-07-18T21:49:33","modified_gmt":"2022-07-18T20:49:33","slug":"cpr-corelli-nuovo-sopralluogo-del-senatore-de-falco-razzismo-istituzionale-e-violazione-dei-diritti-umani","status":"publish","type":"post","link":"https:\/\/www.pressenza.com\/it\/2022\/07\/cpr-corelli-nuovo-sopralluogo-del-senatore-de-falco-razzismo-istituzionale-e-violazione-dei-diritti-umani\/","title":{"rendered":"CPR Corelli, nuovo sopralluogo del senatore De Falco: razzismo istituzionale e violazione dei diritti umani"},"content":{"rendered":"<p>A un anno dal sopralluogo poi fatto seguire da due esposti con istanza di sequestro del Centro di Permanenza per il Rimpatrio di via Corelli a Milano e i cui rilievi aveva raccolto in un report presentato anche in una conferenza stampa al Senato oltre che in varie universit\u00e0 d&#8217;Italia, il senatore Gregorio De Falco ripete l&#8217;esperienza e rende pubblico un aggiornamento di quel report, scaricabile al link <a href=\"http:\/\/bit.ly\/3RIqGUY\">bit.ly\/3RIqGUY<\/a><\/p>\n<p><strong>&#8220;Delle pene senza delitti. Istantanea del CPR di Milano &#8211; Un anno dopo&#8221;<\/strong> \u00e8 il resoconto <a href=\"https:\/\/www.pressenza.com\/it\/2022\/05\/centro-per-rimpatri-cpr-milano-uno-tsunami-su-engel-italia\/\">del lungo accesso a sorpresa<\/a> effettuato lo scorso 29 maggio con la stessa delegazione del 2021, composta da una legale e un\u2019interprete collegate alla rete Mai pi\u00f9 Lager &#8211; No ai CPR, con l&#8217;aggiunta di un medico infettivologo esperto di medicina penitenziaria.<\/p>\n<p>Anche in questo caso, il report ha seguito la presentazione di un esposto integrativo presso la Procura della Repubblica di Milano avente a oggetto le gravi violazioni riscontrate del diritto alla salute dei trattenuti e il mancato rispetto dei regolamenti ministeriali che impongono convenzioni, tuttora inesistenti, tra ATS e Prefettura di Milano per garantire visite di idoneit\u00e0 obiettive e l&#8217;accesso alla medicina specialistica pubblica.<\/p>\n<p>Come denunciato dal report, l&#8217;accesso, sollecitato dalle allarmanti notizie, poi riscontrate, circa la presenza di malati con gravi problemi psicofisici lasciati prive di cure, ha dovuto registrare il comportamento ostruzionistico del gestore privato (a sorpresa, diverso dal vincitore della gara di appalto: Martinina S.r.l., anzich\u00e9 Engel Italia S.r.l.): questi ha infatti rifiutato la consegna di qualsiasi documentazione e soprattutto quella delle cartelle cliniche ai trattenuti stessi &#8211; che in pi\u00f9 di un caso ne avrebbe consentito il rilascio &#8211; i quali avevano delegato il senatore per il ritiro.<\/p>\n<p>Ciononostante, la delegazione, grazie ad approfonditi colloqui con le persone trattenute nei loro moduli abitativi e grazie ai successivi contatti con i loro legali (per chi ne aveva uno), ha potuto accertare sia il mancato accesso agli strumenti di difesa legale sia gli effetti deleteri dell&#8217;accentramento della cura della salute in capo allo scarno ambulatorio interno del gestore imprenditore privato, il quale in quanto tale ha quale preminente priorit\u00e0 quella del profitto.<\/p>\n<p>Con l&#8217;inevitabile conseguenza che anche la gestione sanitaria costituisce solo uno dei tanti servizi gravanti sul bilancio di quest&#8217;ultimo, tagliando i quali \u00e8 troppo facile trarre profitto, complice l&#8217;assenza di qualsiasi controllo esterno, neppure della stessa Prefettura appaltante. Analogo discorso vale per l\u2019attivit\u00e0 di informazione dei trattenuti circa i loro diritti, quella di mediazione culturale, quella di assistenza psicologica, gli approvvigionamenti di farmaci, cibo e beni per l&#8217;igiene e la biancheria e la manutenzione delle celle e dei servizi comuni: tutti impegni in appalto gravemente inadempiuti.<\/p>\n<p>A distanza di un anno, il report del senatore De Falco constata dunque il puntuale e sistematico riproporsi della medesima drammatica situazione, a Milano come da sempre in tutti i CPR. Si direbbe dunque che sia proprio l&#8217;istituto della detenzione amministrativa di per s\u00e9 a creare luoghi inevitabilmente patogeni, con la sua caratteristica strutturale di delega cieca al privato senza controllo, con la tipica conformazione repressiva tra carcere di massima sicurezza e ospedale psichiatrico, con la presenza incombente delle forze dell&#8217;ordine, con l&#8217;abuso indotto e dilagante di sedativi, insieme al costante e perseguito svilimento della persona.<\/p>\n<p>Lo dimostrano d&#8217;altronde i quotidiani tentativi di suicidio in via Corelli come negli altri 10 CPR di Italia e gli atti di autolesionismo persistenti e diffusi, ma soprattutto gli oltre trenta morti di CPR dall&#8217;avvio della detenzione amministrativa, dal 1998 ad oggi, dei quali tre solo nell&#8217;ultimo anno.<\/p>\n<p>La considerazione poi che tale severa privazione della libert\u00e0 personale senza neppure le garanzie minime previste dall&#8217;ordinamento penitenziario (e la &#8211; per fortuna &#8211; sempre meno correlata odiosa pratica della il deportazione forzata in Paesi con i quali non si ha pi\u00f9 alcun legame) sia inflitta per sanzionare il mero illecito amministrativo della perdita o della mancata acquisizione di un titolo di soggiorno che la legge neppure consente di acquisire, si sviluppa infine nelle conclusioni del report con una riflessione sull&#8217;ipocrisia di fondo dell&#8217;istituto e dell&#8217;intero sistema attuale di politiche dell&#8217;immigrazione italiane ed europee, del quale i CPR rappresentano un&#8217;aberrante degenerazione.<\/p>\n<p><strong>La conclusione inevitabile \u00e8 quella dell\u2019incompatibilit\u00e0 di tale forma di razzismo istituzionale con una societ\u00e0 che voglia definirsi rispettosa dei diritti umani e della dignit\u00e0 stessa della persona. <\/strong><\/p>\n<p><strong>L&#8217;invito \u00e8 quindi, tanto per cominciare, quello a invertire la rotta e infrangere quello che non deve essere pi\u00f9 considerato un tab\u00f9: i CPR possono e devono essere chius<\/strong><strong>i.<\/strong><\/p>\n<p><strong>Rete Mai pi\u00f9 Lager No ai CPR\u00a0<\/strong><\/p>\n","protected":false},"excerpt":{"rendered":"<p>A un anno dal sopralluogo poi fatto seguire da due esposti con istanza di sequestro del Centro di Permanenza per il Rimpatrio di via Corelli a Milano e i cui rilievi aveva raccolto in un report presentato anche in una&hellip;<\/p>\n","protected":false},"author":1722,"featured_media":1607872,"comment_status":"closed","ping_status":"closed","sticky":false,"template":"","format":"standard","meta":{"footnotes":""},"categories":[150,60,47,1259],"tags":[82174,103756,54562,41964,103754,103755],"class_list":["post-1626193","post","type-post","status-publish","format-standard","has-post-thumbnail","hentry","category-comunicati-stampa","category-diritti-umani","category-europa","category-salute-argomento","tag-cpr-corelli","tag-gestione-sanitaria","tag-razzismo-es-it","tag-report","tag-senatore-gregorio-de-falco","tag-sopralluogo"],"yoast_head":"<!-- This site is optimized with the Yoast SEO plugin v27.1.1 - https:\/\/yoast.com\/product\/yoast-seo-wordpress\/ -->\n<title>CPR Corelli, nuovo sopralluogo del senatore De Falco: razzismo istituzionale e violazione dei diritti umani<\/title>\n<meta name=\"description\" content=\"A un anno dal sopralluogo poi fatto seguire da due esposti con istanza di sequestro del Centro di Permanenza per il Rimpatrio di via Corelli a Milano e i\" \/>\n<meta name=\"robots\" content=\"index, follow, max-snippet:-1, max-image-preview:large, max-video-preview:-1\" \/>\n<link rel=\"canonical\" href=\"https:\/\/www.pressenza.com\/it\/2022\/07\/cpr-corelli-nuovo-sopralluogo-del-senatore-de-falco-razzismo-istituzionale-e-violazione-dei-diritti-umani\/\" \/>\n<meta property=\"og:locale\" content=\"it_IT\" \/>\n<meta property=\"og:type\" content=\"article\" \/>\n<meta property=\"og:title\" content=\"CPR Corelli, nuovo sopralluogo del senatore De Falco: razzismo istituzionale e violazione dei diritti umani\" \/>\n<meta property=\"og:description\" content=\"A un anno dal sopralluogo poi fatto seguire da due esposti con istanza di sequestro del Centro di Permanenza per il Rimpatrio di via Corelli a Milano e i\" \/>\n<meta property=\"og:url\" content=\"https:\/\/www.pressenza.com\/it\/2022\/07\/cpr-corelli-nuovo-sopralluogo-del-senatore-de-falco-razzismo-istituzionale-e-violazione-dei-diritti-umani\/\" \/>\n<meta property=\"og:site_name\" content=\"Pressenza\" \/>\n<meta property=\"article:publisher\" content=\"https:\/\/www.facebook.com\/PressenzaItalia\" \/>\n<meta property=\"article:published_time\" content=\"2022-07-18T16:11:42+00:00\" \/>\n<meta property=\"article:modified_time\" content=\"2022-07-18T20:49:33+00:00\" \/>\n<meta property=\"og:image\" content=\"https:\/\/www.pressenza.com\/wp-content\/uploads\/2022\/06\/Manifestazione-CPR-Torino06.jpg\" \/>\n\t<meta property=\"og:image:width\" content=\"1280\" \/>\n\t<meta property=\"og:image:height\" content=\"853\" \/>\n\t<meta property=\"og:image:type\" content=\"image\/jpeg\" \/>\n<meta name=\"author\" content=\"Redazione Milano\" \/>\n<meta name=\"twitter:card\" content=\"summary_large_image\" \/>\n<meta name=\"twitter:creator\" content=\"@PressenzaIPA\" \/>\n<meta name=\"twitter:site\" content=\"@PressenzaIPA\" \/>\n<meta name=\"twitter:label1\" content=\"Scritto da\" \/>\n\t<meta name=\"twitter:data1\" content=\"Redazione Milano\" \/>\n\t<meta name=\"twitter:label2\" content=\"Tempo di lettura stimato\" \/>\n\t<meta name=\"twitter:data2\" content=\"4 minuti\" \/>\n<script type=\"application\/ld+json\" class=\"yoast-schema-graph\">{\"@context\":\"https:\/\/schema.org\",\"@graph\":[{\"@type\":\"Article\",\"@id\":\"https:\/\/www.pressenza.com\/it\/2022\/07\/cpr-corelli-nuovo-sopralluogo-del-senatore-de-falco-razzismo-istituzionale-e-violazione-dei-diritti-umani\/#article\",\"isPartOf\":{\"@id\":\"https:\/\/www.pressenza.com\/it\/2022\/07\/cpr-corelli-nuovo-sopralluogo-del-senatore-de-falco-razzismo-istituzionale-e-violazione-dei-diritti-umani\/\"},\"author\":{\"name\":\"Redazione Milano\",\"@id\":\"https:\/\/www.pressenza.com\/it\/#\/schema\/person\/746fc8cdd6c8e3d918fb5714b3583e41\"},\"headline\":\"CPR Corelli, nuovo sopralluogo del senatore De Falco: razzismo istituzionale e violazione dei diritti umani\",\"datePublished\":\"2022-07-18T16:11:42+00:00\",\"dateModified\":\"2022-07-18T20:49:33+00:00\",\"mainEntityOfPage\":{\"@id\":\"https:\/\/www.pressenza.com\/it\/2022\/07\/cpr-corelli-nuovo-sopralluogo-del-senatore-de-falco-razzismo-istituzionale-e-violazione-dei-diritti-umani\/\"},\"wordCount\":786,\"publisher\":{\"@id\":\"https:\/\/www.pressenza.com\/it\/#organization\"},\"image\":{\"@id\":\"https:\/\/www.pressenza.com\/it\/2022\/07\/cpr-corelli-nuovo-sopralluogo-del-senatore-de-falco-razzismo-istituzionale-e-violazione-dei-diritti-umani\/#primaryimage\"},\"thumbnailUrl\":\"https:\/\/www.pressenza.com\/wp-content\/uploads\/2022\/06\/Manifestazione-CPR-Torino06.jpg\",\"keywords\":[\"CPR Corelli\",\"gestione sanitaria\",\"razzismo\",\"report\",\"senatore Gregorio De Falco\",\"sopralluogo\"],\"articleSection\":[\"Comunicati Stampa\",\"Diritti Umani\",\"Europa\",\"Salute\"],\"inLanguage\":\"it-IT\"},{\"@type\":\"WebPage\",\"@id\":\"https:\/\/www.pressenza.com\/it\/2022\/07\/cpr-corelli-nuovo-sopralluogo-del-senatore-de-falco-razzismo-istituzionale-e-violazione-dei-diritti-umani\/\",\"url\":\"https:\/\/www.pressenza.com\/it\/2022\/07\/cpr-corelli-nuovo-sopralluogo-del-senatore-de-falco-razzismo-istituzionale-e-violazione-dei-diritti-umani\/\",\"name\":\"CPR Corelli, nuovo sopralluogo del senatore De Falco: razzismo istituzionale e violazione dei diritti umani\",\"isPartOf\":{\"@id\":\"https:\/\/www.pressenza.com\/it\/#website\"},\"primaryImageOfPage\":{\"@id\":\"https:\/\/www.pressenza.com\/it\/2022\/07\/cpr-corelli-nuovo-sopralluogo-del-senatore-de-falco-razzismo-istituzionale-e-violazione-dei-diritti-umani\/#primaryimage\"},\"image\":{\"@id\":\"https:\/\/www.pressenza.com\/it\/2022\/07\/cpr-corelli-nuovo-sopralluogo-del-senatore-de-falco-razzismo-istituzionale-e-violazione-dei-diritti-umani\/#primaryimage\"},\"thumbnailUrl\":\"https:\/\/www.pressenza.com\/wp-content\/uploads\/2022\/06\/Manifestazione-CPR-Torino06.jpg\",\"datePublished\":\"2022-07-18T16:11:42+00:00\",\"dateModified\":\"2022-07-18T20:49:33+00:00\",\"description\":\"A un anno dal sopralluogo poi fatto seguire da due esposti con istanza di sequestro del Centro di Permanenza per il Rimpatrio di via Corelli a Milano e i\",\"breadcrumb\":{\"@id\":\"https:\/\/www.pressenza.com\/it\/2022\/07\/cpr-corelli-nuovo-sopralluogo-del-senatore-de-falco-razzismo-istituzionale-e-violazione-dei-diritti-umani\/#breadcrumb\"},\"inLanguage\":\"it-IT\",\"potentialAction\":[{\"@type\":\"ReadAction\",\"target\":[\"https:\/\/www.pressenza.com\/it\/2022\/07\/cpr-corelli-nuovo-sopralluogo-del-senatore-de-falco-razzismo-istituzionale-e-violazione-dei-diritti-umani\/\"]}]},{\"@type\":\"ImageObject\",\"inLanguage\":\"it-IT\",\"@id\":\"https:\/\/www.pressenza.com\/it\/2022\/07\/cpr-corelli-nuovo-sopralluogo-del-senatore-de-falco-razzismo-istituzionale-e-violazione-dei-diritti-umani\/#primaryimage\",\"url\":\"https:\/\/www.pressenza.com\/wp-content\/uploads\/2022\/06\/Manifestazione-CPR-Torino06.jpg\",\"contentUrl\":\"https:\/\/www.pressenza.com\/wp-content\/uploads\/2022\/06\/Manifestazione-CPR-Torino06.jpg\",\"width\":1280,\"height\":853},{\"@type\":\"BreadcrumbList\",\"@id\":\"https:\/\/www.pressenza.com\/it\/2022\/07\/cpr-corelli-nuovo-sopralluogo-del-senatore-de-falco-razzismo-istituzionale-e-violazione-dei-diritti-umani\/#breadcrumb\",\"itemListElement\":[{\"@type\":\"ListItem\",\"position\":1,\"name\":\"Accueil\",\"item\":\"https:\/\/www.pressenza.com\/it\/\"},{\"@type\":\"ListItem\",\"position\":2,\"name\":\"CPR Corelli, nuovo sopralluogo del senatore De Falco: razzismo istituzionale e violazione dei diritti umani\"}]},{\"@type\":\"WebSite\",\"@id\":\"https:\/\/www.pressenza.com\/it\/#website\",\"url\":\"https:\/\/www.pressenza.com\/it\/\",\"name\":\"Pressenza\",\"description\":\"Agenzia di Stampa Internazionale\",\"publisher\":{\"@id\":\"https:\/\/www.pressenza.com\/it\/#organization\"},\"potentialAction\":[{\"@type\":\"SearchAction\",\"target\":{\"@type\":\"EntryPoint\",\"urlTemplate\":\"https:\/\/www.pressenza.com\/it\/?s={search_term_string}\"},\"query-input\":{\"@type\":\"PropertyValueSpecification\",\"valueRequired\":true,\"valueName\":\"search_term_string\"}}],\"inLanguage\":\"it-IT\"},{\"@type\":\"Organization\",\"@id\":\"https:\/\/www.pressenza.com\/it\/#organization\",\"name\":\"Pressenza\",\"url\":\"https:\/\/www.pressenza.com\/it\/\",\"logo\":{\"@type\":\"ImageObject\",\"inLanguage\":\"it-IT\",\"@id\":\"https:\/\/www.pressenza.com\/it\/#\/schema\/logo\/image\/\",\"url\":\"https:\/\/www.pressenza.com\/wp-content\/uploads\/2022\/10\/pressenza_logo_200x200.jpg\",\"contentUrl\":\"https:\/\/www.pressenza.com\/wp-content\/uploads\/2022\/10\/pressenza_logo_200x200.jpg\",\"width\":200,\"height\":200,\"caption\":\"Pressenza\"},\"image\":{\"@id\":\"https:\/\/www.pressenza.com\/it\/#\/schema\/logo\/image\/\"},\"sameAs\":[\"https:\/\/www.facebook.com\/PressenzaItalia\",\"https:\/\/x.com\/PressenzaIPA\"]},{\"@type\":\"Person\",\"@id\":\"https:\/\/www.pressenza.com\/it\/#\/schema\/person\/746fc8cdd6c8e3d918fb5714b3583e41\",\"name\":\"Redazione Milano\",\"description\":\"News from the Pressenza Bureau in Milan, Italy\",\"url\":\"https:\/\/www.pressenza.com\/it\/author\/redazione-milano\/\"}]}<\/script>\n<!-- \/ Yoast SEO plugin. -->","yoast_head_json":{"title":"CPR Corelli, nuovo sopralluogo del senatore De Falco: razzismo istituzionale e violazione dei diritti umani","description":"A un anno dal sopralluogo poi fatto seguire da due esposti con istanza di sequestro del Centro di Permanenza per il Rimpatrio di via Corelli a Milano e i","robots":{"index":"index","follow":"follow","max-snippet":"max-snippet:-1","max-image-preview":"max-image-preview:large","max-video-preview":"max-video-preview:-1"},"canonical":"https:\/\/www.pressenza.com\/it\/2022\/07\/cpr-corelli-nuovo-sopralluogo-del-senatore-de-falco-razzismo-istituzionale-e-violazione-dei-diritti-umani\/","og_locale":"it_IT","og_type":"article","og_title":"CPR Corelli, nuovo sopralluogo del senatore De Falco: razzismo istituzionale e violazione dei diritti umani","og_description":"A un anno dal sopralluogo poi fatto seguire da due esposti con istanza di sequestro del Centro di Permanenza per il Rimpatrio di via Corelli a Milano e i","og_url":"https:\/\/www.pressenza.com\/it\/2022\/07\/cpr-corelli-nuovo-sopralluogo-del-senatore-de-falco-razzismo-istituzionale-e-violazione-dei-diritti-umani\/","og_site_name":"Pressenza","article_publisher":"https:\/\/www.facebook.com\/PressenzaItalia","article_published_time":"2022-07-18T16:11:42+00:00","article_modified_time":"2022-07-18T20:49:33+00:00","og_image":[{"width":1280,"height":853,"url":"https:\/\/www.pressenza.com\/wp-content\/uploads\/2022\/06\/Manifestazione-CPR-Torino06.jpg","type":"image\/jpeg"}],"author":"Redazione Milano","twitter_card":"summary_large_image","twitter_creator":"@PressenzaIPA","twitter_site":"@PressenzaIPA","twitter_misc":{"Scritto da":"Redazione Milano","Tempo di lettura stimato":"4 minuti"},"schema":{"@context":"https:\/\/schema.org","@graph":[{"@type":"Article","@id":"https:\/\/www.pressenza.com\/it\/2022\/07\/cpr-corelli-nuovo-sopralluogo-del-senatore-de-falco-razzismo-istituzionale-e-violazione-dei-diritti-umani\/#article","isPartOf":{"@id":"https:\/\/www.pressenza.com\/it\/2022\/07\/cpr-corelli-nuovo-sopralluogo-del-senatore-de-falco-razzismo-istituzionale-e-violazione-dei-diritti-umani\/"},"author":{"name":"Redazione Milano","@id":"https:\/\/www.pressenza.com\/it\/#\/schema\/person\/746fc8cdd6c8e3d918fb5714b3583e41"},"headline":"CPR Corelli, nuovo sopralluogo del senatore De Falco: razzismo istituzionale e violazione dei diritti umani","datePublished":"2022-07-18T16:11:42+00:00","dateModified":"2022-07-18T20:49:33+00:00","mainEntityOfPage":{"@id":"https:\/\/www.pressenza.com\/it\/2022\/07\/cpr-corelli-nuovo-sopralluogo-del-senatore-de-falco-razzismo-istituzionale-e-violazione-dei-diritti-umani\/"},"wordCount":786,"publisher":{"@id":"https:\/\/www.pressenza.com\/it\/#organization"},"image":{"@id":"https:\/\/www.pressenza.com\/it\/2022\/07\/cpr-corelli-nuovo-sopralluogo-del-senatore-de-falco-razzismo-istituzionale-e-violazione-dei-diritti-umani\/#primaryimage"},"thumbnailUrl":"https:\/\/www.pressenza.com\/wp-content\/uploads\/2022\/06\/Manifestazione-CPR-Torino06.jpg","keywords":["CPR Corelli","gestione sanitaria","razzismo","report","senatore Gregorio De Falco","sopralluogo"],"articleSection":["Comunicati Stampa","Diritti Umani","Europa","Salute"],"inLanguage":"it-IT"},{"@type":"WebPage","@id":"https:\/\/www.pressenza.com\/it\/2022\/07\/cpr-corelli-nuovo-sopralluogo-del-senatore-de-falco-razzismo-istituzionale-e-violazione-dei-diritti-umani\/","url":"https:\/\/www.pressenza.com\/it\/2022\/07\/cpr-corelli-nuovo-sopralluogo-del-senatore-de-falco-razzismo-istituzionale-e-violazione-dei-diritti-umani\/","name":"CPR Corelli, nuovo sopralluogo del senatore De Falco: razzismo istituzionale e violazione dei diritti umani","isPartOf":{"@id":"https:\/\/www.pressenza.com\/it\/#website"},"primaryImageOfPage":{"@id":"https:\/\/www.pressenza.com\/it\/2022\/07\/cpr-corelli-nuovo-sopralluogo-del-senatore-de-falco-razzismo-istituzionale-e-violazione-dei-diritti-umani\/#primaryimage"},"image":{"@id":"https:\/\/www.pressenza.com\/it\/2022\/07\/cpr-corelli-nuovo-sopralluogo-del-senatore-de-falco-razzismo-istituzionale-e-violazione-dei-diritti-umani\/#primaryimage"},"thumbnailUrl":"https:\/\/www.pressenza.com\/wp-content\/uploads\/2022\/06\/Manifestazione-CPR-Torino06.jpg","datePublished":"2022-07-18T16:11:42+00:00","dateModified":"2022-07-18T20:49:33+00:00","description":"A un anno dal sopralluogo poi fatto seguire da due esposti con istanza di sequestro del Centro di Permanenza per il Rimpatrio di via Corelli a Milano e i","breadcrumb":{"@id":"https:\/\/www.pressenza.com\/it\/2022\/07\/cpr-corelli-nuovo-sopralluogo-del-senatore-de-falco-razzismo-istituzionale-e-violazione-dei-diritti-umani\/#breadcrumb"},"inLanguage":"it-IT","potentialAction":[{"@type":"ReadAction","target":["https:\/\/www.pressenza.com\/it\/2022\/07\/cpr-corelli-nuovo-sopralluogo-del-senatore-de-falco-razzismo-istituzionale-e-violazione-dei-diritti-umani\/"]}]},{"@type":"ImageObject","inLanguage":"it-IT","@id":"https:\/\/www.pressenza.com\/it\/2022\/07\/cpr-corelli-nuovo-sopralluogo-del-senatore-de-falco-razzismo-istituzionale-e-violazione-dei-diritti-umani\/#primaryimage","url":"https:\/\/www.pressenza.com\/wp-content\/uploads\/2022\/06\/Manifestazione-CPR-Torino06.jpg","contentUrl":"https:\/\/www.pressenza.com\/wp-content\/uploads\/2022\/06\/Manifestazione-CPR-Torino06.jpg","width":1280,"height":853},{"@type":"BreadcrumbList","@id":"https:\/\/www.pressenza.com\/it\/2022\/07\/cpr-corelli-nuovo-sopralluogo-del-senatore-de-falco-razzismo-istituzionale-e-violazione-dei-diritti-umani\/#breadcrumb","itemListElement":[{"@type":"ListItem","position":1,"name":"Accueil","item":"https:\/\/www.pressenza.com\/it\/"},{"@type":"ListItem","position":2,"name":"CPR Corelli, nuovo sopralluogo del senatore De Falco: razzismo istituzionale e violazione dei diritti umani"}]},{"@type":"WebSite","@id":"https:\/\/www.pressenza.com\/it\/#website","url":"https:\/\/www.pressenza.com\/it\/","name":"Pressenza","description":"Agenzia di Stampa Internazionale","publisher":{"@id":"https:\/\/www.pressenza.com\/it\/#organization"},"potentialAction":[{"@type":"SearchAction","target":{"@type":"EntryPoint","urlTemplate":"https:\/\/www.pressenza.com\/it\/?s={search_term_string}"},"query-input":{"@type":"PropertyValueSpecification","valueRequired":true,"valueName":"search_term_string"}}],"inLanguage":"it-IT"},{"@type":"Organization","@id":"https:\/\/www.pressenza.com\/it\/#organization","name":"Pressenza","url":"https:\/\/www.pressenza.com\/it\/","logo":{"@type":"ImageObject","inLanguage":"it-IT","@id":"https:\/\/www.pressenza.com\/it\/#\/schema\/logo\/image\/","url":"https:\/\/www.pressenza.com\/wp-content\/uploads\/2022\/10\/pressenza_logo_200x200.jpg","contentUrl":"https:\/\/www.pressenza.com\/wp-content\/uploads\/2022\/10\/pressenza_logo_200x200.jpg","width":200,"height":200,"caption":"Pressenza"},"image":{"@id":"https:\/\/www.pressenza.com\/it\/#\/schema\/logo\/image\/"},"sameAs":["https:\/\/www.facebook.com\/PressenzaItalia","https:\/\/x.com\/PressenzaIPA"]},{"@type":"Person","@id":"https:\/\/www.pressenza.com\/it\/#\/schema\/person\/746fc8cdd6c8e3d918fb5714b3583e41","name":"Redazione Milano","description":"News from the Pressenza Bureau in Milan, Italy","url":"https:\/\/www.pressenza.com\/it\/author\/redazione-milano\/"}]}},"place":"","original_article_url":"","_links":{"self":[{"href":"https:\/\/www.pressenza.com\/it\/wp-json\/wp\/v2\/posts\/1626193","targetHints":{"allow":["GET"]}}],"collection":[{"href":"https:\/\/www.pressenza.com\/it\/wp-json\/wp\/v2\/posts"}],"about":[{"href":"https:\/\/www.pressenza.com\/it\/wp-json\/wp\/v2\/types\/post"}],"author":[{"embeddable":true,"href":"https:\/\/www.pressenza.com\/it\/wp-json\/wp\/v2\/users\/1722"}],"replies":[{"embeddable":true,"href":"https:\/\/www.pressenza.com\/it\/wp-json\/wp\/v2\/comments?post=1626193"}],"version-history":[{"count":0,"href":"https:\/\/www.pressenza.com\/it\/wp-json\/wp\/v2\/posts\/1626193\/revisions"}],"wp:featuredmedia":[{"embeddable":true,"href":"https:\/\/www.pressenza.com\/it\/wp-json\/wp\/v2\/media\/1607872"}],"wp:attachment":[{"href":"https:\/\/www.pressenza.com\/it\/wp-json\/wp\/v2\/media?parent=1626193"}],"wp:term":[{"taxonomy":"category","embeddable":true,"href":"https:\/\/www.pressenza.com\/it\/wp-json\/wp\/v2\/categories?post=1626193"},{"taxonomy":"post_tag","embeddable":true,"href":"https:\/\/www.pressenza.com\/it\/wp-json\/wp\/v2\/tags?post=1626193"}],"curies":[{"name":"wp","href":"https:\/\/api.w.org\/{rel}","templated":true}]}}