{"id":162560,"date":"2015-02-12T19:15:50","date_gmt":"2015-02-12T19:15:50","guid":{"rendered":"http:\/\/www.pressenza.com\/?p=162560"},"modified":"2015-02-12T19:43:53","modified_gmt":"2015-02-12T19:43:53","slug":"vicenza-lo-hit-show-nuova-fiera-delle-armi-ma-non-solo","status":"publish","type":"post","link":"https:\/\/www.pressenza.com\/it\/2015\/02\/vicenza-lo-hit-show-nuova-fiera-delle-armi-ma-non-solo\/","title":{"rendered":"A Vicenza lo \u201cHit Show\u201d, nuova fiera delle armi (ma non solo)"},"content":{"rendered":"<div class=\"attribute-long\">\n<p>\u00abProseguiremo il dialogo con l\u2019Amministrazione di Vicenza ed i promotori di \u201cHIT Show\u201d e chiederemo agli organizzatori dell\u2019evento di definire un codice di responsabilit\u00e0 sociale della manifestazione fieristica\u00bb. Lo affermano in una nota congiunta (<b><a href=\"http:\/\/opalbrescia.altervista.org\/sites\/default\/files\/stampa\/2015\/OPAL_RID_Comunicato_su_HITshow.pdf\" target=\"_blank\">qui in .pdf<\/a><\/b>), l\u2019<b>Osservatorio <\/b><b>Permanente sulle Armi Leggere e Politiche di Sicurezza (<a href=\"http:\/\/www.opalbrescia.org\/\" target=\"_blank\">OPAL<\/a>) di Brescia<\/b> e la <b>Rete Italiana per il Disarmo (<a href=\"http:\/\/www.disarmo.org\/\" target=\"_blank\">Rete Disarmo<\/a>)<\/b>.<\/p>\n<p>Le due associazioni dopodomani,\u00a0<b>venerd\u00ec 13 febbraio<\/b>, alle ore 20:30, terranno un <b>incontro pubblico<\/b> a Vicenza dal titolo \u201c<b>HIT Show: questioni aperte e prospettive<\/b>\u201d, presso il salone della Cooperativa Insieme, via B. Dalla Scola 253. Saranno presenti, tra i relatori, <b>Francesco Vignarca<\/b> (Coordinatore nazionale della Rete italiana per il disarmo), <b>Piergiulio Biatta<\/b> (Presidente dell\u2019Osservatorio OPAL di Brescia), <b>Giorgio Beretta<\/b> (analista del commercio di armi). Prima di presentare il comunicato di OPAL e Rete Disarmo \u00e8 bene fare un passo indietro e considerare un \u201cprima\u201d ed un \u00a0\u201cdopo\u201d.<\/p>\n<h4><b>Lo \u201cHIT Show\u201d (prima): law enforcement e focus sulle armi<\/b><\/h4>\n<p>L\u2019evento fieristico \u201c<b><a href=\"http:\/\/www.hit-show.com\/index.php?lang=it\" target=\"_blank\">HIT Show<\/a><\/b>\u201d (acronimo per <i>Hunting, Individual protection, Target sports<\/i>) \u00e8 nato dall\u2019accordo siglato lo scorso giugno tra <a href=\"http:\/\/www.vicenzafiera.it\/\" target=\"_blank\">Fiera di Vicenza SpA<\/a> e l\u2019Associazione Nazionale Produttori Armi e Munizioni Sportive e Civili (<a href=\"http:\/\/www.anpam.it\/\" target=\"_blank\">ANPAM<\/a>). Il nuovo evento \u00e8 stato annunciato da un comunicato congiunto (qui <a href=\"http:\/\/www.vicenzafiera.it\/system\/attachments\/attachment\/data_it\/56\/CS_accordo_FDV_ANPAM.pdf\" target=\"_blank\">in .pdf)<\/a> dal titolo quanto mai eloquente: <i>\u201cFiera di Vicenza e ANPAM si alleano e presentano HIT, la nuova fiera dedicata ad outdoor, caccia, armi sportive e <b>law enforcement<\/b>\u201d.<\/i> Il comunicato specificava: \u201cDurante i quattro giorni di manifestazione la nuova infrastruttura ipertecnologica di 80mila mq di Fiera di Vicenza sar\u00e0 messa a disposizione per ospitare le pi\u00f9 importanti aziende italiane di <b>armi e munizionamenti<\/b>, del tiro, della caccia e <b>law enforcement<\/b>, oltre ad aziende ottiche, di accessori, del mondo outdoor e della cinofilia\u201d.<\/p>\n<p><b>Un successivo comunicato<\/b> del dicembre scorso riporta che \u201cla manifestazione \u00e8 rivolta al mondo della caccia, delle <b>armi da difesa personale<\/b> e del tiro sportivo&#8221; (qui <a href=\"http:\/\/www.vicenzafiera.it\/system\/attachments\/attachment\/data_it\/72\/CS_HIT_SHOW_2015.pdf\" target=\"_blank\">in .pdf<\/a>). Lo stesso comunicato aggiungeva che \u201cHIT Show si propone come l\u2019appuntamento italiano leader per il <b>settore delle armi sportive e civili, delle munizioni<\/b>, delle attrezzature e degli accessori dedicati al mondo outdoor, caccia, tiro sportivo e utilizzo personale. Un Salone che ospita i top brand italiani ed esteri che, grazie all\u2019expertise dei due organizzatori, punta a diventare l\u2019appuntamento di riferimento in Italia e in Europa <b>per il comparto armiero<\/b> Made in Italy\u201d.<\/p>\n<p>E sul sito ufficiale della manifestazione alla sezione \u201c<b><a href=\"http:\/\/www.hit-show.com\/index.php?option=com_content&amp;view=article&amp;id=104&amp;Itemid=249&amp;lang=it\" target=\"_blank\">Perch\u00e9 visitare<\/a><\/b>\u201d si pu\u00f2 leggere nella parte agli \u201cAppassionati\u201d: \u201c<b>ACQUISTA L&#8217;OFFERTA ESPOSITIVA VARIEGATA E COMPLETA<\/b>: L\u2019offerta espositiva del Salone ha un <b>focus su armi e munizioni<\/b>, a cui si affiancano le attrezzature specializzate: ottiche, abbigliamento, calzature, accessori, turismo venatorio e molto altro. A HIT Show 2015 gli appassionati di caccia, tiro sportivo e formazione professionale possono <b>completare il proprio equipaggiamento e acquistare in anteprima i nuovi prodotti in esposizione<\/b> all&#8217;interno della speciale Area Shopping\u201d. Tutto chiaro?<\/p>\n<h4><b>Lo \u201cHIT Show\u201d (dopo): n\u00e8 law enforcement n\u00e8 vendita di armi <\/b><\/h4>\n<p>Non proprio. Nei giorni scorsi Fiera di Vicenza SpA. ed ANPAM, infatti, hanno emesso una \u201c<b>nota congiunta<\/b>\u201d (qui <a href=\"http:\/\/www.vicenzafiera.it\/system\/attachments\/attachment\/data_it\/81\/Nota_congiunta_Fiera_di_Vicenza_-_ANPAM_su_Manifestazione_HIT.pdf\" target=\"_blank\">in .pdf<\/a>) che chiarisce (e in parte rettifica) quanto le due realt\u00e0 promotrici dell\u2019evento avevano precedentemente affermato. Innanzitutto si legge che l\u2019evento fieristico <i>\u201cnon prevede estensioni in ordine alle merceologie a favore di settori non in linea con l\u2019uso sportivo e civile delle armi\u201d:<\/i> ma non avevano detto che la manifestazione \u00e8 dedicata anche al \u201claw enforcement\u201d che non \u00e8 n\u00e9 sportivo n\u00e9 \u201ccivile\u201d?\u00a0(Chi non ha idea di cosa significhi \u201cLaw enforcement\u201d pu\u00f2 leggere\u00a0<a href=\"http:\/\/en.wikipedia.org\/wiki\/Law_enforcement_in_Italy\" target=\"_blank\">questa voce<\/a>\u00a0su Wikipedia)<\/p>\n<p>Il comunicato \u00a0tra l&#8217;altro\u00a0segnala <i>\u201cla presenza di un Padiglione dedicato all\u2019Individual Protection (altrove non precisamente definito \u201cLaw Enforcement\u201d) nell\u2019ambito del quale, comunque, <b>non sar\u00e0 esposta nessun tipo di arma da fuoco<\/b>, mentre saranno, invece, presenti alcuni articoli di difesa come giubbotti antiproiettile, calzature tecniche, sistemi di sorveglianza ecc.\u201d.<\/i><\/p>\n<p>Lo stesso comunicato riporta infine che <i>\u201cdurante lo svolgimento della Manifestazione Fieristica <b>non \u00e8 prevista n\u00e9 consentita alcuna attivit\u00e0 di vendita di armi<\/b> o parti essenziali di armi. L&#8217;area dedicata allo shopping prevede esclusivamente la vendita di oggetti e abbigliamento legati alla caccia, all&#8217;outdoor e al tiro sportivo\u201d.<\/i><\/p>\n<p>&nbsp;<\/p>\n<h4><b>Tra il \u201cprima\u201d e il \u201cdopo\u201d<\/b><\/h4>\n<p>Tra il \u201cprima\u201d e il \u201cdopo\u201d dei due comunicati della Fiera c\u2019\u00e8 stata una intensa e puntuale attivit\u00e0 di <b>OPAL e di Rete Disarmo<\/b> che hanno contattato il Comune di Vicenza e successivamente Fiera di Vicenza SpA e ANPAM. Il <b>Comune di Vicenza, infatti, detiene il 32,11% delle azioni di Fiera di Vicenza SpA<\/b>; una medesima quota appartiene alla <b>Provincia di Vicenza<\/b> (attualmente presieduta dal sindaco di Vicenza, Achille Variati) e un altro 32,11% delle azioni \u00e8 di propriet\u00e0 della Camera di Commercio, Industria, Artigianato e Agricoltura di Vicenza.<\/p>\n<p>C\u2019\u00e8 per\u00f2 un fatto importante: lo <a href=\"http:\/\/www.comune.vicenza.it\/amministrazione\/statuto.php\" target=\"_blank\">Statuto del Comune di Vicenza<\/a> all\u2019art. 2 (Pace e cooperazione) afferma che \u201cIl Comune, in conformit\u00e0 ai principi costituzionali ed alle norme internazionali che riconoscono i diritti innati delle persone umane sancisce il ripudio della guerra come mezzo di risoluzione delle controversie internazionali e promuove la cooperazione fra i popoli, <b>riconosce nella pace un diritto fondamentale<\/b> della persona e dei popoli. A tal fine il Comune incoraggia la conoscenza reciproca dei popoli e delle rispettive culture e <b>promuove una cultura della pace e dei diritti umani<\/b> mediante <b>iniziative culturali e di ricerca, di educazione e di informazione e con il sostegno alle associazioni<\/b>, che promuovono la solidariet\u00e0 con le persone e con le popolazioni pi\u00f9 povere\u201d. (Art. 2, c. 1-2).<\/p>\n<h4><b>Il comunicato di OPAL e Rete Disarmo<\/b><\/h4>\n<p>\u00ab<b>Riteniamo positiva<\/b> \u2212 si legge nel comunicato di OPAL e di Rete Disarmo (<b><a href=\"http:\/\/opalbrescia.altervista.org\/sites\/default\/files\/stampa\/2015\/OPAL_RID_Comunicato_su_HITshow.pdf\" target=\"_blank\">qui in .pdf<\/a><\/b>)\u00a0\u2212 l\u2019interlocuzione che si \u00e8 aperta con l\u2019Amministrazione di Vicenza nella persona dell\u2019Assessore Isabella Sala (Assessore alla Comunit\u00e0 e alle Famiglie) e con i promotori di \u201cHIT Show\u201d (Fiera di Vicenza SpA e ANPAM) che, a seguito di un <b>incontro con i nostri rappresentanti<\/b>, ha gi\u00e0 portato gli organizzatori dell\u2019evento a chiarire una serie di informazioni precedentemente diffuse agli organi di stampa e soprattutto a diverse riviste del settore armiero in merito alle caratteristiche della manifestazione e a specificare le tipologie delle armi e dei materiali esposti, degli oggetti in vendita, le modalit\u00e0 e le restrizioni di accesso ai vari eventi previsti\u00bb.<\/p>\n<p>\u00ab<b>Ci auguriamo<\/b> \u2212 affermano OPAL e Rete Disarmo \u2212 <b>che sia un primo passo<\/b> di un cammino di confronto aperto a sensibilit\u00e0 come le nostre, da sempre attente e critiche nei confronti della cosiddetta \u201ccultura delle armi\u201d, sulle diverse implicazioni che questo nuovo evento fieristico vicentino solleva: evento che \u2212 come annunciano gli stessi promotori \u2212 <i>\u201csi propone come l\u2019appuntamento italiano leader per il settore delle armi sportive e civili\u201d<\/i> e che <i>\u201cpunta a diventare l\u2019appuntamento di riferimento in Italia e in Europa per il comparto armiero Made in Italy\u201d<\/i> \u00bb.<\/p>\n<p>\u00abUn evento, quindi \u2212 prosegue la nota di OPAL e Rete Disarmo \u2212 che per <b>caratteristiche e ambizioni non pu\u00f2 non tener conto<\/b> dei numerosi aspetti collegati alla diffusione, nazionale e internazionale, delle \u201carmi comuni\u201d e soprattutto alle <b>implicazioni sociali e sulla sicurezza<\/b> connesse alla crescente giustificazione, anche nel nostro paese, dell\u2019impiego delle armi per la difesa personale. Proprio per questo riteniamo che il salone HIT Show \u2212 la cui <i>\u201cofferta espositiva ha un <a href=\"http:\/\/www.hit-show.com\/index.php?option=com_content&amp;view=article&amp;id=104&amp;Itemid=249&amp;lang=it\" target=\"_blank\">focus su armi e munizioni<\/a>\u201d<\/i> e che riserva un intero padiglione alla <i>\u201cIndividual protection\u201d<\/i> \u2212 non possa in futuro limitarsi ad offrire al pubblico solo delle pur importanti <i>\u201cistruzioni\u201d e \u201csimulazioni\u201d<\/i> sulla difesa personale e delle <i>\u201cpractical lessons\u201d<\/i> sul <i>\u201ctiro da difesa\u201d,<\/i> ma debba diventare l\u2019occasione per <b>aprire un approfondito dibattito sulla cultura della difesa personale<\/b>, sull\u2019utilizzo delle armi, sul <b>loro commercio nazionale e internazionale<\/b> e <b>sulla trasparenza del comparto armiero<\/b>\u00bb.<\/p>\n<p>\u00abProprio per questo \u2212 continuano OPAL e Rete Disarmo \u2212 nelle prossime settimane inviteremo l\u2019Amministrazione di Vicenza e i promotori di HIT Show a partecipare, in vista della rassegna del prossimo anno, a <b>momenti di confronto pubblico<\/b> per cominciare a delineare, in dialogo con tutti gli <i>stakeholders<\/i>, <b>un codice di responsabilit\u00e0 sociale<\/b> della manifestazione fieristica\u00bb.<\/p>\n<p>\u00abEssere per il disarmo e per il controllo delle armi \u2212 commenta <b>Francesco Vignarca<\/b>, coordinatore della Rete Italiana per il Disarmo \u2212 non ci ha mai impedito, anzi ci ha sempre stimolato a dialogare con tutti coloro che intendono promuovere normative rigorose e codici di autoregolamentazione per contrastare la diffusione delle armi e la trasparenza di questo settore. Riteniamo pertanto che sia nostro compito favorire ogni passo in questa direzione <b>in dialogo con tutte le associazioni<\/b>, nazionali e locali, sensibili a questi temi ed in particolare con il Comune di Vicenza che nel suo Statuto promuove espressamente la cultura della pace e dei diritti umani\u00bb.<\/p>\n<p>\u00abCrediamo ci siano buoni motivi \u2212 aggiunge <b>Piergiulio Biatta<\/b>, presidente dell\u2019Osservatorio OPAL di Brescia \u2212 per ritenere che anche i promotori di HIT Show, cio\u00e8 la Fiera di Vicenza e ANPAM, siano sensibili al <b>tema della responsabilit\u00e0 sociale<\/b>. Entrambi, infatti, sono soggetti riconosciuti presso il Consiglio Economico e Sociale (ECOSOC) delle Nazioni Unite. In particolare, la Fiera di Vicenza ha ricevuto l\u2019accreditamento presso ECOSOC per l\u2019implementazione delle attivit\u00e0 relative alla <i>Corporate Social Responsibility<\/i> nella filiera del gioiello. Penso che tutto questo costituisca un ulteriore incentivo per tutti per cominciare a ragionare su un codice di responsabilit\u00e0 sociale anche riguardo all\u2019evento HIT Show\u00bb.<\/p>\n<p>Potrebbe anche essere l\u2019occasione \u2212 si legge sempre nella nota \u2212 per promuovere una <b>maggior trasparenza del settore armiero<\/b> ed in particolare sulle esportazioni di \u201carmi comuni\u201d e di \u201carmi non militari\u201d dal nostro paese. Come abbiamo documentato <a href=\"http:\/\/www.unimondo.org\/Notizie\/L-Italia-e-il-primo-esportatore-mondiale-di-armi-comuni-148449\" target=\"_blank\">in vari studi<\/a>, se la gran parte di queste esportazioni \u00e8 diretta verso i mercati del Nord America e dei paesi dell\u2019Unione Europea, negli anni scorsi una certa parte di queste armi \u00e8 stata esportata <b><a href=\"http:\/\/www.unimondo.org\/Guide\/Guerra-e-Pace\/Armi-leggere\/Gli-affari-della-Beretta-coi-regimi-repressivi-e-il-Codice-Gheddafi-148444\" target=\"_blank\">in zone di forte tensione<\/a><\/b> (Medio Oriente e Nord Africa), alle polizie e forze dell\u2019ordine di paesi latinoamericani, a paesi sotto embargo o in procinto di essere dichiarati tali. Si tratta, ovviamente, di esportazioni legali ed autorizzate dagli organi competenti, ma non per questo meno problematiche\u00bb.<\/p>\n<p>Nonostante queste criticit\u00e0, l\u2019export italiano di \u201carmi comuni\u201d non \u00e8 nemmeno lontanamente comparabile anche solo a quello di <b>altri prodotti che interessano direttamente la Fiera e la citt\u00e0 di Vicenza<\/b>: mentre, infatti, le esportazioni di \u201carmi comuni\u201d da tutta Italia non raggiungono i <b>400 milioni di euro all\u2019anno<\/b>, quelle di \u201cgioielleria e bigiotteria\u201d e di \u201ccuoio conciato e lavorato\u201d <b>dalla sola provincia di Vicenza<\/b> hanno superato nel 2013 rispettivamente i 1,4 e 2 miliardi di euro. Un dato, anche questo, su cui riflettere durante l\u2019incontro cittadino di venerd\u00ec 13 febbraio per capire cosa \u00e8 davvero\u00a0\u201cstrategico\u201d per la citt\u00e0 e la provincia di Vicenza..<\/p>\n<p><b>Sarebbe davvero strano<\/b>, comunque, se il <b>Comune di Vicenza<\/b> si chiamasse fuori da ogni responsabilit\u00e0 di confronto pubblico verso un evento, come \u201cHIT Show\u201d che punta a diventare l\u2019appuntamento di riferimento in Italia e in Europa <b>per il comparto armiero<\/b>\u00a0made in Italy. Vi terremo informati.<\/p>\n<p><i><b>Giorgio Beretta<\/b><\/i><br \/>\n<a href=\"mailto:giorgio.beretta@unimondo.org\" target=\"_self\"><i>giorgio.beretta@unimondo.org<\/i><\/a><\/p>\n<\/div>\n","protected":false},"excerpt":{"rendered":"<p>\u00abProseguiremo il dialogo con l\u2019Amministrazione di Vicenza ed i promotori di \u201cHIT Show\u201d e chiederemo agli organizzatori dell\u2019evento di definire un codice di responsabilit\u00e0 sociale della manifestazione fieristica\u00bb. Lo affermano in una nota congiunta (qui in .pdf), l\u2019Osservatorio Permanente sulle&hellip;<\/p>\n","protected":false},"author":599,"featured_media":162568,"comment_status":"closed","ping_status":"open","sticky":false,"template":"","format":"standard","meta":{"footnotes":""},"categories":[47,162,1263],"tags":[230,2965,2949,5969,231,5132,8852,16026,16025,5133,385],"class_list":["post-162560","post","type-post","status-publish","format-standard","has-post-thumbnail","hentry","category-europa","category-opinioni","category-pace-disarmo","tag-armi","tag-commercio-delle-armi","tag-controllo-delle-armi","tag-difesa","tag-disarmo","tag-divieto-di-vendita-delle-armi","tag-esportazione-di-armi","tag-fiera","tag-hit-show","tag-rete-disarmo-2","tag-vicenza"],"yoast_head":"<!-- This site is optimized with the Yoast SEO plugin v27.1.1 - https:\/\/yoast.com\/product\/yoast-seo-wordpress\/ -->\n<title>A Vicenza lo \u201cHit Show\u201d, nuova fiera delle armi (ma non solo)<\/title>\n<meta name=\"description\" content=\"Lo Hit Show, fiera del settore delle armi che si terr\u00e0 a Vicenza, suscita scalpore per i rischi a essa connessi: le associazioni per il disarmo reagiscono\" \/>\n<meta name=\"robots\" content=\"index, follow, max-snippet:-1, max-image-preview:large, max-video-preview:-1\" \/>\n<link rel=\"canonical\" href=\"https:\/\/www.pressenza.com\/it\/2015\/02\/vicenza-lo-hit-show-nuova-fiera-delle-armi-ma-non-solo\/\" \/>\n<meta property=\"og:locale\" content=\"it_IT\" \/>\n<meta property=\"og:type\" content=\"article\" \/>\n<meta property=\"og:title\" content=\"A Vicenza lo \u201cHit Show\u201d, nuova fiera delle armi (ma non solo)\" \/>\n<meta property=\"og:description\" content=\"Lo Hit Show, fiera del settore delle armi che si terr\u00e0 a Vicenza, suscita scalpore per i rischi a essa connessi: le associazioni per il disarmo reagiscono\" \/>\n<meta property=\"og:url\" content=\"https:\/\/www.pressenza.com\/it\/2015\/02\/vicenza-lo-hit-show-nuova-fiera-delle-armi-ma-non-solo\/\" \/>\n<meta property=\"og:site_name\" content=\"Pressenza\" \/>\n<meta property=\"article:publisher\" content=\"https:\/\/www.facebook.com\/PressenzaItalia\" \/>\n<meta property=\"article:published_time\" content=\"2015-02-12T19:15:50+00:00\" \/>\n<meta property=\"article:modified_time\" content=\"2015-02-12T19:43:53+00:00\" \/>\n<meta property=\"og:image\" content=\"https:\/\/www.pressenza.com\/wp-content\/uploads\/2015\/02\/hit-show-vicenza-armi.jpg\" \/>\n\t<meta property=\"og:image:width\" content=\"750\" \/>\n\t<meta property=\"og:image:height\" content=\"480\" \/>\n\t<meta property=\"og:image:type\" content=\"image\/jpeg\" \/>\n<meta name=\"author\" content=\"Unimondo\" \/>\n<meta name=\"twitter:card\" content=\"summary_large_image\" \/>\n<meta name=\"twitter:creator\" content=\"@PressenzaIPA\" \/>\n<meta name=\"twitter:site\" content=\"@PressenzaIPA\" \/>\n<meta name=\"twitter:label1\" content=\"Scritto da\" \/>\n\t<meta name=\"twitter:data1\" content=\"Unimondo\" \/>\n\t<meta name=\"twitter:label2\" content=\"Tempo di lettura stimato\" \/>\n\t<meta name=\"twitter:data2\" content=\"9 minuti\" \/>\n<script type=\"application\/ld+json\" class=\"yoast-schema-graph\">{\"@context\":\"https:\/\/schema.org\",\"@graph\":[{\"@type\":\"Article\",\"@id\":\"https:\/\/www.pressenza.com\/it\/2015\/02\/vicenza-lo-hit-show-nuova-fiera-delle-armi-ma-non-solo\/#article\",\"isPartOf\":{\"@id\":\"https:\/\/www.pressenza.com\/it\/2015\/02\/vicenza-lo-hit-show-nuova-fiera-delle-armi-ma-non-solo\/\"},\"author\":{\"name\":\"Unimondo\",\"@id\":\"https:\/\/www.pressenza.com\/it\/#\/schema\/person\/c1522125703ef99487d4e50b9fbc1ecf\"},\"headline\":\"A Vicenza lo \u201cHit Show\u201d, nuova fiera delle armi (ma non solo)\",\"datePublished\":\"2015-02-12T19:15:50+00:00\",\"dateModified\":\"2015-02-12T19:43:53+00:00\",\"mainEntityOfPage\":{\"@id\":\"https:\/\/www.pressenza.com\/it\/2015\/02\/vicenza-lo-hit-show-nuova-fiera-delle-armi-ma-non-solo\/\"},\"wordCount\":1802,\"publisher\":{\"@id\":\"https:\/\/www.pressenza.com\/it\/#organization\"},\"image\":{\"@id\":\"https:\/\/www.pressenza.com\/it\/2015\/02\/vicenza-lo-hit-show-nuova-fiera-delle-armi-ma-non-solo\/#primaryimage\"},\"thumbnailUrl\":\"https:\/\/www.pressenza.com\/wp-content\/uploads\/2015\/02\/hit-show-vicenza-armi.jpg\",\"keywords\":[\"armi\",\"commercio delle armi\",\"controllo delle armi\",\"difesa\",\"disarmo\",\"divieto di vendita delle armi\",\"esportazione di armi\",\"fiera\",\"Hit Show\",\"Rete Disarmo\",\"Vicenza\"],\"articleSection\":[\"Europa\",\"Opinioni\",\"Pace e Disarmo\"],\"inLanguage\":\"it-IT\"},{\"@type\":\"WebPage\",\"@id\":\"https:\/\/www.pressenza.com\/it\/2015\/02\/vicenza-lo-hit-show-nuova-fiera-delle-armi-ma-non-solo\/\",\"url\":\"https:\/\/www.pressenza.com\/it\/2015\/02\/vicenza-lo-hit-show-nuova-fiera-delle-armi-ma-non-solo\/\",\"name\":\"A Vicenza lo \u201cHit Show\u201d, nuova fiera delle armi (ma non solo)\",\"isPartOf\":{\"@id\":\"https:\/\/www.pressenza.com\/it\/#website\"},\"primaryImageOfPage\":{\"@id\":\"https:\/\/www.pressenza.com\/it\/2015\/02\/vicenza-lo-hit-show-nuova-fiera-delle-armi-ma-non-solo\/#primaryimage\"},\"image\":{\"@id\":\"https:\/\/www.pressenza.com\/it\/2015\/02\/vicenza-lo-hit-show-nuova-fiera-delle-armi-ma-non-solo\/#primaryimage\"},\"thumbnailUrl\":\"https:\/\/www.pressenza.com\/wp-content\/uploads\/2015\/02\/hit-show-vicenza-armi.jpg\",\"datePublished\":\"2015-02-12T19:15:50+00:00\",\"dateModified\":\"2015-02-12T19:43:53+00:00\",\"description\":\"Lo Hit Show, fiera del settore delle armi che si terr\u00e0 a Vicenza, suscita scalpore per i rischi a essa connessi: le associazioni per il disarmo reagiscono\",\"breadcrumb\":{\"@id\":\"https:\/\/www.pressenza.com\/it\/2015\/02\/vicenza-lo-hit-show-nuova-fiera-delle-armi-ma-non-solo\/#breadcrumb\"},\"inLanguage\":\"it-IT\",\"potentialAction\":[{\"@type\":\"ReadAction\",\"target\":[\"https:\/\/www.pressenza.com\/it\/2015\/02\/vicenza-lo-hit-show-nuova-fiera-delle-armi-ma-non-solo\/\"]}]},{\"@type\":\"ImageObject\",\"inLanguage\":\"it-IT\",\"@id\":\"https:\/\/www.pressenza.com\/it\/2015\/02\/vicenza-lo-hit-show-nuova-fiera-delle-armi-ma-non-solo\/#primaryimage\",\"url\":\"https:\/\/www.pressenza.com\/wp-content\/uploads\/2015\/02\/hit-show-vicenza-armi.jpg\",\"contentUrl\":\"https:\/\/www.pressenza.com\/wp-content\/uploads\/2015\/02\/hit-show-vicenza-armi.jpg\",\"width\":750,\"height\":480,\"caption\":\"hit show vicenza armi\"},{\"@type\":\"BreadcrumbList\",\"@id\":\"https:\/\/www.pressenza.com\/it\/2015\/02\/vicenza-lo-hit-show-nuova-fiera-delle-armi-ma-non-solo\/#breadcrumb\",\"itemListElement\":[{\"@type\":\"ListItem\",\"position\":1,\"name\":\"Accueil\",\"item\":\"https:\/\/www.pressenza.com\/it\/\"},{\"@type\":\"ListItem\",\"position\":2,\"name\":\"A Vicenza lo \u201cHit Show\u201d, nuova fiera delle armi (ma non solo)\"}]},{\"@type\":\"WebSite\",\"@id\":\"https:\/\/www.pressenza.com\/it\/#website\",\"url\":\"https:\/\/www.pressenza.com\/it\/\",\"name\":\"Pressenza\",\"description\":\"Agenzia di Stampa Internazionale\",\"publisher\":{\"@id\":\"https:\/\/www.pressenza.com\/it\/#organization\"},\"potentialAction\":[{\"@type\":\"SearchAction\",\"target\":{\"@type\":\"EntryPoint\",\"urlTemplate\":\"https:\/\/www.pressenza.com\/it\/?s={search_term_string}\"},\"query-input\":{\"@type\":\"PropertyValueSpecification\",\"valueRequired\":true,\"valueName\":\"search_term_string\"}}],\"inLanguage\":\"it-IT\"},{\"@type\":\"Organization\",\"@id\":\"https:\/\/www.pressenza.com\/it\/#organization\",\"name\":\"Pressenza\",\"url\":\"https:\/\/www.pressenza.com\/it\/\",\"logo\":{\"@type\":\"ImageObject\",\"inLanguage\":\"it-IT\",\"@id\":\"https:\/\/www.pressenza.com\/it\/#\/schema\/logo\/image\/\",\"url\":\"https:\/\/www.pressenza.com\/wp-content\/uploads\/2022\/10\/pressenza_logo_200x200.jpg\",\"contentUrl\":\"https:\/\/www.pressenza.com\/wp-content\/uploads\/2022\/10\/pressenza_logo_200x200.jpg\",\"width\":200,\"height\":200,\"caption\":\"Pressenza\"},\"image\":{\"@id\":\"https:\/\/www.pressenza.com\/it\/#\/schema\/logo\/image\/\"},\"sameAs\":[\"https:\/\/www.facebook.com\/PressenzaItalia\",\"https:\/\/x.com\/PressenzaIPA\"]},{\"@type\":\"Person\",\"@id\":\"https:\/\/www.pressenza.com\/it\/#\/schema\/person\/c1522125703ef99487d4e50b9fbc1ecf\",\"name\":\"Unimondo\",\"description\":\"www.unimondo.org\",\"url\":\"https:\/\/www.pressenza.com\/it\/author\/unimondo\/\"}]}<\/script>\n<!-- \/ Yoast SEO plugin. -->","yoast_head_json":{"title":"A Vicenza lo \u201cHit Show\u201d, nuova fiera delle armi (ma non solo)","description":"Lo Hit Show, fiera del settore delle armi che si terr\u00e0 a Vicenza, suscita scalpore per i rischi a essa connessi: le associazioni per il disarmo reagiscono","robots":{"index":"index","follow":"follow","max-snippet":"max-snippet:-1","max-image-preview":"max-image-preview:large","max-video-preview":"max-video-preview:-1"},"canonical":"https:\/\/www.pressenza.com\/it\/2015\/02\/vicenza-lo-hit-show-nuova-fiera-delle-armi-ma-non-solo\/","og_locale":"it_IT","og_type":"article","og_title":"A Vicenza lo \u201cHit Show\u201d, nuova fiera delle armi (ma non solo)","og_description":"Lo Hit Show, fiera del settore delle armi che si terr\u00e0 a Vicenza, suscita scalpore per i rischi a essa connessi: le associazioni per il disarmo reagiscono","og_url":"https:\/\/www.pressenza.com\/it\/2015\/02\/vicenza-lo-hit-show-nuova-fiera-delle-armi-ma-non-solo\/","og_site_name":"Pressenza","article_publisher":"https:\/\/www.facebook.com\/PressenzaItalia","article_published_time":"2015-02-12T19:15:50+00:00","article_modified_time":"2015-02-12T19:43:53+00:00","og_image":[{"width":750,"height":480,"url":"https:\/\/www.pressenza.com\/wp-content\/uploads\/2015\/02\/hit-show-vicenza-armi.jpg","type":"image\/jpeg"}],"author":"Unimondo","twitter_card":"summary_large_image","twitter_creator":"@PressenzaIPA","twitter_site":"@PressenzaIPA","twitter_misc":{"Scritto da":"Unimondo","Tempo di lettura stimato":"9 minuti"},"schema":{"@context":"https:\/\/schema.org","@graph":[{"@type":"Article","@id":"https:\/\/www.pressenza.com\/it\/2015\/02\/vicenza-lo-hit-show-nuova-fiera-delle-armi-ma-non-solo\/#article","isPartOf":{"@id":"https:\/\/www.pressenza.com\/it\/2015\/02\/vicenza-lo-hit-show-nuova-fiera-delle-armi-ma-non-solo\/"},"author":{"name":"Unimondo","@id":"https:\/\/www.pressenza.com\/it\/#\/schema\/person\/c1522125703ef99487d4e50b9fbc1ecf"},"headline":"A Vicenza lo \u201cHit Show\u201d, nuova fiera delle armi (ma non solo)","datePublished":"2015-02-12T19:15:50+00:00","dateModified":"2015-02-12T19:43:53+00:00","mainEntityOfPage":{"@id":"https:\/\/www.pressenza.com\/it\/2015\/02\/vicenza-lo-hit-show-nuova-fiera-delle-armi-ma-non-solo\/"},"wordCount":1802,"publisher":{"@id":"https:\/\/www.pressenza.com\/it\/#organization"},"image":{"@id":"https:\/\/www.pressenza.com\/it\/2015\/02\/vicenza-lo-hit-show-nuova-fiera-delle-armi-ma-non-solo\/#primaryimage"},"thumbnailUrl":"https:\/\/www.pressenza.com\/wp-content\/uploads\/2015\/02\/hit-show-vicenza-armi.jpg","keywords":["armi","commercio delle armi","controllo delle armi","difesa","disarmo","divieto di vendita delle armi","esportazione di armi","fiera","Hit Show","Rete Disarmo","Vicenza"],"articleSection":["Europa","Opinioni","Pace e Disarmo"],"inLanguage":"it-IT"},{"@type":"WebPage","@id":"https:\/\/www.pressenza.com\/it\/2015\/02\/vicenza-lo-hit-show-nuova-fiera-delle-armi-ma-non-solo\/","url":"https:\/\/www.pressenza.com\/it\/2015\/02\/vicenza-lo-hit-show-nuova-fiera-delle-armi-ma-non-solo\/","name":"A Vicenza lo \u201cHit Show\u201d, nuova fiera delle armi (ma non solo)","isPartOf":{"@id":"https:\/\/www.pressenza.com\/it\/#website"},"primaryImageOfPage":{"@id":"https:\/\/www.pressenza.com\/it\/2015\/02\/vicenza-lo-hit-show-nuova-fiera-delle-armi-ma-non-solo\/#primaryimage"},"image":{"@id":"https:\/\/www.pressenza.com\/it\/2015\/02\/vicenza-lo-hit-show-nuova-fiera-delle-armi-ma-non-solo\/#primaryimage"},"thumbnailUrl":"https:\/\/www.pressenza.com\/wp-content\/uploads\/2015\/02\/hit-show-vicenza-armi.jpg","datePublished":"2015-02-12T19:15:50+00:00","dateModified":"2015-02-12T19:43:53+00:00","description":"Lo Hit Show, fiera del settore delle armi che si terr\u00e0 a Vicenza, suscita scalpore per i rischi a essa connessi: le associazioni per il disarmo reagiscono","breadcrumb":{"@id":"https:\/\/www.pressenza.com\/it\/2015\/02\/vicenza-lo-hit-show-nuova-fiera-delle-armi-ma-non-solo\/#breadcrumb"},"inLanguage":"it-IT","potentialAction":[{"@type":"ReadAction","target":["https:\/\/www.pressenza.com\/it\/2015\/02\/vicenza-lo-hit-show-nuova-fiera-delle-armi-ma-non-solo\/"]}]},{"@type":"ImageObject","inLanguage":"it-IT","@id":"https:\/\/www.pressenza.com\/it\/2015\/02\/vicenza-lo-hit-show-nuova-fiera-delle-armi-ma-non-solo\/#primaryimage","url":"https:\/\/www.pressenza.com\/wp-content\/uploads\/2015\/02\/hit-show-vicenza-armi.jpg","contentUrl":"https:\/\/www.pressenza.com\/wp-content\/uploads\/2015\/02\/hit-show-vicenza-armi.jpg","width":750,"height":480,"caption":"hit show vicenza armi"},{"@type":"BreadcrumbList","@id":"https:\/\/www.pressenza.com\/it\/2015\/02\/vicenza-lo-hit-show-nuova-fiera-delle-armi-ma-non-solo\/#breadcrumb","itemListElement":[{"@type":"ListItem","position":1,"name":"Accueil","item":"https:\/\/www.pressenza.com\/it\/"},{"@type":"ListItem","position":2,"name":"A Vicenza lo \u201cHit Show\u201d, nuova fiera delle armi (ma non solo)"}]},{"@type":"WebSite","@id":"https:\/\/www.pressenza.com\/it\/#website","url":"https:\/\/www.pressenza.com\/it\/","name":"Pressenza","description":"Agenzia di Stampa Internazionale","publisher":{"@id":"https:\/\/www.pressenza.com\/it\/#organization"},"potentialAction":[{"@type":"SearchAction","target":{"@type":"EntryPoint","urlTemplate":"https:\/\/www.pressenza.com\/it\/?s={search_term_string}"},"query-input":{"@type":"PropertyValueSpecification","valueRequired":true,"valueName":"search_term_string"}}],"inLanguage":"it-IT"},{"@type":"Organization","@id":"https:\/\/www.pressenza.com\/it\/#organization","name":"Pressenza","url":"https:\/\/www.pressenza.com\/it\/","logo":{"@type":"ImageObject","inLanguage":"it-IT","@id":"https:\/\/www.pressenza.com\/it\/#\/schema\/logo\/image\/","url":"https:\/\/www.pressenza.com\/wp-content\/uploads\/2022\/10\/pressenza_logo_200x200.jpg","contentUrl":"https:\/\/www.pressenza.com\/wp-content\/uploads\/2022\/10\/pressenza_logo_200x200.jpg","width":200,"height":200,"caption":"Pressenza"},"image":{"@id":"https:\/\/www.pressenza.com\/it\/#\/schema\/logo\/image\/"},"sameAs":["https:\/\/www.facebook.com\/PressenzaItalia","https:\/\/x.com\/PressenzaIPA"]},{"@type":"Person","@id":"https:\/\/www.pressenza.com\/it\/#\/schema\/person\/c1522125703ef99487d4e50b9fbc1ecf","name":"Unimondo","description":"www.unimondo.org","url":"https:\/\/www.pressenza.com\/it\/author\/unimondo\/"}]}},"place":"","original_article_url":"http:\/\/www.unimondo.org\/Notizie\/A-Vicenza-lo-Hit-Show-nuova-fiera-delle-armi-ma-non-solo-149594","_links":{"self":[{"href":"https:\/\/www.pressenza.com\/it\/wp-json\/wp\/v2\/posts\/162560","targetHints":{"allow":["GET"]}}],"collection":[{"href":"https:\/\/www.pressenza.com\/it\/wp-json\/wp\/v2\/posts"}],"about":[{"href":"https:\/\/www.pressenza.com\/it\/wp-json\/wp\/v2\/types\/post"}],"author":[{"embeddable":true,"href":"https:\/\/www.pressenza.com\/it\/wp-json\/wp\/v2\/users\/599"}],"replies":[{"embeddable":true,"href":"https:\/\/www.pressenza.com\/it\/wp-json\/wp\/v2\/comments?post=162560"}],"version-history":[{"count":0,"href":"https:\/\/www.pressenza.com\/it\/wp-json\/wp\/v2\/posts\/162560\/revisions"}],"wp:featuredmedia":[{"embeddable":true,"href":"https:\/\/www.pressenza.com\/it\/wp-json\/wp\/v2\/media\/162568"}],"wp:attachment":[{"href":"https:\/\/www.pressenza.com\/it\/wp-json\/wp\/v2\/media?parent=162560"}],"wp:term":[{"taxonomy":"category","embeddable":true,"href":"https:\/\/www.pressenza.com\/it\/wp-json\/wp\/v2\/categories?post=162560"},{"taxonomy":"post_tag","embeddable":true,"href":"https:\/\/www.pressenza.com\/it\/wp-json\/wp\/v2\/tags?post=162560"}],"curies":[{"name":"wp","href":"https:\/\/api.w.org\/{rel}","templated":true}]}}