{"id":1624609,"date":"2022-07-14T15:36:51","date_gmt":"2022-07-14T14:36:51","guid":{"rendered":"https:\/\/www.pressenza.com\/?p=1624609"},"modified":"2022-07-14T15:36:51","modified_gmt":"2022-07-14T14:36:51","slug":"lallargamento-della-nato-ha-un-prezzo-terribile","status":"publish","type":"post","link":"https:\/\/www.pressenza.com\/it\/2022\/07\/lallargamento-della-nato-ha-un-prezzo-terribile\/","title":{"rendered":"L&#8217;allargamento della NATO ha un prezzo terribile"},"content":{"rendered":"<p><strong>Il vertice della NATO tenutosi a Madrid alla fine di giugno ha deciso l&#8217;adesione di Svezia e Finlandia all&#8217;alleanza &#8211; o forse no?<\/strong><\/p>\n<p>La foto di famiglia dell&#8217;ultimo vertice NATO di Madrid doveva simboleggiare l&#8217;unit\u00e0 tra pari: uomini e donne che risolvono le loro differenze attraverso un dibattito pacifico e prendono decisioni difficili in unit\u00e0. Alla conferenza stampa conclusiva, il Segretario Generale della NATO Jens Stoltenberg ha elogiato &#8220;l&#8217;unit\u00e0 salda di tutti i 30 Stati membri&#8221; e ha definito innovativo il nuovo documento strategico, che per la prima volta identifica la Russia come \u201cla pi\u00f9 grande e immediata minaccia alla sicurezza degli alleati e alla pace e stabilit\u00e0 nell&#8217;area euro-atlantica&#8221;. Ha accolto con favore l&#8217;adesione di due nuovi membri all&#8217;Alleanza, Svezia e Finlandia. Il fatto che l&#8217;allargamento a nord fosse riuscito soprattutto grazie ai suoi instancabili sforzi lo rendeva ovviamente orgoglioso.<\/p>\n<p>Allo stesso tempo, non lontano dal Segretario Generale della NATO, il Presidente turco Recep Tayyip Erdo\u011fan ha dichiarato alla stampa del suo Paese che l&#8217;adesione dei due aspiranti alla NATO non \u00e8 per niente un affare fatto: &#8220;L&#8217;accordo firmato \u00e8 solo un inizio, un invito&#8221;, ha detto. Ha spiegato che Svezia e Finlandia devono innanzitutto rimanere fedeli ai loro impegni. In caso contrario, le loro adesioni non verrebbero sottoposte al voto del Parlamento turco. &#8220;Questo accordo non si realizzer\u00e0 se non sar\u00e0 approvato dal nostro Parlamento&#8221;, ha dichiarato. Anche Erdo\u011fan era di umore trionfante.<\/p>\n<p>Quindi qual \u00e8 la verit\u00e0?<strong>\u00a0<\/strong><\/p>\n<p><strong>Paura di una nuova ondata di repressione<\/strong><\/p>\n<p>Da quando i due Paesi scandinavi hanno deciso a met\u00e0 maggio di abbandonare la loro storica neutralit\u00e0 e di chiedere l&#8217;adesione alla NATO, la Turchia \u00e8 diventata l\u2019ago della bilancia. Il governo Erdo\u011fan minaccia di porre il veto alla loro adesione e prospetta a Helsinki e Stoccolma un prezzo sempre pi\u00f9 alto per il s\u00ec. \u00c8 significativo che prima del vertice di Madrid, Ankara abbia chiesto ad esempio a Svezia e Finlandia di estradare 33 presunti &#8220;terroristi&#8221; &#8211; e dopo Madrid abbia aumentato il numero a 73 persone.<\/p>\n<p>Entrambi i Paesi, soprattutto la Svezia, ospitano grandi comunit\u00e0 curde. L&#8217;esemplare legislazione liberale e lo stato di diritto in Scandinavia hanno agito come una calamita per i perseguitati di tutto il mondo. Dopo il vertice di Madrid, si \u00e8 diffusa l&#8217;incertezza tra gli svedesi di origine curda. Il noto giornalista turco Cengiz Candar, anch&#8217;egli esule, ha commentato che la loro paura era quasi tangibile. Gli svedesi di origine curda si sentono ora traditi dalla loro nuova patria. Amineh Kakabaveh, una parlamentare curdo-svedese indipendente originaria dell\u2019Iran, ha dichiarato che vive in Svezia da 25 anni. &#8220;Non ho mai provato tanta paura come negli ultimi giorni&#8221;. \u00c8 rimasta sconcertata dal memorandum trilaterale firmato a Madrid tra Svezia, Finlandia e Turchia.<\/p>\n<p>Questo &#8220;accordo&#8221; ora sconvolge non solo i cittadini migranti, ma anche le societ\u00e0 di entrambi i Paesi scandinavi nella loro immagine di s\u00e9. L&#8217;ex vice primo ministro svedese Lena Hjelm-Wallen si chiede come sia potuto accadere che il governo del suo paese &#8220;abbia accettato di negoziare i principi dello Stato di diritto svedese con un autocrate come Erdo\u011fan&#8221;. Anche lei ha trovato inquietante l&#8217;accordo di Madrid.<\/p>\n<p><strong>Un accordo gradito a Erdo\u011fan<\/strong><\/p>\n<p>Il risultato pi\u00f9 importante di questo accordo \u00e8 la &#8220;revoca dell&#8217;embargo sulle armi imposto alla Turchia da Svezia e Finlandia&#8221;, scrive l&#8217;influente giornalista turca Nagehan Alci dalla corte di Erdo\u011fan. Alcuni Paesi europei hanno imposto un embargo sulle armi alla Turchia nel 2019, dopo che le truppe turche avevano invaso per la terza volta il nord della Siria popolato da curdi, in violazione del diritto internazionale, spingendo migliaia di civili a fuggire e occupando parti del Paese vicino. Da allora, l&#8217;esercito turco non ha mai lasciato il territorio siriano. Continua a bombardare villaggi e piccole citt\u00e0 e a distruggere quotidianamente i mezzi di sussistenza dei civili. Ciononostante, il Vertice di Madrid ha deciso di revocare l&#8217;embargo sulle armi alla Turchia.<\/p>\n<p>Gli Stati membri della NATO sembrano aver dimenticato che il governo di destra radicale di Erdo\u011fan ha sistematicamente minato lo Stato di diritto in Turchia e ha tenuto per anni dietro le sbarre in modo arbitrario migliaia di prigionieri politici, come il mecenate Osman Kavala e il leader curdo Selahaddin Demirtas. Sembra inoltre aver dimenticato che Ankara minaccia di muovere guerra a Stati membri dell&#8217;UE come la Grecia e Cipro e che conduce guerre nel nord della Siria e nell&#8217;Iraq settentrionale in violazione del diritto internazionale. Per accontentare la Turchia sulla questione ucraina, il vertice della NATO ha deciso, con la benedizione degli Stati Uniti, di sdoganare la Turchia di Erdo\u011fan.<\/p>\n<p><strong>Da eroi a criminali<\/strong><\/p>\n<p>Per la prima volta, il movimento curdo della Siria settentrionale \u00e8 stato criminalizzato. \u00c8 vero che il Partito dei Lavoratori del Kurdistan (PKK), che dal 1984 conduce una guerra per l&#8217;autodeterminazione degli oltre 15 milioni di curdi in Turchia, era gi\u00e0 considerato un&#8217;organizzazione terroristica in Svezia e Finlandia. Ora per\u00f2 anche le Unit\u00e0 di protezione del popolo curdo (YPG) e il braccio politico (PYD) sono definiti terroristi. L&#8217;ottavo articolo del memorandum obbliga Svezia e Finlandia a &#8220;stabilire il quadro giuridico bilaterale necessario per facilitare l&#8217;estradizione e la cooperazione nel campo della sicurezza&#8221;. In altri termini, il servizio di intelligence svedese Sapo e quello turco MIT collaboreranno pi\u00f9 strettamente in futuro per individuare e\/o estradare dissidenti o &#8220;terroristi&#8221; dalla Scandinavia.<\/p>\n<p>Sembra assurdo: le milizie curde dell\u2019YPG sono quei giovani uomini e quelle donne che tra il 2015 e il 2019 hanno affrontato i fanatici jihadisti dello Stato islamico IS e li hanno sconfitti in stretta collaborazione con gli Stati Uniti e altri Paesi europei. La vittoria sugli islamisti \u00e8 costata loro fino a 30.000 vittime e altrettanti feriti gravi. E poich\u00e9 all&#8217;epoca l&#8217;IS rappresentava anche una seria minaccia per l&#8217;Europa, gli uomini e le donne curdi armati sono stati celebrati come eroi.<\/p>\n<p>Al vertice di Madrid Erdo\u011fan &#8220;ha ottenuto tutto quello che voleva&#8221;, ha commentato la giornalista Nagehan Alci. I critici parlano di &#8220;umilianti concessioni da parte di Svezia e Finlandia&#8221; e di cinici doppi standard. Per indebolire l&#8217;autocrate Putin, l&#8217;autocrate Erdo\u011fan \u00e8 stato rafforzato in politica interna ed estera. Appare poco credibile la logica degli uomini e delle donne che si erano impegnati a Madrid a difendere la democrazia dal dispotismo in tutto il mondo.<\/p>\n<p>Dopo questo vertice, la Turchia &#8220;chieder\u00e0 un prezzo terribile per il via libera all&#8217;allargamento&#8221;, teme Simon A. Waldman, ricercatore del King&#8217;s College di Londra. Erdo\u011fan si aspetta quindi che Stoccolma ed Helsinki sostengano una futura incursione turca in Siria contro le Unit\u00e0 di protezione del popolo curdo (YPG) e che approvino i suoi piani di trasferimento forzato di un milione di rifugiati siriani dalla Turchia alle aree presumibilmente liberate della Siria settentrionale. Secondo l&#8217;analisi di Waldman per il quotidiano israeliano Haaretz, egli si aspetter\u00e0 anche che gli scandinavi estradino decine di persone che considera terroristi e che la NATO rimanga ironicamente in silenzio sugli scarsi risultati della Turchia in materia di diritti umani. &#8220;Qualsiasi tentennamento su questi temi sar\u00e0 interpretato come prova di malizia, se non di tradimento&#8221;.<\/p>\n<p><strong>Le olive amare di Afrin<\/strong><\/p>\n<p>Il tradimento non \u00e8 un elemento sconosciuto nella storia dei 35 milioni di curdi. Negli ultimi quattro anni, i curdi siriani sono stati abbandonati dai loro principali alleati. Nel 2018, &#8220;Putin ha svenduto la provincia curda di Afrin a Erdo\u011fan in cambio del progetto comune di un gasdotto, un reattore nucleare russo e il sistema di difesa aerea S-400&#8221;, scrive Thomas Konicz sulla rivista tedesca <em>Konkret<\/em>. &#8220;Il Cremlino sperava di promuovere il ritiro della Turchia dal sistema di alleanze occidentali&#8221; \u2013 ma invano. Invece, nella citt\u00e0 universitaria curda Afrin, un tempo fiorente, si \u00e8 verificata una sistematica pulizia etnica: I curdi, tradizionalmente la stragrande maggioranza della popolazione, rappresentano oggi solo il 25%, secondo i loro stessi dati.<\/p>\n<p>Da allora, organizzazioni per i diritti umani come Human Rights Watch hanno ripetutamente avvertito che espropri arbitrari, rapimenti di massa e stupri hanno determinato la vita quotidiana nella provincia. In quest&#8217;area, dove l&#8217;accesso \u00e8 rigorosamente negato ai giornalisti indipendenti, il regime di Erdogan manterrebbe una rete di prigioni segrete, come ha recentemente riportato il Jerusalem Post. La Turchia commette sistematicamente &#8220;crimini terribili&#8221; contro membri dell&#8217;opposizione e civili. Secondo il Jerusalem Post, delle quasi 9.000 vittime di questo sistema di tortura turco nel nord della Siria, 1.500 sono scomparse. In cambio, le famose olive di Afrin, da sempre il prodotto principale della provincia, raggiungono ogni anno i supermercati occidentali, e quindi talvolta anche le nostre tavole &#8211; contrassegnate come prodotto turco. Le analogie tra le olive di Afrin e il grano rubato dall&#8217;Ucraina vengono respinte.<\/p>\n<p><strong>Credibilit\u00e0 perduta<\/strong><\/p>\n<p>Un anno dopo Afrin, il presidente degli Stati Uniti Donald Trump aveva dato il via libera alla seconda operazione della Turchia nel nord della Siria, in violazione del diritto internazionale. Con questa mossa geopolitica, sperava di riportare la Turchia dalle grinfie di Mosca all&#8217;interno dell&#8217;Alleanza occidentale. Citt\u00e0 e villaggi sono stati un\u2019altra volta bombardati senza piet\u00e0 e migliaia di civili sono stati sfollati.<\/p>\n<p>E i curdi? &#8220;Agli occhi della gente, i discorsi occidentali sui valori e sulla morale stanno perdendo ogni credibilit\u00e0&#8221;, afferma Kamal Sido, esperto di Medio Oriente della <a href=\"https:\/\/www.gfbv.de\/en\/\">Societ\u00e0 per i Popoli Minacciati<\/a>. &#8220;Non hanno altra scelta che rassegnarsi&#8221;.<\/p>\n<p>Amalia van Gent per il giornale online svizzero <a href=\"https:\/\/www.infosperber.ch\/\">INFOsperber<\/a><\/p>\n<p><em>Traduzione dal tedesco di Thomas Schmid<\/em><\/p>\n<p><em>Revisione di Anna Polo<\/em><\/p>\n","protected":false},"excerpt":{"rendered":"<p>Il vertice della NATO tenutosi a Madrid alla fine di giugno ha deciso l&#8217;adesione di Svezia e Finlandia all&#8217;alleanza &#8211; o forse no? La foto di famiglia dell&#8217;ultimo vertice NATO di Madrid doveva simboleggiare l&#8217;unit\u00e0 tra pari: uomini e donne&hellip;<\/p>\n","protected":false},"author":1855,"featured_media":1622178,"comment_status":"closed","ping_status":"closed","sticky":false,"template":"","format":"standard","meta":{"footnotes":""},"categories":[60,38,55],"tags":[3189,4645,7211,11810,207,234,5112,1100],"class_list":["post-1624609","post","type-post","status-publish","format-standard","has-post-thumbnail","hentry","category-diritti-umani","category-internazionale","category-politica","tag-curdi","tag-estradizione","tag-finlandia","tag-isis","tag-nato","tag-siria-it","tag-svezia","tag-turchia"],"yoast_head":"<!-- This site is optimized with the Yoast SEO plugin v27.1.1 - https:\/\/yoast.com\/product\/yoast-seo-wordpress\/ -->\n<title>L&#039;allargamento della NATO ha un prezzo terribile<\/title>\n<meta name=\"description\" content=\"Il vertice della NATO tenutosi a Madrid alla fine di giugno ha deciso l&#039;adesione di Svezia e Finlandia all&#039;alleanza - o forse no? La foto di famiglia\" \/>\n<meta name=\"robots\" content=\"index, follow, max-snippet:-1, max-image-preview:large, max-video-preview:-1\" \/>\n<link rel=\"canonical\" href=\"https:\/\/www.pressenza.com\/it\/2022\/07\/lallargamento-della-nato-ha-un-prezzo-terribile\/\" \/>\n<meta property=\"og:locale\" content=\"it_IT\" \/>\n<meta property=\"og:type\" content=\"article\" \/>\n<meta property=\"og:title\" content=\"L&#039;allargamento della NATO ha un prezzo terribile\" \/>\n<meta property=\"og:description\" content=\"Il vertice della NATO tenutosi a Madrid alla fine di giugno ha deciso l&#039;adesione di Svezia e Finlandia all&#039;alleanza - o forse no? La foto di famiglia\" \/>\n<meta property=\"og:url\" content=\"https:\/\/www.pressenza.com\/it\/2022\/07\/lallargamento-della-nato-ha-un-prezzo-terribile\/\" \/>\n<meta property=\"og:site_name\" content=\"Pressenza\" \/>\n<meta property=\"article:publisher\" content=\"https:\/\/www.facebook.com\/PressenzaItalia\" \/>\n<meta property=\"article:published_time\" content=\"2022-07-14T14:36:51+00:00\" \/>\n<meta property=\"og:image\" content=\"https:\/\/www.pressenza.com\/wp-content\/uploads\/2022\/07\/259C04D3-89F4-4A61-A6C9-4E354392ABDD.jpeg\" \/>\n\t<meta property=\"og:image:width\" content=\"1920\" \/>\n\t<meta property=\"og:image:height\" content=\"1278\" \/>\n\t<meta property=\"og:image:type\" content=\"image\/jpeg\" \/>\n<meta name=\"author\" content=\"INFOsperber\" \/>\n<meta name=\"twitter:card\" content=\"summary_large_image\" \/>\n<meta name=\"twitter:creator\" content=\"@PressenzaIPA\" \/>\n<meta name=\"twitter:site\" content=\"@PressenzaIPA\" \/>\n<meta name=\"twitter:label1\" content=\"Scritto da\" \/>\n\t<meta name=\"twitter:data1\" content=\"INFOsperber\" \/>\n\t<meta name=\"twitter:label2\" content=\"Tempo di lettura stimato\" \/>\n\t<meta name=\"twitter:data2\" content=\"9 minuti\" \/>\n<script type=\"application\/ld+json\" class=\"yoast-schema-graph\">{\"@context\":\"https:\/\/schema.org\",\"@graph\":[{\"@type\":\"Article\",\"@id\":\"https:\/\/www.pressenza.com\/it\/2022\/07\/lallargamento-della-nato-ha-un-prezzo-terribile\/#article\",\"isPartOf\":{\"@id\":\"https:\/\/www.pressenza.com\/it\/2022\/07\/lallargamento-della-nato-ha-un-prezzo-terribile\/\"},\"author\":{\"name\":\"INFOsperber\",\"@id\":\"https:\/\/www.pressenza.com\/it\/#\/schema\/person\/77735f6583e3041b31ebc7b93a284357\"},\"headline\":\"L&#8217;allargamento della NATO ha un prezzo terribile\",\"datePublished\":\"2022-07-14T14:36:51+00:00\",\"mainEntityOfPage\":{\"@id\":\"https:\/\/www.pressenza.com\/it\/2022\/07\/lallargamento-della-nato-ha-un-prezzo-terribile\/\"},\"wordCount\":1575,\"publisher\":{\"@id\":\"https:\/\/www.pressenza.com\/it\/#organization\"},\"image\":{\"@id\":\"https:\/\/www.pressenza.com\/it\/2022\/07\/lallargamento-della-nato-ha-un-prezzo-terribile\/#primaryimage\"},\"thumbnailUrl\":\"https:\/\/www.pressenza.com\/wp-content\/uploads\/2022\/07\/259C04D3-89F4-4A61-A6C9-4E354392ABDD.jpeg\",\"keywords\":[\"curdi\",\"estradizione\",\"Finlandia\",\"Isis\",\"NATO\",\"Siria\",\"Svezia\",\"Turchia\"],\"articleSection\":[\"Diritti Umani\",\"Internazionale\",\"Politica\"],\"inLanguage\":\"it-IT\"},{\"@type\":\"WebPage\",\"@id\":\"https:\/\/www.pressenza.com\/it\/2022\/07\/lallargamento-della-nato-ha-un-prezzo-terribile\/\",\"url\":\"https:\/\/www.pressenza.com\/it\/2022\/07\/lallargamento-della-nato-ha-un-prezzo-terribile\/\",\"name\":\"L'allargamento della NATO ha un prezzo terribile\",\"isPartOf\":{\"@id\":\"https:\/\/www.pressenza.com\/it\/#website\"},\"primaryImageOfPage\":{\"@id\":\"https:\/\/www.pressenza.com\/it\/2022\/07\/lallargamento-della-nato-ha-un-prezzo-terribile\/#primaryimage\"},\"image\":{\"@id\":\"https:\/\/www.pressenza.com\/it\/2022\/07\/lallargamento-della-nato-ha-un-prezzo-terribile\/#primaryimage\"},\"thumbnailUrl\":\"https:\/\/www.pressenza.com\/wp-content\/uploads\/2022\/07\/259C04D3-89F4-4A61-A6C9-4E354392ABDD.jpeg\",\"datePublished\":\"2022-07-14T14:36:51+00:00\",\"description\":\"Il vertice della NATO tenutosi a Madrid alla fine di giugno ha deciso l'adesione di Svezia e Finlandia all'alleanza - o forse no? La foto di famiglia\",\"breadcrumb\":{\"@id\":\"https:\/\/www.pressenza.com\/it\/2022\/07\/lallargamento-della-nato-ha-un-prezzo-terribile\/#breadcrumb\"},\"inLanguage\":\"it-IT\",\"potentialAction\":[{\"@type\":\"ReadAction\",\"target\":[\"https:\/\/www.pressenza.com\/it\/2022\/07\/lallargamento-della-nato-ha-un-prezzo-terribile\/\"]}]},{\"@type\":\"ImageObject\",\"inLanguage\":\"it-IT\",\"@id\":\"https:\/\/www.pressenza.com\/it\/2022\/07\/lallargamento-della-nato-ha-un-prezzo-terribile\/#primaryimage\",\"url\":\"https:\/\/www.pressenza.com\/wp-content\/uploads\/2022\/07\/259C04D3-89F4-4A61-A6C9-4E354392ABDD.jpeg\",\"contentUrl\":\"https:\/\/www.pressenza.com\/wp-content\/uploads\/2022\/07\/259C04D3-89F4-4A61-A6C9-4E354392ABDD.jpeg\",\"width\":1920,\"height\":1278},{\"@type\":\"BreadcrumbList\",\"@id\":\"https:\/\/www.pressenza.com\/it\/2022\/07\/lallargamento-della-nato-ha-un-prezzo-terribile\/#breadcrumb\",\"itemListElement\":[{\"@type\":\"ListItem\",\"position\":1,\"name\":\"Accueil\",\"item\":\"https:\/\/www.pressenza.com\/it\/\"},{\"@type\":\"ListItem\",\"position\":2,\"name\":\"L&#8217;allargamento della NATO ha un prezzo terribile\"}]},{\"@type\":\"WebSite\",\"@id\":\"https:\/\/www.pressenza.com\/it\/#website\",\"url\":\"https:\/\/www.pressenza.com\/it\/\",\"name\":\"Pressenza\",\"description\":\"Agenzia di Stampa Internazionale\",\"publisher\":{\"@id\":\"https:\/\/www.pressenza.com\/it\/#organization\"},\"potentialAction\":[{\"@type\":\"SearchAction\",\"target\":{\"@type\":\"EntryPoint\",\"urlTemplate\":\"https:\/\/www.pressenza.com\/it\/?s={search_term_string}\"},\"query-input\":{\"@type\":\"PropertyValueSpecification\",\"valueRequired\":true,\"valueName\":\"search_term_string\"}}],\"inLanguage\":\"it-IT\"},{\"@type\":\"Organization\",\"@id\":\"https:\/\/www.pressenza.com\/it\/#organization\",\"name\":\"Pressenza\",\"url\":\"https:\/\/www.pressenza.com\/it\/\",\"logo\":{\"@type\":\"ImageObject\",\"inLanguage\":\"it-IT\",\"@id\":\"https:\/\/www.pressenza.com\/it\/#\/schema\/logo\/image\/\",\"url\":\"https:\/\/www.pressenza.com\/wp-content\/uploads\/2022\/10\/pressenza_logo_200x200.jpg\",\"contentUrl\":\"https:\/\/www.pressenza.com\/wp-content\/uploads\/2022\/10\/pressenza_logo_200x200.jpg\",\"width\":200,\"height\":200,\"caption\":\"Pressenza\"},\"image\":{\"@id\":\"https:\/\/www.pressenza.com\/it\/#\/schema\/logo\/image\/\"},\"sameAs\":[\"https:\/\/www.facebook.com\/PressenzaItalia\",\"https:\/\/x.com\/PressenzaIPA\"]},{\"@type\":\"Person\",\"@id\":\"https:\/\/www.pressenza.com\/it\/#\/schema\/person\/77735f6583e3041b31ebc7b93a284357\",\"name\":\"INFOsperber\",\"description\":\"Infosperber.ch - sieht, was andere \u00fcbersehen Die Schweizer Internet-Zeitung richtet sich an Entscheidungstr\u00e4ger in Gesellschaft, Wirtschaft und Politik sowie alle, die erg\u00e4nzende Informationen zu den grossen Medien suchen. Infosperber will die grossen Informations-Medien nicht konkurrenzieren, sondern diese erg\u00e4nzen. \u00a9 Das Weiterverbreiten s\u00e4mtlicher auf dem gemeinn\u00fctzigen Portal www.infosperber.ch enthaltenen Texte ist ohne Kostenfolge erlaubt, sofern die Texte integral ohne K\u00fcrzung und mit Quellenangaben (Autor und \u00abInfosperber\u00bb) verbreitet werden. Bei einer Online-Nutzung ist die Quellenangabe m\u00f6glichst schon am Anfang des Artikels mit einem Link auf infosperber.ch zu versehen. F\u00fcr das Verbreiten von gek\u00fcrzten oder abge\u00e4nderten Texten ist das schriftliche Einverst\u00e4ndnis der AutorInnen erforderlich.\",\"sameAs\":[\"https:\/\/www.infosperber.ch\/\"],\"url\":\"https:\/\/www.pressenza.com\/it\/author\/infosperber\/\"}]}<\/script>\n<!-- \/ Yoast SEO plugin. -->","yoast_head_json":{"title":"L'allargamento della NATO ha un prezzo terribile","description":"Il vertice della NATO tenutosi a Madrid alla fine di giugno ha deciso l'adesione di Svezia e Finlandia all'alleanza - o forse no? La foto di famiglia","robots":{"index":"index","follow":"follow","max-snippet":"max-snippet:-1","max-image-preview":"max-image-preview:large","max-video-preview":"max-video-preview:-1"},"canonical":"https:\/\/www.pressenza.com\/it\/2022\/07\/lallargamento-della-nato-ha-un-prezzo-terribile\/","og_locale":"it_IT","og_type":"article","og_title":"L'allargamento della NATO ha un prezzo terribile","og_description":"Il vertice della NATO tenutosi a Madrid alla fine di giugno ha deciso l'adesione di Svezia e Finlandia all'alleanza - o forse no? La foto di famiglia","og_url":"https:\/\/www.pressenza.com\/it\/2022\/07\/lallargamento-della-nato-ha-un-prezzo-terribile\/","og_site_name":"Pressenza","article_publisher":"https:\/\/www.facebook.com\/PressenzaItalia","article_published_time":"2022-07-14T14:36:51+00:00","og_image":[{"width":1920,"height":1278,"url":"https:\/\/www.pressenza.com\/wp-content\/uploads\/2022\/07\/259C04D3-89F4-4A61-A6C9-4E354392ABDD.jpeg","type":"image\/jpeg"}],"author":"INFOsperber","twitter_card":"summary_large_image","twitter_creator":"@PressenzaIPA","twitter_site":"@PressenzaIPA","twitter_misc":{"Scritto da":"INFOsperber","Tempo di lettura stimato":"9 minuti"},"schema":{"@context":"https:\/\/schema.org","@graph":[{"@type":"Article","@id":"https:\/\/www.pressenza.com\/it\/2022\/07\/lallargamento-della-nato-ha-un-prezzo-terribile\/#article","isPartOf":{"@id":"https:\/\/www.pressenza.com\/it\/2022\/07\/lallargamento-della-nato-ha-un-prezzo-terribile\/"},"author":{"name":"INFOsperber","@id":"https:\/\/www.pressenza.com\/it\/#\/schema\/person\/77735f6583e3041b31ebc7b93a284357"},"headline":"L&#8217;allargamento della NATO ha un prezzo terribile","datePublished":"2022-07-14T14:36:51+00:00","mainEntityOfPage":{"@id":"https:\/\/www.pressenza.com\/it\/2022\/07\/lallargamento-della-nato-ha-un-prezzo-terribile\/"},"wordCount":1575,"publisher":{"@id":"https:\/\/www.pressenza.com\/it\/#organization"},"image":{"@id":"https:\/\/www.pressenza.com\/it\/2022\/07\/lallargamento-della-nato-ha-un-prezzo-terribile\/#primaryimage"},"thumbnailUrl":"https:\/\/www.pressenza.com\/wp-content\/uploads\/2022\/07\/259C04D3-89F4-4A61-A6C9-4E354392ABDD.jpeg","keywords":["curdi","estradizione","Finlandia","Isis","NATO","Siria","Svezia","Turchia"],"articleSection":["Diritti Umani","Internazionale","Politica"],"inLanguage":"it-IT"},{"@type":"WebPage","@id":"https:\/\/www.pressenza.com\/it\/2022\/07\/lallargamento-della-nato-ha-un-prezzo-terribile\/","url":"https:\/\/www.pressenza.com\/it\/2022\/07\/lallargamento-della-nato-ha-un-prezzo-terribile\/","name":"L'allargamento della NATO ha un prezzo terribile","isPartOf":{"@id":"https:\/\/www.pressenza.com\/it\/#website"},"primaryImageOfPage":{"@id":"https:\/\/www.pressenza.com\/it\/2022\/07\/lallargamento-della-nato-ha-un-prezzo-terribile\/#primaryimage"},"image":{"@id":"https:\/\/www.pressenza.com\/it\/2022\/07\/lallargamento-della-nato-ha-un-prezzo-terribile\/#primaryimage"},"thumbnailUrl":"https:\/\/www.pressenza.com\/wp-content\/uploads\/2022\/07\/259C04D3-89F4-4A61-A6C9-4E354392ABDD.jpeg","datePublished":"2022-07-14T14:36:51+00:00","description":"Il vertice della NATO tenutosi a Madrid alla fine di giugno ha deciso l'adesione di Svezia e Finlandia all'alleanza - o forse no? La foto di famiglia","breadcrumb":{"@id":"https:\/\/www.pressenza.com\/it\/2022\/07\/lallargamento-della-nato-ha-un-prezzo-terribile\/#breadcrumb"},"inLanguage":"it-IT","potentialAction":[{"@type":"ReadAction","target":["https:\/\/www.pressenza.com\/it\/2022\/07\/lallargamento-della-nato-ha-un-prezzo-terribile\/"]}]},{"@type":"ImageObject","inLanguage":"it-IT","@id":"https:\/\/www.pressenza.com\/it\/2022\/07\/lallargamento-della-nato-ha-un-prezzo-terribile\/#primaryimage","url":"https:\/\/www.pressenza.com\/wp-content\/uploads\/2022\/07\/259C04D3-89F4-4A61-A6C9-4E354392ABDD.jpeg","contentUrl":"https:\/\/www.pressenza.com\/wp-content\/uploads\/2022\/07\/259C04D3-89F4-4A61-A6C9-4E354392ABDD.jpeg","width":1920,"height":1278},{"@type":"BreadcrumbList","@id":"https:\/\/www.pressenza.com\/it\/2022\/07\/lallargamento-della-nato-ha-un-prezzo-terribile\/#breadcrumb","itemListElement":[{"@type":"ListItem","position":1,"name":"Accueil","item":"https:\/\/www.pressenza.com\/it\/"},{"@type":"ListItem","position":2,"name":"L&#8217;allargamento della NATO ha un prezzo terribile"}]},{"@type":"WebSite","@id":"https:\/\/www.pressenza.com\/it\/#website","url":"https:\/\/www.pressenza.com\/it\/","name":"Pressenza","description":"Agenzia di Stampa Internazionale","publisher":{"@id":"https:\/\/www.pressenza.com\/it\/#organization"},"potentialAction":[{"@type":"SearchAction","target":{"@type":"EntryPoint","urlTemplate":"https:\/\/www.pressenza.com\/it\/?s={search_term_string}"},"query-input":{"@type":"PropertyValueSpecification","valueRequired":true,"valueName":"search_term_string"}}],"inLanguage":"it-IT"},{"@type":"Organization","@id":"https:\/\/www.pressenza.com\/it\/#organization","name":"Pressenza","url":"https:\/\/www.pressenza.com\/it\/","logo":{"@type":"ImageObject","inLanguage":"it-IT","@id":"https:\/\/www.pressenza.com\/it\/#\/schema\/logo\/image\/","url":"https:\/\/www.pressenza.com\/wp-content\/uploads\/2022\/10\/pressenza_logo_200x200.jpg","contentUrl":"https:\/\/www.pressenza.com\/wp-content\/uploads\/2022\/10\/pressenza_logo_200x200.jpg","width":200,"height":200,"caption":"Pressenza"},"image":{"@id":"https:\/\/www.pressenza.com\/it\/#\/schema\/logo\/image\/"},"sameAs":["https:\/\/www.facebook.com\/PressenzaItalia","https:\/\/x.com\/PressenzaIPA"]},{"@type":"Person","@id":"https:\/\/www.pressenza.com\/it\/#\/schema\/person\/77735f6583e3041b31ebc7b93a284357","name":"INFOsperber","description":"Infosperber.ch - sieht, was andere \u00fcbersehen Die Schweizer Internet-Zeitung richtet sich an Entscheidungstr\u00e4ger in Gesellschaft, Wirtschaft und Politik sowie alle, die erg\u00e4nzende Informationen zu den grossen Medien suchen. Infosperber will die grossen Informations-Medien nicht konkurrenzieren, sondern diese erg\u00e4nzen. \u00a9 Das Weiterverbreiten s\u00e4mtlicher auf dem gemeinn\u00fctzigen Portal www.infosperber.ch enthaltenen Texte ist ohne Kostenfolge erlaubt, sofern die Texte integral ohne K\u00fcrzung und mit Quellenangaben (Autor und \u00abInfosperber\u00bb) verbreitet werden. Bei einer Online-Nutzung ist die Quellenangabe m\u00f6glichst schon am Anfang des Artikels mit einem Link auf infosperber.ch zu versehen. F\u00fcr das Verbreiten von gek\u00fcrzten oder abge\u00e4nderten Texten ist das schriftliche Einverst\u00e4ndnis der AutorInnen erforderlich.","sameAs":["https:\/\/www.infosperber.ch\/"],"url":"https:\/\/www.pressenza.com\/it\/author\/infosperber\/"}]}},"place":"","original_article_url":"https:\/\/www.infosperber.ch\/politik\/ein-schrecklicher-preis-fuer-die-nato-erweiterung\/","_links":{"self":[{"href":"https:\/\/www.pressenza.com\/it\/wp-json\/wp\/v2\/posts\/1624609","targetHints":{"allow":["GET"]}}],"collection":[{"href":"https:\/\/www.pressenza.com\/it\/wp-json\/wp\/v2\/posts"}],"about":[{"href":"https:\/\/www.pressenza.com\/it\/wp-json\/wp\/v2\/types\/post"}],"author":[{"embeddable":true,"href":"https:\/\/www.pressenza.com\/it\/wp-json\/wp\/v2\/users\/1855"}],"replies":[{"embeddable":true,"href":"https:\/\/www.pressenza.com\/it\/wp-json\/wp\/v2\/comments?post=1624609"}],"version-history":[{"count":0,"href":"https:\/\/www.pressenza.com\/it\/wp-json\/wp\/v2\/posts\/1624609\/revisions"}],"wp:featuredmedia":[{"embeddable":true,"href":"https:\/\/www.pressenza.com\/it\/wp-json\/wp\/v2\/media\/1622178"}],"wp:attachment":[{"href":"https:\/\/www.pressenza.com\/it\/wp-json\/wp\/v2\/media?parent=1624609"}],"wp:term":[{"taxonomy":"category","embeddable":true,"href":"https:\/\/www.pressenza.com\/it\/wp-json\/wp\/v2\/categories?post=1624609"},{"taxonomy":"post_tag","embeddable":true,"href":"https:\/\/www.pressenza.com\/it\/wp-json\/wp\/v2\/tags?post=1624609"}],"curies":[{"name":"wp","href":"https:\/\/api.w.org\/{rel}","templated":true}]}}