{"id":1624465,"date":"2022-07-14T09:19:17","date_gmt":"2022-07-14T08:19:17","guid":{"rendered":"https:\/\/www.pressenza.com\/?p=1624465"},"modified":"2022-07-14T10:15:08","modified_gmt":"2022-07-14T09:15:08","slug":"narek-e-la-guerra-del-nagorno-karabakh","status":"publish","type":"post","link":"https:\/\/www.pressenza.com\/it\/2022\/07\/narek-e-la-guerra-del-nagorno-karabakh\/","title":{"rendered":"Narek e la guerra del Nagorno Karabakh"},"content":{"rendered":"<p>Nel suo ormai classico \u201cLo scontro tra civilt\u00e0\u201d, Samuel Huntington prevedeva nel periodo post guerra fredda una serie di conflitti potenzialmente esplosivi basati non pi\u00f9 sulla contrapposizione tra ideologie, quanto piuttosto sulla contrapposizione tra civilt\u00e0; il fattore identitario, cruciale per manipolare l\u2019opinione pubblica, si sarebbe basato sulla cultura, la religione e in pratica su tutti gli aspetti che segnano e caratterizzano profondamente i popoli.<\/p>\n<p>L\u2019esempio odierno dell\u2019Ucraina, terra di frattura tra civilt\u00e0 occidentale e civilt\u00e0 ortodossa, evidenzia in modo lampante come il conflitto sui valori, i diritti e le tradizioni sia lo scudo dietro cui nascondere l\u2019esistenza di interessi geopolitici contrastanti.<\/p>\n<p>Non \u00e8 neanche un caso che anche armeni e azeri, da decenni in contrapposizione per il territorio del Nagorno Karabakh, siano gli uni cristiani e gli altri musulmani. La civilt\u00e0, in sintesi, \u00e8 quell\u2019ancora di salvezza a cui oggi si aggrappa la maggior parte della popolazione mondiale per opporsi al senso di incertezza e paura seguito al crollo delle ideologie e alle crisi economica e ambientale.<\/p>\n<p>Le origini delle tensioni nel territorio risalgono al crollo dell\u2019Unione Sovietica e alla decisione della maggioranza cristiana di origine armena abitante nella regione di creare uno Stato autonomo, il Nagorno Karabakh appunto, staccandosi dall\u2019ormai indipendente &#8211; e musulmano &#8211; Azerbaigian.<\/p>\n<p>Ho conosciuto Narek in occasione di un progetto interculturale in Moldavia, tre anni fa; appena diciottenne era in procinto di partire per il servizio militare, che in Armenia \u00e8 obbligatorio e dura due anni. Ci siamo salutati con la speranza che non avrebbe dovuto partecipare alla guerra che all\u2019epoca sembrava una possibilit\u00e0 concreta ma non troppo.<\/p>\n<p>Il 27 settembre del 2020 l\u2019Azerbaigian ha improvvisamente ripreso le ostilit\u00e0 al confine: il conflitto \u00e8 durato circa un mese e mezzo.<\/p>\n<p>Un casuale permanenza di due giorni a Yerevan mi ha permesso di rivedere Narek e di regalargli una bottiglia del famoso limoncello che suo nonno voleva tanto assaggiare. L\u2019occasione \u00e8 stata propizia affinch\u00e9 mi parlasse della sua esperienza nell\u2019esercito: ho raccolto una testimonianza spontanea e significativa, a mio avviso importante per comprendere dinamiche spesso trascurate dalla stampa mainstream.<\/p>\n<p>Tra un sorso di birra armena e l\u2019assaggio di dolma e lahmacun, Narek ha risposto alle mie domande e al termine della conversazione, sfruttando la lingua locale e battendomi sul tempo, mi ha pagato la cena, neanche troppo economica per lo standard di vita locale, dandomi un esempio dell\u2019ospitalit\u00e0 tipica del suo popolo.<\/p>\n<p><strong>Tre anni fa ci siamo salutati poco prima del tuo servizio militare: non eri certo contento di partire, ma mi sembravi abbastanza rilassato. Perch\u00e9?<\/strong><\/p>\n<p>Nel mio paese, a causa della questione del Nagorno Karabakh, sin da piccoli sappiamo che un giorno ci aspetter\u00e0 l\u2019esercito, in poche parole siamo abituati a tutto questo. La questione era sapere quanto lentamente sarebbero passati questi due anni.<\/p>\n<p><strong>Cosa pensi riguardo alle armi?<\/strong><\/p>\n<p>Ovviamente sono contrario all\u2019uso delle armi perfino per la caccia, ma nel nostro caso non abbiamo scelta in quanto non esiste l\u2019opzione del servizio civile. Fortunatamente non ho dovuto sparare a nessuno per autodifesa nel corso del conflitto.<\/p>\n<p><strong>Ricordo che parlammo dell\u2019eventualit\u00e0 della guerra con l\u2019Azerbaigian e della speranza che non si sarebbe verificata. Come hai appreso la notizia e cosa hai provato?<\/strong><\/p>\n<p>Qualche giorno prima dell\u2019inizio delle ostilit\u00e0 i nostri superiori dell\u2019esercito ci hanno anticipato la possibilit\u00e0 che gli azeri potessero iniziare a sparare verso le nostre postazioni, ma non ritenevano il tutto certo e soprattutto imminente.<\/p>\n<p>Una notte mi sono svegliato a causa del rumore che i droni azeri facevano sulle nostre teste; qualche minuto dopo abbiamo visto una serie di luci intermittenti sul fronte azero e a seguire fumo accompagnato dal rumore dei colpi sulla terra.<\/p>\n<p><strong>Cosa hai provato in quel momento?<\/strong><\/p>\n<p>Non ho provato paura\u2026 forse non c\u2019\u00e8 stato tempo per questo. Abbiamo iniziato a saltellare, a ridere nervosamente e a chiederci ad alta voce a vicenda: \u201cChe diavolo sta succedendo\u201d?<\/p>\n<p><strong>In quei giorni hai mai rischiato di perdere la vita?<\/strong><\/p>\n<p>S\u00ec, proprio in quei momenti i colpi sono arrivati a pochi metri da me. Per il periodo successivo siamo spesso stati nei bunker sotterranei e la mia attivit\u00e0 \u00e8 stata principalmente quella di coordinare e aiutare i soldati che tornavano indietro o perch\u00e9 feriti o per il cambio con chi li sostituiva in prima linea. Li ho aiutati in tutti i modi e in alcuni casi gli ho dato i miei vestiti perch\u00e9 i loro erano inutilizzabili.<\/p>\n<p><strong>Sono tornati indietro tutti sani e salvi?<\/strong><\/p>\n<p>Nel mio gruppo fortunatamente s\u00ec, ma purtroppo ho perso un amico d\u2019infanzia nato nel mio stesso villaggio.<\/p>\n<p><strong>Se adesso, a fine servizio militare, pensi agli azeri che cosa provi?<\/strong><\/p>\n<p>Per me sono gli stessi di prima\u2026 possono essere miei amici. Sono sempre i governanti che decidono delle sorti dei governati. Chiaramente se si tratta di fanatici e nazionalisti la situazione \u00e8 diversa, ma questo vale per tutti i Paesi del mondo.<\/p>\n<p><strong>Dopo questa esperienza di guerra come \u00e8 cambiato il tuo modo di pensare?<\/strong><\/p>\n<p>Adesso non guardo pi\u00f9 i telegiornali e mi interesso solo a me e ai miei amici. Ho un lavoro che mi consente di vivere dignitosamente a Yerevan e va bene cos\u00ec.<\/p>\n<p>&nbsp;<\/p>\n<p>&nbsp;<\/p>\n","protected":false},"excerpt":{"rendered":"<p>Nel suo ormai classico \u201cLo scontro tra civilt\u00e0\u201d, Samuel Huntington prevedeva nel periodo post guerra fredda una serie di conflitti potenzialmente esplosivi basati non pi\u00f9 sulla contrapposizione tra ideologie, quanto piuttosto sulla contrapposizione tra civilt\u00e0; il fattore identitario, cruciale per&hellip;<\/p>\n","protected":false},"author":594,"featured_media":1624466,"comment_status":"closed","ping_status":"closed","sticky":false,"template":"","format":"standard","meta":{"footnotes":""},"categories":[46,11388,157,1263],"tags":[10180,1116,365,38974,15155],"class_list":["post-1624465","post","type-post","status-publish","format-standard","has-post-thumbnail","hentry","category-asia-it","category-contenuti-originali","category-interviste","category-pace-disarmo","tag-armenia","tag-azerbaigian","tag-guerra","tag-nagorno-karabakh","tag-servizio-militare"],"yoast_head":"<!-- This site is optimized with the Yoast SEO plugin v27.1.1 - https:\/\/yoast.com\/product\/yoast-seo-wordpress\/ -->\n<title>Narek e la guerra del Nagorno Karabakh<\/title>\n<meta name=\"description\" content=\"Nel suo ormai classico \u201cLo scontro tra civilt\u00e0\u201d, Samuel Huntington prevedeva nel periodo post guerra fredda una serie di conflitti potenzialmente\" \/>\n<meta name=\"robots\" content=\"index, follow, max-snippet:-1, max-image-preview:large, max-video-preview:-1\" \/>\n<link rel=\"canonical\" href=\"https:\/\/www.pressenza.com\/it\/2022\/07\/narek-e-la-guerra-del-nagorno-karabakh\/\" \/>\n<meta property=\"og:locale\" content=\"it_IT\" \/>\n<meta property=\"og:type\" content=\"article\" \/>\n<meta property=\"og:title\" content=\"Narek e la guerra del Nagorno Karabakh\" \/>\n<meta property=\"og:description\" content=\"Nel suo ormai classico \u201cLo scontro tra civilt\u00e0\u201d, Samuel Huntington prevedeva nel periodo post guerra fredda una serie di conflitti potenzialmente\" \/>\n<meta property=\"og:url\" content=\"https:\/\/www.pressenza.com\/it\/2022\/07\/narek-e-la-guerra-del-nagorno-karabakh\/\" \/>\n<meta property=\"og:site_name\" content=\"Pressenza\" \/>\n<meta property=\"article:publisher\" content=\"https:\/\/www.facebook.com\/PressenzaItalia\" \/>\n<meta property=\"article:author\" content=\"https:\/\/www.facebook.com\/PressenzaItalia\" \/>\n<meta property=\"article:published_time\" content=\"2022-07-14T08:19:17+00:00\" \/>\n<meta property=\"article:modified_time\" content=\"2022-07-14T09:15:08+00:00\" \/>\n<meta property=\"og:image\" content=\"https:\/\/www.pressenza.com\/wp-content\/uploads\/2022\/07\/narek.png\" \/>\n\t<meta property=\"og:image:width\" content=\"1920\" \/>\n\t<meta property=\"og:image:height\" content=\"1240\" \/>\n\t<meta property=\"og:image:type\" content=\"image\/png\" \/>\n<meta name=\"author\" content=\"Redazione Italia\" \/>\n<meta name=\"twitter:card\" content=\"summary_large_image\" \/>\n<meta name=\"twitter:creator\" content=\"@pressenza_it\" \/>\n<meta name=\"twitter:site\" content=\"@PressenzaIPA\" \/>\n<meta name=\"twitter:label1\" content=\"Scritto da\" \/>\n\t<meta name=\"twitter:data1\" content=\"Redazione Italia\" \/>\n\t<meta name=\"twitter:label2\" content=\"Tempo di lettura stimato\" \/>\n\t<meta name=\"twitter:data2\" content=\"5 minuti\" \/>\n<script type=\"application\/ld+json\" class=\"yoast-schema-graph\">{\"@context\":\"https:\/\/schema.org\",\"@graph\":[{\"@type\":\"Article\",\"@id\":\"https:\/\/www.pressenza.com\/it\/2022\/07\/narek-e-la-guerra-del-nagorno-karabakh\/#article\",\"isPartOf\":{\"@id\":\"https:\/\/www.pressenza.com\/it\/2022\/07\/narek-e-la-guerra-del-nagorno-karabakh\/\"},\"author\":{\"name\":\"Redazione Italia\",\"@id\":\"https:\/\/www.pressenza.com\/it\/#\/schema\/person\/d983e81827ae24f2c7b1a2123d197f8d\"},\"headline\":\"Narek e la guerra del Nagorno Karabakh\",\"datePublished\":\"2022-07-14T08:19:17+00:00\",\"dateModified\":\"2022-07-14T09:15:08+00:00\",\"mainEntityOfPage\":{\"@id\":\"https:\/\/www.pressenza.com\/it\/2022\/07\/narek-e-la-guerra-del-nagorno-karabakh\/\"},\"wordCount\":868,\"publisher\":{\"@id\":\"https:\/\/www.pressenza.com\/it\/#organization\"},\"image\":{\"@id\":\"https:\/\/www.pressenza.com\/it\/2022\/07\/narek-e-la-guerra-del-nagorno-karabakh\/#primaryimage\"},\"thumbnailUrl\":\"https:\/\/www.pressenza.com\/wp-content\/uploads\/2022\/07\/narek.png\",\"keywords\":[\"Armenia\",\"Azerbaigian\",\"guerra\",\"Nagorno-Karabakh\",\"servizio militare\"],\"articleSection\":[\"Asia\",\"contenuti originali\",\"Interviste\",\"Pace e Disarmo\"],\"inLanguage\":\"it-IT\"},{\"@type\":\"WebPage\",\"@id\":\"https:\/\/www.pressenza.com\/it\/2022\/07\/narek-e-la-guerra-del-nagorno-karabakh\/\",\"url\":\"https:\/\/www.pressenza.com\/it\/2022\/07\/narek-e-la-guerra-del-nagorno-karabakh\/\",\"name\":\"Narek e la guerra del Nagorno Karabakh\",\"isPartOf\":{\"@id\":\"https:\/\/www.pressenza.com\/it\/#website\"},\"primaryImageOfPage\":{\"@id\":\"https:\/\/www.pressenza.com\/it\/2022\/07\/narek-e-la-guerra-del-nagorno-karabakh\/#primaryimage\"},\"image\":{\"@id\":\"https:\/\/www.pressenza.com\/it\/2022\/07\/narek-e-la-guerra-del-nagorno-karabakh\/#primaryimage\"},\"thumbnailUrl\":\"https:\/\/www.pressenza.com\/wp-content\/uploads\/2022\/07\/narek.png\",\"datePublished\":\"2022-07-14T08:19:17+00:00\",\"dateModified\":\"2022-07-14T09:15:08+00:00\",\"description\":\"Nel suo ormai classico \u201cLo scontro tra civilt\u00e0\u201d, Samuel Huntington prevedeva nel periodo post guerra fredda una serie di conflitti potenzialmente\",\"breadcrumb\":{\"@id\":\"https:\/\/www.pressenza.com\/it\/2022\/07\/narek-e-la-guerra-del-nagorno-karabakh\/#breadcrumb\"},\"inLanguage\":\"it-IT\",\"potentialAction\":[{\"@type\":\"ReadAction\",\"target\":[\"https:\/\/www.pressenza.com\/it\/2022\/07\/narek-e-la-guerra-del-nagorno-karabakh\/\"]}]},{\"@type\":\"ImageObject\",\"inLanguage\":\"it-IT\",\"@id\":\"https:\/\/www.pressenza.com\/it\/2022\/07\/narek-e-la-guerra-del-nagorno-karabakh\/#primaryimage\",\"url\":\"https:\/\/www.pressenza.com\/wp-content\/uploads\/2022\/07\/narek.png\",\"contentUrl\":\"https:\/\/www.pressenza.com\/wp-content\/uploads\/2022\/07\/narek.png\",\"width\":1920,\"height\":1240},{\"@type\":\"BreadcrumbList\",\"@id\":\"https:\/\/www.pressenza.com\/it\/2022\/07\/narek-e-la-guerra-del-nagorno-karabakh\/#breadcrumb\",\"itemListElement\":[{\"@type\":\"ListItem\",\"position\":1,\"name\":\"Accueil\",\"item\":\"https:\/\/www.pressenza.com\/it\/\"},{\"@type\":\"ListItem\",\"position\":2,\"name\":\"Narek e la guerra del Nagorno Karabakh\"}]},{\"@type\":\"WebSite\",\"@id\":\"https:\/\/www.pressenza.com\/it\/#website\",\"url\":\"https:\/\/www.pressenza.com\/it\/\",\"name\":\"Pressenza\",\"description\":\"Agenzia di Stampa Internazionale\",\"publisher\":{\"@id\":\"https:\/\/www.pressenza.com\/it\/#organization\"},\"potentialAction\":[{\"@type\":\"SearchAction\",\"target\":{\"@type\":\"EntryPoint\",\"urlTemplate\":\"https:\/\/www.pressenza.com\/it\/?s={search_term_string}\"},\"query-input\":{\"@type\":\"PropertyValueSpecification\",\"valueRequired\":true,\"valueName\":\"search_term_string\"}}],\"inLanguage\":\"it-IT\"},{\"@type\":\"Organization\",\"@id\":\"https:\/\/www.pressenza.com\/it\/#organization\",\"name\":\"Pressenza\",\"url\":\"https:\/\/www.pressenza.com\/it\/\",\"logo\":{\"@type\":\"ImageObject\",\"inLanguage\":\"it-IT\",\"@id\":\"https:\/\/www.pressenza.com\/it\/#\/schema\/logo\/image\/\",\"url\":\"https:\/\/www.pressenza.com\/wp-content\/uploads\/2022\/10\/pressenza_logo_200x200.jpg\",\"contentUrl\":\"https:\/\/www.pressenza.com\/wp-content\/uploads\/2022\/10\/pressenza_logo_200x200.jpg\",\"width\":200,\"height\":200,\"caption\":\"Pressenza\"},\"image\":{\"@id\":\"https:\/\/www.pressenza.com\/it\/#\/schema\/logo\/image\/\"},\"sameAs\":[\"https:\/\/www.facebook.com\/PressenzaItalia\",\"https:\/\/x.com\/PressenzaIPA\"]},{\"@type\":\"Person\",\"@id\":\"https:\/\/www.pressenza.com\/it\/#\/schema\/person\/d983e81827ae24f2c7b1a2123d197f8d\",\"name\":\"Redazione Italia\",\"description\":\"News from the Pressenza Bureau in Italy\",\"sameAs\":[\"https:\/\/www.pressenza.com\/it\/author\/redazione-italia\/\",\"https:\/\/www.facebook.com\/PressenzaItalia\",\"https:\/\/www.instagram.com\/pressenza_italia\/\",\"https:\/\/x.com\/pressenza_it\",\"https:\/\/www.youtube.com\/channel\/UCSalEIWjE1RSxkwjfftFuqg\"],\"url\":\"https:\/\/www.pressenza.com\/it\/author\/redazione-italia\/\"}]}<\/script>\n<!-- \/ Yoast SEO plugin. -->","yoast_head_json":{"title":"Narek e la guerra del Nagorno Karabakh","description":"Nel suo ormai classico \u201cLo scontro tra civilt\u00e0\u201d, Samuel Huntington prevedeva nel periodo post guerra fredda una serie di conflitti potenzialmente","robots":{"index":"index","follow":"follow","max-snippet":"max-snippet:-1","max-image-preview":"max-image-preview:large","max-video-preview":"max-video-preview:-1"},"canonical":"https:\/\/www.pressenza.com\/it\/2022\/07\/narek-e-la-guerra-del-nagorno-karabakh\/","og_locale":"it_IT","og_type":"article","og_title":"Narek e la guerra del Nagorno Karabakh","og_description":"Nel suo ormai classico \u201cLo scontro tra civilt\u00e0\u201d, Samuel Huntington prevedeva nel periodo post guerra fredda una serie di conflitti potenzialmente","og_url":"https:\/\/www.pressenza.com\/it\/2022\/07\/narek-e-la-guerra-del-nagorno-karabakh\/","og_site_name":"Pressenza","article_publisher":"https:\/\/www.facebook.com\/PressenzaItalia","article_author":"https:\/\/www.facebook.com\/PressenzaItalia","article_published_time":"2022-07-14T08:19:17+00:00","article_modified_time":"2022-07-14T09:15:08+00:00","og_image":[{"width":1920,"height":1240,"url":"https:\/\/www.pressenza.com\/wp-content\/uploads\/2022\/07\/narek.png","type":"image\/png"}],"author":"Redazione Italia","twitter_card":"summary_large_image","twitter_creator":"@pressenza_it","twitter_site":"@PressenzaIPA","twitter_misc":{"Scritto da":"Redazione Italia","Tempo di lettura stimato":"5 minuti"},"schema":{"@context":"https:\/\/schema.org","@graph":[{"@type":"Article","@id":"https:\/\/www.pressenza.com\/it\/2022\/07\/narek-e-la-guerra-del-nagorno-karabakh\/#article","isPartOf":{"@id":"https:\/\/www.pressenza.com\/it\/2022\/07\/narek-e-la-guerra-del-nagorno-karabakh\/"},"author":{"name":"Redazione Italia","@id":"https:\/\/www.pressenza.com\/it\/#\/schema\/person\/d983e81827ae24f2c7b1a2123d197f8d"},"headline":"Narek e la guerra del Nagorno Karabakh","datePublished":"2022-07-14T08:19:17+00:00","dateModified":"2022-07-14T09:15:08+00:00","mainEntityOfPage":{"@id":"https:\/\/www.pressenza.com\/it\/2022\/07\/narek-e-la-guerra-del-nagorno-karabakh\/"},"wordCount":868,"publisher":{"@id":"https:\/\/www.pressenza.com\/it\/#organization"},"image":{"@id":"https:\/\/www.pressenza.com\/it\/2022\/07\/narek-e-la-guerra-del-nagorno-karabakh\/#primaryimage"},"thumbnailUrl":"https:\/\/www.pressenza.com\/wp-content\/uploads\/2022\/07\/narek.png","keywords":["Armenia","Azerbaigian","guerra","Nagorno-Karabakh","servizio militare"],"articleSection":["Asia","contenuti originali","Interviste","Pace e Disarmo"],"inLanguage":"it-IT"},{"@type":"WebPage","@id":"https:\/\/www.pressenza.com\/it\/2022\/07\/narek-e-la-guerra-del-nagorno-karabakh\/","url":"https:\/\/www.pressenza.com\/it\/2022\/07\/narek-e-la-guerra-del-nagorno-karabakh\/","name":"Narek e la guerra del Nagorno Karabakh","isPartOf":{"@id":"https:\/\/www.pressenza.com\/it\/#website"},"primaryImageOfPage":{"@id":"https:\/\/www.pressenza.com\/it\/2022\/07\/narek-e-la-guerra-del-nagorno-karabakh\/#primaryimage"},"image":{"@id":"https:\/\/www.pressenza.com\/it\/2022\/07\/narek-e-la-guerra-del-nagorno-karabakh\/#primaryimage"},"thumbnailUrl":"https:\/\/www.pressenza.com\/wp-content\/uploads\/2022\/07\/narek.png","datePublished":"2022-07-14T08:19:17+00:00","dateModified":"2022-07-14T09:15:08+00:00","description":"Nel suo ormai classico \u201cLo scontro tra civilt\u00e0\u201d, Samuel Huntington prevedeva nel periodo post guerra fredda una serie di conflitti potenzialmente","breadcrumb":{"@id":"https:\/\/www.pressenza.com\/it\/2022\/07\/narek-e-la-guerra-del-nagorno-karabakh\/#breadcrumb"},"inLanguage":"it-IT","potentialAction":[{"@type":"ReadAction","target":["https:\/\/www.pressenza.com\/it\/2022\/07\/narek-e-la-guerra-del-nagorno-karabakh\/"]}]},{"@type":"ImageObject","inLanguage":"it-IT","@id":"https:\/\/www.pressenza.com\/it\/2022\/07\/narek-e-la-guerra-del-nagorno-karabakh\/#primaryimage","url":"https:\/\/www.pressenza.com\/wp-content\/uploads\/2022\/07\/narek.png","contentUrl":"https:\/\/www.pressenza.com\/wp-content\/uploads\/2022\/07\/narek.png","width":1920,"height":1240},{"@type":"BreadcrumbList","@id":"https:\/\/www.pressenza.com\/it\/2022\/07\/narek-e-la-guerra-del-nagorno-karabakh\/#breadcrumb","itemListElement":[{"@type":"ListItem","position":1,"name":"Accueil","item":"https:\/\/www.pressenza.com\/it\/"},{"@type":"ListItem","position":2,"name":"Narek e la guerra del Nagorno Karabakh"}]},{"@type":"WebSite","@id":"https:\/\/www.pressenza.com\/it\/#website","url":"https:\/\/www.pressenza.com\/it\/","name":"Pressenza","description":"Agenzia di Stampa Internazionale","publisher":{"@id":"https:\/\/www.pressenza.com\/it\/#organization"},"potentialAction":[{"@type":"SearchAction","target":{"@type":"EntryPoint","urlTemplate":"https:\/\/www.pressenza.com\/it\/?s={search_term_string}"},"query-input":{"@type":"PropertyValueSpecification","valueRequired":true,"valueName":"search_term_string"}}],"inLanguage":"it-IT"},{"@type":"Organization","@id":"https:\/\/www.pressenza.com\/it\/#organization","name":"Pressenza","url":"https:\/\/www.pressenza.com\/it\/","logo":{"@type":"ImageObject","inLanguage":"it-IT","@id":"https:\/\/www.pressenza.com\/it\/#\/schema\/logo\/image\/","url":"https:\/\/www.pressenza.com\/wp-content\/uploads\/2022\/10\/pressenza_logo_200x200.jpg","contentUrl":"https:\/\/www.pressenza.com\/wp-content\/uploads\/2022\/10\/pressenza_logo_200x200.jpg","width":200,"height":200,"caption":"Pressenza"},"image":{"@id":"https:\/\/www.pressenza.com\/it\/#\/schema\/logo\/image\/"},"sameAs":["https:\/\/www.facebook.com\/PressenzaItalia","https:\/\/x.com\/PressenzaIPA"]},{"@type":"Person","@id":"https:\/\/www.pressenza.com\/it\/#\/schema\/person\/d983e81827ae24f2c7b1a2123d197f8d","name":"Redazione Italia","description":"News from the Pressenza Bureau in Italy","sameAs":["https:\/\/www.pressenza.com\/it\/author\/redazione-italia\/","https:\/\/www.facebook.com\/PressenzaItalia","https:\/\/www.instagram.com\/pressenza_italia\/","https:\/\/x.com\/pressenza_it","https:\/\/www.youtube.com\/channel\/UCSalEIWjE1RSxkwjfftFuqg"],"url":"https:\/\/www.pressenza.com\/it\/author\/redazione-italia\/"}]}},"place":"Lucio De Candia","original_article_url":"","_links":{"self":[{"href":"https:\/\/www.pressenza.com\/it\/wp-json\/wp\/v2\/posts\/1624465","targetHints":{"allow":["GET"]}}],"collection":[{"href":"https:\/\/www.pressenza.com\/it\/wp-json\/wp\/v2\/posts"}],"about":[{"href":"https:\/\/www.pressenza.com\/it\/wp-json\/wp\/v2\/types\/post"}],"author":[{"embeddable":true,"href":"https:\/\/www.pressenza.com\/it\/wp-json\/wp\/v2\/users\/594"}],"replies":[{"embeddable":true,"href":"https:\/\/www.pressenza.com\/it\/wp-json\/wp\/v2\/comments?post=1624465"}],"version-history":[{"count":0,"href":"https:\/\/www.pressenza.com\/it\/wp-json\/wp\/v2\/posts\/1624465\/revisions"}],"wp:featuredmedia":[{"embeddable":true,"href":"https:\/\/www.pressenza.com\/it\/wp-json\/wp\/v2\/media\/1624466"}],"wp:attachment":[{"href":"https:\/\/www.pressenza.com\/it\/wp-json\/wp\/v2\/media?parent=1624465"}],"wp:term":[{"taxonomy":"category","embeddable":true,"href":"https:\/\/www.pressenza.com\/it\/wp-json\/wp\/v2\/categories?post=1624465"},{"taxonomy":"post_tag","embeddable":true,"href":"https:\/\/www.pressenza.com\/it\/wp-json\/wp\/v2\/tags?post=1624465"}],"curies":[{"name":"wp","href":"https:\/\/api.w.org\/{rel}","templated":true}]}}