{"id":1617079,"date":"2022-06-30T09:01:08","date_gmt":"2022-06-30T08:01:08","guid":{"rendered":"https:\/\/www.pressenza.com\/?p=1617079"},"modified":"2022-06-30T09:01:08","modified_gmt":"2022-06-30T08:01:08","slug":"madrid-attivisti-bloccano-lingresso-del-ministero-degli-esteri","status":"publish","type":"post","link":"https:\/\/www.pressenza.com\/it\/2022\/06\/madrid-attivisti-bloccano-lingresso-del-ministero-degli-esteri\/","title":{"rendered":"Madrid, attivisti bloccano l&#8217;ingresso del Ministero degli Esteri"},"content":{"rendered":"<p>Le porte del Ministero degli Esteri spagnolo sono state bloccate all&#8217;alba con catene e uno striscione con la scritta &#8220;Chiuso per attivit\u00e0 criminali&#8221; dal movimento globale contro la crisi climatica Extinction Rebellion. Il blocco \u00e8 durato pochi minuti, prima di essere rimosso dal personale del ministero.<\/p>\n<p>Con questa azione, i manifestanti hanno condannato le politiche di militarizzazione dei confini e l&#8217;aumento delle spese militari nel quadro della NATO, invece di assumersi la responsabilit\u00e0 di ci\u00f2 che accade alle nostre frontiere. &#8220;La crisi climatica \u00e8 una delle ragioni principali della migrazione su larga scala dal Sud al Nord e il Sud globale \u00e8 la principale vittima degli eccessi del Nord globale\u201d. Gli attivisti hanno inoltre denunciato la strage di venerd\u00ec scorso al confine con il Marocco, definendo &#8220;inaccettabile&#8221; la valutazione del governo sulla tragedia umana in cui 23 persone sono state uccise dalle guardie di frontiera.<\/p>\n<p>Allo stesso tempo, gli attivisti chiedono la cancellazione dei debiti finanziari illegittimi che i Paesi del Sud globale hanno contratto con quelli del Nord globale. Per ripagare i loro debiti, questi Paesi sono costretti ad aumentare a dismisura la distruzione dei loro ecosistemi e a estrarre ed esportare ancora pi\u00f9 combustibili fossili, alimentando cos\u00ec la crisi climatica. Allo stesso tempo, questi debiti impediscono ai Paesi del Sud globale di sviluppare giuste misure di transizione e adattamento per affrontare la stessa crisi climatica, che \u00e8 stata esacerbata da questo modello estrattivista.<\/p>\n<p>Questo evento fa parte delle azioni di protesta globali del movimento Debt for Climate, portato avanti da Extinction Rebellion insieme a decine di altri gruppi ambientalisti, sociali, indigeni e sindacali di una trenitna di Paesi in Africa, America, Asia ed Europa.<\/p>\n<p>Traduzione dallo spagnolo di Anna Polo<\/p>\n","protected":false},"excerpt":{"rendered":"<p>Le porte del Ministero degli Esteri spagnolo sono state bloccate all&#8217;alba con catene e uno striscione con la scritta &#8220;Chiuso per attivit\u00e0 criminali&#8221; dal movimento globale contro la crisi climatica Extinction Rebellion. Il blocco \u00e8 durato pochi minuti, prima di&hellip;<\/p>\n","protected":false},"author":1696,"featured_media":1616752,"comment_status":"closed","ping_status":"closed","sticky":false,"template":"","format":"standard","meta":{"footnotes":""},"categories":[150,60,59],"tags":[100380,57023,891,5439,207,1602],"class_list":["post-1617079","post","type-post","status-publish","format-standard","has-post-thumbnail","hentry","category-comunicati-stampa","category-diritti-umani","category-ambiente-ecologia","tag-aumento-delle-spese-militari","tag-crisi-climatica","tag-debito","tag-migrazioni","tag-nato","tag-spagna"],"yoast_head":"<!-- This site is optimized with the Yoast SEO plugin v27.1.1 - https:\/\/yoast.com\/product\/yoast-seo-wordpress\/ -->\n<title>Madrid, attivisti bloccano l&#039;ingresso del Ministero degli Esteri<\/title>\n<meta name=\"description\" content=\"Le porte del Ministero degli Esteri spagnolo sono state bloccate all&#039;alba con catene e uno striscione con la scritta &quot;Chiuso per attivit\u00e0 criminali&quot; dal\" \/>\n<meta name=\"robots\" content=\"index, follow, max-snippet:-1, max-image-preview:large, max-video-preview:-1\" \/>\n<link rel=\"canonical\" href=\"https:\/\/www.pressenza.com\/it\/2022\/06\/madrid-attivisti-bloccano-lingresso-del-ministero-degli-esteri\/\" \/>\n<meta property=\"og:locale\" content=\"it_IT\" \/>\n<meta property=\"og:type\" content=\"article\" \/>\n<meta property=\"og:title\" content=\"Madrid, attivisti bloccano l&#039;ingresso del Ministero degli Esteri\" \/>\n<meta property=\"og:description\" content=\"Le porte del Ministero degli Esteri spagnolo sono state bloccate all&#039;alba con catene e uno striscione con la scritta &quot;Chiuso per attivit\u00e0 criminali&quot; dal\" \/>\n<meta property=\"og:url\" content=\"https:\/\/www.pressenza.com\/it\/2022\/06\/madrid-attivisti-bloccano-lingresso-del-ministero-degli-esteri\/\" \/>\n<meta property=\"og:site_name\" content=\"Pressenza\" \/>\n<meta property=\"article:publisher\" content=\"https:\/\/www.facebook.com\/PressenzaItalia\" \/>\n<meta property=\"article:published_time\" content=\"2022-06-30T08:01:08+00:00\" \/>\n<meta property=\"og:image\" content=\"https:\/\/www.pressenza.com\/wp-content\/uploads\/2022\/06\/extinction-rebelion.jpg\" \/>\n\t<meta property=\"og:image:width\" content=\"1024\" \/>\n\t<meta property=\"og:image:height\" content=\"683\" \/>\n\t<meta property=\"og:image:type\" content=\"image\/jpeg\" \/>\n<meta name=\"author\" content=\"Extinction Rebellion\" \/>\n<meta name=\"twitter:card\" content=\"summary_large_image\" \/>\n<meta name=\"twitter:creator\" content=\"@PressenzaIPA\" \/>\n<meta name=\"twitter:site\" content=\"@PressenzaIPA\" \/>\n<meta name=\"twitter:label1\" content=\"Scritto da\" \/>\n\t<meta name=\"twitter:data1\" content=\"Extinction Rebellion\" \/>\n\t<meta name=\"twitter:label2\" content=\"Tempo di lettura stimato\" \/>\n\t<meta name=\"twitter:data2\" content=\"2 minuti\" \/>\n<script type=\"application\/ld+json\" class=\"yoast-schema-graph\">{\"@context\":\"https:\/\/schema.org\",\"@graph\":[{\"@type\":\"Article\",\"@id\":\"https:\/\/www.pressenza.com\/it\/2022\/06\/madrid-attivisti-bloccano-lingresso-del-ministero-degli-esteri\/#article\",\"isPartOf\":{\"@id\":\"https:\/\/www.pressenza.com\/it\/2022\/06\/madrid-attivisti-bloccano-lingresso-del-ministero-degli-esteri\/\"},\"author\":{\"name\":\"Extinction Rebellion\",\"@id\":\"https:\/\/www.pressenza.com\/it\/#\/schema\/person\/469654e5f261458f78054b73ca6931aa\"},\"headline\":\"Madrid, attivisti bloccano l&#8217;ingresso del Ministero degli Esteri\",\"datePublished\":\"2022-06-30T08:01:08+00:00\",\"mainEntityOfPage\":{\"@id\":\"https:\/\/www.pressenza.com\/it\/2022\/06\/madrid-attivisti-bloccano-lingresso-del-ministero-degli-esteri\/\"},\"wordCount\":288,\"publisher\":{\"@id\":\"https:\/\/www.pressenza.com\/it\/#organization\"},\"image\":{\"@id\":\"https:\/\/www.pressenza.com\/it\/2022\/06\/madrid-attivisti-bloccano-lingresso-del-ministero-degli-esteri\/#primaryimage\"},\"thumbnailUrl\":\"https:\/\/www.pressenza.com\/wp-content\/uploads\/2022\/06\/extinction-rebelion.jpg\",\"keywords\":[\"aumento delle spese militari\",\"crisi climatica\",\"debito\",\"migrazioni\",\"NATO\",\"Spagna\"],\"articleSection\":[\"Comunicati Stampa\",\"Diritti Umani\",\"Ecologia ed Ambiente\"],\"inLanguage\":\"it-IT\"},{\"@type\":\"WebPage\",\"@id\":\"https:\/\/www.pressenza.com\/it\/2022\/06\/madrid-attivisti-bloccano-lingresso-del-ministero-degli-esteri\/\",\"url\":\"https:\/\/www.pressenza.com\/it\/2022\/06\/madrid-attivisti-bloccano-lingresso-del-ministero-degli-esteri\/\",\"name\":\"Madrid, attivisti bloccano l'ingresso del Ministero degli Esteri\",\"isPartOf\":{\"@id\":\"https:\/\/www.pressenza.com\/it\/#website\"},\"primaryImageOfPage\":{\"@id\":\"https:\/\/www.pressenza.com\/it\/2022\/06\/madrid-attivisti-bloccano-lingresso-del-ministero-degli-esteri\/#primaryimage\"},\"image\":{\"@id\":\"https:\/\/www.pressenza.com\/it\/2022\/06\/madrid-attivisti-bloccano-lingresso-del-ministero-degli-esteri\/#primaryimage\"},\"thumbnailUrl\":\"https:\/\/www.pressenza.com\/wp-content\/uploads\/2022\/06\/extinction-rebelion.jpg\",\"datePublished\":\"2022-06-30T08:01:08+00:00\",\"description\":\"Le porte del Ministero degli Esteri spagnolo sono state bloccate all'alba con catene e uno striscione con la scritta \\\"Chiuso per attivit\u00e0 criminali\\\" dal\",\"breadcrumb\":{\"@id\":\"https:\/\/www.pressenza.com\/it\/2022\/06\/madrid-attivisti-bloccano-lingresso-del-ministero-degli-esteri\/#breadcrumb\"},\"inLanguage\":\"it-IT\",\"potentialAction\":[{\"@type\":\"ReadAction\",\"target\":[\"https:\/\/www.pressenza.com\/it\/2022\/06\/madrid-attivisti-bloccano-lingresso-del-ministero-degli-esteri\/\"]}]},{\"@type\":\"ImageObject\",\"inLanguage\":\"it-IT\",\"@id\":\"https:\/\/www.pressenza.com\/it\/2022\/06\/madrid-attivisti-bloccano-lingresso-del-ministero-degli-esteri\/#primaryimage\",\"url\":\"https:\/\/www.pressenza.com\/wp-content\/uploads\/2022\/06\/extinction-rebelion.jpg\",\"contentUrl\":\"https:\/\/www.pressenza.com\/wp-content\/uploads\/2022\/06\/extinction-rebelion.jpg\",\"width\":1024,\"height\":683},{\"@type\":\"BreadcrumbList\",\"@id\":\"https:\/\/www.pressenza.com\/it\/2022\/06\/madrid-attivisti-bloccano-lingresso-del-ministero-degli-esteri\/#breadcrumb\",\"itemListElement\":[{\"@type\":\"ListItem\",\"position\":1,\"name\":\"Accueil\",\"item\":\"https:\/\/www.pressenza.com\/it\/\"},{\"@type\":\"ListItem\",\"position\":2,\"name\":\"Madrid, attivisti bloccano l&#8217;ingresso del Ministero degli Esteri\"}]},{\"@type\":\"WebSite\",\"@id\":\"https:\/\/www.pressenza.com\/it\/#website\",\"url\":\"https:\/\/www.pressenza.com\/it\/\",\"name\":\"Pressenza\",\"description\":\"Agenzia di Stampa Internazionale\",\"publisher\":{\"@id\":\"https:\/\/www.pressenza.com\/it\/#organization\"},\"potentialAction\":[{\"@type\":\"SearchAction\",\"target\":{\"@type\":\"EntryPoint\",\"urlTemplate\":\"https:\/\/www.pressenza.com\/it\/?s={search_term_string}\"},\"query-input\":{\"@type\":\"PropertyValueSpecification\",\"valueRequired\":true,\"valueName\":\"search_term_string\"}}],\"inLanguage\":\"it-IT\"},{\"@type\":\"Organization\",\"@id\":\"https:\/\/www.pressenza.com\/it\/#organization\",\"name\":\"Pressenza\",\"url\":\"https:\/\/www.pressenza.com\/it\/\",\"logo\":{\"@type\":\"ImageObject\",\"inLanguage\":\"it-IT\",\"@id\":\"https:\/\/www.pressenza.com\/it\/#\/schema\/logo\/image\/\",\"url\":\"https:\/\/www.pressenza.com\/wp-content\/uploads\/2022\/10\/pressenza_logo_200x200.jpg\",\"contentUrl\":\"https:\/\/www.pressenza.com\/wp-content\/uploads\/2022\/10\/pressenza_logo_200x200.jpg\",\"width\":200,\"height\":200,\"caption\":\"Pressenza\"},\"image\":{\"@id\":\"https:\/\/www.pressenza.com\/it\/#\/schema\/logo\/image\/\"},\"sameAs\":[\"https:\/\/www.facebook.com\/PressenzaItalia\",\"https:\/\/x.com\/PressenzaIPA\"]},{\"@type\":\"Person\",\"@id\":\"https:\/\/www.pressenza.com\/it\/#\/schema\/person\/469654e5f261458f78054b73ca6931aa\",\"name\":\"Extinction Rebellion\",\"description\":\"Extinction Rebellion (XR) \u00e8 un movimento internazionale \u201cdal basso\u201d, nonviolento, fondato in Inghilterra in risposta alla devastazione ambientale causata dalle attivit\u00e0 umane. La sua ragione d\u2019essere si basa sui risultati scientifici.\",\"sameAs\":[\"https:\/\/rebellion.earth\/\"],\"url\":\"https:\/\/www.pressenza.com\/it\/author\/extinction-rebellion\/\"}]}<\/script>\n<!-- \/ Yoast SEO plugin. -->","yoast_head_json":{"title":"Madrid, attivisti bloccano l'ingresso del Ministero degli Esteri","description":"Le porte del Ministero degli Esteri spagnolo sono state bloccate all'alba con catene e uno striscione con la scritta \"Chiuso per attivit\u00e0 criminali\" dal","robots":{"index":"index","follow":"follow","max-snippet":"max-snippet:-1","max-image-preview":"max-image-preview:large","max-video-preview":"max-video-preview:-1"},"canonical":"https:\/\/www.pressenza.com\/it\/2022\/06\/madrid-attivisti-bloccano-lingresso-del-ministero-degli-esteri\/","og_locale":"it_IT","og_type":"article","og_title":"Madrid, attivisti bloccano l'ingresso del Ministero degli Esteri","og_description":"Le porte del Ministero degli Esteri spagnolo sono state bloccate all'alba con catene e uno striscione con la scritta \"Chiuso per attivit\u00e0 criminali\" dal","og_url":"https:\/\/www.pressenza.com\/it\/2022\/06\/madrid-attivisti-bloccano-lingresso-del-ministero-degli-esteri\/","og_site_name":"Pressenza","article_publisher":"https:\/\/www.facebook.com\/PressenzaItalia","article_published_time":"2022-06-30T08:01:08+00:00","og_image":[{"width":1024,"height":683,"url":"https:\/\/www.pressenza.com\/wp-content\/uploads\/2022\/06\/extinction-rebelion.jpg","type":"image\/jpeg"}],"author":"Extinction Rebellion","twitter_card":"summary_large_image","twitter_creator":"@PressenzaIPA","twitter_site":"@PressenzaIPA","twitter_misc":{"Scritto da":"Extinction Rebellion","Tempo di lettura stimato":"2 minuti"},"schema":{"@context":"https:\/\/schema.org","@graph":[{"@type":"Article","@id":"https:\/\/www.pressenza.com\/it\/2022\/06\/madrid-attivisti-bloccano-lingresso-del-ministero-degli-esteri\/#article","isPartOf":{"@id":"https:\/\/www.pressenza.com\/it\/2022\/06\/madrid-attivisti-bloccano-lingresso-del-ministero-degli-esteri\/"},"author":{"name":"Extinction Rebellion","@id":"https:\/\/www.pressenza.com\/it\/#\/schema\/person\/469654e5f261458f78054b73ca6931aa"},"headline":"Madrid, attivisti bloccano l&#8217;ingresso del Ministero degli Esteri","datePublished":"2022-06-30T08:01:08+00:00","mainEntityOfPage":{"@id":"https:\/\/www.pressenza.com\/it\/2022\/06\/madrid-attivisti-bloccano-lingresso-del-ministero-degli-esteri\/"},"wordCount":288,"publisher":{"@id":"https:\/\/www.pressenza.com\/it\/#organization"},"image":{"@id":"https:\/\/www.pressenza.com\/it\/2022\/06\/madrid-attivisti-bloccano-lingresso-del-ministero-degli-esteri\/#primaryimage"},"thumbnailUrl":"https:\/\/www.pressenza.com\/wp-content\/uploads\/2022\/06\/extinction-rebelion.jpg","keywords":["aumento delle spese militari","crisi climatica","debito","migrazioni","NATO","Spagna"],"articleSection":["Comunicati Stampa","Diritti Umani","Ecologia ed Ambiente"],"inLanguage":"it-IT"},{"@type":"WebPage","@id":"https:\/\/www.pressenza.com\/it\/2022\/06\/madrid-attivisti-bloccano-lingresso-del-ministero-degli-esteri\/","url":"https:\/\/www.pressenza.com\/it\/2022\/06\/madrid-attivisti-bloccano-lingresso-del-ministero-degli-esteri\/","name":"Madrid, attivisti bloccano l'ingresso del Ministero degli Esteri","isPartOf":{"@id":"https:\/\/www.pressenza.com\/it\/#website"},"primaryImageOfPage":{"@id":"https:\/\/www.pressenza.com\/it\/2022\/06\/madrid-attivisti-bloccano-lingresso-del-ministero-degli-esteri\/#primaryimage"},"image":{"@id":"https:\/\/www.pressenza.com\/it\/2022\/06\/madrid-attivisti-bloccano-lingresso-del-ministero-degli-esteri\/#primaryimage"},"thumbnailUrl":"https:\/\/www.pressenza.com\/wp-content\/uploads\/2022\/06\/extinction-rebelion.jpg","datePublished":"2022-06-30T08:01:08+00:00","description":"Le porte del Ministero degli Esteri spagnolo sono state bloccate all'alba con catene e uno striscione con la scritta \"Chiuso per attivit\u00e0 criminali\" dal","breadcrumb":{"@id":"https:\/\/www.pressenza.com\/it\/2022\/06\/madrid-attivisti-bloccano-lingresso-del-ministero-degli-esteri\/#breadcrumb"},"inLanguage":"it-IT","potentialAction":[{"@type":"ReadAction","target":["https:\/\/www.pressenza.com\/it\/2022\/06\/madrid-attivisti-bloccano-lingresso-del-ministero-degli-esteri\/"]}]},{"@type":"ImageObject","inLanguage":"it-IT","@id":"https:\/\/www.pressenza.com\/it\/2022\/06\/madrid-attivisti-bloccano-lingresso-del-ministero-degli-esteri\/#primaryimage","url":"https:\/\/www.pressenza.com\/wp-content\/uploads\/2022\/06\/extinction-rebelion.jpg","contentUrl":"https:\/\/www.pressenza.com\/wp-content\/uploads\/2022\/06\/extinction-rebelion.jpg","width":1024,"height":683},{"@type":"BreadcrumbList","@id":"https:\/\/www.pressenza.com\/it\/2022\/06\/madrid-attivisti-bloccano-lingresso-del-ministero-degli-esteri\/#breadcrumb","itemListElement":[{"@type":"ListItem","position":1,"name":"Accueil","item":"https:\/\/www.pressenza.com\/it\/"},{"@type":"ListItem","position":2,"name":"Madrid, attivisti bloccano l&#8217;ingresso del Ministero degli Esteri"}]},{"@type":"WebSite","@id":"https:\/\/www.pressenza.com\/it\/#website","url":"https:\/\/www.pressenza.com\/it\/","name":"Pressenza","description":"Agenzia di Stampa Internazionale","publisher":{"@id":"https:\/\/www.pressenza.com\/it\/#organization"},"potentialAction":[{"@type":"SearchAction","target":{"@type":"EntryPoint","urlTemplate":"https:\/\/www.pressenza.com\/it\/?s={search_term_string}"},"query-input":{"@type":"PropertyValueSpecification","valueRequired":true,"valueName":"search_term_string"}}],"inLanguage":"it-IT"},{"@type":"Organization","@id":"https:\/\/www.pressenza.com\/it\/#organization","name":"Pressenza","url":"https:\/\/www.pressenza.com\/it\/","logo":{"@type":"ImageObject","inLanguage":"it-IT","@id":"https:\/\/www.pressenza.com\/it\/#\/schema\/logo\/image\/","url":"https:\/\/www.pressenza.com\/wp-content\/uploads\/2022\/10\/pressenza_logo_200x200.jpg","contentUrl":"https:\/\/www.pressenza.com\/wp-content\/uploads\/2022\/10\/pressenza_logo_200x200.jpg","width":200,"height":200,"caption":"Pressenza"},"image":{"@id":"https:\/\/www.pressenza.com\/it\/#\/schema\/logo\/image\/"},"sameAs":["https:\/\/www.facebook.com\/PressenzaItalia","https:\/\/x.com\/PressenzaIPA"]},{"@type":"Person","@id":"https:\/\/www.pressenza.com\/it\/#\/schema\/person\/469654e5f261458f78054b73ca6931aa","name":"Extinction Rebellion","description":"Extinction Rebellion (XR) \u00e8 un movimento internazionale \u201cdal basso\u201d, nonviolento, fondato in Inghilterra in risposta alla devastazione ambientale causata dalle attivit\u00e0 umane. La sua ragione d\u2019essere si basa sui risultati scientifici.","sameAs":["https:\/\/rebellion.earth\/"],"url":"https:\/\/www.pressenza.com\/it\/author\/extinction-rebellion\/"}]}},"place":"","original_article_url":"","_links":{"self":[{"href":"https:\/\/www.pressenza.com\/it\/wp-json\/wp\/v2\/posts\/1617079","targetHints":{"allow":["GET"]}}],"collection":[{"href":"https:\/\/www.pressenza.com\/it\/wp-json\/wp\/v2\/posts"}],"about":[{"href":"https:\/\/www.pressenza.com\/it\/wp-json\/wp\/v2\/types\/post"}],"author":[{"embeddable":true,"href":"https:\/\/www.pressenza.com\/it\/wp-json\/wp\/v2\/users\/1696"}],"replies":[{"embeddable":true,"href":"https:\/\/www.pressenza.com\/it\/wp-json\/wp\/v2\/comments?post=1617079"}],"version-history":[{"count":0,"href":"https:\/\/www.pressenza.com\/it\/wp-json\/wp\/v2\/posts\/1617079\/revisions"}],"wp:featuredmedia":[{"embeddable":true,"href":"https:\/\/www.pressenza.com\/it\/wp-json\/wp\/v2\/media\/1616752"}],"wp:attachment":[{"href":"https:\/\/www.pressenza.com\/it\/wp-json\/wp\/v2\/media?parent=1617079"}],"wp:term":[{"taxonomy":"category","embeddable":true,"href":"https:\/\/www.pressenza.com\/it\/wp-json\/wp\/v2\/categories?post=1617079"},{"taxonomy":"post_tag","embeddable":true,"href":"https:\/\/www.pressenza.com\/it\/wp-json\/wp\/v2\/tags?post=1617079"}],"curies":[{"name":"wp","href":"https:\/\/api.w.org\/{rel}","templated":true}]}}