{"id":161070,"date":"2015-02-09T15:22:03","date_gmt":"2015-02-09T15:22:03","guid":{"rendered":"http:\/\/www.pressenza.com\/?p=161070"},"modified":"2015-02-09T15:22:03","modified_gmt":"2015-02-09T15:22:03","slug":"coordinamento-acqua-pubblica-no-alle-privatizzazioni","status":"publish","type":"post","link":"https:\/\/www.pressenza.com\/it\/2015\/02\/coordinamento-acqua-pubblica-no-alle-privatizzazioni\/","title":{"rendered":"Coordinamento Acqua Pubblica: no alle privatizzazioni"},"content":{"rendered":"<p lang=\"it-IT\" align=\"CENTER\"><span style=\"color: #000000; font-size: large;\"><b>Si scrive razionalizzazione, si legge privatizzazione<\/b><\/span><\/p>\n<p lang=\"it-IT\" align=\"CENTER\"><span style=\"color: #000000; font-size: large;\"><b>Fermiamo la vendita dei servizi pubblici, dall&#8217;acqua alle farmacie.<\/b><\/span><\/p>\n<p lang=\"it-IT\" align=\"JUSTIFY\">\n<p lang=\"it-IT\" align=\"JUSTIFY\"><span style=\"font-size: medium;\">La Giunta Marino, come il Governo Renzi, prova a mascherare il rilancio delle privatizzazioni con fantomatici processi di razionalizzazione delle aziende partecipate. La delibera inserita all&#8217;interno del bilancio 2015 con cui s&#8217;intende mettere sul mercato alcuni dei gioielli della capitale non a caso porta un titolo che tenta di confondere le acque, ovvero &#8220;<i>Indirizzi per la razionalizzazione delle partecipazioni di Roma Capitale &#8230;<\/i>&#8220;.<\/span><\/p>\n<p lang=\"it-IT\" align=\"JUSTIFY\"><span style=\"font-size: medium;\">In realt\u00e0 si delinea un disegno complessivo di dismissioni, liquidazioni, scioglimenti e cessioni di quote detenute dal Comune. Un progetto che ha poco di razionale visto che si avvale di un unico strumento quello della delega al mercato rispetto alla gestione di servizi pubblici essenziali.<\/span><\/p>\n<p lang=\"it-IT\" align=\"JUSTIFY\"><span style=\"font-size: medium;\">Un progetto che \u00e8\u00a0figlio solo dei vincoli imposti dal patto di stabilit\u00e0 interno, dalla spending review e pi\u00f9 in generale dalle politiche di austerit\u00e0. Un progetto che punta a mettere sul <span style=\"color: #000000;\">mercato la citt\u00e0 stessa, dagli edifici ai servizi pubblici, compresi quelli essenziali come l&#8217;acqua e le farmacie comunali.<\/span><\/span><\/p>\n<p lang=\"it-IT\" align=\"JUSTIFY\"><span style=\"color: #000000; font-size: medium;\">Infatti si prevede la definitiva privatizzazione di Acea Ato 2 S.p.A., quindi della gestione dell&#8217;acqua a Roma, attraverso la cessione ad Acea holding delle quote (3,5%) detenute da Roma Capitale. Passaggio propedeutico e necessario alla pi\u00f9 ampia operazione di fusione di tutte le aziende partecipate dalla stessa Acea che gestiscono il servizio idrico nel centro Italia. Una linea politica opposta non solo ai risultati referendari del 2011, ma anche a quanto proposta attraverso la delibera di iniziativa popolare per la ripubblicizzazione dell&#8217;acqua a Roma, che ha faticosamente avviato il proprio iter istituzionale,<\/span><\/p>\n<p lang=\"it-IT\" align=\"JUSTIFY\"><span style=\"font-size: medium;\">Si prevede anche la privatizzazione di Farmacap, l&#8217;azienda speciale che gestisce le farmacie comunali, attraverso la sua dismissione e trasformazione in societ\u00e0 per azioni. Un processo che, avendo nel mercato e nella profittabilit\u00e0 l&#8217;unico metro di valutazione, inevitabilmente porter\u00e0 a far s\u00ec che diversi quartieri della nostra citt\u00e0, soprattutto quelli periferici, non vedranno pi\u00f9 garantito una servizio essenziale come quello delle farmacie.<\/span><\/p>\n<p lang=\"it-IT\" align=\"JUSTIFY\"><span style=\"color: #000000; font-size: medium;\">Un danno gravissimo alla collettivit\u00e0 e un attacco feroce al diritto alla salute, che mette a rischio anche I lavoratori del settore.<\/span><\/p>\n<p lang=\"it-IT\" align=\"JUSTIFY\"><span style=\"color: #000000; font-size: medium;\">Come Coordinamento Romano Acqua Pubblica, pertanto, ci sentiamo di sostenere con forza la vertenza aperta dalle lavoratrici e dai lavoratori di Farmacap volta ad opporsi a tale progetto di privatizzazione. Saremo al loro fianco a partire dalla mobilitazione in programma il 10 febbraio al Campidoglio per portare il nostro contributo e costruire insieme un percorso comune di lotta. E&#8217; infatti possibile costruire un nuovo modello di citt\u00e0 che guardi al godimento dei beni comuni e del welfare locale, attraverso la riappropriazione sociale e la gestione partecipativa dei servizi pubblici e del patrimonio.<\/span><\/p>\n<p lang=\"it-IT\" align=\"JUSTIFY\"><span style=\"font-size: medium;\"><b>Un primo incontro per avviare un confronto in questa direzione \u00e8 fissato il 12 febbraio alle 17.30 al Rialto<\/b>.<\/span><\/p>\n<p lang=\"it-IT\" align=\"CENTER\"><b><span style=\"color: #000000;\">Coordinamento Romano Acqua Pubblica<\/span><\/b><\/p>\n<p>&nbsp;<\/p>\n","protected":false},"excerpt":{"rendered":"<p>Si scrive razionalizzazione, si legge privatizzazione Fermiamo la vendita dei servizi pubblici, dall&#8217;acqua alle farmacie. La Giunta Marino, come il Governo Renzi, prova a mascherare il rilancio delle privatizzazioni con fantomatici processi di razionalizzazione delle aziende partecipate. La delibera inserita&hellip;<\/p>\n","protected":false},"author":594,"featured_media":161071,"comment_status":"closed","ping_status":"open","sticky":false,"template":"","format":"standard","meta":{"footnotes":""},"categories":[150,62,47],"tags":[1644,4703,15950,15951,718],"class_list":["post-161070","post","type-post","status-publish","format-standard","has-post-thumbnail","hentry","category-comunicati-stampa","category-economia","category-europa","tag-acqua-pubblica","tag-beni-comuni","tag-farmacap","tag-farmacie-comunali","tag-privatizzazione"],"yoast_head":"<!-- This site is optimized with the Yoast SEO plugin v27.1.1 - https:\/\/yoast.com\/product\/yoast-seo-wordpress\/ -->\n<title>Coordinamento Acqua Pubblica: no alle privatizzazioni<\/title>\n<meta name=\"description\" content=\"Si scrive razionalizzazione, si legge privatizzazione Fermiamo la vendita dei servizi pubblici, dall&#039;acqua alle farmacie. La Giunta Marino, come il\" \/>\n<meta name=\"robots\" content=\"index, follow, max-snippet:-1, max-image-preview:large, max-video-preview:-1\" \/>\n<link rel=\"canonical\" href=\"https:\/\/www.pressenza.com\/it\/2015\/02\/coordinamento-acqua-pubblica-no-alle-privatizzazioni\/\" \/>\n<meta property=\"og:locale\" content=\"it_IT\" \/>\n<meta property=\"og:type\" content=\"article\" \/>\n<meta property=\"og:title\" content=\"Coordinamento Acqua Pubblica: no alle privatizzazioni\" \/>\n<meta property=\"og:description\" content=\"Si scrive razionalizzazione, si legge privatizzazione Fermiamo la vendita dei servizi pubblici, dall&#039;acqua alle farmacie. La Giunta Marino, come il\" \/>\n<meta property=\"og:url\" content=\"https:\/\/www.pressenza.com\/it\/2015\/02\/coordinamento-acqua-pubblica-no-alle-privatizzazioni\/\" \/>\n<meta property=\"og:site_name\" content=\"Pressenza\" \/>\n<meta property=\"article:publisher\" content=\"https:\/\/www.facebook.com\/PressenzaItalia\" \/>\n<meta property=\"article:author\" content=\"https:\/\/www.facebook.com\/PressenzaItalia\" \/>\n<meta property=\"article:published_time\" content=\"2015-02-09T15:22:03+00:00\" \/>\n<meta property=\"og:image\" content=\"https:\/\/www.pressenza.com\/wp-content\/uploads\/2015\/02\/image58-594x350-586x345.jpg\" \/>\n\t<meta property=\"og:image:width\" content=\"586\" \/>\n\t<meta property=\"og:image:height\" content=\"345\" \/>\n\t<meta property=\"og:image:type\" content=\"image\/jpeg\" \/>\n<meta name=\"author\" content=\"Redazione Italia\" \/>\n<meta name=\"twitter:card\" content=\"summary_large_image\" \/>\n<meta name=\"twitter:creator\" content=\"@pressenza_it\" \/>\n<meta name=\"twitter:site\" content=\"@PressenzaIPA\" \/>\n<meta name=\"twitter:label1\" content=\"Scritto da\" \/>\n\t<meta name=\"twitter:data1\" content=\"Redazione Italia\" \/>\n\t<meta name=\"twitter:label2\" content=\"Tempo di lettura stimato\" \/>\n\t<meta name=\"twitter:data2\" content=\"2 minuti\" \/>\n<script type=\"application\/ld+json\" class=\"yoast-schema-graph\">{\"@context\":\"https:\/\/schema.org\",\"@graph\":[{\"@type\":\"Article\",\"@id\":\"https:\/\/www.pressenza.com\/it\/2015\/02\/coordinamento-acqua-pubblica-no-alle-privatizzazioni\/#article\",\"isPartOf\":{\"@id\":\"https:\/\/www.pressenza.com\/it\/2015\/02\/coordinamento-acqua-pubblica-no-alle-privatizzazioni\/\"},\"author\":{\"name\":\"Redazione Italia\",\"@id\":\"https:\/\/www.pressenza.com\/it\/#\/schema\/person\/d983e81827ae24f2c7b1a2123d197f8d\"},\"headline\":\"Coordinamento Acqua Pubblica: no alle privatizzazioni\",\"datePublished\":\"2015-02-09T15:22:03+00:00\",\"mainEntityOfPage\":{\"@id\":\"https:\/\/www.pressenza.com\/it\/2015\/02\/coordinamento-acqua-pubblica-no-alle-privatizzazioni\/\"},\"wordCount\":471,\"publisher\":{\"@id\":\"https:\/\/www.pressenza.com\/it\/#organization\"},\"image\":{\"@id\":\"https:\/\/www.pressenza.com\/it\/2015\/02\/coordinamento-acqua-pubblica-no-alle-privatizzazioni\/#primaryimage\"},\"thumbnailUrl\":\"https:\/\/www.pressenza.com\/wp-content\/uploads\/2015\/02\/image58-594x350-586x345.jpg\",\"keywords\":[\"acqua pubblica\",\"beni comuni\",\"Farmacap\",\"farmacie comunali\",\"privatizzazione\"],\"articleSection\":[\"Comunicati Stampa\",\"Economia\",\"Europa\"],\"inLanguage\":\"it-IT\"},{\"@type\":\"WebPage\",\"@id\":\"https:\/\/www.pressenza.com\/it\/2015\/02\/coordinamento-acqua-pubblica-no-alle-privatizzazioni\/\",\"url\":\"https:\/\/www.pressenza.com\/it\/2015\/02\/coordinamento-acqua-pubblica-no-alle-privatizzazioni\/\",\"name\":\"Coordinamento Acqua Pubblica: no alle privatizzazioni\",\"isPartOf\":{\"@id\":\"https:\/\/www.pressenza.com\/it\/#website\"},\"primaryImageOfPage\":{\"@id\":\"https:\/\/www.pressenza.com\/it\/2015\/02\/coordinamento-acqua-pubblica-no-alle-privatizzazioni\/#primaryimage\"},\"image\":{\"@id\":\"https:\/\/www.pressenza.com\/it\/2015\/02\/coordinamento-acqua-pubblica-no-alle-privatizzazioni\/#primaryimage\"},\"thumbnailUrl\":\"https:\/\/www.pressenza.com\/wp-content\/uploads\/2015\/02\/image58-594x350-586x345.jpg\",\"datePublished\":\"2015-02-09T15:22:03+00:00\",\"description\":\"Si scrive razionalizzazione, si legge privatizzazione Fermiamo la vendita dei servizi pubblici, dall'acqua alle farmacie. La Giunta Marino, come il\",\"breadcrumb\":{\"@id\":\"https:\/\/www.pressenza.com\/it\/2015\/02\/coordinamento-acqua-pubblica-no-alle-privatizzazioni\/#breadcrumb\"},\"inLanguage\":\"it-IT\",\"potentialAction\":[{\"@type\":\"ReadAction\",\"target\":[\"https:\/\/www.pressenza.com\/it\/2015\/02\/coordinamento-acqua-pubblica-no-alle-privatizzazioni\/\"]}]},{\"@type\":\"ImageObject\",\"inLanguage\":\"it-IT\",\"@id\":\"https:\/\/www.pressenza.com\/it\/2015\/02\/coordinamento-acqua-pubblica-no-alle-privatizzazioni\/#primaryimage\",\"url\":\"https:\/\/www.pressenza.com\/wp-content\/uploads\/2015\/02\/image58-594x350-586x345.jpg\",\"contentUrl\":\"https:\/\/www.pressenza.com\/wp-content\/uploads\/2015\/02\/image58-594x350-586x345.jpg\",\"width\":586,\"height\":345},{\"@type\":\"BreadcrumbList\",\"@id\":\"https:\/\/www.pressenza.com\/it\/2015\/02\/coordinamento-acqua-pubblica-no-alle-privatizzazioni\/#breadcrumb\",\"itemListElement\":[{\"@type\":\"ListItem\",\"position\":1,\"name\":\"Accueil\",\"item\":\"https:\/\/www.pressenza.com\/it\/\"},{\"@type\":\"ListItem\",\"position\":2,\"name\":\"Coordinamento Acqua Pubblica: no alle privatizzazioni\"}]},{\"@type\":\"WebSite\",\"@id\":\"https:\/\/www.pressenza.com\/it\/#website\",\"url\":\"https:\/\/www.pressenza.com\/it\/\",\"name\":\"Pressenza\",\"description\":\"Agenzia di Stampa Internazionale\",\"publisher\":{\"@id\":\"https:\/\/www.pressenza.com\/it\/#organization\"},\"potentialAction\":[{\"@type\":\"SearchAction\",\"target\":{\"@type\":\"EntryPoint\",\"urlTemplate\":\"https:\/\/www.pressenza.com\/it\/?s={search_term_string}\"},\"query-input\":{\"@type\":\"PropertyValueSpecification\",\"valueRequired\":true,\"valueName\":\"search_term_string\"}}],\"inLanguage\":\"it-IT\"},{\"@type\":\"Organization\",\"@id\":\"https:\/\/www.pressenza.com\/it\/#organization\",\"name\":\"Pressenza\",\"url\":\"https:\/\/www.pressenza.com\/it\/\",\"logo\":{\"@type\":\"ImageObject\",\"inLanguage\":\"it-IT\",\"@id\":\"https:\/\/www.pressenza.com\/it\/#\/schema\/logo\/image\/\",\"url\":\"https:\/\/www.pressenza.com\/wp-content\/uploads\/2022\/10\/pressenza_logo_200x200.jpg\",\"contentUrl\":\"https:\/\/www.pressenza.com\/wp-content\/uploads\/2022\/10\/pressenza_logo_200x200.jpg\",\"width\":200,\"height\":200,\"caption\":\"Pressenza\"},\"image\":{\"@id\":\"https:\/\/www.pressenza.com\/it\/#\/schema\/logo\/image\/\"},\"sameAs\":[\"https:\/\/www.facebook.com\/PressenzaItalia\",\"https:\/\/x.com\/PressenzaIPA\"]},{\"@type\":\"Person\",\"@id\":\"https:\/\/www.pressenza.com\/it\/#\/schema\/person\/d983e81827ae24f2c7b1a2123d197f8d\",\"name\":\"Redazione Italia\",\"description\":\"News from the Pressenza Bureau in Italy\",\"sameAs\":[\"https:\/\/www.pressenza.com\/it\/author\/redazione-italia\/\",\"https:\/\/www.facebook.com\/PressenzaItalia\",\"https:\/\/www.instagram.com\/pressenza_italia\/\",\"https:\/\/x.com\/pressenza_it\",\"https:\/\/www.youtube.com\/channel\/UCSalEIWjE1RSxkwjfftFuqg\"],\"url\":\"https:\/\/www.pressenza.com\/it\/author\/redazione-italia\/\"}]}<\/script>\n<!-- \/ Yoast SEO plugin. -->","yoast_head_json":{"title":"Coordinamento Acqua Pubblica: no alle privatizzazioni","description":"Si scrive razionalizzazione, si legge privatizzazione Fermiamo la vendita dei servizi pubblici, dall'acqua alle farmacie. La Giunta Marino, come il","robots":{"index":"index","follow":"follow","max-snippet":"max-snippet:-1","max-image-preview":"max-image-preview:large","max-video-preview":"max-video-preview:-1"},"canonical":"https:\/\/www.pressenza.com\/it\/2015\/02\/coordinamento-acqua-pubblica-no-alle-privatizzazioni\/","og_locale":"it_IT","og_type":"article","og_title":"Coordinamento Acqua Pubblica: no alle privatizzazioni","og_description":"Si scrive razionalizzazione, si legge privatizzazione Fermiamo la vendita dei servizi pubblici, dall'acqua alle farmacie. La Giunta Marino, come il","og_url":"https:\/\/www.pressenza.com\/it\/2015\/02\/coordinamento-acqua-pubblica-no-alle-privatizzazioni\/","og_site_name":"Pressenza","article_publisher":"https:\/\/www.facebook.com\/PressenzaItalia","article_author":"https:\/\/www.facebook.com\/PressenzaItalia","article_published_time":"2015-02-09T15:22:03+00:00","og_image":[{"width":586,"height":345,"url":"https:\/\/www.pressenza.com\/wp-content\/uploads\/2015\/02\/image58-594x350-586x345.jpg","type":"image\/jpeg"}],"author":"Redazione Italia","twitter_card":"summary_large_image","twitter_creator":"@pressenza_it","twitter_site":"@PressenzaIPA","twitter_misc":{"Scritto da":"Redazione Italia","Tempo di lettura stimato":"2 minuti"},"schema":{"@context":"https:\/\/schema.org","@graph":[{"@type":"Article","@id":"https:\/\/www.pressenza.com\/it\/2015\/02\/coordinamento-acqua-pubblica-no-alle-privatizzazioni\/#article","isPartOf":{"@id":"https:\/\/www.pressenza.com\/it\/2015\/02\/coordinamento-acqua-pubblica-no-alle-privatizzazioni\/"},"author":{"name":"Redazione Italia","@id":"https:\/\/www.pressenza.com\/it\/#\/schema\/person\/d983e81827ae24f2c7b1a2123d197f8d"},"headline":"Coordinamento Acqua Pubblica: no alle privatizzazioni","datePublished":"2015-02-09T15:22:03+00:00","mainEntityOfPage":{"@id":"https:\/\/www.pressenza.com\/it\/2015\/02\/coordinamento-acqua-pubblica-no-alle-privatizzazioni\/"},"wordCount":471,"publisher":{"@id":"https:\/\/www.pressenza.com\/it\/#organization"},"image":{"@id":"https:\/\/www.pressenza.com\/it\/2015\/02\/coordinamento-acqua-pubblica-no-alle-privatizzazioni\/#primaryimage"},"thumbnailUrl":"https:\/\/www.pressenza.com\/wp-content\/uploads\/2015\/02\/image58-594x350-586x345.jpg","keywords":["acqua pubblica","beni comuni","Farmacap","farmacie comunali","privatizzazione"],"articleSection":["Comunicati Stampa","Economia","Europa"],"inLanguage":"it-IT"},{"@type":"WebPage","@id":"https:\/\/www.pressenza.com\/it\/2015\/02\/coordinamento-acqua-pubblica-no-alle-privatizzazioni\/","url":"https:\/\/www.pressenza.com\/it\/2015\/02\/coordinamento-acqua-pubblica-no-alle-privatizzazioni\/","name":"Coordinamento Acqua Pubblica: no alle privatizzazioni","isPartOf":{"@id":"https:\/\/www.pressenza.com\/it\/#website"},"primaryImageOfPage":{"@id":"https:\/\/www.pressenza.com\/it\/2015\/02\/coordinamento-acqua-pubblica-no-alle-privatizzazioni\/#primaryimage"},"image":{"@id":"https:\/\/www.pressenza.com\/it\/2015\/02\/coordinamento-acqua-pubblica-no-alle-privatizzazioni\/#primaryimage"},"thumbnailUrl":"https:\/\/www.pressenza.com\/wp-content\/uploads\/2015\/02\/image58-594x350-586x345.jpg","datePublished":"2015-02-09T15:22:03+00:00","description":"Si scrive razionalizzazione, si legge privatizzazione Fermiamo la vendita dei servizi pubblici, dall'acqua alle farmacie. La Giunta Marino, come il","breadcrumb":{"@id":"https:\/\/www.pressenza.com\/it\/2015\/02\/coordinamento-acqua-pubblica-no-alle-privatizzazioni\/#breadcrumb"},"inLanguage":"it-IT","potentialAction":[{"@type":"ReadAction","target":["https:\/\/www.pressenza.com\/it\/2015\/02\/coordinamento-acqua-pubblica-no-alle-privatizzazioni\/"]}]},{"@type":"ImageObject","inLanguage":"it-IT","@id":"https:\/\/www.pressenza.com\/it\/2015\/02\/coordinamento-acqua-pubblica-no-alle-privatizzazioni\/#primaryimage","url":"https:\/\/www.pressenza.com\/wp-content\/uploads\/2015\/02\/image58-594x350-586x345.jpg","contentUrl":"https:\/\/www.pressenza.com\/wp-content\/uploads\/2015\/02\/image58-594x350-586x345.jpg","width":586,"height":345},{"@type":"BreadcrumbList","@id":"https:\/\/www.pressenza.com\/it\/2015\/02\/coordinamento-acqua-pubblica-no-alle-privatizzazioni\/#breadcrumb","itemListElement":[{"@type":"ListItem","position":1,"name":"Accueil","item":"https:\/\/www.pressenza.com\/it\/"},{"@type":"ListItem","position":2,"name":"Coordinamento Acqua Pubblica: no alle privatizzazioni"}]},{"@type":"WebSite","@id":"https:\/\/www.pressenza.com\/it\/#website","url":"https:\/\/www.pressenza.com\/it\/","name":"Pressenza","description":"Agenzia di Stampa Internazionale","publisher":{"@id":"https:\/\/www.pressenza.com\/it\/#organization"},"potentialAction":[{"@type":"SearchAction","target":{"@type":"EntryPoint","urlTemplate":"https:\/\/www.pressenza.com\/it\/?s={search_term_string}"},"query-input":{"@type":"PropertyValueSpecification","valueRequired":true,"valueName":"search_term_string"}}],"inLanguage":"it-IT"},{"@type":"Organization","@id":"https:\/\/www.pressenza.com\/it\/#organization","name":"Pressenza","url":"https:\/\/www.pressenza.com\/it\/","logo":{"@type":"ImageObject","inLanguage":"it-IT","@id":"https:\/\/www.pressenza.com\/it\/#\/schema\/logo\/image\/","url":"https:\/\/www.pressenza.com\/wp-content\/uploads\/2022\/10\/pressenza_logo_200x200.jpg","contentUrl":"https:\/\/www.pressenza.com\/wp-content\/uploads\/2022\/10\/pressenza_logo_200x200.jpg","width":200,"height":200,"caption":"Pressenza"},"image":{"@id":"https:\/\/www.pressenza.com\/it\/#\/schema\/logo\/image\/"},"sameAs":["https:\/\/www.facebook.com\/PressenzaItalia","https:\/\/x.com\/PressenzaIPA"]},{"@type":"Person","@id":"https:\/\/www.pressenza.com\/it\/#\/schema\/person\/d983e81827ae24f2c7b1a2123d197f8d","name":"Redazione Italia","description":"News from the Pressenza Bureau in Italy","sameAs":["https:\/\/www.pressenza.com\/it\/author\/redazione-italia\/","https:\/\/www.facebook.com\/PressenzaItalia","https:\/\/www.instagram.com\/pressenza_italia\/","https:\/\/x.com\/pressenza_it","https:\/\/www.youtube.com\/channel\/UCSalEIWjE1RSxkwjfftFuqg"],"url":"https:\/\/www.pressenza.com\/it\/author\/redazione-italia\/"}]}},"place":"","original_article_url":"","_links":{"self":[{"href":"https:\/\/www.pressenza.com\/it\/wp-json\/wp\/v2\/posts\/161070","targetHints":{"allow":["GET"]}}],"collection":[{"href":"https:\/\/www.pressenza.com\/it\/wp-json\/wp\/v2\/posts"}],"about":[{"href":"https:\/\/www.pressenza.com\/it\/wp-json\/wp\/v2\/types\/post"}],"author":[{"embeddable":true,"href":"https:\/\/www.pressenza.com\/it\/wp-json\/wp\/v2\/users\/594"}],"replies":[{"embeddable":true,"href":"https:\/\/www.pressenza.com\/it\/wp-json\/wp\/v2\/comments?post=161070"}],"version-history":[{"count":0,"href":"https:\/\/www.pressenza.com\/it\/wp-json\/wp\/v2\/posts\/161070\/revisions"}],"wp:featuredmedia":[{"embeddable":true,"href":"https:\/\/www.pressenza.com\/it\/wp-json\/wp\/v2\/media\/161071"}],"wp:attachment":[{"href":"https:\/\/www.pressenza.com\/it\/wp-json\/wp\/v2\/media?parent=161070"}],"wp:term":[{"taxonomy":"category","embeddable":true,"href":"https:\/\/www.pressenza.com\/it\/wp-json\/wp\/v2\/categories?post=161070"},{"taxonomy":"post_tag","embeddable":true,"href":"https:\/\/www.pressenza.com\/it\/wp-json\/wp\/v2\/tags?post=161070"}],"curies":[{"name":"wp","href":"https:\/\/api.w.org\/{rel}","templated":true}]}}