{"id":1608029,"date":"2022-06-20T15:09:18","date_gmt":"2022-06-20T14:09:18","guid":{"rendered":"https:\/\/www.pressenza.com\/?p=1608029"},"modified":"2022-06-20T15:14:15","modified_gmt":"2022-06-20T14:14:15","slug":"una-regola-molto-strana","status":"publish","type":"post","link":"https:\/\/www.pressenza.com\/it\/2022\/06\/una-regola-molto-strana\/","title":{"rendered":"Una regola molto strana"},"content":{"rendered":"<p>Sono un tipo eccentrico e mi piacciono le cose bizzarre.<\/p>\n<p>Il mondo \u00e8 pieno di cose bizzarre, per fortuna, e le amo quasi tutte.<\/p>\n<p>Ma ce n&#8217;\u00e8 una che mi piace particolarmente.<\/p>\n<p>\u00c8 una regola molto strana, la pi\u00f9 strana di tutte.<\/p>\n<p>Ora fate attenzione, perch\u00e9 l&#8217;esatta applicazione di questa strana regola \u00e8 una faccenda che mette tanta gente in difficolt\u00e0.<\/p>\n<p>Per spiegare il suo funzionamento, faccio un esempio.<\/p>\n<p>Sto passeggiando e vedo un albero.<\/p>\n<p>Proprio cos\u00ec, un albero.<\/p>\n<p>Ebbene, sapete come lo chiamo?<\/p>\n<p>Riuscite a immaginarlo?<\/p>\n<p>Lo chiamo &#8220;albero&#8221;.<\/p>\n<p>Spiazzante, eh?<\/p>\n<p>Non triceratopo, giraffa, esponente del centrodestra moderato, teorema di Pitagora o termovalorizzatore.<\/p>\n<p>Lo chiamo proprio &#8220;albero&#8221;.<\/p>\n<p>Questa strana regola \u00e8 stata applicata dai giornalisti spagnoli che hanno definito Giorgia Meloni &#8220;fascista&#8221;.<\/p>\n<p>P.S. Precisazione importantissima.<br \/>\nChi ha chiamato un noto fogliaccio &#8220;Il Giornale&#8221; non ha applicato la regola che ho descritto.<\/p>\n","protected":false},"excerpt":{"rendered":"<p>Sono un tipo eccentrico e mi piacciono le cose bizzarre. Il mondo \u00e8 pieno di cose bizzarre, per fortuna, e le amo quasi tutte. Ma ce n&#8217;\u00e8 una che mi piace particolarmente. \u00c8 una regola molto strana, la pi\u00f9 strana&hellip;<\/p>\n","protected":false},"author":2084,"featured_media":1608040,"comment_status":"closed","ping_status":"closed","sticky":false,"template":"","format":"standard","meta":{"footnotes":""},"categories":[47,55],"tags":[6749,102955,43829,102954,57089],"class_list":["post-1608029","post","type-post","status-publish","format-standard","has-post-thumbnail","hentry","category-europa","category-politica","tag-andalusia","tag-comizio","tag-giorgia-meloni","tag-giornalisti-spagnoli","tag-vox-it"],"yoast_head":"<!-- This site is optimized with the Yoast SEO plugin v27.1.1 - https:\/\/yoast.com\/product\/yoast-seo-wordpress\/ -->\n<title>Una regola molto strana<\/title>\n<meta name=\"description\" content=\"Sono un tipo eccentrico e mi piacciono le cose bizzarre. Il mondo \u00e8 pieno di cose bizzarre, per fortuna, e le amo quasi tutte. Ma ce n&#039;\u00e8 una che mi piace\" \/>\n<meta name=\"robots\" content=\"index, follow, max-snippet:-1, max-image-preview:large, max-video-preview:-1\" \/>\n<link rel=\"canonical\" href=\"https:\/\/www.pressenza.com\/it\/2022\/06\/una-regola-molto-strana\/\" \/>\n<meta property=\"og:locale\" content=\"it_IT\" \/>\n<meta property=\"og:type\" content=\"article\" \/>\n<meta property=\"og:title\" content=\"Una regola molto strana\" \/>\n<meta property=\"og:description\" content=\"Sono un tipo eccentrico e mi piacciono le cose bizzarre. Il mondo \u00e8 pieno di cose bizzarre, per fortuna, e le amo quasi tutte. Ma ce n&#039;\u00e8 una che mi piace\" \/>\n<meta property=\"og:url\" content=\"https:\/\/www.pressenza.com\/it\/2022\/06\/una-regola-molto-strana\/\" \/>\n<meta property=\"og:site_name\" content=\"Pressenza\" \/>\n<meta property=\"article:publisher\" content=\"https:\/\/www.facebook.com\/PressenzaItalia\" \/>\n<meta property=\"article:author\" content=\"https:\/\/www.facebook.com\/IdeePerScrittori\" \/>\n<meta property=\"article:published_time\" content=\"2022-06-20T14:09:18+00:00\" \/>\n<meta property=\"article:modified_time\" content=\"2022-06-20T14:14:15+00:00\" \/>\n<meta property=\"og:image\" content=\"https:\/\/www.pressenza.com\/wp-content\/uploads\/2022\/06\/meloni.png\" \/>\n\t<meta property=\"og:image:width\" content=\"615\" \/>\n\t<meta property=\"og:image:height\" content=\"466\" \/>\n\t<meta property=\"og:image:type\" content=\"image\/png\" \/>\n<meta name=\"author\" content=\"L&#039;Ideota\" \/>\n<meta name=\"twitter:card\" content=\"summary_large_image\" \/>\n<meta name=\"twitter:creator\" content=\"@PressenzaIPA\" \/>\n<meta name=\"twitter:site\" content=\"@PressenzaIPA\" \/>\n<meta name=\"twitter:label1\" content=\"Scritto da\" \/>\n\t<meta name=\"twitter:data1\" content=\"L&#039;Ideota\" \/>\n\t<meta name=\"twitter:label2\" content=\"Tempo di lettura stimato\" \/>\n\t<meta name=\"twitter:data2\" content=\"1 minuto\" \/>\n<script type=\"application\/ld+json\" class=\"yoast-schema-graph\">{\"@context\":\"https:\/\/schema.org\",\"@graph\":[{\"@type\":\"Article\",\"@id\":\"https:\/\/www.pressenza.com\/it\/2022\/06\/una-regola-molto-strana\/#article\",\"isPartOf\":{\"@id\":\"https:\/\/www.pressenza.com\/it\/2022\/06\/una-regola-molto-strana\/\"},\"author\":{\"name\":\"L'Ideota\",\"@id\":\"https:\/\/www.pressenza.com\/it\/#\/schema\/person\/0a16b1f248e4d65d03cb538ec5951659\"},\"headline\":\"Una regola molto strana\",\"datePublished\":\"2022-06-20T14:09:18+00:00\",\"dateModified\":\"2022-06-20T14:14:15+00:00\",\"mainEntityOfPage\":{\"@id\":\"https:\/\/www.pressenza.com\/it\/2022\/06\/una-regola-molto-strana\/\"},\"wordCount\":144,\"publisher\":{\"@id\":\"https:\/\/www.pressenza.com\/it\/#organization\"},\"image\":{\"@id\":\"https:\/\/www.pressenza.com\/it\/2022\/06\/una-regola-molto-strana\/#primaryimage\"},\"thumbnailUrl\":\"https:\/\/www.pressenza.com\/wp-content\/uploads\/2022\/06\/meloni.png\",\"keywords\":[\"Andalusia\",\"comizio\",\"Giorgia Meloni\",\"giornalisti spagnoli\",\"Vox\"],\"articleSection\":[\"Europa\",\"Politica\"],\"inLanguage\":\"it-IT\"},{\"@type\":\"WebPage\",\"@id\":\"https:\/\/www.pressenza.com\/it\/2022\/06\/una-regola-molto-strana\/\",\"url\":\"https:\/\/www.pressenza.com\/it\/2022\/06\/una-regola-molto-strana\/\",\"name\":\"Una regola molto strana\",\"isPartOf\":{\"@id\":\"https:\/\/www.pressenza.com\/it\/#website\"},\"primaryImageOfPage\":{\"@id\":\"https:\/\/www.pressenza.com\/it\/2022\/06\/una-regola-molto-strana\/#primaryimage\"},\"image\":{\"@id\":\"https:\/\/www.pressenza.com\/it\/2022\/06\/una-regola-molto-strana\/#primaryimage\"},\"thumbnailUrl\":\"https:\/\/www.pressenza.com\/wp-content\/uploads\/2022\/06\/meloni.png\",\"datePublished\":\"2022-06-20T14:09:18+00:00\",\"dateModified\":\"2022-06-20T14:14:15+00:00\",\"description\":\"Sono un tipo eccentrico e mi piacciono le cose bizzarre. Il mondo \u00e8 pieno di cose bizzarre, per fortuna, e le amo quasi tutte. Ma ce n'\u00e8 una che mi piace\",\"breadcrumb\":{\"@id\":\"https:\/\/www.pressenza.com\/it\/2022\/06\/una-regola-molto-strana\/#breadcrumb\"},\"inLanguage\":\"it-IT\",\"potentialAction\":[{\"@type\":\"ReadAction\",\"target\":[\"https:\/\/www.pressenza.com\/it\/2022\/06\/una-regola-molto-strana\/\"]}]},{\"@type\":\"ImageObject\",\"inLanguage\":\"it-IT\",\"@id\":\"https:\/\/www.pressenza.com\/it\/2022\/06\/una-regola-molto-strana\/#primaryimage\",\"url\":\"https:\/\/www.pressenza.com\/wp-content\/uploads\/2022\/06\/meloni.png\",\"contentUrl\":\"https:\/\/www.pressenza.com\/wp-content\/uploads\/2022\/06\/meloni.png\",\"width\":615,\"height\":466},{\"@type\":\"BreadcrumbList\",\"@id\":\"https:\/\/www.pressenza.com\/it\/2022\/06\/una-regola-molto-strana\/#breadcrumb\",\"itemListElement\":[{\"@type\":\"ListItem\",\"position\":1,\"name\":\"Accueil\",\"item\":\"https:\/\/www.pressenza.com\/it\/\"},{\"@type\":\"ListItem\",\"position\":2,\"name\":\"Una regola molto strana\"}]},{\"@type\":\"WebSite\",\"@id\":\"https:\/\/www.pressenza.com\/it\/#website\",\"url\":\"https:\/\/www.pressenza.com\/it\/\",\"name\":\"Pressenza\",\"description\":\"Agenzia di Stampa Internazionale\",\"publisher\":{\"@id\":\"https:\/\/www.pressenza.com\/it\/#organization\"},\"potentialAction\":[{\"@type\":\"SearchAction\",\"target\":{\"@type\":\"EntryPoint\",\"urlTemplate\":\"https:\/\/www.pressenza.com\/it\/?s={search_term_string}\"},\"query-input\":{\"@type\":\"PropertyValueSpecification\",\"valueRequired\":true,\"valueName\":\"search_term_string\"}}],\"inLanguage\":\"it-IT\"},{\"@type\":\"Organization\",\"@id\":\"https:\/\/www.pressenza.com\/it\/#organization\",\"name\":\"Pressenza\",\"url\":\"https:\/\/www.pressenza.com\/it\/\",\"logo\":{\"@type\":\"ImageObject\",\"inLanguage\":\"it-IT\",\"@id\":\"https:\/\/www.pressenza.com\/it\/#\/schema\/logo\/image\/\",\"url\":\"https:\/\/www.pressenza.com\/wp-content\/uploads\/2022\/10\/pressenza_logo_200x200.jpg\",\"contentUrl\":\"https:\/\/www.pressenza.com\/wp-content\/uploads\/2022\/10\/pressenza_logo_200x200.jpg\",\"width\":200,\"height\":200,\"caption\":\"Pressenza\"},\"image\":{\"@id\":\"https:\/\/www.pressenza.com\/it\/#\/schema\/logo\/image\/\"},\"sameAs\":[\"https:\/\/www.facebook.com\/PressenzaItalia\",\"https:\/\/x.com\/PressenzaIPA\"]},{\"@type\":\"Person\",\"@id\":\"https:\/\/www.pressenza.com\/it\/#\/schema\/person\/0a16b1f248e4d65d03cb538ec5951659\",\"name\":\"L'Ideota\",\"description\":\"Classe 1973. Sono uno scrivente che ha fatto di tutto: articolista per giornali e riviste (Left per esempio), editor, ghost writer, autore di quarte di copertina per manuali universitari, compilatore di schede per saggi sull'arte e persino scrittore di racconti posizionati sulle etichette di bottiglie di vino. Da diversi anni sono volontario di Emergency. Antifascista da sempre, anarchico dal 2020. Odio i CPR e sogno l'abolizione del carcere. Nel mondo reale sono moderatamente noto come Danilo Zanelli, ma sul web sono L'Ideota, un autore satirico cupo, malinconico e malmostoso.\",\"sameAs\":[\"https:\/\/www.facebook.com\/IdeePerScrittori\"],\"url\":\"https:\/\/www.pressenza.com\/it\/author\/lideota\/\"}]}<\/script>\n<!-- \/ Yoast SEO plugin. -->","yoast_head_json":{"title":"Una regola molto strana","description":"Sono un tipo eccentrico e mi piacciono le cose bizzarre. Il mondo \u00e8 pieno di cose bizzarre, per fortuna, e le amo quasi tutte. Ma ce n'\u00e8 una che mi piace","robots":{"index":"index","follow":"follow","max-snippet":"max-snippet:-1","max-image-preview":"max-image-preview:large","max-video-preview":"max-video-preview:-1"},"canonical":"https:\/\/www.pressenza.com\/it\/2022\/06\/una-regola-molto-strana\/","og_locale":"it_IT","og_type":"article","og_title":"Una regola molto strana","og_description":"Sono un tipo eccentrico e mi piacciono le cose bizzarre. Il mondo \u00e8 pieno di cose bizzarre, per fortuna, e le amo quasi tutte. Ma ce n'\u00e8 una che mi piace","og_url":"https:\/\/www.pressenza.com\/it\/2022\/06\/una-regola-molto-strana\/","og_site_name":"Pressenza","article_publisher":"https:\/\/www.facebook.com\/PressenzaItalia","article_author":"https:\/\/www.facebook.com\/IdeePerScrittori","article_published_time":"2022-06-20T14:09:18+00:00","article_modified_time":"2022-06-20T14:14:15+00:00","og_image":[{"width":615,"height":466,"url":"https:\/\/www.pressenza.com\/wp-content\/uploads\/2022\/06\/meloni.png","type":"image\/png"}],"author":"L'Ideota","twitter_card":"summary_large_image","twitter_creator":"@PressenzaIPA","twitter_site":"@PressenzaIPA","twitter_misc":{"Scritto da":"L'Ideota","Tempo di lettura stimato":"1 minuto"},"schema":{"@context":"https:\/\/schema.org","@graph":[{"@type":"Article","@id":"https:\/\/www.pressenza.com\/it\/2022\/06\/una-regola-molto-strana\/#article","isPartOf":{"@id":"https:\/\/www.pressenza.com\/it\/2022\/06\/una-regola-molto-strana\/"},"author":{"name":"L'Ideota","@id":"https:\/\/www.pressenza.com\/it\/#\/schema\/person\/0a16b1f248e4d65d03cb538ec5951659"},"headline":"Una regola molto strana","datePublished":"2022-06-20T14:09:18+00:00","dateModified":"2022-06-20T14:14:15+00:00","mainEntityOfPage":{"@id":"https:\/\/www.pressenza.com\/it\/2022\/06\/una-regola-molto-strana\/"},"wordCount":144,"publisher":{"@id":"https:\/\/www.pressenza.com\/it\/#organization"},"image":{"@id":"https:\/\/www.pressenza.com\/it\/2022\/06\/una-regola-molto-strana\/#primaryimage"},"thumbnailUrl":"https:\/\/www.pressenza.com\/wp-content\/uploads\/2022\/06\/meloni.png","keywords":["Andalusia","comizio","Giorgia Meloni","giornalisti spagnoli","Vox"],"articleSection":["Europa","Politica"],"inLanguage":"it-IT"},{"@type":"WebPage","@id":"https:\/\/www.pressenza.com\/it\/2022\/06\/una-regola-molto-strana\/","url":"https:\/\/www.pressenza.com\/it\/2022\/06\/una-regola-molto-strana\/","name":"Una regola molto strana","isPartOf":{"@id":"https:\/\/www.pressenza.com\/it\/#website"},"primaryImageOfPage":{"@id":"https:\/\/www.pressenza.com\/it\/2022\/06\/una-regola-molto-strana\/#primaryimage"},"image":{"@id":"https:\/\/www.pressenza.com\/it\/2022\/06\/una-regola-molto-strana\/#primaryimage"},"thumbnailUrl":"https:\/\/www.pressenza.com\/wp-content\/uploads\/2022\/06\/meloni.png","datePublished":"2022-06-20T14:09:18+00:00","dateModified":"2022-06-20T14:14:15+00:00","description":"Sono un tipo eccentrico e mi piacciono le cose bizzarre. Il mondo \u00e8 pieno di cose bizzarre, per fortuna, e le amo quasi tutte. Ma ce n'\u00e8 una che mi piace","breadcrumb":{"@id":"https:\/\/www.pressenza.com\/it\/2022\/06\/una-regola-molto-strana\/#breadcrumb"},"inLanguage":"it-IT","potentialAction":[{"@type":"ReadAction","target":["https:\/\/www.pressenza.com\/it\/2022\/06\/una-regola-molto-strana\/"]}]},{"@type":"ImageObject","inLanguage":"it-IT","@id":"https:\/\/www.pressenza.com\/it\/2022\/06\/una-regola-molto-strana\/#primaryimage","url":"https:\/\/www.pressenza.com\/wp-content\/uploads\/2022\/06\/meloni.png","contentUrl":"https:\/\/www.pressenza.com\/wp-content\/uploads\/2022\/06\/meloni.png","width":615,"height":466},{"@type":"BreadcrumbList","@id":"https:\/\/www.pressenza.com\/it\/2022\/06\/una-regola-molto-strana\/#breadcrumb","itemListElement":[{"@type":"ListItem","position":1,"name":"Accueil","item":"https:\/\/www.pressenza.com\/it\/"},{"@type":"ListItem","position":2,"name":"Una regola molto strana"}]},{"@type":"WebSite","@id":"https:\/\/www.pressenza.com\/it\/#website","url":"https:\/\/www.pressenza.com\/it\/","name":"Pressenza","description":"Agenzia di Stampa Internazionale","publisher":{"@id":"https:\/\/www.pressenza.com\/it\/#organization"},"potentialAction":[{"@type":"SearchAction","target":{"@type":"EntryPoint","urlTemplate":"https:\/\/www.pressenza.com\/it\/?s={search_term_string}"},"query-input":{"@type":"PropertyValueSpecification","valueRequired":true,"valueName":"search_term_string"}}],"inLanguage":"it-IT"},{"@type":"Organization","@id":"https:\/\/www.pressenza.com\/it\/#organization","name":"Pressenza","url":"https:\/\/www.pressenza.com\/it\/","logo":{"@type":"ImageObject","inLanguage":"it-IT","@id":"https:\/\/www.pressenza.com\/it\/#\/schema\/logo\/image\/","url":"https:\/\/www.pressenza.com\/wp-content\/uploads\/2022\/10\/pressenza_logo_200x200.jpg","contentUrl":"https:\/\/www.pressenza.com\/wp-content\/uploads\/2022\/10\/pressenza_logo_200x200.jpg","width":200,"height":200,"caption":"Pressenza"},"image":{"@id":"https:\/\/www.pressenza.com\/it\/#\/schema\/logo\/image\/"},"sameAs":["https:\/\/www.facebook.com\/PressenzaItalia","https:\/\/x.com\/PressenzaIPA"]},{"@type":"Person","@id":"https:\/\/www.pressenza.com\/it\/#\/schema\/person\/0a16b1f248e4d65d03cb538ec5951659","name":"L'Ideota","description":"Classe 1973. Sono uno scrivente che ha fatto di tutto: articolista per giornali e riviste (Left per esempio), editor, ghost writer, autore di quarte di copertina per manuali universitari, compilatore di schede per saggi sull'arte e persino scrittore di racconti posizionati sulle etichette di bottiglie di vino. Da diversi anni sono volontario di Emergency. Antifascista da sempre, anarchico dal 2020. Odio i CPR e sogno l'abolizione del carcere. Nel mondo reale sono moderatamente noto come Danilo Zanelli, ma sul web sono L'Ideota, un autore satirico cupo, malinconico e malmostoso.","sameAs":["https:\/\/www.facebook.com\/IdeePerScrittori"],"url":"https:\/\/www.pressenza.com\/it\/author\/lideota\/"}]}},"place":"","original_article_url":"","_links":{"self":[{"href":"https:\/\/www.pressenza.com\/it\/wp-json\/wp\/v2\/posts\/1608029","targetHints":{"allow":["GET"]}}],"collection":[{"href":"https:\/\/www.pressenza.com\/it\/wp-json\/wp\/v2\/posts"}],"about":[{"href":"https:\/\/www.pressenza.com\/it\/wp-json\/wp\/v2\/types\/post"}],"author":[{"embeddable":true,"href":"https:\/\/www.pressenza.com\/it\/wp-json\/wp\/v2\/users\/2084"}],"replies":[{"embeddable":true,"href":"https:\/\/www.pressenza.com\/it\/wp-json\/wp\/v2\/comments?post=1608029"}],"version-history":[{"count":0,"href":"https:\/\/www.pressenza.com\/it\/wp-json\/wp\/v2\/posts\/1608029\/revisions"}],"wp:featuredmedia":[{"embeddable":true,"href":"https:\/\/www.pressenza.com\/it\/wp-json\/wp\/v2\/media\/1608040"}],"wp:attachment":[{"href":"https:\/\/www.pressenza.com\/it\/wp-json\/wp\/v2\/media?parent=1608029"}],"wp:term":[{"taxonomy":"category","embeddable":true,"href":"https:\/\/www.pressenza.com\/it\/wp-json\/wp\/v2\/categories?post=1608029"},{"taxonomy":"post_tag","embeddable":true,"href":"https:\/\/www.pressenza.com\/it\/wp-json\/wp\/v2\/tags?post=1608029"}],"curies":[{"name":"wp","href":"https:\/\/api.w.org\/{rel}","templated":true}]}}