{"id":1607805,"date":"2022-06-20T12:13:31","date_gmt":"2022-06-20T11:13:31","guid":{"rendered":"https:\/\/www.pressenza.com\/?p=1607805"},"modified":"2022-06-20T12:39:54","modified_gmt":"2022-06-20T11:39:54","slug":"domenica-20-giugno-2022-seconda-puntata-del-diario-da-vienna-a-cura-di-alfonso-navarra","status":"publish","type":"post","link":"https:\/\/www.pressenza.com\/it\/2022\/06\/domenica-20-giugno-2022-seconda-puntata-del-diario-da-vienna-a-cura-di-alfonso-navarra\/","title":{"rendered":"Domenica 20 giugno 2022 &#8211; seconda puntata del Diario da Vienna  a cura di Alfonso Navarra"},"content":{"rendered":"<p>Buona Salute a tutt*, <b>sono Alfonso Navarra, portavoce dei Disarmisti esigenti, <\/b>tra le organizzazioni membre in Italia della <b>rete ICAN (International\u00a0to Abolish Nuclear Weapons)<\/b>, insignita nel 2017 del Premio Nobel per la Pace.<\/span><\/span><\/p>\n<p>Da Vienna vi informo che abbiamo appena superato la prima tappa della &#8220;<b>NUCLEAR BAN WEEK<\/b>&#8221; con la due giorni del <b>forum di ICAN. <\/b>Le altre due tappe che stanno arrivando sono la conferenza scientifica del 20 giugno e gli Stati che si riuniscono per revisionare il Trattato di proibizione delle armi nucleari (in sigla: <b>TPNW<\/b>) dal 21 al 23 giugno (sigla della riunione ONU: <b>1MSP<\/b>).<\/span><\/span><\/p>\n<p><b>Beatrice Fihn, direttrice esecutiva di ICAN<\/b>, ha concluso i lavori del Forum verso le 16:00 del 19 giugno ospitando sul palco il numeroso staff di volontari (circa 40 persone) che con le attivit\u00e0 di servizio hanno supportato organizzativamente l&#8217;incontro.<\/span><\/span><\/p>\n<p>Il suo commiato \u00e8 stato una decisa esortazione, tra gli applausi e le grida di giubilo dei partecipanti, a rimboccarsi le maniche sostanzialmente sulle modalit\u00e0 di lavoro fin qui percorse.<\/span><\/span><\/p>\n<p>Lo slogan \u00e8 semplice e &#8211; ad avviso di chi scrive &#8211; rischia anche una declinazione semplicistica: &#8220;<b>The ban is the plan<\/b>&#8220;. Si pensa cio\u00e9 che il disarmo nucleare sar\u00e0 la conseguenza della adesione progressiva degli Stati al TPNW. Siamo a quota 62 ratifiche, a poco a poco arriveremo a 63, 64, 65, 66, 67, 68, 69, 70, 71, eccetera, insomma fino a includere, ratifica per ratifica, tutti i 193 Stati dell&#8217;ONU. Le potenze nucleari prima o poi firmeranno perch\u00e9 si convinceranno delle buone ragioni dei &#8220;proibizionisti&#8221; e saranno pressate dalla &#8220;stigmatizzazione&#8221; operata dall&#8217;opinione pubblica internazionale, mobilitata dai disarmisti e dai pacifisti.<\/span><\/span><\/p>\n<p>Siamo stati oltre 600 attivisti qui a Vienna, con 50 eventi e oltre 100 relatori in due giorni: persone sopraffatte da un vortice di conversazioni settoriali pi\u00f9 o meno approfondite, commoventi storie di sopravvissuti, serrati panel informativi.<\/span><\/span><\/p>\n<p>La mattina l&#8217;introduzione era stata fatta dalla costaricana <b>Elayne Whyte Gomez<\/b>, che presiedeva i lavori della conferenza ONU che, il 7 luglio 2017, ha adottato il TPNW entrato poi in vigore il 22 gennaio del 2021, dopo la ratifica del 50esimo Stato.<\/span><\/span><\/p>\n<p>Con <b>Patrizia Sterpetti<\/b>, la presidente di <b>WILPF Italia<\/b>, ho assistito questa domenica a due eventi, scegliendo tra altri tre che si svolgevano in contemporanea.<\/span><\/span><\/p>\n<p><span lang=\"en-US\">&#8220;Challenging Nuclearism and climate change&#8221;, con Nyombi Morris e Hinamoeura Cross.<\/span><\/span><\/span><\/p>\n<p><span lang=\"en-US\">Subito dopo: &#8220;Impunity hides behind nuclear weapons&#8221; con Terrell Starr e Pavel Podvig.<\/span><\/span><\/span><\/p>\n<p>Alle 14:30 ci siamo poi spostati di sala per seguire: &#8220;Sustain the momentum&#8221; con Allison Pytiak ed altre autorevoli personalit\u00e0 femministe.<\/span><\/span><\/p>\n<p>Da questa discussione, Patrizia Sterpetti ed il sottoscritto, con Alessandro Capuzzo e con Fabio Sandri, siamo passati alla cerimonia finale con Beatrice Fihn, il momento festoso dei riconoscimenti allo staff e del saluto ai partecipanti.<\/span><\/span><\/p>\n<p>Durante il grande festival avevamo potuto ascoltare in video il primo ministro della Nuova Zelanda e il ministro degli Esteri austriaco. Abbiamo ascoltato le testimonianze dei sopravvissuti ai test nucleari in Kazakistan, nelle Isole Marshall e in Nevada, cos\u00ec come i sopravvissuti di Hiroshima e Nagasaki. Mentre tutto ci\u00f2 era in corso, abbiamo saputo che altri Stati membri della NATO, Belgio e Paesi Bassi, hanno deciso di partecipare a 1MSP dal 21 giugno insieme a Germania e Norvegia. Anche l&#8217;Australia, un altro alleato nucleare degli Stati Uniti, parteciper\u00e0 dopo le recenti elezioni che hanno portato a un nuovo primo ministro che \u00e8 impegnato nel TPNW.<\/span><\/span><\/p>\n<p><b>Per la partecipazione dell&#8217;Italia alla revisione del TPNW, invece, nessuna speranza si profila all&#8217;orizzonte. <\/b>Anche se potremo registrare il contentino di una presenza ufficiale al convegno scientifico del 20 giugno, un incontro che per\u00f2 non comporta alcuna &#8220;compromissione&#8221; politica.<\/span><\/span><\/p>\n<p>Domani, oltre 60 parlamentari di 30 paesi si incontreranno in preparazione per partecipare a <b>1MSP<\/b>\u00a0(la sigla della conferenza di revisione del TPNW) come osservatori non ufficiali dei loro paesi.<\/span><\/span><\/p>\n<p>Nonostante, o forse a causa dell&#8217;invasione russa dell&#8217;Ucraina, la sensazione che prevale tra i delegati pacifisti a Vienna \u00e8 sicuramente quella dello slancio storico che si muove verso l&#8217;abolizione delle armi nucleari.<\/span><\/span><\/p>\n<p>\u00c8 stata messa a punto una notevole mole di pianificazione pratica e organizzazione per la prossima fase della campagna, che punta allo sfondamento del muro della NATO, forse sottovalutato nel suo spessore. Ci\u00f2 significa, nelle indicazioni del Forum, lavorare pi\u00f9 a stretto contatto con i parlamentari e le autorit\u00e0 locali, ma anche maggiori sforzi per disinvestire e lavorare con altri movimenti per ampliare le possibilit\u00e0 del movimento disarmista.<\/span><\/span><\/p>\n<p>A me sembra che la formula del festival degli eventi sostituisca un dibattito assembleare che \u00e8 sottovalutato e limitato sui problemi strategici che sfidano la campagna, con la guerra in Ucraina che invece \u00e8 proprio l\u00ec a ricordarli. Probabilmente perch\u00e9 l&#8217;attivista tipico non si pone domande strategiche che identifica con l&#8217;astrattezza dei massimi sistemi: con stile anglosassone (anche se proveniente dall&#8217;Africa), misura il successo sui parametri quantitativi cui lo abituano modelli come la campagna contro le mine anti-uomo. La concretezza \u00e8 avere un obiettivo semplice e chiaro e moltiplicare le adesioni su di esso: tutto il resto sarebbe bla bla politicista che non porta da nessuna parte.<\/span><\/span><\/p>\n<p>Una parziale diversione, a mio avviso positiva, da questo abito mentale \u00e8 stato invece l&#8217;evento &#8220;<b>GIVE PEACE A CHANCE<\/b>&#8220;, organizzato, tra gli altri, dalla WILPF e svoltosi, subito dopo il Forum ICAN, dalle 18:00 alle 22:00, alla OGB Catamaran, sempre a Vienna.<\/span><\/span><\/p>\n<p>Maggiori info su organizzatori e programma al link: <span style=\"color: #0000ff;\"><u><a href=\"http:\/\/abfang.org\/termine\/friedenskonferenz-19-6-2022\/\">http:\/\/abfang.org\/termine\/friedenskonferenz-19-6-2022\/<\/a><\/u><\/span><\/span><\/span><\/p>\n<p>L&#8217;evento, focalizzato sull&#8217;intreccio tra crisi ecologico-climatica e minaccia nucleare, ha mirato a mettere insieme temi ecologici e temi disarmisti. Come ha sottolineato la moderatrice, Katerina Anastasiou, di Transform Europe: &#8220;<em>Il disarmo e la riconversione dell&#8217;industria bellica sono elementi essenziali della necessaria trasformazione verso un futuro eco-sociale. In questa prospettiva la cosa pi\u00f9 importante \u00e8 il bando definitivo delle armi nucleari<\/em>&#8220;.<\/span><\/span><\/p>\n<p>Un contributo importante in apertura \u00e8 stato &#8220;<em><b>Voices for Peace from Ukraine and Russia<\/b><\/em>&#8220;. Un confronto in videoconferenza tra l&#8217;obiettore ucraino <b>Yurii Sheliazenko<\/b> e l&#8217;obiettore russo <b>Oleg Boldrov<\/b>.<\/span><\/span><\/p>\n<p>Per la <b>WILPF<\/b> \u00e8 intervenuta <b>Heidi Meinzolt<\/b>, ed hanno anche parlato esponenti dell&#8217;IPPNW, degli Amici della Terra, di World Beyond the War, dell&#8217;ITUC, delle IPB&#8230;<\/span><\/span><\/p>\n<p>L&#8217;intervento della serata che ho trovato pi\u00f9 interessante \u00e8 stato quello di <b>Rebecca Johnson<\/b>, cofondatrice di ICAN, campista a Greenham Common, direttore dell&#8217;<b>Acronym Institute for Disarmament Diplomacy<\/b>. <span lang=\"en-US\">Tema: &#8220;The nuclear Weapon Ban Treaty: Opportunities and Next Step&#8221;.<\/span><\/span><\/span><\/p>\n<p>Ne riporto un momento significativo:<\/span><\/span><\/p>\n<p>&#8220;<em>Dai miei anni analisi della diplomazia del disarmo, mi sono convinta che l&#8217;immenso potere strutturale delle P5 (le cinque potenze nucleari al Consiglio di sicurezza dell&#8217;ONU) e le dinamiche del possesso nucleare da parte dei quattro stati dotati di armi nucleari al di fuori del TNP, erano tali che avevamo bisogno, per sbloccare la situazione, di\u00a0un trattato di divieto netto e inequivocabile. Il trattato doveva avere chiari divieti sull&#8217;uso di armi nucleari e sulle principali attivit\u00e0 che avrebbero permesso a chiunque di produrle, acquisirle e dispiegarle; e aveva bisogno di dichiarare l&#8217;obbligo di eliminare le armi nucleari con alcuni principi di base, percorsi legali e strutture evolutive adattabili per come ci\u00f2 sarebbe stato fatto.<\/em><\/span><\/span><\/p>\n<p><em>Questa strategia \u2013 andare dritti per un divieto delle armi nucleari ai sensi del diritto internazionale umanitario, negoziato in un forum che sarebbe stato aperto a tutti i governi ma bloccabile da nessuno (in altre parole, le regole dell&#8217;Assemblea Generale) \u2013 \u00e8 stata una sfida per molte organizzazioni nei movimenti per la pace di vari paesi. \u00c8 nato perch\u00e9 sempre pi\u00f9 persone sentivano che il tempo stava per scadere.<\/em><\/span><\/span><\/p>\n<p><em>In sostanza, questo essere diretti e radicali \u00e8 stata la strategia rivoluzionaria basata sul trattato che ICAN ha portato avanti. Dietro le quinte, i membri del gruppo direttivo ICAN e un crescente nucleo di diplomatici e governi hanno messo in moto la strategia alla Conferenza di revisione del TNP del 2010. Dopo solo 7 anni alla conferenza di New York del luglio 2017 la nave \u00e8 stata costruita, varata ed \u00e8 vigorosamente salpata. La rotta \u00e8 stata tracciata e non resta che tenere la barra dritta fino alla meta finale&#8230;<\/em>&#8220;<\/span><\/span><\/p>\n<p>L&#8217;elemento innovativo che caratterizza l&#8217;approccio di Rebecca \u00e8 la consapevolezza che &#8220;il tempo stringe&#8221; e che, proprio in virt\u00f9 di questa consapevolezza, occorre mobilitare i giovani sull&#8217;intreccio tra crisi nucleare e crisi climatica: per questo \u00e8 stata tra le fondatrici di XR PEACE in Gran Bretagna.<\/span><\/span><\/p>\n<p>&#8220;<em>Avevo fatto parte del Consiglio del Bulletin of the Atomic Scientists dal 2001 al 2007, e cos\u00ec ho preso parte alle discussioni annuali su dove dovrebbero stare le lancette del &#8220;Doomsday Clock&#8221;. Con l&#8217;aumento dei pericoli nucleari e la crescente consapevolezza della distruzione del clima come minaccia a livello di estinzione che richiede un&#8217;azione internazionale collettiva, chiaramente non abbiamo pi\u00f9 il tempo di continuare ad assecondare gli stati dotati di armi nucleari che hanno bloccato la maggior parte, se non tutti, i passi pratici proposti nelle conferenze del Trattato di non proliferazione, ormai ridotte a tribune inconcludenti<\/em>&#8220;.<\/span><\/span><\/p>\n<p>Rebecca ha individuato il prossimo fronte della avanzata del TPNW nella evaporazione della condivisione nucleare NATO:<\/span><\/span><\/p>\n<p>&#8220;<em>Essenzialmente, il principale ostacolo al disarmo nucleare \u00e8 che il P5 \u00e8 diventato presto dipendente dallo status internazionale, dal potere interno, dall&#8217;amplificazione della proiezione di forza (come la vedevano) e dai cosiddetti &#8220;diritti&#8221; che amavano credere che le armi nucleari conferissero. Le loro giustificazioni, e la sfilata delle loro armi, hanno giocato un ruolo importante nel guidare la proliferazione, cos\u00ec che ora ci sono nove nazioni dotate di armi nucleari e molti pi\u00f9 rischi e pericoli nucleari.<\/em><\/span><\/span><\/p>\n<p><em>La NATO \u00e8 nata come un&#8217;alleanza militare guidata dagli Stati Uniti, ma non era inevitabile che dovesse essere anche un&#8217;alleanza nucleare. Nella Guerra Fredda, le politiche degli Stati Uniti hanno reso le armi nucleari una caratteristica centrale della NATO, ma questo non \u00e8 mai stato fondamentale per lo scopo di sicurezza dell&#8217;alleanza, i cui membri sono stati a lungo divisi e in conflitto sulle armi nucleari e le loro dottrine e politiche per il dispiegamento e l&#8217;uso. Per le loro ragioni militari-industriali e nucleari-economiche, gli Stati Uniti e il Regno Unito sono i principali motori della NATO per essere una &#8220;alleanza nucleare&#8221;. (La Francia dotata di armi nucleari usa diversi argomenti, basati sulla sua umiliante occupazione nella guerra del 1939-45.)<\/em><\/span><\/span><\/p>\n<p><em>Il TPNW \u00e8 stato legalmente inquadrato per consentire ai membri della NATO di aderire purch\u00e9 pongano fine ad attivit\u00e0 proibite come lo stazionamento di armi nucleari. E recenti sondaggi di opinione mostrano un forte e crescente sostegno al trattato in molti paesi della NATO, compresi i cinque che &#8220;ospitano&#8221; armi nucleari statunitensi sul loro territorio: Belgio, Germania, Italia, Paesi Bassi e Turchia<\/em>&#8220;.<\/span><\/span><\/p>\n<p>Su una linea di approccio simile, la considerazione &#8220;strategica&#8221; di spazi aperti dai trattati internazionali, ha concluso la serata <b>Alessandro Capuzzo<\/b>, del movimento antinucleare di Trieste, in delegazione a Vienna con i Disarmisti esigenti.<\/span><\/span><\/p>\n<p>Anche qui mi sembra importante lasciare ampio spazio al suo intervento, ricalcato sul working paper che ha indirizzato alla 1MSP di Vienna:<\/span><\/span><\/p>\n<p>&#8220;<em>Il Trattato sulla messa al bando delle armi nucleari, che la maggior parte dei paesi membri delle Nazioni Unite ha istituito in base pressione della Campagna Internazionale per l&#8217;Abolizione delle Armi Nucleari (ICAN), di cui\u00a0come Disarmisti esigenti siamo parte, pu\u00f2 cambiare gli equilibri di potere tra stati nucleari e non, grazie a l&#8217;introduzione di una sostanziale trasparenza a vantaggio della societ\u00e0 civile e dell&#8217;insieme Umanit\u00e0.<\/em><br \/>\n<em>In quanto cittadini del territorio che il Trattato di Pace del 1947 defin\u00ec smilitarizzato e neutrali, siamo particolarmente felici e coinvolti nel percorso proibizionista.<\/em><br \/>\n<em>Il Golfo di Trieste ospita, in contrasto con il Trattato di Pace, due porti militari di transito nucleare, Trieste in Italia e Koper-Capodistria in Slovenia. E la presenza stessa dei due centri urbani rende impossibile prevenire seriamente gli incidenti, che possono scaturire dai motori a\u00a0 propulsione nucleare propulsione delle navi, dalla presenza a bordo di armi di distruzione di massa, e dalla possibilit\u00e0 di diventare un bersaglio nucleare.<\/em><br \/>\n<em>Inoltre, il segreto imposto &#8220;per motivi di sicurezza&#8221; sulle notizie necessarie per una puntuale informazione, impedisce la valutazione del rischio in relazione ai pericoli esistenti; esso costringe le istituzioni a omettere parti importanti di informazioni e di conseguenza nasconde le situazioni di pericolo per la popolazione.<\/em><br \/>\n<em>Pertanto, proponiamo alla Conferenza di Vienna per la revisione del TPNW l&#8217;avvio di casi studio sul rischio, e sulla mancanza di trasparenza in materia nucleare, da affidare alla Scuola di Prevenzione Nucleare dell&#8217;Agenzia Atomica (AIEA), presso il Centro Internazionale per la Fisica Teorica di Miramare a Trieste.<\/em><br \/>\n<em>Interessanti casi di studio si potrebbero intraprendere anche per i dodici porti nucleari militari italiani (oltre a Trieste, Venezia, Brindisi, Taranto, Augusta, Castellammare di Stabia, Napoli, Gaeta, Livorno, La Spezia, La Maddalena e Cagliari) e per le basi aeree nucleari terrestri di Aviano e Ghedi. E chiediamo \u2013 sempre ispirandosi al Trattato per la messa al bando delle armi nucleari &#8211; una ripresa dei colloqui per la denuclearizzazione del Mare Mediterraneo, che coinvolga il nostro Golfo: teniamo sempre presente che esso \u00e8 legalmente vincolato dal Trattato di Pace con l&#8217;Italia dopo la seconda guerra mondiale, alla Demilitarizzazione e alla Neutralit\u00e0. Oggi, a cinque anni dalla sua approvazione, il Trattato \u00e8 finalmente entrato in vigore e siamo, popolo della pace, a Vienna per esaminarne il contenuto e l&#8217;attuazione. Invitiamo gli Stati firmatari a considerare la proposta, e la sua fattibilit\u00e0, resa possibile dai due Trattati citati nel Documento di lavoro del 2017: il bando nucleare o TPNW e il Trattato di pace del 1947 con l&#8217;Italia.<\/em><br \/>\n<em>Un invito particolare \u00e8 rivolto agli Stati iscritti nel Trattato di Pace con l&#8217;Italia,<\/em> <em>per il diritto di utilizzo del Porto Franco Internazionale di Trieste: Austria, Cechia, Francia, Gran Bretagna, Italia, Polonia, Slovacchia, Stati Uniti, Svizzera, Ungheria e tutti i paesi emersi dalla Jugoslavia e dall&#8217;Unione Sovietica.<\/em><br \/>\n<em>Oltre a quanto menzionato, Australia, Belgio, Bielorussia, Brasile, Canada, Cina, Etiopia, sono coinvolti nel Trattato di pace con l&#8217;Italia anche Grecia, India, Nuova Zelanda, Paesi Bassi, Ucraina e Sud Africa<\/em>&#8220;.<\/span><\/span><\/p>\n<p>A conclusione di questa mia seconda puntata del diario da Vienna, tornando ad aspetti pi\u00f9 immediatamente logistici ed operativi, ricordo che oggi parteciper\u00f2 in qualit\u00e0 di giornalista accreditato da &#8220;IL SOLE DI PARIGI&#8221; alla Conferenza di Vienna del 2022 sull&#8217;impatto umanitario delle armi nucleari (HINW22Vienna), che si svolger\u00e0 presso l&#8217;Austria Center.<\/span><\/span><\/span><\/p>\n<p>La conferenza riunir\u00e0 rappresentanti statali, organizzazioni internazionali, comunit\u00e0 scientifica, sopravvissuti e societ\u00e0 civile per discutere ed esplorare ricerche consolidate e nuove sulle conseguenze umanitarie e sui rischi delle armi nucleari.<\/span><\/span><\/span><\/p>\n<p>Vi sar\u00e0 la partecipazione del coordinamento ICAN (International Campaign to Abolish Nuclear Weapons): <\/span><span style=\"color: #0000ff;\"><u><a href=\"https:\/\/vienna.icanw.org\/humanitarian-impact-conference\">https:\/\/vienna.icanw.org\/humanitarian-impact-conference<\/span><\/a><\/u><\/span><\/span><\/span><\/p>\n<p>E saranno questi i relator: <span style=\"color: #0000ff;\"><u><a href=\"https:\/\/vienna.icanw.org\/speakers\">https:\/\/vienna.icanw.org\/speakers<\/a><\/u><\/p>\n","protected":false},"excerpt":{"rendered":"<p>Buona Salute a tutt*, sono Alfonso Navarra, portavoce dei Disarmisti esigenti, tra le organizzazioni membre in Italia della rete ICAN (International\u00a0to Abolish Nuclear Weapons), insignita nel 2017 del Premio Nobel per la Pace. Da Vienna vi informo che abbiamo appena&hellip;<\/p>\n","protected":false},"author":1244,"featured_media":1607806,"comment_status":"closed","ping_status":"closed","sticky":false,"template":"","format":"standard","meta":{"footnotes":""},"categories":[1263],"tags":[9396,30903,3858,14667],"class_list":["post-1607805","post","type-post","status-publish","format-standard","has-post-thumbnail","hentry","category-pace-disarmo","tag-alfonso-navarra","tag-disarmisti-esigenti","tag-ican-it","tag-vienna"],"yoast_head":"<!-- This site is optimized with the Yoast SEO plugin v27.1.1 - https:\/\/yoast.com\/product\/yoast-seo-wordpress\/ -->\n<title>Domenica 20 giugno 2022 - seconda puntata del Diario da Vienna a cura di Alfonso Navarra<\/title>\n<meta name=\"description\" content=\"Buona Salute a tutt*, sono Alfonso Navarra, portavoce dei Disarmisti esigenti, tra le organizzazioni membre in Italia della rete ICAN (International\u00a0to\" \/>\n<meta name=\"robots\" content=\"index, follow, max-snippet:-1, max-image-preview:large, max-video-preview:-1\" \/>\n<link rel=\"canonical\" href=\"https:\/\/www.pressenza.com\/it\/2022\/06\/domenica-20-giugno-2022-seconda-puntata-del-diario-da-vienna-a-cura-di-alfonso-navarra\/\" \/>\n<meta property=\"og:locale\" content=\"it_IT\" \/>\n<meta property=\"og:type\" content=\"article\" \/>\n<meta property=\"og:title\" content=\"Domenica 20 giugno 2022 - seconda puntata del Diario da Vienna a cura di Alfonso Navarra\" \/>\n<meta property=\"og:description\" content=\"Buona Salute a tutt*, sono Alfonso Navarra, portavoce dei Disarmisti esigenti, tra le organizzazioni membre in Italia della rete ICAN (International\u00a0to\" \/>\n<meta property=\"og:url\" content=\"https:\/\/www.pressenza.com\/it\/2022\/06\/domenica-20-giugno-2022-seconda-puntata-del-diario-da-vienna-a-cura-di-alfonso-navarra\/\" \/>\n<meta property=\"og:site_name\" content=\"Pressenza\" \/>\n<meta property=\"article:publisher\" content=\"https:\/\/www.facebook.com\/PressenzaItalia\" \/>\n<meta property=\"article:published_time\" content=\"2022-06-20T11:13:31+00:00\" \/>\n<meta property=\"article:modified_time\" content=\"2022-06-20T11:39:54+00:00\" \/>\n<meta property=\"og:image\" content=\"https:\/\/www.pressenza.com\/wp-content\/uploads\/2022\/06\/UNVienna_LucaSartoni_flickr_header_list_copy.jpg\" \/>\n\t<meta property=\"og:image:width\" content=\"1920\" \/>\n\t<meta property=\"og:image:height\" content=\"598\" \/>\n\t<meta property=\"og:image:type\" content=\"image\/jpeg\" \/>\n<meta name=\"author\" content=\"Alfonso Navarra\" \/>\n<meta name=\"twitter:card\" content=\"summary_large_image\" \/>\n<meta name=\"twitter:creator\" content=\"@PressenzaIPA\" \/>\n<meta name=\"twitter:site\" content=\"@PressenzaIPA\" \/>\n<meta name=\"twitter:label1\" content=\"Scritto da\" \/>\n\t<meta name=\"twitter:data1\" content=\"Alfonso Navarra\" \/>\n\t<meta name=\"twitter:label2\" content=\"Tempo di lettura stimato\" \/>\n\t<meta name=\"twitter:data2\" content=\"13 minuti\" \/>\n<script type=\"application\/ld+json\" class=\"yoast-schema-graph\">{\"@context\":\"https:\/\/schema.org\",\"@graph\":[{\"@type\":\"Article\",\"@id\":\"https:\/\/www.pressenza.com\/it\/2022\/06\/domenica-20-giugno-2022-seconda-puntata-del-diario-da-vienna-a-cura-di-alfonso-navarra\/#article\",\"isPartOf\":{\"@id\":\"https:\/\/www.pressenza.com\/it\/2022\/06\/domenica-20-giugno-2022-seconda-puntata-del-diario-da-vienna-a-cura-di-alfonso-navarra\/\"},\"author\":{\"name\":\"Alfonso Navarra\",\"@id\":\"https:\/\/www.pressenza.com\/it\/#\/schema\/person\/9777ec699bcf225d946f25bd8899376b\"},\"headline\":\"Domenica 20 giugno 2022 &#8211; seconda puntata del Diario da Vienna a cura di Alfonso Navarra\",\"datePublished\":\"2022-06-20T11:13:31+00:00\",\"dateModified\":\"2022-06-20T11:39:54+00:00\",\"mainEntityOfPage\":{\"@id\":\"https:\/\/www.pressenza.com\/it\/2022\/06\/domenica-20-giugno-2022-seconda-puntata-del-diario-da-vienna-a-cura-di-alfonso-navarra\/\"},\"wordCount\":2389,\"publisher\":{\"@id\":\"https:\/\/www.pressenza.com\/it\/#organization\"},\"image\":{\"@id\":\"https:\/\/www.pressenza.com\/it\/2022\/06\/domenica-20-giugno-2022-seconda-puntata-del-diario-da-vienna-a-cura-di-alfonso-navarra\/#primaryimage\"},\"thumbnailUrl\":\"https:\/\/www.pressenza.com\/wp-content\/uploads\/2022\/06\/UNVienna_LucaSartoni_flickr_header_list_copy.jpg\",\"keywords\":[\"Alfonso Navarra\",\"Disarmisti esigenti\",\"ICAN\",\"Vienna\"],\"articleSection\":[\"Pace e Disarmo\"],\"inLanguage\":\"it-IT\"},{\"@type\":\"WebPage\",\"@id\":\"https:\/\/www.pressenza.com\/it\/2022\/06\/domenica-20-giugno-2022-seconda-puntata-del-diario-da-vienna-a-cura-di-alfonso-navarra\/\",\"url\":\"https:\/\/www.pressenza.com\/it\/2022\/06\/domenica-20-giugno-2022-seconda-puntata-del-diario-da-vienna-a-cura-di-alfonso-navarra\/\",\"name\":\"Domenica 20 giugno 2022 - seconda puntata del Diario da Vienna a cura di Alfonso Navarra\",\"isPartOf\":{\"@id\":\"https:\/\/www.pressenza.com\/it\/#website\"},\"primaryImageOfPage\":{\"@id\":\"https:\/\/www.pressenza.com\/it\/2022\/06\/domenica-20-giugno-2022-seconda-puntata-del-diario-da-vienna-a-cura-di-alfonso-navarra\/#primaryimage\"},\"image\":{\"@id\":\"https:\/\/www.pressenza.com\/it\/2022\/06\/domenica-20-giugno-2022-seconda-puntata-del-diario-da-vienna-a-cura-di-alfonso-navarra\/#primaryimage\"},\"thumbnailUrl\":\"https:\/\/www.pressenza.com\/wp-content\/uploads\/2022\/06\/UNVienna_LucaSartoni_flickr_header_list_copy.jpg\",\"datePublished\":\"2022-06-20T11:13:31+00:00\",\"dateModified\":\"2022-06-20T11:39:54+00:00\",\"description\":\"Buona Salute a tutt*, sono Alfonso Navarra, portavoce dei Disarmisti esigenti, tra le organizzazioni membre in Italia della rete ICAN (International\u00a0to\",\"breadcrumb\":{\"@id\":\"https:\/\/www.pressenza.com\/it\/2022\/06\/domenica-20-giugno-2022-seconda-puntata-del-diario-da-vienna-a-cura-di-alfonso-navarra\/#breadcrumb\"},\"inLanguage\":\"it-IT\",\"potentialAction\":[{\"@type\":\"ReadAction\",\"target\":[\"https:\/\/www.pressenza.com\/it\/2022\/06\/domenica-20-giugno-2022-seconda-puntata-del-diario-da-vienna-a-cura-di-alfonso-navarra\/\"]}]},{\"@type\":\"ImageObject\",\"inLanguage\":\"it-IT\",\"@id\":\"https:\/\/www.pressenza.com\/it\/2022\/06\/domenica-20-giugno-2022-seconda-puntata-del-diario-da-vienna-a-cura-di-alfonso-navarra\/#primaryimage\",\"url\":\"https:\/\/www.pressenza.com\/wp-content\/uploads\/2022\/06\/UNVienna_LucaSartoni_flickr_header_list_copy.jpg\",\"contentUrl\":\"https:\/\/www.pressenza.com\/wp-content\/uploads\/2022\/06\/UNVienna_LucaSartoni_flickr_header_list_copy.jpg\",\"width\":1920,\"height\":598},{\"@type\":\"BreadcrumbList\",\"@id\":\"https:\/\/www.pressenza.com\/it\/2022\/06\/domenica-20-giugno-2022-seconda-puntata-del-diario-da-vienna-a-cura-di-alfonso-navarra\/#breadcrumb\",\"itemListElement\":[{\"@type\":\"ListItem\",\"position\":1,\"name\":\"Accueil\",\"item\":\"https:\/\/www.pressenza.com\/it\/\"},{\"@type\":\"ListItem\",\"position\":2,\"name\":\"Domenica 20 giugno 2022 &#8211; seconda puntata del Diario da Vienna a cura di Alfonso Navarra\"}]},{\"@type\":\"WebSite\",\"@id\":\"https:\/\/www.pressenza.com\/it\/#website\",\"url\":\"https:\/\/www.pressenza.com\/it\/\",\"name\":\"Pressenza\",\"description\":\"Agenzia di Stampa Internazionale\",\"publisher\":{\"@id\":\"https:\/\/www.pressenza.com\/it\/#organization\"},\"potentialAction\":[{\"@type\":\"SearchAction\",\"target\":{\"@type\":\"EntryPoint\",\"urlTemplate\":\"https:\/\/www.pressenza.com\/it\/?s={search_term_string}\"},\"query-input\":{\"@type\":\"PropertyValueSpecification\",\"valueRequired\":true,\"valueName\":\"search_term_string\"}}],\"inLanguage\":\"it-IT\"},{\"@type\":\"Organization\",\"@id\":\"https:\/\/www.pressenza.com\/it\/#organization\",\"name\":\"Pressenza\",\"url\":\"https:\/\/www.pressenza.com\/it\/\",\"logo\":{\"@type\":\"ImageObject\",\"inLanguage\":\"it-IT\",\"@id\":\"https:\/\/www.pressenza.com\/it\/#\/schema\/logo\/image\/\",\"url\":\"https:\/\/www.pressenza.com\/wp-content\/uploads\/2022\/10\/pressenza_logo_200x200.jpg\",\"contentUrl\":\"https:\/\/www.pressenza.com\/wp-content\/uploads\/2022\/10\/pressenza_logo_200x200.jpg\",\"width\":200,\"height\":200,\"caption\":\"Pressenza\"},\"image\":{\"@id\":\"https:\/\/www.pressenza.com\/it\/#\/schema\/logo\/image\/\"},\"sameAs\":[\"https:\/\/www.facebook.com\/PressenzaItalia\",\"https:\/\/x.com\/PressenzaIPA\"]},{\"@type\":\"Person\",\"@id\":\"https:\/\/www.pressenza.com\/it\/#\/schema\/person\/9777ec699bcf225d946f25bd8899376b\",\"name\":\"Alfonso Navarra\",\"url\":\"https:\/\/www.pressenza.com\/it\/author\/alfonso-navarra\/\"}]}<\/script>\n<!-- \/ Yoast SEO plugin. -->","yoast_head_json":{"title":"Domenica 20 giugno 2022 - seconda puntata del Diario da Vienna a cura di Alfonso Navarra","description":"Buona Salute a tutt*, sono Alfonso Navarra, portavoce dei Disarmisti esigenti, tra le organizzazioni membre in Italia della rete ICAN (International\u00a0to","robots":{"index":"index","follow":"follow","max-snippet":"max-snippet:-1","max-image-preview":"max-image-preview:large","max-video-preview":"max-video-preview:-1"},"canonical":"https:\/\/www.pressenza.com\/it\/2022\/06\/domenica-20-giugno-2022-seconda-puntata-del-diario-da-vienna-a-cura-di-alfonso-navarra\/","og_locale":"it_IT","og_type":"article","og_title":"Domenica 20 giugno 2022 - seconda puntata del Diario da Vienna a cura di Alfonso Navarra","og_description":"Buona Salute a tutt*, sono Alfonso Navarra, portavoce dei Disarmisti esigenti, tra le organizzazioni membre in Italia della rete ICAN (International\u00a0to","og_url":"https:\/\/www.pressenza.com\/it\/2022\/06\/domenica-20-giugno-2022-seconda-puntata-del-diario-da-vienna-a-cura-di-alfonso-navarra\/","og_site_name":"Pressenza","article_publisher":"https:\/\/www.facebook.com\/PressenzaItalia","article_published_time":"2022-06-20T11:13:31+00:00","article_modified_time":"2022-06-20T11:39:54+00:00","og_image":[{"width":1920,"height":598,"url":"https:\/\/www.pressenza.com\/wp-content\/uploads\/2022\/06\/UNVienna_LucaSartoni_flickr_header_list_copy.jpg","type":"image\/jpeg"}],"author":"Alfonso Navarra","twitter_card":"summary_large_image","twitter_creator":"@PressenzaIPA","twitter_site":"@PressenzaIPA","twitter_misc":{"Scritto da":"Alfonso Navarra","Tempo di lettura stimato":"13 minuti"},"schema":{"@context":"https:\/\/schema.org","@graph":[{"@type":"Article","@id":"https:\/\/www.pressenza.com\/it\/2022\/06\/domenica-20-giugno-2022-seconda-puntata-del-diario-da-vienna-a-cura-di-alfonso-navarra\/#article","isPartOf":{"@id":"https:\/\/www.pressenza.com\/it\/2022\/06\/domenica-20-giugno-2022-seconda-puntata-del-diario-da-vienna-a-cura-di-alfonso-navarra\/"},"author":{"name":"Alfonso Navarra","@id":"https:\/\/www.pressenza.com\/it\/#\/schema\/person\/9777ec699bcf225d946f25bd8899376b"},"headline":"Domenica 20 giugno 2022 &#8211; seconda puntata del Diario da Vienna a cura di Alfonso Navarra","datePublished":"2022-06-20T11:13:31+00:00","dateModified":"2022-06-20T11:39:54+00:00","mainEntityOfPage":{"@id":"https:\/\/www.pressenza.com\/it\/2022\/06\/domenica-20-giugno-2022-seconda-puntata-del-diario-da-vienna-a-cura-di-alfonso-navarra\/"},"wordCount":2389,"publisher":{"@id":"https:\/\/www.pressenza.com\/it\/#organization"},"image":{"@id":"https:\/\/www.pressenza.com\/it\/2022\/06\/domenica-20-giugno-2022-seconda-puntata-del-diario-da-vienna-a-cura-di-alfonso-navarra\/#primaryimage"},"thumbnailUrl":"https:\/\/www.pressenza.com\/wp-content\/uploads\/2022\/06\/UNVienna_LucaSartoni_flickr_header_list_copy.jpg","keywords":["Alfonso Navarra","Disarmisti esigenti","ICAN","Vienna"],"articleSection":["Pace e Disarmo"],"inLanguage":"it-IT"},{"@type":"WebPage","@id":"https:\/\/www.pressenza.com\/it\/2022\/06\/domenica-20-giugno-2022-seconda-puntata-del-diario-da-vienna-a-cura-di-alfonso-navarra\/","url":"https:\/\/www.pressenza.com\/it\/2022\/06\/domenica-20-giugno-2022-seconda-puntata-del-diario-da-vienna-a-cura-di-alfonso-navarra\/","name":"Domenica 20 giugno 2022 - seconda puntata del Diario da Vienna a cura di Alfonso Navarra","isPartOf":{"@id":"https:\/\/www.pressenza.com\/it\/#website"},"primaryImageOfPage":{"@id":"https:\/\/www.pressenza.com\/it\/2022\/06\/domenica-20-giugno-2022-seconda-puntata-del-diario-da-vienna-a-cura-di-alfonso-navarra\/#primaryimage"},"image":{"@id":"https:\/\/www.pressenza.com\/it\/2022\/06\/domenica-20-giugno-2022-seconda-puntata-del-diario-da-vienna-a-cura-di-alfonso-navarra\/#primaryimage"},"thumbnailUrl":"https:\/\/www.pressenza.com\/wp-content\/uploads\/2022\/06\/UNVienna_LucaSartoni_flickr_header_list_copy.jpg","datePublished":"2022-06-20T11:13:31+00:00","dateModified":"2022-06-20T11:39:54+00:00","description":"Buona Salute a tutt*, sono Alfonso Navarra, portavoce dei Disarmisti esigenti, tra le organizzazioni membre in Italia della rete ICAN (International\u00a0to","breadcrumb":{"@id":"https:\/\/www.pressenza.com\/it\/2022\/06\/domenica-20-giugno-2022-seconda-puntata-del-diario-da-vienna-a-cura-di-alfonso-navarra\/#breadcrumb"},"inLanguage":"it-IT","potentialAction":[{"@type":"ReadAction","target":["https:\/\/www.pressenza.com\/it\/2022\/06\/domenica-20-giugno-2022-seconda-puntata-del-diario-da-vienna-a-cura-di-alfonso-navarra\/"]}]},{"@type":"ImageObject","inLanguage":"it-IT","@id":"https:\/\/www.pressenza.com\/it\/2022\/06\/domenica-20-giugno-2022-seconda-puntata-del-diario-da-vienna-a-cura-di-alfonso-navarra\/#primaryimage","url":"https:\/\/www.pressenza.com\/wp-content\/uploads\/2022\/06\/UNVienna_LucaSartoni_flickr_header_list_copy.jpg","contentUrl":"https:\/\/www.pressenza.com\/wp-content\/uploads\/2022\/06\/UNVienna_LucaSartoni_flickr_header_list_copy.jpg","width":1920,"height":598},{"@type":"BreadcrumbList","@id":"https:\/\/www.pressenza.com\/it\/2022\/06\/domenica-20-giugno-2022-seconda-puntata-del-diario-da-vienna-a-cura-di-alfonso-navarra\/#breadcrumb","itemListElement":[{"@type":"ListItem","position":1,"name":"Accueil","item":"https:\/\/www.pressenza.com\/it\/"},{"@type":"ListItem","position":2,"name":"Domenica 20 giugno 2022 &#8211; seconda puntata del Diario da Vienna a cura di Alfonso Navarra"}]},{"@type":"WebSite","@id":"https:\/\/www.pressenza.com\/it\/#website","url":"https:\/\/www.pressenza.com\/it\/","name":"Pressenza","description":"Agenzia di Stampa Internazionale","publisher":{"@id":"https:\/\/www.pressenza.com\/it\/#organization"},"potentialAction":[{"@type":"SearchAction","target":{"@type":"EntryPoint","urlTemplate":"https:\/\/www.pressenza.com\/it\/?s={search_term_string}"},"query-input":{"@type":"PropertyValueSpecification","valueRequired":true,"valueName":"search_term_string"}}],"inLanguage":"it-IT"},{"@type":"Organization","@id":"https:\/\/www.pressenza.com\/it\/#organization","name":"Pressenza","url":"https:\/\/www.pressenza.com\/it\/","logo":{"@type":"ImageObject","inLanguage":"it-IT","@id":"https:\/\/www.pressenza.com\/it\/#\/schema\/logo\/image\/","url":"https:\/\/www.pressenza.com\/wp-content\/uploads\/2022\/10\/pressenza_logo_200x200.jpg","contentUrl":"https:\/\/www.pressenza.com\/wp-content\/uploads\/2022\/10\/pressenza_logo_200x200.jpg","width":200,"height":200,"caption":"Pressenza"},"image":{"@id":"https:\/\/www.pressenza.com\/it\/#\/schema\/logo\/image\/"},"sameAs":["https:\/\/www.facebook.com\/PressenzaItalia","https:\/\/x.com\/PressenzaIPA"]},{"@type":"Person","@id":"https:\/\/www.pressenza.com\/it\/#\/schema\/person\/9777ec699bcf225d946f25bd8899376b","name":"Alfonso Navarra","url":"https:\/\/www.pressenza.com\/it\/author\/alfonso-navarra\/"}]}},"place":"","original_article_url":"","_links":{"self":[{"href":"https:\/\/www.pressenza.com\/it\/wp-json\/wp\/v2\/posts\/1607805","targetHints":{"allow":["GET"]}}],"collection":[{"href":"https:\/\/www.pressenza.com\/it\/wp-json\/wp\/v2\/posts"}],"about":[{"href":"https:\/\/www.pressenza.com\/it\/wp-json\/wp\/v2\/types\/post"}],"author":[{"embeddable":true,"href":"https:\/\/www.pressenza.com\/it\/wp-json\/wp\/v2\/users\/1244"}],"replies":[{"embeddable":true,"href":"https:\/\/www.pressenza.com\/it\/wp-json\/wp\/v2\/comments?post=1607805"}],"version-history":[{"count":0,"href":"https:\/\/www.pressenza.com\/it\/wp-json\/wp\/v2\/posts\/1607805\/revisions"}],"wp:featuredmedia":[{"embeddable":true,"href":"https:\/\/www.pressenza.com\/it\/wp-json\/wp\/v2\/media\/1607806"}],"wp:attachment":[{"href":"https:\/\/www.pressenza.com\/it\/wp-json\/wp\/v2\/media?parent=1607805"}],"wp:term":[{"taxonomy":"category","embeddable":true,"href":"https:\/\/www.pressenza.com\/it\/wp-json\/wp\/v2\/categories?post=1607805"},{"taxonomy":"post_tag","embeddable":true,"href":"https:\/\/www.pressenza.com\/it\/wp-json\/wp\/v2\/tags?post=1607805"}],"curies":[{"name":"wp","href":"https:\/\/api.w.org\/{rel}","templated":true}]}}