{"id":1605256,"date":"2022-06-16T08:53:29","date_gmt":"2022-06-16T07:53:29","guid":{"rendered":"https:\/\/www.pressenza.com\/?p=1605256"},"modified":"2022-06-16T08:53:29","modified_gmt":"2022-06-16T07:53:29","slug":"una-porta-delle-culture-a-torino","status":"publish","type":"post","link":"https:\/\/www.pressenza.com\/it\/2022\/06\/una-porta-delle-culture-a-torino\/","title":{"rendered":"Una \u201cPorta delle Culture\u201d a Torino"},"content":{"rendered":"<p>Torino \u00e8 da anni una citt\u00e0 multiculturale e Porta Palazzo ne \u00e8 il centro nevralgico. \u00c8 il punto di arrivo, di incontro e di partenza per moltissime persone di diverse provenienze. \u00c8 un luogo con energie e potenzialit\u00e0 enormi: un patrimonio materiale e immateriale, fatto di commerci e perci\u00f2 fonte di sostentamento per molti, ma allo stesso tempo di relazioni, confronti, conflitti e contraddizioni, scenario e raccoglitore di storie umane che attraversano l&#8217;Italia e il mondo intero, in cui la stratificazione delle migrazioni ha lasciato segni indelebili.<\/p>\n<p>La peculiarit\u00e0 del luogo ha fatto s\u00ec che nel corso di quasi due secoli vi si radicassero realt\u00e0 di aiuto, enti caritatevoli e associazioni di sviluppo sociale. La povert\u00e0 non \u00e8 mai scomparsa dal quartiere, sono piuttosto cambiati i soggetti che il mercato pi\u00f9 economico della citt\u00e0 vede protagonisti in differenti periodi: i contadini piemontesi come il monferrino Cirio, i meridionali, gli stranieri. Tutti hanno cominciato qui il loro percorso, a volte rivolto a un futuro di affermazione sociale, altre alla sconfitta delle proprie aspirazioni. Sono arrivati, si sono conquistati un ruolo nel territorio, almeno uno spazio, sono quasi sempre poi partiti.<\/p>\n<p>L&#8217;idea di valorizzare questo tessuto relazionale, associativo, esperienziale e progettuale ha dato vita, dopo circa un anno di lavoro a <strong>Porta delle Culture<\/strong>: un centro culturale di fatto che, con il lavoro delle Associazioni del territorio e l\u2019impegno di singoli interessati al tema delle migrazioni, vuole far emergere e promuovere tutte quelle iniziative che concorrono alla definizione di un vero e proprio <strong>museo delle Migrazioni a Torino<\/strong>. Un museo che nasce dal basso, dalle esperienze dei soggetti migranti e di tutti coloro che aiutano a realizzarne una narrazione.<\/p>\n<p>Adiacente al ricco ed elegante centro citt\u00e0, Porta Palazzo rappresenta una marginalit\u00e0 fatta di tante diversit\u00e0, fatiche, sporcizia, disordine apparente, che pu\u00f2 rivelare a uno sguardo profondo, quello che il progetto vuole far esprimere, mostrare e comunicare.<\/p>\n<p>Come? Facendo emergere una realt\u00e0 di fatto gi\u00e0 esistente, quella del <strong>centro culturale diffuso di Porta Palazzo, <\/strong>nel quale la condizione di povert\u00e0 si fa ingegno e tanti soggetti solidali si ritrovano impegnati su diversi fronti, in definitiva paralleli.<\/p>\n<p><strong>Porta delle Culture mette in rete le realt\u00e0 che si occupano principalmente di migranti.<\/strong><\/p>\n<p>I luoghi deputati ad ospitare l\u2019abbozzo di quello che si andrebbe definendo come un Centro culturale delle migrazioni a Porta Palazzo, e poi un vero e proprio Museo delle migrazioni della citt\u00e0, gi\u00e0 esistono e sono le sedi di tante associazioni, enti, realt\u00e0 solidamente presenti nel perimetro del quartiere. Innanzitutto Porta delle Culture si appoggia al Centro culturale italo-arabo Dar Al Hikma che \u00e8 disponibile ad offrirsi come base per un futuro museo della trasformazione della citt\u00e0. attraverso i flussi migratori. Un museo che sar\u00e0, nello stesso tempo, un \u201cluogo\u201d di confronto, d\u2019incontro e di valorizzazione di quanto viene fatto sul territorio.<\/p>\n<p>Per conoscere meglio il progetto e le realt\u00e0 che ne fanno parte in questa fase iniziale, \u00e8 online da poche settimane il sito <a href=\"http:\/\/www.portadelleculture.it\/\" target=\"_blank\" rel=\"noopener\">www.portadelleculture.it<\/a>.<\/p>\n<p>Inoltre due iniziative saranno l&#8217;occasione per presentare pubblicamente e ufficialmente il progetto.<\/p>\n<ul>\n<li>Sabato 18 giugno, in occasione della Giornata Mondiale del Rifugiato, Bizzeffe e Migrantour Viaggi Solidali vi guideranno alla scoperta del progetto PORTA delle CULTURE. <strong>La passeggiata \u00e8 gratuita <\/strong><strong>e partir\u00e0 dal <\/strong>Ponte del carbone (ponte pedonale sulla Dora all\u2019altezza di Lungo Dora Firenze). Info e prenotazioni: <a href=\"mailto:migrantour.torino@viaggisolidali.it\">migrantour.torino@viaggisolidali.it<\/a> \u2013 cellulare 3423998171<\/li>\n<li>Mercoled\u00ec 22 giugno, ore 21.30, presso l&#8217;Arena Monterosa in via Brandizzo 65, proiezione del film \u201cGhiaccio\u201d di Tomaso Clavarino (Italia 2020, 70\u2032). Interviene il produttore Tommaso Caroni di ActingOut, in occasione della Giornata Mondiale del Rifugiato; prima del film Daniela Brina di Casa Umanista, Karim Hsikou di Bizzeffe e Hassan Khorzon di Migrantour presenteranno il progetto Porta delle culture.<\/li>\n<\/ul>\n<p><em>Kebba, James, Edward, Seedia, Lamin e Joseph sono sei richiedenti asilo nati e cresciuti in Gambia e in Sierra Leone che vivono nelle valli del Nord, dove i paesi si spopolano e il clima non di certo ospitale. La loro vita \u00e8 monotona, hanno poco o nulla da fare. Una monotonia rotta solamente da un\u2019attivit\u00e0 molto popolare tra le valli pinerolesi quanto inconsueta per dei ragazzi africani<\/em>. <a href=\"https:\/\/vimeo.com\/actingout\/ghiacciotrailerit\">Trailer del film<\/a>. (Ingresso intero 5,00 Euro, ridotto 4,00 Euro). L\u2019evento \u00e8 inserito nel programma <a href=\"https:\/\/amnc.it\/barriera-a-cielo-aperto-2022-date-orari-e-luoghi-di-tutti-gli-eventi\/\" target=\"_blank\" rel=\"noopener\">Barriera a Cielo Aperto 2022<\/a>.<\/p>\n","protected":false},"excerpt":{"rendered":"<p>Torino \u00e8 da anni una citt\u00e0 multiculturale e Porta Palazzo ne \u00e8 il centro nevralgico. \u00c8 il punto di arrivo, di incontro e di partenza per moltissime persone di diverse provenienze. \u00c8 un luogo con energie e potenzialit\u00e0 enormi: un&hellip;<\/p>\n","protected":false},"author":1640,"featured_media":1605257,"comment_status":"closed","ping_status":"closed","sticky":false,"template":"","format":"standard","meta":{"footnotes":""},"categories":[11388,56,47,54572],"tags":[102868,71607,3226],"class_list":["post-1605256","post","type-post","status-publish","format-standard","has-post-thumbnail","hentry","category-contenuti-originali","category-cultura","category-europa","category-migranti","tag-porta-delle-culture","tag-porta-palazzo","tag-torino"],"yoast_head":"<!-- This site is optimized with the Yoast SEO plugin v27.1.1 - https:\/\/yoast.com\/product\/yoast-seo-wordpress\/ -->\n<title>Una \u201cPorta delle Culture\u201d a Torino<\/title>\n<meta name=\"description\" content=\"Torino \u00e8 da anni una citt\u00e0 multiculturale e Porta Palazzo ne \u00e8 il centro nevralgico. \u00c8 il punto di arrivo, di incontro e di partenza per moltissime\" \/>\n<meta name=\"robots\" content=\"index, follow, max-snippet:-1, max-image-preview:large, max-video-preview:-1\" \/>\n<link rel=\"canonical\" href=\"https:\/\/www.pressenza.com\/it\/2022\/06\/una-porta-delle-culture-a-torino\/\" \/>\n<meta property=\"og:locale\" content=\"it_IT\" \/>\n<meta property=\"og:type\" content=\"article\" \/>\n<meta property=\"og:title\" content=\"Una \u201cPorta delle Culture\u201d a Torino\" \/>\n<meta property=\"og:description\" content=\"Torino \u00e8 da anni una citt\u00e0 multiculturale e Porta Palazzo ne \u00e8 il centro nevralgico. \u00c8 il punto di arrivo, di incontro e di partenza per moltissime\" \/>\n<meta property=\"og:url\" content=\"https:\/\/www.pressenza.com\/it\/2022\/06\/una-porta-delle-culture-a-torino\/\" \/>\n<meta property=\"og:site_name\" content=\"Pressenza\" \/>\n<meta property=\"article:publisher\" content=\"https:\/\/www.facebook.com\/PressenzaItalia\" \/>\n<meta property=\"article:published_time\" content=\"2022-06-16T07:53:29+00:00\" \/>\n<meta property=\"og:image\" content=\"https:\/\/www.pressenza.com\/wp-content\/uploads\/2022\/06\/PortaDelleCulture.jpg\" \/>\n\t<meta property=\"og:image:width\" content=\"1200\" \/>\n\t<meta property=\"og:image:height\" content=\"533\" \/>\n\t<meta property=\"og:image:type\" content=\"image\/jpeg\" \/>\n<meta name=\"author\" content=\"Redazione Torino\" \/>\n<meta name=\"twitter:card\" content=\"summary_large_image\" \/>\n<meta name=\"twitter:creator\" content=\"@PressenzaIPA\" \/>\n<meta name=\"twitter:site\" content=\"@PressenzaIPA\" \/>\n<meta name=\"twitter:label1\" content=\"Scritto da\" \/>\n\t<meta name=\"twitter:data1\" content=\"Redazione Torino\" \/>\n\t<meta name=\"twitter:label2\" content=\"Tempo di lettura stimato\" \/>\n\t<meta name=\"twitter:data2\" content=\"4 minuti\" \/>\n<script type=\"application\/ld+json\" class=\"yoast-schema-graph\">{\"@context\":\"https:\/\/schema.org\",\"@graph\":[{\"@type\":\"Article\",\"@id\":\"https:\/\/www.pressenza.com\/it\/2022\/06\/una-porta-delle-culture-a-torino\/#article\",\"isPartOf\":{\"@id\":\"https:\/\/www.pressenza.com\/it\/2022\/06\/una-porta-delle-culture-a-torino\/\"},\"author\":{\"name\":\"Redazione Torino\",\"@id\":\"https:\/\/www.pressenza.com\/it\/#\/schema\/person\/da0d4ca096515102c096dbbc39d69593\"},\"headline\":\"Una \u201cPorta delle Culture\u201d a Torino\",\"datePublished\":\"2022-06-16T07:53:29+00:00\",\"mainEntityOfPage\":{\"@id\":\"https:\/\/www.pressenza.com\/it\/2022\/06\/una-porta-delle-culture-a-torino\/\"},\"wordCount\":701,\"publisher\":{\"@id\":\"https:\/\/www.pressenza.com\/it\/#organization\"},\"image\":{\"@id\":\"https:\/\/www.pressenza.com\/it\/2022\/06\/una-porta-delle-culture-a-torino\/#primaryimage\"},\"thumbnailUrl\":\"https:\/\/www.pressenza.com\/wp-content\/uploads\/2022\/06\/PortaDelleCulture.jpg\",\"keywords\":[\"Porta delle Culture\",\"Porta Palazzo\",\"Torino\"],\"articleSection\":[\"contenuti originali\",\"Cultura e Media\",\"Europa\",\"Migranti\"],\"inLanguage\":\"it-IT\"},{\"@type\":\"WebPage\",\"@id\":\"https:\/\/www.pressenza.com\/it\/2022\/06\/una-porta-delle-culture-a-torino\/\",\"url\":\"https:\/\/www.pressenza.com\/it\/2022\/06\/una-porta-delle-culture-a-torino\/\",\"name\":\"Una \u201cPorta delle Culture\u201d a Torino\",\"isPartOf\":{\"@id\":\"https:\/\/www.pressenza.com\/it\/#website\"},\"primaryImageOfPage\":{\"@id\":\"https:\/\/www.pressenza.com\/it\/2022\/06\/una-porta-delle-culture-a-torino\/#primaryimage\"},\"image\":{\"@id\":\"https:\/\/www.pressenza.com\/it\/2022\/06\/una-porta-delle-culture-a-torino\/#primaryimage\"},\"thumbnailUrl\":\"https:\/\/www.pressenza.com\/wp-content\/uploads\/2022\/06\/PortaDelleCulture.jpg\",\"datePublished\":\"2022-06-16T07:53:29+00:00\",\"description\":\"Torino \u00e8 da anni una citt\u00e0 multiculturale e Porta Palazzo ne \u00e8 il centro nevralgico. \u00c8 il punto di arrivo, di incontro e di partenza per moltissime\",\"breadcrumb\":{\"@id\":\"https:\/\/www.pressenza.com\/it\/2022\/06\/una-porta-delle-culture-a-torino\/#breadcrumb\"},\"inLanguage\":\"it-IT\",\"potentialAction\":[{\"@type\":\"ReadAction\",\"target\":[\"https:\/\/www.pressenza.com\/it\/2022\/06\/una-porta-delle-culture-a-torino\/\"]}]},{\"@type\":\"ImageObject\",\"inLanguage\":\"it-IT\",\"@id\":\"https:\/\/www.pressenza.com\/it\/2022\/06\/una-porta-delle-culture-a-torino\/#primaryimage\",\"url\":\"https:\/\/www.pressenza.com\/wp-content\/uploads\/2022\/06\/PortaDelleCulture.jpg\",\"contentUrl\":\"https:\/\/www.pressenza.com\/wp-content\/uploads\/2022\/06\/PortaDelleCulture.jpg\",\"width\":1200,\"height\":533},{\"@type\":\"BreadcrumbList\",\"@id\":\"https:\/\/www.pressenza.com\/it\/2022\/06\/una-porta-delle-culture-a-torino\/#breadcrumb\",\"itemListElement\":[{\"@type\":\"ListItem\",\"position\":1,\"name\":\"Accueil\",\"item\":\"https:\/\/www.pressenza.com\/it\/\"},{\"@type\":\"ListItem\",\"position\":2,\"name\":\"Una \u201cPorta delle Culture\u201d a Torino\"}]},{\"@type\":\"WebSite\",\"@id\":\"https:\/\/www.pressenza.com\/it\/#website\",\"url\":\"https:\/\/www.pressenza.com\/it\/\",\"name\":\"Pressenza\",\"description\":\"Agenzia di Stampa Internazionale\",\"publisher\":{\"@id\":\"https:\/\/www.pressenza.com\/it\/#organization\"},\"potentialAction\":[{\"@type\":\"SearchAction\",\"target\":{\"@type\":\"EntryPoint\",\"urlTemplate\":\"https:\/\/www.pressenza.com\/it\/?s={search_term_string}\"},\"query-input\":{\"@type\":\"PropertyValueSpecification\",\"valueRequired\":true,\"valueName\":\"search_term_string\"}}],\"inLanguage\":\"it-IT\"},{\"@type\":\"Organization\",\"@id\":\"https:\/\/www.pressenza.com\/it\/#organization\",\"name\":\"Pressenza\",\"url\":\"https:\/\/www.pressenza.com\/it\/\",\"logo\":{\"@type\":\"ImageObject\",\"inLanguage\":\"it-IT\",\"@id\":\"https:\/\/www.pressenza.com\/it\/#\/schema\/logo\/image\/\",\"url\":\"https:\/\/www.pressenza.com\/wp-content\/uploads\/2022\/10\/pressenza_logo_200x200.jpg\",\"contentUrl\":\"https:\/\/www.pressenza.com\/wp-content\/uploads\/2022\/10\/pressenza_logo_200x200.jpg\",\"width\":200,\"height\":200,\"caption\":\"Pressenza\"},\"image\":{\"@id\":\"https:\/\/www.pressenza.com\/it\/#\/schema\/logo\/image\/\"},\"sameAs\":[\"https:\/\/www.facebook.com\/PressenzaItalia\",\"https:\/\/x.com\/PressenzaIPA\"]},{\"@type\":\"Person\",\"@id\":\"https:\/\/www.pressenza.com\/it\/#\/schema\/person\/da0d4ca096515102c096dbbc39d69593\",\"name\":\"Redazione Torino\",\"description\":\"News from the Pressenza Bureau in Turin, Italy redazione.torino@pressenza.com\",\"url\":\"https:\/\/www.pressenza.com\/it\/author\/redazione-torino\/\"}]}<\/script>\n<!-- \/ Yoast SEO plugin. -->","yoast_head_json":{"title":"Una \u201cPorta delle Culture\u201d a Torino","description":"Torino \u00e8 da anni una citt\u00e0 multiculturale e Porta Palazzo ne \u00e8 il centro nevralgico. \u00c8 il punto di arrivo, di incontro e di partenza per moltissime","robots":{"index":"index","follow":"follow","max-snippet":"max-snippet:-1","max-image-preview":"max-image-preview:large","max-video-preview":"max-video-preview:-1"},"canonical":"https:\/\/www.pressenza.com\/it\/2022\/06\/una-porta-delle-culture-a-torino\/","og_locale":"it_IT","og_type":"article","og_title":"Una \u201cPorta delle Culture\u201d a Torino","og_description":"Torino \u00e8 da anni una citt\u00e0 multiculturale e Porta Palazzo ne \u00e8 il centro nevralgico. \u00c8 il punto di arrivo, di incontro e di partenza per moltissime","og_url":"https:\/\/www.pressenza.com\/it\/2022\/06\/una-porta-delle-culture-a-torino\/","og_site_name":"Pressenza","article_publisher":"https:\/\/www.facebook.com\/PressenzaItalia","article_published_time":"2022-06-16T07:53:29+00:00","og_image":[{"width":1200,"height":533,"url":"https:\/\/www.pressenza.com\/wp-content\/uploads\/2022\/06\/PortaDelleCulture.jpg","type":"image\/jpeg"}],"author":"Redazione Torino","twitter_card":"summary_large_image","twitter_creator":"@PressenzaIPA","twitter_site":"@PressenzaIPA","twitter_misc":{"Scritto da":"Redazione Torino","Tempo di lettura stimato":"4 minuti"},"schema":{"@context":"https:\/\/schema.org","@graph":[{"@type":"Article","@id":"https:\/\/www.pressenza.com\/it\/2022\/06\/una-porta-delle-culture-a-torino\/#article","isPartOf":{"@id":"https:\/\/www.pressenza.com\/it\/2022\/06\/una-porta-delle-culture-a-torino\/"},"author":{"name":"Redazione Torino","@id":"https:\/\/www.pressenza.com\/it\/#\/schema\/person\/da0d4ca096515102c096dbbc39d69593"},"headline":"Una \u201cPorta delle Culture\u201d a Torino","datePublished":"2022-06-16T07:53:29+00:00","mainEntityOfPage":{"@id":"https:\/\/www.pressenza.com\/it\/2022\/06\/una-porta-delle-culture-a-torino\/"},"wordCount":701,"publisher":{"@id":"https:\/\/www.pressenza.com\/it\/#organization"},"image":{"@id":"https:\/\/www.pressenza.com\/it\/2022\/06\/una-porta-delle-culture-a-torino\/#primaryimage"},"thumbnailUrl":"https:\/\/www.pressenza.com\/wp-content\/uploads\/2022\/06\/PortaDelleCulture.jpg","keywords":["Porta delle Culture","Porta Palazzo","Torino"],"articleSection":["contenuti originali","Cultura e Media","Europa","Migranti"],"inLanguage":"it-IT"},{"@type":"WebPage","@id":"https:\/\/www.pressenza.com\/it\/2022\/06\/una-porta-delle-culture-a-torino\/","url":"https:\/\/www.pressenza.com\/it\/2022\/06\/una-porta-delle-culture-a-torino\/","name":"Una \u201cPorta delle Culture\u201d a Torino","isPartOf":{"@id":"https:\/\/www.pressenza.com\/it\/#website"},"primaryImageOfPage":{"@id":"https:\/\/www.pressenza.com\/it\/2022\/06\/una-porta-delle-culture-a-torino\/#primaryimage"},"image":{"@id":"https:\/\/www.pressenza.com\/it\/2022\/06\/una-porta-delle-culture-a-torino\/#primaryimage"},"thumbnailUrl":"https:\/\/www.pressenza.com\/wp-content\/uploads\/2022\/06\/PortaDelleCulture.jpg","datePublished":"2022-06-16T07:53:29+00:00","description":"Torino \u00e8 da anni una citt\u00e0 multiculturale e Porta Palazzo ne \u00e8 il centro nevralgico. \u00c8 il punto di arrivo, di incontro e di partenza per moltissime","breadcrumb":{"@id":"https:\/\/www.pressenza.com\/it\/2022\/06\/una-porta-delle-culture-a-torino\/#breadcrumb"},"inLanguage":"it-IT","potentialAction":[{"@type":"ReadAction","target":["https:\/\/www.pressenza.com\/it\/2022\/06\/una-porta-delle-culture-a-torino\/"]}]},{"@type":"ImageObject","inLanguage":"it-IT","@id":"https:\/\/www.pressenza.com\/it\/2022\/06\/una-porta-delle-culture-a-torino\/#primaryimage","url":"https:\/\/www.pressenza.com\/wp-content\/uploads\/2022\/06\/PortaDelleCulture.jpg","contentUrl":"https:\/\/www.pressenza.com\/wp-content\/uploads\/2022\/06\/PortaDelleCulture.jpg","width":1200,"height":533},{"@type":"BreadcrumbList","@id":"https:\/\/www.pressenza.com\/it\/2022\/06\/una-porta-delle-culture-a-torino\/#breadcrumb","itemListElement":[{"@type":"ListItem","position":1,"name":"Accueil","item":"https:\/\/www.pressenza.com\/it\/"},{"@type":"ListItem","position":2,"name":"Una \u201cPorta delle Culture\u201d a Torino"}]},{"@type":"WebSite","@id":"https:\/\/www.pressenza.com\/it\/#website","url":"https:\/\/www.pressenza.com\/it\/","name":"Pressenza","description":"Agenzia di Stampa Internazionale","publisher":{"@id":"https:\/\/www.pressenza.com\/it\/#organization"},"potentialAction":[{"@type":"SearchAction","target":{"@type":"EntryPoint","urlTemplate":"https:\/\/www.pressenza.com\/it\/?s={search_term_string}"},"query-input":{"@type":"PropertyValueSpecification","valueRequired":true,"valueName":"search_term_string"}}],"inLanguage":"it-IT"},{"@type":"Organization","@id":"https:\/\/www.pressenza.com\/it\/#organization","name":"Pressenza","url":"https:\/\/www.pressenza.com\/it\/","logo":{"@type":"ImageObject","inLanguage":"it-IT","@id":"https:\/\/www.pressenza.com\/it\/#\/schema\/logo\/image\/","url":"https:\/\/www.pressenza.com\/wp-content\/uploads\/2022\/10\/pressenza_logo_200x200.jpg","contentUrl":"https:\/\/www.pressenza.com\/wp-content\/uploads\/2022\/10\/pressenza_logo_200x200.jpg","width":200,"height":200,"caption":"Pressenza"},"image":{"@id":"https:\/\/www.pressenza.com\/it\/#\/schema\/logo\/image\/"},"sameAs":["https:\/\/www.facebook.com\/PressenzaItalia","https:\/\/x.com\/PressenzaIPA"]},{"@type":"Person","@id":"https:\/\/www.pressenza.com\/it\/#\/schema\/person\/da0d4ca096515102c096dbbc39d69593","name":"Redazione Torino","description":"News from the Pressenza Bureau in Turin, Italy redazione.torino@pressenza.com","url":"https:\/\/www.pressenza.com\/it\/author\/redazione-torino\/"}]}},"place":"Daniela Brina","original_article_url":"","_links":{"self":[{"href":"https:\/\/www.pressenza.com\/it\/wp-json\/wp\/v2\/posts\/1605256","targetHints":{"allow":["GET"]}}],"collection":[{"href":"https:\/\/www.pressenza.com\/it\/wp-json\/wp\/v2\/posts"}],"about":[{"href":"https:\/\/www.pressenza.com\/it\/wp-json\/wp\/v2\/types\/post"}],"author":[{"embeddable":true,"href":"https:\/\/www.pressenza.com\/it\/wp-json\/wp\/v2\/users\/1640"}],"replies":[{"embeddable":true,"href":"https:\/\/www.pressenza.com\/it\/wp-json\/wp\/v2\/comments?post=1605256"}],"version-history":[{"count":0,"href":"https:\/\/www.pressenza.com\/it\/wp-json\/wp\/v2\/posts\/1605256\/revisions"}],"wp:featuredmedia":[{"embeddable":true,"href":"https:\/\/www.pressenza.com\/it\/wp-json\/wp\/v2\/media\/1605257"}],"wp:attachment":[{"href":"https:\/\/www.pressenza.com\/it\/wp-json\/wp\/v2\/media?parent=1605256"}],"wp:term":[{"taxonomy":"category","embeddable":true,"href":"https:\/\/www.pressenza.com\/it\/wp-json\/wp\/v2\/categories?post=1605256"},{"taxonomy":"post_tag","embeddable":true,"href":"https:\/\/www.pressenza.com\/it\/wp-json\/wp\/v2\/tags?post=1605256"}],"curies":[{"name":"wp","href":"https:\/\/api.w.org\/{rel}","templated":true}]}}