{"id":1605111,"date":"2022-06-15T22:31:41","date_gmt":"2022-06-15T21:31:41","guid":{"rendered":"https:\/\/www.pressenza.com\/?p=1605111"},"modified":"2022-06-15T22:33:16","modified_gmt":"2022-06-15T21:33:16","slug":"il-furore-dilaga-in-citta","status":"publish","type":"post","link":"https:\/\/www.pressenza.com\/it\/2022\/06\/il-furore-dilaga-in-citta\/","title":{"rendered":"Il furore dilaga in citt\u00e0"},"content":{"rendered":"<p>\u201c<em>La piazza comincia a riempirsi di gente. Ad un certo punto si accorge di essere diventata maggioranza. La marea degli operai inizia a sciamare in tutta la citt\u00e0 e comincia a dare l\u2019assalto alle case dei traditori. Chi sono i traditori? Sono quei popolani grassi che sono diventati troppo grassi. La gente li conosce per nome. Andiamo a bruciargli la casa! Il governo \u00e8 corrotto e traditore, la giustizia \u00e8 traditrice. Andiamo a bruciargli la casa! Il furore dilaga in citt\u00e0<\/em>\u201d.<\/p>\n<p>Come non pensare alla Rivolta dei Ciompi del 1378, raccontata dal professor Alessandro Barbero, leggendo le cronache che arrivano con il contagocce dallo Sri Lanka, i cui abitanti sono costretti alla povert\u00e0, alla fame, alla morte da una delle tante crisi del capitalismo giunta a dama. Uno shock politico ed economico dalle tante radici: il taglio (assurdo) delle tasse, la successiva crisi del debito e il logico default, la crisi ecologica, la crisi sanitaria imposta dal Covid, una transizione agricola forzata, la repressione delle proteste, la guerra.<\/p>\n<p>La rivolta contro il governo \u2013 singalesi e tamil di ogni gruppo, religione, et\u00e0, ideologia, professione e ceto sociale sono uniti \u2013 \u00e8 sacrosanta. Sono stati portati all\u2019esasperazione, rapinati delle loro risorse, privati delle cure sanitarie, costretti a prezzi esorbitanti per i beni di prima necessit\u00e0; hanno subito la costruzione di grandi opere inutili e dannose (la realizzazione dell\u2019aeroporto di Mattala Rajapaksa ha inciso fortemente sul debito pubblico ed \u00e8 desolatamente vuoto da sempre), gli asset statali sono stati ceduti ai voraci investitori stranieri, la classe politica corrotta ha da sempre avuto il plauso dei media. Esasperati, stanno letteralmente bruciando le case dei politici, devastando le loro propriet\u00e0, distruggendo istituzioni private di ogni credibilit\u00e0.<\/p>\n<p>Se la situazione vi ricorda da vicino la deriva italiana, considerate le ovvie differenze, abbiamo l\u2019obbligo di partecipare criticamente alla gestione del bene comune, di impedire che la crisi sia gestita \u201ccontro il popolo\u201d e smetterla di favorire con il voto le marionette liberiste che cassano, giorno dopo giorno, i valori alla base della Costituzione. Non abbiamo pi\u00f9 alibi.<\/p>\n<p class=\"has-text-align-right\"><em>da\u00a0<a href=\"https:\/\/www.cristianolucchi.it\/category\/fuori-binario\/resistenze\/\" data-type=\"category\" data-id=\"237\">Resistenze<\/a>, rubrica di Fuori Binario del 1 Giugno 2022<\/em><\/p>\n","protected":false},"excerpt":{"rendered":"<p>\u201cLa piazza comincia a riempirsi di gente. Ad un certo punto si accorge di essere diventata maggioranza. La marea degli operai inizia a sciamare in tutta la citt\u00e0 e comincia a dare l\u2019assalto alle case dei traditori. Chi sono i&hellip;<\/p>\n","protected":false},"author":908,"featured_media":1605112,"comment_status":"closed","ping_status":"closed","sticky":false,"template":"","format":"standard","meta":{"footnotes":""},"categories":[60,47,162],"tags":[3502,3554],"class_list":["post-1605111","post","type-post","status-publish","format-standard","has-post-thumbnail","hentry","category-diritti-umani","category-europa","category-opinioni","tag-proteste","tag-sri-lanka"],"yoast_head":"<!-- This site is optimized with the Yoast SEO plugin v27.1.1 - https:\/\/yoast.com\/product\/yoast-seo-wordpress\/ -->\n<title>Il furore dilaga in citt\u00e0<\/title>\n<meta name=\"description\" content=\"Come non pensare alla Rivolta dei Ciompi del 1378 leggendo le cronache che arrivano con il contagocce dallo Sri Lanka, i cui abitanti sono costretti alla povert\u00e0, alla fame, alla morte da una delle tante crisi del capitalismo\" \/>\n<meta name=\"robots\" content=\"index, follow, max-snippet:-1, max-image-preview:large, max-video-preview:-1\" \/>\n<link rel=\"canonical\" href=\"https:\/\/www.pressenza.com\/it\/2022\/06\/il-furore-dilaga-in-citta\/\" \/>\n<meta property=\"og:locale\" content=\"it_IT\" \/>\n<meta property=\"og:type\" content=\"article\" \/>\n<meta property=\"og:title\" content=\"Il furore dilaga in citt\u00e0\" \/>\n<meta property=\"og:description\" content=\"Come non pensare alla Rivolta dei Ciompi del 1378 leggendo le cronache che arrivano con il contagocce dallo Sri Lanka, i cui abitanti sono costretti alla povert\u00e0, alla fame, alla morte da una delle tante crisi del capitalismo\" \/>\n<meta property=\"og:url\" content=\"https:\/\/www.pressenza.com\/it\/2022\/06\/il-furore-dilaga-in-citta\/\" \/>\n<meta property=\"og:site_name\" content=\"Pressenza\" \/>\n<meta property=\"article:publisher\" content=\"https:\/\/www.facebook.com\/PressenzaItalia\" \/>\n<meta property=\"article:published_time\" content=\"2022-06-15T21:31:41+00:00\" \/>\n<meta property=\"article:modified_time\" content=\"2022-06-15T21:33:16+00:00\" \/>\n<meta property=\"og:image\" content=\"https:\/\/www.pressenza.com\/wp-content\/uploads\/2022\/06\/Proteste-in-Sri-Lanka.jpg\" \/>\n\t<meta property=\"og:image:width\" content=\"820\" \/>\n\t<meta property=\"og:image:height\" content=\"463\" \/>\n\t<meta property=\"og:image:type\" content=\"image\/jpeg\" \/>\n<meta name=\"author\" content=\"Per Un&#039;Altra Citt\u00e0\" \/>\n<meta name=\"twitter:card\" content=\"summary_large_image\" \/>\n<meta name=\"twitter:creator\" content=\"@PressenzaIPA\" \/>\n<meta name=\"twitter:site\" content=\"@PressenzaIPA\" \/>\n<meta name=\"twitter:label1\" content=\"Scritto da\" \/>\n\t<meta name=\"twitter:data1\" content=\"Per Un&#039;Altra Citt\u00e0\" \/>\n\t<meta name=\"twitter:label2\" content=\"Tempo di lettura stimato\" \/>\n\t<meta name=\"twitter:data2\" content=\"2 minuti\" \/>\n<script type=\"application\/ld+json\" class=\"yoast-schema-graph\">{\"@context\":\"https:\/\/schema.org\",\"@graph\":[{\"@type\":\"Article\",\"@id\":\"https:\/\/www.pressenza.com\/it\/2022\/06\/il-furore-dilaga-in-citta\/#article\",\"isPartOf\":{\"@id\":\"https:\/\/www.pressenza.com\/it\/2022\/06\/il-furore-dilaga-in-citta\/\"},\"author\":{\"name\":\"Per Un'Altra Citt\u00e0\",\"@id\":\"https:\/\/www.pressenza.com\/it\/#\/schema\/person\/8a889880adf4f5530e4a3b7470e5e299\"},\"headline\":\"Il furore dilaga in citt\u00e0\",\"datePublished\":\"2022-06-15T21:31:41+00:00\",\"dateModified\":\"2022-06-15T21:33:16+00:00\",\"mainEntityOfPage\":{\"@id\":\"https:\/\/www.pressenza.com\/it\/2022\/06\/il-furore-dilaga-in-citta\/\"},\"wordCount\":351,\"publisher\":{\"@id\":\"https:\/\/www.pressenza.com\/it\/#organization\"},\"image\":{\"@id\":\"https:\/\/www.pressenza.com\/it\/2022\/06\/il-furore-dilaga-in-citta\/#primaryimage\"},\"thumbnailUrl\":\"https:\/\/www.pressenza.com\/wp-content\/uploads\/2022\/06\/Proteste-in-Sri-Lanka.jpg\",\"keywords\":[\"proteste\",\"Sri Lanka\"],\"articleSection\":[\"Diritti Umani\",\"Europa\",\"Opinioni\"],\"inLanguage\":\"it-IT\"},{\"@type\":\"WebPage\",\"@id\":\"https:\/\/www.pressenza.com\/it\/2022\/06\/il-furore-dilaga-in-citta\/\",\"url\":\"https:\/\/www.pressenza.com\/it\/2022\/06\/il-furore-dilaga-in-citta\/\",\"name\":\"Il furore dilaga in citt\u00e0\",\"isPartOf\":{\"@id\":\"https:\/\/www.pressenza.com\/it\/#website\"},\"primaryImageOfPage\":{\"@id\":\"https:\/\/www.pressenza.com\/it\/2022\/06\/il-furore-dilaga-in-citta\/#primaryimage\"},\"image\":{\"@id\":\"https:\/\/www.pressenza.com\/it\/2022\/06\/il-furore-dilaga-in-citta\/#primaryimage\"},\"thumbnailUrl\":\"https:\/\/www.pressenza.com\/wp-content\/uploads\/2022\/06\/Proteste-in-Sri-Lanka.jpg\",\"datePublished\":\"2022-06-15T21:31:41+00:00\",\"dateModified\":\"2022-06-15T21:33:16+00:00\",\"description\":\"Come non pensare alla Rivolta dei Ciompi del 1378 leggendo le cronache che arrivano con il contagocce dallo Sri Lanka, i cui abitanti sono costretti alla povert\u00e0, alla fame, alla morte da una delle tante crisi del capitalismo\",\"breadcrumb\":{\"@id\":\"https:\/\/www.pressenza.com\/it\/2022\/06\/il-furore-dilaga-in-citta\/#breadcrumb\"},\"inLanguage\":\"it-IT\",\"potentialAction\":[{\"@type\":\"ReadAction\",\"target\":[\"https:\/\/www.pressenza.com\/it\/2022\/06\/il-furore-dilaga-in-citta\/\"]}]},{\"@type\":\"ImageObject\",\"inLanguage\":\"it-IT\",\"@id\":\"https:\/\/www.pressenza.com\/it\/2022\/06\/il-furore-dilaga-in-citta\/#primaryimage\",\"url\":\"https:\/\/www.pressenza.com\/wp-content\/uploads\/2022\/06\/Proteste-in-Sri-Lanka.jpg\",\"contentUrl\":\"https:\/\/www.pressenza.com\/wp-content\/uploads\/2022\/06\/Proteste-in-Sri-Lanka.jpg\",\"width\":820,\"height\":463},{\"@type\":\"BreadcrumbList\",\"@id\":\"https:\/\/www.pressenza.com\/it\/2022\/06\/il-furore-dilaga-in-citta\/#breadcrumb\",\"itemListElement\":[{\"@type\":\"ListItem\",\"position\":1,\"name\":\"Accueil\",\"item\":\"https:\/\/www.pressenza.com\/it\/\"},{\"@type\":\"ListItem\",\"position\":2,\"name\":\"Il furore dilaga in citt\u00e0\"}]},{\"@type\":\"WebSite\",\"@id\":\"https:\/\/www.pressenza.com\/it\/#website\",\"url\":\"https:\/\/www.pressenza.com\/it\/\",\"name\":\"Pressenza\",\"description\":\"Agenzia di Stampa Internazionale\",\"publisher\":{\"@id\":\"https:\/\/www.pressenza.com\/it\/#organization\"},\"potentialAction\":[{\"@type\":\"SearchAction\",\"target\":{\"@type\":\"EntryPoint\",\"urlTemplate\":\"https:\/\/www.pressenza.com\/it\/?s={search_term_string}\"},\"query-input\":{\"@type\":\"PropertyValueSpecification\",\"valueRequired\":true,\"valueName\":\"search_term_string\"}}],\"inLanguage\":\"it-IT\"},{\"@type\":\"Organization\",\"@id\":\"https:\/\/www.pressenza.com\/it\/#organization\",\"name\":\"Pressenza\",\"url\":\"https:\/\/www.pressenza.com\/it\/\",\"logo\":{\"@type\":\"ImageObject\",\"inLanguage\":\"it-IT\",\"@id\":\"https:\/\/www.pressenza.com\/it\/#\/schema\/logo\/image\/\",\"url\":\"https:\/\/www.pressenza.com\/wp-content\/uploads\/2022\/10\/pressenza_logo_200x200.jpg\",\"contentUrl\":\"https:\/\/www.pressenza.com\/wp-content\/uploads\/2022\/10\/pressenza_logo_200x200.jpg\",\"width\":200,\"height\":200,\"caption\":\"Pressenza\"},\"image\":{\"@id\":\"https:\/\/www.pressenza.com\/it\/#\/schema\/logo\/image\/\"},\"sameAs\":[\"https:\/\/www.facebook.com\/PressenzaItalia\",\"https:\/\/x.com\/PressenzaIPA\"]},{\"@type\":\"Person\",\"@id\":\"https:\/\/www.pressenza.com\/it\/#\/schema\/person\/8a889880adf4f5530e4a3b7470e5e299\",\"name\":\"Per Un'Altra Citt\u00e0\",\"description\":\"Lista di cittadinanza a Firenze\",\"sameAs\":[\"http:\/\/www.perunaltracitta.org\"],\"url\":\"https:\/\/www.pressenza.com\/it\/author\/per-un-altra-citta\/\"}]}<\/script>\n<!-- \/ Yoast SEO plugin. -->","yoast_head_json":{"title":"Il furore dilaga in citt\u00e0","description":"Come non pensare alla Rivolta dei Ciompi del 1378 leggendo le cronache che arrivano con il contagocce dallo Sri Lanka, i cui abitanti sono costretti alla povert\u00e0, alla fame, alla morte da una delle tante crisi del capitalismo","robots":{"index":"index","follow":"follow","max-snippet":"max-snippet:-1","max-image-preview":"max-image-preview:large","max-video-preview":"max-video-preview:-1"},"canonical":"https:\/\/www.pressenza.com\/it\/2022\/06\/il-furore-dilaga-in-citta\/","og_locale":"it_IT","og_type":"article","og_title":"Il furore dilaga in citt\u00e0","og_description":"Come non pensare alla Rivolta dei Ciompi del 1378 leggendo le cronache che arrivano con il contagocce dallo Sri Lanka, i cui abitanti sono costretti alla povert\u00e0, alla fame, alla morte da una delle tante crisi del capitalismo","og_url":"https:\/\/www.pressenza.com\/it\/2022\/06\/il-furore-dilaga-in-citta\/","og_site_name":"Pressenza","article_publisher":"https:\/\/www.facebook.com\/PressenzaItalia","article_published_time":"2022-06-15T21:31:41+00:00","article_modified_time":"2022-06-15T21:33:16+00:00","og_image":[{"width":820,"height":463,"url":"https:\/\/www.pressenza.com\/wp-content\/uploads\/2022\/06\/Proteste-in-Sri-Lanka.jpg","type":"image\/jpeg"}],"author":"Per Un'Altra Citt\u00e0","twitter_card":"summary_large_image","twitter_creator":"@PressenzaIPA","twitter_site":"@PressenzaIPA","twitter_misc":{"Scritto da":"Per Un'Altra Citt\u00e0","Tempo di lettura stimato":"2 minuti"},"schema":{"@context":"https:\/\/schema.org","@graph":[{"@type":"Article","@id":"https:\/\/www.pressenza.com\/it\/2022\/06\/il-furore-dilaga-in-citta\/#article","isPartOf":{"@id":"https:\/\/www.pressenza.com\/it\/2022\/06\/il-furore-dilaga-in-citta\/"},"author":{"name":"Per Un'Altra Citt\u00e0","@id":"https:\/\/www.pressenza.com\/it\/#\/schema\/person\/8a889880adf4f5530e4a3b7470e5e299"},"headline":"Il furore dilaga in citt\u00e0","datePublished":"2022-06-15T21:31:41+00:00","dateModified":"2022-06-15T21:33:16+00:00","mainEntityOfPage":{"@id":"https:\/\/www.pressenza.com\/it\/2022\/06\/il-furore-dilaga-in-citta\/"},"wordCount":351,"publisher":{"@id":"https:\/\/www.pressenza.com\/it\/#organization"},"image":{"@id":"https:\/\/www.pressenza.com\/it\/2022\/06\/il-furore-dilaga-in-citta\/#primaryimage"},"thumbnailUrl":"https:\/\/www.pressenza.com\/wp-content\/uploads\/2022\/06\/Proteste-in-Sri-Lanka.jpg","keywords":["proteste","Sri Lanka"],"articleSection":["Diritti Umani","Europa","Opinioni"],"inLanguage":"it-IT"},{"@type":"WebPage","@id":"https:\/\/www.pressenza.com\/it\/2022\/06\/il-furore-dilaga-in-citta\/","url":"https:\/\/www.pressenza.com\/it\/2022\/06\/il-furore-dilaga-in-citta\/","name":"Il furore dilaga in citt\u00e0","isPartOf":{"@id":"https:\/\/www.pressenza.com\/it\/#website"},"primaryImageOfPage":{"@id":"https:\/\/www.pressenza.com\/it\/2022\/06\/il-furore-dilaga-in-citta\/#primaryimage"},"image":{"@id":"https:\/\/www.pressenza.com\/it\/2022\/06\/il-furore-dilaga-in-citta\/#primaryimage"},"thumbnailUrl":"https:\/\/www.pressenza.com\/wp-content\/uploads\/2022\/06\/Proteste-in-Sri-Lanka.jpg","datePublished":"2022-06-15T21:31:41+00:00","dateModified":"2022-06-15T21:33:16+00:00","description":"Come non pensare alla Rivolta dei Ciompi del 1378 leggendo le cronache che arrivano con il contagocce dallo Sri Lanka, i cui abitanti sono costretti alla povert\u00e0, alla fame, alla morte da una delle tante crisi del capitalismo","breadcrumb":{"@id":"https:\/\/www.pressenza.com\/it\/2022\/06\/il-furore-dilaga-in-citta\/#breadcrumb"},"inLanguage":"it-IT","potentialAction":[{"@type":"ReadAction","target":["https:\/\/www.pressenza.com\/it\/2022\/06\/il-furore-dilaga-in-citta\/"]}]},{"@type":"ImageObject","inLanguage":"it-IT","@id":"https:\/\/www.pressenza.com\/it\/2022\/06\/il-furore-dilaga-in-citta\/#primaryimage","url":"https:\/\/www.pressenza.com\/wp-content\/uploads\/2022\/06\/Proteste-in-Sri-Lanka.jpg","contentUrl":"https:\/\/www.pressenza.com\/wp-content\/uploads\/2022\/06\/Proteste-in-Sri-Lanka.jpg","width":820,"height":463},{"@type":"BreadcrumbList","@id":"https:\/\/www.pressenza.com\/it\/2022\/06\/il-furore-dilaga-in-citta\/#breadcrumb","itemListElement":[{"@type":"ListItem","position":1,"name":"Accueil","item":"https:\/\/www.pressenza.com\/it\/"},{"@type":"ListItem","position":2,"name":"Il furore dilaga in citt\u00e0"}]},{"@type":"WebSite","@id":"https:\/\/www.pressenza.com\/it\/#website","url":"https:\/\/www.pressenza.com\/it\/","name":"Pressenza","description":"Agenzia di Stampa Internazionale","publisher":{"@id":"https:\/\/www.pressenza.com\/it\/#organization"},"potentialAction":[{"@type":"SearchAction","target":{"@type":"EntryPoint","urlTemplate":"https:\/\/www.pressenza.com\/it\/?s={search_term_string}"},"query-input":{"@type":"PropertyValueSpecification","valueRequired":true,"valueName":"search_term_string"}}],"inLanguage":"it-IT"},{"@type":"Organization","@id":"https:\/\/www.pressenza.com\/it\/#organization","name":"Pressenza","url":"https:\/\/www.pressenza.com\/it\/","logo":{"@type":"ImageObject","inLanguage":"it-IT","@id":"https:\/\/www.pressenza.com\/it\/#\/schema\/logo\/image\/","url":"https:\/\/www.pressenza.com\/wp-content\/uploads\/2022\/10\/pressenza_logo_200x200.jpg","contentUrl":"https:\/\/www.pressenza.com\/wp-content\/uploads\/2022\/10\/pressenza_logo_200x200.jpg","width":200,"height":200,"caption":"Pressenza"},"image":{"@id":"https:\/\/www.pressenza.com\/it\/#\/schema\/logo\/image\/"},"sameAs":["https:\/\/www.facebook.com\/PressenzaItalia","https:\/\/x.com\/PressenzaIPA"]},{"@type":"Person","@id":"https:\/\/www.pressenza.com\/it\/#\/schema\/person\/8a889880adf4f5530e4a3b7470e5e299","name":"Per Un'Altra Citt\u00e0","description":"Lista di cittadinanza a Firenze","sameAs":["http:\/\/www.perunaltracitta.org"],"url":"https:\/\/www.pressenza.com\/it\/author\/per-un-altra-citta\/"}]}},"place":"Cristiano Lucchi","original_article_url":"https:\/\/www.perunaltracitta.org\/homepage\/2022\/06\/08\/il-furore-dilaga-in-citta\/","_links":{"self":[{"href":"https:\/\/www.pressenza.com\/it\/wp-json\/wp\/v2\/posts\/1605111","targetHints":{"allow":["GET"]}}],"collection":[{"href":"https:\/\/www.pressenza.com\/it\/wp-json\/wp\/v2\/posts"}],"about":[{"href":"https:\/\/www.pressenza.com\/it\/wp-json\/wp\/v2\/types\/post"}],"author":[{"embeddable":true,"href":"https:\/\/www.pressenza.com\/it\/wp-json\/wp\/v2\/users\/908"}],"replies":[{"embeddable":true,"href":"https:\/\/www.pressenza.com\/it\/wp-json\/wp\/v2\/comments?post=1605111"}],"version-history":[{"count":0,"href":"https:\/\/www.pressenza.com\/it\/wp-json\/wp\/v2\/posts\/1605111\/revisions"}],"wp:featuredmedia":[{"embeddable":true,"href":"https:\/\/www.pressenza.com\/it\/wp-json\/wp\/v2\/media\/1605112"}],"wp:attachment":[{"href":"https:\/\/www.pressenza.com\/it\/wp-json\/wp\/v2\/media?parent=1605111"}],"wp:term":[{"taxonomy":"category","embeddable":true,"href":"https:\/\/www.pressenza.com\/it\/wp-json\/wp\/v2\/categories?post=1605111"},{"taxonomy":"post_tag","embeddable":true,"href":"https:\/\/www.pressenza.com\/it\/wp-json\/wp\/v2\/tags?post=1605111"}],"curies":[{"name":"wp","href":"https:\/\/api.w.org\/{rel}","templated":true}]}}