{"id":1602710,"date":"2022-06-12T08:57:39","date_gmt":"2022-06-12T07:57:39","guid":{"rendered":"https:\/\/www.pressenza.com\/?p=1602710"},"modified":"2022-06-12T08:57:39","modified_gmt":"2022-06-12T07:57:39","slug":"le-declinazioni-del-concetto-e-della-condizione-di-pace","status":"publish","type":"post","link":"https:\/\/www.pressenza.com\/it\/2022\/06\/le-declinazioni-del-concetto-e-della-condizione-di-pace\/","title":{"rendered":"Le declinazioni del concetto e della condizione di pace"},"content":{"rendered":"<p>\u00c8 sempre pi\u00f9 necessario muoverci e mobilitarci come popolo pacifista e comunista contro la guerra. In questo momento \u00e8 necessaria l\u2019unione di queste istituzioni: i partiti comunisti e i movimenti pacifisti.<\/p>\n<p><strong>Ma dove sono i pacifisti? Cosa significa pace?<\/strong><\/p>\n<p>La pace \u00e8 un concetto chiave che per estensione concreta e attuativa racchiude tutti i problemi della societ\u00e0 civile e dell\u2019umanit\u00e0 in senso\u00a0lato. Se la pace mondiale dominasse il nostro pianeta si risolverebbero davvero tutti i problemi che affliggono le specie viventi sulla\u00a0terra.<\/p>\n<p><strong>Le problematiche inerenti la pace<\/strong><\/p>\n<p>La\u00a0pace contro l\u2019attivit\u00e0 militare che trova la sua massima espressione nella guerra\u00a0 nucleare. La\u00a0pace per la risoluzione dei cambiamenti e dei dissesti climatici causati dalle eccessive emissioni di gas serra di origine antropica nell\u2019atmosfera e derivanti per il 20% dall&#8217;inquinamento prodotto dalle attivit\u00e0 di guerra e dalle esercitazioni militari e dagli svariati conflitti in corso. Pace e disuguaglianza sociale globale con lo sfruttamento dei lavoratori tramite il neoliberismo imperante e il capitalismo feroce e nello specifico il neofascismo e il fascismo nei luoghi di lavoro e nelle\u00a0istituzioni. La\u00a0pace comporta l\u2019assenza di violenza strutturale, la parit\u00e0 di genere, la prevenzione della violenza sulle donne che trova il suo culmine e il suo massima risvolto e tragico epilogo nel femminicidio, una autentica piaga della societ\u00e0, trasversale a ogni contesto e a ogni luogo del pianeta.<\/p>\n<p>La prevenzione della violenza contro gli LGBTQ, contro tutti i pi\u00f9 fragili della terra. La\u00a0pace risolverebbe i flussi migratori, le migrazioni forzate. Dal concetto di pace e affermando i contesti della pace si declina un mondo\u00a0migliore.<\/p>\n<p><strong>La\u00a0pace non \u00e8 solo assenza di guerra<\/strong><\/p>\n<p>La\u00a0pace non \u00e8 solo assenza di guerra, ma \u00e8 risoluzione di tutte queste emergenze e minacce che affliggono i popoli del pianeta, come la corsa agli armamenti e l\u2019incremento esponenziale delle spese militari e la subcultura del nemico. La guerra in atto in Ucraina e le tante e molteplici guerre in corso nel nostro mondo, stanno toccando le corde degli italiani e degli europei.<\/p>\n<p><strong>Pacifismo come forza politica strutturata e organizzata in Parlamento<\/strong><\/p>\n<p>Dunque non \u00e8 il momento che il pacifismo entri e sia rappresentato come innovativa forza politica in Parlamento? Come pacifisti non ci sentiamo rappresentati nel Parlamento europeo e italiano.<\/p>\n<p>Per avere una speranza di successo elettorale una forza politica pacifista non deve limitarsi a lanciare slogan e comparire solo quando scoppia una guerra vera e\u00a0propria. Se \u00e8 capace di mobilitare persone, il \u00a0popolo pacifista deve trattare tutti i\u00a0problemi e tutte le questioni sociali. Al centro deve essere sempre il significato di pace e la proposta pacifista su tutte le questioni attuali\u00a0irrisolte.<\/p>\n<p><strong>Evitare le formule pleonastiche<\/strong><\/p>\n<p>Ad\u00a0esempio affermare sempre che noi siamo i pacifisti perch\u00e9 siamo contro la guerra \u00e8 solo un sillogismo, una formula pleonastica, che non porta a\u00a0risultati. Vi\u00a0\u00e8 la possibilit\u00e0 che il pacifismo diventi una forza politica organizzata per entrare e contare nel Parlamento italiano ed europeo? Se un esperimento politico pacifista venisse proposto nelle elezioni politiche del 2023 e se in Italia funzionasse e riscuotesse credibilit\u00e0, sarebbe poi possibile ripeterlo con le elezioni europee del 2024.<\/p>\n<p>Il pacifismo pu\u00f2 contrastare il capitalismo e il neoliberismo ed \u00e8 un valore talmente vasto che dovrebbe accomunare tutti i paesi, soprattutto quelli sotto il controllo della Nato.<\/p>\n","protected":false},"excerpt":{"rendered":"<p>\u00c8 sempre pi\u00f9 necessario muoverci e mobilitarci come popolo pacifista e comunista contro la guerra. In questo momento \u00e8 necessaria l\u2019unione di queste istituzioni: i partiti comunisti e i movimenti pacifisti. Ma dove sono i pacifisti? Cosa significa pace? La&hellip;<\/p>\n","protected":false},"author":535,"featured_media":1529635,"comment_status":"closed","ping_status":"closed","sticky":false,"template":"","format":"standard","meta":{"footnotes":""},"categories":[47,162,1263,55],"tags":[6933,54553,616,8306,66170,1419],"class_list":["post-1602710","post","type-post","status-publish","format-standard","has-post-thumbnail","hentry","category-europa","category-opinioni","category-pace-disarmo","category-politica","tag-cambiamenti-climatici","tag-capitalismo-es-it","tag-elezioni","tag-neoliberismo","tag-pacifismo-2-it","tag-spese-militari"],"yoast_head":"<!-- This site is optimized with the Yoast SEO plugin v27.1.1 - https:\/\/yoast.com\/product\/yoast-seo-wordpress\/ -->\n<title>Le declinazioni del concetto e della condizione di pace<\/title>\n<meta name=\"description\" content=\"\u00c8 sempre pi\u00f9 necessario muoverci e mobilitarci come popolo pacifista e comunista contro la guerra. In questo momento \u00e8 necessaria l\u2019unione di queste\" \/>\n<meta name=\"robots\" content=\"index, follow, max-snippet:-1, max-image-preview:large, max-video-preview:-1\" \/>\n<link rel=\"canonical\" href=\"https:\/\/www.pressenza.com\/it\/2022\/06\/le-declinazioni-del-concetto-e-della-condizione-di-pace\/\" \/>\n<meta property=\"og:locale\" content=\"it_IT\" \/>\n<meta property=\"og:type\" content=\"article\" \/>\n<meta property=\"og:title\" content=\"Le declinazioni del concetto e della condizione di pace\" \/>\n<meta property=\"og:description\" content=\"\u00c8 sempre pi\u00f9 necessario muoverci e mobilitarci come popolo pacifista e comunista contro la guerra. In questo momento \u00e8 necessaria l\u2019unione di queste\" \/>\n<meta property=\"og:url\" content=\"https:\/\/www.pressenza.com\/it\/2022\/06\/le-declinazioni-del-concetto-e-della-condizione-di-pace\/\" \/>\n<meta property=\"og:site_name\" content=\"Pressenza\" \/>\n<meta property=\"article:publisher\" content=\"https:\/\/www.facebook.com\/PressenzaItalia\" \/>\n<meta property=\"article:published_time\" content=\"2022-06-12T07:57:39+00:00\" \/>\n<meta property=\"og:image\" content=\"https:\/\/www.pressenza.com\/wp-content\/uploads\/2022\/02\/Milano-contro-la-guerra-2.jpg\" \/>\n\t<meta property=\"og:image:width\" content=\"820\" \/>\n\t<meta property=\"og:image:height\" content=\"540\" \/>\n\t<meta property=\"og:image:type\" content=\"image\/jpeg\" \/>\n<meta name=\"author\" content=\"Laura Tussi\" \/>\n<meta name=\"twitter:card\" content=\"summary_large_image\" \/>\n<meta name=\"twitter:creator\" content=\"@PressenzaIPA\" \/>\n<meta name=\"twitter:site\" content=\"@PressenzaIPA\" \/>\n<meta name=\"twitter:label1\" content=\"Scritto da\" \/>\n\t<meta name=\"twitter:data1\" content=\"Laura Tussi\" \/>\n\t<meta name=\"twitter:label2\" content=\"Tempo di lettura stimato\" \/>\n\t<meta name=\"twitter:data2\" content=\"3 minuti\" \/>\n<script type=\"application\/ld+json\" class=\"yoast-schema-graph\">{\"@context\":\"https:\/\/schema.org\",\"@graph\":[{\"@type\":\"Article\",\"@id\":\"https:\/\/www.pressenza.com\/it\/2022\/06\/le-declinazioni-del-concetto-e-della-condizione-di-pace\/#article\",\"isPartOf\":{\"@id\":\"https:\/\/www.pressenza.com\/it\/2022\/06\/le-declinazioni-del-concetto-e-della-condizione-di-pace\/\"},\"author\":{\"name\":\"Laura Tussi\",\"@id\":\"https:\/\/www.pressenza.com\/it\/#\/schema\/person\/4c966fac98e44f3bbd881d8e837f60da\"},\"headline\":\"Le declinazioni del concetto e della condizione di pace\",\"datePublished\":\"2022-06-12T07:57:39+00:00\",\"mainEntityOfPage\":{\"@id\":\"https:\/\/www.pressenza.com\/it\/2022\/06\/le-declinazioni-del-concetto-e-della-condizione-di-pace\/\"},\"wordCount\":551,\"publisher\":{\"@id\":\"https:\/\/www.pressenza.com\/it\/#organization\"},\"image\":{\"@id\":\"https:\/\/www.pressenza.com\/it\/2022\/06\/le-declinazioni-del-concetto-e-della-condizione-di-pace\/#primaryimage\"},\"thumbnailUrl\":\"https:\/\/www.pressenza.com\/wp-content\/uploads\/2022\/02\/Milano-contro-la-guerra-2.jpg\",\"keywords\":[\"cambiamenti climatici\",\"capitalismo\",\"elezioni\",\"neoliberismo\",\"pacifismo\",\"spese militari\"],\"articleSection\":[\"Europa\",\"Opinioni\",\"Pace e Disarmo\",\"Politica\"],\"inLanguage\":\"it-IT\"},{\"@type\":\"WebPage\",\"@id\":\"https:\/\/www.pressenza.com\/it\/2022\/06\/le-declinazioni-del-concetto-e-della-condizione-di-pace\/\",\"url\":\"https:\/\/www.pressenza.com\/it\/2022\/06\/le-declinazioni-del-concetto-e-della-condizione-di-pace\/\",\"name\":\"Le declinazioni del concetto e della condizione di pace\",\"isPartOf\":{\"@id\":\"https:\/\/www.pressenza.com\/it\/#website\"},\"primaryImageOfPage\":{\"@id\":\"https:\/\/www.pressenza.com\/it\/2022\/06\/le-declinazioni-del-concetto-e-della-condizione-di-pace\/#primaryimage\"},\"image\":{\"@id\":\"https:\/\/www.pressenza.com\/it\/2022\/06\/le-declinazioni-del-concetto-e-della-condizione-di-pace\/#primaryimage\"},\"thumbnailUrl\":\"https:\/\/www.pressenza.com\/wp-content\/uploads\/2022\/02\/Milano-contro-la-guerra-2.jpg\",\"datePublished\":\"2022-06-12T07:57:39+00:00\",\"description\":\"\u00c8 sempre pi\u00f9 necessario muoverci e mobilitarci come popolo pacifista e comunista contro la guerra. In questo momento \u00e8 necessaria l\u2019unione di queste\",\"breadcrumb\":{\"@id\":\"https:\/\/www.pressenza.com\/it\/2022\/06\/le-declinazioni-del-concetto-e-della-condizione-di-pace\/#breadcrumb\"},\"inLanguage\":\"it-IT\",\"potentialAction\":[{\"@type\":\"ReadAction\",\"target\":[\"https:\/\/www.pressenza.com\/it\/2022\/06\/le-declinazioni-del-concetto-e-della-condizione-di-pace\/\"]}]},{\"@type\":\"ImageObject\",\"inLanguage\":\"it-IT\",\"@id\":\"https:\/\/www.pressenza.com\/it\/2022\/06\/le-declinazioni-del-concetto-e-della-condizione-di-pace\/#primaryimage\",\"url\":\"https:\/\/www.pressenza.com\/wp-content\/uploads\/2022\/02\/Milano-contro-la-guerra-2.jpg\",\"contentUrl\":\"https:\/\/www.pressenza.com\/wp-content\/uploads\/2022\/02\/Milano-contro-la-guerra-2.jpg\",\"width\":820,\"height\":540},{\"@type\":\"BreadcrumbList\",\"@id\":\"https:\/\/www.pressenza.com\/it\/2022\/06\/le-declinazioni-del-concetto-e-della-condizione-di-pace\/#breadcrumb\",\"itemListElement\":[{\"@type\":\"ListItem\",\"position\":1,\"name\":\"Accueil\",\"item\":\"https:\/\/www.pressenza.com\/it\/\"},{\"@type\":\"ListItem\",\"position\":2,\"name\":\"Le declinazioni del concetto e della condizione di pace\"}]},{\"@type\":\"WebSite\",\"@id\":\"https:\/\/www.pressenza.com\/it\/#website\",\"url\":\"https:\/\/www.pressenza.com\/it\/\",\"name\":\"Pressenza\",\"description\":\"Agenzia di Stampa Internazionale\",\"publisher\":{\"@id\":\"https:\/\/www.pressenza.com\/it\/#organization\"},\"potentialAction\":[{\"@type\":\"SearchAction\",\"target\":{\"@type\":\"EntryPoint\",\"urlTemplate\":\"https:\/\/www.pressenza.com\/it\/?s={search_term_string}\"},\"query-input\":{\"@type\":\"PropertyValueSpecification\",\"valueRequired\":true,\"valueName\":\"search_term_string\"}}],\"inLanguage\":\"it-IT\"},{\"@type\":\"Organization\",\"@id\":\"https:\/\/www.pressenza.com\/it\/#organization\",\"name\":\"Pressenza\",\"url\":\"https:\/\/www.pressenza.com\/it\/\",\"logo\":{\"@type\":\"ImageObject\",\"inLanguage\":\"it-IT\",\"@id\":\"https:\/\/www.pressenza.com\/it\/#\/schema\/logo\/image\/\",\"url\":\"https:\/\/www.pressenza.com\/wp-content\/uploads\/2022\/10\/pressenza_logo_200x200.jpg\",\"contentUrl\":\"https:\/\/www.pressenza.com\/wp-content\/uploads\/2022\/10\/pressenza_logo_200x200.jpg\",\"width\":200,\"height\":200,\"caption\":\"Pressenza\"},\"image\":{\"@id\":\"https:\/\/www.pressenza.com\/it\/#\/schema\/logo\/image\/\"},\"sameAs\":[\"https:\/\/www.facebook.com\/PressenzaItalia\",\"https:\/\/x.com\/PressenzaIPA\"]},{\"@type\":\"Person\",\"@id\":\"https:\/\/www.pressenza.com\/it\/#\/schema\/person\/4c966fac98e44f3bbd881d8e837f60da\",\"name\":\"Laura Tussi\",\"description\":\"Docente, giornalista e ricercatrice, si occupa di pedagogia nonviolenta e interculturale. Ha conseguito cinque lauree specialistiche in formazione degli adulti e consulenza pedagogica nell'ambito delle scienze della formazione e dell'educazione.\",\"url\":\"https:\/\/www.pressenza.com\/it\/author\/laura-tussi\/\"}]}<\/script>\n<!-- \/ Yoast SEO plugin. -->","yoast_head_json":{"title":"Le declinazioni del concetto e della condizione di pace","description":"\u00c8 sempre pi\u00f9 necessario muoverci e mobilitarci come popolo pacifista e comunista contro la guerra. In questo momento \u00e8 necessaria l\u2019unione di queste","robots":{"index":"index","follow":"follow","max-snippet":"max-snippet:-1","max-image-preview":"max-image-preview:large","max-video-preview":"max-video-preview:-1"},"canonical":"https:\/\/www.pressenza.com\/it\/2022\/06\/le-declinazioni-del-concetto-e-della-condizione-di-pace\/","og_locale":"it_IT","og_type":"article","og_title":"Le declinazioni del concetto e della condizione di pace","og_description":"\u00c8 sempre pi\u00f9 necessario muoverci e mobilitarci come popolo pacifista e comunista contro la guerra. In questo momento \u00e8 necessaria l\u2019unione di queste","og_url":"https:\/\/www.pressenza.com\/it\/2022\/06\/le-declinazioni-del-concetto-e-della-condizione-di-pace\/","og_site_name":"Pressenza","article_publisher":"https:\/\/www.facebook.com\/PressenzaItalia","article_published_time":"2022-06-12T07:57:39+00:00","og_image":[{"width":820,"height":540,"url":"https:\/\/www.pressenza.com\/wp-content\/uploads\/2022\/02\/Milano-contro-la-guerra-2.jpg","type":"image\/jpeg"}],"author":"Laura Tussi","twitter_card":"summary_large_image","twitter_creator":"@PressenzaIPA","twitter_site":"@PressenzaIPA","twitter_misc":{"Scritto da":"Laura Tussi","Tempo di lettura stimato":"3 minuti"},"schema":{"@context":"https:\/\/schema.org","@graph":[{"@type":"Article","@id":"https:\/\/www.pressenza.com\/it\/2022\/06\/le-declinazioni-del-concetto-e-della-condizione-di-pace\/#article","isPartOf":{"@id":"https:\/\/www.pressenza.com\/it\/2022\/06\/le-declinazioni-del-concetto-e-della-condizione-di-pace\/"},"author":{"name":"Laura Tussi","@id":"https:\/\/www.pressenza.com\/it\/#\/schema\/person\/4c966fac98e44f3bbd881d8e837f60da"},"headline":"Le declinazioni del concetto e della condizione di pace","datePublished":"2022-06-12T07:57:39+00:00","mainEntityOfPage":{"@id":"https:\/\/www.pressenza.com\/it\/2022\/06\/le-declinazioni-del-concetto-e-della-condizione-di-pace\/"},"wordCount":551,"publisher":{"@id":"https:\/\/www.pressenza.com\/it\/#organization"},"image":{"@id":"https:\/\/www.pressenza.com\/it\/2022\/06\/le-declinazioni-del-concetto-e-della-condizione-di-pace\/#primaryimage"},"thumbnailUrl":"https:\/\/www.pressenza.com\/wp-content\/uploads\/2022\/02\/Milano-contro-la-guerra-2.jpg","keywords":["cambiamenti climatici","capitalismo","elezioni","neoliberismo","pacifismo","spese militari"],"articleSection":["Europa","Opinioni","Pace e Disarmo","Politica"],"inLanguage":"it-IT"},{"@type":"WebPage","@id":"https:\/\/www.pressenza.com\/it\/2022\/06\/le-declinazioni-del-concetto-e-della-condizione-di-pace\/","url":"https:\/\/www.pressenza.com\/it\/2022\/06\/le-declinazioni-del-concetto-e-della-condizione-di-pace\/","name":"Le declinazioni del concetto e della condizione di pace","isPartOf":{"@id":"https:\/\/www.pressenza.com\/it\/#website"},"primaryImageOfPage":{"@id":"https:\/\/www.pressenza.com\/it\/2022\/06\/le-declinazioni-del-concetto-e-della-condizione-di-pace\/#primaryimage"},"image":{"@id":"https:\/\/www.pressenza.com\/it\/2022\/06\/le-declinazioni-del-concetto-e-della-condizione-di-pace\/#primaryimage"},"thumbnailUrl":"https:\/\/www.pressenza.com\/wp-content\/uploads\/2022\/02\/Milano-contro-la-guerra-2.jpg","datePublished":"2022-06-12T07:57:39+00:00","description":"\u00c8 sempre pi\u00f9 necessario muoverci e mobilitarci come popolo pacifista e comunista contro la guerra. In questo momento \u00e8 necessaria l\u2019unione di queste","breadcrumb":{"@id":"https:\/\/www.pressenza.com\/it\/2022\/06\/le-declinazioni-del-concetto-e-della-condizione-di-pace\/#breadcrumb"},"inLanguage":"it-IT","potentialAction":[{"@type":"ReadAction","target":["https:\/\/www.pressenza.com\/it\/2022\/06\/le-declinazioni-del-concetto-e-della-condizione-di-pace\/"]}]},{"@type":"ImageObject","inLanguage":"it-IT","@id":"https:\/\/www.pressenza.com\/it\/2022\/06\/le-declinazioni-del-concetto-e-della-condizione-di-pace\/#primaryimage","url":"https:\/\/www.pressenza.com\/wp-content\/uploads\/2022\/02\/Milano-contro-la-guerra-2.jpg","contentUrl":"https:\/\/www.pressenza.com\/wp-content\/uploads\/2022\/02\/Milano-contro-la-guerra-2.jpg","width":820,"height":540},{"@type":"BreadcrumbList","@id":"https:\/\/www.pressenza.com\/it\/2022\/06\/le-declinazioni-del-concetto-e-della-condizione-di-pace\/#breadcrumb","itemListElement":[{"@type":"ListItem","position":1,"name":"Accueil","item":"https:\/\/www.pressenza.com\/it\/"},{"@type":"ListItem","position":2,"name":"Le declinazioni del concetto e della condizione di pace"}]},{"@type":"WebSite","@id":"https:\/\/www.pressenza.com\/it\/#website","url":"https:\/\/www.pressenza.com\/it\/","name":"Pressenza","description":"Agenzia di Stampa Internazionale","publisher":{"@id":"https:\/\/www.pressenza.com\/it\/#organization"},"potentialAction":[{"@type":"SearchAction","target":{"@type":"EntryPoint","urlTemplate":"https:\/\/www.pressenza.com\/it\/?s={search_term_string}"},"query-input":{"@type":"PropertyValueSpecification","valueRequired":true,"valueName":"search_term_string"}}],"inLanguage":"it-IT"},{"@type":"Organization","@id":"https:\/\/www.pressenza.com\/it\/#organization","name":"Pressenza","url":"https:\/\/www.pressenza.com\/it\/","logo":{"@type":"ImageObject","inLanguage":"it-IT","@id":"https:\/\/www.pressenza.com\/it\/#\/schema\/logo\/image\/","url":"https:\/\/www.pressenza.com\/wp-content\/uploads\/2022\/10\/pressenza_logo_200x200.jpg","contentUrl":"https:\/\/www.pressenza.com\/wp-content\/uploads\/2022\/10\/pressenza_logo_200x200.jpg","width":200,"height":200,"caption":"Pressenza"},"image":{"@id":"https:\/\/www.pressenza.com\/it\/#\/schema\/logo\/image\/"},"sameAs":["https:\/\/www.facebook.com\/PressenzaItalia","https:\/\/x.com\/PressenzaIPA"]},{"@type":"Person","@id":"https:\/\/www.pressenza.com\/it\/#\/schema\/person\/4c966fac98e44f3bbd881d8e837f60da","name":"Laura Tussi","description":"Docente, giornalista e ricercatrice, si occupa di pedagogia nonviolenta e interculturale. Ha conseguito cinque lauree specialistiche in formazione degli adulti e consulenza pedagogica nell'ambito delle scienze della formazione e dell'educazione.","url":"https:\/\/www.pressenza.com\/it\/author\/laura-tussi\/"}]}},"place":"","original_article_url":"","_links":{"self":[{"href":"https:\/\/www.pressenza.com\/it\/wp-json\/wp\/v2\/posts\/1602710","targetHints":{"allow":["GET"]}}],"collection":[{"href":"https:\/\/www.pressenza.com\/it\/wp-json\/wp\/v2\/posts"}],"about":[{"href":"https:\/\/www.pressenza.com\/it\/wp-json\/wp\/v2\/types\/post"}],"author":[{"embeddable":true,"href":"https:\/\/www.pressenza.com\/it\/wp-json\/wp\/v2\/users\/535"}],"replies":[{"embeddable":true,"href":"https:\/\/www.pressenza.com\/it\/wp-json\/wp\/v2\/comments?post=1602710"}],"version-history":[{"count":0,"href":"https:\/\/www.pressenza.com\/it\/wp-json\/wp\/v2\/posts\/1602710\/revisions"}],"wp:featuredmedia":[{"embeddable":true,"href":"https:\/\/www.pressenza.com\/it\/wp-json\/wp\/v2\/media\/1529635"}],"wp:attachment":[{"href":"https:\/\/www.pressenza.com\/it\/wp-json\/wp\/v2\/media?parent=1602710"}],"wp:term":[{"taxonomy":"category","embeddable":true,"href":"https:\/\/www.pressenza.com\/it\/wp-json\/wp\/v2\/categories?post=1602710"},{"taxonomy":"post_tag","embeddable":true,"href":"https:\/\/www.pressenza.com\/it\/wp-json\/wp\/v2\/tags?post=1602710"}],"curies":[{"name":"wp","href":"https:\/\/api.w.org\/{rel}","templated":true}]}}