{"id":1602096,"date":"2022-06-10T17:43:00","date_gmt":"2022-06-10T16:43:00","guid":{"rendered":"https:\/\/www.pressenza.com\/?p=1602096"},"modified":"2022-06-10T17:43:00","modified_gmt":"2022-06-10T16:43:00","slug":"a-vienna-con-il-tpan-per-la-ratifica-del-trattato-di-proibizione-delle-armi-nucleari-da-parte-di-tutti-i-paesi-nato","status":"publish","type":"post","link":"https:\/\/www.pressenza.com\/it\/2022\/06\/a-vienna-con-il-tpan-per-la-ratifica-del-trattato-di-proibizione-delle-armi-nucleari-da-parte-di-tutti-i-paesi-nato\/","title":{"rendered":"A Vienna con il TPAN. Per la ratifica del trattato di proibizione delle armi nucleari da parte di tutti i Paesi Nato"},"content":{"rendered":"<p>A margine di un evento con Alex Zanotelli, Vittorio Agnoletto, Chiara Castellani e altri si vuole indagare sulle analogie e differenze tra l\u2019Ucraina e la Repubblica democratica del Congo e le situazioni e condizioni in atto rispettivamente interagenti.<\/p>\n<p>Il mio intervento vuole individuare che un fattore di analogia tra i due Paesi \u00e8 proprio il nucleare. Infatti in Congo dalle miniere viene estratto l\u2019uranio che \u00e8 servito anche per costruire le bombe nucleari di Hiroshima e Nagasaki, mentre in Ucraina esistono centrali nucleari attive che, come accaduto vicino a Kiev all\u2019inizio dell\u2019attuale conflitto, possono diventare bersaglio per atti terroristici e azioni militari in tempo di guerra come quello attuale.<\/p>\n<p><strong>Il summit di Vienna e il controvertice Nato a Madrid<\/strong><\/p>\n<p>Il 20 giugno 2022 si terr\u00e0 a Vienna la conferenza delle parti per la revisione del Trattato di proibizione delle armi nucleari &#8211; TPAN &#8211; dove si far\u00e0 il punto della situazione con gli Stati firmatari e dove Ican, la rete internazionale per l\u2019abolizione degli ordigni di distruzione di massa nucleari partecipa come osservatore.<\/p>\n<p>A <strong>Vienna<\/strong> avranno luogo tre eventi a formare un\u2019unica NUCLEAR BAN WEEK.<\/p>\n<p><strong>Il 18 e il 19 giugno<\/strong> la rete Ican riunir\u00e0 il suo Forum.<\/p>\n<p><strong>Il 20 giugno<\/strong> l&#8217;Austria ospiter\u00e0 una conferenza internazionale sull&#8217;impatto umanitario delle armi nucleari.<\/p>\n<p>La prima sessione di revisione del Trattato di proibizione delle armi nucleari\u00a0si svolger\u00e0 presso l&#8217;Austria Center <strong>dal 21 al 23 giugno<\/strong>.<\/p>\n<p>Vi saranno una serie di iniziative per convincere tutti gli Stati a ratificare il TPAN, anche le nazioni pi\u00f9 forti sotto l\u2019egida della Nato, che non hanno certamente interesse ad abolire le armi nucleari.<\/p>\n<p>Nello stesso tempo si terr\u00e0 il controvertice Nato a Madrid, dove il vertice Nato ratificher\u00e0 l\u2019adesione della Svezia e della Finlandia all\u2019alleanza atlantica, anche se buona parte dell\u2019opinione pubblica svedese \u00e8 contraria.<\/p>\n<p><strong>Il Premio Nobel per la Pace contro le armi nucleari<\/strong><\/p>\n<p>Ricordiamo che il Premio Nobel per la Pace \u00e8 stato assegnato nel 2017 a Ican per la sua opera incessante a favore del disarmo nucleare universale, culminata nell\u2019approvazione del TPAN da parte di 122 nazioni nel luglio 2017 a New York al Palazzo di Vetro, la sede delle Nazioni Unite. Il TPAN per\u00f2 non \u00e8 stato ancora ratificato dai Paesi sotto l\u2019ombrello dell\u2019alleanza atlantica, mentre \u00e8 stato firmato da 61 Paesi, tra cui la Costa d\u2019Avorio.<\/p>\n<p>Il TPAN \u00e8 in vigore dal gennaio del 2021, ma deve passare dalle norme legislative dei Parlamenti e dei governi per la ratifica e per essere posto in atto. Questo Premio Nobel per la pace \u00e8 un riconoscimento collettivo di cui facciamo parte tutte noi associazioni ecopacifiste affiliate a Ican: circa 500 realt\u00e0 associative, Ong, Onlus in tutto il mondo e una decina in Italia.<\/p>\n<p><strong>Il coordinamento antinucleare europeo<\/strong><\/p>\n<p>Gli Stati Uniti vogliono stoccare le B 61-12, armi e bombe potentissime e sofisticatissime di carattere nucleare nelle basi Nato di Ghedi e Aviano in Italia e di Buchel in Germania, come sono stati stoccati gli euromissili negli anni &#8217;80 a Comiso in piena guerra fredda.<\/p>\n<p>Noi Ecopacifisti alterglocalisti siamo dalla parte della terra contro il flagello della guerra ed \u00e8 per questo che come rete stiamo cercando di organizzare un coordinamento antinucleare europeo con esponenti di vari Paesi.<\/p>\n<p><strong>L&#8217;Europa di Pace<\/strong><\/p>\n<p>Ci stiamo mobilitando per un\u2019Europa di pace, come l\u2019Europa di Ventotene in base al diritto internazionale, all\u2019ONU, alla dichiarazione universale dei diritti umani del 1948, con Agenda ONU 2030, con le varie Cop per il clima, con lo stesso TPAN. Un\u2019Europa di questo tipo \u00e8 un disturbo per la narrativa di guerra e per la propaganda di paura dove tutti minacciano la guerra nucleare.<\/p>\n<p><strong>Il gioco sporco della Nato<\/strong><\/p>\n<p>La Nato impone all\u2019Unione Europea l\u2019innalzamento delle spese militari. Sono tutti fondi tolti alla transizione ecologica e alla conversione\u00a0energetica. La\u00a0Germania\u00a0per questo motivo rallenta la rivoluzione Green e di questo passo si adeguano tutte le nazioni Nato. Ogni Paese deve per forza contribuire al settore militare. Questi fondi sono sottratti alle spese di bilancio come la spesa sanitaria, l\u2019istruzione, l\u2019universit\u00e0 e la ricerca, lo Stato sociale. La corsa agli armamenti e l\u2019incremento delle spese militari sottraggono risorse anche alla cooperazione internazionale; sempre maggiore \u00e8 l\u2019impoverimento e sempre pi\u00f9 sono le vittime dei Paesi pi\u00f9 poveri del mondo in Africa e in America Latina.<\/p>\n<p><strong>In nuce un dialogo tra est e ovest sui trattati antinucleari<\/strong><\/p>\n<p>\u00c8 in nuce un coordinamento antinucleare europeo. Podemos si \u00e8 gi\u00e0 incontrato con ManifestA, il nuovo progetto e soggetto politico di ispirazione pacifista per costituire una rete ecopacifista che porti a un dialogo tra est e ovest del mondo dove vengano risolti i problemi dei trattati: non solo il TPAN, ma anche il Trattato INF per il disarmo nucleare che \u00e8 saltato sotto l\u2019amministrazione Trump. L\u2019obiettivo \u00e8 quello di far esprimere la cittadinanza europea sulla presenza delle armi nucleari sul territorio e sulla denuclearizzazione anche civile, per dire basta alla tassonomia nucleare e del gas.<\/p>\n<p>La societ\u00e0 civile va sensibilizzata su un orizzonte pi\u00f9 vasto di quello della guerra in Ucraina, per esempio sul ritorno degli euromissili ipersonici a medio raggio in una guerra limitata al teatro europeo, dovuto alla mancanza di trattati antinucleari.<\/p>\n<p><strong>La narrativa di guerra e la propaganda di paura<\/strong><\/p>\n<p>Stiamo vivendo un momento pericoloso perch\u00e9 aumenta la narrativa di guerra e di paura. Biden e Putin minacciano di continuo la guerra nucleare e quindi \u00e8 necessario diffondere e creare tutti insieme pensieri di pace, trovare soluzioni e costruire azioni contro la guerra in atto. E&#8217; necessario dire no alla tassonomia che prevede il nucleare e il gas nelle fonti energetiche sostenibili.<\/p>\n<p><strong>Costruiamo ponti di memoria e reti di dialogo<\/strong><\/p>\n<p>Dobbiamo lavorare per un terreno comune di collaborazione tra il tema della pace e quello della natura, della conversione ecologica e della transizione energetica, costruendo ponti di memoria e di dialogo, reti di relazioni, legami di pace. Bisogna contrastare la supremazia dei signori dell\u2019atomo, della guerra, del petrolio e dell\u2019acciaio e opporci al rischio della guerra nucleare.<\/p>\n<p>Non dobbiamo mai separare l\u2019aspetto ambientalista, antimilitarista, energetico e pacifista.<\/p>\n","protected":false},"excerpt":{"rendered":"<p>A margine di un evento con Alex Zanotelli, Vittorio Agnoletto, Chiara Castellani e altri si vuole indagare sulle analogie e differenze tra l\u2019Ucraina e la Repubblica democratica del Congo e le situazioni e condizioni in atto rispettivamente interagenti. Il mio&hellip;<\/p>\n","protected":false},"author":535,"featured_media":564781,"comment_status":"closed","ping_status":"closed","sticky":false,"template":"","format":"standard","meta":{"footnotes":""},"categories":[59,162,1263],"tags":[100380,56617,365,3858,102676,38991],"class_list":["post-1602096","post","type-post","status-publish","format-standard","has-post-thumbnail","hentry","category-ambiente-ecologia","category-opinioni","category-pace-disarmo","tag-aumento-delle-spese-militari","tag-conversione-ecologica","tag-guerra","tag-ican-it","tag-summit-di-vienna","tag-tpan"],"yoast_head":"<!-- This site is optimized with the Yoast SEO plugin v27.1.1 - https:\/\/yoast.com\/product\/yoast-seo-wordpress\/ -->\n<title>A Vienna con il TPAN. Per la ratifica del trattato di proibizione delle armi nucleari da parte di tutti i Paesi Nato<\/title>\n<meta name=\"description\" content=\"A margine di un evento con Alex Zanotelli, Vittorio Agnoletto, Chiara Castellani e altri si vuole indagare sulle analogie e differenze tra l\u2019Ucraina e la\" \/>\n<meta name=\"robots\" content=\"index, follow, max-snippet:-1, max-image-preview:large, max-video-preview:-1\" \/>\n<link rel=\"canonical\" href=\"https:\/\/www.pressenza.com\/it\/2022\/06\/a-vienna-con-il-tpan-per-la-ratifica-del-trattato-di-proibizione-delle-armi-nucleari-da-parte-di-tutti-i-paesi-nato\/\" \/>\n<meta property=\"og:locale\" content=\"it_IT\" \/>\n<meta property=\"og:type\" content=\"article\" \/>\n<meta property=\"og:title\" content=\"A Vienna con il TPAN. Per la ratifica del trattato di proibizione delle armi nucleari da parte di tutti i Paesi Nato\" \/>\n<meta property=\"og:description\" content=\"A margine di un evento con Alex Zanotelli, Vittorio Agnoletto, Chiara Castellani e altri si vuole indagare sulle analogie e differenze tra l\u2019Ucraina e la\" \/>\n<meta property=\"og:url\" content=\"https:\/\/www.pressenza.com\/it\/2022\/06\/a-vienna-con-il-tpan-per-la-ratifica-del-trattato-di-proibizione-delle-armi-nucleari-da-parte-di-tutti-i-paesi-nato\/\" \/>\n<meta property=\"og:site_name\" content=\"Pressenza\" \/>\n<meta property=\"article:publisher\" content=\"https:\/\/www.facebook.com\/PressenzaItalia\" \/>\n<meta property=\"article:published_time\" content=\"2022-06-10T16:43:00+00:00\" \/>\n<meta property=\"og:image\" content=\"https:\/\/www.pressenza.com\/wp-content\/uploads\/2017\/11\/Ban-the-bomb-Ralf-Schlesener-per-ICAN.jpg\" \/>\n\t<meta property=\"og:image:width\" content=\"720\" \/>\n\t<meta property=\"og:image:height\" content=\"494\" \/>\n\t<meta property=\"og:image:type\" content=\"image\/jpeg\" \/>\n<meta name=\"author\" content=\"Laura Tussi\" \/>\n<meta name=\"twitter:card\" content=\"summary_large_image\" \/>\n<meta name=\"twitter:creator\" content=\"@PressenzaIPA\" \/>\n<meta name=\"twitter:site\" content=\"@PressenzaIPA\" \/>\n<meta name=\"twitter:label1\" content=\"Scritto da\" \/>\n\t<meta name=\"twitter:data1\" content=\"Laura Tussi\" \/>\n\t<meta name=\"twitter:label2\" content=\"Tempo di lettura stimato\" \/>\n\t<meta name=\"twitter:data2\" content=\"6 minuti\" \/>\n<script type=\"application\/ld+json\" class=\"yoast-schema-graph\">{\"@context\":\"https:\/\/schema.org\",\"@graph\":[{\"@type\":\"Article\",\"@id\":\"https:\/\/www.pressenza.com\/it\/2022\/06\/a-vienna-con-il-tpan-per-la-ratifica-del-trattato-di-proibizione-delle-armi-nucleari-da-parte-di-tutti-i-paesi-nato\/#article\",\"isPartOf\":{\"@id\":\"https:\/\/www.pressenza.com\/it\/2022\/06\/a-vienna-con-il-tpan-per-la-ratifica-del-trattato-di-proibizione-delle-armi-nucleari-da-parte-di-tutti-i-paesi-nato\/\"},\"author\":{\"name\":\"Laura Tussi\",\"@id\":\"https:\/\/www.pressenza.com\/it\/#\/schema\/person\/4c966fac98e44f3bbd881d8e837f60da\"},\"headline\":\"A Vienna con il TPAN. Per la ratifica del trattato di proibizione delle armi nucleari da parte di tutti i Paesi Nato\",\"datePublished\":\"2022-06-10T16:43:00+00:00\",\"mainEntityOfPage\":{\"@id\":\"https:\/\/www.pressenza.com\/it\/2022\/06\/a-vienna-con-il-tpan-per-la-ratifica-del-trattato-di-proibizione-delle-armi-nucleari-da-parte-di-tutti-i-paesi-nato\/\"},\"wordCount\":1024,\"publisher\":{\"@id\":\"https:\/\/www.pressenza.com\/it\/#organization\"},\"image\":{\"@id\":\"https:\/\/www.pressenza.com\/it\/2022\/06\/a-vienna-con-il-tpan-per-la-ratifica-del-trattato-di-proibizione-delle-armi-nucleari-da-parte-di-tutti-i-paesi-nato\/#primaryimage\"},\"thumbnailUrl\":\"https:\/\/www.pressenza.com\/wp-content\/uploads\/2017\/11\/Ban-the-bomb-Ralf-Schlesener-per-ICAN.jpg\",\"keywords\":[\"aumento delle spese militari\",\"conversione ecologica\",\"guerra\",\"ICAN\",\"summit di Vienna\",\"TPAN\"],\"articleSection\":[\"Ecologia ed Ambiente\",\"Opinioni\",\"Pace e Disarmo\"],\"inLanguage\":\"it-IT\"},{\"@type\":\"WebPage\",\"@id\":\"https:\/\/www.pressenza.com\/it\/2022\/06\/a-vienna-con-il-tpan-per-la-ratifica-del-trattato-di-proibizione-delle-armi-nucleari-da-parte-di-tutti-i-paesi-nato\/\",\"url\":\"https:\/\/www.pressenza.com\/it\/2022\/06\/a-vienna-con-il-tpan-per-la-ratifica-del-trattato-di-proibizione-delle-armi-nucleari-da-parte-di-tutti-i-paesi-nato\/\",\"name\":\"A Vienna con il TPAN. Per la ratifica del trattato di proibizione delle armi nucleari da parte di tutti i Paesi Nato\",\"isPartOf\":{\"@id\":\"https:\/\/www.pressenza.com\/it\/#website\"},\"primaryImageOfPage\":{\"@id\":\"https:\/\/www.pressenza.com\/it\/2022\/06\/a-vienna-con-il-tpan-per-la-ratifica-del-trattato-di-proibizione-delle-armi-nucleari-da-parte-di-tutti-i-paesi-nato\/#primaryimage\"},\"image\":{\"@id\":\"https:\/\/www.pressenza.com\/it\/2022\/06\/a-vienna-con-il-tpan-per-la-ratifica-del-trattato-di-proibizione-delle-armi-nucleari-da-parte-di-tutti-i-paesi-nato\/#primaryimage\"},\"thumbnailUrl\":\"https:\/\/www.pressenza.com\/wp-content\/uploads\/2017\/11\/Ban-the-bomb-Ralf-Schlesener-per-ICAN.jpg\",\"datePublished\":\"2022-06-10T16:43:00+00:00\",\"description\":\"A margine di un evento con Alex Zanotelli, Vittorio Agnoletto, Chiara Castellani e altri si vuole indagare sulle analogie e differenze tra l\u2019Ucraina e la\",\"breadcrumb\":{\"@id\":\"https:\/\/www.pressenza.com\/it\/2022\/06\/a-vienna-con-il-tpan-per-la-ratifica-del-trattato-di-proibizione-delle-armi-nucleari-da-parte-di-tutti-i-paesi-nato\/#breadcrumb\"},\"inLanguage\":\"it-IT\",\"potentialAction\":[{\"@type\":\"ReadAction\",\"target\":[\"https:\/\/www.pressenza.com\/it\/2022\/06\/a-vienna-con-il-tpan-per-la-ratifica-del-trattato-di-proibizione-delle-armi-nucleari-da-parte-di-tutti-i-paesi-nato\/\"]}]},{\"@type\":\"ImageObject\",\"inLanguage\":\"it-IT\",\"@id\":\"https:\/\/www.pressenza.com\/it\/2022\/06\/a-vienna-con-il-tpan-per-la-ratifica-del-trattato-di-proibizione-delle-armi-nucleari-da-parte-di-tutti-i-paesi-nato\/#primaryimage\",\"url\":\"https:\/\/www.pressenza.com\/wp-content\/uploads\/2017\/11\/Ban-the-bomb-Ralf-Schlesener-per-ICAN.jpg\",\"contentUrl\":\"https:\/\/www.pressenza.com\/wp-content\/uploads\/2017\/11\/Ban-the-bomb-Ralf-Schlesener-per-ICAN.jpg\",\"width\":720,\"height\":494},{\"@type\":\"BreadcrumbList\",\"@id\":\"https:\/\/www.pressenza.com\/it\/2022\/06\/a-vienna-con-il-tpan-per-la-ratifica-del-trattato-di-proibizione-delle-armi-nucleari-da-parte-di-tutti-i-paesi-nato\/#breadcrumb\",\"itemListElement\":[{\"@type\":\"ListItem\",\"position\":1,\"name\":\"Accueil\",\"item\":\"https:\/\/www.pressenza.com\/it\/\"},{\"@type\":\"ListItem\",\"position\":2,\"name\":\"A Vienna con il TPAN. Per la ratifica del trattato di proibizione delle armi nucleari da parte di tutti i Paesi Nato\"}]},{\"@type\":\"WebSite\",\"@id\":\"https:\/\/www.pressenza.com\/it\/#website\",\"url\":\"https:\/\/www.pressenza.com\/it\/\",\"name\":\"Pressenza\",\"description\":\"Agenzia di Stampa Internazionale\",\"publisher\":{\"@id\":\"https:\/\/www.pressenza.com\/it\/#organization\"},\"potentialAction\":[{\"@type\":\"SearchAction\",\"target\":{\"@type\":\"EntryPoint\",\"urlTemplate\":\"https:\/\/www.pressenza.com\/it\/?s={search_term_string}\"},\"query-input\":{\"@type\":\"PropertyValueSpecification\",\"valueRequired\":true,\"valueName\":\"search_term_string\"}}],\"inLanguage\":\"it-IT\"},{\"@type\":\"Organization\",\"@id\":\"https:\/\/www.pressenza.com\/it\/#organization\",\"name\":\"Pressenza\",\"url\":\"https:\/\/www.pressenza.com\/it\/\",\"logo\":{\"@type\":\"ImageObject\",\"inLanguage\":\"it-IT\",\"@id\":\"https:\/\/www.pressenza.com\/it\/#\/schema\/logo\/image\/\",\"url\":\"https:\/\/www.pressenza.com\/wp-content\/uploads\/2022\/10\/pressenza_logo_200x200.jpg\",\"contentUrl\":\"https:\/\/www.pressenza.com\/wp-content\/uploads\/2022\/10\/pressenza_logo_200x200.jpg\",\"width\":200,\"height\":200,\"caption\":\"Pressenza\"},\"image\":{\"@id\":\"https:\/\/www.pressenza.com\/it\/#\/schema\/logo\/image\/\"},\"sameAs\":[\"https:\/\/www.facebook.com\/PressenzaItalia\",\"https:\/\/x.com\/PressenzaIPA\"]},{\"@type\":\"Person\",\"@id\":\"https:\/\/www.pressenza.com\/it\/#\/schema\/person\/4c966fac98e44f3bbd881d8e837f60da\",\"name\":\"Laura Tussi\",\"description\":\"Docente, giornalista e ricercatrice, si occupa di pedagogia nonviolenta e interculturale. Ha conseguito cinque lauree specialistiche in formazione degli adulti e consulenza pedagogica nell'ambito delle scienze della formazione e dell'educazione.\",\"url\":\"https:\/\/www.pressenza.com\/it\/author\/laura-tussi\/\"}]}<\/script>\n<!-- \/ Yoast SEO plugin. -->","yoast_head_json":{"title":"A Vienna con il TPAN. Per la ratifica del trattato di proibizione delle armi nucleari da parte di tutti i Paesi Nato","description":"A margine di un evento con Alex Zanotelli, Vittorio Agnoletto, Chiara Castellani e altri si vuole indagare sulle analogie e differenze tra l\u2019Ucraina e la","robots":{"index":"index","follow":"follow","max-snippet":"max-snippet:-1","max-image-preview":"max-image-preview:large","max-video-preview":"max-video-preview:-1"},"canonical":"https:\/\/www.pressenza.com\/it\/2022\/06\/a-vienna-con-il-tpan-per-la-ratifica-del-trattato-di-proibizione-delle-armi-nucleari-da-parte-di-tutti-i-paesi-nato\/","og_locale":"it_IT","og_type":"article","og_title":"A Vienna con il TPAN. Per la ratifica del trattato di proibizione delle armi nucleari da parte di tutti i Paesi Nato","og_description":"A margine di un evento con Alex Zanotelli, Vittorio Agnoletto, Chiara Castellani e altri si vuole indagare sulle analogie e differenze tra l\u2019Ucraina e la","og_url":"https:\/\/www.pressenza.com\/it\/2022\/06\/a-vienna-con-il-tpan-per-la-ratifica-del-trattato-di-proibizione-delle-armi-nucleari-da-parte-di-tutti-i-paesi-nato\/","og_site_name":"Pressenza","article_publisher":"https:\/\/www.facebook.com\/PressenzaItalia","article_published_time":"2022-06-10T16:43:00+00:00","og_image":[{"width":720,"height":494,"url":"https:\/\/www.pressenza.com\/wp-content\/uploads\/2017\/11\/Ban-the-bomb-Ralf-Schlesener-per-ICAN.jpg","type":"image\/jpeg"}],"author":"Laura Tussi","twitter_card":"summary_large_image","twitter_creator":"@PressenzaIPA","twitter_site":"@PressenzaIPA","twitter_misc":{"Scritto da":"Laura Tussi","Tempo di lettura stimato":"6 minuti"},"schema":{"@context":"https:\/\/schema.org","@graph":[{"@type":"Article","@id":"https:\/\/www.pressenza.com\/it\/2022\/06\/a-vienna-con-il-tpan-per-la-ratifica-del-trattato-di-proibizione-delle-armi-nucleari-da-parte-di-tutti-i-paesi-nato\/#article","isPartOf":{"@id":"https:\/\/www.pressenza.com\/it\/2022\/06\/a-vienna-con-il-tpan-per-la-ratifica-del-trattato-di-proibizione-delle-armi-nucleari-da-parte-di-tutti-i-paesi-nato\/"},"author":{"name":"Laura Tussi","@id":"https:\/\/www.pressenza.com\/it\/#\/schema\/person\/4c966fac98e44f3bbd881d8e837f60da"},"headline":"A Vienna con il TPAN. Per la ratifica del trattato di proibizione delle armi nucleari da parte di tutti i Paesi Nato","datePublished":"2022-06-10T16:43:00+00:00","mainEntityOfPage":{"@id":"https:\/\/www.pressenza.com\/it\/2022\/06\/a-vienna-con-il-tpan-per-la-ratifica-del-trattato-di-proibizione-delle-armi-nucleari-da-parte-di-tutti-i-paesi-nato\/"},"wordCount":1024,"publisher":{"@id":"https:\/\/www.pressenza.com\/it\/#organization"},"image":{"@id":"https:\/\/www.pressenza.com\/it\/2022\/06\/a-vienna-con-il-tpan-per-la-ratifica-del-trattato-di-proibizione-delle-armi-nucleari-da-parte-di-tutti-i-paesi-nato\/#primaryimage"},"thumbnailUrl":"https:\/\/www.pressenza.com\/wp-content\/uploads\/2017\/11\/Ban-the-bomb-Ralf-Schlesener-per-ICAN.jpg","keywords":["aumento delle spese militari","conversione ecologica","guerra","ICAN","summit di Vienna","TPAN"],"articleSection":["Ecologia ed Ambiente","Opinioni","Pace e Disarmo"],"inLanguage":"it-IT"},{"@type":"WebPage","@id":"https:\/\/www.pressenza.com\/it\/2022\/06\/a-vienna-con-il-tpan-per-la-ratifica-del-trattato-di-proibizione-delle-armi-nucleari-da-parte-di-tutti-i-paesi-nato\/","url":"https:\/\/www.pressenza.com\/it\/2022\/06\/a-vienna-con-il-tpan-per-la-ratifica-del-trattato-di-proibizione-delle-armi-nucleari-da-parte-di-tutti-i-paesi-nato\/","name":"A Vienna con il TPAN. Per la ratifica del trattato di proibizione delle armi nucleari da parte di tutti i Paesi Nato","isPartOf":{"@id":"https:\/\/www.pressenza.com\/it\/#website"},"primaryImageOfPage":{"@id":"https:\/\/www.pressenza.com\/it\/2022\/06\/a-vienna-con-il-tpan-per-la-ratifica-del-trattato-di-proibizione-delle-armi-nucleari-da-parte-di-tutti-i-paesi-nato\/#primaryimage"},"image":{"@id":"https:\/\/www.pressenza.com\/it\/2022\/06\/a-vienna-con-il-tpan-per-la-ratifica-del-trattato-di-proibizione-delle-armi-nucleari-da-parte-di-tutti-i-paesi-nato\/#primaryimage"},"thumbnailUrl":"https:\/\/www.pressenza.com\/wp-content\/uploads\/2017\/11\/Ban-the-bomb-Ralf-Schlesener-per-ICAN.jpg","datePublished":"2022-06-10T16:43:00+00:00","description":"A margine di un evento con Alex Zanotelli, Vittorio Agnoletto, Chiara Castellani e altri si vuole indagare sulle analogie e differenze tra l\u2019Ucraina e la","breadcrumb":{"@id":"https:\/\/www.pressenza.com\/it\/2022\/06\/a-vienna-con-il-tpan-per-la-ratifica-del-trattato-di-proibizione-delle-armi-nucleari-da-parte-di-tutti-i-paesi-nato\/#breadcrumb"},"inLanguage":"it-IT","potentialAction":[{"@type":"ReadAction","target":["https:\/\/www.pressenza.com\/it\/2022\/06\/a-vienna-con-il-tpan-per-la-ratifica-del-trattato-di-proibizione-delle-armi-nucleari-da-parte-di-tutti-i-paesi-nato\/"]}]},{"@type":"ImageObject","inLanguage":"it-IT","@id":"https:\/\/www.pressenza.com\/it\/2022\/06\/a-vienna-con-il-tpan-per-la-ratifica-del-trattato-di-proibizione-delle-armi-nucleari-da-parte-di-tutti-i-paesi-nato\/#primaryimage","url":"https:\/\/www.pressenza.com\/wp-content\/uploads\/2017\/11\/Ban-the-bomb-Ralf-Schlesener-per-ICAN.jpg","contentUrl":"https:\/\/www.pressenza.com\/wp-content\/uploads\/2017\/11\/Ban-the-bomb-Ralf-Schlesener-per-ICAN.jpg","width":720,"height":494},{"@type":"BreadcrumbList","@id":"https:\/\/www.pressenza.com\/it\/2022\/06\/a-vienna-con-il-tpan-per-la-ratifica-del-trattato-di-proibizione-delle-armi-nucleari-da-parte-di-tutti-i-paesi-nato\/#breadcrumb","itemListElement":[{"@type":"ListItem","position":1,"name":"Accueil","item":"https:\/\/www.pressenza.com\/it\/"},{"@type":"ListItem","position":2,"name":"A Vienna con il TPAN. Per la ratifica del trattato di proibizione delle armi nucleari da parte di tutti i Paesi Nato"}]},{"@type":"WebSite","@id":"https:\/\/www.pressenza.com\/it\/#website","url":"https:\/\/www.pressenza.com\/it\/","name":"Pressenza","description":"Agenzia di Stampa Internazionale","publisher":{"@id":"https:\/\/www.pressenza.com\/it\/#organization"},"potentialAction":[{"@type":"SearchAction","target":{"@type":"EntryPoint","urlTemplate":"https:\/\/www.pressenza.com\/it\/?s={search_term_string}"},"query-input":{"@type":"PropertyValueSpecification","valueRequired":true,"valueName":"search_term_string"}}],"inLanguage":"it-IT"},{"@type":"Organization","@id":"https:\/\/www.pressenza.com\/it\/#organization","name":"Pressenza","url":"https:\/\/www.pressenza.com\/it\/","logo":{"@type":"ImageObject","inLanguage":"it-IT","@id":"https:\/\/www.pressenza.com\/it\/#\/schema\/logo\/image\/","url":"https:\/\/www.pressenza.com\/wp-content\/uploads\/2022\/10\/pressenza_logo_200x200.jpg","contentUrl":"https:\/\/www.pressenza.com\/wp-content\/uploads\/2022\/10\/pressenza_logo_200x200.jpg","width":200,"height":200,"caption":"Pressenza"},"image":{"@id":"https:\/\/www.pressenza.com\/it\/#\/schema\/logo\/image\/"},"sameAs":["https:\/\/www.facebook.com\/PressenzaItalia","https:\/\/x.com\/PressenzaIPA"]},{"@type":"Person","@id":"https:\/\/www.pressenza.com\/it\/#\/schema\/person\/4c966fac98e44f3bbd881d8e837f60da","name":"Laura Tussi","description":"Docente, giornalista e ricercatrice, si occupa di pedagogia nonviolenta e interculturale. Ha conseguito cinque lauree specialistiche in formazione degli adulti e consulenza pedagogica nell'ambito delle scienze della formazione e dell'educazione.","url":"https:\/\/www.pressenza.com\/it\/author\/laura-tussi\/"}]}},"place":"","original_article_url":"","_links":{"self":[{"href":"https:\/\/www.pressenza.com\/it\/wp-json\/wp\/v2\/posts\/1602096","targetHints":{"allow":["GET"]}}],"collection":[{"href":"https:\/\/www.pressenza.com\/it\/wp-json\/wp\/v2\/posts"}],"about":[{"href":"https:\/\/www.pressenza.com\/it\/wp-json\/wp\/v2\/types\/post"}],"author":[{"embeddable":true,"href":"https:\/\/www.pressenza.com\/it\/wp-json\/wp\/v2\/users\/535"}],"replies":[{"embeddable":true,"href":"https:\/\/www.pressenza.com\/it\/wp-json\/wp\/v2\/comments?post=1602096"}],"version-history":[{"count":0,"href":"https:\/\/www.pressenza.com\/it\/wp-json\/wp\/v2\/posts\/1602096\/revisions"}],"wp:featuredmedia":[{"embeddable":true,"href":"https:\/\/www.pressenza.com\/it\/wp-json\/wp\/v2\/media\/564781"}],"wp:attachment":[{"href":"https:\/\/www.pressenza.com\/it\/wp-json\/wp\/v2\/media?parent=1602096"}],"wp:term":[{"taxonomy":"category","embeddable":true,"href":"https:\/\/www.pressenza.com\/it\/wp-json\/wp\/v2\/categories?post=1602096"},{"taxonomy":"post_tag","embeddable":true,"href":"https:\/\/www.pressenza.com\/it\/wp-json\/wp\/v2\/tags?post=1602096"}],"curies":[{"name":"wp","href":"https:\/\/api.w.org\/{rel}","templated":true}]}}